{"id":86,"date":"2025-09-16T19:12:44","date_gmt":"2025-09-16T19:12:44","guid":{"rendered":"https:\/\/educatespilar.com\/?p=86"},"modified":"2025-11-04T17:57:01","modified_gmt":"2025-11-04T17:57:01","slug":"docentes-que-marcan-la-diferencia-en-contextos-adversos","status":"publish","type":"post","link":"https:\/\/educatespilar.com\/es\/docentes-que-marcan-la-diferencia-en-contextos-adversos\/","title":{"rendered":"Docentes que marcan la diferencia en contextos adversos"},"content":{"rendered":"<p><span style=\"font-weight: 400;\">Los profesionales que d\u00eda a d\u00eda se paran frente al aula a pesar de las adversidades, son adem\u00e1s los grandes referentes tambi\u00e9n fuera del \u00e1mbito escolar.\u00a0<\/span><\/p>\n<p><img data-recalc-dims=\"1\" decoding=\"async\" loading=\"lazy\" class=\"alignnone size-medium wp-image-87\" src=\"https:\/\/i0.wp.com\/educatespilar.com\/wp-content\/uploads\/2025\/09\/front-view-woman-comparing-maps.jpg?resize=300%2C200&#038;ssl=1\" alt=\"\" width=\"300\" height=\"200\" srcset=\"https:\/\/i0.wp.com\/educatespilar.com\/wp-content\/uploads\/2025\/09\/front-view-woman-comparing-maps-scaled.jpg?resize=300%2C200&amp;ssl=1 300w, https:\/\/i0.wp.com\/educatespilar.com\/wp-content\/uploads\/2025\/09\/front-view-woman-comparing-maps-scaled.jpg?resize=1024%2C684&amp;ssl=1 1024w, https:\/\/i0.wp.com\/educatespilar.com\/wp-content\/uploads\/2025\/09\/front-view-woman-comparing-maps-scaled.jpg?resize=768%2C513&amp;ssl=1 768w, https:\/\/i0.wp.com\/educatespilar.com\/wp-content\/uploads\/2025\/09\/front-view-woman-comparing-maps-scaled.jpg?resize=1536%2C1025&amp;ssl=1 1536w, https:\/\/i0.wp.com\/educatespilar.com\/wp-content\/uploads\/2025\/09\/front-view-woman-comparing-maps-scaled.jpg?resize=2048%2C1367&amp;ssl=1 2048w\" sizes=\"auto, (max-width: 300px) 100vw, 300px\" \/><\/p>\n<p><span style=\"font-weight: 400;\">En los lugares donde la<\/span><b> pobreza, la violencia o el aislamiento<\/b><span style=\"font-weight: 400;\"> geogr\u00e1ficos son parte de lo cotidiano, hay personas que con la educaci\u00f3n como herramienta protagonista\u00a0 puede transformar vidas. Son docentes que, m\u00e1s all\u00e1 de las carencias materiales o las pol\u00edticas educativas inestables, eligen marcar una gran diferencia en la vida de las personas.\u00a0<\/span><\/p>\n<p><span style=\"font-weight: 400;\">Detr\u00e1s de cada <\/span><b>historia de superaci\u00f3n, <\/b><span style=\"font-weight: 400;\">suele estar la figura de un maestro o una maestra que brind\u00f3 apoyo y fue una persona como gu\u00eda, apostando por el potencial de sus estudiantes.\u00a0<\/span><\/p>\n<p><span style=\"font-weight: 400;\">En<\/span><b> comunidades rurales<\/b><span style=\"font-weight: 400;\"> donde llegar a la escuela requiere recorrer kil\u00f3metros a pie o cruzar r\u00edos sin puentes, en barrios urbanos atravesados por el desempleo y la violencia, o en aulas improvisadas en centros comunitarios, estos educadores se convierten en referentes y gu\u00edas.\u00a0<\/span><\/p>\n<h2><b>Ense\u00f1ar, la herramienta del cambio<\/b><\/h2>\n<p><span style=\"font-weight: 400;\">El <\/span><b>trabajo docente<\/b><span style=\"font-weight: 400;\"> en escenarios con vulnerabilidades no solo implica ense\u00f1ar contenidos de un programa acad\u00e9mico, sino tambi\u00e9n construye v\u00ednculos, contiene emocionalmente y, muchas veces, brinda recursos que faltan: comida, abrigo o escucha.\u00a0<\/span><\/p>\n<p><span style=\"font-weight: 400;\">Seg\u00fan\u00a0 la <\/span><b>UNESCO, <\/b><span style=\"font-weight: 400;\">en Am\u00e9rica Latina millones de ni\u00f1os y ni\u00f1as asisten a escuelas donde no se garantiza ni siquiera el acceso regular a electricidad, agua potable o materiales did\u00e1cticos b\u00e1sicos.<\/span><\/p>\n<p><span style=\"font-weight: 400;\">Sin embargo, pese a esas condiciones, hay <\/span><b>experiencias pedag\u00f3gicas <\/b><span style=\"font-weight: 400;\">que se destacan por el gran cambio de vida que brindan. Un ejemplo es el de la escuela primaria rural N\u00b028 de la provincia de Salta, en Argentina, donde la maestra Sonia Llanos se convirti\u00f3 en una figura clave para la comunidad wich\u00ed.\u00a0<\/span><\/p>\n<p><span style=\"font-weight: 400;\">No solo ense\u00f1a en espa\u00f1ol y en lengua originaria, sino que tambi\u00e9n gestiona donaciones, impulsa huertas escolares y acompa\u00f1a a las familias en tr\u00e1mites de salud y documentaci\u00f3n. Historias as\u00ed se replican en <\/span><b>diversas partes del mundo.\u00a0<\/b><\/p>\n<p><span style=\"font-weight: 400;\">Lo cierto es que el desarrollo profesional docente en escenarios vulnerables es una herramienta clave para <\/span><b>garantizar una educaci\u00f3n de calidad. <\/b><span style=\"font-weight: 400;\">Programas como Comunidades de Aprendizaje o el Programa Nacional de Formaci\u00f3n Situada en Argentina impulsan trabajar en las capacidades pedag\u00f3gicas de maestros y maestras que trabajan en este tipo de zonas, combinando conocimientos acad\u00e9micos con estrategias de intervenci\u00f3n comunitaria.<\/span><\/p>\n<p><span style=\"font-weight: 400;\">En muchos de estos casos, los docentes no solo se capacitan en nuevas metodolog\u00edas pata potenciar su rol dentro y fuera del aula, sino que tambi\u00e9n encuentran un espacio para compartir experiencias y generar redes de contenci\u00f3n entre colegas.\u00a0<\/span><\/p>\n<p><img data-recalc-dims=\"1\" decoding=\"async\" loading=\"lazy\" class=\"alignnone size-medium wp-image-88\" src=\"https:\/\/i0.wp.com\/educatespilar.com\/wp-content\/uploads\/2025\/09\/boy-s-hands-holding-backpack.jpg?resize=300%2C200&#038;ssl=1\" alt=\"\" width=\"300\" height=\"200\" srcset=\"https:\/\/i0.wp.com\/educatespilar.com\/wp-content\/uploads\/2025\/09\/boy-s-hands-holding-backpack-scaled.jpg?resize=300%2C200&amp;ssl=1 300w, https:\/\/i0.wp.com\/educatespilar.com\/wp-content\/uploads\/2025\/09\/boy-s-hands-holding-backpack-scaled.jpg?resize=1024%2C683&amp;ssl=1 1024w, https:\/\/i0.wp.com\/educatespilar.com\/wp-content\/uploads\/2025\/09\/boy-s-hands-holding-backpack-scaled.jpg?resize=768%2C512&amp;ssl=1 768w, https:\/\/i0.wp.com\/educatespilar.com\/wp-content\/uploads\/2025\/09\/boy-s-hands-holding-backpack-scaled.jpg?resize=1536%2C1024&amp;ssl=1 1536w, https:\/\/i0.wp.com\/educatespilar.com\/wp-content\/uploads\/2025\/09\/boy-s-hands-holding-backpack-scaled.jpg?resize=2048%2C1365&amp;ssl=1 2048w\" sizes=\"auto, (max-width: 300px) 100vw, 300px\" \/><\/p>\n<p><span style=\"font-weight: 400;\">Diversos estudios indican que contar con la presencia de al menos un adulto significativo en la vida de ni\u00f1os y ni\u00f1as puede cambiar <\/span><b>dr\u00e1sticamente sus trayectorias, elecciones y camino educativo<\/b><span style=\"font-weight: 400;\">. En escenarios de exclusi\u00f3n social, los docentes, muchas veces, son esa figura de referencia.<\/span><\/p>\n<p><span style=\"font-weight: 400;\">Pero al hablar de este eje fundamental, es importante destacar los docentes que trabajan en zonas cr\u00edticas suelen enfrentar condiciones laborales precarias, salarios bajos, falta de reconocimiento y <\/span><b>sobrecarga emocional,<\/b><span style=\"font-weight: 400;\"> y para sostener su tarea en el tiempo, es indispensable que las pol\u00edticas p\u00fablicas educativas los reconozcan como actores importantes y les den el apoyo que corresponde.\u00a0<\/span><\/p>\n<p><span style=\"font-weight: 400;\">Desde<\/span><b> incentivos econ\u00f3micos<\/b><span style=\"font-weight: 400;\"> diferenciados hasta espacios de formaci\u00f3n espec\u00edfica, redes de acompa\u00f1amiento profesional y mejoras en la infraestructura escolar, son cuestiones necesarias que no deben faltar.\u00a0<\/span><\/p>\n<p><span style=\"font-weight: 400;\">Adem\u00e1s, muchas <\/span><b>organizaciones sociales <\/b><span style=\"font-weight: 400;\">colaboran con escuelas en contextos vulnerables, creando alianzas que potencian los recursos disponibles, por ello tambi\u00e9n su trabajo debe ser tomando en cuenta debido al gran trabajo que hacen, sobre todo en aquellos lugares donde el Estado no llega.\u00a0<\/span><\/p>\n<p><span style=\"font-weight: 400;\">Pero m\u00e1s all\u00e1 de los<\/span><b> proyectos y programas<\/b><span style=\"font-weight: 400;\">, lo que atraviesa todas estas historias es una vocaci\u00f3n profunda que se transforma, muchas veces, en una forma de vida cotidiana. No se trata de docentes superpoderosos pero si de profesionales comprometidos con su labor y reconociendo su impacto, siendo que entienden a la educaci\u00f3n como un derecho y no como un privilegio.<\/span><\/p>\n<p><span style=\"font-weight: 400;\">En sus aulas, aunque muchas veces falten recursos, cada d\u00eda es una nueva oportunidad y dan una visi\u00f3n de <\/span><b>vida con\u00a0 esperanza,<\/b><span style=\"font-weight: 400;\"> para aquellos que viven un presente con diversas complicaciones.<\/span><\/p>\n<p><span style=\"font-weight: 400;\">All\u00ed, la esperanza se traduce a entender que aprender es posible, aunque todo pareciera estar en contra. Y de que un <\/span><b>maestro o una maestra<\/b><span style=\"font-weight: 400;\"> pueden ser, para muchos chicos y chicas, la primera mano tendida hacia un futuro mejor.<\/span><\/p>\n<p><span style=\"font-weight: 400;\">Cuando se habla de construir un <\/span><b>futuro equitativo<\/b><span style=\"font-weight: 400;\"> desde la educaci\u00f3n, es imposible no mirar a quienes est\u00e1n ah\u00ed, d\u00eda tras d\u00eda frente a todos. Los que miran m\u00e1s all\u00e1 de los desaf\u00edos y buscar seguir sosteniendo el aula como espacio de dignidad.\u00a0<\/span><\/p>\n<p><span style=\"font-weight: 400;\">Los<\/span><b> docentes <\/b><span style=\"font-weight: 400;\">que marcan la diferencia en escenarios complicados no son solo transmisores de saberes, sino que son verdaderos la figura desde donde se visualizan la posibilidad de contar con oportunidades, que un futuro mejor es posible.\u00a0<\/span><\/p>\n<p>&nbsp;<\/p>\n","protected":false},"excerpt":{"rendered":"<p>Los profesionales que d\u00eda a d\u00eda se paran frente al aula a pesar de las adversidades, son adem\u00e1s los grandes referentes tambi\u00e9n fuera del \u00e1mbito escolar.\u00a0 En los lugares donde la pobreza, la violencia o el aislamiento geogr\u00e1ficos son parte de lo cotidiano, hay personas que con la educaci\u00f3n como herramienta protagonista\u00a0 puede transformar vidas. [&hellip;]<\/p>\n","protected":false},"author":2,"featured_media":87,"comment_status":"closed","ping_status":"closed","sticky":false,"template":"","format":"standard","meta":{"nf_dc_page":"","_jetpack_memberships_contains_paid_content":false,"footnotes":""},"categories":[9],"tags":[27],"class_list":["post-86","post","type-post","status-publish","format-standard","has-post-thumbnail","hentry","category-educacion","tag-docentes"],"yoast_head":"<!-- This site is optimized with the Yoast SEO plugin v27.4 - https:\/\/yoast.com\/product\/yoast-seo-wordpress\/ -->\n<title>Docentes que marcan la diferencia en contextos adversos - EducatesPilar.com<\/title>\n<meta name=\"robots\" content=\"index, follow, max-snippet:-1, max-image-preview:large, max-video-preview:-1\" \/>\n<link rel=\"canonical\" href=\"https:\/\/educatespilar.com\/es\/docentes-que-marcan-la-diferencia-en-contextos-adversos\/\" \/>\n<meta property=\"og:locale\" content=\"es_ES\" \/>\n<meta property=\"og:type\" content=\"article\" \/>\n<meta property=\"og:title\" content=\"Docentes que marcan la diferencia en contextos adversos - EducatesPilar.com\" \/>\n<meta property=\"og:description\" content=\"Los profesionales que d\u00eda a d\u00eda se paran frente al aula a pesar de las adversidades, son adem\u00e1s los grandes referentes tambi\u00e9n fuera del \u00e1mbito escolar.\u00a0 En los lugares donde la pobreza, la violencia o el aislamiento geogr\u00e1ficos son parte de lo cotidiano, hay personas que con la educaci\u00f3n como herramienta protagonista\u00a0 puede transformar vidas. [&hellip;]\" \/>\n<meta property=\"og:url\" content=\"https:\/\/educatespilar.com\/es\/docentes-que-marcan-la-diferencia-en-contextos-adversos\/\" \/>\n<meta property=\"og:site_name\" content=\"EducatesPilar.com\" \/>\n<meta property=\"article:published_time\" content=\"2025-09-16T19:12:44+00:00\" \/>\n<meta property=\"article:modified_time\" content=\"2025-11-04T17:57:01+00:00\" \/>\n<meta property=\"og:image\" content=\"https:\/\/educatespilar.com\/wp-content\/uploads\/2025\/09\/front-view-woman-comparing-maps-scaled.jpg\" \/>\n\t<meta property=\"og:image:width\" content=\"2560\" \/>\n\t<meta property=\"og:image:height\" content=\"1709\" \/>\n\t<meta property=\"og:image:type\" content=\"image\/jpeg\" \/>\n<meta name=\"author\" content=\"educates\" \/>\n<meta name=\"twitter:card\" content=\"summary_large_image\" \/>\n<meta name=\"twitter:label1\" content=\"Escrito por\" \/>\n\t<meta name=\"twitter:data1\" content=\"educates\" \/>\n\t<meta name=\"twitter:label2\" content=\"Tiempo de lectura\" \/>\n\t<meta name=\"twitter:data2\" content=\"4 minutos\" \/>\n<script type=\"application\/ld+json\" class=\"yoast-schema-graph\">{\"@context\":\"https:\\\/\\\/schema.org\",\"@graph\":[{\"@type\":\"Article\",\"@id\":\"https:\\\/\\\/educatespilar.com\\\/docentes-que-marcan-la-diferencia-en-contextos-adversos\\\/#article\",\"isPartOf\":{\"@id\":\"https:\\\/\\\/educatespilar.com\\\/docentes-que-marcan-la-diferencia-en-contextos-adversos\\\/\"},\"author\":{\"name\":\"educates\",\"@id\":\"https:\\\/\\\/tzs.pgq.temporary.site\\\/website_c18d3ae6\\\/#\\\/schema\\\/person\\\/655446504db2a404e6921d90ab7c0a0f\"},\"headline\":\"Docentes que marcan la diferencia en contextos adversos\",\"datePublished\":\"2025-09-16T19:12:44+00:00\",\"dateModified\":\"2025-11-04T17:57:01+00:00\",\"mainEntityOfPage\":{\"@id\":\"https:\\\/\\\/educatespilar.com\\\/docentes-que-marcan-la-diferencia-en-contextos-adversos\\\/\"},\"wordCount\":867,\"image\":{\"@id\":\"https:\\\/\\\/educatespilar.com\\\/docentes-que-marcan-la-diferencia-en-contextos-adversos\\\/#primaryimage\"},\"thumbnailUrl\":\"https:\\\/\\\/i0.wp.com\\\/educatespilar.com\\\/wp-content\\\/uploads\\\/2025\\\/09\\\/front-view-woman-comparing-maps-scaled.jpg?fit=2560%2C1709&ssl=1\",\"keywords\":[\"docentes\"],\"articleSection\":[\"Educaci\u00f3n\"],\"inLanguage\":\"es-AR\"},{\"@type\":\"WebPage\",\"@id\":\"https:\\\/\\\/educatespilar.com\\\/docentes-que-marcan-la-diferencia-en-contextos-adversos\\\/\",\"url\":\"https:\\\/\\\/educatespilar.com\\\/docentes-que-marcan-la-diferencia-en-contextos-adversos\\\/\",\"name\":\"Docentes que marcan la diferencia en contextos adversos - EducatesPilar.com\",\"isPartOf\":{\"@id\":\"https:\\\/\\\/tzs.pgq.temporary.site\\\/website_c18d3ae6\\\/#website\"},\"primaryImageOfPage\":{\"@id\":\"https:\\\/\\\/educatespilar.com\\\/docentes-que-marcan-la-diferencia-en-contextos-adversos\\\/#primaryimage\"},\"image\":{\"@id\":\"https:\\\/\\\/educatespilar.com\\\/docentes-que-marcan-la-diferencia-en-contextos-adversos\\\/#primaryimage\"},\"thumbnailUrl\":\"https:\\\/\\\/i0.wp.com\\\/educatespilar.com\\\/wp-content\\\/uploads\\\/2025\\\/09\\\/front-view-woman-comparing-maps-scaled.jpg?fit=2560%2C1709&ssl=1\",\"datePublished\":\"2025-09-16T19:12:44+00:00\",\"dateModified\":\"2025-11-04T17:57:01+00:00\",\"author\":{\"@id\":\"https:\\\/\\\/tzs.pgq.temporary.site\\\/website_c18d3ae6\\\/#\\\/schema\\\/person\\\/655446504db2a404e6921d90ab7c0a0f\"},\"breadcrumb\":{\"@id\":\"https:\\\/\\\/educatespilar.com\\\/docentes-que-marcan-la-diferencia-en-contextos-adversos\\\/#breadcrumb\"},\"inLanguage\":\"es-AR\",\"potentialAction\":[{\"@type\":\"ReadAction\",\"target\":[\"https:\\\/\\\/educatespilar.com\\\/docentes-que-marcan-la-diferencia-en-contextos-adversos\\\/\"]}]},{\"@type\":\"ImageObject\",\"inLanguage\":\"es-AR\",\"@id\":\"https:\\\/\\\/educatespilar.com\\\/docentes-que-marcan-la-diferencia-en-contextos-adversos\\\/#primaryimage\",\"url\":\"https:\\\/\\\/i0.wp.com\\\/educatespilar.com\\\/wp-content\\\/uploads\\\/2025\\\/09\\\/front-view-woman-comparing-maps-scaled.jpg?fit=2560%2C1709&ssl=1\",\"contentUrl\":\"https:\\\/\\\/i0.wp.com\\\/educatespilar.com\\\/wp-content\\\/uploads\\\/2025\\\/09\\\/front-view-woman-comparing-maps-scaled.jpg?fit=2560%2C1709&ssl=1\",\"width\":2560,\"height\":1709},{\"@type\":\"BreadcrumbList\",\"@id\":\"https:\\\/\\\/educatespilar.com\\\/docentes-que-marcan-la-diferencia-en-contextos-adversos\\\/#breadcrumb\",\"itemListElement\":[{\"@type\":\"ListItem\",\"position\":1,\"name\":\"Home\",\"item\":\"https:\\\/\\\/educatespilar.com\\\/\"},{\"@type\":\"ListItem\",\"position\":2,\"name\":\"Docentes que marcan la diferencia en contextos adversos\"}]},{\"@type\":\"WebSite\",\"@id\":\"https:\\\/\\\/tzs.pgq.temporary.site\\\/website_c18d3ae6\\\/#website\",\"url\":\"https:\\\/\\\/tzs.pgq.temporary.site\\\/website_c18d3ae6\\\/\",\"name\":\"EducatesPilar.com\",\"description\":\"\",\"potentialAction\":[{\"@type\":\"SearchAction\",\"target\":{\"@type\":\"EntryPoint\",\"urlTemplate\":\"https:\\\/\\\/tzs.pgq.temporary.site\\\/website_c18d3ae6\\\/?s={search_term_string}\"},\"query-input\":{\"@type\":\"PropertyValueSpecification\",\"valueRequired\":true,\"valueName\":\"search_term_string\"}}],\"inLanguage\":\"es-AR\"},{\"@type\":\"Person\",\"@id\":\"https:\\\/\\\/tzs.pgq.temporary.site\\\/website_c18d3ae6\\\/#\\\/schema\\\/person\\\/655446504db2a404e6921d90ab7c0a0f\",\"name\":\"educates\",\"image\":{\"@type\":\"ImageObject\",\"inLanguage\":\"es-AR\",\"@id\":\"https:\\\/\\\/secure.gravatar.com\\\/avatar\\\/f1e844324149cf607705bdc3821ac52f5613382cc275e3a009bc73539c52a819?s=96&d=mm&r=g\",\"url\":\"https:\\\/\\\/secure.gravatar.com\\\/avatar\\\/f1e844324149cf607705bdc3821ac52f5613382cc275e3a009bc73539c52a819?s=96&d=mm&r=g\",\"contentUrl\":\"https:\\\/\\\/secure.gravatar.com\\\/avatar\\\/f1e844324149cf607705bdc3821ac52f5613382cc275e3a009bc73539c52a819?s=96&d=mm&r=g\",\"caption\":\"educates\"},\"url\":\"https:\\\/\\\/educatespilar.com\\\/es\\\/author\\\/educates\\\/\"}]}<\/script>\n<!-- \/ Yoast SEO plugin. -->","yoast_head_json":{"title":"Docentes que marcan la diferencia en contextos adversos - EducatesPilar.com","robots":{"index":"index","follow":"follow","max-snippet":"max-snippet:-1","max-image-preview":"max-image-preview:large","max-video-preview":"max-video-preview:-1"},"canonical":"https:\/\/educatespilar.com\/es\/docentes-que-marcan-la-diferencia-en-contextos-adversos\/","og_locale":"es_ES","og_type":"article","og_title":"Docentes que marcan la diferencia en contextos adversos - EducatesPilar.com","og_description":"Los profesionales que d\u00eda a d\u00eda se paran frente al aula a pesar de las adversidades, son adem\u00e1s los grandes referentes tambi\u00e9n fuera del \u00e1mbito escolar.\u00a0 En los lugares donde la pobreza, la violencia o el aislamiento geogr\u00e1ficos son parte de lo cotidiano, hay personas que con la educaci\u00f3n como herramienta protagonista\u00a0 puede transformar vidas. [&hellip;]","og_url":"https:\/\/educatespilar.com\/es\/docentes-que-marcan-la-diferencia-en-contextos-adversos\/","og_site_name":"EducatesPilar.com","article_published_time":"2025-09-16T19:12:44+00:00","article_modified_time":"2025-11-04T17:57:01+00:00","og_image":[{"width":2560,"height":1709,"url":"https:\/\/educatespilar.com\/wp-content\/uploads\/2025\/09\/front-view-woman-comparing-maps-scaled.jpg","type":"image\/jpeg"}],"author":"educates","twitter_card":"summary_large_image","twitter_misc":{"Escrito por":"educates","Tiempo de lectura":"4 minutos"},"schema":{"@context":"https:\/\/schema.org","@graph":[{"@type":"Article","@id":"https:\/\/educatespilar.com\/docentes-que-marcan-la-diferencia-en-contextos-adversos\/#article","isPartOf":{"@id":"https:\/\/educatespilar.com\/docentes-que-marcan-la-diferencia-en-contextos-adversos\/"},"author":{"name":"educates","@id":"https:\/\/tzs.pgq.temporary.site\/website_c18d3ae6\/#\/schema\/person\/655446504db2a404e6921d90ab7c0a0f"},"headline":"Docentes que marcan la diferencia en contextos adversos","datePublished":"2025-09-16T19:12:44+00:00","dateModified":"2025-11-04T17:57:01+00:00","mainEntityOfPage":{"@id":"https:\/\/educatespilar.com\/docentes-que-marcan-la-diferencia-en-contextos-adversos\/"},"wordCount":867,"image":{"@id":"https:\/\/educatespilar.com\/docentes-que-marcan-la-diferencia-en-contextos-adversos\/#primaryimage"},"thumbnailUrl":"https:\/\/i0.wp.com\/educatespilar.com\/wp-content\/uploads\/2025\/09\/front-view-woman-comparing-maps-scaled.jpg?fit=2560%2C1709&ssl=1","keywords":["docentes"],"articleSection":["Educaci\u00f3n"],"inLanguage":"es-AR"},{"@type":"WebPage","@id":"https:\/\/educatespilar.com\/docentes-que-marcan-la-diferencia-en-contextos-adversos\/","url":"https:\/\/educatespilar.com\/docentes-que-marcan-la-diferencia-en-contextos-adversos\/","name":"Docentes que marcan la diferencia en contextos adversos - EducatesPilar.com","isPartOf":{"@id":"https:\/\/tzs.pgq.temporary.site\/website_c18d3ae6\/#website"},"primaryImageOfPage":{"@id":"https:\/\/educatespilar.com\/docentes-que-marcan-la-diferencia-en-contextos-adversos\/#primaryimage"},"image":{"@id":"https:\/\/educatespilar.com\/docentes-que-marcan-la-diferencia-en-contextos-adversos\/#primaryimage"},"thumbnailUrl":"https:\/\/i0.wp.com\/educatespilar.com\/wp-content\/uploads\/2025\/09\/front-view-woman-comparing-maps-scaled.jpg?fit=2560%2C1709&ssl=1","datePublished":"2025-09-16T19:12:44+00:00","dateModified":"2025-11-04T17:57:01+00:00","author":{"@id":"https:\/\/tzs.pgq.temporary.site\/website_c18d3ae6\/#\/schema\/person\/655446504db2a404e6921d90ab7c0a0f"},"breadcrumb":{"@id":"https:\/\/educatespilar.com\/docentes-que-marcan-la-diferencia-en-contextos-adversos\/#breadcrumb"},"inLanguage":"es-AR","potentialAction":[{"@type":"ReadAction","target":["https:\/\/educatespilar.com\/docentes-que-marcan-la-diferencia-en-contextos-adversos\/"]}]},{"@type":"ImageObject","inLanguage":"es-AR","@id":"https:\/\/educatespilar.com\/docentes-que-marcan-la-diferencia-en-contextos-adversos\/#primaryimage","url":"https:\/\/i0.wp.com\/educatespilar.com\/wp-content\/uploads\/2025\/09\/front-view-woman-comparing-maps-scaled.jpg?fit=2560%2C1709&ssl=1","contentUrl":"https:\/\/i0.wp.com\/educatespilar.com\/wp-content\/uploads\/2025\/09\/front-view-woman-comparing-maps-scaled.jpg?fit=2560%2C1709&ssl=1","width":2560,"height":1709},{"@type":"BreadcrumbList","@id":"https:\/\/educatespilar.com\/docentes-que-marcan-la-diferencia-en-contextos-adversos\/#breadcrumb","itemListElement":[{"@type":"ListItem","position":1,"name":"Home","item":"https:\/\/educatespilar.com\/"},{"@type":"ListItem","position":2,"name":"Docentes que marcan la diferencia en contextos adversos"}]},{"@type":"WebSite","@id":"https:\/\/tzs.pgq.temporary.site\/website_c18d3ae6\/#website","url":"https:\/\/tzs.pgq.temporary.site\/website_c18d3ae6\/","name":"EducatesPilar.com","description":"","potentialAction":[{"@type":"SearchAction","target":{"@type":"EntryPoint","urlTemplate":"https:\/\/tzs.pgq.temporary.site\/website_c18d3ae6\/?s={search_term_string}"},"query-input":{"@type":"PropertyValueSpecification","valueRequired":true,"valueName":"search_term_string"}}],"inLanguage":"es-AR"},{"@type":"Person","@id":"https:\/\/tzs.pgq.temporary.site\/website_c18d3ae6\/#\/schema\/person\/655446504db2a404e6921d90ab7c0a0f","name":"educates","image":{"@type":"ImageObject","inLanguage":"es-AR","@id":"https:\/\/secure.gravatar.com\/avatar\/f1e844324149cf607705bdc3821ac52f5613382cc275e3a009bc73539c52a819?s=96&d=mm&r=g","url":"https:\/\/secure.gravatar.com\/avatar\/f1e844324149cf607705bdc3821ac52f5613382cc275e3a009bc73539c52a819?s=96&d=mm&r=g","contentUrl":"https:\/\/secure.gravatar.com\/avatar\/f1e844324149cf607705bdc3821ac52f5613382cc275e3a009bc73539c52a819?s=96&d=mm&r=g","caption":"educates"},"url":"https:\/\/educatespilar.com\/es\/author\/educates\/"}]}},"jetpack_featured_media_url":"https:\/\/i0.wp.com\/educatespilar.com\/wp-content\/uploads\/2025\/09\/front-view-woman-comparing-maps-scaled.jpg?fit=2560%2C1709&ssl=1","jetpack_sharing_enabled":true,"_links":{"self":[{"href":"https:\/\/educatespilar.com\/es\/wp-json\/wp\/v2\/posts\/86","targetHints":{"allow":["GET"]}}],"collection":[{"href":"https:\/\/educatespilar.com\/es\/wp-json\/wp\/v2\/posts"}],"about":[{"href":"https:\/\/educatespilar.com\/es\/wp-json\/wp\/v2\/types\/post"}],"author":[{"embeddable":true,"href":"https:\/\/educatespilar.com\/es\/wp-json\/wp\/v2\/users\/2"}],"replies":[{"embeddable":true,"href":"https:\/\/educatespilar.com\/es\/wp-json\/wp\/v2\/comments?post=86"}],"version-history":[{"count":1,"href":"https:\/\/educatespilar.com\/es\/wp-json\/wp\/v2\/posts\/86\/revisions"}],"predecessor-version":[{"id":89,"href":"https:\/\/educatespilar.com\/es\/wp-json\/wp\/v2\/posts\/86\/revisions\/89"}],"wp:featuredmedia":[{"embeddable":true,"href":"https:\/\/educatespilar.com\/es\/wp-json\/wp\/v2\/media\/87"}],"wp:attachment":[{"href":"https:\/\/educatespilar.com\/es\/wp-json\/wp\/v2\/media?parent=86"}],"wp:term":[{"taxonomy":"category","embeddable":true,"href":"https:\/\/educatespilar.com\/es\/wp-json\/wp\/v2\/categories?post=86"},{"taxonomy":"post_tag","embeddable":true,"href":"https:\/\/educatespilar.com\/es\/wp-json\/wp\/v2\/tags?post=86"}],"curies":[{"name":"wp","href":"https:\/\/api.w.org\/{rel}","templated":true}]}}