{"id":767,"date":"2026-09-01T07:12:47","date_gmt":"2026-09-01T07:12:47","guid":{"rendered":"https:\/\/educatespilar.com\/?p=767"},"modified":"2026-09-01T15:14:00","modified_gmt":"2026-09-01T15:14:00","slug":"forma-didactica-de-desarrollo","status":"publish","type":"post","link":"https:\/\/educatespilar.com\/es\/forma-didactica-de-desarrollo\/","title":{"rendered":"\u00bfFORMA DIDACTICA &#8220;DE DESARROLLO&#8221;?"},"content":{"rendered":"<p><img data-recalc-dims=\"1\" decoding=\"async\" loading=\"lazy\" class=\"alignnone size-medium wp-image-768\" src=\"https:\/\/i0.wp.com\/educatespilar.com\/wp-content\/uploads\/2026\/09\/flat-lay-composition-with-innovation-elements-300x200.jpg?resize=300%2C200&#038;ssl=1\" alt=\"\" width=\"300\" height=\"200\" srcset=\"https:\/\/i0.wp.com\/educatespilar.com\/wp-content\/uploads\/2026\/09\/flat-lay-composition-with-innovation-elements-scaled.jpg?resize=300%2C200&amp;ssl=1 300w, https:\/\/i0.wp.com\/educatespilar.com\/wp-content\/uploads\/2026\/09\/flat-lay-composition-with-innovation-elements-scaled.jpg?resize=1024%2C683&amp;ssl=1 1024w, https:\/\/i0.wp.com\/educatespilar.com\/wp-content\/uploads\/2026\/09\/flat-lay-composition-with-innovation-elements-scaled.jpg?resize=768%2C512&amp;ssl=1 768w, https:\/\/i0.wp.com\/educatespilar.com\/wp-content\/uploads\/2026\/09\/flat-lay-composition-with-innovation-elements-scaled.jpg?resize=1536%2C1024&amp;ssl=1 1536w, https:\/\/i0.wp.com\/educatespilar.com\/wp-content\/uploads\/2026\/09\/flat-lay-composition-with-innovation-elements-scaled.jpg?resize=2048%2C1365&amp;ssl=1 2048w, https:\/\/i0.wp.com\/educatespilar.com\/wp-content\/uploads\/2026\/09\/flat-lay-composition-with-innovation-elements-scaled.jpg?resize=18%2C12&amp;ssl=1 18w, https:\/\/i0.wp.com\/educatespilar.com\/wp-content\/uploads\/2026\/09\/flat-lay-composition-with-innovation-elements-scaled.jpg?resize=600%2C400&amp;ssl=1 600w\" sizes=\"auto, (max-width: 300px) 100vw, 300px\" \/><\/p>\n<p><span style=\"font-weight: 400;\">A prop\u00f3sito de lo dicho, cabe a\u00fan una breve consideraci\u00f3n cr\u00edtica de la ense\u00f1anza de desarrollo <\/span><i><span style=\"font-weight: 400;\">(entwickelnder<\/span><\/i> <i><span style=\"font-weight: 400;\">Unterricht),<\/span><\/i><span style=\"font-weight: 400;\"> tantas veces mencionada en la historia de la did\u00e1ctica. A pesar de su carga hist\u00f3rica y su ambig\u00fcedad, no se puede negar, a\u00fan hoy, cierta raz\u00f3n de ser a esa forma de ense\u00f1ar. Todo depende de asignar al \u201cdesarrollo\u201d el lugar did\u00e1ctico que le corresponde y de rechazar todo lo que fuere m\u00e1s all\u00e1. La forma de desarrollo, en su sentido restringido y justo, est\u00e1 en su lugar cuando el objeto de ense\u00f1anza \u201cdebe surgir en el pensamiento del alumno\u201d, o sea cuando se trate de un problema de razonamiento. Sus caracter\u00edsticas son:<\/span><\/p>\n<ol>\n<li><span style=\"font-weight: 400;\">a) una r\u00edgida orientaci\u00f3n, determinada por la \u201cl\u00f3gica intr\u00ednseca\u201d del hecho tem\u00e1tico. (Ejemplo: en historia, aritm\u00e9tica, geometr\u00eda, etc.);<\/span><\/li>\n<li><span style=\"font-weight: 400;\">b) la consiguiente direcci\u00f3n <\/span><i><span style=\"font-weight: 400;\">y<\/span><\/i><span style=\"font-weight: 400;\"> planificaci\u00f3n claras de parte del maestro, teniendo en cuenta la l\u00f3gica inmanente del hecho tem\u00e1tico;<\/span><\/li>\n<li><span style=\"font-weight: 400;\">c) la limitaci\u00f3n a <\/span><i><span style=\"font-weight: 400;\">campos<\/span><\/i> <i><span style=\"font-weight: 400;\">racionales<\/span><\/i><span style=\"font-weight: 400;\"> de adquisici\u00f3n de saber.<\/span><\/li>\n<\/ol>\n<p><span style=\"font-weight: 400;\">En este sentido puede incluirse, por ejemplo, la forma did\u00e1ctica \u201csocr\u00e1tica\u201d. S\u00f3crates es el dirigente superior de la conversaci\u00f3n did\u00e1ctica. El disc\u00edpulo s\u00f3lo puede elegir entre aceptar \u00edntimamente los razonamientos o rechazarlos. Pero S\u00f3crates pone en evidencia las razones y la l\u00f3gica de las cosas en forma tan convincente, que el alumno acepta el juicio &#8220;desarrollado\u201d, asombr\u00e1ndose, junto con el maestro, de que no haya llegado \u00e9l mismo a desarrollarlo.<\/span><\/p>\n<p><span style=\"font-weight: 400;\">En las otras formas de conversaci\u00f3n did\u00e1ctica no vale siempre esa l\u00f3gica forzosa del desarrollo. La forma did\u00e1ctica adecuada a la realidad perceptible es la observaci\u00f3n. Y observar pueden tanto el maestro como los alumnos. Si el objeto de la ense\u00f1anza existe como representaci\u00f3n acabada, est\u00e1 indicada la forma explicativo interpretativa. Ambas cosas, razonar y explicar, pueden hacer nuevamente. Aunque con diferencias, el maestro y los alumnos. Lo mismo puede decirse en cuanto a la forma representativa. En todos estos modos de conversaci\u00f3n did\u00e1ctica, la estructuraci\u00f3n tem\u00e1tica de la materia de ense\u00f1anza exige la forma did\u00e1ctica que le corresponda; cuando el objeto de ense\u00f1anza est\u00e1 dado en un problema de razonamiento est\u00e1 indicada la forma de desarrollo, pero en ning\u00fan otro caso.<\/span><\/p>\n<h2><span style=\"font-weight: 400;\">LA PREGUNTA Y EL EST\u00cdMULO, FACTORES ESENCIALES DE LA CONVERSACI\u00d3N DID\u00c1CTICA<\/span><\/h2>\n<p><span style=\"font-weight: 400;\">En todas estas formas did\u00e1cticas dialogadas, y naturalmente tambi\u00e9n en la conversaci\u00f3n instructiva, de la cual a\u00fan hablaremos. la pregunta y el est\u00edmulo al razonamiento son los factores esenciales los \u201cmotores\u201d del decurso de la ense\u00f1anza. Claro est\u00e1 que no son \u201cformas did\u00e1cticas\u201d ya de por s\u00ed. Aceptando una sugerencia de Dolch 5, podr\u00eda hablarse m\u00e1s bien de \u201cgolpes did\u00e1cticos&#8221; (Lehrgriffe), es decir, de acciones did\u00e1cticas aisladas en el curso total de la ense\u00f1anza, pero que, por su aplicaci\u00f3n acentuada y preferida, imprimen su sello a las formas did\u00e1cticas (aunque \u00e9stas est\u00e1n determinadas, e cierto, por el contenido) a tal punto que se justifica hablar de una \u201cense\u00f1anza de preguntas o est\u00edmulos&#8221;<\/span><\/p>\n<h2><span style=\"font-weight: 400;\">La conversaci\u00f3n did\u00e1ctica<\/span><\/h2>\n<h3><span style=\"font-weight: 400;\">LA PREGUNTA DEL MAESTRO EN LA ENSE\u00d1ANZA<\/span><\/h3>\n<h4><span style=\"font-weight: 400;\">DID\u00c1CTICA Y T\u00c9CNICA INTERROGATIVA<\/span><\/h4>\n<p><span style=\"font-weight: 400;\">En la did\u00e1ctica tradicional, la pregunta y su atinada aplicaci\u00f3n en la ense\u00f1anza desempe\u00f1an un importante papel. El dominio dc una t\u00e9cnica interrogativa perfecta, casi puede hablarse de un \u201carte de preguntar\u201d, constituye una de las condiciones esenciales de la buena ense\u00f1anza. Por eso apenas si habr\u00e1 una did\u00e1ctica que no adjudique bastante espacio a la pregunta del maestro, investig\u00e1ndola a veces con la mayor sutileza, sistematiz\u00e1ndola y elev\u00e1ndola en parte trascendental del equipo pedag\u00f3gico, fiel a esta afirmaci\u00f3n de Diesterweg:<\/span><\/p>\n<p><span style=\"font-weight: 400;\">La forma did\u00e1ctica interrogativa es un arte en el cual el verdadero maestro Jam\u00e1s dejar\u00e1 de aprender, aunque alcance la edad de Matusal\u00e9n. Cuanto m\u00e1s concienzudo querr\u00e1 ser en su profesi\u00f3n, tanto m\u00e1s severas ser\u00e1n las exigencias que se har\u00e1 a s\u00ed mismo en cuanto al ejercicio del arte interrogativo&#8221;. La mayor\u00eda de los estudios se limitan a las exigencias de la correcci\u00f3n idiom\u00e1tica y l\u00f3gica de la pregunta del maestro. De manera alguna queremos pasar por alto esas exigencias, pero no obstante cabe prevenir contra la sobreestimaci\u00f3n de la mera t\u00e9cnica interrogativa. No valen, acaso, las exigencias de correcci\u00f3n idiom\u00e1tica y l\u00f3gica, con el mismo derecho, para todo el lenguaje did\u00e1ctico, \u00bfdel cual la pregunta del maestro no es m\u00e1s que una peque\u00f1a parte? Si alguien ha dicho que quien domine el arte del bien preguntar, posee \u201cla adecuada digitaci\u00f3n de la met\u00f3dica\u201d, esto nos parece, por lo menos, una exageraci\u00f3n y sobreestimaci\u00f3n de una t\u00e9cnica exterior que muy poco dice con respecto al valor intr\u00ednseco, a la bondad y el contenido de la ense\u00f1anza en s\u00ed. Por supuesto que la pregunta del maestro tiene que ser idiom\u00e1tica y l\u00f3gicamente correcta, ya que en la labor escolar todo ha de ser lo m\u00e1s ejemplar y \u201ccorrecto&#8221; posible. Una interrogaci\u00f3n idiom\u00e1ticamente incorrecta es y ser\u00e1 siempre un error, pero esos pecados veniales no nos parecen ser, de manera alguna, faltas cardinales si la ense\u00f1anza es viva y eficiente. Creemos que tambi\u00e9n en los encuentros humanos de la vida extraescolar hay bastantes formas interrogativas que en este sentido no siempre resistir\u00edan a un an\u00e1lisis cr\u00edtico. M\u00e1s esencial nos parece, por lo tanto, el problema de la <\/span><i><span style=\"font-weight: 400;\">posici\u00f3n<\/span><\/i><span style=\"font-weight: 400;\"> y <\/span><i><span style=\"font-weight: 400;\">funci\u00f3n<\/span><\/i> <i><span style=\"font-weight: 400;\">\u00edntimas<\/span><\/i><span style=\"font-weight: 400;\"> de la pregunta en el proceso formativo, lo \u201cproblem\u00e1tico&#8221; de la pregunta del maestro en s\u00ed. Es casi doloroso ver cu\u00e1n poco esfuerzo y esmero se dedican a la investigaci\u00f3n de la necesidad de preguntar en el ni\u00f1o, cu\u00e1n poco se considera, en general, la pregunta desde el punto de vista de la necesidad de preguntar y del af\u00e1n de saber, factores mucho m\u00e1s importantes que las caracter\u00edsticas exteriores de la correcci\u00f3n idiom\u00e1tica.<\/span><\/p>\n<p>&nbsp;<\/p>\n","protected":false},"excerpt":{"rendered":"<p>A prop\u00f3sito de lo dicho, cabe a\u00fan una breve consideraci\u00f3n cr\u00edtica de la ense\u00f1anza de desarrollo (entwickelnder Unterricht), tantas veces mencionada en la historia de la did\u00e1ctica. A pesar de su carga hist\u00f3rica y su ambig\u00fcedad, no se puede negar, a\u00fan hoy, cierta raz\u00f3n de ser a esa forma de ense\u00f1ar. Todo depende de asignar [&hellip;]<\/p>\n","protected":false},"author":2,"featured_media":768,"comment_status":"closed","ping_status":"closed","sticky":false,"template":"","format":"standard","meta":{"nf_dc_page":"","_jetpack_newsletter_access":"","_jetpack_dont_email_post_to_subs":false,"_jetpack_newsletter_tier_id":0,"_jetpack_memberships_contains_paywalled_content":false,"_jetpack_memberships_contains_paid_content":false,"footnotes":""},"categories":[9],"tags":[67,242],"class_list":["post-767","post","type-post","status-publish","format-standard","has-post-thumbnail","hentry","category-educacion","tag-desarrollo","tag-forma-didactica"],"yoast_head":"<!-- This site is optimized with the Yoast SEO plugin v28.3 - https:\/\/yoast.com\/product\/yoast-seo-wordpress\/ -->\n<title>\u00bfFORMA DIDACTICA &quot;DE DESARROLLO&quot;? - EducatesPilar.com<\/title>\n<meta name=\"robots\" content=\"index, follow, max-snippet:-1, max-image-preview:large, max-video-preview:-1\" \/>\n<link rel=\"canonical\" href=\"https:\/\/educatespilar.com\/es\/forma-didactica-de-desarrollo\/\" \/>\n<meta property=\"og:locale\" content=\"es_ES\" \/>\n<meta property=\"og:type\" content=\"article\" \/>\n<meta property=\"og:title\" content=\"\u00bfFORMA DIDACTICA &quot;DE DESARROLLO&quot;? - EducatesPilar.com\" \/>\n<meta property=\"og:description\" content=\"A prop\u00f3sito de lo dicho, cabe a\u00fan una breve consideraci\u00f3n cr\u00edtica de la ense\u00f1anza de desarrollo (entwickelnder Unterricht), tantas veces mencionada en la historia de la did\u00e1ctica. A pesar de su carga hist\u00f3rica y su ambig\u00fcedad, no se puede negar, a\u00fan hoy, cierta raz\u00f3n de ser a esa forma de ense\u00f1ar. Todo depende de asignar [&hellip;]\" \/>\n<meta property=\"og:url\" content=\"https:\/\/educatespilar.com\/es\/forma-didactica-de-desarrollo\/\" \/>\n<meta property=\"og:site_name\" content=\"EducatesPilar.com\" \/>\n<meta property=\"article:published_time\" content=\"2026-09-01T07:12:47+00:00\" \/>\n<meta property=\"article:modified_time\" content=\"2026-09-01T15:14:00+00:00\" \/>\n<meta property=\"og:image\" content=\"https:\/\/educatespilar.com\/wp-content\/uploads\/2026\/09\/flat-lay-composition-with-innovation-elements-scaled.jpg\" \/>\n\t<meta property=\"og:image:width\" content=\"2560\" \/>\n\t<meta property=\"og:image:height\" content=\"1707\" \/>\n\t<meta property=\"og:image:type\" content=\"image\/jpeg\" \/>\n<meta name=\"author\" content=\"educates\" \/>\n<meta name=\"twitter:card\" content=\"summary_large_image\" \/>\n<meta name=\"twitter:label1\" content=\"Escrito por\" \/>\n\t<meta name=\"twitter:data1\" content=\"educates\" \/>\n\t<meta name=\"twitter:label2\" content=\"Tiempo de lectura\" \/>\n\t<meta name=\"twitter:data2\" content=\"5 minutos\" \/>\n<script type=\"application\/ld+json\" class=\"yoast-schema-graph\">{\"@context\":\"https:\\\/\\\/schema.org\",\"@graph\":[{\"@type\":\"Article\",\"@id\":\"https:\\\/\\\/educatespilar.com\\\/forma-didactica-de-desarrollo\\\/#article\",\"isPartOf\":{\"@id\":\"https:\\\/\\\/educatespilar.com\\\/forma-didactica-de-desarrollo\\\/\"},\"author\":{\"name\":\"educates\",\"@id\":\"https:\\\/\\\/tzs.pgq.temporary.site\\\/website_c18d3ae6\\\/#\\\/schema\\\/person\\\/655446504db2a404e6921d90ab7c0a0f\"},\"headline\":\"\u00bfFORMA DIDACTICA &#8220;DE DESARROLLO&#8221;?\",\"datePublished\":\"2026-09-01T07:12:47+00:00\",\"dateModified\":\"2026-09-01T15:14:00+00:00\",\"mainEntityOfPage\":{\"@id\":\"https:\\\/\\\/educatespilar.com\\\/forma-didactica-de-desarrollo\\\/\"},\"wordCount\":1064,\"image\":{\"@id\":\"https:\\\/\\\/educatespilar.com\\\/forma-didactica-de-desarrollo\\\/#primaryimage\"},\"thumbnailUrl\":\"https:\\\/\\\/i0.wp.com\\\/educatespilar.com\\\/wp-content\\\/uploads\\\/2026\\\/09\\\/flat-lay-composition-with-innovation-elements-scaled.jpg?fit=2560%2C1707&ssl=1\",\"keywords\":[\"desarrollo\",\"FORMA DIDACTICA\"],\"articleSection\":[\"Educaci\u00f3n\"],\"inLanguage\":\"es-AR\"},{\"@type\":\"WebPage\",\"@id\":\"https:\\\/\\\/educatespilar.com\\\/forma-didactica-de-desarrollo\\\/\",\"url\":\"https:\\\/\\\/educatespilar.com\\\/forma-didactica-de-desarrollo\\\/\",\"name\":\"\u00bfFORMA DIDACTICA \\\"DE DESARROLLO\\\"? - EducatesPilar.com\",\"isPartOf\":{\"@id\":\"https:\\\/\\\/tzs.pgq.temporary.site\\\/website_c18d3ae6\\\/#website\"},\"primaryImageOfPage\":{\"@id\":\"https:\\\/\\\/educatespilar.com\\\/forma-didactica-de-desarrollo\\\/#primaryimage\"},\"image\":{\"@id\":\"https:\\\/\\\/educatespilar.com\\\/forma-didactica-de-desarrollo\\\/#primaryimage\"},\"thumbnailUrl\":\"https:\\\/\\\/i0.wp.com\\\/educatespilar.com\\\/wp-content\\\/uploads\\\/2026\\\/09\\\/flat-lay-composition-with-innovation-elements-scaled.jpg?fit=2560%2C1707&ssl=1\",\"datePublished\":\"2026-09-01T07:12:47+00:00\",\"dateModified\":\"2026-09-01T15:14:00+00:00\",\"author\":{\"@id\":\"https:\\\/\\\/tzs.pgq.temporary.site\\\/website_c18d3ae6\\\/#\\\/schema\\\/person\\\/655446504db2a404e6921d90ab7c0a0f\"},\"breadcrumb\":{\"@id\":\"https:\\\/\\\/educatespilar.com\\\/forma-didactica-de-desarrollo\\\/#breadcrumb\"},\"inLanguage\":\"es-AR\",\"potentialAction\":[{\"@type\":\"ReadAction\",\"target\":[\"https:\\\/\\\/educatespilar.com\\\/forma-didactica-de-desarrollo\\\/\"]}]},{\"@type\":\"ImageObject\",\"inLanguage\":\"es-AR\",\"@id\":\"https:\\\/\\\/educatespilar.com\\\/forma-didactica-de-desarrollo\\\/#primaryimage\",\"url\":\"https:\\\/\\\/i0.wp.com\\\/educatespilar.com\\\/wp-content\\\/uploads\\\/2026\\\/09\\\/flat-lay-composition-with-innovation-elements-scaled.jpg?fit=2560%2C1707&ssl=1\",\"contentUrl\":\"https:\\\/\\\/i0.wp.com\\\/educatespilar.com\\\/wp-content\\\/uploads\\\/2026\\\/09\\\/flat-lay-composition-with-innovation-elements-scaled.jpg?fit=2560%2C1707&ssl=1\",\"width\":2560,\"height\":1707},{\"@type\":\"BreadcrumbList\",\"@id\":\"https:\\\/\\\/educatespilar.com\\\/forma-didactica-de-desarrollo\\\/#breadcrumb\",\"itemListElement\":[{\"@type\":\"ListItem\",\"position\":1,\"name\":\"Home\",\"item\":\"https:\\\/\\\/educatespilar.com\\\/\"},{\"@type\":\"ListItem\",\"position\":2,\"name\":\"\u00bfFORMA DIDACTICA &#8220;DE DESARROLLO&#8221;?\"}]},{\"@type\":\"WebSite\",\"@id\":\"https:\\\/\\\/tzs.pgq.temporary.site\\\/website_c18d3ae6\\\/#website\",\"url\":\"https:\\\/\\\/tzs.pgq.temporary.site\\\/website_c18d3ae6\\\/\",\"name\":\"EducatesPilar.com\",\"description\":\"\",\"potentialAction\":[{\"@type\":\"SearchAction\",\"target\":{\"@type\":\"EntryPoint\",\"urlTemplate\":\"https:\\\/\\\/tzs.pgq.temporary.site\\\/website_c18d3ae6\\\/?s={search_term_string}\"},\"query-input\":{\"@type\":\"PropertyValueSpecification\",\"valueRequired\":true,\"valueName\":\"search_term_string\"}}],\"inLanguage\":\"es-AR\"},{\"@type\":\"Person\",\"@id\":\"https:\\\/\\\/tzs.pgq.temporary.site\\\/website_c18d3ae6\\\/#\\\/schema\\\/person\\\/655446504db2a404e6921d90ab7c0a0f\",\"name\":\"educates\",\"image\":{\"@type\":\"ImageObject\",\"inLanguage\":\"es-AR\",\"@id\":\"https:\\\/\\\/secure.gravatar.com\\\/avatar\\\/f1e844324149cf607705bdc3821ac52f5613382cc275e3a009bc73539c52a819?s=96&d=mm&r=g\",\"url\":\"https:\\\/\\\/secure.gravatar.com\\\/avatar\\\/f1e844324149cf607705bdc3821ac52f5613382cc275e3a009bc73539c52a819?s=96&d=mm&r=g\",\"contentUrl\":\"https:\\\/\\\/secure.gravatar.com\\\/avatar\\\/f1e844324149cf607705bdc3821ac52f5613382cc275e3a009bc73539c52a819?s=96&d=mm&r=g\",\"caption\":\"educates\"},\"url\":\"https:\\\/\\\/educatespilar.com\\\/es\\\/author\\\/educates\\\/\"}]}<\/script>\n<!-- \/ Yoast SEO plugin. -->","yoast_head_json":{"title":"\u00bfFORMA DIDACTICA \"DE DESARROLLO\"? - EducatesPilar.com","robots":{"index":"index","follow":"follow","max-snippet":"max-snippet:-1","max-image-preview":"max-image-preview:large","max-video-preview":"max-video-preview:-1"},"canonical":"https:\/\/educatespilar.com\/es\/forma-didactica-de-desarrollo\/","og_locale":"es_ES","og_type":"article","og_title":"\u00bfFORMA DIDACTICA \"DE DESARROLLO\"? - EducatesPilar.com","og_description":"A prop\u00f3sito de lo dicho, cabe a\u00fan una breve consideraci\u00f3n cr\u00edtica de la ense\u00f1anza de desarrollo (entwickelnder Unterricht), tantas veces mencionada en la historia de la did\u00e1ctica. A pesar de su carga hist\u00f3rica y su ambig\u00fcedad, no se puede negar, a\u00fan hoy, cierta raz\u00f3n de ser a esa forma de ense\u00f1ar. Todo depende de asignar [&hellip;]","og_url":"https:\/\/educatespilar.com\/es\/forma-didactica-de-desarrollo\/","og_site_name":"EducatesPilar.com","article_published_time":"2026-09-01T07:12:47+00:00","article_modified_time":"2026-09-01T15:14:00+00:00","og_image":[{"width":2560,"height":1707,"url":"https:\/\/educatespilar.com\/wp-content\/uploads\/2026\/09\/flat-lay-composition-with-innovation-elements-scaled.jpg","type":"image\/jpeg"}],"author":"educates","twitter_card":"summary_large_image","twitter_misc":{"Escrito por":"educates","Tiempo de lectura":"5 minutos"},"schema":{"@context":"https:\/\/schema.org","@graph":[{"@type":"Article","@id":"https:\/\/educatespilar.com\/forma-didactica-de-desarrollo\/#article","isPartOf":{"@id":"https:\/\/educatespilar.com\/forma-didactica-de-desarrollo\/"},"author":{"name":"educates","@id":"https:\/\/tzs.pgq.temporary.site\/website_c18d3ae6\/#\/schema\/person\/655446504db2a404e6921d90ab7c0a0f"},"headline":"\u00bfFORMA DIDACTICA &#8220;DE DESARROLLO&#8221;?","datePublished":"2026-09-01T07:12:47+00:00","dateModified":"2026-09-01T15:14:00+00:00","mainEntityOfPage":{"@id":"https:\/\/educatespilar.com\/forma-didactica-de-desarrollo\/"},"wordCount":1064,"image":{"@id":"https:\/\/educatespilar.com\/forma-didactica-de-desarrollo\/#primaryimage"},"thumbnailUrl":"https:\/\/i0.wp.com\/educatespilar.com\/wp-content\/uploads\/2026\/09\/flat-lay-composition-with-innovation-elements-scaled.jpg?fit=2560%2C1707&ssl=1","keywords":["desarrollo","FORMA DIDACTICA"],"articleSection":["Educaci\u00f3n"],"inLanguage":"es-AR"},{"@type":"WebPage","@id":"https:\/\/educatespilar.com\/forma-didactica-de-desarrollo\/","url":"https:\/\/educatespilar.com\/forma-didactica-de-desarrollo\/","name":"\u00bfFORMA DIDACTICA \"DE DESARROLLO\"? - EducatesPilar.com","isPartOf":{"@id":"https:\/\/tzs.pgq.temporary.site\/website_c18d3ae6\/#website"},"primaryImageOfPage":{"@id":"https:\/\/educatespilar.com\/forma-didactica-de-desarrollo\/#primaryimage"},"image":{"@id":"https:\/\/educatespilar.com\/forma-didactica-de-desarrollo\/#primaryimage"},"thumbnailUrl":"https:\/\/i0.wp.com\/educatespilar.com\/wp-content\/uploads\/2026\/09\/flat-lay-composition-with-innovation-elements-scaled.jpg?fit=2560%2C1707&ssl=1","datePublished":"2026-09-01T07:12:47+00:00","dateModified":"2026-09-01T15:14:00+00:00","author":{"@id":"https:\/\/tzs.pgq.temporary.site\/website_c18d3ae6\/#\/schema\/person\/655446504db2a404e6921d90ab7c0a0f"},"breadcrumb":{"@id":"https:\/\/educatespilar.com\/forma-didactica-de-desarrollo\/#breadcrumb"},"inLanguage":"es-AR","potentialAction":[{"@type":"ReadAction","target":["https:\/\/educatespilar.com\/forma-didactica-de-desarrollo\/"]}]},{"@type":"ImageObject","inLanguage":"es-AR","@id":"https:\/\/educatespilar.com\/forma-didactica-de-desarrollo\/#primaryimage","url":"https:\/\/i0.wp.com\/educatespilar.com\/wp-content\/uploads\/2026\/09\/flat-lay-composition-with-innovation-elements-scaled.jpg?fit=2560%2C1707&ssl=1","contentUrl":"https:\/\/i0.wp.com\/educatespilar.com\/wp-content\/uploads\/2026\/09\/flat-lay-composition-with-innovation-elements-scaled.jpg?fit=2560%2C1707&ssl=1","width":2560,"height":1707},{"@type":"BreadcrumbList","@id":"https:\/\/educatespilar.com\/forma-didactica-de-desarrollo\/#breadcrumb","itemListElement":[{"@type":"ListItem","position":1,"name":"Home","item":"https:\/\/educatespilar.com\/"},{"@type":"ListItem","position":2,"name":"\u00bfFORMA DIDACTICA &#8220;DE DESARROLLO&#8221;?"}]},{"@type":"WebSite","@id":"https:\/\/tzs.pgq.temporary.site\/website_c18d3ae6\/#website","url":"https:\/\/tzs.pgq.temporary.site\/website_c18d3ae6\/","name":"EducatesPilar.com","description":"","potentialAction":[{"@type":"SearchAction","target":{"@type":"EntryPoint","urlTemplate":"https:\/\/tzs.pgq.temporary.site\/website_c18d3ae6\/?s={search_term_string}"},"query-input":{"@type":"PropertyValueSpecification","valueRequired":true,"valueName":"search_term_string"}}],"inLanguage":"es-AR"},{"@type":"Person","@id":"https:\/\/tzs.pgq.temporary.site\/website_c18d3ae6\/#\/schema\/person\/655446504db2a404e6921d90ab7c0a0f","name":"educates","image":{"@type":"ImageObject","inLanguage":"es-AR","@id":"https:\/\/secure.gravatar.com\/avatar\/f1e844324149cf607705bdc3821ac52f5613382cc275e3a009bc73539c52a819?s=96&d=mm&r=g","url":"https:\/\/secure.gravatar.com\/avatar\/f1e844324149cf607705bdc3821ac52f5613382cc275e3a009bc73539c52a819?s=96&d=mm&r=g","contentUrl":"https:\/\/secure.gravatar.com\/avatar\/f1e844324149cf607705bdc3821ac52f5613382cc275e3a009bc73539c52a819?s=96&d=mm&r=g","caption":"educates"},"url":"https:\/\/educatespilar.com\/es\/author\/educates\/"}]}},"jetpack_sharing_enabled":true,"jetpack_featured_media_url":"https:\/\/i0.wp.com\/educatespilar.com\/wp-content\/uploads\/2026\/09\/flat-lay-composition-with-innovation-elements-scaled.jpg?fit=2560%2C1707&ssl=1","_links":{"self":[{"href":"https:\/\/educatespilar.com\/es\/wp-json\/wp\/v2\/posts\/767","targetHints":{"allow":["GET"]}}],"collection":[{"href":"https:\/\/educatespilar.com\/es\/wp-json\/wp\/v2\/posts"}],"about":[{"href":"https:\/\/educatespilar.com\/es\/wp-json\/wp\/v2\/types\/post"}],"author":[{"embeddable":true,"href":"https:\/\/educatespilar.com\/es\/wp-json\/wp\/v2\/users\/2"}],"replies":[{"embeddable":true,"href":"https:\/\/educatespilar.com\/es\/wp-json\/wp\/v2\/comments?post=767"}],"version-history":[{"count":1,"href":"https:\/\/educatespilar.com\/es\/wp-json\/wp\/v2\/posts\/767\/revisions"}],"predecessor-version":[{"id":769,"href":"https:\/\/educatespilar.com\/es\/wp-json\/wp\/v2\/posts\/767\/revisions\/769"}],"wp:featuredmedia":[{"embeddable":true,"href":"https:\/\/educatespilar.com\/es\/wp-json\/wp\/v2\/media\/768"}],"wp:attachment":[{"href":"https:\/\/educatespilar.com\/es\/wp-json\/wp\/v2\/media?parent=767"}],"wp:term":[{"taxonomy":"category","embeddable":true,"href":"https:\/\/educatespilar.com\/es\/wp-json\/wp\/v2\/categories?post=767"},{"taxonomy":"post_tag","embeddable":true,"href":"https:\/\/educatespilar.com\/es\/wp-json\/wp\/v2\/tags?post=767"}],"curies":[{"name":"wp","href":"https:\/\/api.w.org\/{rel}","templated":true}]}}