{"id":73,"date":"2025-09-11T16:42:31","date_gmt":"2025-09-11T16:42:31","guid":{"rendered":"https:\/\/educatespilar.com\/?p=73"},"modified":"2025-11-04T17:55:07","modified_gmt":"2025-11-04T17:55:07","slug":"formando-lideres-a-traves-del-acceso-al-conocimiento","status":"publish","type":"post","link":"https:\/\/educatespilar.com\/es\/formando-lideres-a-traves-del-acceso-al-conocimiento\/","title":{"rendered":"Formando l\u00edderes a trav\u00e9s del acceso al conocimiento"},"content":{"rendered":"<p><span style=\"font-weight: 400;\">El acceso al conocimiento desde las bases del territorio permite una din\u00e1mica distinta y necesaria para la comunidad. Un punteo del cambio que se atraviesa en la formaci\u00f3n de liderazgos.\u00a0<\/span><\/p>\n<p><img data-recalc-dims=\"1\" decoding=\"async\" loading=\"lazy\" class=\"alignnone size-medium wp-image-75\" src=\"https:\/\/i0.wp.com\/educatespilar.com\/wp-content\/uploads\/2025\/08\/young-student-using-computer-studying-online-education-online-learning-min.jpg?resize=300%2C200&#038;ssl=1\" alt=\"\" width=\"300\" height=\"200\" srcset=\"https:\/\/i0.wp.com\/educatespilar.com\/wp-content\/uploads\/2025\/08\/young-student-using-computer-studying-online-education-online-learning-min-scaled.jpg?resize=300%2C200&amp;ssl=1 300w, https:\/\/i0.wp.com\/educatespilar.com\/wp-content\/uploads\/2025\/08\/young-student-using-computer-studying-online-education-online-learning-min-scaled.jpg?resize=1024%2C683&amp;ssl=1 1024w, https:\/\/i0.wp.com\/educatespilar.com\/wp-content\/uploads\/2025\/08\/young-student-using-computer-studying-online-education-online-learning-min-scaled.jpg?resize=768%2C512&amp;ssl=1 768w, https:\/\/i0.wp.com\/educatespilar.com\/wp-content\/uploads\/2025\/08\/young-student-using-computer-studying-online-education-online-learning-min-scaled.jpg?resize=1536%2C1024&amp;ssl=1 1536w, https:\/\/i0.wp.com\/educatespilar.com\/wp-content\/uploads\/2025\/08\/young-student-using-computer-studying-online-education-online-learning-min-scaled.jpg?resize=2048%2C1365&amp;ssl=1 2048w\" sizes=\"auto, (max-width: 300px) 100vw, 300px\" \/><\/p>\n<p><span style=\"font-weight: 400;\">La necesidad de <\/span><b>contar l\u00edderes comprometidos, capacitados y con visi\u00f3n de futuro<\/b><span style=\"font-weight: 400;\"> es m\u00e1s imprescindible ante una realidad atravesada por diversas crisis que afecta a la sociedad, en diversas \u00e1reas. Por ello, la educaci\u00f3n, entendida como herramienta transformadora, es necesaria en el camino de formaci\u00f3n de esos l\u00edderes que trabajan en el territorio buscando soluci\u00f3n a las demandas.\u00a0<\/span><\/p>\n<p><span style=\"font-weight: 400;\">Es que garantizar el <\/span><b>acceso al conocimiento <\/b><span style=\"font-weight: 400;\">no solo abre puertas individuales, sino que es la herramienta construir comunidades m\u00e1s resilientes, econom\u00edas m\u00e1s inclusivas y sociedades m\u00e1s equitativas. Formar l\u00edderes a trav\u00e9s del acceso al conocimiento es democratizar el futuro para las pr\u00f3ximas generaciones que ven en esas personas que las oportunidades existen.<\/span><\/p>\n<h2><b>La educaci\u00f3n, el poder de una oportunidad<\/b><\/h2>\n<p><span style=\"font-weight: 400;\">Para miles de personas en escenarios de <\/span><b>vulnerabilidad,<\/b><span style=\"font-weight: 400;\"> una beca es mucho m\u00e1s que una ayuda econ\u00f3mica sino que se trata de la llave que abre las puertas de la educaci\u00f3n superior, la posibilidad de participar en programas de excelencia y, en muchos casos, el primer paso hacia el liderazgo.\u00a0<\/span><\/p>\n<p><span style=\"font-weight: 400;\">En zonas rurales, donde la<\/span><b> infraestructura educativa<\/b><span style=\"font-weight: 400;\"> suele ser limitada o nula y, por lo tanto, las oportunidades de formaci\u00f3n suelen ser dif\u00edciles de tener, el acceso al conocimiento es parte de un plan estrat\u00e9gico, para un futuro distinto.<\/span><\/p>\n<p><b>Escuelas rurales integrales<\/b><span style=\"font-weight: 400;\">, que combinan la ense\u00f1anza formal con el desarrollo de habilidades productivas y comunitarias, est\u00e1n impulsando una nueva generaci\u00f3n de l\u00edderes comprometidos con sus territorios, por ejemplo.<\/span><\/p>\n<p><span style=\"font-weight: 400;\">Escuelas que Transforman es un proyecto que se desarrolla en diversos puntos agr\u00edcolas de Am\u00e9rica Latina, pone en el <\/span><b>programa escolar formaci\u00f3n en agroecolog\u00eda<\/b><span style=\"font-weight: 400;\">, gesti\u00f3n de recursos y liderazgo comunitario. As\u00ed, estudiantes pueden adquirir conocimientos que los convierten en agentes de desarrollo local.<\/span><\/p>\n<p><b>Formar l\u00edderes <\/b><span style=\"font-weight: 400;\">en sus propios territorios no solo minimiza el \u00e9xodo rural, sino que tambi\u00e9n es una herramienta que fortalece la autonom\u00eda de las comunidades y promueve modelos de desarrollo sostenibles.<\/span><\/p>\n<p><span style=\"font-weight: 400;\">M\u00e1s all\u00e1 del \u00e1mbito escolar, los <\/span><b>programas de formaci\u00f3n profesional y t\u00e9cnica <\/b><span style=\"font-weight: 400;\">cumplen un rol clave en la generaci\u00f3n de liderazgos sectoriales. En sectores como la salud, la educaci\u00f3n, la tecnolog\u00eda o la econom\u00eda social, formar referentes con conocimientos actualizados y capacidad de gesti\u00f3n es una condici\u00f3n necesaria para impulsar pol\u00edticas p\u00fablicas efectivas.\u00a0<\/span><\/p>\n<p><span style=\"font-weight: 400;\">El <\/span><b>programa Liderar en Territorio, <\/b><span style=\"font-weight: 400;\">llevado a cabo por una alianza entre universidades y organizaciones sociales, capacita a l\u00edderes comunitarios en herramientas de diagn\u00f3stico, planificaci\u00f3n participativa y gesti\u00f3n de proyectos.\u00a0<\/span><\/p>\n<p><span style=\"font-weight: 400;\">El <\/span><b>desarrollo profesional<\/b><span style=\"font-weight: 400;\"> en sectores puntuales no solo logra una mejora la calidad de los servicios, sino que con ello se forman liderazgos con legitimidad social.<\/span><\/p>\n<p><span style=\"font-weight: 400;\">En esta l\u00ednea, la<\/span><b> formaci\u00f3n<\/b><span style=\"font-weight: 400;\"> de l\u00edderes no puede separarse de la noci\u00f3n de igualdad , debido a que en comunidades el acceso al conocimiento est\u00e1 atravesada por desigualdades estructurales, como g\u00e9nero, clase, etnia o territorio. Por eso, impulsar pol\u00edticas educativas que promuevan la inclusi\u00f3n y la diversidad se trata de un eje de gran importancia para lograr un acceso igualitario.<\/span><\/p>\n<p><span style=\"font-weight: 400;\">Mujeres en Ciencia es uno de los proyectos que sobresale ya que brinda mentor\u00edas y apoyos econ\u00f3micos a j\u00f3venes<\/span><b> investigadoras de sectores populares, o Tecnolog\u00eda sin Barreras, <\/b><span style=\"font-weight: 400;\">que capacita a personas con discapacidad en oficios digitales.<\/span><\/p>\n<p><span style=\"font-weight: 400;\">Estos <\/span><b>programas <\/b><span style=\"font-weight: 400;\">\u00a0van en otro sentido a las im\u00e1genes tradicionales del liderazgo, ya que buscan\u00a0 formar referentes desde las diferencias, promoviendo una visi\u00f3n m\u00e1s plural y democr\u00e1tica, adecuada a las necesidades de cada territorio y basado en la experiencia.\u00a0<\/span><\/p>\n<p><span style=\"font-weight: 400;\">Es que <\/span><b>formar l\u00edderes<\/b><span style=\"font-weight: 400;\"> a trav\u00e9s del acceso al conocimiento implica m\u00e1s que brindar contenidos sino que se trata de habilitar procesos de autoconocimiento, pensamiento cr\u00edtico, compromiso social y responsabilidad colectiva.\u00a0<\/span><\/p>\n<p><span style=\"font-weight: 400;\">No es una <\/span><b>relaci\u00f3n lineal <\/b><span style=\"font-weight: 400;\">con quien tiene informaci\u00f3n y la transmite, sino que se trata de como qui\u00e9n la transforma en acci\u00f3n con impacto positivo.<\/span><\/p>\n<p><span style=\"font-weight: 400;\">En escenarios donde los<\/span><b> liderazgos tradicionales<\/b><span style=\"font-weight: 400;\"> muchas veces se ven desgastados o deslegitimados, la educaci\u00f3n puede ser la herramienta de nuevos modelos de liderazgo que tienen ejes de empat\u00eda, la cooperaci\u00f3n y la b\u00fasqueda del bien com\u00fan.<\/span><\/p>\n<p><span style=\"font-weight: 400;\">Por ello, los <\/span><b>liderazgos <\/b><span style=\"font-weight: 400;\">que emergen desde la educaci\u00f3n popular, las aulas rurales, las becas universitarias o los centros de formaci\u00f3n comunitaria, son liderazgos profundamente relacionados con la experiencia social, entonces no buscan imponer, sino construir junto a otros.\u00a0<\/span><\/p>\n<p><span style=\"font-weight: 400;\">En el camino hacia un <\/span><b>futuro m\u00e1s justo y sostenible<\/b><span style=\"font-weight: 400;\">, la formaci\u00f3n de l\u00edderes a trav\u00e9s del acceso al conocimiento es una estrategia totalmente crucial para la convivencia social. Desde las becas que cambian trayectorias de vida hasta los programas que empoderan a comunidades enteras, la educaci\u00f3n sigue demostrando su poder transformador.\u00a0<\/span><\/p>\n<p><span style=\"font-weight: 400;\">Invertir en<\/span><b> educaci\u00f3n <\/b><span style=\"font-weight: 400;\">es, por lo tanto, invertir en el liderazgo del ma\u00f1ana. Cada aula, cada taller, cada espacio de formaci\u00f3n es un sitio liderazgo con potencial transformador. Apostar por el acceso al conocimiento es apostar a que las soluciones a los grandes problemas del presente pueden surgir desde las voces que hist\u00f3ricamente fueron silenciadas.<\/span><\/p>\n<p>&nbsp;<\/p>\n","protected":false},"excerpt":{"rendered":"<p>El acceso al conocimiento desde las bases del territorio permite una din\u00e1mica distinta y necesaria para la comunidad. Un punteo del cambio que se atraviesa en la formaci\u00f3n de liderazgos.\u00a0 La necesidad de contar l\u00edderes comprometidos, capacitados y con visi\u00f3n de futuro es m\u00e1s imprescindible ante una realidad atravesada por diversas crisis que afecta a [&hellip;]<\/p>\n","protected":false},"author":2,"featured_media":75,"comment_status":"closed","ping_status":"closed","sticky":false,"template":"","format":"standard","meta":{"nf_dc_page":"","_jetpack_memberships_contains_paid_content":false,"footnotes":""},"categories":[9],"tags":[23],"class_list":["post-73","post","type-post","status-publish","format-standard","has-post-thumbnail","hentry","category-educacion","tag-lideres"],"yoast_head":"<!-- This site is optimized with the Yoast SEO plugin v27.4 - https:\/\/yoast.com\/product\/yoast-seo-wordpress\/ -->\n<title>Formando l\u00edderes a trav\u00e9s del acceso al conocimiento - EducatesPilar.com<\/title>\n<meta name=\"robots\" content=\"index, follow, max-snippet:-1, max-image-preview:large, max-video-preview:-1\" \/>\n<link rel=\"canonical\" href=\"https:\/\/educatespilar.com\/es\/formando-lideres-a-traves-del-acceso-al-conocimiento\/\" \/>\n<meta property=\"og:locale\" content=\"es_ES\" \/>\n<meta property=\"og:type\" content=\"article\" \/>\n<meta property=\"og:title\" content=\"Formando l\u00edderes a trav\u00e9s del acceso al conocimiento - EducatesPilar.com\" \/>\n<meta property=\"og:description\" content=\"El acceso al conocimiento desde las bases del territorio permite una din\u00e1mica distinta y necesaria para la comunidad. Un punteo del cambio que se atraviesa en la formaci\u00f3n de liderazgos.\u00a0 La necesidad de contar l\u00edderes comprometidos, capacitados y con visi\u00f3n de futuro es m\u00e1s imprescindible ante una realidad atravesada por diversas crisis que afecta a [&hellip;]\" \/>\n<meta property=\"og:url\" content=\"https:\/\/educatespilar.com\/es\/formando-lideres-a-traves-del-acceso-al-conocimiento\/\" \/>\n<meta property=\"og:site_name\" content=\"EducatesPilar.com\" \/>\n<meta property=\"article:published_time\" content=\"2025-09-11T16:42:31+00:00\" \/>\n<meta property=\"article:modified_time\" content=\"2025-11-04T17:55:07+00:00\" \/>\n<meta property=\"og:image\" content=\"https:\/\/educatespilar.com\/wp-content\/uploads\/2025\/08\/young-student-using-computer-studying-online-education-online-learning-min-scaled.jpg\" \/>\n\t<meta property=\"og:image:width\" content=\"2560\" \/>\n\t<meta property=\"og:image:height\" content=\"1707\" \/>\n\t<meta property=\"og:image:type\" content=\"image\/jpeg\" \/>\n<meta name=\"author\" content=\"educates\" \/>\n<meta name=\"twitter:card\" content=\"summary_large_image\" \/>\n<meta name=\"twitter:label1\" content=\"Escrito por\" \/>\n\t<meta name=\"twitter:data1\" content=\"educates\" \/>\n\t<meta name=\"twitter:label2\" content=\"Tiempo de lectura\" \/>\n\t<meta name=\"twitter:data2\" content=\"5 minutos\" \/>\n<script type=\"application\/ld+json\" class=\"yoast-schema-graph\">{\"@context\":\"https:\\\/\\\/schema.org\",\"@graph\":[{\"@type\":\"Article\",\"@id\":\"https:\\\/\\\/educatespilar.com\\\/formando-lideres-a-traves-del-acceso-al-conocimiento\\\/#article\",\"isPartOf\":{\"@id\":\"https:\\\/\\\/educatespilar.com\\\/formando-lideres-a-traves-del-acceso-al-conocimiento\\\/\"},\"author\":{\"name\":\"educates\",\"@id\":\"https:\\\/\\\/tzs.pgq.temporary.site\\\/website_c18d3ae6\\\/#\\\/schema\\\/person\\\/655446504db2a404e6921d90ab7c0a0f\"},\"headline\":\"Formando l\u00edderes a trav\u00e9s del acceso al conocimiento\",\"datePublished\":\"2025-09-11T16:42:31+00:00\",\"dateModified\":\"2025-11-04T17:55:07+00:00\",\"mainEntityOfPage\":{\"@id\":\"https:\\\/\\\/educatespilar.com\\\/formando-lideres-a-traves-del-acceso-al-conocimiento\\\/\"},\"wordCount\":924,\"image\":{\"@id\":\"https:\\\/\\\/educatespilar.com\\\/formando-lideres-a-traves-del-acceso-al-conocimiento\\\/#primaryimage\"},\"thumbnailUrl\":\"https:\\\/\\\/i0.wp.com\\\/educatespilar.com\\\/wp-content\\\/uploads\\\/2025\\\/08\\\/young-student-using-computer-studying-online-education-online-learning-min-scaled.jpg?fit=2560%2C1707&ssl=1\",\"keywords\":[\"lideres\"],\"articleSection\":[\"Educaci\u00f3n\"],\"inLanguage\":\"es-AR\"},{\"@type\":\"WebPage\",\"@id\":\"https:\\\/\\\/educatespilar.com\\\/formando-lideres-a-traves-del-acceso-al-conocimiento\\\/\",\"url\":\"https:\\\/\\\/educatespilar.com\\\/formando-lideres-a-traves-del-acceso-al-conocimiento\\\/\",\"name\":\"Formando l\u00edderes a trav\u00e9s del acceso al conocimiento - EducatesPilar.com\",\"isPartOf\":{\"@id\":\"https:\\\/\\\/tzs.pgq.temporary.site\\\/website_c18d3ae6\\\/#website\"},\"primaryImageOfPage\":{\"@id\":\"https:\\\/\\\/educatespilar.com\\\/formando-lideres-a-traves-del-acceso-al-conocimiento\\\/#primaryimage\"},\"image\":{\"@id\":\"https:\\\/\\\/educatespilar.com\\\/formando-lideres-a-traves-del-acceso-al-conocimiento\\\/#primaryimage\"},\"thumbnailUrl\":\"https:\\\/\\\/i0.wp.com\\\/educatespilar.com\\\/wp-content\\\/uploads\\\/2025\\\/08\\\/young-student-using-computer-studying-online-education-online-learning-min-scaled.jpg?fit=2560%2C1707&ssl=1\",\"datePublished\":\"2025-09-11T16:42:31+00:00\",\"dateModified\":\"2025-11-04T17:55:07+00:00\",\"author\":{\"@id\":\"https:\\\/\\\/tzs.pgq.temporary.site\\\/website_c18d3ae6\\\/#\\\/schema\\\/person\\\/655446504db2a404e6921d90ab7c0a0f\"},\"breadcrumb\":{\"@id\":\"https:\\\/\\\/educatespilar.com\\\/formando-lideres-a-traves-del-acceso-al-conocimiento\\\/#breadcrumb\"},\"inLanguage\":\"es-AR\",\"potentialAction\":[{\"@type\":\"ReadAction\",\"target\":[\"https:\\\/\\\/educatespilar.com\\\/formando-lideres-a-traves-del-acceso-al-conocimiento\\\/\"]}]},{\"@type\":\"ImageObject\",\"inLanguage\":\"es-AR\",\"@id\":\"https:\\\/\\\/educatespilar.com\\\/formando-lideres-a-traves-del-acceso-al-conocimiento\\\/#primaryimage\",\"url\":\"https:\\\/\\\/i0.wp.com\\\/educatespilar.com\\\/wp-content\\\/uploads\\\/2025\\\/08\\\/young-student-using-computer-studying-online-education-online-learning-min-scaled.jpg?fit=2560%2C1707&ssl=1\",\"contentUrl\":\"https:\\\/\\\/i0.wp.com\\\/educatespilar.com\\\/wp-content\\\/uploads\\\/2025\\\/08\\\/young-student-using-computer-studying-online-education-online-learning-min-scaled.jpg?fit=2560%2C1707&ssl=1\",\"width\":2560,\"height\":1707},{\"@type\":\"BreadcrumbList\",\"@id\":\"https:\\\/\\\/educatespilar.com\\\/formando-lideres-a-traves-del-acceso-al-conocimiento\\\/#breadcrumb\",\"itemListElement\":[{\"@type\":\"ListItem\",\"position\":1,\"name\":\"Home\",\"item\":\"https:\\\/\\\/educatespilar.com\\\/\"},{\"@type\":\"ListItem\",\"position\":2,\"name\":\"Formando l\u00edderes a trav\u00e9s del acceso al conocimiento\"}]},{\"@type\":\"WebSite\",\"@id\":\"https:\\\/\\\/tzs.pgq.temporary.site\\\/website_c18d3ae6\\\/#website\",\"url\":\"https:\\\/\\\/tzs.pgq.temporary.site\\\/website_c18d3ae6\\\/\",\"name\":\"EducatesPilar.com\",\"description\":\"\",\"potentialAction\":[{\"@type\":\"SearchAction\",\"target\":{\"@type\":\"EntryPoint\",\"urlTemplate\":\"https:\\\/\\\/tzs.pgq.temporary.site\\\/website_c18d3ae6\\\/?s={search_term_string}\"},\"query-input\":{\"@type\":\"PropertyValueSpecification\",\"valueRequired\":true,\"valueName\":\"search_term_string\"}}],\"inLanguage\":\"es-AR\"},{\"@type\":\"Person\",\"@id\":\"https:\\\/\\\/tzs.pgq.temporary.site\\\/website_c18d3ae6\\\/#\\\/schema\\\/person\\\/655446504db2a404e6921d90ab7c0a0f\",\"name\":\"educates\",\"image\":{\"@type\":\"ImageObject\",\"inLanguage\":\"es-AR\",\"@id\":\"https:\\\/\\\/secure.gravatar.com\\\/avatar\\\/f1e844324149cf607705bdc3821ac52f5613382cc275e3a009bc73539c52a819?s=96&d=mm&r=g\",\"url\":\"https:\\\/\\\/secure.gravatar.com\\\/avatar\\\/f1e844324149cf607705bdc3821ac52f5613382cc275e3a009bc73539c52a819?s=96&d=mm&r=g\",\"contentUrl\":\"https:\\\/\\\/secure.gravatar.com\\\/avatar\\\/f1e844324149cf607705bdc3821ac52f5613382cc275e3a009bc73539c52a819?s=96&d=mm&r=g\",\"caption\":\"educates\"},\"url\":\"https:\\\/\\\/educatespilar.com\\\/es\\\/author\\\/educates\\\/\"}]}<\/script>\n<!-- \/ Yoast SEO plugin. -->","yoast_head_json":{"title":"Formando l\u00edderes a trav\u00e9s del acceso al conocimiento - EducatesPilar.com","robots":{"index":"index","follow":"follow","max-snippet":"max-snippet:-1","max-image-preview":"max-image-preview:large","max-video-preview":"max-video-preview:-1"},"canonical":"https:\/\/educatespilar.com\/es\/formando-lideres-a-traves-del-acceso-al-conocimiento\/","og_locale":"es_ES","og_type":"article","og_title":"Formando l\u00edderes a trav\u00e9s del acceso al conocimiento - EducatesPilar.com","og_description":"El acceso al conocimiento desde las bases del territorio permite una din\u00e1mica distinta y necesaria para la comunidad. Un punteo del cambio que se atraviesa en la formaci\u00f3n de liderazgos.\u00a0 La necesidad de contar l\u00edderes comprometidos, capacitados y con visi\u00f3n de futuro es m\u00e1s imprescindible ante una realidad atravesada por diversas crisis que afecta a [&hellip;]","og_url":"https:\/\/educatespilar.com\/es\/formando-lideres-a-traves-del-acceso-al-conocimiento\/","og_site_name":"EducatesPilar.com","article_published_time":"2025-09-11T16:42:31+00:00","article_modified_time":"2025-11-04T17:55:07+00:00","og_image":[{"width":2560,"height":1707,"url":"https:\/\/educatespilar.com\/wp-content\/uploads\/2025\/08\/young-student-using-computer-studying-online-education-online-learning-min-scaled.jpg","type":"image\/jpeg"}],"author":"educates","twitter_card":"summary_large_image","twitter_misc":{"Escrito por":"educates","Tiempo de lectura":"5 minutos"},"schema":{"@context":"https:\/\/schema.org","@graph":[{"@type":"Article","@id":"https:\/\/educatespilar.com\/formando-lideres-a-traves-del-acceso-al-conocimiento\/#article","isPartOf":{"@id":"https:\/\/educatespilar.com\/formando-lideres-a-traves-del-acceso-al-conocimiento\/"},"author":{"name":"educates","@id":"https:\/\/tzs.pgq.temporary.site\/website_c18d3ae6\/#\/schema\/person\/655446504db2a404e6921d90ab7c0a0f"},"headline":"Formando l\u00edderes a trav\u00e9s del acceso al conocimiento","datePublished":"2025-09-11T16:42:31+00:00","dateModified":"2025-11-04T17:55:07+00:00","mainEntityOfPage":{"@id":"https:\/\/educatespilar.com\/formando-lideres-a-traves-del-acceso-al-conocimiento\/"},"wordCount":924,"image":{"@id":"https:\/\/educatespilar.com\/formando-lideres-a-traves-del-acceso-al-conocimiento\/#primaryimage"},"thumbnailUrl":"https:\/\/i0.wp.com\/educatespilar.com\/wp-content\/uploads\/2025\/08\/young-student-using-computer-studying-online-education-online-learning-min-scaled.jpg?fit=2560%2C1707&ssl=1","keywords":["lideres"],"articleSection":["Educaci\u00f3n"],"inLanguage":"es-AR"},{"@type":"WebPage","@id":"https:\/\/educatespilar.com\/formando-lideres-a-traves-del-acceso-al-conocimiento\/","url":"https:\/\/educatespilar.com\/formando-lideres-a-traves-del-acceso-al-conocimiento\/","name":"Formando l\u00edderes a trav\u00e9s del acceso al conocimiento - EducatesPilar.com","isPartOf":{"@id":"https:\/\/tzs.pgq.temporary.site\/website_c18d3ae6\/#website"},"primaryImageOfPage":{"@id":"https:\/\/educatespilar.com\/formando-lideres-a-traves-del-acceso-al-conocimiento\/#primaryimage"},"image":{"@id":"https:\/\/educatespilar.com\/formando-lideres-a-traves-del-acceso-al-conocimiento\/#primaryimage"},"thumbnailUrl":"https:\/\/i0.wp.com\/educatespilar.com\/wp-content\/uploads\/2025\/08\/young-student-using-computer-studying-online-education-online-learning-min-scaled.jpg?fit=2560%2C1707&ssl=1","datePublished":"2025-09-11T16:42:31+00:00","dateModified":"2025-11-04T17:55:07+00:00","author":{"@id":"https:\/\/tzs.pgq.temporary.site\/website_c18d3ae6\/#\/schema\/person\/655446504db2a404e6921d90ab7c0a0f"},"breadcrumb":{"@id":"https:\/\/educatespilar.com\/formando-lideres-a-traves-del-acceso-al-conocimiento\/#breadcrumb"},"inLanguage":"es-AR","potentialAction":[{"@type":"ReadAction","target":["https:\/\/educatespilar.com\/formando-lideres-a-traves-del-acceso-al-conocimiento\/"]}]},{"@type":"ImageObject","inLanguage":"es-AR","@id":"https:\/\/educatespilar.com\/formando-lideres-a-traves-del-acceso-al-conocimiento\/#primaryimage","url":"https:\/\/i0.wp.com\/educatespilar.com\/wp-content\/uploads\/2025\/08\/young-student-using-computer-studying-online-education-online-learning-min-scaled.jpg?fit=2560%2C1707&ssl=1","contentUrl":"https:\/\/i0.wp.com\/educatespilar.com\/wp-content\/uploads\/2025\/08\/young-student-using-computer-studying-online-education-online-learning-min-scaled.jpg?fit=2560%2C1707&ssl=1","width":2560,"height":1707},{"@type":"BreadcrumbList","@id":"https:\/\/educatespilar.com\/formando-lideres-a-traves-del-acceso-al-conocimiento\/#breadcrumb","itemListElement":[{"@type":"ListItem","position":1,"name":"Home","item":"https:\/\/educatespilar.com\/"},{"@type":"ListItem","position":2,"name":"Formando l\u00edderes a trav\u00e9s del acceso al conocimiento"}]},{"@type":"WebSite","@id":"https:\/\/tzs.pgq.temporary.site\/website_c18d3ae6\/#website","url":"https:\/\/tzs.pgq.temporary.site\/website_c18d3ae6\/","name":"EducatesPilar.com","description":"","potentialAction":[{"@type":"SearchAction","target":{"@type":"EntryPoint","urlTemplate":"https:\/\/tzs.pgq.temporary.site\/website_c18d3ae6\/?s={search_term_string}"},"query-input":{"@type":"PropertyValueSpecification","valueRequired":true,"valueName":"search_term_string"}}],"inLanguage":"es-AR"},{"@type":"Person","@id":"https:\/\/tzs.pgq.temporary.site\/website_c18d3ae6\/#\/schema\/person\/655446504db2a404e6921d90ab7c0a0f","name":"educates","image":{"@type":"ImageObject","inLanguage":"es-AR","@id":"https:\/\/secure.gravatar.com\/avatar\/f1e844324149cf607705bdc3821ac52f5613382cc275e3a009bc73539c52a819?s=96&d=mm&r=g","url":"https:\/\/secure.gravatar.com\/avatar\/f1e844324149cf607705bdc3821ac52f5613382cc275e3a009bc73539c52a819?s=96&d=mm&r=g","contentUrl":"https:\/\/secure.gravatar.com\/avatar\/f1e844324149cf607705bdc3821ac52f5613382cc275e3a009bc73539c52a819?s=96&d=mm&r=g","caption":"educates"},"url":"https:\/\/educatespilar.com\/es\/author\/educates\/"}]}},"jetpack_featured_media_url":"https:\/\/i0.wp.com\/educatespilar.com\/wp-content\/uploads\/2025\/08\/young-student-using-computer-studying-online-education-online-learning-min-scaled.jpg?fit=2560%2C1707&ssl=1","jetpack_sharing_enabled":true,"_links":{"self":[{"href":"https:\/\/educatespilar.com\/es\/wp-json\/wp\/v2\/posts\/73","targetHints":{"allow":["GET"]}}],"collection":[{"href":"https:\/\/educatespilar.com\/es\/wp-json\/wp\/v2\/posts"}],"about":[{"href":"https:\/\/educatespilar.com\/es\/wp-json\/wp\/v2\/types\/post"}],"author":[{"embeddable":true,"href":"https:\/\/educatespilar.com\/es\/wp-json\/wp\/v2\/users\/2"}],"replies":[{"embeddable":true,"href":"https:\/\/educatespilar.com\/es\/wp-json\/wp\/v2\/comments?post=73"}],"version-history":[{"count":1,"href":"https:\/\/educatespilar.com\/es\/wp-json\/wp\/v2\/posts\/73\/revisions"}],"predecessor-version":[{"id":76,"href":"https:\/\/educatespilar.com\/es\/wp-json\/wp\/v2\/posts\/73\/revisions\/76"}],"wp:featuredmedia":[{"embeddable":true,"href":"https:\/\/educatespilar.com\/es\/wp-json\/wp\/v2\/media\/75"}],"wp:attachment":[{"href":"https:\/\/educatespilar.com\/es\/wp-json\/wp\/v2\/media?parent=73"}],"wp:term":[{"taxonomy":"category","embeddable":true,"href":"https:\/\/educatespilar.com\/es\/wp-json\/wp\/v2\/categories?post=73"},{"taxonomy":"post_tag","embeddable":true,"href":"https:\/\/educatespilar.com\/es\/wp-json\/wp\/v2\/tags?post=73"}],"curies":[{"name":"wp","href":"https:\/\/api.w.org\/{rel}","templated":true}]}}