{"id":522,"date":"2026-04-30T07:48:49","date_gmt":"2026-04-30T07:48:49","guid":{"rendered":"https:\/\/educatespilar.com\/?p=522"},"modified":"2026-04-30T11:49:20","modified_gmt":"2026-04-30T11:49:20","slug":"la-doctrina-de-la-analogia","status":"publish","type":"post","link":"https:\/\/educatespilar.com\/es\/la-doctrina-de-la-analogia\/","title":{"rendered":"La Doctrina de la Analog\u00eda"},"content":{"rendered":"<p><img data-recalc-dims=\"1\" decoding=\"async\" loading=\"lazy\" class=\"alignnone size-medium wp-image-524\" src=\"https:\/\/i0.wp.com\/educatespilar.com\/wp-content\/uploads\/2026\/04\/older-woman-reading-while-using-magnifying-glass.jpg?resize=300%2C200&#038;ssl=1\" alt=\"\" width=\"300\" height=\"200\" srcset=\"https:\/\/i0.wp.com\/educatespilar.com\/wp-content\/uploads\/2026\/04\/older-woman-reading-while-using-magnifying-glass-scaled.jpg?resize=300%2C200&amp;ssl=1 300w, https:\/\/i0.wp.com\/educatespilar.com\/wp-content\/uploads\/2026\/04\/older-woman-reading-while-using-magnifying-glass-scaled.jpg?resize=1024%2C683&amp;ssl=1 1024w, https:\/\/i0.wp.com\/educatespilar.com\/wp-content\/uploads\/2026\/04\/older-woman-reading-while-using-magnifying-glass-scaled.jpg?resize=768%2C512&amp;ssl=1 768w, https:\/\/i0.wp.com\/educatespilar.com\/wp-content\/uploads\/2026\/04\/older-woman-reading-while-using-magnifying-glass-scaled.jpg?resize=1536%2C1024&amp;ssl=1 1536w, https:\/\/i0.wp.com\/educatespilar.com\/wp-content\/uploads\/2026\/04\/older-woman-reading-while-using-magnifying-glass-scaled.jpg?resize=2048%2C1365&amp;ssl=1 2048w, https:\/\/i0.wp.com\/educatespilar.com\/wp-content\/uploads\/2026\/04\/older-woman-reading-while-using-magnifying-glass-scaled.jpg?resize=18%2C12&amp;ssl=1 18w, https:\/\/i0.wp.com\/educatespilar.com\/wp-content\/uploads\/2026\/04\/older-woman-reading-while-using-magnifying-glass-scaled.jpg?resize=600%2C400&amp;ssl=1 600w\" sizes=\"auto, (max-width: 300px) 100vw, 300px\" \/><\/p>\n<p><span style=\"font-weight: 400;\">La metaf\u00edsica considera al &#8220;ser&#8221; como una realidad inteligible que aflora en la m\u00e1s m\u00ednima cosa y que vale para todas, pero en sentidos di-versos; \u201ces como si al abrir una brizna de hierba -dice Maritain- saliera de ella una cosa m\u00e1s grande que el mundo\u201d. Esa cosa, esa realidad, conviene tanto al hombre que piensa como a la cosa pensada, tanto al humo que se disipa como a la causa de todo cuanto existe; el ser, en cuanto ser, es captado en una intuici\u00f3n pura y aut\u00e9ntica, pero al mismo tiempo en su radical polivalencia. Esta polivalencia es la <\/span><i><span style=\"font-weight: 400;\">analog\u00eda. <\/span><\/i><span style=\"font-weight: 400;\">Todo t\u00e9rmino que se aplique a varios sujetos puede ser un\u00edvoco, equ\u00edvoco o an\u00e1logo. T\u00e9rminos <\/span><i><span style=\"font-weight: 400;\">un\u00edvocos<\/span><\/i><span style=\"font-weight: 400;\"> son los que pueden atribuirse de una manera id\u00e9ntica a todos los sujetos a los que predica. T\u00e9rminos<\/span><i><span style=\"font-weight: 400;\"> equ\u00edvocos<\/span><\/i><span style=\"font-weight: 400;\"> son los que se aplican a seres diversos, pero en un sentido totalmente diferente para cada uno de ellos; por ello, una idea jam\u00e1s puede ser equ\u00edvoca, ya que la equivocidad est\u00e1 siempre en la palabra o t\u00e9rmino que oculta conceptos distintos. El t\u00e9rmino \u201cser\u201d no puede ser un\u00edvoco porque no se dice de nada ni de nadie en un sentido absolutamente id\u00e9ntico. No se dice lo mismo al afirmar \u201cla piedra es\u201d y \u201cla verdad es\u201d; el \u201cser\u201d, por tanto, es esencialmente diverso, pues se identifica con cosas esencialmente diversas, cuales son, por ejemplo, las piedras y la verdad. Pero tampoco puede ser equ\u00edvoco, puesto que es un concepto aut\u00e9ntico, lo que significa que el \u201cser\u201d posee cierta unidad. \u00c9sta no es la unidad esencial, pues los \u201cseres\u201d son esencialmente diferentes; es una unidad relativa, que resulta que el concepto del \u201cser\u201d expresa realmente, aunque en forma universal, algo de com\u00fan a todos los \u201cseres\u201d diversos. Esta unidad de los \u201cseres&#8221; diversos es la ex-presada por los t\u00e9rminos an\u00e1logos. El \u201cser\u201d es, en fin, no una cosa simplemente una, sino un universo inteligible, un misterio que se encuentra en todas partes de una manera esencialmente variada, con una unidad de proporci\u00f3n y semejanza. Las esencias m\u00faltiples y diversas est\u00e1n unas y otras, con relaci\u00f3n a la existencia, en una relaci\u00f3n propiamente id\u00e9ntica.<\/span><\/p>\n<p><b>Esencia y Existencia<\/b><span style=\"font-weight: 400;\"> Nos han salido al paso en nuestro raciocinio dos aspectos del ser que son muy familiares al metaf\u00edsico, y sin los cuales es imposible entender la<\/span> <span style=\"font-weight: 400;\">analog\u00eda<\/span><i><span style=\"font-weight: 400;\">: <\/span><\/i><span style=\"font-weight: 400;\">la<\/span><i><span style=\"font-weight: 400;\"> esencia y <\/span><\/i><span style=\"font-weight: 400;\">la<\/span><i><span style=\"font-weight: 400;\"> existencia. <\/span><\/i><span style=\"font-weight: 400;\">La esencia no significa m\u00e1s que una simple aptitud para la existencia, es decir, al \u201cser\u201d pro-piamente dicho. Siempre se la mide y se la de-fine en funci\u00f3n de este \u201cser\u201d, ya que una aut\u00e9ntica esencia es propiamente \u201clo que puede existir\u201d. La esencia es el objeto de la primera operaci\u00f3n del esp\u00edritu. La existencia o \u201cacto de ser\u201d es, en cambio, el objeto hacia el cual se orienta primeramente y por s\u00ed la inteligencia. Y \u00e9sta cumple propiamente la aprehensi\u00f3n del \u201cser\u201d por el juicio, pues por \u00e9ste se aprehende la existencia en cuanto ejercida, en la realidad actual o posible, por un sujeto. Siempre la esencia y la existencia constituyen una \u201ctotalidad existencial\u201d. El conjunto de ambas es la \u201ccosa real&#8221;. Ellas son, pues, dos realidades de una misma cosa, y corresponden tanto a las cosas espirituales como a los materiales. As\u00ed, por ejemplo, el alma humana, que en s\u00ed es una forma simple, en su condici\u00f3n de criatura limitada no es \u201cacto puro\u201d (como Dios), y por consiguiente est\u00e1 compuesta de esencia y existencia (acto de existir). Esta primera y m\u00e1s profunda composici\u00f3n pesa tambi\u00e9n sobre el <\/span><i><span style=\"font-weight: 400;\">\u00e1ngel<\/span><\/i><span style=\"font-weight: 400;\">: su ser es recibido; es, por tanto, criatura compuesta de esencia y de existencia.<\/span><\/p>\n<p><span style=\"font-weight: 400;\">La composici\u00f3n esencia-existencia es en el reino de lo creado la m\u00e1s general y profunda, porque abarca todo lo material y lo espiritual; ella sola lo comprende todo. Esto vale directamente para la sustancia, e indirectamente para los accidentes. La existencia, que todo el universo del \u201cser\u201d creado recibe de Dios, le compete a la criatura no como algo sobrea\u00f1adido a modo de accidente (la existencia no es un accidente ontol\u00f3gico, aunque l\u00f3gicamente se predica de la esencia a modo de accidente); ella es la actualidad de la sustancia o esencia misma; es como un coprincipio de la esencia realmente constituida.<\/span><\/p>\n<p><span style=\"font-weight: 400;\">El existencialismo moderno afirma que la existencia es posici\u00f3n pura, y no perfecci\u00f3n de la esencia. Desde esta perspectiva, la existencia, que carecer\u00eda de naturaleza y estructura, al no poder ser relacionada con nada que no fuera ella misma, ser\u00eda contingencia radical y finitud irremediable. Si con esta afirmaci\u00f3n los existencialistas quisieran decir que las esencias no existen realmente, sino por la existencia que las hace existir, o sea, que no existen sino como singulares, concretas e individuales, no habr\u00eda objeci\u00f3n alguna que oponer. Pero sostienen que la existencia no posee esencia distinta de ella, y que la esencia no jam\u00e1s sino la &#8220;facilidad&#8221; de la existencia, es decir, de la existencia da. Todo lo cual conduce la raz\u00f3n humana por un devenir de in-definici\u00f3n; camino lleno de obst\u00e1culos, toda vez que siempre habr\u00eda que preguntarse: \u00bfsi lo que existe no es sino el existir puro y libre, \u00bfcu\u00e1l es la realidad y distinci\u00f3n del mundo y del hombre, de las piedras y del esp\u00edritu, de la criatura y de Dios&#8230;?<\/span><\/p>\n<p>&nbsp;<\/p>\n","protected":false},"excerpt":{"rendered":"<p>La metaf\u00edsica considera al &#8220;ser&#8221; como una realidad inteligible que aflora en la m\u00e1s m\u00ednima cosa y que vale para todas, pero en sentidos di-versos; \u201ces como si al abrir una brizna de hierba -dice Maritain- saliera de ella una cosa m\u00e1s grande que el mundo\u201d. Esa cosa, esa realidad, conviene tanto al hombre que [&hellip;]<\/p>\n","protected":false},"author":2,"featured_media":524,"comment_status":"closed","ping_status":"closed","sticky":false,"template":"","format":"standard","meta":{"nf_dc_page":"","_jetpack_memberships_contains_paid_content":false,"footnotes":""},"categories":[173],"tags":[191,190],"class_list":["post-522","post","type-post","status-publish","format-standard","has-post-thumbnail","hentry","category-social","tag-analogia","tag-doctrina"],"yoast_head":"<!-- This site is optimized with the Yoast SEO plugin v27.4 - https:\/\/yoast.com\/product\/yoast-seo-wordpress\/ -->\n<title>La Doctrina de la Analog\u00eda - EducatesPilar.com<\/title>\n<meta name=\"robots\" content=\"index, follow, max-snippet:-1, max-image-preview:large, max-video-preview:-1\" \/>\n<link rel=\"canonical\" href=\"https:\/\/educatespilar.com\/es\/la-doctrina-de-la-analogia\/\" \/>\n<meta property=\"og:locale\" content=\"es_ES\" \/>\n<meta property=\"og:type\" content=\"article\" \/>\n<meta property=\"og:title\" content=\"La Doctrina de la Analog\u00eda - EducatesPilar.com\" \/>\n<meta property=\"og:description\" content=\"La metaf\u00edsica considera al &#8220;ser&#8221; como una realidad inteligible que aflora en la m\u00e1s m\u00ednima cosa y que vale para todas, pero en sentidos di-versos; \u201ces como si al abrir una brizna de hierba -dice Maritain- saliera de ella una cosa m\u00e1s grande que el mundo\u201d. Esa cosa, esa realidad, conviene tanto al hombre que [&hellip;]\" \/>\n<meta property=\"og:url\" content=\"https:\/\/educatespilar.com\/es\/la-doctrina-de-la-analogia\/\" \/>\n<meta property=\"og:site_name\" content=\"EducatesPilar.com\" \/>\n<meta property=\"article:published_time\" content=\"2026-04-30T07:48:49+00:00\" \/>\n<meta property=\"article:modified_time\" content=\"2026-04-30T11:49:20+00:00\" \/>\n<meta property=\"og:image\" content=\"https:\/\/educatespilar.com\/wp-content\/uploads\/2026\/04\/older-woman-reading-while-using-magnifying-glass-scaled.jpg\" \/>\n\t<meta property=\"og:image:width\" content=\"2560\" \/>\n\t<meta property=\"og:image:height\" content=\"1707\" \/>\n\t<meta property=\"og:image:type\" content=\"image\/jpeg\" \/>\n<meta name=\"author\" content=\"educates\" \/>\n<meta name=\"twitter:card\" content=\"summary_large_image\" \/>\n<meta name=\"twitter:label1\" content=\"Escrito por\" \/>\n\t<meta name=\"twitter:data1\" content=\"educates\" \/>\n\t<meta name=\"twitter:label2\" content=\"Tiempo de lectura\" \/>\n\t<meta name=\"twitter:data2\" content=\"5 minutos\" \/>\n<script type=\"application\/ld+json\" class=\"yoast-schema-graph\">{\"@context\":\"https:\\\/\\\/schema.org\",\"@graph\":[{\"@type\":\"Article\",\"@id\":\"https:\\\/\\\/educatespilar.com\\\/la-doctrina-de-la-analogia\\\/#article\",\"isPartOf\":{\"@id\":\"https:\\\/\\\/educatespilar.com\\\/la-doctrina-de-la-analogia\\\/\"},\"author\":{\"name\":\"educates\",\"@id\":\"https:\\\/\\\/tzs.pgq.temporary.site\\\/website_c18d3ae6\\\/#\\\/schema\\\/person\\\/655446504db2a404e6921d90ab7c0a0f\"},\"headline\":\"La Doctrina de la Analog\u00eda\",\"datePublished\":\"2026-04-30T07:48:49+00:00\",\"dateModified\":\"2026-04-30T11:49:20+00:00\",\"mainEntityOfPage\":{\"@id\":\"https:\\\/\\\/educatespilar.com\\\/la-doctrina-de-la-analogia\\\/\"},\"wordCount\":943,\"image\":{\"@id\":\"https:\\\/\\\/educatespilar.com\\\/la-doctrina-de-la-analogia\\\/#primaryimage\"},\"thumbnailUrl\":\"https:\\\/\\\/i0.wp.com\\\/educatespilar.com\\\/wp-content\\\/uploads\\\/2026\\\/04\\\/older-woman-reading-while-using-magnifying-glass-scaled.jpg?fit=2560%2C1707&ssl=1\",\"keywords\":[\"analogia\",\"doctrina\"],\"articleSection\":[\"Social\"],\"inLanguage\":\"es-AR\"},{\"@type\":\"WebPage\",\"@id\":\"https:\\\/\\\/educatespilar.com\\\/la-doctrina-de-la-analogia\\\/\",\"url\":\"https:\\\/\\\/educatespilar.com\\\/la-doctrina-de-la-analogia\\\/\",\"name\":\"La Doctrina de la Analog\u00eda - EducatesPilar.com\",\"isPartOf\":{\"@id\":\"https:\\\/\\\/tzs.pgq.temporary.site\\\/website_c18d3ae6\\\/#website\"},\"primaryImageOfPage\":{\"@id\":\"https:\\\/\\\/educatespilar.com\\\/la-doctrina-de-la-analogia\\\/#primaryimage\"},\"image\":{\"@id\":\"https:\\\/\\\/educatespilar.com\\\/la-doctrina-de-la-analogia\\\/#primaryimage\"},\"thumbnailUrl\":\"https:\\\/\\\/i0.wp.com\\\/educatespilar.com\\\/wp-content\\\/uploads\\\/2026\\\/04\\\/older-woman-reading-while-using-magnifying-glass-scaled.jpg?fit=2560%2C1707&ssl=1\",\"datePublished\":\"2026-04-30T07:48:49+00:00\",\"dateModified\":\"2026-04-30T11:49:20+00:00\",\"author\":{\"@id\":\"https:\\\/\\\/tzs.pgq.temporary.site\\\/website_c18d3ae6\\\/#\\\/schema\\\/person\\\/655446504db2a404e6921d90ab7c0a0f\"},\"breadcrumb\":{\"@id\":\"https:\\\/\\\/educatespilar.com\\\/la-doctrina-de-la-analogia\\\/#breadcrumb\"},\"inLanguage\":\"es-AR\",\"potentialAction\":[{\"@type\":\"ReadAction\",\"target\":[\"https:\\\/\\\/educatespilar.com\\\/la-doctrina-de-la-analogia\\\/\"]}]},{\"@type\":\"ImageObject\",\"inLanguage\":\"es-AR\",\"@id\":\"https:\\\/\\\/educatespilar.com\\\/la-doctrina-de-la-analogia\\\/#primaryimage\",\"url\":\"https:\\\/\\\/i0.wp.com\\\/educatespilar.com\\\/wp-content\\\/uploads\\\/2026\\\/04\\\/older-woman-reading-while-using-magnifying-glass-scaled.jpg?fit=2560%2C1707&ssl=1\",\"contentUrl\":\"https:\\\/\\\/i0.wp.com\\\/educatespilar.com\\\/wp-content\\\/uploads\\\/2026\\\/04\\\/older-woman-reading-while-using-magnifying-glass-scaled.jpg?fit=2560%2C1707&ssl=1\",\"width\":2560,\"height\":1707},{\"@type\":\"BreadcrumbList\",\"@id\":\"https:\\\/\\\/educatespilar.com\\\/la-doctrina-de-la-analogia\\\/#breadcrumb\",\"itemListElement\":[{\"@type\":\"ListItem\",\"position\":1,\"name\":\"Home\",\"item\":\"https:\\\/\\\/educatespilar.com\\\/\"},{\"@type\":\"ListItem\",\"position\":2,\"name\":\"La Doctrina de la Analog\u00eda\"}]},{\"@type\":\"WebSite\",\"@id\":\"https:\\\/\\\/tzs.pgq.temporary.site\\\/website_c18d3ae6\\\/#website\",\"url\":\"https:\\\/\\\/tzs.pgq.temporary.site\\\/website_c18d3ae6\\\/\",\"name\":\"EducatesPilar.com\",\"description\":\"\",\"potentialAction\":[{\"@type\":\"SearchAction\",\"target\":{\"@type\":\"EntryPoint\",\"urlTemplate\":\"https:\\\/\\\/tzs.pgq.temporary.site\\\/website_c18d3ae6\\\/?s={search_term_string}\"},\"query-input\":{\"@type\":\"PropertyValueSpecification\",\"valueRequired\":true,\"valueName\":\"search_term_string\"}}],\"inLanguage\":\"es-AR\"},{\"@type\":\"Person\",\"@id\":\"https:\\\/\\\/tzs.pgq.temporary.site\\\/website_c18d3ae6\\\/#\\\/schema\\\/person\\\/655446504db2a404e6921d90ab7c0a0f\",\"name\":\"educates\",\"image\":{\"@type\":\"ImageObject\",\"inLanguage\":\"es-AR\",\"@id\":\"https:\\\/\\\/secure.gravatar.com\\\/avatar\\\/f1e844324149cf607705bdc3821ac52f5613382cc275e3a009bc73539c52a819?s=96&d=mm&r=g\",\"url\":\"https:\\\/\\\/secure.gravatar.com\\\/avatar\\\/f1e844324149cf607705bdc3821ac52f5613382cc275e3a009bc73539c52a819?s=96&d=mm&r=g\",\"contentUrl\":\"https:\\\/\\\/secure.gravatar.com\\\/avatar\\\/f1e844324149cf607705bdc3821ac52f5613382cc275e3a009bc73539c52a819?s=96&d=mm&r=g\",\"caption\":\"educates\"},\"url\":\"https:\\\/\\\/educatespilar.com\\\/es\\\/author\\\/educates\\\/\"}]}<\/script>\n<!-- \/ Yoast SEO plugin. -->","yoast_head_json":{"title":"La Doctrina de la Analog\u00eda - EducatesPilar.com","robots":{"index":"index","follow":"follow","max-snippet":"max-snippet:-1","max-image-preview":"max-image-preview:large","max-video-preview":"max-video-preview:-1"},"canonical":"https:\/\/educatespilar.com\/es\/la-doctrina-de-la-analogia\/","og_locale":"es_ES","og_type":"article","og_title":"La Doctrina de la Analog\u00eda - EducatesPilar.com","og_description":"La metaf\u00edsica considera al &#8220;ser&#8221; como una realidad inteligible que aflora en la m\u00e1s m\u00ednima cosa y que vale para todas, pero en sentidos di-versos; \u201ces como si al abrir una brizna de hierba -dice Maritain- saliera de ella una cosa m\u00e1s grande que el mundo\u201d. Esa cosa, esa realidad, conviene tanto al hombre que [&hellip;]","og_url":"https:\/\/educatespilar.com\/es\/la-doctrina-de-la-analogia\/","og_site_name":"EducatesPilar.com","article_published_time":"2026-04-30T07:48:49+00:00","article_modified_time":"2026-04-30T11:49:20+00:00","og_image":[{"width":2560,"height":1707,"url":"https:\/\/educatespilar.com\/wp-content\/uploads\/2026\/04\/older-woman-reading-while-using-magnifying-glass-scaled.jpg","type":"image\/jpeg"}],"author":"educates","twitter_card":"summary_large_image","twitter_misc":{"Escrito por":"educates","Tiempo de lectura":"5 minutos"},"schema":{"@context":"https:\/\/schema.org","@graph":[{"@type":"Article","@id":"https:\/\/educatespilar.com\/la-doctrina-de-la-analogia\/#article","isPartOf":{"@id":"https:\/\/educatespilar.com\/la-doctrina-de-la-analogia\/"},"author":{"name":"educates","@id":"https:\/\/tzs.pgq.temporary.site\/website_c18d3ae6\/#\/schema\/person\/655446504db2a404e6921d90ab7c0a0f"},"headline":"La Doctrina de la Analog\u00eda","datePublished":"2026-04-30T07:48:49+00:00","dateModified":"2026-04-30T11:49:20+00:00","mainEntityOfPage":{"@id":"https:\/\/educatespilar.com\/la-doctrina-de-la-analogia\/"},"wordCount":943,"image":{"@id":"https:\/\/educatespilar.com\/la-doctrina-de-la-analogia\/#primaryimage"},"thumbnailUrl":"https:\/\/i0.wp.com\/educatespilar.com\/wp-content\/uploads\/2026\/04\/older-woman-reading-while-using-magnifying-glass-scaled.jpg?fit=2560%2C1707&ssl=1","keywords":["analogia","doctrina"],"articleSection":["Social"],"inLanguage":"es-AR"},{"@type":"WebPage","@id":"https:\/\/educatespilar.com\/la-doctrina-de-la-analogia\/","url":"https:\/\/educatespilar.com\/la-doctrina-de-la-analogia\/","name":"La Doctrina de la Analog\u00eda - EducatesPilar.com","isPartOf":{"@id":"https:\/\/tzs.pgq.temporary.site\/website_c18d3ae6\/#website"},"primaryImageOfPage":{"@id":"https:\/\/educatespilar.com\/la-doctrina-de-la-analogia\/#primaryimage"},"image":{"@id":"https:\/\/educatespilar.com\/la-doctrina-de-la-analogia\/#primaryimage"},"thumbnailUrl":"https:\/\/i0.wp.com\/educatespilar.com\/wp-content\/uploads\/2026\/04\/older-woman-reading-while-using-magnifying-glass-scaled.jpg?fit=2560%2C1707&ssl=1","datePublished":"2026-04-30T07:48:49+00:00","dateModified":"2026-04-30T11:49:20+00:00","author":{"@id":"https:\/\/tzs.pgq.temporary.site\/website_c18d3ae6\/#\/schema\/person\/655446504db2a404e6921d90ab7c0a0f"},"breadcrumb":{"@id":"https:\/\/educatespilar.com\/la-doctrina-de-la-analogia\/#breadcrumb"},"inLanguage":"es-AR","potentialAction":[{"@type":"ReadAction","target":["https:\/\/educatespilar.com\/la-doctrina-de-la-analogia\/"]}]},{"@type":"ImageObject","inLanguage":"es-AR","@id":"https:\/\/educatespilar.com\/la-doctrina-de-la-analogia\/#primaryimage","url":"https:\/\/i0.wp.com\/educatespilar.com\/wp-content\/uploads\/2026\/04\/older-woman-reading-while-using-magnifying-glass-scaled.jpg?fit=2560%2C1707&ssl=1","contentUrl":"https:\/\/i0.wp.com\/educatespilar.com\/wp-content\/uploads\/2026\/04\/older-woman-reading-while-using-magnifying-glass-scaled.jpg?fit=2560%2C1707&ssl=1","width":2560,"height":1707},{"@type":"BreadcrumbList","@id":"https:\/\/educatespilar.com\/la-doctrina-de-la-analogia\/#breadcrumb","itemListElement":[{"@type":"ListItem","position":1,"name":"Home","item":"https:\/\/educatespilar.com\/"},{"@type":"ListItem","position":2,"name":"La Doctrina de la Analog\u00eda"}]},{"@type":"WebSite","@id":"https:\/\/tzs.pgq.temporary.site\/website_c18d3ae6\/#website","url":"https:\/\/tzs.pgq.temporary.site\/website_c18d3ae6\/","name":"EducatesPilar.com","description":"","potentialAction":[{"@type":"SearchAction","target":{"@type":"EntryPoint","urlTemplate":"https:\/\/tzs.pgq.temporary.site\/website_c18d3ae6\/?s={search_term_string}"},"query-input":{"@type":"PropertyValueSpecification","valueRequired":true,"valueName":"search_term_string"}}],"inLanguage":"es-AR"},{"@type":"Person","@id":"https:\/\/tzs.pgq.temporary.site\/website_c18d3ae6\/#\/schema\/person\/655446504db2a404e6921d90ab7c0a0f","name":"educates","image":{"@type":"ImageObject","inLanguage":"es-AR","@id":"https:\/\/secure.gravatar.com\/avatar\/f1e844324149cf607705bdc3821ac52f5613382cc275e3a009bc73539c52a819?s=96&d=mm&r=g","url":"https:\/\/secure.gravatar.com\/avatar\/f1e844324149cf607705bdc3821ac52f5613382cc275e3a009bc73539c52a819?s=96&d=mm&r=g","contentUrl":"https:\/\/secure.gravatar.com\/avatar\/f1e844324149cf607705bdc3821ac52f5613382cc275e3a009bc73539c52a819?s=96&d=mm&r=g","caption":"educates"},"url":"https:\/\/educatespilar.com\/es\/author\/educates\/"}]}},"jetpack_featured_media_url":"https:\/\/i0.wp.com\/educatespilar.com\/wp-content\/uploads\/2026\/04\/older-woman-reading-while-using-magnifying-glass-scaled.jpg?fit=2560%2C1707&ssl=1","jetpack_sharing_enabled":true,"_links":{"self":[{"href":"https:\/\/educatespilar.com\/es\/wp-json\/wp\/v2\/posts\/522","targetHints":{"allow":["GET"]}}],"collection":[{"href":"https:\/\/educatespilar.com\/es\/wp-json\/wp\/v2\/posts"}],"about":[{"href":"https:\/\/educatespilar.com\/es\/wp-json\/wp\/v2\/types\/post"}],"author":[{"embeddable":true,"href":"https:\/\/educatespilar.com\/es\/wp-json\/wp\/v2\/users\/2"}],"replies":[{"embeddable":true,"href":"https:\/\/educatespilar.com\/es\/wp-json\/wp\/v2\/comments?post=522"}],"version-history":[{"count":1,"href":"https:\/\/educatespilar.com\/es\/wp-json\/wp\/v2\/posts\/522\/revisions"}],"predecessor-version":[{"id":525,"href":"https:\/\/educatespilar.com\/es\/wp-json\/wp\/v2\/posts\/522\/revisions\/525"}],"wp:featuredmedia":[{"embeddable":true,"href":"https:\/\/educatespilar.com\/es\/wp-json\/wp\/v2\/media\/524"}],"wp:attachment":[{"href":"https:\/\/educatespilar.com\/es\/wp-json\/wp\/v2\/media?parent=522"}],"wp:term":[{"taxonomy":"category","embeddable":true,"href":"https:\/\/educatespilar.com\/es\/wp-json\/wp\/v2\/categories?post=522"},{"taxonomy":"post_tag","embeddable":true,"href":"https:\/\/educatespilar.com\/es\/wp-json\/wp\/v2\/tags?post=522"}],"curies":[{"name":"wp","href":"https:\/\/api.w.org\/{rel}","templated":true}]}}