{"id":52,"date":"2025-09-04T20:36:46","date_gmt":"2025-09-04T20:36:46","guid":{"rendered":"https:\/\/educatespilar.com\/?p=52"},"modified":"2025-11-04T17:54:04","modified_gmt":"2025-11-04T17:54:04","slug":"preparar-a-las-nuevas-generaciones-para-un-mundo-cambiante","status":"publish","type":"post","link":"https:\/\/educatespilar.com\/es\/preparar-a-las-nuevas-generaciones-para-un-mundo-cambiante\/","title":{"rendered":"Preparar a las nuevas generaciones para un mundo cambiante"},"content":{"rendered":"<p><span style=\"font-weight: 400;\">La educaci\u00f3n necesita poder ser alineada para responder con las necesidades que se desarrollan en un mundo de constante cambio. Un punteo sobre\u00a0 las herramientas que se pueden aplicar.\u00a0<\/span><\/p>\n<p><img data-recalc-dims=\"1\" decoding=\"async\" loading=\"lazy\" class=\"alignnone size-medium wp-image-54\" src=\"https:\/\/i0.wp.com\/educatespilar.com\/wp-content\/uploads\/2025\/08\/top-view-manager-writing-idea-sticky-notes-explain-idea-symposium.jpg?resize=300%2C169&#038;ssl=1\" alt=\"\" width=\"300\" height=\"169\" srcset=\"https:\/\/i0.wp.com\/educatespilar.com\/wp-content\/uploads\/2025\/08\/top-view-manager-writing-idea-sticky-notes-explain-idea-symposium-scaled.jpg?resize=300%2C169&amp;ssl=1 300w, https:\/\/i0.wp.com\/educatespilar.com\/wp-content\/uploads\/2025\/08\/top-view-manager-writing-idea-sticky-notes-explain-idea-symposium-scaled.jpg?resize=1024%2C576&amp;ssl=1 1024w, https:\/\/i0.wp.com\/educatespilar.com\/wp-content\/uploads\/2025\/08\/top-view-manager-writing-idea-sticky-notes-explain-idea-symposium-scaled.jpg?resize=768%2C432&amp;ssl=1 768w, https:\/\/i0.wp.com\/educatespilar.com\/wp-content\/uploads\/2025\/08\/top-view-manager-writing-idea-sticky-notes-explain-idea-symposium-scaled.jpg?resize=1536%2C864&amp;ssl=1 1536w, https:\/\/i0.wp.com\/educatespilar.com\/wp-content\/uploads\/2025\/08\/top-view-manager-writing-idea-sticky-notes-explain-idea-symposium-scaled.jpg?resize=2048%2C1152&amp;ssl=1 2048w\" sizes=\"auto, (max-width: 300px) 100vw, 300px\" \/><\/p>\n<p><span style=\"font-weight: 400;\">La <\/span><b>transformaci\u00f3n<\/b><span style=\"font-weight: 400;\"> constante\u00a0 es una caracter\u00edstica de la \u00e9poca, que impacta \u00e1reas como la tecnol\u00f3gica, el medio ambienta, la vida social y econ\u00f3mica. El desaf\u00edo es preparar educativamente a las nuevas generaciones tiene una gran urgencia.\u00a0<\/span><\/p>\n<p><span style=\"font-weight: 400;\">Ya no alcanza con simplemente <\/span><b>transmitir conocimientos,<\/b><span style=\"font-weight: 400;\"> la educaci\u00f3n del siglo XXI debe formar individuos cr\u00edticos, resilientes y capaces de adaptarse a realidades que cambian con una gran velocidad, seg\u00fan lo requiere el actual escenario.\u00a0<\/span><\/p>\n<p><span style=\"font-weight: 400;\">Desde el <\/span><b>impacto de la inteligencia artificial<\/b><span style=\"font-weight: 400;\"> en el mercado laboral hasta la crisis clim\u00e1tica y la gran desigualdad, la escuela debe ser el espacio desde donde se impulsen las capacidades necesarias para afrontar estos retos de manera proactiva.<\/span><\/p>\n<p><span style=\"font-weight: 400;\">El concepto de <\/span><b>\u201ceducaci\u00f3n de calidad\u201d <\/b><span style=\"font-weight: 400;\">necesita redefinirse ya que calidad ya no es sin\u00f3nimo de\u00a0 transmitir contenidos curriculares, sino que se necesita brindar instrumentos y conocimientos claves en los alumnos que respondan a la \u00e9poca.\u00a0<\/span><\/p>\n<p><span style=\"font-weight: 400;\">Desde pensamiento<\/span><b> cr\u00edtico, creatividad, resoluci\u00f3n de problemas, alfabetizaci\u00f3n digital, <\/b><span style=\"font-weight: 400;\">colaboraci\u00f3n hasta aprendizajes para toda la vida, son sumamente necesarias para una persona en formaci\u00f3n. La educaci\u00f3n se convierte en una herramienta transformadora, no solo para el individuo, sino para la sociedad.<\/span><\/p>\n<h2><b>Educaci\u00f3n para una nueva realidad\u00a0<\/b><\/h2>\n<p><span style=\"font-weight: 400;\">Los <\/span><b>modelos tradicionales<\/b><span style=\"font-weight: 400;\"> de ense\u00f1anza, son centrados en la memorizaci\u00f3n y la repetici\u00f3n y demostraron que no son suficientes en este nuevo escenario, en el que se necesita tener habilidades transversales.\u00a0<\/span><\/p>\n<p><span style=\"font-weight: 400;\">En las aulas del presente\u00a0 se deben integrar metodolog\u00edas que permitan a los estudiantes experimentar, construir conocimiento y entender el sentido de lo que aprenden.<\/span><b> Estrategias <\/b><span style=\"font-weight: 400;\">como el aprendizaje basado en proyectos, el trabajo colaborativo y el pensamiento de dise\u00f1o ofrecen oportunidades para fomentar la innovaci\u00f3n desde edades tempranas.<\/span><\/p>\n<p><span style=\"font-weight: 400;\">La pandemia de COVID-19 es un ejemplo de la necesidad de estas herramientas. Esta situaci\u00f3n mundial dej\u00f3 al descubierto tanto la brecha digital como tambi\u00e9n la necesidad de preparar a <\/span><b>docentes y estudiantes<\/b><span style=\"font-weight: 400;\"> para un ecosistema educativo h\u00edbrido.\u00a0<\/span><\/p>\n<p><span style=\"font-weight: 400;\">La capacidad de poner en <\/span><b>pr\u00e1cticas las herramientas digitales<\/b><span style=\"font-weight: 400;\"> ya no se trata de un complemento, sino de una condici\u00f3n esencial para la inclusi\u00f3n y la participaci\u00f3n en a sociedad del conocimiento.<\/span><\/p>\n<p><span style=\"font-weight: 400;\">Pero en la actualidad, este cambio est\u00e1 en proceso de <\/span><b>adaptaci\u00f3n.<\/b><span style=\"font-weight: 400;\"> Y es la formaci\u00f3n t\u00e9cnica que adquiere un rol de gran relevancia, si bien muchas veces subestimada frente a la educaci\u00f3n universitaria tradicional, la educaci\u00f3n t\u00e9cnica y profesional (ETP) permite a las nuevas generaciones tener competencias espec\u00edficas con aplicaci\u00f3n inmediata en el mundo laboral.<\/span><\/p>\n<p><span style=\"font-weight: 400;\">En <\/span><b>zonas vulnerables o rurales, <\/b><span style=\"font-weight: 400;\">este modelo mostr\u00f3 tener un impacto social profundo. Programas como \u201cEscuelas de oficios con impacto\u201d, implementados en provincias del norte argentino, da al alumno herramientas concretas para que j\u00f3venes accedan a empleos formales y desarrollen proyectos propios en sus comunidades.<\/span><\/p>\n<p><span style=\"font-weight: 400;\">Lo cierto es que el <\/span><b>aprendizaje <\/b><span style=\"font-weight: 400;\">debe concebirse como una construcci\u00f3n conjunta entre escuela, comunidad y sector productivo.<\/span><\/p>\n<p><span style=\"font-weight: 400;\">Adem\u00e1s de<\/span><b> habilidades t\u00e9cnicas y cognitivas<\/b><span style=\"font-weight: 400;\">, preparar a las nuevas generaciones necesita contar con un desarrollo emocional, teniendo capacidad de autorregularse, de trabajar en equipo, de manejar el estr\u00e9s y de empatizar con otros es central en un entorno cada vez m\u00e1s interconectado y multicultural.<\/span><\/p>\n<p><span style=\"font-weight: 400;\">Tambi\u00e9n, los <\/span><b>j\u00f3venes<\/b><span style=\"font-weight: 400;\"> deben ser formados como ciudadanos del mundo, siendo conscientes de los desaf\u00edos globales, como el cambio clim\u00e1tico, la pobreza o las migraciones,\u00a0 y con las herramientas para actuar de manera responsable. Esto requiere de una educaci\u00f3n con perspectiva de derechos humanos, sostenibilidad y participaci\u00f3n democr\u00e1tica.<\/span><\/p>\n<p><span style=\"font-weight: 400;\">Pero lo cierto es que nada de esto ser\u00eda posible sin la <\/span><b>formaci\u00f3n y el acompa\u00f1amiento docente, <\/b><span style=\"font-weight: 400;\">siendo los protagonistas de este escenario, por lo que se necesitan espacios de actualizaci\u00f3n continua, redes de intercambio y condiciones laborales que permitan innovar en las aulas.<\/span><\/p>\n<p><span style=\"font-weight: 400;\">Lo cierto es que el <\/span><b>aprendizaje<\/b><span style=\"font-weight: 400;\"> no termina con la escuela, y es donde el concepto de \u201ceducaci\u00f3n a lo largo de la vida\u201d tiene gran relevancia. Esto se enfoca en poder garantizar el acceso a oportunidades de formaci\u00f3n continua para j\u00f3venes y adultos, as\u00ed como reducir las barreras que enfrentan sectores hist\u00f3ricamente excluidos.<\/span><\/p>\n<p><span style=\"font-weight: 400;\">Las <\/span><b>pol\u00edticas p\u00fablicas<\/b><span style=\"font-weight: 400;\"> deben enfocarse en ampliar el acceso a la educaci\u00f3n flexible, modular y con reconocimiento de saberes previos.<\/span><\/p>\n<p><span style=\"font-weight: 400;\">Preparar a las nuevas <\/span><b>generaciones <\/b><span style=\"font-weight: 400;\">para un mundo cambiante es una necesidad, para que a la hora de enfrentarse al \u201cmundo\u201d cuenten con las herramientas que son necesarias. En una \u00e9poca donde la incertidumbre parece ser la \u00fanica constante, la educaci\u00f3n act\u00faa como br\u00fajula ya que gu\u00eda, sostiene, proyecta.<\/span><\/p>\n<p><span style=\"font-weight: 400;\">I<\/span><b>nvertir en educaci\u00f3n<\/b><span style=\"font-weight: 400;\"> es la mejor estrategia para construir sociedades m\u00e1s justas, resilientes y sostenibles, para\u00a0 formar personas capaces de imaginar y construir un futuro distinto.<\/span><\/p>\n<p>&nbsp;<\/p>\n","protected":false},"excerpt":{"rendered":"<p>La educaci\u00f3n necesita poder ser alineada para responder con las necesidades que se desarrollan en un mundo de constante cambio. Un punteo sobre\u00a0 las herramientas que se pueden aplicar.\u00a0 La transformaci\u00f3n constante\u00a0 es una caracter\u00edstica de la \u00e9poca, que impacta \u00e1reas como la tecnol\u00f3gica, el medio ambienta, la vida social y econ\u00f3mica. El desaf\u00edo es [&hellip;]<\/p>\n","protected":false},"author":2,"featured_media":54,"comment_status":"closed","ping_status":"closed","sticky":false,"template":"","format":"standard","meta":{"nf_dc_page":"","_jetpack_memberships_contains_paid_content":false,"footnotes":""},"categories":[9],"tags":[14,13],"class_list":["post-52","post","type-post","status-publish","format-standard","has-post-thumbnail","hentry","category-educacion","tag-conocimiento","tag-transformacion"],"yoast_head":"<!-- This site is optimized with the Yoast SEO plugin v27.4 - https:\/\/yoast.com\/product\/yoast-seo-wordpress\/ -->\n<title>Preparar a las nuevas generaciones para un mundo cambiante - EducatesPilar.com<\/title>\n<meta name=\"robots\" content=\"index, follow, max-snippet:-1, max-image-preview:large, max-video-preview:-1\" \/>\n<link rel=\"canonical\" href=\"https:\/\/educatespilar.com\/es\/preparar-a-las-nuevas-generaciones-para-un-mundo-cambiante\/\" \/>\n<meta property=\"og:locale\" content=\"es_ES\" \/>\n<meta property=\"og:type\" content=\"article\" \/>\n<meta property=\"og:title\" content=\"Preparar a las nuevas generaciones para un mundo cambiante - EducatesPilar.com\" \/>\n<meta property=\"og:description\" content=\"La educaci\u00f3n necesita poder ser alineada para responder con las necesidades que se desarrollan en un mundo de constante cambio. Un punteo sobre\u00a0 las herramientas que se pueden aplicar.\u00a0 La transformaci\u00f3n constante\u00a0 es una caracter\u00edstica de la \u00e9poca, que impacta \u00e1reas como la tecnol\u00f3gica, el medio ambienta, la vida social y econ\u00f3mica. El desaf\u00edo es [&hellip;]\" \/>\n<meta property=\"og:url\" content=\"https:\/\/educatespilar.com\/es\/preparar-a-las-nuevas-generaciones-para-un-mundo-cambiante\/\" \/>\n<meta property=\"og:site_name\" content=\"EducatesPilar.com\" \/>\n<meta property=\"article:published_time\" content=\"2025-09-04T20:36:46+00:00\" \/>\n<meta property=\"article:modified_time\" content=\"2025-11-04T17:54:04+00:00\" \/>\n<meta property=\"og:image\" content=\"https:\/\/educatespilar.com\/wp-content\/uploads\/2025\/08\/top-view-manager-writing-idea-sticky-notes-explain-idea-symposium-scaled.jpg\" \/>\n\t<meta property=\"og:image:width\" content=\"2560\" \/>\n\t<meta property=\"og:image:height\" content=\"1440\" \/>\n\t<meta property=\"og:image:type\" content=\"image\/jpeg\" \/>\n<meta name=\"author\" content=\"educates\" \/>\n<meta name=\"twitter:card\" content=\"summary_large_image\" \/>\n<meta name=\"twitter:label1\" content=\"Escrito por\" \/>\n\t<meta name=\"twitter:data1\" content=\"educates\" \/>\n\t<meta name=\"twitter:label2\" content=\"Tiempo de lectura\" \/>\n\t<meta name=\"twitter:data2\" content=\"4 minutos\" \/>\n<script type=\"application\/ld+json\" class=\"yoast-schema-graph\">{\"@context\":\"https:\\\/\\\/schema.org\",\"@graph\":[{\"@type\":\"Article\",\"@id\":\"https:\\\/\\\/educatespilar.com\\\/preparar-a-las-nuevas-generaciones-para-un-mundo-cambiante\\\/#article\",\"isPartOf\":{\"@id\":\"https:\\\/\\\/educatespilar.com\\\/preparar-a-las-nuevas-generaciones-para-un-mundo-cambiante\\\/\"},\"author\":{\"name\":\"educates\",\"@id\":\"https:\\\/\\\/tzs.pgq.temporary.site\\\/website_c18d3ae6\\\/#\\\/schema\\\/person\\\/655446504db2a404e6921d90ab7c0a0f\"},\"headline\":\"Preparar a las nuevas generaciones para un mundo cambiante\",\"datePublished\":\"2025-09-04T20:36:46+00:00\",\"dateModified\":\"2025-11-04T17:54:04+00:00\",\"mainEntityOfPage\":{\"@id\":\"https:\\\/\\\/educatespilar.com\\\/preparar-a-las-nuevas-generaciones-para-un-mundo-cambiante\\\/\"},\"wordCount\":856,\"image\":{\"@id\":\"https:\\\/\\\/educatespilar.com\\\/preparar-a-las-nuevas-generaciones-para-un-mundo-cambiante\\\/#primaryimage\"},\"thumbnailUrl\":\"https:\\\/\\\/i0.wp.com\\\/educatespilar.com\\\/wp-content\\\/uploads\\\/2025\\\/08\\\/top-view-manager-writing-idea-sticky-notes-explain-idea-symposium-scaled.jpg?fit=2560%2C1440&ssl=1\",\"keywords\":[\"conocimiento\",\"transformacion\"],\"articleSection\":[\"Educaci\u00f3n\"],\"inLanguage\":\"es-AR\"},{\"@type\":\"WebPage\",\"@id\":\"https:\\\/\\\/educatespilar.com\\\/preparar-a-las-nuevas-generaciones-para-un-mundo-cambiante\\\/\",\"url\":\"https:\\\/\\\/educatespilar.com\\\/preparar-a-las-nuevas-generaciones-para-un-mundo-cambiante\\\/\",\"name\":\"Preparar a las nuevas generaciones para un mundo cambiante - EducatesPilar.com\",\"isPartOf\":{\"@id\":\"https:\\\/\\\/tzs.pgq.temporary.site\\\/website_c18d3ae6\\\/#website\"},\"primaryImageOfPage\":{\"@id\":\"https:\\\/\\\/educatespilar.com\\\/preparar-a-las-nuevas-generaciones-para-un-mundo-cambiante\\\/#primaryimage\"},\"image\":{\"@id\":\"https:\\\/\\\/educatespilar.com\\\/preparar-a-las-nuevas-generaciones-para-un-mundo-cambiante\\\/#primaryimage\"},\"thumbnailUrl\":\"https:\\\/\\\/i0.wp.com\\\/educatespilar.com\\\/wp-content\\\/uploads\\\/2025\\\/08\\\/top-view-manager-writing-idea-sticky-notes-explain-idea-symposium-scaled.jpg?fit=2560%2C1440&ssl=1\",\"datePublished\":\"2025-09-04T20:36:46+00:00\",\"dateModified\":\"2025-11-04T17:54:04+00:00\",\"author\":{\"@id\":\"https:\\\/\\\/tzs.pgq.temporary.site\\\/website_c18d3ae6\\\/#\\\/schema\\\/person\\\/655446504db2a404e6921d90ab7c0a0f\"},\"breadcrumb\":{\"@id\":\"https:\\\/\\\/educatespilar.com\\\/preparar-a-las-nuevas-generaciones-para-un-mundo-cambiante\\\/#breadcrumb\"},\"inLanguage\":\"es-AR\",\"potentialAction\":[{\"@type\":\"ReadAction\",\"target\":[\"https:\\\/\\\/educatespilar.com\\\/preparar-a-las-nuevas-generaciones-para-un-mundo-cambiante\\\/\"]}]},{\"@type\":\"ImageObject\",\"inLanguage\":\"es-AR\",\"@id\":\"https:\\\/\\\/educatespilar.com\\\/preparar-a-las-nuevas-generaciones-para-un-mundo-cambiante\\\/#primaryimage\",\"url\":\"https:\\\/\\\/i0.wp.com\\\/educatespilar.com\\\/wp-content\\\/uploads\\\/2025\\\/08\\\/top-view-manager-writing-idea-sticky-notes-explain-idea-symposium-scaled.jpg?fit=2560%2C1440&ssl=1\",\"contentUrl\":\"https:\\\/\\\/i0.wp.com\\\/educatespilar.com\\\/wp-content\\\/uploads\\\/2025\\\/08\\\/top-view-manager-writing-idea-sticky-notes-explain-idea-symposium-scaled.jpg?fit=2560%2C1440&ssl=1\",\"width\":2560,\"height\":1440,\"caption\":\"Sesi\u00f3n de trabajo en equipo con lluvia de ideas y planificaci\u00f3n estrat\u00e9gica.\"},{\"@type\":\"BreadcrumbList\",\"@id\":\"https:\\\/\\\/educatespilar.com\\\/preparar-a-las-nuevas-generaciones-para-un-mundo-cambiante\\\/#breadcrumb\",\"itemListElement\":[{\"@type\":\"ListItem\",\"position\":1,\"name\":\"Home\",\"item\":\"https:\\\/\\\/educatespilar.com\\\/\"},{\"@type\":\"ListItem\",\"position\":2,\"name\":\"Preparar a las nuevas generaciones para un mundo cambiante\"}]},{\"@type\":\"WebSite\",\"@id\":\"https:\\\/\\\/tzs.pgq.temporary.site\\\/website_c18d3ae6\\\/#website\",\"url\":\"https:\\\/\\\/tzs.pgq.temporary.site\\\/website_c18d3ae6\\\/\",\"name\":\"EducatesPilar.com\",\"description\":\"\",\"potentialAction\":[{\"@type\":\"SearchAction\",\"target\":{\"@type\":\"EntryPoint\",\"urlTemplate\":\"https:\\\/\\\/tzs.pgq.temporary.site\\\/website_c18d3ae6\\\/?s={search_term_string}\"},\"query-input\":{\"@type\":\"PropertyValueSpecification\",\"valueRequired\":true,\"valueName\":\"search_term_string\"}}],\"inLanguage\":\"es-AR\"},{\"@type\":\"Person\",\"@id\":\"https:\\\/\\\/tzs.pgq.temporary.site\\\/website_c18d3ae6\\\/#\\\/schema\\\/person\\\/655446504db2a404e6921d90ab7c0a0f\",\"name\":\"educates\",\"image\":{\"@type\":\"ImageObject\",\"inLanguage\":\"es-AR\",\"@id\":\"https:\\\/\\\/secure.gravatar.com\\\/avatar\\\/f1e844324149cf607705bdc3821ac52f5613382cc275e3a009bc73539c52a819?s=96&d=mm&r=g\",\"url\":\"https:\\\/\\\/secure.gravatar.com\\\/avatar\\\/f1e844324149cf607705bdc3821ac52f5613382cc275e3a009bc73539c52a819?s=96&d=mm&r=g\",\"contentUrl\":\"https:\\\/\\\/secure.gravatar.com\\\/avatar\\\/f1e844324149cf607705bdc3821ac52f5613382cc275e3a009bc73539c52a819?s=96&d=mm&r=g\",\"caption\":\"educates\"},\"url\":\"https:\\\/\\\/educatespilar.com\\\/es\\\/author\\\/educates\\\/\"}]}<\/script>\n<!-- \/ Yoast SEO plugin. -->","yoast_head_json":{"title":"Preparar a las nuevas generaciones para un mundo cambiante - EducatesPilar.com","robots":{"index":"index","follow":"follow","max-snippet":"max-snippet:-1","max-image-preview":"max-image-preview:large","max-video-preview":"max-video-preview:-1"},"canonical":"https:\/\/educatespilar.com\/es\/preparar-a-las-nuevas-generaciones-para-un-mundo-cambiante\/","og_locale":"es_ES","og_type":"article","og_title":"Preparar a las nuevas generaciones para un mundo cambiante - EducatesPilar.com","og_description":"La educaci\u00f3n necesita poder ser alineada para responder con las necesidades que se desarrollan en un mundo de constante cambio. Un punteo sobre\u00a0 las herramientas que se pueden aplicar.\u00a0 La transformaci\u00f3n constante\u00a0 es una caracter\u00edstica de la \u00e9poca, que impacta \u00e1reas como la tecnol\u00f3gica, el medio ambienta, la vida social y econ\u00f3mica. El desaf\u00edo es [&hellip;]","og_url":"https:\/\/educatespilar.com\/es\/preparar-a-las-nuevas-generaciones-para-un-mundo-cambiante\/","og_site_name":"EducatesPilar.com","article_published_time":"2025-09-04T20:36:46+00:00","article_modified_time":"2025-11-04T17:54:04+00:00","og_image":[{"width":2560,"height":1440,"url":"https:\/\/educatespilar.com\/wp-content\/uploads\/2025\/08\/top-view-manager-writing-idea-sticky-notes-explain-idea-symposium-scaled.jpg","type":"image\/jpeg"}],"author":"educates","twitter_card":"summary_large_image","twitter_misc":{"Escrito por":"educates","Tiempo de lectura":"4 minutos"},"schema":{"@context":"https:\/\/schema.org","@graph":[{"@type":"Article","@id":"https:\/\/educatespilar.com\/preparar-a-las-nuevas-generaciones-para-un-mundo-cambiante\/#article","isPartOf":{"@id":"https:\/\/educatespilar.com\/preparar-a-las-nuevas-generaciones-para-un-mundo-cambiante\/"},"author":{"name":"educates","@id":"https:\/\/tzs.pgq.temporary.site\/website_c18d3ae6\/#\/schema\/person\/655446504db2a404e6921d90ab7c0a0f"},"headline":"Preparar a las nuevas generaciones para un mundo cambiante","datePublished":"2025-09-04T20:36:46+00:00","dateModified":"2025-11-04T17:54:04+00:00","mainEntityOfPage":{"@id":"https:\/\/educatespilar.com\/preparar-a-las-nuevas-generaciones-para-un-mundo-cambiante\/"},"wordCount":856,"image":{"@id":"https:\/\/educatespilar.com\/preparar-a-las-nuevas-generaciones-para-un-mundo-cambiante\/#primaryimage"},"thumbnailUrl":"https:\/\/i0.wp.com\/educatespilar.com\/wp-content\/uploads\/2025\/08\/top-view-manager-writing-idea-sticky-notes-explain-idea-symposium-scaled.jpg?fit=2560%2C1440&ssl=1","keywords":["conocimiento","transformacion"],"articleSection":["Educaci\u00f3n"],"inLanguage":"es-AR"},{"@type":"WebPage","@id":"https:\/\/educatespilar.com\/preparar-a-las-nuevas-generaciones-para-un-mundo-cambiante\/","url":"https:\/\/educatespilar.com\/preparar-a-las-nuevas-generaciones-para-un-mundo-cambiante\/","name":"Preparar a las nuevas generaciones para un mundo cambiante - EducatesPilar.com","isPartOf":{"@id":"https:\/\/tzs.pgq.temporary.site\/website_c18d3ae6\/#website"},"primaryImageOfPage":{"@id":"https:\/\/educatespilar.com\/preparar-a-las-nuevas-generaciones-para-un-mundo-cambiante\/#primaryimage"},"image":{"@id":"https:\/\/educatespilar.com\/preparar-a-las-nuevas-generaciones-para-un-mundo-cambiante\/#primaryimage"},"thumbnailUrl":"https:\/\/i0.wp.com\/educatespilar.com\/wp-content\/uploads\/2025\/08\/top-view-manager-writing-idea-sticky-notes-explain-idea-symposium-scaled.jpg?fit=2560%2C1440&ssl=1","datePublished":"2025-09-04T20:36:46+00:00","dateModified":"2025-11-04T17:54:04+00:00","author":{"@id":"https:\/\/tzs.pgq.temporary.site\/website_c18d3ae6\/#\/schema\/person\/655446504db2a404e6921d90ab7c0a0f"},"breadcrumb":{"@id":"https:\/\/educatespilar.com\/preparar-a-las-nuevas-generaciones-para-un-mundo-cambiante\/#breadcrumb"},"inLanguage":"es-AR","potentialAction":[{"@type":"ReadAction","target":["https:\/\/educatespilar.com\/preparar-a-las-nuevas-generaciones-para-un-mundo-cambiante\/"]}]},{"@type":"ImageObject","inLanguage":"es-AR","@id":"https:\/\/educatespilar.com\/preparar-a-las-nuevas-generaciones-para-un-mundo-cambiante\/#primaryimage","url":"https:\/\/i0.wp.com\/educatespilar.com\/wp-content\/uploads\/2025\/08\/top-view-manager-writing-idea-sticky-notes-explain-idea-symposium-scaled.jpg?fit=2560%2C1440&ssl=1","contentUrl":"https:\/\/i0.wp.com\/educatespilar.com\/wp-content\/uploads\/2025\/08\/top-view-manager-writing-idea-sticky-notes-explain-idea-symposium-scaled.jpg?fit=2560%2C1440&ssl=1","width":2560,"height":1440,"caption":"Sesi\u00f3n de trabajo en equipo con lluvia de ideas y planificaci\u00f3n estrat\u00e9gica."},{"@type":"BreadcrumbList","@id":"https:\/\/educatespilar.com\/preparar-a-las-nuevas-generaciones-para-un-mundo-cambiante\/#breadcrumb","itemListElement":[{"@type":"ListItem","position":1,"name":"Home","item":"https:\/\/educatespilar.com\/"},{"@type":"ListItem","position":2,"name":"Preparar a las nuevas generaciones para un mundo cambiante"}]},{"@type":"WebSite","@id":"https:\/\/tzs.pgq.temporary.site\/website_c18d3ae6\/#website","url":"https:\/\/tzs.pgq.temporary.site\/website_c18d3ae6\/","name":"EducatesPilar.com","description":"","potentialAction":[{"@type":"SearchAction","target":{"@type":"EntryPoint","urlTemplate":"https:\/\/tzs.pgq.temporary.site\/website_c18d3ae6\/?s={search_term_string}"},"query-input":{"@type":"PropertyValueSpecification","valueRequired":true,"valueName":"search_term_string"}}],"inLanguage":"es-AR"},{"@type":"Person","@id":"https:\/\/tzs.pgq.temporary.site\/website_c18d3ae6\/#\/schema\/person\/655446504db2a404e6921d90ab7c0a0f","name":"educates","image":{"@type":"ImageObject","inLanguage":"es-AR","@id":"https:\/\/secure.gravatar.com\/avatar\/f1e844324149cf607705bdc3821ac52f5613382cc275e3a009bc73539c52a819?s=96&d=mm&r=g","url":"https:\/\/secure.gravatar.com\/avatar\/f1e844324149cf607705bdc3821ac52f5613382cc275e3a009bc73539c52a819?s=96&d=mm&r=g","contentUrl":"https:\/\/secure.gravatar.com\/avatar\/f1e844324149cf607705bdc3821ac52f5613382cc275e3a009bc73539c52a819?s=96&d=mm&r=g","caption":"educates"},"url":"https:\/\/educatespilar.com\/es\/author\/educates\/"}]}},"jetpack_featured_media_url":"https:\/\/i0.wp.com\/educatespilar.com\/wp-content\/uploads\/2025\/08\/top-view-manager-writing-idea-sticky-notes-explain-idea-symposium-scaled.jpg?fit=2560%2C1440&ssl=1","jetpack_sharing_enabled":true,"_links":{"self":[{"href":"https:\/\/educatespilar.com\/es\/wp-json\/wp\/v2\/posts\/52","targetHints":{"allow":["GET"]}}],"collection":[{"href":"https:\/\/educatespilar.com\/es\/wp-json\/wp\/v2\/posts"}],"about":[{"href":"https:\/\/educatespilar.com\/es\/wp-json\/wp\/v2\/types\/post"}],"author":[{"embeddable":true,"href":"https:\/\/educatespilar.com\/es\/wp-json\/wp\/v2\/users\/2"}],"replies":[{"embeddable":true,"href":"https:\/\/educatespilar.com\/es\/wp-json\/wp\/v2\/comments?post=52"}],"version-history":[{"count":1,"href":"https:\/\/educatespilar.com\/es\/wp-json\/wp\/v2\/posts\/52\/revisions"}],"predecessor-version":[{"id":55,"href":"https:\/\/educatespilar.com\/es\/wp-json\/wp\/v2\/posts\/52\/revisions\/55"}],"wp:featuredmedia":[{"embeddable":true,"href":"https:\/\/educatespilar.com\/es\/wp-json\/wp\/v2\/media\/54"}],"wp:attachment":[{"href":"https:\/\/educatespilar.com\/es\/wp-json\/wp\/v2\/media?parent=52"}],"wp:term":[{"taxonomy":"category","embeddable":true,"href":"https:\/\/educatespilar.com\/es\/wp-json\/wp\/v2\/categories?post=52"},{"taxonomy":"post_tag","embeddable":true,"href":"https:\/\/educatespilar.com\/es\/wp-json\/wp\/v2\/tags?post=52"}],"curies":[{"name":"wp","href":"https:\/\/api.w.org\/{rel}","templated":true}]}}