{"id":494,"date":"2026-04-20T07:33:01","date_gmt":"2026-04-20T07:33:01","guid":{"rendered":"https:\/\/educatespilar.com\/?p=494"},"modified":"2026-04-21T14:33:52","modified_gmt":"2026-04-21T14:33:52","slug":"clasificacion-de-los-conceptos","status":"publish","type":"post","link":"https:\/\/educatespilar.com\/es\/clasificacion-de-los-conceptos\/","title":{"rendered":"Clasificaci\u00f3n de los Conceptos"},"content":{"rendered":"<p><img data-recalc-dims=\"1\" decoding=\"async\" loading=\"lazy\" class=\"alignnone size-medium wp-image-496\" src=\"https:\/\/i0.wp.com\/educatespilar.com\/wp-content\/uploads\/2026\/04\/public-examination-preparation-concept-2.jpg?resize=300%2C200&#038;ssl=1\" alt=\"\" width=\"300\" height=\"200\" srcset=\"https:\/\/i0.wp.com\/educatespilar.com\/wp-content\/uploads\/2026\/04\/public-examination-preparation-concept-2-scaled.jpg?resize=300%2C200&amp;ssl=1 300w, https:\/\/i0.wp.com\/educatespilar.com\/wp-content\/uploads\/2026\/04\/public-examination-preparation-concept-2-scaled.jpg?resize=1024%2C684&amp;ssl=1 1024w, https:\/\/i0.wp.com\/educatespilar.com\/wp-content\/uploads\/2026\/04\/public-examination-preparation-concept-2-scaled.jpg?resize=768%2C513&amp;ssl=1 768w, https:\/\/i0.wp.com\/educatespilar.com\/wp-content\/uploads\/2026\/04\/public-examination-preparation-concept-2-scaled.jpg?resize=1536%2C1025&amp;ssl=1 1536w, https:\/\/i0.wp.com\/educatespilar.com\/wp-content\/uploads\/2026\/04\/public-examination-preparation-concept-2-scaled.jpg?resize=2048%2C1367&amp;ssl=1 2048w, https:\/\/i0.wp.com\/educatespilar.com\/wp-content\/uploads\/2026\/04\/public-examination-preparation-concept-2-scaled.jpg?resize=18%2C12&amp;ssl=1 18w, https:\/\/i0.wp.com\/educatespilar.com\/wp-content\/uploads\/2026\/04\/public-examination-preparation-concept-2-scaled.jpg?resize=600%2C401&amp;ssl=1 600w\" sizes=\"auto, (max-width: 300px) 100vw, 300px\" \/><\/p>\n<p><span style=\"font-weight: 400;\">El m\u00e1s conocido expositor de la l\u00f3gica fenomenol\u00f3gica, Alexander Pf\u00e4nder (1870-1941), ha elaborado una clasificaci\u00f3n de los conceptos muy difundida. En ella distingue por un lado los conceptos que se refieren a objetos, y por el otro, los que establecen relaciones. Llama a los primeros, objetivos, y a los segundos, funcionales. Los conceptos objetivos pueden ser sujeto o predicado; los funcionales, en cambio, se limitan a relacionar otros conceptos: el sujeto con el predicado, o bien los distintos t\u00e9rminos de un sujeto o de un predicado compuesto. Por ejemplo: tres conceptos objetivos aislados, \u201cnoche\u201d, \u201clarga\u201d y \u201csilenciosa\u201d pueden relacionarse por medio de los conceptos funcionales \u201ces\u201d e \u201cy\u201d formando el juicio \u201cLa noche es larga y silenciosa&#8221;. Los tres conceptos objetivos han formado el sujeto y predicado compuesto del juicio, en tanto que los conceptos funcionales \u201ces\u201d e \u201cy\u201d actuaron como c\u00f3pula el primero, y como concepto coordinador de los dos t\u00e9rminos del predicado el segundo. Pf\u00e4nder incluye en su L\u00f3gica una detallada clasificaci\u00f3n de los conceptos funcionales, que subdivide en a perceptivos y mentales seg\u00fan el siguiente esquema:<\/span><\/p>\n<p><b>EL JUICIO<\/b><\/p>\n<p><span style=\"font-weight: 400;\">Se ha dicho m\u00e1s arriba que los conceptos son pensamientos de formas, de estructuras, que a su vez se refieren a ciertas notas de los objetos. Empero, en el acto de pensar, no se piensan conceptos sino juicios. Aun cuando se enuncie por medio de un t\u00e9rmino un cierto concepto aislado <\/span><i><span style=\"font-weight: 400;\">(casa,<\/span><\/i> <i><span style=\"font-weight: 400;\">hombre)<\/span><\/i><span style=\"font-weight: 400;\"> se estar\u00e1 pensando un juicio del tipo<\/span><i><span style=\"font-weight: 400;\"> esto es una casa, esto es un hombre. <\/span><\/i><span style=\"font-weight: 400;\">De<\/span> <span style=\"font-weight: 400;\">ah\u00ed que s\u00f3lo se pueda hablar de los conceptos como elementos de una estructura que es el juicio del que depende su sentido o significaci\u00f3n. El juicio es, pues, la forma fundamental del pensamiento, y, por consiguiente, la estructura l\u00f3gica fundamental, ya que los conceptos son sus elementos, y los razonamientos, las distintas formas de ordenarlos.<\/span><\/p>\n<p><span style=\"font-weight: 400;\">En las expresiones:<\/span><\/p>\n<ol>\n<li><span style=\"font-weight: 400;\"> S\u00f3crates es un fil\u00f3sofo.<\/span><\/li>\n<li><span style=\"font-weight: 400;\"> El cuadrado es una figura.<\/span><\/li>\n<li><span style=\"font-weight: 400;\"> El elefante no es un insecto, se observa: (a) que son tres enunciados formados por conceptos; (b) que en cada enunciado se afirma o se niega algo, esto es, se dice de algo que es o que no es; (c) que las tres expresiones<\/span><\/li>\n<\/ol>\n<p><span style=\"font-weight: 400;\">son de car\u00e1cter aseverativo a diferencia de estas otras:<\/span><\/p>\n<ol start=\"4\">\n<li><span style=\"font-weight: 400;\"> El cielo azul.<\/span><\/li>\n<li><span style=\"font-weight: 400;\"> Es S\u00f3crates un fil\u00f3sofo?<\/span><\/li>\n<li><span style=\"font-weight: 400;\"> Dibuje usted una figura cuadrada.<\/span><\/li>\n<li><span style=\"font-weight: 400;\"> El elefante no es un insecto! en las cuales se observa que no afirman ni niegan nada. En efecto, la expresi\u00f3n (4) es una simple sucesi\u00f3n de conceptos, la (5) es una interrogaci\u00f3n, la (6) una orden y la (7) una expresi\u00f3n admirativa. Para la l\u00f3gica las expresiones (1), (2) y (3) son juicios, las (4), (5), (6) y (7), no.<\/span><\/li>\n<\/ol>\n<p><span style=\"font-weight: 400;\">Se puede definir entonces el juicio diciendo que es una relaci\u00f3n enunciativa entre conceptos, en la que se afirma o se niega algo. Surge de esta definici\u00f3n que, por su car\u00e1cter de aseveraciones, los juicios son pensamientos delos cuales se puede predicar que son verdaderos o<\/span><i><span style=\"font-weight: 400;\"> falsos; <\/span><\/i><span style=\"font-weight: 400;\">m\u00e1s<\/span> <span style=\"font-weight: 400;\">a\u00fan, que<\/span> <span style=\"font-weight: 400;\">son<\/span><i><span style=\"font-weight: 400;\"> necesariamente <\/span><\/i><span style=\"font-weight: 400;\">una<\/span> <span style=\"font-weight: 400;\">u otra cosa.<\/span><\/p>\n<p><span style=\"font-weight: 400;\">Los conceptos no pueden ser ni lo uno ni lo otro, puesto que nada enuncian; los razonamientos, en cuanto son procesos u ordenamientos l\u00f3gicos, podr\u00e1n ser correctos o incorrectos, pero no verdaderos o falsos. Los juicios, en cambio, al enunciar afirmando o negando, no pueden ser m\u00e1s que verdaderos o falsos. Por ello se dijo que los anteriores ejemplos (4), (5), (6) y (7) no son juicios, ya que a una interrogaci\u00f3n o a una orden no se les puede afirmar o negar veracidad.<\/span><\/p>\n<h2><span style=\"font-weight: 400;\">La Proposici\u00f3n<\/span><\/h2>\n<p><span style=\"font-weight: 400;\">As\u00ed como los t\u00e9rminos son la expresi\u00f3n de los conceptos, las proposiciones lo son de los juicios. Para estas \u00faltimas tienen validez las consideraciones que se han hecho antes acerca de los t\u00e9rminos y las palabras, por cuanto las proposiciones pertenecen al \u00e1mbito del lenguaje. En efecto, seg\u00fan ha hecho notar Pf\u00e4nder en su L\u00f3gica, las proposiciones constan de palabras y \u00e9stas de letras, en tanto que los juicios est\u00e1n formados por conceptos, que son elementos irreductibles.<\/span><\/p>\n<ol>\n<li><i><span style=\"font-weight: 400;\"> S\u00f3crates es un fil\u00f3sofo<\/span><\/i><span style=\"font-weight: 400;\"> pueden reemplaz\u00e1rselos t\u00e9rminos del sujeto, del predicado o de ambos a la vez, por otros t\u00e9rminos equivalentes, o sea, que tengan la misma denotaci\u00f3n; y as\u00ed resultar\u00e1n otras proposiciones que expresan igualmente el juicio (1):<\/span><\/li>\n<\/ol>\n<p><span style=\"font-weight: 400;\">1&#8242;. El esposo de Xantipa es un fil\u00f3sofo.<\/span><\/p>\n<p><span style=\"font-weight: 400;\">1&#8243;. S\u00f3crates es un amante de la sabidur\u00eda.<\/span><\/p>\n<p><i><span style=\"font-weight: 400;\">1&#8242;&#8221;. El esposo de Xantipa es un amante de la<\/span><\/i> <i><span style=\"font-weight: 400;\">sabidur\u00eda.<\/span><\/i><span style=\"font-weight: 400;\"> Si<\/span> <span style=\"font-weight: 400;\">se<\/span> <span style=\"font-weight: 400;\">conviene<\/span> <span style=\"font-weight: 400;\">que<\/span> <span style=\"font-weight: 400;\">S\u00f3crates<\/span><i><span style=\"font-weight: 400;\"> y el esposo de<\/span><\/i><span style=\"font-weight: 400;\"> Xantipa, denotan a un mismo individuo, y que <\/span><i><span style=\"font-weight: 400;\">fil\u00f3sofo y amante de la sabidur\u00eda <\/span><\/i><span style=\"font-weight: 400;\">son<\/span> <span style=\"font-weight: 400;\">predicados intercambiables, las proposiciones (1&#8242;), (1&#8243;) y (1&#8243;) expresan el mismo juicio que la proposici\u00f3n (1). Id\u00e9nticamente, las expresiones (5), (6) y (7), que desde el punto de vista gramatical son proposiciones de car\u00e1cter interrogativo (5), imperativo (6) y admirativo (7), no expresan juicio alguno, como se ha visto m\u00e1s arriba.<\/span><\/p>\n<p><span style=\"font-weight: 400;\">Por lo tanto, no existe una correspondencia exacta entre unos y otros. Un juicio puede ser expresado por varias proposiciones; y, contrariamente, existen en todo lenguaje natural proposiciones que no expresan juicio alguno. Por ejemplo, en el juicio que se expres\u00f3 con la proposici\u00f3n:<\/span><\/p>\n<p><span style=\"font-weight: 400;\">S\u00f3lo las proposiciones que gramaticalmente se conocen como enunciativas pueden expresar juicios. De todo esto se desprende, como se ha dicho, que s\u00f3lo de los juicios se puede predicar que son verdaderos o falsos. Las proposiciones \u00fanicamente podr\u00e1n ser <\/span><i><span style=\"font-weight: 400;\">correctas<\/span><\/i> <i><span style=\"font-weight: 400;\">o<\/span><\/i> <i><span style=\"font-weight: 400;\">incorrectas,<\/span><\/i><span style=\"font-weight: 400;\"> desde el punto de vista sint\u00e1ctico, seg\u00fan sea que guarden o no las reglas que la gram\u00e1tica de cada lengua impone.<\/span><\/p>\n<p>&nbsp;<\/p>\n","protected":false},"excerpt":{"rendered":"<p>El m\u00e1s conocido expositor de la l\u00f3gica fenomenol\u00f3gica, Alexander Pf\u00e4nder (1870-1941), ha elaborado una clasificaci\u00f3n de los conceptos muy difundida. En ella distingue por un lado los conceptos que se refieren a objetos, y por el otro, los que establecen relaciones. Llama a los primeros, objetivos, y a los segundos, funcionales. Los conceptos objetivos pueden [&hellip;]<\/p>\n","protected":false},"author":2,"featured_media":496,"comment_status":"closed","ping_status":"closed","sticky":false,"template":"","format":"standard","meta":{"nf_dc_page":"","_jetpack_memberships_contains_paid_content":false,"footnotes":""},"categories":[173],"tags":[145],"class_list":["post-494","post","type-post","status-publish","format-standard","has-post-thumbnail","hentry","category-social","tag-conceptos"],"yoast_head":"<!-- This site is optimized with the Yoast SEO plugin v27.4 - https:\/\/yoast.com\/product\/yoast-seo-wordpress\/ -->\n<title>Clasificaci\u00f3n de los Conceptos - EducatesPilar.com<\/title>\n<meta name=\"robots\" content=\"index, follow, max-snippet:-1, max-image-preview:large, max-video-preview:-1\" \/>\n<link rel=\"canonical\" href=\"https:\/\/educatespilar.com\/es\/clasificacion-de-los-conceptos\/\" \/>\n<meta property=\"og:locale\" content=\"es_ES\" \/>\n<meta property=\"og:type\" content=\"article\" \/>\n<meta property=\"og:title\" content=\"Clasificaci\u00f3n de los Conceptos - EducatesPilar.com\" \/>\n<meta property=\"og:description\" content=\"El m\u00e1s conocido expositor de la l\u00f3gica fenomenol\u00f3gica, Alexander Pf\u00e4nder (1870-1941), ha elaborado una clasificaci\u00f3n de los conceptos muy difundida. En ella distingue por un lado los conceptos que se refieren a objetos, y por el otro, los que establecen relaciones. Llama a los primeros, objetivos, y a los segundos, funcionales. Los conceptos objetivos pueden [&hellip;]\" \/>\n<meta property=\"og:url\" content=\"https:\/\/educatespilar.com\/es\/clasificacion-de-los-conceptos\/\" \/>\n<meta property=\"og:site_name\" content=\"EducatesPilar.com\" \/>\n<meta property=\"article:published_time\" content=\"2026-04-20T07:33:01+00:00\" \/>\n<meta property=\"article:modified_time\" content=\"2026-04-21T14:33:52+00:00\" \/>\n<meta property=\"og:image\" content=\"https:\/\/educatespilar.com\/wp-content\/uploads\/2026\/04\/public-examination-preparation-concept-2-scaled.jpg\" \/>\n\t<meta property=\"og:image:width\" content=\"2560\" \/>\n\t<meta property=\"og:image:height\" content=\"1709\" \/>\n\t<meta property=\"og:image:type\" content=\"image\/jpeg\" \/>\n<meta name=\"author\" content=\"educates\" \/>\n<meta name=\"twitter:card\" content=\"summary_large_image\" \/>\n<meta name=\"twitter:label1\" content=\"Escrito por\" \/>\n\t<meta name=\"twitter:data1\" content=\"educates\" \/>\n\t<meta name=\"twitter:label2\" content=\"Tiempo de lectura\" \/>\n\t<meta name=\"twitter:data2\" content=\"5 minutos\" \/>\n<script type=\"application\/ld+json\" class=\"yoast-schema-graph\">{\"@context\":\"https:\\\/\\\/schema.org\",\"@graph\":[{\"@type\":\"Article\",\"@id\":\"https:\\\/\\\/educatespilar.com\\\/clasificacion-de-los-conceptos\\\/#article\",\"isPartOf\":{\"@id\":\"https:\\\/\\\/educatespilar.com\\\/clasificacion-de-los-conceptos\\\/\"},\"author\":{\"name\":\"educates\",\"@id\":\"https:\\\/\\\/tzs.pgq.temporary.site\\\/website_c18d3ae6\\\/#\\\/schema\\\/person\\\/655446504db2a404e6921d90ab7c0a0f\"},\"headline\":\"Clasificaci\u00f3n de los Conceptos\",\"datePublished\":\"2026-04-20T07:33:01+00:00\",\"dateModified\":\"2026-04-21T14:33:52+00:00\",\"mainEntityOfPage\":{\"@id\":\"https:\\\/\\\/educatespilar.com\\\/clasificacion-de-los-conceptos\\\/\"},\"wordCount\":957,\"image\":{\"@id\":\"https:\\\/\\\/educatespilar.com\\\/clasificacion-de-los-conceptos\\\/#primaryimage\"},\"thumbnailUrl\":\"https:\\\/\\\/i0.wp.com\\\/educatespilar.com\\\/wp-content\\\/uploads\\\/2026\\\/04\\\/public-examination-preparation-concept-2-scaled.jpg?fit=2560%2C1709&ssl=1\",\"keywords\":[\"conceptos\"],\"articleSection\":[\"Social\"],\"inLanguage\":\"es-AR\"},{\"@type\":\"WebPage\",\"@id\":\"https:\\\/\\\/educatespilar.com\\\/clasificacion-de-los-conceptos\\\/\",\"url\":\"https:\\\/\\\/educatespilar.com\\\/clasificacion-de-los-conceptos\\\/\",\"name\":\"Clasificaci\u00f3n de los Conceptos - EducatesPilar.com\",\"isPartOf\":{\"@id\":\"https:\\\/\\\/tzs.pgq.temporary.site\\\/website_c18d3ae6\\\/#website\"},\"primaryImageOfPage\":{\"@id\":\"https:\\\/\\\/educatespilar.com\\\/clasificacion-de-los-conceptos\\\/#primaryimage\"},\"image\":{\"@id\":\"https:\\\/\\\/educatespilar.com\\\/clasificacion-de-los-conceptos\\\/#primaryimage\"},\"thumbnailUrl\":\"https:\\\/\\\/i0.wp.com\\\/educatespilar.com\\\/wp-content\\\/uploads\\\/2026\\\/04\\\/public-examination-preparation-concept-2-scaled.jpg?fit=2560%2C1709&ssl=1\",\"datePublished\":\"2026-04-20T07:33:01+00:00\",\"dateModified\":\"2026-04-21T14:33:52+00:00\",\"author\":{\"@id\":\"https:\\\/\\\/tzs.pgq.temporary.site\\\/website_c18d3ae6\\\/#\\\/schema\\\/person\\\/655446504db2a404e6921d90ab7c0a0f\"},\"breadcrumb\":{\"@id\":\"https:\\\/\\\/educatespilar.com\\\/clasificacion-de-los-conceptos\\\/#breadcrumb\"},\"inLanguage\":\"es-AR\",\"potentialAction\":[{\"@type\":\"ReadAction\",\"target\":[\"https:\\\/\\\/educatespilar.com\\\/clasificacion-de-los-conceptos\\\/\"]}]},{\"@type\":\"ImageObject\",\"inLanguage\":\"es-AR\",\"@id\":\"https:\\\/\\\/educatespilar.com\\\/clasificacion-de-los-conceptos\\\/#primaryimage\",\"url\":\"https:\\\/\\\/i0.wp.com\\\/educatespilar.com\\\/wp-content\\\/uploads\\\/2026\\\/04\\\/public-examination-preparation-concept-2-scaled.jpg?fit=2560%2C1709&ssl=1\",\"contentUrl\":\"https:\\\/\\\/i0.wp.com\\\/educatespilar.com\\\/wp-content\\\/uploads\\\/2026\\\/04\\\/public-examination-preparation-concept-2-scaled.jpg?fit=2560%2C1709&ssl=1\",\"width\":2560,\"height\":1709},{\"@type\":\"BreadcrumbList\",\"@id\":\"https:\\\/\\\/educatespilar.com\\\/clasificacion-de-los-conceptos\\\/#breadcrumb\",\"itemListElement\":[{\"@type\":\"ListItem\",\"position\":1,\"name\":\"Home\",\"item\":\"https:\\\/\\\/educatespilar.com\\\/\"},{\"@type\":\"ListItem\",\"position\":2,\"name\":\"Clasificaci\u00f3n de los Conceptos\"}]},{\"@type\":\"WebSite\",\"@id\":\"https:\\\/\\\/tzs.pgq.temporary.site\\\/website_c18d3ae6\\\/#website\",\"url\":\"https:\\\/\\\/tzs.pgq.temporary.site\\\/website_c18d3ae6\\\/\",\"name\":\"EducatesPilar.com\",\"description\":\"\",\"potentialAction\":[{\"@type\":\"SearchAction\",\"target\":{\"@type\":\"EntryPoint\",\"urlTemplate\":\"https:\\\/\\\/tzs.pgq.temporary.site\\\/website_c18d3ae6\\\/?s={search_term_string}\"},\"query-input\":{\"@type\":\"PropertyValueSpecification\",\"valueRequired\":true,\"valueName\":\"search_term_string\"}}],\"inLanguage\":\"es-AR\"},{\"@type\":\"Person\",\"@id\":\"https:\\\/\\\/tzs.pgq.temporary.site\\\/website_c18d3ae6\\\/#\\\/schema\\\/person\\\/655446504db2a404e6921d90ab7c0a0f\",\"name\":\"educates\",\"image\":{\"@type\":\"ImageObject\",\"inLanguage\":\"es-AR\",\"@id\":\"https:\\\/\\\/secure.gravatar.com\\\/avatar\\\/f1e844324149cf607705bdc3821ac52f5613382cc275e3a009bc73539c52a819?s=96&d=mm&r=g\",\"url\":\"https:\\\/\\\/secure.gravatar.com\\\/avatar\\\/f1e844324149cf607705bdc3821ac52f5613382cc275e3a009bc73539c52a819?s=96&d=mm&r=g\",\"contentUrl\":\"https:\\\/\\\/secure.gravatar.com\\\/avatar\\\/f1e844324149cf607705bdc3821ac52f5613382cc275e3a009bc73539c52a819?s=96&d=mm&r=g\",\"caption\":\"educates\"},\"url\":\"https:\\\/\\\/educatespilar.com\\\/es\\\/author\\\/educates\\\/\"}]}<\/script>\n<!-- \/ Yoast SEO plugin. -->","yoast_head_json":{"title":"Clasificaci\u00f3n de los Conceptos - EducatesPilar.com","robots":{"index":"index","follow":"follow","max-snippet":"max-snippet:-1","max-image-preview":"max-image-preview:large","max-video-preview":"max-video-preview:-1"},"canonical":"https:\/\/educatespilar.com\/es\/clasificacion-de-los-conceptos\/","og_locale":"es_ES","og_type":"article","og_title":"Clasificaci\u00f3n de los Conceptos - EducatesPilar.com","og_description":"El m\u00e1s conocido expositor de la l\u00f3gica fenomenol\u00f3gica, Alexander Pf\u00e4nder (1870-1941), ha elaborado una clasificaci\u00f3n de los conceptos muy difundida. En ella distingue por un lado los conceptos que se refieren a objetos, y por el otro, los que establecen relaciones. Llama a los primeros, objetivos, y a los segundos, funcionales. Los conceptos objetivos pueden [&hellip;]","og_url":"https:\/\/educatespilar.com\/es\/clasificacion-de-los-conceptos\/","og_site_name":"EducatesPilar.com","article_published_time":"2026-04-20T07:33:01+00:00","article_modified_time":"2026-04-21T14:33:52+00:00","og_image":[{"width":2560,"height":1709,"url":"https:\/\/educatespilar.com\/wp-content\/uploads\/2026\/04\/public-examination-preparation-concept-2-scaled.jpg","type":"image\/jpeg"}],"author":"educates","twitter_card":"summary_large_image","twitter_misc":{"Escrito por":"educates","Tiempo de lectura":"5 minutos"},"schema":{"@context":"https:\/\/schema.org","@graph":[{"@type":"Article","@id":"https:\/\/educatespilar.com\/clasificacion-de-los-conceptos\/#article","isPartOf":{"@id":"https:\/\/educatespilar.com\/clasificacion-de-los-conceptos\/"},"author":{"name":"educates","@id":"https:\/\/tzs.pgq.temporary.site\/website_c18d3ae6\/#\/schema\/person\/655446504db2a404e6921d90ab7c0a0f"},"headline":"Clasificaci\u00f3n de los Conceptos","datePublished":"2026-04-20T07:33:01+00:00","dateModified":"2026-04-21T14:33:52+00:00","mainEntityOfPage":{"@id":"https:\/\/educatespilar.com\/clasificacion-de-los-conceptos\/"},"wordCount":957,"image":{"@id":"https:\/\/educatespilar.com\/clasificacion-de-los-conceptos\/#primaryimage"},"thumbnailUrl":"https:\/\/i0.wp.com\/educatespilar.com\/wp-content\/uploads\/2026\/04\/public-examination-preparation-concept-2-scaled.jpg?fit=2560%2C1709&ssl=1","keywords":["conceptos"],"articleSection":["Social"],"inLanguage":"es-AR"},{"@type":"WebPage","@id":"https:\/\/educatespilar.com\/clasificacion-de-los-conceptos\/","url":"https:\/\/educatespilar.com\/clasificacion-de-los-conceptos\/","name":"Clasificaci\u00f3n de los Conceptos - EducatesPilar.com","isPartOf":{"@id":"https:\/\/tzs.pgq.temporary.site\/website_c18d3ae6\/#website"},"primaryImageOfPage":{"@id":"https:\/\/educatespilar.com\/clasificacion-de-los-conceptos\/#primaryimage"},"image":{"@id":"https:\/\/educatespilar.com\/clasificacion-de-los-conceptos\/#primaryimage"},"thumbnailUrl":"https:\/\/i0.wp.com\/educatespilar.com\/wp-content\/uploads\/2026\/04\/public-examination-preparation-concept-2-scaled.jpg?fit=2560%2C1709&ssl=1","datePublished":"2026-04-20T07:33:01+00:00","dateModified":"2026-04-21T14:33:52+00:00","author":{"@id":"https:\/\/tzs.pgq.temporary.site\/website_c18d3ae6\/#\/schema\/person\/655446504db2a404e6921d90ab7c0a0f"},"breadcrumb":{"@id":"https:\/\/educatespilar.com\/clasificacion-de-los-conceptos\/#breadcrumb"},"inLanguage":"es-AR","potentialAction":[{"@type":"ReadAction","target":["https:\/\/educatespilar.com\/clasificacion-de-los-conceptos\/"]}]},{"@type":"ImageObject","inLanguage":"es-AR","@id":"https:\/\/educatespilar.com\/clasificacion-de-los-conceptos\/#primaryimage","url":"https:\/\/i0.wp.com\/educatespilar.com\/wp-content\/uploads\/2026\/04\/public-examination-preparation-concept-2-scaled.jpg?fit=2560%2C1709&ssl=1","contentUrl":"https:\/\/i0.wp.com\/educatespilar.com\/wp-content\/uploads\/2026\/04\/public-examination-preparation-concept-2-scaled.jpg?fit=2560%2C1709&ssl=1","width":2560,"height":1709},{"@type":"BreadcrumbList","@id":"https:\/\/educatespilar.com\/clasificacion-de-los-conceptos\/#breadcrumb","itemListElement":[{"@type":"ListItem","position":1,"name":"Home","item":"https:\/\/educatespilar.com\/"},{"@type":"ListItem","position":2,"name":"Clasificaci\u00f3n de los Conceptos"}]},{"@type":"WebSite","@id":"https:\/\/tzs.pgq.temporary.site\/website_c18d3ae6\/#website","url":"https:\/\/tzs.pgq.temporary.site\/website_c18d3ae6\/","name":"EducatesPilar.com","description":"","potentialAction":[{"@type":"SearchAction","target":{"@type":"EntryPoint","urlTemplate":"https:\/\/tzs.pgq.temporary.site\/website_c18d3ae6\/?s={search_term_string}"},"query-input":{"@type":"PropertyValueSpecification","valueRequired":true,"valueName":"search_term_string"}}],"inLanguage":"es-AR"},{"@type":"Person","@id":"https:\/\/tzs.pgq.temporary.site\/website_c18d3ae6\/#\/schema\/person\/655446504db2a404e6921d90ab7c0a0f","name":"educates","image":{"@type":"ImageObject","inLanguage":"es-AR","@id":"https:\/\/secure.gravatar.com\/avatar\/f1e844324149cf607705bdc3821ac52f5613382cc275e3a009bc73539c52a819?s=96&d=mm&r=g","url":"https:\/\/secure.gravatar.com\/avatar\/f1e844324149cf607705bdc3821ac52f5613382cc275e3a009bc73539c52a819?s=96&d=mm&r=g","contentUrl":"https:\/\/secure.gravatar.com\/avatar\/f1e844324149cf607705bdc3821ac52f5613382cc275e3a009bc73539c52a819?s=96&d=mm&r=g","caption":"educates"},"url":"https:\/\/educatespilar.com\/es\/author\/educates\/"}]}},"jetpack_featured_media_url":"https:\/\/i0.wp.com\/educatespilar.com\/wp-content\/uploads\/2026\/04\/public-examination-preparation-concept-2-scaled.jpg?fit=2560%2C1709&ssl=1","jetpack_sharing_enabled":true,"_links":{"self":[{"href":"https:\/\/educatespilar.com\/es\/wp-json\/wp\/v2\/posts\/494","targetHints":{"allow":["GET"]}}],"collection":[{"href":"https:\/\/educatespilar.com\/es\/wp-json\/wp\/v2\/posts"}],"about":[{"href":"https:\/\/educatespilar.com\/es\/wp-json\/wp\/v2\/types\/post"}],"author":[{"embeddable":true,"href":"https:\/\/educatespilar.com\/es\/wp-json\/wp\/v2\/users\/2"}],"replies":[{"embeddable":true,"href":"https:\/\/educatespilar.com\/es\/wp-json\/wp\/v2\/comments?post=494"}],"version-history":[{"count":1,"href":"https:\/\/educatespilar.com\/es\/wp-json\/wp\/v2\/posts\/494\/revisions"}],"predecessor-version":[{"id":497,"href":"https:\/\/educatespilar.com\/es\/wp-json\/wp\/v2\/posts\/494\/revisions\/497"}],"wp:featuredmedia":[{"embeddable":true,"href":"https:\/\/educatespilar.com\/es\/wp-json\/wp\/v2\/media\/496"}],"wp:attachment":[{"href":"https:\/\/educatespilar.com\/es\/wp-json\/wp\/v2\/media?parent=494"}],"wp:term":[{"taxonomy":"category","embeddable":true,"href":"https:\/\/educatespilar.com\/es\/wp-json\/wp\/v2\/categories?post=494"},{"taxonomy":"post_tag","embeddable":true,"href":"https:\/\/educatespilar.com\/es\/wp-json\/wp\/v2\/tags?post=494"}],"curies":[{"name":"wp","href":"https:\/\/api.w.org\/{rel}","templated":true}]}}