{"id":465,"date":"2026-04-06T07:39:58","date_gmt":"2026-04-06T07:39:58","guid":{"rendered":"https:\/\/educatespilar.com\/?p=465"},"modified":"2026-04-08T12:45:05","modified_gmt":"2026-04-08T12:45:05","slug":"cuadros-sociales","status":"publish","type":"post","link":"https:\/\/educatespilar.com\/es\/cuadros-sociales\/","title":{"rendered":"Cuadros Sociales\u00a0"},"content":{"rendered":"<p><img data-recalc-dims=\"1\" decoding=\"async\" loading=\"lazy\" class=\"alignnone size-medium wp-image-466\" src=\"https:\/\/i0.wp.com\/educatespilar.com\/wp-content\/uploads\/2026\/04\/cropped-picture-young-multiethnic-friends-team.jpg?resize=300%2C200&#038;ssl=1\" alt=\"\" width=\"300\" height=\"200\" srcset=\"https:\/\/i0.wp.com\/educatespilar.com\/wp-content\/uploads\/2026\/04\/cropped-picture-young-multiethnic-friends-team-scaled.jpg?resize=300%2C200&amp;ssl=1 300w, https:\/\/i0.wp.com\/educatespilar.com\/wp-content\/uploads\/2026\/04\/cropped-picture-young-multiethnic-friends-team-scaled.jpg?resize=1024%2C683&amp;ssl=1 1024w, https:\/\/i0.wp.com\/educatespilar.com\/wp-content\/uploads\/2026\/04\/cropped-picture-young-multiethnic-friends-team-scaled.jpg?resize=768%2C512&amp;ssl=1 768w, https:\/\/i0.wp.com\/educatespilar.com\/wp-content\/uploads\/2026\/04\/cropped-picture-young-multiethnic-friends-team-scaled.jpg?resize=1536%2C1024&amp;ssl=1 1536w, https:\/\/i0.wp.com\/educatespilar.com\/wp-content\/uploads\/2026\/04\/cropped-picture-young-multiethnic-friends-team-scaled.jpg?resize=2048%2C1365&amp;ssl=1 2048w, https:\/\/i0.wp.com\/educatespilar.com\/wp-content\/uploads\/2026\/04\/cropped-picture-young-multiethnic-friends-team-scaled.jpg?resize=18%2C12&amp;ssl=1 18w, https:\/\/i0.wp.com\/educatespilar.com\/wp-content\/uploads\/2026\/04\/cropped-picture-young-multiethnic-friends-team-scaled.jpg?resize=600%2C400&amp;ssl=1 600w\" sizes=\"auto, (max-width: 300px) 100vw, 300px\" \/><\/p>\n<p><span style=\"font-weight: 400;\">La naturaleza sociable del hombre, su tendencia espont\u00e1nea a unirse con sus semejantes, da origen a v\u00ednculos naturales de comunidad, que frecuentemente se traducen luego en v\u00ednculos jur\u00eddicos <\/span><i><span style=\"font-weight: 400;\">de sociedad. <\/span><\/i><span style=\"font-weight: 400;\">Hay varios tipos de comunidades y sociedades primarias, en las cuales surge, se desarrolla y se perfecciona la vida del hombre. La primera de ellas es la <\/span><i><span style=\"font-weight: 400;\">familia.<\/span><\/i><span style=\"font-weight: 400;\"> La uni\u00f3n de familias, a su vez, da origen a la <\/span><i><span style=\"font-weight: 400;\">sociedad<\/span><\/i> <i><span style=\"font-weight: 400;\">pol\u00edtica,<\/span><\/i><span style=\"font-weight: 400;\"> que comprende diversos grados: el municipio, la regi\u00f3n (equivalente a veces a la provincia), la naci\u00f3n (cuya organizaci\u00f3n jur\u00eddica constituye el Estado) y la comunidad internacional (esta \u00faltima todav\u00eda en grado incipiente de estructuraci\u00f3n societaria). Est\u00e1, adem\u00e1s, como la historia muestra en todos los pueblos y para todas las \u00e9pocas, la <\/span><i><span style=\"font-weight: 400;\">sociedad<\/span><\/i> <i><span style=\"font-weight: 400;\">religiosa<\/span><\/i><span style=\"font-weight: 400;\"> (Iglesia o instituci\u00f3n equivalente), que, a diferencia de las dem\u00e1s, tiene una finalidad trascendente en el tiempo y en el espacio. Existe otro tipo de sociedad cuya existencia, aunque no imprescindible como la de las anteriores, lo es pr\u00e1cticamente desde el momento en que el hombre y toda su especie necesita ejercer una actividad profesional ya sea, econ\u00f3mica, social o cultural que trasciende a su propia o al entorno de la misma familia. Dicha sociedad supone o cree suponer las vinculaciones estables y una solidaridad de intereses entre todos los que la practican, por encima de las diferencias<\/span> <span style=\"font-weight: 400;\">de<\/span> <span style=\"font-weight: 400;\">categor\u00eda.<\/span><i><span style=\"font-weight: 400;\">\u00a0<\/span><\/i><\/p>\n<h2><span style=\"font-weight: 400;\">Es<\/span> <span style=\"font-weight: 400;\">la<\/span><i><span style=\"font-weight: 400;\"> comunidad profesional.<\/span><\/i><\/h2>\n<p><span style=\"font-weight: 400;\">Estas diversas comunidades y sociedades, a las que todav\u00eda hay que agregar la variad\u00edsima gama de <\/span><i><span style=\"font-weight: 400;\">asociaciones<\/span><\/i><span style=\"font-weight: 400;\"> que los hombres forman y des-hacen voluntariamente, constituyen los cuadros sociales conocidos como aquellos en los que se desenvuelve la vida del hombre, sus v\u00ednculos, emociones y su actividad. Todos ellos influyen m\u00e1s o menos sobre su comportamiento econ\u00f3mico, y tambi\u00e9n son influidos por \u00e9ste. Cada uno de esos cuadros tiene funciones propias, que deben ser respetadas y protegidas. Es necesario hoy m\u00e1s que nunca recalar, particularmente, que los cuales funciones de los menores o menos fuertes, sino agresi\u00f3n<\/span> <span style=\"font-weight: 400;\">de este<\/span><i><span style=\"font-weight: 400;\"> principio de subsidiaridad <\/span><\/i><span style=\"font-weight: 400;\">da<\/span> <span style=\"font-weight: 400;\">lugar al empobrecimiento del conjunto social y a una creciente concentraci\u00f3n de poder\u00edo en los cuadros sociales absorbentes (o, mejor dicho, en las personas o clases que dirigen esos cuadros). Funciones Econ\u00f3micas de la Comunidad Profesional y de la Sociedad Pol\u00edtica. Estas dos son, entre las diversas clases de cuadros sociales, las que tienen funciones econ\u00f3micas m\u00e1s importantes.<\/span><\/p>\n<p>&nbsp;<\/p>\n<ol>\n<li><span style=\"font-weight: 400;\">Al hablar ahora de<\/span> <span style=\"font-weight: 400;\">la<\/span><i><span style=\"font-weight: 400;\"> comunidad profesional,<\/span><\/i><span style=\"font-weight: 400;\"> se hace referencia a las profesiones econ\u00f3micas. Por lo tanto, no es necesario extenderse sobre sus funciones econ\u00f3micas, ya que \u00e9stas son la raz\u00f3n de ser de su existencia. Pero s\u00ed es oportuno destacar la tendencia cada vez m\u00e1s acentuada a estrechar los v\u00ednculos comunitarios entre todos sus componentes, superando las divergencias y antagonismos que pue-dan existir. As\u00ed, es como en la base de esta comunidad la misma empresa generaba la orientaci\u00f3n actual procurando la mayor relaci\u00f3n personal directa entre sus miembros (empresarios, dirigentes, t\u00e9cnicos, empleados, obreros, empresarios, etc.), tendiendo, ofreciendo y empezando a dar a todos ellos una participaci\u00f3n activa en la vida y la marcha de la misma. En el plano de cada profesi\u00f3n, la solidaridad de intereses de todos sus componentes debiera concretarse en organismos formados por representantes de las diversas categor\u00edas (empresarios, obreros, etc\u00e9tera), organismos con funciones reglamentarias, arbitrales y disciplinarias sobre los miembros de la profesi\u00f3n, con el objeto de lograr la buena marcha de \u00e9sta y la participaci\u00f3n equitativa de sus integrantes en esa buena marcha. A su vez, los organismos mixtos de las diversas profesiones tendr\u00edan que estar vinculados entre s\u00ed, para su coordinaci\u00f3n en pro del bien com\u00fan.<\/span><\/li>\n<\/ol>\n<p>&nbsp;<\/p>\n<ol>\n<li><span style=\"font-weight: 400;\"> Las funciones econ\u00f3micas de la <\/span><i><span style=\"font-weight: 400;\">sociedad<\/span><\/i> <i><span style=\"font-weight: 400;\">pol\u00edtica<\/span><\/i><span style=\"font-weight: 400;\"> son ejercidas por su autoridad. Estas funciones var\u00edan mucho, seg\u00fan las ideolog\u00edas que prevalezcan, y en menos de un siglo han pasado, desde el m\u00ednimo que sosten\u00eda el liberalismo individualista, hasta el estatismo centralizador de nuestros d\u00edas, que va en detrimento de la iniciativa privada y de los cuadros sociales menores (comunidad profesional, municipio, provincia) y tiende a la colectivizaci\u00f3n de la econom\u00eda. Pueden sintetizarse en la siguiente forma las principales funciones econ\u00f3micas de la autoridad pol\u00edtica:<\/span><\/li>\n<li><span style=\"font-weight: 400;\"> Estimular la iniciativa privada, a la cual corresponde, en principio, la actividad econ\u00f3mica.<\/span><\/li>\n<li><span style=\"font-weight: 400;\"> Controlar esa iniciativa y la actuaci\u00f3n de las comunidades profesionales, reprimiendo lo que afecte al bien com\u00fan, particularmente la concentraci\u00f3n del poder econ\u00f3mico.<\/span><\/li>\n<li><span style=\"font-weight: 400;\"> Procurar que haya una distribuci\u00f3n equitativa de los bienes econ\u00f3micos entre los diversos sectores de la poblaci\u00f3n.<\/span><\/li>\n<li><span style=\"font-weight: 400;\"> Ejercer por s\u00ed misma aquellas actividades que la iniciativa privada no realice, a pesar de los est\u00edmulos antes mencionados.<\/span><\/li>\n<li><span style=\"font-weight: 400;\"> Ejercer tambi\u00e9n aquellas actividades que no convenga dejar en manos de la iniciativa privada, por dar a \u00e9sta un extraordinario poder econ\u00f3mico.<\/span><\/li>\n<li><span style=\"font-weight: 400;\"> Preparar, con la colaboraci\u00f3n de los \u00f3rganos profesionales citados anteriormente, programas de desarrollo arm\u00f3nico de las econom\u00edas municipales, regionales y de la econom\u00eda nacional.<\/span><\/li>\n<\/ol>\n","protected":false},"excerpt":{"rendered":"<p>La naturaleza sociable del hombre, su tendencia espont\u00e1nea a unirse con sus semejantes, da origen a v\u00ednculos naturales de comunidad, que frecuentemente se traducen luego en v\u00ednculos jur\u00eddicos de sociedad. Hay varios tipos de comunidades y sociedades primarias, en las cuales surge, se desarrolla y se perfecciona la vida del hombre. La primera de ellas [&hellip;]<\/p>\n","protected":false},"author":2,"featured_media":466,"comment_status":"closed","ping_status":"closed","sticky":false,"template":"","format":"standard","meta":{"nf_dc_page":"","_jetpack_memberships_contains_paid_content":false,"footnotes":""},"categories":[173],"tags":[172],"class_list":["post-465","post","type-post","status-publish","format-standard","has-post-thumbnail","hentry","category-social","tag-cultura-social"],"yoast_head":"<!-- This site is optimized with the Yoast SEO plugin v27.4 - https:\/\/yoast.com\/product\/yoast-seo-wordpress\/ -->\n<title>Cuadros Sociales\u00a0 - EducatesPilar.com<\/title>\n<meta name=\"robots\" content=\"index, follow, max-snippet:-1, max-image-preview:large, max-video-preview:-1\" \/>\n<link rel=\"canonical\" href=\"https:\/\/educatespilar.com\/es\/cuadros-sociales\/\" \/>\n<meta property=\"og:locale\" content=\"es_ES\" \/>\n<meta property=\"og:type\" content=\"article\" \/>\n<meta property=\"og:title\" content=\"Cuadros Sociales\u00a0 - EducatesPilar.com\" \/>\n<meta property=\"og:description\" content=\"La naturaleza sociable del hombre, su tendencia espont\u00e1nea a unirse con sus semejantes, da origen a v\u00ednculos naturales de comunidad, que frecuentemente se traducen luego en v\u00ednculos jur\u00eddicos de sociedad. Hay varios tipos de comunidades y sociedades primarias, en las cuales surge, se desarrolla y se perfecciona la vida del hombre. La primera de ellas [&hellip;]\" \/>\n<meta property=\"og:url\" content=\"https:\/\/educatespilar.com\/es\/cuadros-sociales\/\" \/>\n<meta property=\"og:site_name\" content=\"EducatesPilar.com\" \/>\n<meta property=\"article:published_time\" content=\"2026-04-06T07:39:58+00:00\" \/>\n<meta property=\"article:modified_time\" content=\"2026-04-08T12:45:05+00:00\" \/>\n<meta property=\"og:image\" content=\"https:\/\/educatespilar.com\/wp-content\/uploads\/2026\/04\/cropped-picture-young-multiethnic-friends-team-scaled.jpg\" \/>\n\t<meta property=\"og:image:width\" content=\"2560\" \/>\n\t<meta property=\"og:image:height\" content=\"1707\" \/>\n\t<meta property=\"og:image:type\" content=\"image\/jpeg\" \/>\n<meta name=\"author\" content=\"educates\" \/>\n<meta name=\"twitter:card\" content=\"summary_large_image\" \/>\n<meta name=\"twitter:label1\" content=\"Escrito por\" \/>\n\t<meta name=\"twitter:data1\" content=\"educates\" \/>\n\t<meta name=\"twitter:label2\" content=\"Tiempo de lectura\" \/>\n\t<meta name=\"twitter:data2\" content=\"4 minutos\" \/>\n<script type=\"application\/ld+json\" class=\"yoast-schema-graph\">{\"@context\":\"https:\\\/\\\/schema.org\",\"@graph\":[{\"@type\":\"Article\",\"@id\":\"https:\\\/\\\/educatespilar.com\\\/cuadros-sociales\\\/#article\",\"isPartOf\":{\"@id\":\"https:\\\/\\\/educatespilar.com\\\/cuadros-sociales\\\/\"},\"author\":{\"name\":\"educates\",\"@id\":\"https:\\\/\\\/tzs.pgq.temporary.site\\\/website_c18d3ae6\\\/#\\\/schema\\\/person\\\/655446504db2a404e6921d90ab7c0a0f\"},\"headline\":\"Cuadros Sociales\u00a0\",\"datePublished\":\"2026-04-06T07:39:58+00:00\",\"dateModified\":\"2026-04-08T12:45:05+00:00\",\"mainEntityOfPage\":{\"@id\":\"https:\\\/\\\/educatespilar.com\\\/cuadros-sociales\\\/\"},\"wordCount\":873,\"image\":{\"@id\":\"https:\\\/\\\/educatespilar.com\\\/cuadros-sociales\\\/#primaryimage\"},\"thumbnailUrl\":\"https:\\\/\\\/i0.wp.com\\\/educatespilar.com\\\/wp-content\\\/uploads\\\/2026\\\/04\\\/cropped-picture-young-multiethnic-friends-team-scaled.jpg?fit=2560%2C1707&ssl=1\",\"keywords\":[\"cultura social\"],\"articleSection\":[\"Social\"],\"inLanguage\":\"es-AR\"},{\"@type\":\"WebPage\",\"@id\":\"https:\\\/\\\/educatespilar.com\\\/cuadros-sociales\\\/\",\"url\":\"https:\\\/\\\/educatespilar.com\\\/cuadros-sociales\\\/\",\"name\":\"Cuadros Sociales\u00a0 - EducatesPilar.com\",\"isPartOf\":{\"@id\":\"https:\\\/\\\/tzs.pgq.temporary.site\\\/website_c18d3ae6\\\/#website\"},\"primaryImageOfPage\":{\"@id\":\"https:\\\/\\\/educatespilar.com\\\/cuadros-sociales\\\/#primaryimage\"},\"image\":{\"@id\":\"https:\\\/\\\/educatespilar.com\\\/cuadros-sociales\\\/#primaryimage\"},\"thumbnailUrl\":\"https:\\\/\\\/i0.wp.com\\\/educatespilar.com\\\/wp-content\\\/uploads\\\/2026\\\/04\\\/cropped-picture-young-multiethnic-friends-team-scaled.jpg?fit=2560%2C1707&ssl=1\",\"datePublished\":\"2026-04-06T07:39:58+00:00\",\"dateModified\":\"2026-04-08T12:45:05+00:00\",\"author\":{\"@id\":\"https:\\\/\\\/tzs.pgq.temporary.site\\\/website_c18d3ae6\\\/#\\\/schema\\\/person\\\/655446504db2a404e6921d90ab7c0a0f\"},\"breadcrumb\":{\"@id\":\"https:\\\/\\\/educatespilar.com\\\/cuadros-sociales\\\/#breadcrumb\"},\"inLanguage\":\"es-AR\",\"potentialAction\":[{\"@type\":\"ReadAction\",\"target\":[\"https:\\\/\\\/educatespilar.com\\\/cuadros-sociales\\\/\"]}]},{\"@type\":\"ImageObject\",\"inLanguage\":\"es-AR\",\"@id\":\"https:\\\/\\\/educatespilar.com\\\/cuadros-sociales\\\/#primaryimage\",\"url\":\"https:\\\/\\\/i0.wp.com\\\/educatespilar.com\\\/wp-content\\\/uploads\\\/2026\\\/04\\\/cropped-picture-young-multiethnic-friends-team-scaled.jpg?fit=2560%2C1707&ssl=1\",\"contentUrl\":\"https:\\\/\\\/i0.wp.com\\\/educatespilar.com\\\/wp-content\\\/uploads\\\/2026\\\/04\\\/cropped-picture-young-multiethnic-friends-team-scaled.jpg?fit=2560%2C1707&ssl=1\",\"width\":2560,\"height\":1707},{\"@type\":\"BreadcrumbList\",\"@id\":\"https:\\\/\\\/educatespilar.com\\\/cuadros-sociales\\\/#breadcrumb\",\"itemListElement\":[{\"@type\":\"ListItem\",\"position\":1,\"name\":\"Home\",\"item\":\"https:\\\/\\\/educatespilar.com\\\/\"},{\"@type\":\"ListItem\",\"position\":2,\"name\":\"Cuadros Sociales\u00a0\"}]},{\"@type\":\"WebSite\",\"@id\":\"https:\\\/\\\/tzs.pgq.temporary.site\\\/website_c18d3ae6\\\/#website\",\"url\":\"https:\\\/\\\/tzs.pgq.temporary.site\\\/website_c18d3ae6\\\/\",\"name\":\"EducatesPilar.com\",\"description\":\"\",\"potentialAction\":[{\"@type\":\"SearchAction\",\"target\":{\"@type\":\"EntryPoint\",\"urlTemplate\":\"https:\\\/\\\/tzs.pgq.temporary.site\\\/website_c18d3ae6\\\/?s={search_term_string}\"},\"query-input\":{\"@type\":\"PropertyValueSpecification\",\"valueRequired\":true,\"valueName\":\"search_term_string\"}}],\"inLanguage\":\"es-AR\"},{\"@type\":\"Person\",\"@id\":\"https:\\\/\\\/tzs.pgq.temporary.site\\\/website_c18d3ae6\\\/#\\\/schema\\\/person\\\/655446504db2a404e6921d90ab7c0a0f\",\"name\":\"educates\",\"image\":{\"@type\":\"ImageObject\",\"inLanguage\":\"es-AR\",\"@id\":\"https:\\\/\\\/secure.gravatar.com\\\/avatar\\\/f1e844324149cf607705bdc3821ac52f5613382cc275e3a009bc73539c52a819?s=96&d=mm&r=g\",\"url\":\"https:\\\/\\\/secure.gravatar.com\\\/avatar\\\/f1e844324149cf607705bdc3821ac52f5613382cc275e3a009bc73539c52a819?s=96&d=mm&r=g\",\"contentUrl\":\"https:\\\/\\\/secure.gravatar.com\\\/avatar\\\/f1e844324149cf607705bdc3821ac52f5613382cc275e3a009bc73539c52a819?s=96&d=mm&r=g\",\"caption\":\"educates\"},\"url\":\"https:\\\/\\\/educatespilar.com\\\/es\\\/author\\\/educates\\\/\"}]}<\/script>\n<!-- \/ Yoast SEO plugin. -->","yoast_head_json":{"title":"Cuadros Sociales\u00a0 - EducatesPilar.com","robots":{"index":"index","follow":"follow","max-snippet":"max-snippet:-1","max-image-preview":"max-image-preview:large","max-video-preview":"max-video-preview:-1"},"canonical":"https:\/\/educatespilar.com\/es\/cuadros-sociales\/","og_locale":"es_ES","og_type":"article","og_title":"Cuadros Sociales\u00a0 - EducatesPilar.com","og_description":"La naturaleza sociable del hombre, su tendencia espont\u00e1nea a unirse con sus semejantes, da origen a v\u00ednculos naturales de comunidad, que frecuentemente se traducen luego en v\u00ednculos jur\u00eddicos de sociedad. Hay varios tipos de comunidades y sociedades primarias, en las cuales surge, se desarrolla y se perfecciona la vida del hombre. La primera de ellas [&hellip;]","og_url":"https:\/\/educatespilar.com\/es\/cuadros-sociales\/","og_site_name":"EducatesPilar.com","article_published_time":"2026-04-06T07:39:58+00:00","article_modified_time":"2026-04-08T12:45:05+00:00","og_image":[{"width":2560,"height":1707,"url":"https:\/\/educatespilar.com\/wp-content\/uploads\/2026\/04\/cropped-picture-young-multiethnic-friends-team-scaled.jpg","type":"image\/jpeg"}],"author":"educates","twitter_card":"summary_large_image","twitter_misc":{"Escrito por":"educates","Tiempo de lectura":"4 minutos"},"schema":{"@context":"https:\/\/schema.org","@graph":[{"@type":"Article","@id":"https:\/\/educatespilar.com\/cuadros-sociales\/#article","isPartOf":{"@id":"https:\/\/educatespilar.com\/cuadros-sociales\/"},"author":{"name":"educates","@id":"https:\/\/tzs.pgq.temporary.site\/website_c18d3ae6\/#\/schema\/person\/655446504db2a404e6921d90ab7c0a0f"},"headline":"Cuadros Sociales\u00a0","datePublished":"2026-04-06T07:39:58+00:00","dateModified":"2026-04-08T12:45:05+00:00","mainEntityOfPage":{"@id":"https:\/\/educatespilar.com\/cuadros-sociales\/"},"wordCount":873,"image":{"@id":"https:\/\/educatespilar.com\/cuadros-sociales\/#primaryimage"},"thumbnailUrl":"https:\/\/i0.wp.com\/educatespilar.com\/wp-content\/uploads\/2026\/04\/cropped-picture-young-multiethnic-friends-team-scaled.jpg?fit=2560%2C1707&ssl=1","keywords":["cultura social"],"articleSection":["Social"],"inLanguage":"es-AR"},{"@type":"WebPage","@id":"https:\/\/educatespilar.com\/cuadros-sociales\/","url":"https:\/\/educatespilar.com\/cuadros-sociales\/","name":"Cuadros Sociales\u00a0 - EducatesPilar.com","isPartOf":{"@id":"https:\/\/tzs.pgq.temporary.site\/website_c18d3ae6\/#website"},"primaryImageOfPage":{"@id":"https:\/\/educatespilar.com\/cuadros-sociales\/#primaryimage"},"image":{"@id":"https:\/\/educatespilar.com\/cuadros-sociales\/#primaryimage"},"thumbnailUrl":"https:\/\/i0.wp.com\/educatespilar.com\/wp-content\/uploads\/2026\/04\/cropped-picture-young-multiethnic-friends-team-scaled.jpg?fit=2560%2C1707&ssl=1","datePublished":"2026-04-06T07:39:58+00:00","dateModified":"2026-04-08T12:45:05+00:00","author":{"@id":"https:\/\/tzs.pgq.temporary.site\/website_c18d3ae6\/#\/schema\/person\/655446504db2a404e6921d90ab7c0a0f"},"breadcrumb":{"@id":"https:\/\/educatespilar.com\/cuadros-sociales\/#breadcrumb"},"inLanguage":"es-AR","potentialAction":[{"@type":"ReadAction","target":["https:\/\/educatespilar.com\/cuadros-sociales\/"]}]},{"@type":"ImageObject","inLanguage":"es-AR","@id":"https:\/\/educatespilar.com\/cuadros-sociales\/#primaryimage","url":"https:\/\/i0.wp.com\/educatespilar.com\/wp-content\/uploads\/2026\/04\/cropped-picture-young-multiethnic-friends-team-scaled.jpg?fit=2560%2C1707&ssl=1","contentUrl":"https:\/\/i0.wp.com\/educatespilar.com\/wp-content\/uploads\/2026\/04\/cropped-picture-young-multiethnic-friends-team-scaled.jpg?fit=2560%2C1707&ssl=1","width":2560,"height":1707},{"@type":"BreadcrumbList","@id":"https:\/\/educatespilar.com\/cuadros-sociales\/#breadcrumb","itemListElement":[{"@type":"ListItem","position":1,"name":"Home","item":"https:\/\/educatespilar.com\/"},{"@type":"ListItem","position":2,"name":"Cuadros Sociales\u00a0"}]},{"@type":"WebSite","@id":"https:\/\/tzs.pgq.temporary.site\/website_c18d3ae6\/#website","url":"https:\/\/tzs.pgq.temporary.site\/website_c18d3ae6\/","name":"EducatesPilar.com","description":"","potentialAction":[{"@type":"SearchAction","target":{"@type":"EntryPoint","urlTemplate":"https:\/\/tzs.pgq.temporary.site\/website_c18d3ae6\/?s={search_term_string}"},"query-input":{"@type":"PropertyValueSpecification","valueRequired":true,"valueName":"search_term_string"}}],"inLanguage":"es-AR"},{"@type":"Person","@id":"https:\/\/tzs.pgq.temporary.site\/website_c18d3ae6\/#\/schema\/person\/655446504db2a404e6921d90ab7c0a0f","name":"educates","image":{"@type":"ImageObject","inLanguage":"es-AR","@id":"https:\/\/secure.gravatar.com\/avatar\/f1e844324149cf607705bdc3821ac52f5613382cc275e3a009bc73539c52a819?s=96&d=mm&r=g","url":"https:\/\/secure.gravatar.com\/avatar\/f1e844324149cf607705bdc3821ac52f5613382cc275e3a009bc73539c52a819?s=96&d=mm&r=g","contentUrl":"https:\/\/secure.gravatar.com\/avatar\/f1e844324149cf607705bdc3821ac52f5613382cc275e3a009bc73539c52a819?s=96&d=mm&r=g","caption":"educates"},"url":"https:\/\/educatespilar.com\/es\/author\/educates\/"}]}},"jetpack_featured_media_url":"https:\/\/i0.wp.com\/educatespilar.com\/wp-content\/uploads\/2026\/04\/cropped-picture-young-multiethnic-friends-team-scaled.jpg?fit=2560%2C1707&ssl=1","jetpack_sharing_enabled":true,"_links":{"self":[{"href":"https:\/\/educatespilar.com\/es\/wp-json\/wp\/v2\/posts\/465","targetHints":{"allow":["GET"]}}],"collection":[{"href":"https:\/\/educatespilar.com\/es\/wp-json\/wp\/v2\/posts"}],"about":[{"href":"https:\/\/educatespilar.com\/es\/wp-json\/wp\/v2\/types\/post"}],"author":[{"embeddable":true,"href":"https:\/\/educatespilar.com\/es\/wp-json\/wp\/v2\/users\/2"}],"replies":[{"embeddable":true,"href":"https:\/\/educatespilar.com\/es\/wp-json\/wp\/v2\/comments?post=465"}],"version-history":[{"count":1,"href":"https:\/\/educatespilar.com\/es\/wp-json\/wp\/v2\/posts\/465\/revisions"}],"predecessor-version":[{"id":467,"href":"https:\/\/educatespilar.com\/es\/wp-json\/wp\/v2\/posts\/465\/revisions\/467"}],"wp:featuredmedia":[{"embeddable":true,"href":"https:\/\/educatespilar.com\/es\/wp-json\/wp\/v2\/media\/466"}],"wp:attachment":[{"href":"https:\/\/educatespilar.com\/es\/wp-json\/wp\/v2\/media?parent=465"}],"wp:term":[{"taxonomy":"category","embeddable":true,"href":"https:\/\/educatespilar.com\/es\/wp-json\/wp\/v2\/categories?post=465"},{"taxonomy":"post_tag","embeddable":true,"href":"https:\/\/educatespilar.com\/es\/wp-json\/wp\/v2\/tags?post=465"}],"curies":[{"name":"wp","href":"https:\/\/api.w.org\/{rel}","templated":true}]}}