{"id":417,"date":"2026-03-05T07:37:15","date_gmt":"2026-03-05T07:37:15","guid":{"rendered":"https:\/\/educatespilar.com\/?p=417"},"modified":"2026-03-07T20:38:10","modified_gmt":"2026-03-07T20:38:10","slug":"el-lema-del-futuro","status":"publish","type":"post","link":"https:\/\/educatespilar.com\/es\/el-lema-del-futuro\/","title":{"rendered":"El Lema del Futuro"},"content":{"rendered":"<p><img data-recalc-dims=\"1\" decoding=\"async\" loading=\"lazy\" class=\"alignnone size-medium wp-image-419\" src=\"https:\/\/i0.wp.com\/educatespilar.com\/wp-content\/uploads\/2026\/03\/multi-ethnic-disabled-people-community-with-pencils.jpg?resize=300%2C225&#038;ssl=1\" alt=\"\" width=\"300\" height=\"225\" srcset=\"https:\/\/i0.wp.com\/educatespilar.com\/wp-content\/uploads\/2026\/03\/multi-ethnic-disabled-people-community-with-pencils-scaled.jpg?resize=300%2C225&amp;ssl=1 300w, https:\/\/i0.wp.com\/educatespilar.com\/wp-content\/uploads\/2026\/03\/multi-ethnic-disabled-people-community-with-pencils-scaled.jpg?resize=1024%2C768&amp;ssl=1 1024w, https:\/\/i0.wp.com\/educatespilar.com\/wp-content\/uploads\/2026\/03\/multi-ethnic-disabled-people-community-with-pencils-scaled.jpg?resize=768%2C576&amp;ssl=1 768w, https:\/\/i0.wp.com\/educatespilar.com\/wp-content\/uploads\/2026\/03\/multi-ethnic-disabled-people-community-with-pencils-scaled.jpg?resize=1536%2C1152&amp;ssl=1 1536w, https:\/\/i0.wp.com\/educatespilar.com\/wp-content\/uploads\/2026\/03\/multi-ethnic-disabled-people-community-with-pencils-scaled.jpg?resize=2048%2C1536&amp;ssl=1 2048w, https:\/\/i0.wp.com\/educatespilar.com\/wp-content\/uploads\/2026\/03\/multi-ethnic-disabled-people-community-with-pencils-scaled.jpg?resize=16%2C12&amp;ssl=1 16w, https:\/\/i0.wp.com\/educatespilar.com\/wp-content\/uploads\/2026\/03\/multi-ethnic-disabled-people-community-with-pencils-scaled.jpg?resize=600%2C450&amp;ssl=1 600w\" sizes=\"auto, (max-width: 300px) 100vw, 300px\" \/><\/p>\n<p><span style=\"font-weight: 400;\">Son incalculables los frutos de salud f\u00edsica y moral que ha dado, a trav\u00e9s de los tiempos, la recta<\/span> <span style=\"font-weight: 400;\">aplicaci\u00f3n<\/span> <span style=\"font-weight: 400;\">del <\/span><i><span style=\"font-weight: 400;\">Mens sana in corpore sano.<\/span><\/i><span style=\"font-weight: 400;\"> En la actualidad, y cada vez m\u00e1s, la cultura corporal deja de ser patrimonio de unos pocos para convertirse en actividad de todos. Pr\u00e1cticamente no hay quien, de una manera u otros ejercicios f\u00edsicos, deportes, danzas, etc\u00e9tera, no cultive la armon\u00eda del cuerpo; por ello, m\u00e1s que en la ejercitaci\u00f3n misma, aceptada sin objeciones en todos los medios cultos, debe hoy en d\u00eda acentuarse el valor de los beneficios espirituales mentales, morales, etc\u00e9tera que con ella se obtienen. Seg\u00fan propone el psic\u00f3logo y m\u00e9dico ingl\u00e9s Smith Jeliffe, conviene invertir el aforismo cl\u00e1sico, propiciando <\/span><i><span style=\"font-weight: 400;\">Corpus sanum<\/span><\/i> <i><span style=\"font-weight: 400;\">in<\/span><\/i> <i><span style=\"font-weight: 400;\">mente<\/span><\/i><span style=\"font-weight: 400;\"> sana (cuerpo sano en mente sana); es decir, que invirtiendo el camino cl\u00e1sico se pase del esp\u00edritu al cuerpo, porque \u00e9ste ya ha recibido todos los reconocimientos que merece desde el punto de vista f\u00edsico, siendo necesario anteponerle una cultura espiritual que lo armonice totalmente, que logre en la persona el equilibrio perfecto de sus dos componentes esenciales: cuerpo y esp\u00edritu.<\/span><\/p>\n<h2><b>EDUCACI\u00d3N SOCIAL<\/b><\/h2>\n<p><span style=\"font-weight: 400;\">Desde ni\u00f1os, los hombres muestran una fuerte inclinaci\u00f3n a la vida social; el arte de encauzar armoniosamente esta inclinaci\u00f3n hacia una convivencia pac\u00edfica y cordial con la sociedad, llamase educaci\u00f3n social. \u00c9sta consiste, pues, dicho de otro modo, en la acci\u00f3n que se realiza para adaptar adecuadamente el hombre a la sociedad que lo rodea.<\/span><\/p>\n<h2><b>Tendencias<\/b><\/h2>\n<p><span style=\"font-weight: 400;\">Las m\u00e1s importantes tendencias en dicha educaci\u00f3n son dos: la dogm\u00e1tica y la libre. La primera tiende a formar a la juventud bas\u00e1ndose en normas preestablecidas, tratando de orientarla con el fin de servir a determinadas corrientes morales o religiosas. La segunda establece la libertad de juicio, manteniendo el principio de que todos los hombres deben opinar de acuerdo con los dictados de su conciencia y libres de toda coacci\u00f3n o influencia ajena. Dentro de estas dos tendencias hay un sinn\u00famero de escuelas pedag\u00f3gicas, de distintos matices y m\u00e9todos.<\/span><\/p>\n<h2><b>Tareas<\/b><\/h2>\n<p><span style=\"font-weight: 400;\">El m\u00e1s peque\u00f1o grupo social, la familia, representa el primer factor que act\u00faa directamente sobre la formaci\u00f3n del ser humano durante la ni\u00f1ez. La misi\u00f3n de la familia es ense\u00f1ar y cultivar los sentimientos m\u00e1s nobles en sus descendientes, ense\u00f1\u00e1ndoles a dar los primeros pasos en el terreno de la convivencia social. La segunda tarea de la educaci\u00f3n social es cultivar los sentimientos sociales m\u00e1s all\u00e1 del n\u00facleo familiar. El ni\u00f1o debe representar cabalmente el papel que desempe\u00f1a, en relaci\u00f3n con los dem\u00e1s ni\u00f1os de otras familias, y ha de pensar en su futura actuaci\u00f3n como miembro de la gran colectividad nacional y social. En la pubertad es cuando han de cultivarse los sentimientos de solidaridad, caridad y piedad. Los educadores deben proporcionar a los j\u00f3venes el medio propicio para que se desarrollen plenamente los sentimientos humanitarios. El ambiente escolar, as\u00ed como la relaci\u00f3n<\/span><span style=\"font-weight: 400;\"> de amistad en las horas de juego, influye poderosamente en la futura formaci\u00f3n del ni\u00f1o y ello obliga a los educadores a vigilarlo, evitando las malas compa\u00f1\u00edas y aconsej\u00e1ndole continuamente, a fin de contribuir al fortalecimiento de la disciplina voluntaria, que se viene imponiendo progresivamente en la edad en que comienza a percibir diferencias entre la sociedad de juego y la sociedad real. M\u00e1s tarde son las instituciones las que han de ofrecer al ser humano adulto las condiciones necesarias para su formaci\u00f3n definitiva como miembro de una comunidad armoniosa.<\/span><\/p>\n<h2><b>M\u00e9todos<\/b><\/h2>\n<p><span style=\"font-weight: 400;\">Entre los m\u00e9todos modernos de educaci\u00f3n social, los m\u00e1s conocidos son:<\/span><\/p>\n<ol>\n<li><span style=\"font-weight: 400;\"> El <\/span><i><span style=\"font-weight: 400;\">psicol\u00f3gico,<\/span><\/i><span style=\"font-weight: 400;\"> iniciado por John Locke y desarrollado por J. J. Rousseau y Herbart.<\/span><\/li>\n<li><span style=\"font-weight: 400;\">El<\/span><i><span style=\"font-weight: 400;\"> psicol\u00f3gico funcional,<\/span><\/i><span style=\"font-weight: 400;\"> creado<\/span> <span style=\"font-weight: 400;\">por<\/span> <span style=\"font-weight: 400;\">W. James y desarrollado por el psic\u00f3logo suizo \u00c9douard Clapar\u00e8de (1873-1940).3. El <\/span><i><span style=\"font-weight: 400;\">autoeducacional<\/span><\/i><span style=\"font-weight: 400;\"> por la voluntad, preconizado por Malapert.<\/span><\/li>\n<li><span style=\"font-weight: 400;\"> El de la<\/span><i><span style=\"font-weight: 400;\"> psicolog\u00eda individual en la pedagog\u00eda<\/span><\/i><span style=\"font-weight: 400;\"> cuyo te\u00f3rico es Alfred Adler (1870-1937).<\/span><\/li>\n<li><span style=\"font-weight: 400;\"> El de la <\/span><i><span style=\"font-weight: 400;\">escuela<\/span><\/i><span style=\"font-weight: 400;\"> del <\/span><i><span style=\"font-weight: 400;\">trabajo,<\/span><\/i><span style=\"font-weight: 400;\"> creado por el pedagogo alem\u00e1n Georg Kerschensteiner (1854-1932), que propugna el desarrollo del esp\u00edritu social por medio de las comunidades escolares de trabajo.<\/span><\/li>\n<li><span style=\"font-weight: 400;\">El<\/span> <span style=\"font-weight: 400;\">de<\/span><i><span style=\"font-weight: 400;\"> la concepci\u00f3n biol\u00f3gica o de la concepci\u00f3n vital de la infancia, <\/span><\/i><span style=\"font-weight: 400;\">ideado<\/span> <span style=\"font-weight: 400;\">por<\/span> <span style=\"font-weight: 400;\">Mar\u00eda Montessori, que destaca la importancia de la actividad como medio esencial educativo.<\/span><\/li>\n<li><span style=\"font-weight: 400;\"> El <\/span><i><span style=\"font-weight: 400;\">Plan<\/span><\/i> <i><span style=\"font-weight: 400;\">Dalton,<\/span><\/i><span style=\"font-weight: 400;\"> seguido por la pedagoga estadounidense Helen Parkhurst (1887), que se basa en tres factores: (a) libertad; (b) comunidad de vida e integraci\u00f3n de la vida en grupo, y (c) proporcionalidad del esfuerzo para el fin.<\/span><\/li>\n<li><span style=\"font-weight: 400;\"> El m\u00e9todo del<\/span><i><span style=\"font-weight: 400;\"> Plan<\/span><\/i><span style=\"font-weight: 400;\"> Jena, creado por Peter Petersen (1884), que consiste en la organizaci\u00f3n de trabajo por equipos. \u00c9stos no se forman seg\u00fan la edad o el desarrollo mental, sino por el agrupamiento de dos o tres a\u00f1os cronol\u00f3gicos, dentro de los cuales los miembros se dividen libremente en grupos peque\u00f1os para el trabajo, participando tambi\u00e9n los padres.<\/span><\/li>\n<li><span style=\"font-weight: 400;\"> El automatismo en la ense\u00f1anza, preconizado por Roger Cousinet (1881), que propugna la actividad espont\u00e1nea de los ni\u00f1os, organizados en grupos y asesorados \u00fanicamente por el educador.<\/span><\/li>\n<\/ol>\n<p><span style=\"font-weight: 400;\">Los pueblos n\u00f3rdicos suelen completar la educaci\u00f3n social con juegos deportivos y ejercicios f\u00edsicos en equipos o clubes organizados. Y es preocupaci\u00f3n primordial en los Estados modernos que publicaciones, radio, televisi\u00f3n, conferencias, cine, teatro, ete., contribuyan a completar la educaci\u00f3n social de los ciudadanos.<\/span><\/p>\n<p>&nbsp;<\/p>\n","protected":false},"excerpt":{"rendered":"<p>Son incalculables los frutos de salud f\u00edsica y moral que ha dado, a trav\u00e9s de los tiempos, la recta aplicaci\u00f3n del Mens sana in corpore sano. En la actualidad, y cada vez m\u00e1s, la cultura corporal deja de ser patrimonio de unos pocos para convertirse en actividad de todos. Pr\u00e1cticamente no hay quien, de una [&hellip;]<\/p>\n","protected":false},"author":2,"featured_media":419,"comment_status":"closed","ping_status":"closed","sticky":false,"template":"","format":"standard","meta":{"nf_dc_page":"","_jetpack_memberships_contains_paid_content":false,"footnotes":""},"categories":[9],"tags":[159],"class_list":["post-417","post","type-post","status-publish","format-standard","has-post-thumbnail","hentry","category-educacion","tag-educacions-social"],"yoast_head":"<!-- This site is optimized with the Yoast SEO plugin v27.4 - https:\/\/yoast.com\/product\/yoast-seo-wordpress\/ -->\n<title>El Lema del Futuro - EducatesPilar.com<\/title>\n<meta name=\"robots\" content=\"index, follow, max-snippet:-1, max-image-preview:large, max-video-preview:-1\" \/>\n<link rel=\"canonical\" href=\"https:\/\/educatespilar.com\/es\/el-lema-del-futuro\/\" \/>\n<meta property=\"og:locale\" content=\"es_ES\" \/>\n<meta property=\"og:type\" content=\"article\" \/>\n<meta property=\"og:title\" content=\"El Lema del Futuro - EducatesPilar.com\" \/>\n<meta property=\"og:description\" content=\"Son incalculables los frutos de salud f\u00edsica y moral que ha dado, a trav\u00e9s de los tiempos, la recta aplicaci\u00f3n del Mens sana in corpore sano. En la actualidad, y cada vez m\u00e1s, la cultura corporal deja de ser patrimonio de unos pocos para convertirse en actividad de todos. Pr\u00e1cticamente no hay quien, de una [&hellip;]\" \/>\n<meta property=\"og:url\" content=\"https:\/\/educatespilar.com\/es\/el-lema-del-futuro\/\" \/>\n<meta property=\"og:site_name\" content=\"EducatesPilar.com\" \/>\n<meta property=\"article:published_time\" content=\"2026-03-05T07:37:15+00:00\" \/>\n<meta property=\"article:modified_time\" content=\"2026-03-07T20:38:10+00:00\" \/>\n<meta property=\"og:image\" content=\"https:\/\/educatespilar.com\/wp-content\/uploads\/2026\/03\/multi-ethnic-disabled-people-community-with-pencils-scaled.jpg\" \/>\n\t<meta property=\"og:image:width\" content=\"2560\" \/>\n\t<meta property=\"og:image:height\" content=\"1920\" \/>\n\t<meta property=\"og:image:type\" content=\"image\/jpeg\" \/>\n<meta name=\"author\" content=\"educates\" \/>\n<meta name=\"twitter:card\" content=\"summary_large_image\" \/>\n<meta name=\"twitter:label1\" content=\"Escrito por\" \/>\n\t<meta name=\"twitter:data1\" content=\"educates\" \/>\n\t<meta name=\"twitter:label2\" content=\"Tiempo de lectura\" \/>\n\t<meta name=\"twitter:data2\" content=\"5 minutos\" \/>\n<script type=\"application\/ld+json\" class=\"yoast-schema-graph\">{\"@context\":\"https:\\\/\\\/schema.org\",\"@graph\":[{\"@type\":\"Article\",\"@id\":\"https:\\\/\\\/educatespilar.com\\\/el-lema-del-futuro\\\/#article\",\"isPartOf\":{\"@id\":\"https:\\\/\\\/educatespilar.com\\\/el-lema-del-futuro\\\/\"},\"author\":{\"name\":\"educates\",\"@id\":\"https:\\\/\\\/tzs.pgq.temporary.site\\\/website_c18d3ae6\\\/#\\\/schema\\\/person\\\/655446504db2a404e6921d90ab7c0a0f\"},\"headline\":\"El Lema del Futuro\",\"datePublished\":\"2026-03-05T07:37:15+00:00\",\"dateModified\":\"2026-03-07T20:38:10+00:00\",\"mainEntityOfPage\":{\"@id\":\"https:\\\/\\\/educatespilar.com\\\/el-lema-del-futuro\\\/\"},\"wordCount\":953,\"image\":{\"@id\":\"https:\\\/\\\/educatespilar.com\\\/el-lema-del-futuro\\\/#primaryimage\"},\"thumbnailUrl\":\"https:\\\/\\\/i0.wp.com\\\/educatespilar.com\\\/wp-content\\\/uploads\\\/2026\\\/03\\\/multi-ethnic-disabled-people-community-with-pencils-scaled.jpg?fit=2560%2C1920&ssl=1\",\"keywords\":[\"educacions social\"],\"articleSection\":[\"Educaci\u00f3n\"],\"inLanguage\":\"es-AR\"},{\"@type\":\"WebPage\",\"@id\":\"https:\\\/\\\/educatespilar.com\\\/el-lema-del-futuro\\\/\",\"url\":\"https:\\\/\\\/educatespilar.com\\\/el-lema-del-futuro\\\/\",\"name\":\"El Lema del Futuro - EducatesPilar.com\",\"isPartOf\":{\"@id\":\"https:\\\/\\\/tzs.pgq.temporary.site\\\/website_c18d3ae6\\\/#website\"},\"primaryImageOfPage\":{\"@id\":\"https:\\\/\\\/educatespilar.com\\\/el-lema-del-futuro\\\/#primaryimage\"},\"image\":{\"@id\":\"https:\\\/\\\/educatespilar.com\\\/el-lema-del-futuro\\\/#primaryimage\"},\"thumbnailUrl\":\"https:\\\/\\\/i0.wp.com\\\/educatespilar.com\\\/wp-content\\\/uploads\\\/2026\\\/03\\\/multi-ethnic-disabled-people-community-with-pencils-scaled.jpg?fit=2560%2C1920&ssl=1\",\"datePublished\":\"2026-03-05T07:37:15+00:00\",\"dateModified\":\"2026-03-07T20:38:10+00:00\",\"author\":{\"@id\":\"https:\\\/\\\/tzs.pgq.temporary.site\\\/website_c18d3ae6\\\/#\\\/schema\\\/person\\\/655446504db2a404e6921d90ab7c0a0f\"},\"breadcrumb\":{\"@id\":\"https:\\\/\\\/educatespilar.com\\\/el-lema-del-futuro\\\/#breadcrumb\"},\"inLanguage\":\"es-AR\",\"potentialAction\":[{\"@type\":\"ReadAction\",\"target\":[\"https:\\\/\\\/educatespilar.com\\\/el-lema-del-futuro\\\/\"]}]},{\"@type\":\"ImageObject\",\"inLanguage\":\"es-AR\",\"@id\":\"https:\\\/\\\/educatespilar.com\\\/el-lema-del-futuro\\\/#primaryimage\",\"url\":\"https:\\\/\\\/i0.wp.com\\\/educatespilar.com\\\/wp-content\\\/uploads\\\/2026\\\/03\\\/multi-ethnic-disabled-people-community-with-pencils-scaled.jpg?fit=2560%2C1920&ssl=1\",\"contentUrl\":\"https:\\\/\\\/i0.wp.com\\\/educatespilar.com\\\/wp-content\\\/uploads\\\/2026\\\/03\\\/multi-ethnic-disabled-people-community-with-pencils-scaled.jpg?fit=2560%2C1920&ssl=1\",\"width\":2560,\"height\":1920},{\"@type\":\"BreadcrumbList\",\"@id\":\"https:\\\/\\\/educatespilar.com\\\/el-lema-del-futuro\\\/#breadcrumb\",\"itemListElement\":[{\"@type\":\"ListItem\",\"position\":1,\"name\":\"Home\",\"item\":\"https:\\\/\\\/educatespilar.com\\\/\"},{\"@type\":\"ListItem\",\"position\":2,\"name\":\"El Lema del Futuro\"}]},{\"@type\":\"WebSite\",\"@id\":\"https:\\\/\\\/tzs.pgq.temporary.site\\\/website_c18d3ae6\\\/#website\",\"url\":\"https:\\\/\\\/tzs.pgq.temporary.site\\\/website_c18d3ae6\\\/\",\"name\":\"EducatesPilar.com\",\"description\":\"\",\"potentialAction\":[{\"@type\":\"SearchAction\",\"target\":{\"@type\":\"EntryPoint\",\"urlTemplate\":\"https:\\\/\\\/tzs.pgq.temporary.site\\\/website_c18d3ae6\\\/?s={search_term_string}\"},\"query-input\":{\"@type\":\"PropertyValueSpecification\",\"valueRequired\":true,\"valueName\":\"search_term_string\"}}],\"inLanguage\":\"es-AR\"},{\"@type\":\"Person\",\"@id\":\"https:\\\/\\\/tzs.pgq.temporary.site\\\/website_c18d3ae6\\\/#\\\/schema\\\/person\\\/655446504db2a404e6921d90ab7c0a0f\",\"name\":\"educates\",\"image\":{\"@type\":\"ImageObject\",\"inLanguage\":\"es-AR\",\"@id\":\"https:\\\/\\\/secure.gravatar.com\\\/avatar\\\/f1e844324149cf607705bdc3821ac52f5613382cc275e3a009bc73539c52a819?s=96&d=mm&r=g\",\"url\":\"https:\\\/\\\/secure.gravatar.com\\\/avatar\\\/f1e844324149cf607705bdc3821ac52f5613382cc275e3a009bc73539c52a819?s=96&d=mm&r=g\",\"contentUrl\":\"https:\\\/\\\/secure.gravatar.com\\\/avatar\\\/f1e844324149cf607705bdc3821ac52f5613382cc275e3a009bc73539c52a819?s=96&d=mm&r=g\",\"caption\":\"educates\"},\"url\":\"https:\\\/\\\/educatespilar.com\\\/es\\\/author\\\/educates\\\/\"}]}<\/script>\n<!-- \/ Yoast SEO plugin. -->","yoast_head_json":{"title":"El Lema del Futuro - EducatesPilar.com","robots":{"index":"index","follow":"follow","max-snippet":"max-snippet:-1","max-image-preview":"max-image-preview:large","max-video-preview":"max-video-preview:-1"},"canonical":"https:\/\/educatespilar.com\/es\/el-lema-del-futuro\/","og_locale":"es_ES","og_type":"article","og_title":"El Lema del Futuro - EducatesPilar.com","og_description":"Son incalculables los frutos de salud f\u00edsica y moral que ha dado, a trav\u00e9s de los tiempos, la recta aplicaci\u00f3n del Mens sana in corpore sano. En la actualidad, y cada vez m\u00e1s, la cultura corporal deja de ser patrimonio de unos pocos para convertirse en actividad de todos. Pr\u00e1cticamente no hay quien, de una [&hellip;]","og_url":"https:\/\/educatespilar.com\/es\/el-lema-del-futuro\/","og_site_name":"EducatesPilar.com","article_published_time":"2026-03-05T07:37:15+00:00","article_modified_time":"2026-03-07T20:38:10+00:00","og_image":[{"width":2560,"height":1920,"url":"https:\/\/educatespilar.com\/wp-content\/uploads\/2026\/03\/multi-ethnic-disabled-people-community-with-pencils-scaled.jpg","type":"image\/jpeg"}],"author":"educates","twitter_card":"summary_large_image","twitter_misc":{"Escrito por":"educates","Tiempo de lectura":"5 minutos"},"schema":{"@context":"https:\/\/schema.org","@graph":[{"@type":"Article","@id":"https:\/\/educatespilar.com\/el-lema-del-futuro\/#article","isPartOf":{"@id":"https:\/\/educatespilar.com\/el-lema-del-futuro\/"},"author":{"name":"educates","@id":"https:\/\/tzs.pgq.temporary.site\/website_c18d3ae6\/#\/schema\/person\/655446504db2a404e6921d90ab7c0a0f"},"headline":"El Lema del Futuro","datePublished":"2026-03-05T07:37:15+00:00","dateModified":"2026-03-07T20:38:10+00:00","mainEntityOfPage":{"@id":"https:\/\/educatespilar.com\/el-lema-del-futuro\/"},"wordCount":953,"image":{"@id":"https:\/\/educatespilar.com\/el-lema-del-futuro\/#primaryimage"},"thumbnailUrl":"https:\/\/i0.wp.com\/educatespilar.com\/wp-content\/uploads\/2026\/03\/multi-ethnic-disabled-people-community-with-pencils-scaled.jpg?fit=2560%2C1920&ssl=1","keywords":["educacions social"],"articleSection":["Educaci\u00f3n"],"inLanguage":"es-AR"},{"@type":"WebPage","@id":"https:\/\/educatespilar.com\/el-lema-del-futuro\/","url":"https:\/\/educatespilar.com\/el-lema-del-futuro\/","name":"El Lema del Futuro - EducatesPilar.com","isPartOf":{"@id":"https:\/\/tzs.pgq.temporary.site\/website_c18d3ae6\/#website"},"primaryImageOfPage":{"@id":"https:\/\/educatespilar.com\/el-lema-del-futuro\/#primaryimage"},"image":{"@id":"https:\/\/educatespilar.com\/el-lema-del-futuro\/#primaryimage"},"thumbnailUrl":"https:\/\/i0.wp.com\/educatespilar.com\/wp-content\/uploads\/2026\/03\/multi-ethnic-disabled-people-community-with-pencils-scaled.jpg?fit=2560%2C1920&ssl=1","datePublished":"2026-03-05T07:37:15+00:00","dateModified":"2026-03-07T20:38:10+00:00","author":{"@id":"https:\/\/tzs.pgq.temporary.site\/website_c18d3ae6\/#\/schema\/person\/655446504db2a404e6921d90ab7c0a0f"},"breadcrumb":{"@id":"https:\/\/educatespilar.com\/el-lema-del-futuro\/#breadcrumb"},"inLanguage":"es-AR","potentialAction":[{"@type":"ReadAction","target":["https:\/\/educatespilar.com\/el-lema-del-futuro\/"]}]},{"@type":"ImageObject","inLanguage":"es-AR","@id":"https:\/\/educatespilar.com\/el-lema-del-futuro\/#primaryimage","url":"https:\/\/i0.wp.com\/educatespilar.com\/wp-content\/uploads\/2026\/03\/multi-ethnic-disabled-people-community-with-pencils-scaled.jpg?fit=2560%2C1920&ssl=1","contentUrl":"https:\/\/i0.wp.com\/educatespilar.com\/wp-content\/uploads\/2026\/03\/multi-ethnic-disabled-people-community-with-pencils-scaled.jpg?fit=2560%2C1920&ssl=1","width":2560,"height":1920},{"@type":"BreadcrumbList","@id":"https:\/\/educatespilar.com\/el-lema-del-futuro\/#breadcrumb","itemListElement":[{"@type":"ListItem","position":1,"name":"Home","item":"https:\/\/educatespilar.com\/"},{"@type":"ListItem","position":2,"name":"El Lema del Futuro"}]},{"@type":"WebSite","@id":"https:\/\/tzs.pgq.temporary.site\/website_c18d3ae6\/#website","url":"https:\/\/tzs.pgq.temporary.site\/website_c18d3ae6\/","name":"EducatesPilar.com","description":"","potentialAction":[{"@type":"SearchAction","target":{"@type":"EntryPoint","urlTemplate":"https:\/\/tzs.pgq.temporary.site\/website_c18d3ae6\/?s={search_term_string}"},"query-input":{"@type":"PropertyValueSpecification","valueRequired":true,"valueName":"search_term_string"}}],"inLanguage":"es-AR"},{"@type":"Person","@id":"https:\/\/tzs.pgq.temporary.site\/website_c18d3ae6\/#\/schema\/person\/655446504db2a404e6921d90ab7c0a0f","name":"educates","image":{"@type":"ImageObject","inLanguage":"es-AR","@id":"https:\/\/secure.gravatar.com\/avatar\/f1e844324149cf607705bdc3821ac52f5613382cc275e3a009bc73539c52a819?s=96&d=mm&r=g","url":"https:\/\/secure.gravatar.com\/avatar\/f1e844324149cf607705bdc3821ac52f5613382cc275e3a009bc73539c52a819?s=96&d=mm&r=g","contentUrl":"https:\/\/secure.gravatar.com\/avatar\/f1e844324149cf607705bdc3821ac52f5613382cc275e3a009bc73539c52a819?s=96&d=mm&r=g","caption":"educates"},"url":"https:\/\/educatespilar.com\/es\/author\/educates\/"}]}},"jetpack_featured_media_url":"https:\/\/i0.wp.com\/educatespilar.com\/wp-content\/uploads\/2026\/03\/multi-ethnic-disabled-people-community-with-pencils-scaled.jpg?fit=2560%2C1920&ssl=1","jetpack_sharing_enabled":true,"_links":{"self":[{"href":"https:\/\/educatespilar.com\/es\/wp-json\/wp\/v2\/posts\/417","targetHints":{"allow":["GET"]}}],"collection":[{"href":"https:\/\/educatespilar.com\/es\/wp-json\/wp\/v2\/posts"}],"about":[{"href":"https:\/\/educatespilar.com\/es\/wp-json\/wp\/v2\/types\/post"}],"author":[{"embeddable":true,"href":"https:\/\/educatespilar.com\/es\/wp-json\/wp\/v2\/users\/2"}],"replies":[{"embeddable":true,"href":"https:\/\/educatespilar.com\/es\/wp-json\/wp\/v2\/comments?post=417"}],"version-history":[{"count":1,"href":"https:\/\/educatespilar.com\/es\/wp-json\/wp\/v2\/posts\/417\/revisions"}],"predecessor-version":[{"id":420,"href":"https:\/\/educatespilar.com\/es\/wp-json\/wp\/v2\/posts\/417\/revisions\/420"}],"wp:featuredmedia":[{"embeddable":true,"href":"https:\/\/educatespilar.com\/es\/wp-json\/wp\/v2\/media\/419"}],"wp:attachment":[{"href":"https:\/\/educatespilar.com\/es\/wp-json\/wp\/v2\/media?parent=417"}],"wp:term":[{"taxonomy":"category","embeddable":true,"href":"https:\/\/educatespilar.com\/es\/wp-json\/wp\/v2\/categories?post=417"},{"taxonomy":"post_tag","embeddable":true,"href":"https:\/\/educatespilar.com\/es\/wp-json\/wp\/v2\/tags?post=417"}],"curies":[{"name":"wp","href":"https:\/\/api.w.org\/{rel}","templated":true}]}}