{"id":408,"date":"2026-03-02T07:16:23","date_gmt":"2026-03-02T07:16:23","guid":{"rendered":"https:\/\/educatespilar.com\/?p=408"},"modified":"2026-03-07T20:17:02","modified_gmt":"2026-03-07T20:17:02","slug":"ensenanza-humanista-y-cientifica","status":"publish","type":"post","link":"https:\/\/educatespilar.com\/es\/ensenanza-humanista-y-cientifica\/","title":{"rendered":"Ense\u00f1anza Humanista y Cient\u00edfica"},"content":{"rendered":"<p><img data-recalc-dims=\"1\" decoding=\"async\" loading=\"lazy\" class=\"alignnone size-medium wp-image-409\" src=\"https:\/\/i0.wp.com\/educatespilar.com\/wp-content\/uploads\/2026\/03\/examining-molecular-model.jpg?resize=300%2C200&#038;ssl=1\" alt=\"\" width=\"300\" height=\"200\" srcset=\"https:\/\/i0.wp.com\/educatespilar.com\/wp-content\/uploads\/2026\/03\/examining-molecular-model-scaled.jpg?resize=300%2C200&amp;ssl=1 300w, https:\/\/i0.wp.com\/educatespilar.com\/wp-content\/uploads\/2026\/03\/examining-molecular-model-scaled.jpg?resize=1024%2C683&amp;ssl=1 1024w, https:\/\/i0.wp.com\/educatespilar.com\/wp-content\/uploads\/2026\/03\/examining-molecular-model-scaled.jpg?resize=768%2C513&amp;ssl=1 768w, https:\/\/i0.wp.com\/educatespilar.com\/wp-content\/uploads\/2026\/03\/examining-molecular-model-scaled.jpg?resize=1536%2C1025&amp;ssl=1 1536w, https:\/\/i0.wp.com\/educatespilar.com\/wp-content\/uploads\/2026\/03\/examining-molecular-model-scaled.jpg?resize=2048%2C1367&amp;ssl=1 2048w, https:\/\/i0.wp.com\/educatespilar.com\/wp-content\/uploads\/2026\/03\/examining-molecular-model-scaled.jpg?resize=18%2C12&amp;ssl=1 18w, https:\/\/i0.wp.com\/educatespilar.com\/wp-content\/uploads\/2026\/03\/examining-molecular-model-scaled.jpg?resize=600%2C400&amp;ssl=1 600w\" sizes=\"auto, (max-width: 300px) 100vw, 300px\" \/><\/p>\n<p><span style=\"font-weight: 400;\">Uno de estos problemas lo constituye el de la ense\u00f1anza humanista y el de la cient\u00edfica, que se suelen contraponer, cuando en realidad son complementarias. La ense\u00f1anza cient\u00edfica debe ser humanista y la humanista cient\u00edfica.<\/span><\/p>\n<p><span style=\"font-weight: 400;\">La ense\u00f1anza humanista debe servir de base a toda posible ense\u00f1anza, incluso a la m\u00e1s t\u00e9cnica. Mas para ello hay que entender por humanismo no s\u00f3lo el cl\u00e1sico de la antig\u00fcedad, sino tambi\u00e9n el moderno, el de los grandes escritores y pensadores de nuestro tiempo. La ense\u00f1anza cient\u00edfica tiene que intervenir en las humanidades d\u00e1ndoles el rigor de sus m\u00e9todos. Pero ni la ense\u00f1anza cient\u00edfica ni la humanista tendr\u00e1n valor formativo, si no se imponen s\u00f3lo como contenidos y no se basan en el desarrollo y las actividades del ser juvenil. En cuanto a las dem\u00e1s materias de ense\u00f1anza, no es posible entrar en todos sus problemas. S\u00f3lo se\u00f1alaremos los m\u00e1s generales. En primer lugar, si la educaci\u00f3n ha de atender a la formaci\u00f3n o desarrollo de las personalidades totales, integral, y no s\u00f3lo al aspecto intelectual el m\u00e1s superficial de aqu\u00e9lla, es necesario que exista una continuidad desde la escuela primaria a la superior, suprimiendo todas las separaciones actuales, que fragmentan la ense\u00f1anza y la personalidad del ser juvenil. En segundo lugar, aun dentro de la diversidad del contenido de la ense\u00f1anza, correspondiente a los distintos niveles biol\u00f3gicos y mentales, debe existir cierta unidad en los contenidos y m\u00e9todos, que no pueden ser otros que los basados en los propios intereses y actividades de los alumnos.<\/span><span style=\"font-weight: 400;\"> En tercer lugar, dado que es imposible abarcar <\/span><span style=\"font-weight: 400;\">la extraordinaria riqueza de nuestra cultura en los a\u00f1os de la escolaridad, se impone que haya un principio de elecci\u00f3n de materias sobre ciertas bases esenciales. Finalmente, las materias t\u00e9cnicas y manuales han de tener una mayor participaci\u00f3n en los programas actuales, ya que son de tanto valor educativo como las literarias, y se hacen necesarias en el mundo actual. En cuarto lugar, puesto que la educaci\u00f3n debe estar en contacto directo con la sociedad en que act\u00faa y sobre la cual quiere influir, debe tener en cuenta las circunstancias locales y regionales. O sea, que ha de contar con la realidad ambiente.<\/span><\/p>\n<h2><span style=\"font-weight: 400;\">Ense\u00f1anza Primar<\/span><span style=\"font-weight: 400;\">i<\/span><span style=\"font-weight: 400;\">a.\u00a0<\/span><\/h2>\n<p><span style=\"font-weight: 400;\">El problema m\u00e1s urgente es hacer efectiva la obligaci\u00f3n escolar para impedir que los alumnos abandonen la escuela a los 10 u 11 a\u00f1os. Para ello hay que hacer atractivos los \u00faltimos a\u00f1os de escolaridad, introduciendo en ellos ense\u00f1anzas pre profesionales. Despu\u00e9s viene la prolongaci\u00f3n de la escolaridad, haciendo la asistencia a la escuela obligatoria hasta los 15 o los 16 a\u00f1os. Para ello habr\u00eda que dividirla en dos ciclos: uno b\u00e1sico hasta los II a\u00f1os y otro superior, pre profesional, hasta los 15.con materias electivas. En tercer lugar, est\u00e1 la atenci\u00f3n a las escuelas rurales, facilitando la concentraci\u00f3n de las dispersas y el transporte de los alumnos. En cuarto lugar, figura la difusi\u00f3n de los m\u00e9todos activos no en forma de reglamentos, disposiciones oficiales, muertas, sino con orientaciones did\u00e1cticas, flexibles, aplicadas con libertad por los educadores. En este mismo sentido es necesaria la creaci\u00f3n de escuelas experimentales, en las que se ensayen los nuevos m\u00e9todos, antes de generalizarlos. Para ello deber\u00e1n tener la autoridad y autonom\u00eda indispensables. Finalmente est\u00e1 el problema de dotar a las escuelas urbanas y rurales de los medios y mate-rial did\u00e1ctico necesario, as\u00ed como de los edificios pertinentes, evitando la ense\u00f1anza libresca actual y el sistema de los turnos, vigente en muchas partes. Ser\u00eda tambi\u00e9n conveniente la creaci\u00f3n de escuelas p\u00fablicas con seminternado, para que la acci\u00f3n educativa fuera m\u00e1s intensa.\u00a0<\/span><\/p>\n<h2><span style=\"font-weight: 400;\">Ense\u00f1anza Secundaria.\u00a0<\/span><\/h2>\n<p><span style=\"font-weight: 400;\">Es sin duda la m\u00e1s compleja por la edad a que se dirige, la pubertad, la m\u00e1s inestable. En general se podr\u00eda decir que las tendencias actuales son las siguientes: La ense\u00f1anza secundaria no es s\u00f3lo preparatoria para la universitaria, como a\u00fan se la considera por muchos, sino que es la educaci\u00f3n general de la adolescencia, vaya o no a la universidad. La educaci\u00f3n secundaria debe atender, como la primaria, a la totalidad de la vida juvenil: f\u00edsica, est\u00e9tica, intelectual, moral y social, y no s\u00f3lo a la intelectual, como ocurre actualmente. Dentro del plan de estudios conviene una divisi\u00f3n estableciendo un ciclo b\u00e1sico com\u00fan y otro diferenciado, electivo, en los \u00faltimos a\u00f1os. Debe basarse en la primaria, o mejor todav\u00eda: ser una continuaci\u00f3n de ella; con programas m\u00e9todos semejantes, aunque diferenciados por su mayor intensidad. Debe desaparecer el actual enciclopedismo y atomizaci\u00f3n de las materias, y concentrarlos en grandes grupos que se estudiar\u00e1n c\u00edclicamente En general existe hoy la tendencia a hacer obligatoria la ense\u00f1anza secundaria, como lo fue la primaria en el siglo pasado. As\u00ed lo ha hecho Inglaterra, y tambi\u00e9n, en realidad, los Estados Unidos. El profesorado de esta ense\u00f1anza debe recibir una preparaci\u00f3n pedag\u00f3gica equivalente a la del primario y concentrarlo en grupos de materias, en vez de la dispersi\u00f3n actual.<\/span><\/p>\n<h2><span style=\"font-weight: 400;\">Ense\u00f1anza Universitaria.\u00a0<\/span><\/h2>\n<p><span style=\"font-weight: 400;\">Sus objetivos esenciales son la formaci\u00f3n profesional, la cultura general y la investigaci\u00f3n cient\u00edfica. Todo ello debe realizarse en el ideal de la educaci\u00f3n superior humana, tanto en su forma general como en la de diversas especialidades. Esto supone:<\/span><\/p>\n<ol>\n<li><span style=\"font-weight: 400;\"> La atenci\u00f3n a la vida total del estudiante. Tanto en su aspecto intelectual, como en el f\u00edsico est\u00e9tico, moral y social, lo mismo, aunque con mayor intensidad, que se hace en los dem\u00e1s grados de la educaci\u00f3n y como ocurre en las cl\u00e1sicas universidades inglesas y estadounidenses.<\/span><\/li>\n<li><span style=\"font-weight: 400;\"> El principio de la elecci\u00f3n de estudios y materias conforme a las aptitudes y aspiraciones de los estudiantes, aunque con un m\u00ednimo de materias esenciales.<\/span><\/li>\n<li><span style=\"font-weight: 400;\"> La organizaci\u00f3n de un ciclo de ense\u00f1anzas comunes a la diversas Facultades y la interrelaci\u00f3n entre ellas en los a\u00f1os posteriores.\u00a0<\/span><\/li>\n<li><span style=\"font-weight: 400;\"> La reducci\u00f3n al m\u00ednimo posible de los ex\u00e1menes, agrupando las materias y haci\u00e9ndolos m\u00e1s directos y personales.<\/span><\/li>\n<li><span style=\"font-weight: 400;\"> La organizaci\u00f3n de estudios de ampliaci\u00f3n en instituciones del extranjero, con un sistema de intercambio.<\/span><\/li>\n<li><span style=\"font-weight: 400;\"> La creaci\u00f3n de becas de estudio para los alumnos m\u00e1s capaces y de menos medios econ\u00f3micos, o de pr\u00e9stamos de honor.<\/span><\/li>\n<li><span style=\"font-weight: 400;\"> La creaci\u00f3n de residencias de estudiantes en las que se atienda no s\u00f3lo a su bienestar f\u00edsico, sino tambi\u00e9n a su educaci\u00f3n intelectual y social.\u00a0<\/span><\/li>\n<li><span style=\"font-weight: 400;\"> La organizaci\u00f3n de instituciones y clubes de estudiantes y profesores, as\u00ed como de bibliotecas, salas de estudio, musicales, exposiciones, etc\u00e9tera.<\/span><\/li>\n<\/ol>\n<p><span style=\"font-weight: 400;\">En suma, hacer de la universidad un centro de vida cultural y vital para los estudiantes y para la vida local.<\/span><\/p>\n<p>&nbsp;<\/p>\n","protected":false},"excerpt":{"rendered":"<p>Uno de estos problemas lo constituye el de la ense\u00f1anza humanista y el de la cient\u00edfica, que se suelen contraponer, cuando en realidad son complementarias. La ense\u00f1anza cient\u00edfica debe ser humanista y la humanista cient\u00edfica. La ense\u00f1anza humanista debe servir de base a toda posible ense\u00f1anza, incluso a la m\u00e1s t\u00e9cnica. Mas para ello hay [&hellip;]<\/p>\n","protected":false},"author":2,"featured_media":409,"comment_status":"closed","ping_status":"closed","sticky":false,"template":"","format":"standard","meta":{"nf_dc_page":"","_jetpack_memberships_contains_paid_content":false,"footnotes":""},"categories":[9],"tags":[148,120,156],"class_list":["post-408","post","type-post","status-publish","format-standard","has-post-thumbnail","hentry","category-educacion","tag-ciencia","tag-ensenanza","tag-humanista"],"yoast_head":"<!-- This site is optimized with the Yoast SEO plugin v27.4 - https:\/\/yoast.com\/product\/yoast-seo-wordpress\/ -->\n<title>Ense\u00f1anza Humanista y Cient\u00edfica - EducatesPilar.com<\/title>\n<meta name=\"robots\" content=\"index, follow, max-snippet:-1, max-image-preview:large, max-video-preview:-1\" \/>\n<link rel=\"canonical\" href=\"https:\/\/educatespilar.com\/es\/ensenanza-humanista-y-cientifica\/\" \/>\n<meta property=\"og:locale\" content=\"es_ES\" \/>\n<meta property=\"og:type\" content=\"article\" \/>\n<meta property=\"og:title\" content=\"Ense\u00f1anza Humanista y Cient\u00edfica - EducatesPilar.com\" \/>\n<meta property=\"og:description\" content=\"Uno de estos problemas lo constituye el de la ense\u00f1anza humanista y el de la cient\u00edfica, que se suelen contraponer, cuando en realidad son complementarias. La ense\u00f1anza cient\u00edfica debe ser humanista y la humanista cient\u00edfica. La ense\u00f1anza humanista debe servir de base a toda posible ense\u00f1anza, incluso a la m\u00e1s t\u00e9cnica. Mas para ello hay [&hellip;]\" \/>\n<meta property=\"og:url\" content=\"https:\/\/educatespilar.com\/es\/ensenanza-humanista-y-cientifica\/\" \/>\n<meta property=\"og:site_name\" content=\"EducatesPilar.com\" \/>\n<meta property=\"article:published_time\" content=\"2026-03-02T07:16:23+00:00\" \/>\n<meta property=\"article:modified_time\" content=\"2026-03-07T20:17:02+00:00\" \/>\n<meta property=\"og:image\" content=\"https:\/\/educatespilar.com\/wp-content\/uploads\/2026\/03\/examining-molecular-model-scaled.jpg\" \/>\n\t<meta property=\"og:image:width\" content=\"2560\" \/>\n\t<meta property=\"og:image:height\" content=\"1709\" \/>\n\t<meta property=\"og:image:type\" content=\"image\/jpeg\" \/>\n<meta name=\"author\" content=\"educates\" \/>\n<meta name=\"twitter:card\" content=\"summary_large_image\" \/>\n<meta name=\"twitter:label1\" content=\"Escrito por\" \/>\n\t<meta name=\"twitter:data1\" content=\"educates\" \/>\n\t<meta name=\"twitter:label2\" content=\"Tiempo de lectura\" \/>\n\t<meta name=\"twitter:data2\" content=\"6 minutos\" \/>\n<script type=\"application\/ld+json\" class=\"yoast-schema-graph\">{\"@context\":\"https:\\\/\\\/schema.org\",\"@graph\":[{\"@type\":\"Article\",\"@id\":\"https:\\\/\\\/educatespilar.com\\\/ensenanza-humanista-y-cientifica\\\/#article\",\"isPartOf\":{\"@id\":\"https:\\\/\\\/educatespilar.com\\\/ensenanza-humanista-y-cientifica\\\/\"},\"author\":{\"name\":\"educates\",\"@id\":\"https:\\\/\\\/tzs.pgq.temporary.site\\\/website_c18d3ae6\\\/#\\\/schema\\\/person\\\/655446504db2a404e6921d90ab7c0a0f\"},\"headline\":\"Ense\u00f1anza Humanista y Cient\u00edfica\",\"datePublished\":\"2026-03-02T07:16:23+00:00\",\"dateModified\":\"2026-03-07T20:17:02+00:00\",\"mainEntityOfPage\":{\"@id\":\"https:\\\/\\\/educatespilar.com\\\/ensenanza-humanista-y-cientifica\\\/\"},\"wordCount\":1199,\"image\":{\"@id\":\"https:\\\/\\\/educatespilar.com\\\/ensenanza-humanista-y-cientifica\\\/#primaryimage\"},\"thumbnailUrl\":\"https:\\\/\\\/i0.wp.com\\\/educatespilar.com\\\/wp-content\\\/uploads\\\/2026\\\/03\\\/examining-molecular-model-scaled.jpg?fit=2560%2C1709&ssl=1\",\"keywords\":[\"ciencia\",\"ense\u00f1anza\",\"humanista\"],\"articleSection\":[\"Educaci\u00f3n\"],\"inLanguage\":\"es-AR\"},{\"@type\":\"WebPage\",\"@id\":\"https:\\\/\\\/educatespilar.com\\\/ensenanza-humanista-y-cientifica\\\/\",\"url\":\"https:\\\/\\\/educatespilar.com\\\/ensenanza-humanista-y-cientifica\\\/\",\"name\":\"Ense\u00f1anza Humanista y Cient\u00edfica - EducatesPilar.com\",\"isPartOf\":{\"@id\":\"https:\\\/\\\/tzs.pgq.temporary.site\\\/website_c18d3ae6\\\/#website\"},\"primaryImageOfPage\":{\"@id\":\"https:\\\/\\\/educatespilar.com\\\/ensenanza-humanista-y-cientifica\\\/#primaryimage\"},\"image\":{\"@id\":\"https:\\\/\\\/educatespilar.com\\\/ensenanza-humanista-y-cientifica\\\/#primaryimage\"},\"thumbnailUrl\":\"https:\\\/\\\/i0.wp.com\\\/educatespilar.com\\\/wp-content\\\/uploads\\\/2026\\\/03\\\/examining-molecular-model-scaled.jpg?fit=2560%2C1709&ssl=1\",\"datePublished\":\"2026-03-02T07:16:23+00:00\",\"dateModified\":\"2026-03-07T20:17:02+00:00\",\"author\":{\"@id\":\"https:\\\/\\\/tzs.pgq.temporary.site\\\/website_c18d3ae6\\\/#\\\/schema\\\/person\\\/655446504db2a404e6921d90ab7c0a0f\"},\"breadcrumb\":{\"@id\":\"https:\\\/\\\/educatespilar.com\\\/ensenanza-humanista-y-cientifica\\\/#breadcrumb\"},\"inLanguage\":\"es-AR\",\"potentialAction\":[{\"@type\":\"ReadAction\",\"target\":[\"https:\\\/\\\/educatespilar.com\\\/ensenanza-humanista-y-cientifica\\\/\"]}]},{\"@type\":\"ImageObject\",\"inLanguage\":\"es-AR\",\"@id\":\"https:\\\/\\\/educatespilar.com\\\/ensenanza-humanista-y-cientifica\\\/#primaryimage\",\"url\":\"https:\\\/\\\/i0.wp.com\\\/educatespilar.com\\\/wp-content\\\/uploads\\\/2026\\\/03\\\/examining-molecular-model-scaled.jpg?fit=2560%2C1709&ssl=1\",\"contentUrl\":\"https:\\\/\\\/i0.wp.com\\\/educatespilar.com\\\/wp-content\\\/uploads\\\/2026\\\/03\\\/examining-molecular-model-scaled.jpg?fit=2560%2C1709&ssl=1\",\"width\":2560,\"height\":1709},{\"@type\":\"BreadcrumbList\",\"@id\":\"https:\\\/\\\/educatespilar.com\\\/ensenanza-humanista-y-cientifica\\\/#breadcrumb\",\"itemListElement\":[{\"@type\":\"ListItem\",\"position\":1,\"name\":\"Home\",\"item\":\"https:\\\/\\\/educatespilar.com\\\/\"},{\"@type\":\"ListItem\",\"position\":2,\"name\":\"Ense\u00f1anza Humanista y Cient\u00edfica\"}]},{\"@type\":\"WebSite\",\"@id\":\"https:\\\/\\\/tzs.pgq.temporary.site\\\/website_c18d3ae6\\\/#website\",\"url\":\"https:\\\/\\\/tzs.pgq.temporary.site\\\/website_c18d3ae6\\\/\",\"name\":\"EducatesPilar.com\",\"description\":\"\",\"potentialAction\":[{\"@type\":\"SearchAction\",\"target\":{\"@type\":\"EntryPoint\",\"urlTemplate\":\"https:\\\/\\\/tzs.pgq.temporary.site\\\/website_c18d3ae6\\\/?s={search_term_string}\"},\"query-input\":{\"@type\":\"PropertyValueSpecification\",\"valueRequired\":true,\"valueName\":\"search_term_string\"}}],\"inLanguage\":\"es-AR\"},{\"@type\":\"Person\",\"@id\":\"https:\\\/\\\/tzs.pgq.temporary.site\\\/website_c18d3ae6\\\/#\\\/schema\\\/person\\\/655446504db2a404e6921d90ab7c0a0f\",\"name\":\"educates\",\"image\":{\"@type\":\"ImageObject\",\"inLanguage\":\"es-AR\",\"@id\":\"https:\\\/\\\/secure.gravatar.com\\\/avatar\\\/f1e844324149cf607705bdc3821ac52f5613382cc275e3a009bc73539c52a819?s=96&d=mm&r=g\",\"url\":\"https:\\\/\\\/secure.gravatar.com\\\/avatar\\\/f1e844324149cf607705bdc3821ac52f5613382cc275e3a009bc73539c52a819?s=96&d=mm&r=g\",\"contentUrl\":\"https:\\\/\\\/secure.gravatar.com\\\/avatar\\\/f1e844324149cf607705bdc3821ac52f5613382cc275e3a009bc73539c52a819?s=96&d=mm&r=g\",\"caption\":\"educates\"},\"url\":\"https:\\\/\\\/educatespilar.com\\\/es\\\/author\\\/educates\\\/\"}]}<\/script>\n<!-- \/ Yoast SEO plugin. -->","yoast_head_json":{"title":"Ense\u00f1anza Humanista y Cient\u00edfica - EducatesPilar.com","robots":{"index":"index","follow":"follow","max-snippet":"max-snippet:-1","max-image-preview":"max-image-preview:large","max-video-preview":"max-video-preview:-1"},"canonical":"https:\/\/educatespilar.com\/es\/ensenanza-humanista-y-cientifica\/","og_locale":"es_ES","og_type":"article","og_title":"Ense\u00f1anza Humanista y Cient\u00edfica - EducatesPilar.com","og_description":"Uno de estos problemas lo constituye el de la ense\u00f1anza humanista y el de la cient\u00edfica, que se suelen contraponer, cuando en realidad son complementarias. La ense\u00f1anza cient\u00edfica debe ser humanista y la humanista cient\u00edfica. La ense\u00f1anza humanista debe servir de base a toda posible ense\u00f1anza, incluso a la m\u00e1s t\u00e9cnica. Mas para ello hay [&hellip;]","og_url":"https:\/\/educatespilar.com\/es\/ensenanza-humanista-y-cientifica\/","og_site_name":"EducatesPilar.com","article_published_time":"2026-03-02T07:16:23+00:00","article_modified_time":"2026-03-07T20:17:02+00:00","og_image":[{"width":2560,"height":1709,"url":"https:\/\/educatespilar.com\/wp-content\/uploads\/2026\/03\/examining-molecular-model-scaled.jpg","type":"image\/jpeg"}],"author":"educates","twitter_card":"summary_large_image","twitter_misc":{"Escrito por":"educates","Tiempo de lectura":"6 minutos"},"schema":{"@context":"https:\/\/schema.org","@graph":[{"@type":"Article","@id":"https:\/\/educatespilar.com\/ensenanza-humanista-y-cientifica\/#article","isPartOf":{"@id":"https:\/\/educatespilar.com\/ensenanza-humanista-y-cientifica\/"},"author":{"name":"educates","@id":"https:\/\/tzs.pgq.temporary.site\/website_c18d3ae6\/#\/schema\/person\/655446504db2a404e6921d90ab7c0a0f"},"headline":"Ense\u00f1anza Humanista y Cient\u00edfica","datePublished":"2026-03-02T07:16:23+00:00","dateModified":"2026-03-07T20:17:02+00:00","mainEntityOfPage":{"@id":"https:\/\/educatespilar.com\/ensenanza-humanista-y-cientifica\/"},"wordCount":1199,"image":{"@id":"https:\/\/educatespilar.com\/ensenanza-humanista-y-cientifica\/#primaryimage"},"thumbnailUrl":"https:\/\/i0.wp.com\/educatespilar.com\/wp-content\/uploads\/2026\/03\/examining-molecular-model-scaled.jpg?fit=2560%2C1709&ssl=1","keywords":["ciencia","ense\u00f1anza","humanista"],"articleSection":["Educaci\u00f3n"],"inLanguage":"es-AR"},{"@type":"WebPage","@id":"https:\/\/educatespilar.com\/ensenanza-humanista-y-cientifica\/","url":"https:\/\/educatespilar.com\/ensenanza-humanista-y-cientifica\/","name":"Ense\u00f1anza Humanista y Cient\u00edfica - EducatesPilar.com","isPartOf":{"@id":"https:\/\/tzs.pgq.temporary.site\/website_c18d3ae6\/#website"},"primaryImageOfPage":{"@id":"https:\/\/educatespilar.com\/ensenanza-humanista-y-cientifica\/#primaryimage"},"image":{"@id":"https:\/\/educatespilar.com\/ensenanza-humanista-y-cientifica\/#primaryimage"},"thumbnailUrl":"https:\/\/i0.wp.com\/educatespilar.com\/wp-content\/uploads\/2026\/03\/examining-molecular-model-scaled.jpg?fit=2560%2C1709&ssl=1","datePublished":"2026-03-02T07:16:23+00:00","dateModified":"2026-03-07T20:17:02+00:00","author":{"@id":"https:\/\/tzs.pgq.temporary.site\/website_c18d3ae6\/#\/schema\/person\/655446504db2a404e6921d90ab7c0a0f"},"breadcrumb":{"@id":"https:\/\/educatespilar.com\/ensenanza-humanista-y-cientifica\/#breadcrumb"},"inLanguage":"es-AR","potentialAction":[{"@type":"ReadAction","target":["https:\/\/educatespilar.com\/ensenanza-humanista-y-cientifica\/"]}]},{"@type":"ImageObject","inLanguage":"es-AR","@id":"https:\/\/educatespilar.com\/ensenanza-humanista-y-cientifica\/#primaryimage","url":"https:\/\/i0.wp.com\/educatespilar.com\/wp-content\/uploads\/2026\/03\/examining-molecular-model-scaled.jpg?fit=2560%2C1709&ssl=1","contentUrl":"https:\/\/i0.wp.com\/educatespilar.com\/wp-content\/uploads\/2026\/03\/examining-molecular-model-scaled.jpg?fit=2560%2C1709&ssl=1","width":2560,"height":1709},{"@type":"BreadcrumbList","@id":"https:\/\/educatespilar.com\/ensenanza-humanista-y-cientifica\/#breadcrumb","itemListElement":[{"@type":"ListItem","position":1,"name":"Home","item":"https:\/\/educatespilar.com\/"},{"@type":"ListItem","position":2,"name":"Ense\u00f1anza Humanista y Cient\u00edfica"}]},{"@type":"WebSite","@id":"https:\/\/tzs.pgq.temporary.site\/website_c18d3ae6\/#website","url":"https:\/\/tzs.pgq.temporary.site\/website_c18d3ae6\/","name":"EducatesPilar.com","description":"","potentialAction":[{"@type":"SearchAction","target":{"@type":"EntryPoint","urlTemplate":"https:\/\/tzs.pgq.temporary.site\/website_c18d3ae6\/?s={search_term_string}"},"query-input":{"@type":"PropertyValueSpecification","valueRequired":true,"valueName":"search_term_string"}}],"inLanguage":"es-AR"},{"@type":"Person","@id":"https:\/\/tzs.pgq.temporary.site\/website_c18d3ae6\/#\/schema\/person\/655446504db2a404e6921d90ab7c0a0f","name":"educates","image":{"@type":"ImageObject","inLanguage":"es-AR","@id":"https:\/\/secure.gravatar.com\/avatar\/f1e844324149cf607705bdc3821ac52f5613382cc275e3a009bc73539c52a819?s=96&d=mm&r=g","url":"https:\/\/secure.gravatar.com\/avatar\/f1e844324149cf607705bdc3821ac52f5613382cc275e3a009bc73539c52a819?s=96&d=mm&r=g","contentUrl":"https:\/\/secure.gravatar.com\/avatar\/f1e844324149cf607705bdc3821ac52f5613382cc275e3a009bc73539c52a819?s=96&d=mm&r=g","caption":"educates"},"url":"https:\/\/educatespilar.com\/es\/author\/educates\/"}]}},"jetpack_featured_media_url":"https:\/\/i0.wp.com\/educatespilar.com\/wp-content\/uploads\/2026\/03\/examining-molecular-model-scaled.jpg?fit=2560%2C1709&ssl=1","jetpack_sharing_enabled":true,"_links":{"self":[{"href":"https:\/\/educatespilar.com\/es\/wp-json\/wp\/v2\/posts\/408","targetHints":{"allow":["GET"]}}],"collection":[{"href":"https:\/\/educatespilar.com\/es\/wp-json\/wp\/v2\/posts"}],"about":[{"href":"https:\/\/educatespilar.com\/es\/wp-json\/wp\/v2\/types\/post"}],"author":[{"embeddable":true,"href":"https:\/\/educatespilar.com\/es\/wp-json\/wp\/v2\/users\/2"}],"replies":[{"embeddable":true,"href":"https:\/\/educatespilar.com\/es\/wp-json\/wp\/v2\/comments?post=408"}],"version-history":[{"count":1,"href":"https:\/\/educatespilar.com\/es\/wp-json\/wp\/v2\/posts\/408\/revisions"}],"predecessor-version":[{"id":410,"href":"https:\/\/educatespilar.com\/es\/wp-json\/wp\/v2\/posts\/408\/revisions\/410"}],"wp:featuredmedia":[{"embeddable":true,"href":"https:\/\/educatespilar.com\/es\/wp-json\/wp\/v2\/media\/409"}],"wp:attachment":[{"href":"https:\/\/educatespilar.com\/es\/wp-json\/wp\/v2\/media?parent=408"}],"wp:term":[{"taxonomy":"category","embeddable":true,"href":"https:\/\/educatespilar.com\/es\/wp-json\/wp\/v2\/categories?post=408"},{"taxonomy":"post_tag","embeddable":true,"href":"https:\/\/educatespilar.com\/es\/wp-json\/wp\/v2\/tags?post=408"}],"curies":[{"name":"wp","href":"https:\/\/api.w.org\/{rel}","templated":true}]}}