{"id":396,"date":"2026-02-23T07:36:40","date_gmt":"2026-02-23T07:36:40","guid":{"rendered":"https:\/\/educatespilar.com\/?p=396"},"modified":"2026-02-23T18:37:16","modified_gmt":"2026-02-23T18:37:16","slug":"utilidad-de-la-pedagogia","status":"publish","type":"post","link":"https:\/\/educatespilar.com\/es\/utilidad-de-la-pedagogia\/","title":{"rendered":"Utilidad de la pedagog\u00eda\u00a0"},"content":{"rendered":"<p><img data-recalc-dims=\"1\" decoding=\"async\" loading=\"lazy\" class=\"alignnone size-medium wp-image-397\" src=\"https:\/\/i0.wp.com\/educatespilar.com\/wp-content\/uploads\/2026\/02\/kids-classroom-taking-english-class.jpg?resize=300%2C200&#038;ssl=1\" alt=\"\" width=\"300\" height=\"200\" srcset=\"https:\/\/i0.wp.com\/educatespilar.com\/wp-content\/uploads\/2026\/02\/kids-classroom-taking-english-class-scaled.jpg?resize=300%2C200&amp;ssl=1 300w, https:\/\/i0.wp.com\/educatespilar.com\/wp-content\/uploads\/2026\/02\/kids-classroom-taking-english-class-scaled.jpg?resize=1024%2C683&amp;ssl=1 1024w, https:\/\/i0.wp.com\/educatespilar.com\/wp-content\/uploads\/2026\/02\/kids-classroom-taking-english-class-scaled.jpg?resize=768%2C512&amp;ssl=1 768w, https:\/\/i0.wp.com\/educatespilar.com\/wp-content\/uploads\/2026\/02\/kids-classroom-taking-english-class-scaled.jpg?resize=1536%2C1024&amp;ssl=1 1536w, https:\/\/i0.wp.com\/educatespilar.com\/wp-content\/uploads\/2026\/02\/kids-classroom-taking-english-class-scaled.jpg?resize=2048%2C1365&amp;ssl=1 2048w, https:\/\/i0.wp.com\/educatespilar.com\/wp-content\/uploads\/2026\/02\/kids-classroom-taking-english-class-scaled.jpg?resize=18%2C12&amp;ssl=1 18w, https:\/\/i0.wp.com\/educatespilar.com\/wp-content\/uploads\/2026\/02\/kids-classroom-taking-english-class-scaled.jpg?resize=600%2C400&amp;ssl=1 600w\" sizes=\"auto, (max-width: 300px) 100vw, 300px\" \/><\/p>\n<p><span style=\"font-weight: 400;\">Pero la pedagog\u00eda no ser\u00e1 \u00fatil solamente en esos periodos cr\u00edticos en que es necesario, con toda urgencia, volver a poner un sistema escolar en armon\u00eda con las necesidades de una \u00e9poca; hoy, al menos, ella se ha convertido en un auxiliar indispensable de la educaci\u00f3n. Porque, en efecto, si el arte del educador est\u00e1 hecho, ante todo, de instintos y de h\u00e1bitos, es necesario, sin embargo, que la inteligencia no se retraiga. La reflexi\u00f3n no podr\u00eda reemplazarla, pero aqu\u00e9l no podr\u00eda prescindir de la reflexi\u00f3n, por lo menos a partir del momento en que los pueblos alcanzan cierto grado de civilizaci\u00f3n. En efecto, una vez que la personalidad individual se ha convertido en un elemento esencial de la cultura intelectual y moral de la humanidad, el educador debe tener en cuenta el germen de individualidad que hay en cada ni\u00f1o. Debe, por todos los medios posibles, tratar de favorecer el desarrollo del mismo. En vez de aplicar a todos, de manera invariable, la misma reglamentaci\u00f3n impersonal y uniforme, deber\u00e1, por el contrario, variar, diversificar los m\u00e9todos seg\u00fan los temperamentos y el sesgo de cada inteligencia. Pero, para poder acomodar con discernimiento las pr\u00e1cticas educativas a la variedad de los casos particulares, es preciso saber a qu\u00e9 tienden ellas, cu\u00e1les son las razones de los diferentes procedimientos que las constancias; es preciso, en una palabra, haberlas sometido a la puede dejar de ser oprimente y niveladora. Por otra parte, a vuelve m\u00e1s r\u00e1pida; una \u00e9poca no se parece a la que la precede; cada tiempo tiene su fisonom\u00eda. Necesidades nuevas y nuevas ideas surgen sin cesar; para poder responder a los cambios incesantes que sobrevienen as\u00ed en las costumbres y en las opiniones, es necesario que la propia educaci\u00f3n cambie y, en consecuencia, quede en un estado de maleabilidad que permita el cambio. Pues bien: el \u00fanico medio de impedir que caiga bajo el yugo del h\u00e1bito y que se degenere en automatismo maqu\u00ednale inmutable, es mantenerla en actividad perpetuamente por la reflexi\u00f3n. Cuando el educador se da cuenta de los m\u00e9todos que emplea, de su finalidad y de su raz\u00f3n de ser, est\u00e1 en situaci\u00f3n de juzgarlos y, en consecuencia, est\u00e1 en disposici\u00f3n de modificarlos si llega a convencerse de que el objetivo a perseguir ya no es el mismo o que los medios a emplear deben ser diferentes. La reflexi\u00f3n es, por excelencia, la fuerza antag\u00f3nica de la rutina, y la rutina es el obst\u00e1culo a los progresos necesarios.<\/span><\/p>\n<p><span style=\"font-weight: 400;\">Es por eso que, si bien es cierto, como lo dijimos al comenzar, que la pedagog\u00eda s\u00f3lo aparece en la historia de una manera intermitente, hay que agregar, sin embargo, que ella tiende cada vez m\u00e1s a convertirse en una funci\u00f3n continua de la vida social. La Edad Media no la necesitaba. Era una \u00e9poca de conformismo en que todo el mundo sent\u00eda y pensaba de la misma manera, en que todos los esp\u00edritus estaban como vaciados en el mismo molde, en que las disidencias individuales eran raras, y, por lo dem\u00e1s, prescriptas. Tambi\u00e9n la educaci\u00f3n era impersonal; el maestro, en las escuelas medievales, se dirig\u00eda colectivamente a todos los alumnos sin tener idea de adecuar su acci\u00f3n a la naturaleza de cada uno. Por esas dos razones, hab\u00eda, pues, menos necesidad de ser guiado por el pensamiento pedag\u00f3gico. Pero en el Renacimiento todo cambia: las personalidades individuales se desprenden de la masa social en que estaban, hasta entonces, absorbidas y confundidas. Para responder a todos estos cambios, la reflexi\u00f3n pedag\u00f3gica se despierta y, aunque no haya brillado siempre con el mismo fulgor, ya no deber\u00e1 apagarse completamente. Pero para que la reflexi\u00f3n pedag\u00f3gica pueda producir los efectos \u00fatiles que tenemos derecho a esperar de ella, es preciso que se someta a una cultura apropiada. Hemos visto que la pedagog\u00eda no es la educaci\u00f3n y no podr\u00eda remplazarla. Su papel no consiste en sustituir a la pr\u00e1ctica, sino en guiarla, en aclararla, en ayudarla, llegado el caso, a llenar las lagunas que se produzcan, a remediar las insuficiencias que se comprueben. El pedagogo no tiene pues, que construir totalmente un sistema de ense\u00f1anza, como si nada existiera antes de \u00e9l; es preciso, por el contrario, que se aplique, ante todo, a conocer y a comprender el sistema de su \u00e9poca; con esa condici\u00f3n estar\u00e1 en situaci\u00f3n de servirse de \u00e9l con discernimiento y juzgar lo que pueda haber en \u00e9l de defectuoso.<\/span><\/p>\n<p><span style=\"font-weight: 400;\">Pero, para poderlo comprender, no es suficiente considerarlo tal como es actualmente, pues ese sistema de educaci\u00f3n es un producto de la historia que s\u00f3lo la historia puede explicar. Es una verdadera instituci\u00f3n social. Incluso, no hay ninguna otra en que toda la historia del pa\u00eds venga a repercutir de una manera tan integral. No se puede, pues, comprender nada de lo que son, de la finalidad que persiguen, si no se sabe lo que constituye nuestro esp\u00edritu nacional, cu\u00e1les son sus diversos elementos, cu\u00e1les son los que dependen de causas permanentes y profundas, o los que, por el contrario, son debidos a la acci\u00f3n de factores m\u00e1s o menos accidentales o pasajeros: cuestiones todas que s\u00f3lo el an\u00e1lisis hist\u00f3rico puede resolver. Se discute a menudo para decidir qu\u00e9 lugar debe corresponder a la escuela primaria en el conjunto de nuestra organizaci\u00f3n escolar y en la vida general de la sociedad. Pero el problema es insoluble si se ignora c\u00f3mo se form\u00f3 nuestro organismo escolar, de d\u00f3nde vienen sus caracteres distintivos, qu\u00e9 ha determinado en el pasado el lugar que se concedi\u00f3 a la escuela elemental, cu\u00e1les son las causas que favorecieron o trabaron su desarrollo, etc\u00e9tera. De ese modo, la historia de la ense\u00f1anza, al menos de la ense\u00f1anza nacional, es la primera de las proped\u00e9uticas en una cultura pedag\u00f3gica. Naturalmente, si se trata de pedagog\u00eda primaria, debe ser la historia de la ense\u00f1anza primaria aquella a la que hay que dedicarse a conocer con preferencia. Pero, por la raz\u00f3n que acabamos de explicar, no podr\u00eda <\/span><span style=\"font-weight: 400;\">ser desprendida completamente del sistema escolar m\u00e1s vasto del cual s\u00f3lo es una parte. Pero dicho sistema escolar no pr\u00e1cticas establecidas, de m\u00e9todos consagrados por el uso. Tendencias hacia la herencia del pasado. Hay en \u00e9l, adem\u00e1s, porvenir, aspiraciones hacia un ideal nuevo, m\u00e1s o menos nacidas para poder apreciar qu\u00e9 lugar conviene concederles las doctrinas pedag\u00f3gicas; la historia de esas doctrinas debe completar la de la ense\u00f1anza.<\/span><span style=\"font-weight: 400;\"> Se podr\u00eda creer, es cierto, que, para cumplir su fin \u00fatil, ese pasado, y que puede, sin inconvenientes, ser muy corta. \u00bfNo esp\u00edritus contempor\u00e1neos? Todas las otras, las de los siglos anteriores, hoy son obsoletas y ya no tienen, parece, m\u00e1s que un inter\u00e9s erudito. Pero este modernismo s\u00f3lo puede, creemos, enrarecer una de las principales fuentes de las que debe alimentarse la reflexi\u00f3n pedag\u00f3gica.<\/span><\/p>\n<p>&nbsp;<\/p>\n","protected":false},"excerpt":{"rendered":"<p>Pero la pedagog\u00eda no ser\u00e1 \u00fatil solamente en esos periodos cr\u00edticos en que es necesario, con toda urgencia, volver a poner un sistema escolar en armon\u00eda con las necesidades de una \u00e9poca; hoy, al menos, ella se ha convertido en un auxiliar indispensable de la educaci\u00f3n. Porque, en efecto, si el arte del educador est\u00e1 [&hellip;]<\/p>\n","protected":false},"author":2,"featured_media":397,"comment_status":"closed","ping_status":"closed","sticky":false,"template":"","format":"standard","meta":{"nf_dc_page":"","_jetpack_memberships_contains_paid_content":false,"footnotes":""},"categories":[9],"tags":[61],"class_list":["post-396","post","type-post","status-publish","format-standard","has-post-thumbnail","hentry","category-educacion","tag-pedagogia"],"yoast_head":"<!-- This site is optimized with the Yoast SEO plugin v27.4 - https:\/\/yoast.com\/product\/yoast-seo-wordpress\/ -->\n<title>Utilidad de la pedagog\u00eda\u00a0 - EducatesPilar.com<\/title>\n<meta name=\"robots\" content=\"index, follow, max-snippet:-1, max-image-preview:large, max-video-preview:-1\" \/>\n<link rel=\"canonical\" href=\"https:\/\/educatespilar.com\/es\/utilidad-de-la-pedagogia\/\" \/>\n<meta property=\"og:locale\" content=\"es_ES\" \/>\n<meta property=\"og:type\" content=\"article\" \/>\n<meta property=\"og:title\" content=\"Utilidad de la pedagog\u00eda\u00a0 - EducatesPilar.com\" \/>\n<meta property=\"og:description\" content=\"Pero la pedagog\u00eda no ser\u00e1 \u00fatil solamente en esos periodos cr\u00edticos en que es necesario, con toda urgencia, volver a poner un sistema escolar en armon\u00eda con las necesidades de una \u00e9poca; hoy, al menos, ella se ha convertido en un auxiliar indispensable de la educaci\u00f3n. Porque, en efecto, si el arte del educador est\u00e1 [&hellip;]\" \/>\n<meta property=\"og:url\" content=\"https:\/\/educatespilar.com\/es\/utilidad-de-la-pedagogia\/\" \/>\n<meta property=\"og:site_name\" content=\"EducatesPilar.com\" \/>\n<meta property=\"article:published_time\" content=\"2026-02-23T07:36:40+00:00\" \/>\n<meta property=\"article:modified_time\" content=\"2026-02-23T18:37:16+00:00\" \/>\n<meta property=\"og:image\" content=\"https:\/\/educatespilar.com\/wp-content\/uploads\/2026\/02\/kids-classroom-taking-english-class-scaled.jpg\" \/>\n\t<meta property=\"og:image:width\" content=\"2560\" \/>\n\t<meta property=\"og:image:height\" content=\"1707\" \/>\n\t<meta property=\"og:image:type\" content=\"image\/jpeg\" \/>\n<meta name=\"author\" content=\"educates\" \/>\n<meta name=\"twitter:card\" content=\"summary_large_image\" \/>\n<meta name=\"twitter:label1\" content=\"Escrito por\" \/>\n\t<meta name=\"twitter:data1\" content=\"educates\" \/>\n\t<meta name=\"twitter:label2\" content=\"Tiempo de lectura\" \/>\n\t<meta name=\"twitter:data2\" content=\"6 minutos\" \/>\n<script type=\"application\/ld+json\" class=\"yoast-schema-graph\">{\"@context\":\"https:\\\/\\\/schema.org\",\"@graph\":[{\"@type\":\"Article\",\"@id\":\"https:\\\/\\\/educatespilar.com\\\/utilidad-de-la-pedagogia\\\/#article\",\"isPartOf\":{\"@id\":\"https:\\\/\\\/educatespilar.com\\\/utilidad-de-la-pedagogia\\\/\"},\"author\":{\"name\":\"educates\",\"@id\":\"https:\\\/\\\/tzs.pgq.temporary.site\\\/website_c18d3ae6\\\/#\\\/schema\\\/person\\\/655446504db2a404e6921d90ab7c0a0f\"},\"headline\":\"Utilidad de la pedagog\u00eda\u00a0\",\"datePublished\":\"2026-02-23T07:36:40+00:00\",\"dateModified\":\"2026-02-23T18:37:16+00:00\",\"mainEntityOfPage\":{\"@id\":\"https:\\\/\\\/educatespilar.com\\\/utilidad-de-la-pedagogia\\\/\"},\"wordCount\":1225,\"image\":{\"@id\":\"https:\\\/\\\/educatespilar.com\\\/utilidad-de-la-pedagogia\\\/#primaryimage\"},\"thumbnailUrl\":\"https:\\\/\\\/i0.wp.com\\\/educatespilar.com\\\/wp-content\\\/uploads\\\/2026\\\/02\\\/kids-classroom-taking-english-class-scaled.jpg?fit=2560%2C1707&ssl=1\",\"keywords\":[\"pedagogia\"],\"articleSection\":[\"Educaci\u00f3n\"],\"inLanguage\":\"es-AR\"},{\"@type\":\"WebPage\",\"@id\":\"https:\\\/\\\/educatespilar.com\\\/utilidad-de-la-pedagogia\\\/\",\"url\":\"https:\\\/\\\/educatespilar.com\\\/utilidad-de-la-pedagogia\\\/\",\"name\":\"Utilidad de la pedagog\u00eda\u00a0 - EducatesPilar.com\",\"isPartOf\":{\"@id\":\"https:\\\/\\\/tzs.pgq.temporary.site\\\/website_c18d3ae6\\\/#website\"},\"primaryImageOfPage\":{\"@id\":\"https:\\\/\\\/educatespilar.com\\\/utilidad-de-la-pedagogia\\\/#primaryimage\"},\"image\":{\"@id\":\"https:\\\/\\\/educatespilar.com\\\/utilidad-de-la-pedagogia\\\/#primaryimage\"},\"thumbnailUrl\":\"https:\\\/\\\/i0.wp.com\\\/educatespilar.com\\\/wp-content\\\/uploads\\\/2026\\\/02\\\/kids-classroom-taking-english-class-scaled.jpg?fit=2560%2C1707&ssl=1\",\"datePublished\":\"2026-02-23T07:36:40+00:00\",\"dateModified\":\"2026-02-23T18:37:16+00:00\",\"author\":{\"@id\":\"https:\\\/\\\/tzs.pgq.temporary.site\\\/website_c18d3ae6\\\/#\\\/schema\\\/person\\\/655446504db2a404e6921d90ab7c0a0f\"},\"breadcrumb\":{\"@id\":\"https:\\\/\\\/educatespilar.com\\\/utilidad-de-la-pedagogia\\\/#breadcrumb\"},\"inLanguage\":\"es-AR\",\"potentialAction\":[{\"@type\":\"ReadAction\",\"target\":[\"https:\\\/\\\/educatespilar.com\\\/utilidad-de-la-pedagogia\\\/\"]}]},{\"@type\":\"ImageObject\",\"inLanguage\":\"es-AR\",\"@id\":\"https:\\\/\\\/educatespilar.com\\\/utilidad-de-la-pedagogia\\\/#primaryimage\",\"url\":\"https:\\\/\\\/i0.wp.com\\\/educatespilar.com\\\/wp-content\\\/uploads\\\/2026\\\/02\\\/kids-classroom-taking-english-class-scaled.jpg?fit=2560%2C1707&ssl=1\",\"contentUrl\":\"https:\\\/\\\/i0.wp.com\\\/educatespilar.com\\\/wp-content\\\/uploads\\\/2026\\\/02\\\/kids-classroom-taking-english-class-scaled.jpg?fit=2560%2C1707&ssl=1\",\"width\":2560,\"height\":1707},{\"@type\":\"BreadcrumbList\",\"@id\":\"https:\\\/\\\/educatespilar.com\\\/utilidad-de-la-pedagogia\\\/#breadcrumb\",\"itemListElement\":[{\"@type\":\"ListItem\",\"position\":1,\"name\":\"Home\",\"item\":\"https:\\\/\\\/educatespilar.com\\\/\"},{\"@type\":\"ListItem\",\"position\":2,\"name\":\"Utilidad de la pedagog\u00eda\u00a0\"}]},{\"@type\":\"WebSite\",\"@id\":\"https:\\\/\\\/tzs.pgq.temporary.site\\\/website_c18d3ae6\\\/#website\",\"url\":\"https:\\\/\\\/tzs.pgq.temporary.site\\\/website_c18d3ae6\\\/\",\"name\":\"EducatesPilar.com\",\"description\":\"\",\"potentialAction\":[{\"@type\":\"SearchAction\",\"target\":{\"@type\":\"EntryPoint\",\"urlTemplate\":\"https:\\\/\\\/tzs.pgq.temporary.site\\\/website_c18d3ae6\\\/?s={search_term_string}\"},\"query-input\":{\"@type\":\"PropertyValueSpecification\",\"valueRequired\":true,\"valueName\":\"search_term_string\"}}],\"inLanguage\":\"es-AR\"},{\"@type\":\"Person\",\"@id\":\"https:\\\/\\\/tzs.pgq.temporary.site\\\/website_c18d3ae6\\\/#\\\/schema\\\/person\\\/655446504db2a404e6921d90ab7c0a0f\",\"name\":\"educates\",\"image\":{\"@type\":\"ImageObject\",\"inLanguage\":\"es-AR\",\"@id\":\"https:\\\/\\\/secure.gravatar.com\\\/avatar\\\/f1e844324149cf607705bdc3821ac52f5613382cc275e3a009bc73539c52a819?s=96&d=mm&r=g\",\"url\":\"https:\\\/\\\/secure.gravatar.com\\\/avatar\\\/f1e844324149cf607705bdc3821ac52f5613382cc275e3a009bc73539c52a819?s=96&d=mm&r=g\",\"contentUrl\":\"https:\\\/\\\/secure.gravatar.com\\\/avatar\\\/f1e844324149cf607705bdc3821ac52f5613382cc275e3a009bc73539c52a819?s=96&d=mm&r=g\",\"caption\":\"educates\"},\"url\":\"https:\\\/\\\/educatespilar.com\\\/es\\\/author\\\/educates\\\/\"}]}<\/script>\n<!-- \/ Yoast SEO plugin. -->","yoast_head_json":{"title":"Utilidad de la pedagog\u00eda\u00a0 - EducatesPilar.com","robots":{"index":"index","follow":"follow","max-snippet":"max-snippet:-1","max-image-preview":"max-image-preview:large","max-video-preview":"max-video-preview:-1"},"canonical":"https:\/\/educatespilar.com\/es\/utilidad-de-la-pedagogia\/","og_locale":"es_ES","og_type":"article","og_title":"Utilidad de la pedagog\u00eda\u00a0 - EducatesPilar.com","og_description":"Pero la pedagog\u00eda no ser\u00e1 \u00fatil solamente en esos periodos cr\u00edticos en que es necesario, con toda urgencia, volver a poner un sistema escolar en armon\u00eda con las necesidades de una \u00e9poca; hoy, al menos, ella se ha convertido en un auxiliar indispensable de la educaci\u00f3n. Porque, en efecto, si el arte del educador est\u00e1 [&hellip;]","og_url":"https:\/\/educatespilar.com\/es\/utilidad-de-la-pedagogia\/","og_site_name":"EducatesPilar.com","article_published_time":"2026-02-23T07:36:40+00:00","article_modified_time":"2026-02-23T18:37:16+00:00","og_image":[{"width":2560,"height":1707,"url":"https:\/\/educatespilar.com\/wp-content\/uploads\/2026\/02\/kids-classroom-taking-english-class-scaled.jpg","type":"image\/jpeg"}],"author":"educates","twitter_card":"summary_large_image","twitter_misc":{"Escrito por":"educates","Tiempo de lectura":"6 minutos"},"schema":{"@context":"https:\/\/schema.org","@graph":[{"@type":"Article","@id":"https:\/\/educatespilar.com\/utilidad-de-la-pedagogia\/#article","isPartOf":{"@id":"https:\/\/educatespilar.com\/utilidad-de-la-pedagogia\/"},"author":{"name":"educates","@id":"https:\/\/tzs.pgq.temporary.site\/website_c18d3ae6\/#\/schema\/person\/655446504db2a404e6921d90ab7c0a0f"},"headline":"Utilidad de la pedagog\u00eda\u00a0","datePublished":"2026-02-23T07:36:40+00:00","dateModified":"2026-02-23T18:37:16+00:00","mainEntityOfPage":{"@id":"https:\/\/educatespilar.com\/utilidad-de-la-pedagogia\/"},"wordCount":1225,"image":{"@id":"https:\/\/educatespilar.com\/utilidad-de-la-pedagogia\/#primaryimage"},"thumbnailUrl":"https:\/\/i0.wp.com\/educatespilar.com\/wp-content\/uploads\/2026\/02\/kids-classroom-taking-english-class-scaled.jpg?fit=2560%2C1707&ssl=1","keywords":["pedagogia"],"articleSection":["Educaci\u00f3n"],"inLanguage":"es-AR"},{"@type":"WebPage","@id":"https:\/\/educatespilar.com\/utilidad-de-la-pedagogia\/","url":"https:\/\/educatespilar.com\/utilidad-de-la-pedagogia\/","name":"Utilidad de la pedagog\u00eda\u00a0 - EducatesPilar.com","isPartOf":{"@id":"https:\/\/tzs.pgq.temporary.site\/website_c18d3ae6\/#website"},"primaryImageOfPage":{"@id":"https:\/\/educatespilar.com\/utilidad-de-la-pedagogia\/#primaryimage"},"image":{"@id":"https:\/\/educatespilar.com\/utilidad-de-la-pedagogia\/#primaryimage"},"thumbnailUrl":"https:\/\/i0.wp.com\/educatespilar.com\/wp-content\/uploads\/2026\/02\/kids-classroom-taking-english-class-scaled.jpg?fit=2560%2C1707&ssl=1","datePublished":"2026-02-23T07:36:40+00:00","dateModified":"2026-02-23T18:37:16+00:00","author":{"@id":"https:\/\/tzs.pgq.temporary.site\/website_c18d3ae6\/#\/schema\/person\/655446504db2a404e6921d90ab7c0a0f"},"breadcrumb":{"@id":"https:\/\/educatespilar.com\/utilidad-de-la-pedagogia\/#breadcrumb"},"inLanguage":"es-AR","potentialAction":[{"@type":"ReadAction","target":["https:\/\/educatespilar.com\/utilidad-de-la-pedagogia\/"]}]},{"@type":"ImageObject","inLanguage":"es-AR","@id":"https:\/\/educatespilar.com\/utilidad-de-la-pedagogia\/#primaryimage","url":"https:\/\/i0.wp.com\/educatespilar.com\/wp-content\/uploads\/2026\/02\/kids-classroom-taking-english-class-scaled.jpg?fit=2560%2C1707&ssl=1","contentUrl":"https:\/\/i0.wp.com\/educatespilar.com\/wp-content\/uploads\/2026\/02\/kids-classroom-taking-english-class-scaled.jpg?fit=2560%2C1707&ssl=1","width":2560,"height":1707},{"@type":"BreadcrumbList","@id":"https:\/\/educatespilar.com\/utilidad-de-la-pedagogia\/#breadcrumb","itemListElement":[{"@type":"ListItem","position":1,"name":"Home","item":"https:\/\/educatespilar.com\/"},{"@type":"ListItem","position":2,"name":"Utilidad de la pedagog\u00eda\u00a0"}]},{"@type":"WebSite","@id":"https:\/\/tzs.pgq.temporary.site\/website_c18d3ae6\/#website","url":"https:\/\/tzs.pgq.temporary.site\/website_c18d3ae6\/","name":"EducatesPilar.com","description":"","potentialAction":[{"@type":"SearchAction","target":{"@type":"EntryPoint","urlTemplate":"https:\/\/tzs.pgq.temporary.site\/website_c18d3ae6\/?s={search_term_string}"},"query-input":{"@type":"PropertyValueSpecification","valueRequired":true,"valueName":"search_term_string"}}],"inLanguage":"es-AR"},{"@type":"Person","@id":"https:\/\/tzs.pgq.temporary.site\/website_c18d3ae6\/#\/schema\/person\/655446504db2a404e6921d90ab7c0a0f","name":"educates","image":{"@type":"ImageObject","inLanguage":"es-AR","@id":"https:\/\/secure.gravatar.com\/avatar\/f1e844324149cf607705bdc3821ac52f5613382cc275e3a009bc73539c52a819?s=96&d=mm&r=g","url":"https:\/\/secure.gravatar.com\/avatar\/f1e844324149cf607705bdc3821ac52f5613382cc275e3a009bc73539c52a819?s=96&d=mm&r=g","contentUrl":"https:\/\/secure.gravatar.com\/avatar\/f1e844324149cf607705bdc3821ac52f5613382cc275e3a009bc73539c52a819?s=96&d=mm&r=g","caption":"educates"},"url":"https:\/\/educatespilar.com\/es\/author\/educates\/"}]}},"jetpack_featured_media_url":"https:\/\/i0.wp.com\/educatespilar.com\/wp-content\/uploads\/2026\/02\/kids-classroom-taking-english-class-scaled.jpg?fit=2560%2C1707&ssl=1","jetpack_sharing_enabled":true,"_links":{"self":[{"href":"https:\/\/educatespilar.com\/es\/wp-json\/wp\/v2\/posts\/396","targetHints":{"allow":["GET"]}}],"collection":[{"href":"https:\/\/educatespilar.com\/es\/wp-json\/wp\/v2\/posts"}],"about":[{"href":"https:\/\/educatespilar.com\/es\/wp-json\/wp\/v2\/types\/post"}],"author":[{"embeddable":true,"href":"https:\/\/educatespilar.com\/es\/wp-json\/wp\/v2\/users\/2"}],"replies":[{"embeddable":true,"href":"https:\/\/educatespilar.com\/es\/wp-json\/wp\/v2\/comments?post=396"}],"version-history":[{"count":1,"href":"https:\/\/educatespilar.com\/es\/wp-json\/wp\/v2\/posts\/396\/revisions"}],"predecessor-version":[{"id":398,"href":"https:\/\/educatespilar.com\/es\/wp-json\/wp\/v2\/posts\/396\/revisions\/398"}],"wp:featuredmedia":[{"embeddable":true,"href":"https:\/\/educatespilar.com\/es\/wp-json\/wp\/v2\/media\/397"}],"wp:attachment":[{"href":"https:\/\/educatespilar.com\/es\/wp-json\/wp\/v2\/media?parent=396"}],"wp:term":[{"taxonomy":"category","embeddable":true,"href":"https:\/\/educatespilar.com\/es\/wp-json\/wp\/v2\/categories?post=396"},{"taxonomy":"post_tag","embeddable":true,"href":"https:\/\/educatespilar.com\/es\/wp-json\/wp\/v2\/tags?post=396"}],"curies":[{"name":"wp","href":"https:\/\/api.w.org\/{rel}","templated":true}]}}