{"id":369,"date":"2026-02-09T12:58:51","date_gmt":"2026-02-09T12:58:51","guid":{"rendered":"https:\/\/educatespilar.com\/?p=369"},"modified":"2026-02-09T12:58:51","modified_gmt":"2026-02-09T12:58:51","slug":"la-cuestion-entrelazada-con-la-psicologica","status":"publish","type":"post","link":"https:\/\/educatespilar.com\/es\/la-cuestion-entrelazada-con-la-psicologica\/","title":{"rendered":"La cuesti\u00f3n entrelazada con la psicol\u00f3gica."},"content":{"rendered":"<p><img data-recalc-dims=\"1\" decoding=\"async\" loading=\"lazy\" class=\"alignnone size-medium wp-image-370\" src=\"https:\/\/i0.wp.com\/educatespilar.com\/wp-content\/uploads\/2026\/02\/man-woman-are-looking-each-other-there-is-something-strange-intertwined-near-their-heads.jpg?resize=300%2C200&#038;ssl=1\" alt=\"\" width=\"300\" height=\"200\" srcset=\"https:\/\/i0.wp.com\/educatespilar.com\/wp-content\/uploads\/2026\/02\/man-woman-are-looking-each-other-there-is-something-strange-intertwined-near-their-heads-scaled.jpg?resize=300%2C200&amp;ssl=1 300w, https:\/\/i0.wp.com\/educatespilar.com\/wp-content\/uploads\/2026\/02\/man-woman-are-looking-each-other-there-is-something-strange-intertwined-near-their-heads-scaled.jpg?resize=1024%2C683&amp;ssl=1 1024w, https:\/\/i0.wp.com\/educatespilar.com\/wp-content\/uploads\/2026\/02\/man-woman-are-looking-each-other-there-is-something-strange-intertwined-near-their-heads-scaled.jpg?resize=768%2C512&amp;ssl=1 768w, https:\/\/i0.wp.com\/educatespilar.com\/wp-content\/uploads\/2026\/02\/man-woman-are-looking-each-other-there-is-something-strange-intertwined-near-their-heads-scaled.jpg?resize=1536%2C1024&amp;ssl=1 1536w, https:\/\/i0.wp.com\/educatespilar.com\/wp-content\/uploads\/2026\/02\/man-woman-are-looking-each-other-there-is-something-strange-intertwined-near-their-heads-scaled.jpg?resize=2048%2C1365&amp;ssl=1 2048w, https:\/\/i0.wp.com\/educatespilar.com\/wp-content\/uploads\/2026\/02\/man-woman-are-looking-each-other-there-is-something-strange-intertwined-near-their-heads-scaled.jpg?resize=18%2C12&amp;ssl=1 18w, https:\/\/i0.wp.com\/educatespilar.com\/wp-content\/uploads\/2026\/02\/man-woman-are-looking-each-other-there-is-something-strange-intertwined-near-their-heads-scaled.jpg?resize=600%2C400&amp;ssl=1 600w\" sizes=\"auto, (max-width: 300px) 100vw, 300px\" \/><\/p>\n<p><span style=\"font-weight: 400;\">Llego ahora a la contribuci\u00f3n de la sociolog\u00eda entendiendo por ella en el momento presente todas las disciplinas sociales al contenido cient\u00edfico de la educaci\u00f3n. Afortunadamente, no es necesario insistir hoy ya sobre la importancia de este factor. Igual que la palabra \u201csocial&#8221;&#8216; est\u00e1n en el aire las palabras &#8220;educaci\u00f3n social&#8221;. El problema que debe estudiarse se refiere a c\u00f3mo se interpreta la idea. El tiempo s\u00f3lo nos permite mencionar dos puntos. El uno se refiere a la posici\u00f3n de los<\/span><i><span style=\"font-weight: 400;\"> instrumentos<\/span><\/i> <i><span style=\"font-weight: 400;\">sociales.<\/span><\/i><span style=\"font-weight: 400;\"> El ejemplo m\u00e1s evidente de tales instrumentos es la destreza en el lenguaje (lectura, ortograf\u00eda y escritura) y en el n\u00famero. Pero \u00e9stos son s\u00f3lo dos casos. Las buenas maneras constituyen tambi\u00e9n un instrumento social, y as\u00ed tambi\u00e9n la moral en uno de sus aspectos. Una considerable parte de la geograf\u00eda y la historia lo son tambi\u00e9n, as\u00ed como la ciencia elemental y algunos aspectos de las bellas artes. En realidad, ser\u00eda dif\u00edcil trazar una l\u00ednea de separaci\u00f3n en cualquier esquema educativo; considerad, por ejemplo, la necesidad para los estudiantes de medicina y derecho de dominar ciertas destrezas y hechos como instrumentos sociales. La \u00fanica diferencia entre las materias del programa en cuanto instrumentos sociales parece ser un asunto de grado.<\/span><\/p>\n<p>&nbsp;<\/p>\n<p><span style=\"font-weight: 400;\">En vista de &#8216;est\u00e9 hecho, el h\u00e1bito corriente de hablar s\u00f3lo de algunas destrezas como instrumentos sociales sugiere la necesidad de la reflexi\u00f3n. La causa de ser seleccionadas como los instrumentos sociales es evidente cuando observamos que las cosas que se llaman ordinariamente instrumentos sociales son la parte m\u00e1s formal del programa. Estas materias y la destreza en emplearlas son formales porque est\u00e1n separadas del contenido social; son instrumentos sociales para el futuro m\u00e1s que en el momento en que se aprenden. La acentuaci\u00f3n sobre su repetici\u00f3n, haciendo su adquisici\u00f3n una funci\u00f3n de frecuencia, es una prueba de su quitamiento de las materias y valores directamente social de la divisi\u00f3n corriente, encontrada en muchas materias de esta divisi\u00f3n sobre la contribuci\u00f3n que la matera socialmente, sino que se les relega a la mec\u00e1nica de la psicolog\u00eda vuelve accidental el uso social al que se les destina final. Muchas escuelas modernas, por delante de la teor\u00eda. Los sociales son los que se adquieren mejor en un contexto a alguna fase de vida pr\u00f3xima.<\/span><\/p>\n<p>&nbsp;<\/p>\n<p><span style=\"font-weight: 400;\">Cuando no se forma la destreza en y con instrumentos socialmente, es decir, no se genera para fines sociales, \u00e9stos se separan de los medios por los cuales deb\u00edan controlarse. Para citar s\u00f3lo un caso el g\u00e9nero de materia de lectura que ahora abunda m\u00e1s socialmente, como puede percibirse con una mirada a los quioscos de peri\u00f3dicos, es de un car\u00e1cter socialmente <\/span><i><span style=\"font-weight: 400;\">indeseable.<\/span><\/i><span style=\"font-weight: 400;\"> Sin embargo, s\u00f3lo puede venderse a lectores, es decir, a los que est\u00e1n en posesi\u00f3n de los llamados instrumentos sociales. Muchas p\u00e1ginas de exposici\u00f3n no hablar\u00edan m\u00e1s elocuentemente de lo que puede ocurrir cuando en nombre de la ciencia la teor\u00eda de la educaci\u00f3n separa los procesos psicol\u00f3gicos que regulan el mero mecanismo de adquirir una destreza de las condiciones y necesidades sociales que tienen relaci\u00f3n con la aplicaci\u00f3n de esta destreza.<\/span><\/p>\n<p>&nbsp;<\/p>\n<p><span style=\"font-weight: 400;\">El otro punto sobre la contribuci\u00f3n de la sociolog\u00eda a la ciencia de la educaci\u00f3n se refiere a la determinaci\u00f3n de valores, de objetivos. El camino m\u00e1s corto para adquirir algo que parezca cient\u00edfico es hacer un estudio estad\u00edstico de las pr\u00e1cticas y deseos existentes, en la suposici\u00f3n de que su determinaci\u00f3n exacta fijar\u00e1 la materia de estudio que debe ense\u00f1arse, sacando as\u00ed del aire a la redacci\u00f3n del programa y coloc\u00e1ndola sobre una base s\u00f3lida de hechos. Esto significa en hecho y en l\u00f3gica que el g\u00e9nero de educaci\u00f3n que da el ambiente social inconscientemente y en conexi\u00f3n con todos sus defectos, perversiones y distorsiones en el g\u00e9nero de educaci\u00f3n que las escuelas deb\u00edan dar conscientemente de los clasicistas que confinar\u00edan la materia de la instrucci\u00f3n a lo mejor de los productos del pasado, sin tener en cuenta las condiciones sociales presentes y futuras. Es dif\u00edcil ver la causa para tal proceder, si no es el deseo de demostrar el valor de la ciencia de la educaci\u00f3n afirmando que tiene algo inmediato y directo que ofrecer para guiar a las escuelas.<\/span><\/p>\n<p>&nbsp;<\/p>\n<h2><span style=\"font-weight: 400;\">La educaci\u00f3n, su naturaleza y su papel.<\/span><\/h2>\n<h3><span style=\"font-weight: 400;\">Las definiciones de la educaci\u00f3n.<\/span><\/h3>\n<p><span style=\"font-weight: 400;\">La palabra educaci\u00f3n ha sido empleada a veces para designar el conjunto de las influencias que la naturaleza o los dem\u00e1s hombres pueden ejercer, sea sobre nuestra inteligencia, sea sobre nuestra voluntad. Ella compendia, dice Stuart Mil, &#8220;todo lo que hacemos por nosotros mismos y todo lo que los dem\u00e1s hacen por nosotros con el fin de aproximarnos a la perfecci\u00f3n de nuestra naturaleza. Pero esta definici\u00f3n comprende hechos totalmente diferentes y que no pueden ser reunidos en un mismo vocablo sin exponerse a confusiones. La acci\u00f3n de las cosas sobre los hombres es muy diferente, por sus procedimientos y por sus resultados, de la que procede de los propios hombres; y la acci\u00f3n de los contempor\u00e1neos difiere de la que ejercen los adultos sobre los m\u00e1s j\u00f3venes. Esta \u00faltima es la \u00fanica que nos interesa aqu\u00ed y, en consecuencia, conviene reservar para ella el t\u00e9rmino \u201ceducaci\u00f3n\u201d.<\/span><\/p>\n<p>&nbsp;<\/p>\n","protected":false},"excerpt":{"rendered":"<p>Llego ahora a la contribuci\u00f3n de la sociolog\u00eda entendiendo por ella en el momento presente todas las disciplinas sociales al contenido cient\u00edfico de la educaci\u00f3n. Afortunadamente, no es necesario insistir hoy ya sobre la importancia de este factor. Igual que la palabra \u201csocial&#8221;&#8216; est\u00e1n en el aire las palabras &#8220;educaci\u00f3n social&#8221;. El problema que debe [&hellip;]<\/p>\n","protected":false},"author":2,"featured_media":370,"comment_status":"closed","ping_status":"closed","sticky":false,"template":"","format":"standard","meta":{"nf_dc_page":"","_jetpack_memberships_contains_paid_content":false,"footnotes":""},"categories":[9],"tags":[26,62],"class_list":["post-369","post","type-post","status-publish","format-standard","has-post-thumbnail","hentry","category-educacion","tag-educacion","tag-psicologia"],"yoast_head":"<!-- This site is optimized with the Yoast SEO plugin v27.4 - https:\/\/yoast.com\/product\/yoast-seo-wordpress\/ -->\n<title>La cuesti\u00f3n entrelazada con la psicol\u00f3gica. - EducatesPilar.com<\/title>\n<meta name=\"robots\" content=\"index, follow, max-snippet:-1, max-image-preview:large, max-video-preview:-1\" \/>\n<link rel=\"canonical\" href=\"https:\/\/educatespilar.com\/es\/la-cuestion-entrelazada-con-la-psicologica\/\" \/>\n<meta property=\"og:locale\" content=\"es_ES\" \/>\n<meta property=\"og:type\" content=\"article\" \/>\n<meta property=\"og:title\" content=\"La cuesti\u00f3n entrelazada con la psicol\u00f3gica. - EducatesPilar.com\" \/>\n<meta property=\"og:description\" content=\"Llego ahora a la contribuci\u00f3n de la sociolog\u00eda entendiendo por ella en el momento presente todas las disciplinas sociales al contenido cient\u00edfico de la educaci\u00f3n. Afortunadamente, no es necesario insistir hoy ya sobre la importancia de este factor. Igual que la palabra \u201csocial&#8221;&#8216; est\u00e1n en el aire las palabras &#8220;educaci\u00f3n social&#8221;. El problema que debe [&hellip;]\" \/>\n<meta property=\"og:url\" content=\"https:\/\/educatespilar.com\/es\/la-cuestion-entrelazada-con-la-psicologica\/\" \/>\n<meta property=\"og:site_name\" content=\"EducatesPilar.com\" \/>\n<meta property=\"article:published_time\" content=\"2026-02-09T12:58:51+00:00\" \/>\n<meta property=\"og:image\" content=\"https:\/\/educatespilar.com\/wp-content\/uploads\/2026\/02\/man-woman-are-looking-each-other-there-is-something-strange-intertwined-near-their-heads-scaled.jpg\" \/>\n\t<meta property=\"og:image:width\" content=\"2560\" \/>\n\t<meta property=\"og:image:height\" content=\"1707\" \/>\n\t<meta property=\"og:image:type\" content=\"image\/jpeg\" \/>\n<meta name=\"author\" content=\"educates\" \/>\n<meta name=\"twitter:card\" content=\"summary_large_image\" \/>\n<meta name=\"twitter:label1\" content=\"Escrito por\" \/>\n\t<meta name=\"twitter:data1\" content=\"educates\" \/>\n\t<meta name=\"twitter:label2\" content=\"Tiempo de lectura\" \/>\n\t<meta name=\"twitter:data2\" content=\"5 minutos\" \/>\n<script type=\"application\/ld+json\" class=\"yoast-schema-graph\">{\"@context\":\"https:\\\/\\\/schema.org\",\"@graph\":[{\"@type\":\"Article\",\"@id\":\"https:\\\/\\\/educatespilar.com\\\/la-cuestion-entrelazada-con-la-psicologica\\\/#article\",\"isPartOf\":{\"@id\":\"https:\\\/\\\/educatespilar.com\\\/la-cuestion-entrelazada-con-la-psicologica\\\/\"},\"author\":{\"name\":\"educates\",\"@id\":\"https:\\\/\\\/tzs.pgq.temporary.site\\\/website_c18d3ae6\\\/#\\\/schema\\\/person\\\/655446504db2a404e6921d90ab7c0a0f\"},\"headline\":\"La cuesti\u00f3n entrelazada con la psicol\u00f3gica.\",\"datePublished\":\"2026-02-09T12:58:51+00:00\",\"mainEntityOfPage\":{\"@id\":\"https:\\\/\\\/educatespilar.com\\\/la-cuestion-entrelazada-con-la-psicologica\\\/\"},\"wordCount\":960,\"image\":{\"@id\":\"https:\\\/\\\/educatespilar.com\\\/la-cuestion-entrelazada-con-la-psicologica\\\/#primaryimage\"},\"thumbnailUrl\":\"https:\\\/\\\/i0.wp.com\\\/educatespilar.com\\\/wp-content\\\/uploads\\\/2026\\\/02\\\/man-woman-are-looking-each-other-there-is-something-strange-intertwined-near-their-heads-scaled.jpg?fit=2560%2C1707&ssl=1\",\"keywords\":[\"educacion\",\"psicologia\"],\"articleSection\":[\"Educaci\u00f3n\"],\"inLanguage\":\"es-AR\"},{\"@type\":\"WebPage\",\"@id\":\"https:\\\/\\\/educatespilar.com\\\/la-cuestion-entrelazada-con-la-psicologica\\\/\",\"url\":\"https:\\\/\\\/educatespilar.com\\\/la-cuestion-entrelazada-con-la-psicologica\\\/\",\"name\":\"La cuesti\u00f3n entrelazada con la psicol\u00f3gica. - EducatesPilar.com\",\"isPartOf\":{\"@id\":\"https:\\\/\\\/tzs.pgq.temporary.site\\\/website_c18d3ae6\\\/#website\"},\"primaryImageOfPage\":{\"@id\":\"https:\\\/\\\/educatespilar.com\\\/la-cuestion-entrelazada-con-la-psicologica\\\/#primaryimage\"},\"image\":{\"@id\":\"https:\\\/\\\/educatespilar.com\\\/la-cuestion-entrelazada-con-la-psicologica\\\/#primaryimage\"},\"thumbnailUrl\":\"https:\\\/\\\/i0.wp.com\\\/educatespilar.com\\\/wp-content\\\/uploads\\\/2026\\\/02\\\/man-woman-are-looking-each-other-there-is-something-strange-intertwined-near-their-heads-scaled.jpg?fit=2560%2C1707&ssl=1\",\"datePublished\":\"2026-02-09T12:58:51+00:00\",\"author\":{\"@id\":\"https:\\\/\\\/tzs.pgq.temporary.site\\\/website_c18d3ae6\\\/#\\\/schema\\\/person\\\/655446504db2a404e6921d90ab7c0a0f\"},\"breadcrumb\":{\"@id\":\"https:\\\/\\\/educatespilar.com\\\/la-cuestion-entrelazada-con-la-psicologica\\\/#breadcrumb\"},\"inLanguage\":\"es-AR\",\"potentialAction\":[{\"@type\":\"ReadAction\",\"target\":[\"https:\\\/\\\/educatespilar.com\\\/la-cuestion-entrelazada-con-la-psicologica\\\/\"]}]},{\"@type\":\"ImageObject\",\"inLanguage\":\"es-AR\",\"@id\":\"https:\\\/\\\/educatespilar.com\\\/la-cuestion-entrelazada-con-la-psicologica\\\/#primaryimage\",\"url\":\"https:\\\/\\\/i0.wp.com\\\/educatespilar.com\\\/wp-content\\\/uploads\\\/2026\\\/02\\\/man-woman-are-looking-each-other-there-is-something-strange-intertwined-near-their-heads-scaled.jpg?fit=2560%2C1707&ssl=1\",\"contentUrl\":\"https:\\\/\\\/i0.wp.com\\\/educatespilar.com\\\/wp-content\\\/uploads\\\/2026\\\/02\\\/man-woman-are-looking-each-other-there-is-something-strange-intertwined-near-their-heads-scaled.jpg?fit=2560%2C1707&ssl=1\",\"width\":2560,\"height\":1707},{\"@type\":\"BreadcrumbList\",\"@id\":\"https:\\\/\\\/educatespilar.com\\\/la-cuestion-entrelazada-con-la-psicologica\\\/#breadcrumb\",\"itemListElement\":[{\"@type\":\"ListItem\",\"position\":1,\"name\":\"Home\",\"item\":\"https:\\\/\\\/educatespilar.com\\\/\"},{\"@type\":\"ListItem\",\"position\":2,\"name\":\"La cuesti\u00f3n entrelazada con la psicol\u00f3gica.\"}]},{\"@type\":\"WebSite\",\"@id\":\"https:\\\/\\\/tzs.pgq.temporary.site\\\/website_c18d3ae6\\\/#website\",\"url\":\"https:\\\/\\\/tzs.pgq.temporary.site\\\/website_c18d3ae6\\\/\",\"name\":\"EducatesPilar.com\",\"description\":\"\",\"potentialAction\":[{\"@type\":\"SearchAction\",\"target\":{\"@type\":\"EntryPoint\",\"urlTemplate\":\"https:\\\/\\\/tzs.pgq.temporary.site\\\/website_c18d3ae6\\\/?s={search_term_string}\"},\"query-input\":{\"@type\":\"PropertyValueSpecification\",\"valueRequired\":true,\"valueName\":\"search_term_string\"}}],\"inLanguage\":\"es-AR\"},{\"@type\":\"Person\",\"@id\":\"https:\\\/\\\/tzs.pgq.temporary.site\\\/website_c18d3ae6\\\/#\\\/schema\\\/person\\\/655446504db2a404e6921d90ab7c0a0f\",\"name\":\"educates\",\"image\":{\"@type\":\"ImageObject\",\"inLanguage\":\"es-AR\",\"@id\":\"https:\\\/\\\/secure.gravatar.com\\\/avatar\\\/f1e844324149cf607705bdc3821ac52f5613382cc275e3a009bc73539c52a819?s=96&d=mm&r=g\",\"url\":\"https:\\\/\\\/secure.gravatar.com\\\/avatar\\\/f1e844324149cf607705bdc3821ac52f5613382cc275e3a009bc73539c52a819?s=96&d=mm&r=g\",\"contentUrl\":\"https:\\\/\\\/secure.gravatar.com\\\/avatar\\\/f1e844324149cf607705bdc3821ac52f5613382cc275e3a009bc73539c52a819?s=96&d=mm&r=g\",\"caption\":\"educates\"},\"url\":\"https:\\\/\\\/educatespilar.com\\\/es\\\/author\\\/educates\\\/\"}]}<\/script>\n<!-- \/ Yoast SEO plugin. -->","yoast_head_json":{"title":"La cuesti\u00f3n entrelazada con la psicol\u00f3gica. - EducatesPilar.com","robots":{"index":"index","follow":"follow","max-snippet":"max-snippet:-1","max-image-preview":"max-image-preview:large","max-video-preview":"max-video-preview:-1"},"canonical":"https:\/\/educatespilar.com\/es\/la-cuestion-entrelazada-con-la-psicologica\/","og_locale":"es_ES","og_type":"article","og_title":"La cuesti\u00f3n entrelazada con la psicol\u00f3gica. - EducatesPilar.com","og_description":"Llego ahora a la contribuci\u00f3n de la sociolog\u00eda entendiendo por ella en el momento presente todas las disciplinas sociales al contenido cient\u00edfico de la educaci\u00f3n. Afortunadamente, no es necesario insistir hoy ya sobre la importancia de este factor. Igual que la palabra \u201csocial&#8221;&#8216; est\u00e1n en el aire las palabras &#8220;educaci\u00f3n social&#8221;. El problema que debe [&hellip;]","og_url":"https:\/\/educatespilar.com\/es\/la-cuestion-entrelazada-con-la-psicologica\/","og_site_name":"EducatesPilar.com","article_published_time":"2026-02-09T12:58:51+00:00","og_image":[{"width":2560,"height":1707,"url":"https:\/\/educatespilar.com\/wp-content\/uploads\/2026\/02\/man-woman-are-looking-each-other-there-is-something-strange-intertwined-near-their-heads-scaled.jpg","type":"image\/jpeg"}],"author":"educates","twitter_card":"summary_large_image","twitter_misc":{"Escrito por":"educates","Tiempo de lectura":"5 minutos"},"schema":{"@context":"https:\/\/schema.org","@graph":[{"@type":"Article","@id":"https:\/\/educatespilar.com\/la-cuestion-entrelazada-con-la-psicologica\/#article","isPartOf":{"@id":"https:\/\/educatespilar.com\/la-cuestion-entrelazada-con-la-psicologica\/"},"author":{"name":"educates","@id":"https:\/\/tzs.pgq.temporary.site\/website_c18d3ae6\/#\/schema\/person\/655446504db2a404e6921d90ab7c0a0f"},"headline":"La cuesti\u00f3n entrelazada con la psicol\u00f3gica.","datePublished":"2026-02-09T12:58:51+00:00","mainEntityOfPage":{"@id":"https:\/\/educatespilar.com\/la-cuestion-entrelazada-con-la-psicologica\/"},"wordCount":960,"image":{"@id":"https:\/\/educatespilar.com\/la-cuestion-entrelazada-con-la-psicologica\/#primaryimage"},"thumbnailUrl":"https:\/\/i0.wp.com\/educatespilar.com\/wp-content\/uploads\/2026\/02\/man-woman-are-looking-each-other-there-is-something-strange-intertwined-near-their-heads-scaled.jpg?fit=2560%2C1707&ssl=1","keywords":["educacion","psicologia"],"articleSection":["Educaci\u00f3n"],"inLanguage":"es-AR"},{"@type":"WebPage","@id":"https:\/\/educatespilar.com\/la-cuestion-entrelazada-con-la-psicologica\/","url":"https:\/\/educatespilar.com\/la-cuestion-entrelazada-con-la-psicologica\/","name":"La cuesti\u00f3n entrelazada con la psicol\u00f3gica. - EducatesPilar.com","isPartOf":{"@id":"https:\/\/tzs.pgq.temporary.site\/website_c18d3ae6\/#website"},"primaryImageOfPage":{"@id":"https:\/\/educatespilar.com\/la-cuestion-entrelazada-con-la-psicologica\/#primaryimage"},"image":{"@id":"https:\/\/educatespilar.com\/la-cuestion-entrelazada-con-la-psicologica\/#primaryimage"},"thumbnailUrl":"https:\/\/i0.wp.com\/educatespilar.com\/wp-content\/uploads\/2026\/02\/man-woman-are-looking-each-other-there-is-something-strange-intertwined-near-their-heads-scaled.jpg?fit=2560%2C1707&ssl=1","datePublished":"2026-02-09T12:58:51+00:00","author":{"@id":"https:\/\/tzs.pgq.temporary.site\/website_c18d3ae6\/#\/schema\/person\/655446504db2a404e6921d90ab7c0a0f"},"breadcrumb":{"@id":"https:\/\/educatespilar.com\/la-cuestion-entrelazada-con-la-psicologica\/#breadcrumb"},"inLanguage":"es-AR","potentialAction":[{"@type":"ReadAction","target":["https:\/\/educatespilar.com\/la-cuestion-entrelazada-con-la-psicologica\/"]}]},{"@type":"ImageObject","inLanguage":"es-AR","@id":"https:\/\/educatespilar.com\/la-cuestion-entrelazada-con-la-psicologica\/#primaryimage","url":"https:\/\/i0.wp.com\/educatespilar.com\/wp-content\/uploads\/2026\/02\/man-woman-are-looking-each-other-there-is-something-strange-intertwined-near-their-heads-scaled.jpg?fit=2560%2C1707&ssl=1","contentUrl":"https:\/\/i0.wp.com\/educatespilar.com\/wp-content\/uploads\/2026\/02\/man-woman-are-looking-each-other-there-is-something-strange-intertwined-near-their-heads-scaled.jpg?fit=2560%2C1707&ssl=1","width":2560,"height":1707},{"@type":"BreadcrumbList","@id":"https:\/\/educatespilar.com\/la-cuestion-entrelazada-con-la-psicologica\/#breadcrumb","itemListElement":[{"@type":"ListItem","position":1,"name":"Home","item":"https:\/\/educatespilar.com\/"},{"@type":"ListItem","position":2,"name":"La cuesti\u00f3n entrelazada con la psicol\u00f3gica."}]},{"@type":"WebSite","@id":"https:\/\/tzs.pgq.temporary.site\/website_c18d3ae6\/#website","url":"https:\/\/tzs.pgq.temporary.site\/website_c18d3ae6\/","name":"EducatesPilar.com","description":"","potentialAction":[{"@type":"SearchAction","target":{"@type":"EntryPoint","urlTemplate":"https:\/\/tzs.pgq.temporary.site\/website_c18d3ae6\/?s={search_term_string}"},"query-input":{"@type":"PropertyValueSpecification","valueRequired":true,"valueName":"search_term_string"}}],"inLanguage":"es-AR"},{"@type":"Person","@id":"https:\/\/tzs.pgq.temporary.site\/website_c18d3ae6\/#\/schema\/person\/655446504db2a404e6921d90ab7c0a0f","name":"educates","image":{"@type":"ImageObject","inLanguage":"es-AR","@id":"https:\/\/secure.gravatar.com\/avatar\/f1e844324149cf607705bdc3821ac52f5613382cc275e3a009bc73539c52a819?s=96&d=mm&r=g","url":"https:\/\/secure.gravatar.com\/avatar\/f1e844324149cf607705bdc3821ac52f5613382cc275e3a009bc73539c52a819?s=96&d=mm&r=g","contentUrl":"https:\/\/secure.gravatar.com\/avatar\/f1e844324149cf607705bdc3821ac52f5613382cc275e3a009bc73539c52a819?s=96&d=mm&r=g","caption":"educates"},"url":"https:\/\/educatespilar.com\/es\/author\/educates\/"}]}},"jetpack_featured_media_url":"https:\/\/i0.wp.com\/educatespilar.com\/wp-content\/uploads\/2026\/02\/man-woman-are-looking-each-other-there-is-something-strange-intertwined-near-their-heads-scaled.jpg?fit=2560%2C1707&ssl=1","jetpack_sharing_enabled":true,"_links":{"self":[{"href":"https:\/\/educatespilar.com\/es\/wp-json\/wp\/v2\/posts\/369","targetHints":{"allow":["GET"]}}],"collection":[{"href":"https:\/\/educatespilar.com\/es\/wp-json\/wp\/v2\/posts"}],"about":[{"href":"https:\/\/educatespilar.com\/es\/wp-json\/wp\/v2\/types\/post"}],"author":[{"embeddable":true,"href":"https:\/\/educatespilar.com\/es\/wp-json\/wp\/v2\/users\/2"}],"replies":[{"embeddable":true,"href":"https:\/\/educatespilar.com\/es\/wp-json\/wp\/v2\/comments?post=369"}],"version-history":[{"count":1,"href":"https:\/\/educatespilar.com\/es\/wp-json\/wp\/v2\/posts\/369\/revisions"}],"predecessor-version":[{"id":371,"href":"https:\/\/educatespilar.com\/es\/wp-json\/wp\/v2\/posts\/369\/revisions\/371"}],"wp:featuredmedia":[{"embeddable":true,"href":"https:\/\/educatespilar.com\/es\/wp-json\/wp\/v2\/media\/370"}],"wp:attachment":[{"href":"https:\/\/educatespilar.com\/es\/wp-json\/wp\/v2\/media?parent=369"}],"wp:term":[{"taxonomy":"category","embeddable":true,"href":"https:\/\/educatespilar.com\/es\/wp-json\/wp\/v2\/categories?post=369"},{"taxonomy":"post_tag","embeddable":true,"href":"https:\/\/educatespilar.com\/es\/wp-json\/wp\/v2\/tags?post=369"}],"curies":[{"name":"wp","href":"https:\/\/api.w.org\/{rel}","templated":true}]}}