{"id":324,"date":"2026-01-19T07:54:11","date_gmt":"2026-01-19T07:54:11","guid":{"rendered":"https:\/\/educatespilar.com\/?p=324"},"modified":"2026-01-19T14:54:49","modified_gmt":"2026-01-19T14:54:49","slug":"funciones-fundamentales-de-la-vida-social-clases-fundamentales-de-las-actividades-sociales-e-idea-pedagogico-social-del-estado","status":"publish","type":"post","link":"https:\/\/educatespilar.com\/es\/funciones-fundamentales-de-la-vida-social-clases-fundamentales-de-las-actividades-sociales-e-idea-pedagogico-social-del-estado\/","title":{"rendered":"Funciones fundamentales de la vida social, clases fundamentales de las actividades sociales e idea pedag\u00f3gico-social del Estado"},"content":{"rendered":"<p><img data-recalc-dims=\"1\" decoding=\"async\" loading=\"lazy\" class=\"alignnone size-medium wp-image-325\" src=\"https:\/\/i0.wp.com\/educatespilar.com\/wp-content\/uploads\/2026\/01\/children-watching-touching-globe.jpg?resize=300%2C200&#038;ssl=1\" alt=\"\" width=\"300\" height=\"200\" srcset=\"https:\/\/i0.wp.com\/educatespilar.com\/wp-content\/uploads\/2026\/01\/children-watching-touching-globe-scaled.jpg?resize=300%2C200&amp;ssl=1 300w, https:\/\/i0.wp.com\/educatespilar.com\/wp-content\/uploads\/2026\/01\/children-watching-touching-globe-scaled.jpg?resize=1024%2C683&amp;ssl=1 1024w, https:\/\/i0.wp.com\/educatespilar.com\/wp-content\/uploads\/2026\/01\/children-watching-touching-globe-scaled.jpg?resize=768%2C513&amp;ssl=1 768w, https:\/\/i0.wp.com\/educatespilar.com\/wp-content\/uploads\/2026\/01\/children-watching-touching-globe-scaled.jpg?resize=1536%2C1025&amp;ssl=1 1536w, https:\/\/i0.wp.com\/educatespilar.com\/wp-content\/uploads\/2026\/01\/children-watching-touching-globe-scaled.jpg?resize=2048%2C1367&amp;ssl=1 2048w, https:\/\/i0.wp.com\/educatespilar.com\/wp-content\/uploads\/2026\/01\/children-watching-touching-globe-scaled.jpg?resize=18%2C12&amp;ssl=1 18w, https:\/\/i0.wp.com\/educatespilar.com\/wp-content\/uploads\/2026\/01\/children-watching-touching-globe-scaled.jpg?resize=600%2C400&amp;ssl=1 600w\" sizes=\"auto, (max-width: 300px) 100vw, 300px\" \/><\/p>\n<p><span style=\"font-weight: 400;\">El proceso gradual de la comunidad educadora, tal y como ha sido presentado en el \u00a7 16, limitado a la relaci\u00f3n inmediata del educador y el educando, se transporta necesariamente a toda comunidad, desde el momento en que se considera c\u00f3mo debe formarse la idea impulsiva del individuo, su voluntad y su raz\u00f3n pr\u00e1ctica, del mismo modo que su conocimiento en los grados correspondientes bajo las condiciones de la vida en esta comunidad. Corresponde al factor impulsivo en general la vida del trabajo de la comunidad; al factor de la voluntad, la regulaci\u00f3n del trabajo social; a la raz\u00f3n pr\u00e1ctica, la sumisi\u00f3n de estas reglas del trabajo social a una cr\u00edtica que acompa\u00f1a constantemente, conforme a la idea de una unidad general de la direcci\u00f3n final; todo lo cual debe ser expresado tambi\u00e9n con respecto al conocimiento. Seg\u00fan sus tres grados: sensibilidad, inteligencia y raz\u00f3n (teor\u00e9tica), all\u00ed precisamente donde ninguna de todas \u00e9stas puede ser producida por la actividad humana, sin la indica<\/span><span style=\"font-weight: 400;\">c<\/span><span style=\"font-weight: 400;\">i\u00f3n del conocimiento teor\u00e9tico.\u00a0<\/span><\/p>\n<p><span style=\"font-weight: 400;\">La primera clase natural de l<\/span><span style=\"font-weight: 400;\">a<\/span><span style=\"font-weight: 400;\"> comunidad del trabajo que se forma es, por tanto, la fundamentaci\u00f3n material de la vida social, sobre la cual se extiende la regulaci\u00f3n exterior, sin la cual la colaboraci\u00f3n aislada, en cierto modo impulsiva, ser\u00eda posible ciertamente, pero no podr\u00eda contarse como seguro. Este es el origen y la necesidad de los derechos y deberes sociales; por tanto, de un recto orden social en general <\/span><span style=\"font-weight: 400;\">(p<\/span><span style=\"font-weight: 400;\">or ejemplo, m<\/span><span style=\"font-weight: 400;\">ora<\/span><span style=\"font-weight: 400;\">l). E<\/span><span style=\"font-weight: 400;\">s<\/span><span style=\"font-weight: 400;\">te a la cual se consagra comunalmente y que con derecho pro especial de la persona pio se presenta frente al impulso del mismo modo que en el terreno teor\u00e9tico, en la relaci\u00f3n de las representaciones se forma espont\u00e1neamente un clande las cosas dadas, un te convenio sobre la naturaleza mundo de las representaciones comunes. Pero esta regulaci\u00f3n no se halla normalizada ya con esto, sino que debe someter a la comunidad misma y a todos sus factores constitutivos a una evoluci\u00f3n, a una cr\u00edtica y justificaci\u00f3n que debe acompa\u00f1ar constantemente, lo cual es cosa de la &#8220;raz\u00f3n&#8221; social. Por tanto, debe haber todav\u00eda una instancia en la vida social que dirija y domine el mero derecho positivo; una conciencia social comprobante y justificadora. Pero esto supone previamente una educaci\u00f3n profunda que abarque toda la vida social, cuyos deberes ordenados son la \u00faltima y m\u00e1s suprema exigencia de una vida social buena que realice completamente su concepto.<\/span><\/p>\n<p><span style=\"font-weight: 400;\">Las clases fundamentales de las actividades o profesiones sociales corresponden necesariamente a estas tres funciones de la vida social, y si bien cada funci\u00f3n especial no exige necesariamente funcionarios especiales, exige cada uno de los tres factores fundamentales cuidados sociales regulados especialmente, en taI forma, que a aquellas tres funciones fundamentales dela vida social deben corresponder, de igual modo, muchos c\u00edrculos (provincias) claramente limitados, de las actividades sociales; y de igual modo \u00e9stos se pueden dividir en miembros particulares si todos participan en todas las profesiones sociales, ya de un modo igual o desigual, o si (como pensaba Plat\u00f3n) una clase social debe participar exclusiva o preferentemente en una de las actividades sociales.<\/span><\/p>\n<p><span style=\"font-weight: 400;\">La verdad deber\u00eda estar aqu\u00ed en el t\u00e9rmino medio: no hay obst\u00e1culo para que todos participen en todas las actividades sociales; pero, sin embargo, una de las tres funciones fundamentales que exige especiales cuidados ha de estar con-fiada a una profesi\u00f3n social de cierta clase que, seg\u00fan las leyes de la divisi\u00f3n del trabajo, debe clasificarse tambi\u00e9n en diferentes grupos de personas. Una de las actividades sotanto, a la materia de la vida social; esto es, ha de tener de la vida inmediata del trabajo de la comunidad. Nosotros llamamos a estas actividades, econ\u00f3micas. La segunda se dirige a la forma de la vida social como tal; esto es, su pro: tal es la clase de las actividades gobernantes o del derecho pol\u00edtico. La tercera tiene como fin los deberes de la raz\u00f3n social. Nosotros la llamamos actividad educadora. Las tres se relacionan entre s\u00ed, pero se diferencian claramente seg\u00fan su concepto. Tampoco se puede alterar su orden; por tanto, las actividades educadoras deben mostrarse preferentemente sobre las condiciones pol\u00edticas y econ\u00f3micas; y viceversa, deben servir, por su parte, a aquellas actividades; pero ambas deben subordinarse a la exigencia ideal y no puede abandonarse nunca la pretensi\u00f3n de ambas de determinar el fin y mostrar el camino.\u00a0<\/span><\/p>\n<p><span style=\"font-weight: 400;\">Pues, en \u00faltimo t\u00e9rmino, tanto en la vida social como en la individual, el fin limitado y finito no puede ser el que domine; el hombre no trabaja para trabajar, no gobierna y se deja gobernar para gobernar y ser gobernado, sino que ambas cosas no son m\u00e1s que medios para el \u00faltimo fin, que consiste en elevar al hombre, los miembros conexionadamente necesarios de un organismo, del organismo de la educaci\u00f3n humana. El trabajo econ\u00f3mico y la organizaci\u00f3n social, considerados de un modo ideal, deb\u00edan estar formados de tal suerte que ambos actuasen al mismo tiempo como factores educadores sociales, y as\u00ed, en medio del cumplimiento de su problema especial, se subordinasen, sin embargo, al fin \u00faltimo de la educaci\u00f3n humana y colaborasen en su cumplimiento. Tal es la verdadera idea de la Pedagog\u00eda social, que no subordina la educaci\u00f3n, como medio, a los fines de la econom\u00eda y del orden social.\u00a0<\/span><\/p>\n<p>&nbsp;<\/p>\n","protected":false},"excerpt":{"rendered":"<p>El proceso gradual de la comunidad educadora, tal y como ha sido presentado en el \u00a7 16, limitado a la relaci\u00f3n inmediata del educador y el educando, se transporta necesariamente a toda comunidad, desde el momento en que se considera c\u00f3mo debe formarse la idea impulsiva del individuo, su voluntad y su raz\u00f3n pr\u00e1ctica, del [&hellip;]<\/p>\n","protected":false},"author":2,"featured_media":325,"comment_status":"closed","ping_status":"closed","sticky":false,"template":"","format":"standard","meta":{"nf_dc_page":"","_jetpack_memberships_contains_paid_content":false,"footnotes":""},"categories":[9],"tags":[142,141,140],"class_list":["post-324","post","type-post","status-publish","format-standard","has-post-thumbnail","hentry","category-educacion","tag-actividades","tag-clases","tag-vida-social"],"yoast_head":"<!-- This site is optimized with the Yoast SEO plugin v27.4 - https:\/\/yoast.com\/product\/yoast-seo-wordpress\/ -->\n<title>Funciones fundamentales de la vida social, clases fundamentales de las actividades sociales e idea pedag\u00f3gico-social del Estado - EducatesPilar.com<\/title>\n<meta name=\"robots\" content=\"index, follow, max-snippet:-1, max-image-preview:large, max-video-preview:-1\" \/>\n<link rel=\"canonical\" href=\"https:\/\/educatespilar.com\/es\/funciones-fundamentales-de-la-vida-social-clases-fundamentales-de-las-actividades-sociales-e-idea-pedagogico-social-del-estado\/\" \/>\n<meta property=\"og:locale\" content=\"es_ES\" \/>\n<meta property=\"og:type\" content=\"article\" \/>\n<meta property=\"og:title\" content=\"Funciones fundamentales de la vida social, clases fundamentales de las actividades sociales e idea pedag\u00f3gico-social del Estado - EducatesPilar.com\" \/>\n<meta property=\"og:description\" content=\"El proceso gradual de la comunidad educadora, tal y como ha sido presentado en el \u00a7 16, limitado a la relaci\u00f3n inmediata del educador y el educando, se transporta necesariamente a toda comunidad, desde el momento en que se considera c\u00f3mo debe formarse la idea impulsiva del individuo, su voluntad y su raz\u00f3n pr\u00e1ctica, del [&hellip;]\" \/>\n<meta property=\"og:url\" content=\"https:\/\/educatespilar.com\/es\/funciones-fundamentales-de-la-vida-social-clases-fundamentales-de-las-actividades-sociales-e-idea-pedagogico-social-del-estado\/\" \/>\n<meta property=\"og:site_name\" content=\"EducatesPilar.com\" \/>\n<meta property=\"article:published_time\" content=\"2026-01-19T07:54:11+00:00\" \/>\n<meta property=\"article:modified_time\" content=\"2026-01-19T14:54:49+00:00\" \/>\n<meta property=\"og:image\" content=\"https:\/\/educatespilar.com\/wp-content\/uploads\/2026\/01\/children-watching-touching-globe-scaled.jpg\" \/>\n\t<meta property=\"og:image:width\" content=\"2560\" \/>\n\t<meta property=\"og:image:height\" content=\"1709\" \/>\n\t<meta property=\"og:image:type\" content=\"image\/jpeg\" \/>\n<meta name=\"author\" content=\"educates\" \/>\n<meta name=\"twitter:card\" content=\"summary_large_image\" \/>\n<meta name=\"twitter:label1\" content=\"Escrito por\" \/>\n\t<meta name=\"twitter:data1\" content=\"educates\" \/>\n\t<meta name=\"twitter:label2\" content=\"Tiempo de lectura\" \/>\n\t<meta name=\"twitter:data2\" content=\"5 minutos\" \/>\n<script type=\"application\/ld+json\" class=\"yoast-schema-graph\">{\"@context\":\"https:\\\/\\\/schema.org\",\"@graph\":[{\"@type\":\"Article\",\"@id\":\"https:\\\/\\\/educatespilar.com\\\/funciones-fundamentales-de-la-vida-social-clases-fundamentales-de-las-actividades-sociales-e-idea-pedagogico-social-del-estado\\\/#article\",\"isPartOf\":{\"@id\":\"https:\\\/\\\/educatespilar.com\\\/funciones-fundamentales-de-la-vida-social-clases-fundamentales-de-las-actividades-sociales-e-idea-pedagogico-social-del-estado\\\/\"},\"author\":{\"name\":\"educates\",\"@id\":\"https:\\\/\\\/tzs.pgq.temporary.site\\\/website_c18d3ae6\\\/#\\\/schema\\\/person\\\/655446504db2a404e6921d90ab7c0a0f\"},\"headline\":\"Funciones fundamentales de la vida social, clases fundamentales de las actividades sociales e idea pedag\u00f3gico-social del Estado\",\"datePublished\":\"2026-01-19T07:54:11+00:00\",\"dateModified\":\"2026-01-19T14:54:49+00:00\",\"mainEntityOfPage\":{\"@id\":\"https:\\\/\\\/educatespilar.com\\\/funciones-fundamentales-de-la-vida-social-clases-fundamentales-de-las-actividades-sociales-e-idea-pedagogico-social-del-estado\\\/\"},\"wordCount\":956,\"image\":{\"@id\":\"https:\\\/\\\/educatespilar.com\\\/funciones-fundamentales-de-la-vida-social-clases-fundamentales-de-las-actividades-sociales-e-idea-pedagogico-social-del-estado\\\/#primaryimage\"},\"thumbnailUrl\":\"https:\\\/\\\/i0.wp.com\\\/educatespilar.com\\\/wp-content\\\/uploads\\\/2026\\\/01\\\/children-watching-touching-globe-scaled.jpg?fit=2560%2C1709&ssl=1\",\"keywords\":[\"actividades\",\"clases\",\"vida social\"],\"articleSection\":[\"Educaci\u00f3n\"],\"inLanguage\":\"es-AR\"},{\"@type\":\"WebPage\",\"@id\":\"https:\\\/\\\/educatespilar.com\\\/funciones-fundamentales-de-la-vida-social-clases-fundamentales-de-las-actividades-sociales-e-idea-pedagogico-social-del-estado\\\/\",\"url\":\"https:\\\/\\\/educatespilar.com\\\/funciones-fundamentales-de-la-vida-social-clases-fundamentales-de-las-actividades-sociales-e-idea-pedagogico-social-del-estado\\\/\",\"name\":\"Funciones fundamentales de la vida social, clases fundamentales de las actividades sociales e idea pedag\u00f3gico-social del Estado - EducatesPilar.com\",\"isPartOf\":{\"@id\":\"https:\\\/\\\/tzs.pgq.temporary.site\\\/website_c18d3ae6\\\/#website\"},\"primaryImageOfPage\":{\"@id\":\"https:\\\/\\\/educatespilar.com\\\/funciones-fundamentales-de-la-vida-social-clases-fundamentales-de-las-actividades-sociales-e-idea-pedagogico-social-del-estado\\\/#primaryimage\"},\"image\":{\"@id\":\"https:\\\/\\\/educatespilar.com\\\/funciones-fundamentales-de-la-vida-social-clases-fundamentales-de-las-actividades-sociales-e-idea-pedagogico-social-del-estado\\\/#primaryimage\"},\"thumbnailUrl\":\"https:\\\/\\\/i0.wp.com\\\/educatespilar.com\\\/wp-content\\\/uploads\\\/2026\\\/01\\\/children-watching-touching-globe-scaled.jpg?fit=2560%2C1709&ssl=1\",\"datePublished\":\"2026-01-19T07:54:11+00:00\",\"dateModified\":\"2026-01-19T14:54:49+00:00\",\"author\":{\"@id\":\"https:\\\/\\\/tzs.pgq.temporary.site\\\/website_c18d3ae6\\\/#\\\/schema\\\/person\\\/655446504db2a404e6921d90ab7c0a0f\"},\"breadcrumb\":{\"@id\":\"https:\\\/\\\/educatespilar.com\\\/funciones-fundamentales-de-la-vida-social-clases-fundamentales-de-las-actividades-sociales-e-idea-pedagogico-social-del-estado\\\/#breadcrumb\"},\"inLanguage\":\"es-AR\",\"potentialAction\":[{\"@type\":\"ReadAction\",\"target\":[\"https:\\\/\\\/educatespilar.com\\\/funciones-fundamentales-de-la-vida-social-clases-fundamentales-de-las-actividades-sociales-e-idea-pedagogico-social-del-estado\\\/\"]}]},{\"@type\":\"ImageObject\",\"inLanguage\":\"es-AR\",\"@id\":\"https:\\\/\\\/educatespilar.com\\\/funciones-fundamentales-de-la-vida-social-clases-fundamentales-de-las-actividades-sociales-e-idea-pedagogico-social-del-estado\\\/#primaryimage\",\"url\":\"https:\\\/\\\/i0.wp.com\\\/educatespilar.com\\\/wp-content\\\/uploads\\\/2026\\\/01\\\/children-watching-touching-globe-scaled.jpg?fit=2560%2C1709&ssl=1\",\"contentUrl\":\"https:\\\/\\\/i0.wp.com\\\/educatespilar.com\\\/wp-content\\\/uploads\\\/2026\\\/01\\\/children-watching-touching-globe-scaled.jpg?fit=2560%2C1709&ssl=1\",\"width\":2560,\"height\":1709},{\"@type\":\"BreadcrumbList\",\"@id\":\"https:\\\/\\\/educatespilar.com\\\/funciones-fundamentales-de-la-vida-social-clases-fundamentales-de-las-actividades-sociales-e-idea-pedagogico-social-del-estado\\\/#breadcrumb\",\"itemListElement\":[{\"@type\":\"ListItem\",\"position\":1,\"name\":\"Home\",\"item\":\"https:\\\/\\\/educatespilar.com\\\/\"},{\"@type\":\"ListItem\",\"position\":2,\"name\":\"Funciones fundamentales de la vida social, clases fundamentales de las actividades sociales e idea pedag\u00f3gico-social del Estado\"}]},{\"@type\":\"WebSite\",\"@id\":\"https:\\\/\\\/tzs.pgq.temporary.site\\\/website_c18d3ae6\\\/#website\",\"url\":\"https:\\\/\\\/tzs.pgq.temporary.site\\\/website_c18d3ae6\\\/\",\"name\":\"EducatesPilar.com\",\"description\":\"\",\"potentialAction\":[{\"@type\":\"SearchAction\",\"target\":{\"@type\":\"EntryPoint\",\"urlTemplate\":\"https:\\\/\\\/tzs.pgq.temporary.site\\\/website_c18d3ae6\\\/?s={search_term_string}\"},\"query-input\":{\"@type\":\"PropertyValueSpecification\",\"valueRequired\":true,\"valueName\":\"search_term_string\"}}],\"inLanguage\":\"es-AR\"},{\"@type\":\"Person\",\"@id\":\"https:\\\/\\\/tzs.pgq.temporary.site\\\/website_c18d3ae6\\\/#\\\/schema\\\/person\\\/655446504db2a404e6921d90ab7c0a0f\",\"name\":\"educates\",\"image\":{\"@type\":\"ImageObject\",\"inLanguage\":\"es-AR\",\"@id\":\"https:\\\/\\\/secure.gravatar.com\\\/avatar\\\/f1e844324149cf607705bdc3821ac52f5613382cc275e3a009bc73539c52a819?s=96&d=mm&r=g\",\"url\":\"https:\\\/\\\/secure.gravatar.com\\\/avatar\\\/f1e844324149cf607705bdc3821ac52f5613382cc275e3a009bc73539c52a819?s=96&d=mm&r=g\",\"contentUrl\":\"https:\\\/\\\/secure.gravatar.com\\\/avatar\\\/f1e844324149cf607705bdc3821ac52f5613382cc275e3a009bc73539c52a819?s=96&d=mm&r=g\",\"caption\":\"educates\"},\"url\":\"https:\\\/\\\/educatespilar.com\\\/es\\\/author\\\/educates\\\/\"}]}<\/script>\n<!-- \/ Yoast SEO plugin. -->","yoast_head_json":{"title":"Funciones fundamentales de la vida social, clases fundamentales de las actividades sociales e idea pedag\u00f3gico-social del Estado - EducatesPilar.com","robots":{"index":"index","follow":"follow","max-snippet":"max-snippet:-1","max-image-preview":"max-image-preview:large","max-video-preview":"max-video-preview:-1"},"canonical":"https:\/\/educatespilar.com\/es\/funciones-fundamentales-de-la-vida-social-clases-fundamentales-de-las-actividades-sociales-e-idea-pedagogico-social-del-estado\/","og_locale":"es_ES","og_type":"article","og_title":"Funciones fundamentales de la vida social, clases fundamentales de las actividades sociales e idea pedag\u00f3gico-social del Estado - EducatesPilar.com","og_description":"El proceso gradual de la comunidad educadora, tal y como ha sido presentado en el \u00a7 16, limitado a la relaci\u00f3n inmediata del educador y el educando, se transporta necesariamente a toda comunidad, desde el momento en que se considera c\u00f3mo debe formarse la idea impulsiva del individuo, su voluntad y su raz\u00f3n pr\u00e1ctica, del [&hellip;]","og_url":"https:\/\/educatespilar.com\/es\/funciones-fundamentales-de-la-vida-social-clases-fundamentales-de-las-actividades-sociales-e-idea-pedagogico-social-del-estado\/","og_site_name":"EducatesPilar.com","article_published_time":"2026-01-19T07:54:11+00:00","article_modified_time":"2026-01-19T14:54:49+00:00","og_image":[{"width":2560,"height":1709,"url":"https:\/\/educatespilar.com\/wp-content\/uploads\/2026\/01\/children-watching-touching-globe-scaled.jpg","type":"image\/jpeg"}],"author":"educates","twitter_card":"summary_large_image","twitter_misc":{"Escrito por":"educates","Tiempo de lectura":"5 minutos"},"schema":{"@context":"https:\/\/schema.org","@graph":[{"@type":"Article","@id":"https:\/\/educatespilar.com\/funciones-fundamentales-de-la-vida-social-clases-fundamentales-de-las-actividades-sociales-e-idea-pedagogico-social-del-estado\/#article","isPartOf":{"@id":"https:\/\/educatespilar.com\/funciones-fundamentales-de-la-vida-social-clases-fundamentales-de-las-actividades-sociales-e-idea-pedagogico-social-del-estado\/"},"author":{"name":"educates","@id":"https:\/\/tzs.pgq.temporary.site\/website_c18d3ae6\/#\/schema\/person\/655446504db2a404e6921d90ab7c0a0f"},"headline":"Funciones fundamentales de la vida social, clases fundamentales de las actividades sociales e idea pedag\u00f3gico-social del Estado","datePublished":"2026-01-19T07:54:11+00:00","dateModified":"2026-01-19T14:54:49+00:00","mainEntityOfPage":{"@id":"https:\/\/educatespilar.com\/funciones-fundamentales-de-la-vida-social-clases-fundamentales-de-las-actividades-sociales-e-idea-pedagogico-social-del-estado\/"},"wordCount":956,"image":{"@id":"https:\/\/educatespilar.com\/funciones-fundamentales-de-la-vida-social-clases-fundamentales-de-las-actividades-sociales-e-idea-pedagogico-social-del-estado\/#primaryimage"},"thumbnailUrl":"https:\/\/i0.wp.com\/educatespilar.com\/wp-content\/uploads\/2026\/01\/children-watching-touching-globe-scaled.jpg?fit=2560%2C1709&ssl=1","keywords":["actividades","clases","vida social"],"articleSection":["Educaci\u00f3n"],"inLanguage":"es-AR"},{"@type":"WebPage","@id":"https:\/\/educatespilar.com\/funciones-fundamentales-de-la-vida-social-clases-fundamentales-de-las-actividades-sociales-e-idea-pedagogico-social-del-estado\/","url":"https:\/\/educatespilar.com\/funciones-fundamentales-de-la-vida-social-clases-fundamentales-de-las-actividades-sociales-e-idea-pedagogico-social-del-estado\/","name":"Funciones fundamentales de la vida social, clases fundamentales de las actividades sociales e idea pedag\u00f3gico-social del Estado - EducatesPilar.com","isPartOf":{"@id":"https:\/\/tzs.pgq.temporary.site\/website_c18d3ae6\/#website"},"primaryImageOfPage":{"@id":"https:\/\/educatespilar.com\/funciones-fundamentales-de-la-vida-social-clases-fundamentales-de-las-actividades-sociales-e-idea-pedagogico-social-del-estado\/#primaryimage"},"image":{"@id":"https:\/\/educatespilar.com\/funciones-fundamentales-de-la-vida-social-clases-fundamentales-de-las-actividades-sociales-e-idea-pedagogico-social-del-estado\/#primaryimage"},"thumbnailUrl":"https:\/\/i0.wp.com\/educatespilar.com\/wp-content\/uploads\/2026\/01\/children-watching-touching-globe-scaled.jpg?fit=2560%2C1709&ssl=1","datePublished":"2026-01-19T07:54:11+00:00","dateModified":"2026-01-19T14:54:49+00:00","author":{"@id":"https:\/\/tzs.pgq.temporary.site\/website_c18d3ae6\/#\/schema\/person\/655446504db2a404e6921d90ab7c0a0f"},"breadcrumb":{"@id":"https:\/\/educatespilar.com\/funciones-fundamentales-de-la-vida-social-clases-fundamentales-de-las-actividades-sociales-e-idea-pedagogico-social-del-estado\/#breadcrumb"},"inLanguage":"es-AR","potentialAction":[{"@type":"ReadAction","target":["https:\/\/educatespilar.com\/funciones-fundamentales-de-la-vida-social-clases-fundamentales-de-las-actividades-sociales-e-idea-pedagogico-social-del-estado\/"]}]},{"@type":"ImageObject","inLanguage":"es-AR","@id":"https:\/\/educatespilar.com\/funciones-fundamentales-de-la-vida-social-clases-fundamentales-de-las-actividades-sociales-e-idea-pedagogico-social-del-estado\/#primaryimage","url":"https:\/\/i0.wp.com\/educatespilar.com\/wp-content\/uploads\/2026\/01\/children-watching-touching-globe-scaled.jpg?fit=2560%2C1709&ssl=1","contentUrl":"https:\/\/i0.wp.com\/educatespilar.com\/wp-content\/uploads\/2026\/01\/children-watching-touching-globe-scaled.jpg?fit=2560%2C1709&ssl=1","width":2560,"height":1709},{"@type":"BreadcrumbList","@id":"https:\/\/educatespilar.com\/funciones-fundamentales-de-la-vida-social-clases-fundamentales-de-las-actividades-sociales-e-idea-pedagogico-social-del-estado\/#breadcrumb","itemListElement":[{"@type":"ListItem","position":1,"name":"Home","item":"https:\/\/educatespilar.com\/"},{"@type":"ListItem","position":2,"name":"Funciones fundamentales de la vida social, clases fundamentales de las actividades sociales e idea pedag\u00f3gico-social del Estado"}]},{"@type":"WebSite","@id":"https:\/\/tzs.pgq.temporary.site\/website_c18d3ae6\/#website","url":"https:\/\/tzs.pgq.temporary.site\/website_c18d3ae6\/","name":"EducatesPilar.com","description":"","potentialAction":[{"@type":"SearchAction","target":{"@type":"EntryPoint","urlTemplate":"https:\/\/tzs.pgq.temporary.site\/website_c18d3ae6\/?s={search_term_string}"},"query-input":{"@type":"PropertyValueSpecification","valueRequired":true,"valueName":"search_term_string"}}],"inLanguage":"es-AR"},{"@type":"Person","@id":"https:\/\/tzs.pgq.temporary.site\/website_c18d3ae6\/#\/schema\/person\/655446504db2a404e6921d90ab7c0a0f","name":"educates","image":{"@type":"ImageObject","inLanguage":"es-AR","@id":"https:\/\/secure.gravatar.com\/avatar\/f1e844324149cf607705bdc3821ac52f5613382cc275e3a009bc73539c52a819?s=96&d=mm&r=g","url":"https:\/\/secure.gravatar.com\/avatar\/f1e844324149cf607705bdc3821ac52f5613382cc275e3a009bc73539c52a819?s=96&d=mm&r=g","contentUrl":"https:\/\/secure.gravatar.com\/avatar\/f1e844324149cf607705bdc3821ac52f5613382cc275e3a009bc73539c52a819?s=96&d=mm&r=g","caption":"educates"},"url":"https:\/\/educatespilar.com\/es\/author\/educates\/"}]}},"jetpack_featured_media_url":"https:\/\/i0.wp.com\/educatespilar.com\/wp-content\/uploads\/2026\/01\/children-watching-touching-globe-scaled.jpg?fit=2560%2C1709&ssl=1","jetpack_sharing_enabled":true,"_links":{"self":[{"href":"https:\/\/educatespilar.com\/es\/wp-json\/wp\/v2\/posts\/324","targetHints":{"allow":["GET"]}}],"collection":[{"href":"https:\/\/educatespilar.com\/es\/wp-json\/wp\/v2\/posts"}],"about":[{"href":"https:\/\/educatespilar.com\/es\/wp-json\/wp\/v2\/types\/post"}],"author":[{"embeddable":true,"href":"https:\/\/educatespilar.com\/es\/wp-json\/wp\/v2\/users\/2"}],"replies":[{"embeddable":true,"href":"https:\/\/educatespilar.com\/es\/wp-json\/wp\/v2\/comments?post=324"}],"version-history":[{"count":1,"href":"https:\/\/educatespilar.com\/es\/wp-json\/wp\/v2\/posts\/324\/revisions"}],"predecessor-version":[{"id":326,"href":"https:\/\/educatespilar.com\/es\/wp-json\/wp\/v2\/posts\/324\/revisions\/326"}],"wp:featuredmedia":[{"embeddable":true,"href":"https:\/\/educatespilar.com\/es\/wp-json\/wp\/v2\/media\/325"}],"wp:attachment":[{"href":"https:\/\/educatespilar.com\/es\/wp-json\/wp\/v2\/media?parent=324"}],"wp:term":[{"taxonomy":"category","embeddable":true,"href":"https:\/\/educatespilar.com\/es\/wp-json\/wp\/v2\/categories?post=324"},{"taxonomy":"post_tag","embeddable":true,"href":"https:\/\/educatespilar.com\/es\/wp-json\/wp\/v2\/tags?post=324"}],"curies":[{"name":"wp","href":"https:\/\/api.w.org\/{rel}","templated":true}]}}