{"id":314,"date":"2026-01-13T07:19:39","date_gmt":"2026-01-13T07:19:39","guid":{"rendered":"https:\/\/educatespilar.com\/?p=314"},"modified":"2026-01-13T15:11:44","modified_gmt":"2026-01-13T15:11:44","slug":"participacion-de-la-psicologia-en-la-fundamentacion-de-la-pedagogia","status":"publish","type":"post","link":"https:\/\/educatespilar.com\/es\/participacion-de-la-psicologia-en-la-fundamentacion-de-la-pedagogia\/","title":{"rendered":"Participaci\u00f3n de la Psicolog\u00eda en la fundamentaci\u00f3n de la Pedagog\u00eda"},"content":{"rendered":"<p><img data-recalc-dims=\"1\" decoding=\"async\" loading=\"lazy\" class=\"alignnone size-medium wp-image-316\" src=\"https:\/\/i0.wp.com\/educatespilar.com\/wp-content\/uploads\/2026\/01\/blurred-girl-holding-colorful-ball.jpg?resize=300%2C240&#038;ssl=1\" alt=\"\" width=\"300\" height=\"240\" srcset=\"https:\/\/i0.wp.com\/educatespilar.com\/wp-content\/uploads\/2026\/01\/blurred-girl-holding-colorful-ball-scaled.jpg?resize=300%2C240&amp;ssl=1 300w, https:\/\/i0.wp.com\/educatespilar.com\/wp-content\/uploads\/2026\/01\/blurred-girl-holding-colorful-ball-scaled.jpg?resize=1024%2C819&amp;ssl=1 1024w, https:\/\/i0.wp.com\/educatespilar.com\/wp-content\/uploads\/2026\/01\/blurred-girl-holding-colorful-ball-scaled.jpg?resize=768%2C614&amp;ssl=1 768w, https:\/\/i0.wp.com\/educatespilar.com\/wp-content\/uploads\/2026\/01\/blurred-girl-holding-colorful-ball-scaled.jpg?resize=1536%2C1229&amp;ssl=1 1536w, https:\/\/i0.wp.com\/educatespilar.com\/wp-content\/uploads\/2026\/01\/blurred-girl-holding-colorful-ball-scaled.jpg?resize=2048%2C1639&amp;ssl=1 2048w, https:\/\/i0.wp.com\/educatespilar.com\/wp-content\/uploads\/2026\/01\/blurred-girl-holding-colorful-ball-scaled.jpg?resize=15%2C12&amp;ssl=1 15w, https:\/\/i0.wp.com\/educatespilar.com\/wp-content\/uploads\/2026\/01\/blurred-girl-holding-colorful-ball-scaled.jpg?resize=600%2C480&amp;ssl=1 600w\" sizes=\"auto, (max-width: 300px) 100vw, 300px\" \/><\/p>\n<p><span style=\"font-weight: 400;\">Seg\u00fan esto, todo valor general de la Pedagog\u00eda s\u00f3lo puede encontrar su fundamentaci\u00f3n teor\u00e9tica en un camino de investigaci\u00f3n objetiva, el cual tiende a asegurar su legalidad suprema en las ciencias objetivas fundamentales (L\u00f3gica, \u00c9tica, Est\u00e9tica, Filosof\u00eda de la Religi\u00f3n). El verdadero problema de la Psicolog\u00eda es, por el contrario, representar todo lo \u00edntegramente posible lo individual de la vida subjetiva. Por tanto, contribuir\u00e1 esencialmente a la fundamentaci\u00f3n de la Pedagog\u00eda la individualizaci\u00f3n de la actividad creadora. Ahora bien, lo individual se halla conexionado, en continuidad gradual, con lo general; s\u00f3lo por lo general se puede reconocer la especialidad individual; as\u00ed, por ejemplo, cuando se trata de la capacidad individual, el juicio m\u00e1s apto es el del t\u00e9cnico. Sin embargo, la opuesta direcci\u00f3n de lo general y lo individual designa indudablemente la diferencia seg\u00fan la cual se determina la participaci\u00f3n de las ciencias objetivas fundamentales, por un lado, de la Psicolog\u00eda por otro, como ciencia de la subjetividad, en la fundamentaci\u00f3n de la doctrina educadora. Pero la Psicolog\u00eda puede indicar solamente el camino, tal y como acontece en los casos particulares dados, mas no puede se\u00f1alar la marcha de la educaci\u00f3n en general.<\/span><\/p>\n<p><span style=\"font-weight: 400;\">Esto parece exigir el conocimiento de las fuerzas conducentes, en cada momento, que se hallan en relaci\u00f3n con las energ\u00edas puestas en juego. As\u00ed se llega a la investigaci\u00f3n de las condiciones corp\u00f3reas del desarrollo espiritual del alumno, como tambi\u00e9n a la relaci\u00f3n entre el educando y el educador, lo cual supone una relaci\u00f3n especial y sensible entre ambos; esto es, se llega al camino de la Fisiolog\u00eda o de la Psicolog\u00eda experimental. Esta proporciona tambi\u00e9n una ayuda inevitable y real para el tratamiento de algunas cuestiones de la Pedagog\u00eda. Sin embargo, seg\u00fan su situaci\u00f3n actual, parece dar solamente teor\u00edas generales. Pero el educador no puede conseguir nada con este proceso general para juzgar de la comprensi\u00f3n interior y moment\u00e1nea de su disc\u00edpulo; \u00e9l obtiene el conocimiento del influjo necesario sobre el disc\u00edpulo de un modo m\u00e1s directo, provocando en \u00e9l, mediante influjos exteriores, tales efectos, los cuales le imprimen una imagen exacta de esa circunstancia interior; se traslada (por decirlo as\u00ed) inmediatamente al alma del disc\u00edpulo, y as\u00ed, en compenetraci\u00f3n simp\u00e1tica con una circunstancia semejante, encuentra inmediatamente, sin necesidad de calcular m\u00e1s, a qu\u00e9 clase corresponden las condiciones del momento dado que sobre \u00e9l act\u00faa. Se debe conocer los elementos fundamentales de la vida an\u00edmica del hombre previamente en su perspectiva total, as\u00ed como la diversa Va las posibilidades generales de las circunstancias y disposiciones an\u00edmicas, para poder abarcar en\u00e9rgica y seguramente las observaciones particulares y comprenderlas inmediatamente en lo pr\u00e1ctico, as\u00ed como sus conexiones. Esto lo consigue la Psicolog\u00eda te\u00f3rica con el doble procedimiento del an\u00e1lisis (desmembraci\u00f3n de los objetos conexionados hasta sus elementos m\u00e1s sencillos) y s\u00edntesis (construcci\u00f3n nuevamente de los mismos). La s\u00edntesis es, ciertamente, su verdadero problema, pues precisamente se dirige a la comprensi\u00f3n del querer, al proceso animado de la vida an\u00edmica, en el cual nada se halla desprendido, sino que todo se encuentra formando nuevos y fecundos estados de uniones y enlazamientos inagotables.<\/span><\/p>\n<h2><span style=\"font-weight: 400;\">La sistem\u00e1tica del contenido de la educaci\u00f3n como parte fundamental de la Pedagog\u00eda<\/span><\/h2>\n<p><span style=\"font-weight: 400;\">A la doble fundamentaci\u00f3n de la Pedagog\u00eda en las ciencias puramente legislativas, por un lado, y la Psicolog\u00eda por otro, corresponde en cierto modo su divisi\u00f3n en doctrina del contenido de la educaci\u00f3n y doctrina de la actividad formadora. Pero la consideraci\u00f3n del contenido precede necesariamente a la que sigue, como consecuencia, en la construcci\u00f3n cient\u00edfica de la Pedagog\u00eda. Pues la formaci\u00f3n de los mundos espirituales en cada esp\u00edritu que se forma se somete exclusivamente a las mismas leyes generales, su formaci\u00f3n especial en el individuo y la acci\u00f3n que conforme a esto se ejercita en lo individual puede ser tratada seg\u00fan esto. El contenido de la educaci\u00f3n tampoco puede ser considerado sencillamente como algo dado. No se puede concebir nunca como cerrado, sino siempre en un advenir, esto es, en \u00abformaci\u00f3n\u201d; los objetos espirituales no est\u00e1n nunca terminados, sino que representan en todo caso momentos que pasan en el proceso siempre realizaste de la objetivaci\u00f3n. Nosotros usamos la palabra \u00abcultura\u00bb para la \u00abformaci\u00f3n\u00bb en un sentido objetivo, para la formaci\u00f3n de los mundos objetivos, sin tener en cuenta la caracter\u00edstica del sujeto, los cuales en todo caso se pueden formar con respecto a su elevaci\u00f3n progresiva en el proceso evolutivo del humanismo, esto es, en la historia de la humanidad. Por tanto, el contenido de la educaci\u00f3n, presentado objetivamente, se confunde con el contenido de la cultura: es uno y el mismo. Lo que nosotros llamamos cultura cuando se trata de la posesi\u00f3n com\u00fan de la humanidad, conseguida en su evoluci\u00f3n hasta una cierta altura, lo llamamos educaci\u00f3n, cuando nos referimos a la posesi\u00f3n espiritual del individuo. Por esto hay que estudiar tambi\u00e9n la estructura y unidad del contenido de la educaci\u00f3n en la estructura y unidad del contenido de la cultura actual, cuya investigaci\u00f3n, por un lado, en direcci\u00f3n sistem\u00e1tica, es el primero y casi el \u00fanico problema de la Filosof\u00eda, especialmente desde Kant, y por otro lado es el problema de la Historia.\u00a0<\/span><\/p>\n<p><span style=\"font-weight: 400;\">Esta direcci\u00f3n de la investigaci\u00f3n pedag\u00f3gica, no s\u00f3lo es err\u00f3nea en la Pedagog\u00eda dominante de nuestro tiempo (Herbart y su escuela), sino que m\u00e1s bien no la tiene ante la vista, o por lo menos no la comprende en su significaci\u00f3n fundamental. Esa escuela no reconoce independientemente un sistema del contenido de la educaci\u00f3n ni la considera como parte fundamental de la doctrina educadora. En Rein, por ejemplo<\/span><i><span style=\"font-weight: 400;\"> (P\u00e4dagogik in systematischer Darstellung, <\/span><\/i><span style=\"font-weight: 400;\">I,<\/span> <span style=\"font-weight: 400;\">1902;11,1906), el contenido de la educaci\u00f3n es tan s\u00f3lo un medio especial de la Did\u00e1ctica, en el cual se trata la cuesti\u00f3n del plan de ense\u00f1anza y la del trabajo de las materias instructivas en particular, sin fundamentaci\u00f3n principal. Por el contrario, Willman <\/span><i><span style=\"font-weight: 400;\">(Didaktik<\/span><\/i> <i><span style=\"font-weight: 400;\">als<\/span><\/i> <i><span style=\"font-weight: 400;\">Bildungs\/ehre,<\/span><\/i><span style=\"font-weight: 400;\"> 2, Aufl., 1894-95) parte de la exposici\u00f3n del fin educativo de un sistema del contenido de la educaci\u00f3n orientado hist\u00f3ricamente, para deducir de esta doble base las leyes de la actividad de la educaci\u00f3n en especial. Un \u00faltimo punto, al cual corresponde la organizaci\u00f3n del trabajo educativo en el impulso total del trabajo social, es la organizaci\u00f3n de la educaci\u00f3n o de la esencia educadora, la cual, por esta raz\u00f3n, debe ser tratada en \u00faltimo t\u00e9rmino.<\/span><\/p>\n<p>&nbsp;<\/p>\n","protected":false},"excerpt":{"rendered":"<p>Seg\u00fan esto, todo valor general de la Pedagog\u00eda s\u00f3lo puede encontrar su fundamentaci\u00f3n teor\u00e9tica en un camino de investigaci\u00f3n objetiva, el cual tiende a asegurar su legalidad suprema en las ciencias objetivas fundamentales (L\u00f3gica, \u00c9tica, Est\u00e9tica, Filosof\u00eda de la Religi\u00f3n). El verdadero problema de la Psicolog\u00eda es, por el contrario, representar todo lo \u00edntegramente posible [&hellip;]<\/p>\n","protected":false},"author":2,"featured_media":316,"comment_status":"closed","ping_status":"closed","sticky":false,"template":"","format":"standard","meta":{"nf_dc_page":"","_jetpack_memberships_contains_paid_content":false,"footnotes":""},"categories":[9],"tags":[26,62,135],"class_list":["post-314","post","type-post","status-publish","format-standard","has-post-thumbnail","hentry","category-educacion","tag-educacion","tag-psicologia","tag-psicopedagogia"],"yoast_head":"<!-- This site is optimized with the Yoast SEO plugin v27.4 - https:\/\/yoast.com\/product\/yoast-seo-wordpress\/ -->\n<title>Participaci\u00f3n de la Psicolog\u00eda en la fundamentaci\u00f3n de la Pedagog\u00eda - EducatesPilar.com<\/title>\n<meta name=\"robots\" content=\"index, follow, max-snippet:-1, max-image-preview:large, max-video-preview:-1\" \/>\n<link rel=\"canonical\" href=\"https:\/\/educatespilar.com\/es\/participacion-de-la-psicologia-en-la-fundamentacion-de-la-pedagogia\/\" \/>\n<meta property=\"og:locale\" content=\"es_ES\" \/>\n<meta property=\"og:type\" content=\"article\" \/>\n<meta property=\"og:title\" content=\"Participaci\u00f3n de la Psicolog\u00eda en la fundamentaci\u00f3n de la Pedagog\u00eda - EducatesPilar.com\" \/>\n<meta property=\"og:description\" content=\"Seg\u00fan esto, todo valor general de la Pedagog\u00eda s\u00f3lo puede encontrar su fundamentaci\u00f3n teor\u00e9tica en un camino de investigaci\u00f3n objetiva, el cual tiende a asegurar su legalidad suprema en las ciencias objetivas fundamentales (L\u00f3gica, \u00c9tica, Est\u00e9tica, Filosof\u00eda de la Religi\u00f3n). El verdadero problema de la Psicolog\u00eda es, por el contrario, representar todo lo \u00edntegramente posible [&hellip;]\" \/>\n<meta property=\"og:url\" content=\"https:\/\/educatespilar.com\/es\/participacion-de-la-psicologia-en-la-fundamentacion-de-la-pedagogia\/\" \/>\n<meta property=\"og:site_name\" content=\"EducatesPilar.com\" \/>\n<meta property=\"article:published_time\" content=\"2026-01-13T07:19:39+00:00\" \/>\n<meta property=\"article:modified_time\" content=\"2026-01-13T15:11:44+00:00\" \/>\n<meta property=\"og:image\" content=\"https:\/\/educatespilar.com\/wp-content\/uploads\/2026\/01\/blurred-girl-holding-colorful-ball-scaled.jpg\" \/>\n\t<meta property=\"og:image:width\" content=\"2560\" \/>\n\t<meta property=\"og:image:height\" content=\"2048\" \/>\n\t<meta property=\"og:image:type\" content=\"image\/jpeg\" \/>\n<meta name=\"author\" content=\"educates\" \/>\n<meta name=\"twitter:card\" content=\"summary_large_image\" \/>\n<meta name=\"twitter:label1\" content=\"Escrito por\" \/>\n\t<meta name=\"twitter:data1\" content=\"educates\" \/>\n\t<meta name=\"twitter:label2\" content=\"Tiempo de lectura\" \/>\n\t<meta name=\"twitter:data2\" content=\"5 minutos\" \/>\n<script type=\"application\/ld+json\" class=\"yoast-schema-graph\">{\"@context\":\"https:\\\/\\\/schema.org\",\"@graph\":[{\"@type\":\"Article\",\"@id\":\"https:\\\/\\\/educatespilar.com\\\/participacion-de-la-psicologia-en-la-fundamentacion-de-la-pedagogia\\\/#article\",\"isPartOf\":{\"@id\":\"https:\\\/\\\/educatespilar.com\\\/participacion-de-la-psicologia-en-la-fundamentacion-de-la-pedagogia\\\/\"},\"author\":{\"name\":\"educates\",\"@id\":\"https:\\\/\\\/tzs.pgq.temporary.site\\\/website_c18d3ae6\\\/#\\\/schema\\\/person\\\/655446504db2a404e6921d90ab7c0a0f\"},\"headline\":\"Participaci\u00f3n de la Psicolog\u00eda en la fundamentaci\u00f3n de la Pedagog\u00eda\",\"datePublished\":\"2026-01-13T07:19:39+00:00\",\"dateModified\":\"2026-01-13T15:11:44+00:00\",\"mainEntityOfPage\":{\"@id\":\"https:\\\/\\\/educatespilar.com\\\/participacion-de-la-psicologia-en-la-fundamentacion-de-la-pedagogia\\\/\"},\"wordCount\":1186,\"image\":{\"@id\":\"https:\\\/\\\/educatespilar.com\\\/participacion-de-la-psicologia-en-la-fundamentacion-de-la-pedagogia\\\/#primaryimage\"},\"thumbnailUrl\":\"https:\\\/\\\/i0.wp.com\\\/educatespilar.com\\\/wp-content\\\/uploads\\\/2026\\\/01\\\/blurred-girl-holding-colorful-ball-scaled.jpg?fit=2560%2C2048&ssl=1\",\"keywords\":[\"educacion\",\"psicologia\",\"psicopedagogia\"],\"articleSection\":[\"Educaci\u00f3n\"],\"inLanguage\":\"es-AR\"},{\"@type\":\"WebPage\",\"@id\":\"https:\\\/\\\/educatespilar.com\\\/participacion-de-la-psicologia-en-la-fundamentacion-de-la-pedagogia\\\/\",\"url\":\"https:\\\/\\\/educatespilar.com\\\/participacion-de-la-psicologia-en-la-fundamentacion-de-la-pedagogia\\\/\",\"name\":\"Participaci\u00f3n de la Psicolog\u00eda en la fundamentaci\u00f3n de la Pedagog\u00eda - EducatesPilar.com\",\"isPartOf\":{\"@id\":\"https:\\\/\\\/tzs.pgq.temporary.site\\\/website_c18d3ae6\\\/#website\"},\"primaryImageOfPage\":{\"@id\":\"https:\\\/\\\/educatespilar.com\\\/participacion-de-la-psicologia-en-la-fundamentacion-de-la-pedagogia\\\/#primaryimage\"},\"image\":{\"@id\":\"https:\\\/\\\/educatespilar.com\\\/participacion-de-la-psicologia-en-la-fundamentacion-de-la-pedagogia\\\/#primaryimage\"},\"thumbnailUrl\":\"https:\\\/\\\/i0.wp.com\\\/educatespilar.com\\\/wp-content\\\/uploads\\\/2026\\\/01\\\/blurred-girl-holding-colorful-ball-scaled.jpg?fit=2560%2C2048&ssl=1\",\"datePublished\":\"2026-01-13T07:19:39+00:00\",\"dateModified\":\"2026-01-13T15:11:44+00:00\",\"author\":{\"@id\":\"https:\\\/\\\/tzs.pgq.temporary.site\\\/website_c18d3ae6\\\/#\\\/schema\\\/person\\\/655446504db2a404e6921d90ab7c0a0f\"},\"breadcrumb\":{\"@id\":\"https:\\\/\\\/educatespilar.com\\\/participacion-de-la-psicologia-en-la-fundamentacion-de-la-pedagogia\\\/#breadcrumb\"},\"inLanguage\":\"es-AR\",\"potentialAction\":[{\"@type\":\"ReadAction\",\"target\":[\"https:\\\/\\\/educatespilar.com\\\/participacion-de-la-psicologia-en-la-fundamentacion-de-la-pedagogia\\\/\"]}]},{\"@type\":\"ImageObject\",\"inLanguage\":\"es-AR\",\"@id\":\"https:\\\/\\\/educatespilar.com\\\/participacion-de-la-psicologia-en-la-fundamentacion-de-la-pedagogia\\\/#primaryimage\",\"url\":\"https:\\\/\\\/i0.wp.com\\\/educatespilar.com\\\/wp-content\\\/uploads\\\/2026\\\/01\\\/blurred-girl-holding-colorful-ball-scaled.jpg?fit=2560%2C2048&ssl=1\",\"contentUrl\":\"https:\\\/\\\/i0.wp.com\\\/educatespilar.com\\\/wp-content\\\/uploads\\\/2026\\\/01\\\/blurred-girl-holding-colorful-ball-scaled.jpg?fit=2560%2C2048&ssl=1\",\"width\":2560,\"height\":2048},{\"@type\":\"BreadcrumbList\",\"@id\":\"https:\\\/\\\/educatespilar.com\\\/participacion-de-la-psicologia-en-la-fundamentacion-de-la-pedagogia\\\/#breadcrumb\",\"itemListElement\":[{\"@type\":\"ListItem\",\"position\":1,\"name\":\"Home\",\"item\":\"https:\\\/\\\/educatespilar.com\\\/\"},{\"@type\":\"ListItem\",\"position\":2,\"name\":\"Participaci\u00f3n de la Psicolog\u00eda en la fundamentaci\u00f3n de la Pedagog\u00eda\"}]},{\"@type\":\"WebSite\",\"@id\":\"https:\\\/\\\/tzs.pgq.temporary.site\\\/website_c18d3ae6\\\/#website\",\"url\":\"https:\\\/\\\/tzs.pgq.temporary.site\\\/website_c18d3ae6\\\/\",\"name\":\"EducatesPilar.com\",\"description\":\"\",\"potentialAction\":[{\"@type\":\"SearchAction\",\"target\":{\"@type\":\"EntryPoint\",\"urlTemplate\":\"https:\\\/\\\/tzs.pgq.temporary.site\\\/website_c18d3ae6\\\/?s={search_term_string}\"},\"query-input\":{\"@type\":\"PropertyValueSpecification\",\"valueRequired\":true,\"valueName\":\"search_term_string\"}}],\"inLanguage\":\"es-AR\"},{\"@type\":\"Person\",\"@id\":\"https:\\\/\\\/tzs.pgq.temporary.site\\\/website_c18d3ae6\\\/#\\\/schema\\\/person\\\/655446504db2a404e6921d90ab7c0a0f\",\"name\":\"educates\",\"image\":{\"@type\":\"ImageObject\",\"inLanguage\":\"es-AR\",\"@id\":\"https:\\\/\\\/secure.gravatar.com\\\/avatar\\\/f1e844324149cf607705bdc3821ac52f5613382cc275e3a009bc73539c52a819?s=96&d=mm&r=g\",\"url\":\"https:\\\/\\\/secure.gravatar.com\\\/avatar\\\/f1e844324149cf607705bdc3821ac52f5613382cc275e3a009bc73539c52a819?s=96&d=mm&r=g\",\"contentUrl\":\"https:\\\/\\\/secure.gravatar.com\\\/avatar\\\/f1e844324149cf607705bdc3821ac52f5613382cc275e3a009bc73539c52a819?s=96&d=mm&r=g\",\"caption\":\"educates\"},\"url\":\"https:\\\/\\\/educatespilar.com\\\/es\\\/author\\\/educates\\\/\"}]}<\/script>\n<!-- \/ Yoast SEO plugin. -->","yoast_head_json":{"title":"Participaci\u00f3n de la Psicolog\u00eda en la fundamentaci\u00f3n de la Pedagog\u00eda - EducatesPilar.com","robots":{"index":"index","follow":"follow","max-snippet":"max-snippet:-1","max-image-preview":"max-image-preview:large","max-video-preview":"max-video-preview:-1"},"canonical":"https:\/\/educatespilar.com\/es\/participacion-de-la-psicologia-en-la-fundamentacion-de-la-pedagogia\/","og_locale":"es_ES","og_type":"article","og_title":"Participaci\u00f3n de la Psicolog\u00eda en la fundamentaci\u00f3n de la Pedagog\u00eda - EducatesPilar.com","og_description":"Seg\u00fan esto, todo valor general de la Pedagog\u00eda s\u00f3lo puede encontrar su fundamentaci\u00f3n teor\u00e9tica en un camino de investigaci\u00f3n objetiva, el cual tiende a asegurar su legalidad suprema en las ciencias objetivas fundamentales (L\u00f3gica, \u00c9tica, Est\u00e9tica, Filosof\u00eda de la Religi\u00f3n). El verdadero problema de la Psicolog\u00eda es, por el contrario, representar todo lo \u00edntegramente posible [&hellip;]","og_url":"https:\/\/educatespilar.com\/es\/participacion-de-la-psicologia-en-la-fundamentacion-de-la-pedagogia\/","og_site_name":"EducatesPilar.com","article_published_time":"2026-01-13T07:19:39+00:00","article_modified_time":"2026-01-13T15:11:44+00:00","og_image":[{"width":2560,"height":2048,"url":"https:\/\/educatespilar.com\/wp-content\/uploads\/2026\/01\/blurred-girl-holding-colorful-ball-scaled.jpg","type":"image\/jpeg"}],"author":"educates","twitter_card":"summary_large_image","twitter_misc":{"Escrito por":"educates","Tiempo de lectura":"5 minutos"},"schema":{"@context":"https:\/\/schema.org","@graph":[{"@type":"Article","@id":"https:\/\/educatespilar.com\/participacion-de-la-psicologia-en-la-fundamentacion-de-la-pedagogia\/#article","isPartOf":{"@id":"https:\/\/educatespilar.com\/participacion-de-la-psicologia-en-la-fundamentacion-de-la-pedagogia\/"},"author":{"name":"educates","@id":"https:\/\/tzs.pgq.temporary.site\/website_c18d3ae6\/#\/schema\/person\/655446504db2a404e6921d90ab7c0a0f"},"headline":"Participaci\u00f3n de la Psicolog\u00eda en la fundamentaci\u00f3n de la Pedagog\u00eda","datePublished":"2026-01-13T07:19:39+00:00","dateModified":"2026-01-13T15:11:44+00:00","mainEntityOfPage":{"@id":"https:\/\/educatespilar.com\/participacion-de-la-psicologia-en-la-fundamentacion-de-la-pedagogia\/"},"wordCount":1186,"image":{"@id":"https:\/\/educatespilar.com\/participacion-de-la-psicologia-en-la-fundamentacion-de-la-pedagogia\/#primaryimage"},"thumbnailUrl":"https:\/\/i0.wp.com\/educatespilar.com\/wp-content\/uploads\/2026\/01\/blurred-girl-holding-colorful-ball-scaled.jpg?fit=2560%2C2048&ssl=1","keywords":["educacion","psicologia","psicopedagogia"],"articleSection":["Educaci\u00f3n"],"inLanguage":"es-AR"},{"@type":"WebPage","@id":"https:\/\/educatespilar.com\/participacion-de-la-psicologia-en-la-fundamentacion-de-la-pedagogia\/","url":"https:\/\/educatespilar.com\/participacion-de-la-psicologia-en-la-fundamentacion-de-la-pedagogia\/","name":"Participaci\u00f3n de la Psicolog\u00eda en la fundamentaci\u00f3n de la Pedagog\u00eda - EducatesPilar.com","isPartOf":{"@id":"https:\/\/tzs.pgq.temporary.site\/website_c18d3ae6\/#website"},"primaryImageOfPage":{"@id":"https:\/\/educatespilar.com\/participacion-de-la-psicologia-en-la-fundamentacion-de-la-pedagogia\/#primaryimage"},"image":{"@id":"https:\/\/educatespilar.com\/participacion-de-la-psicologia-en-la-fundamentacion-de-la-pedagogia\/#primaryimage"},"thumbnailUrl":"https:\/\/i0.wp.com\/educatespilar.com\/wp-content\/uploads\/2026\/01\/blurred-girl-holding-colorful-ball-scaled.jpg?fit=2560%2C2048&ssl=1","datePublished":"2026-01-13T07:19:39+00:00","dateModified":"2026-01-13T15:11:44+00:00","author":{"@id":"https:\/\/tzs.pgq.temporary.site\/website_c18d3ae6\/#\/schema\/person\/655446504db2a404e6921d90ab7c0a0f"},"breadcrumb":{"@id":"https:\/\/educatespilar.com\/participacion-de-la-psicologia-en-la-fundamentacion-de-la-pedagogia\/#breadcrumb"},"inLanguage":"es-AR","potentialAction":[{"@type":"ReadAction","target":["https:\/\/educatespilar.com\/participacion-de-la-psicologia-en-la-fundamentacion-de-la-pedagogia\/"]}]},{"@type":"ImageObject","inLanguage":"es-AR","@id":"https:\/\/educatespilar.com\/participacion-de-la-psicologia-en-la-fundamentacion-de-la-pedagogia\/#primaryimage","url":"https:\/\/i0.wp.com\/educatespilar.com\/wp-content\/uploads\/2026\/01\/blurred-girl-holding-colorful-ball-scaled.jpg?fit=2560%2C2048&ssl=1","contentUrl":"https:\/\/i0.wp.com\/educatespilar.com\/wp-content\/uploads\/2026\/01\/blurred-girl-holding-colorful-ball-scaled.jpg?fit=2560%2C2048&ssl=1","width":2560,"height":2048},{"@type":"BreadcrumbList","@id":"https:\/\/educatespilar.com\/participacion-de-la-psicologia-en-la-fundamentacion-de-la-pedagogia\/#breadcrumb","itemListElement":[{"@type":"ListItem","position":1,"name":"Home","item":"https:\/\/educatespilar.com\/"},{"@type":"ListItem","position":2,"name":"Participaci\u00f3n de la Psicolog\u00eda en la fundamentaci\u00f3n de la Pedagog\u00eda"}]},{"@type":"WebSite","@id":"https:\/\/tzs.pgq.temporary.site\/website_c18d3ae6\/#website","url":"https:\/\/tzs.pgq.temporary.site\/website_c18d3ae6\/","name":"EducatesPilar.com","description":"","potentialAction":[{"@type":"SearchAction","target":{"@type":"EntryPoint","urlTemplate":"https:\/\/tzs.pgq.temporary.site\/website_c18d3ae6\/?s={search_term_string}"},"query-input":{"@type":"PropertyValueSpecification","valueRequired":true,"valueName":"search_term_string"}}],"inLanguage":"es-AR"},{"@type":"Person","@id":"https:\/\/tzs.pgq.temporary.site\/website_c18d3ae6\/#\/schema\/person\/655446504db2a404e6921d90ab7c0a0f","name":"educates","image":{"@type":"ImageObject","inLanguage":"es-AR","@id":"https:\/\/secure.gravatar.com\/avatar\/f1e844324149cf607705bdc3821ac52f5613382cc275e3a009bc73539c52a819?s=96&d=mm&r=g","url":"https:\/\/secure.gravatar.com\/avatar\/f1e844324149cf607705bdc3821ac52f5613382cc275e3a009bc73539c52a819?s=96&d=mm&r=g","contentUrl":"https:\/\/secure.gravatar.com\/avatar\/f1e844324149cf607705bdc3821ac52f5613382cc275e3a009bc73539c52a819?s=96&d=mm&r=g","caption":"educates"},"url":"https:\/\/educatespilar.com\/es\/author\/educates\/"}]}},"jetpack_featured_media_url":"https:\/\/i0.wp.com\/educatespilar.com\/wp-content\/uploads\/2026\/01\/blurred-girl-holding-colorful-ball-scaled.jpg?fit=2560%2C2048&ssl=1","jetpack_sharing_enabled":true,"_links":{"self":[{"href":"https:\/\/educatespilar.com\/es\/wp-json\/wp\/v2\/posts\/314","targetHints":{"allow":["GET"]}}],"collection":[{"href":"https:\/\/educatespilar.com\/es\/wp-json\/wp\/v2\/posts"}],"about":[{"href":"https:\/\/educatespilar.com\/es\/wp-json\/wp\/v2\/types\/post"}],"author":[{"embeddable":true,"href":"https:\/\/educatespilar.com\/es\/wp-json\/wp\/v2\/users\/2"}],"replies":[{"embeddable":true,"href":"https:\/\/educatespilar.com\/es\/wp-json\/wp\/v2\/comments?post=314"}],"version-history":[{"count":1,"href":"https:\/\/educatespilar.com\/es\/wp-json\/wp\/v2\/posts\/314\/revisions"}],"predecessor-version":[{"id":317,"href":"https:\/\/educatespilar.com\/es\/wp-json\/wp\/v2\/posts\/314\/revisions\/317"}],"wp:featuredmedia":[{"embeddable":true,"href":"https:\/\/educatespilar.com\/es\/wp-json\/wp\/v2\/media\/316"}],"wp:attachment":[{"href":"https:\/\/educatespilar.com\/es\/wp-json\/wp\/v2\/media?parent=314"}],"wp:term":[{"taxonomy":"category","embeddable":true,"href":"https:\/\/educatespilar.com\/es\/wp-json\/wp\/v2\/categories?post=314"},{"taxonomy":"post_tag","embeddable":true,"href":"https:\/\/educatespilar.com\/es\/wp-json\/wp\/v2\/tags?post=314"}],"curies":[{"name":"wp","href":"https:\/\/api.w.org\/{rel}","templated":true}]}}