{"id":307,"date":"2026-01-08T07:15:59","date_gmt":"2026-01-08T07:15:59","guid":{"rendered":"https:\/\/educatespilar.com\/?p=307"},"modified":"2026-01-08T15:38:41","modified_gmt":"2026-01-08T15:38:41","slug":"la-esfera-del-intelecto","status":"publish","type":"post","link":"https:\/\/educatespilar.com\/es\/la-esfera-del-intelecto\/","title":{"rendered":"La esfera del intelecto"},"content":{"rendered":"<p><img data-recalc-dims=\"1\" decoding=\"async\" loading=\"lazy\" class=\"alignnone size-medium wp-image-308\" src=\"https:\/\/i0.wp.com\/educatespilar.com\/wp-content\/uploads\/2026\/01\/pareja-de-lamparas-transparentes-funcionando-como-maceteros.jpg?resize=300%2C222&#038;ssl=1\" alt=\"\" width=\"300\" height=\"222\" srcset=\"https:\/\/i0.wp.com\/educatespilar.com\/wp-content\/uploads\/2026\/01\/pareja-de-lamparas-transparentes-funcionando-como-maceteros-scaled.jpg?resize=300%2C222&amp;ssl=1 300w, https:\/\/i0.wp.com\/educatespilar.com\/wp-content\/uploads\/2026\/01\/pareja-de-lamparas-transparentes-funcionando-como-maceteros-scaled.jpg?resize=1024%2C757&amp;ssl=1 1024w, https:\/\/i0.wp.com\/educatespilar.com\/wp-content\/uploads\/2026\/01\/pareja-de-lamparas-transparentes-funcionando-como-maceteros-scaled.jpg?resize=768%2C568&amp;ssl=1 768w, https:\/\/i0.wp.com\/educatespilar.com\/wp-content\/uploads\/2026\/01\/pareja-de-lamparas-transparentes-funcionando-como-maceteros-scaled.jpg?resize=1536%2C1136&amp;ssl=1 1536w, https:\/\/i0.wp.com\/educatespilar.com\/wp-content\/uploads\/2026\/01\/pareja-de-lamparas-transparentes-funcionando-como-maceteros-scaled.jpg?resize=2048%2C1515&amp;ssl=1 2048w, https:\/\/i0.wp.com\/educatespilar.com\/wp-content\/uploads\/2026\/01\/pareja-de-lamparas-transparentes-funcionando-como-maceteros-scaled.jpg?resize=16%2C12&amp;ssl=1 16w, https:\/\/i0.wp.com\/educatespilar.com\/wp-content\/uploads\/2026\/01\/pareja-de-lamparas-transparentes-funcionando-como-maceteros-scaled.jpg?resize=600%2C444&amp;ssl=1 600w\" sizes=\"auto, (max-width: 300px) 100vw, 300px\" \/><\/p>\n<p><span style=\"font-weight: 400;\">La esfera del intelecto abarca toda la comprensi\u00f3n te\u00f3rica de los fen\u00f3menos de la Naturaleza y el dominio t\u00e9cnico de los mismos mediante el instrumento de la causalidad. A esto pertenece, adem\u00e1s de la matem\u00e1tica pura, como base metodol\u00f3gica general, todo el conocimiento del mundo corp\u00f3reo: F\u00edsica, Qu\u00edmica, Historia natural, Biolog\u00eda general, Antropolog\u00eda f\u00edsica, con las correspondientes ramas de la t\u00e9cnica: Matem\u00e1tica aplicada, T\u00e9cnica f\u00edsico qu\u00edmica, T\u00e9cnica biol\u00f3gica (cultivo de las plantas y animales), T\u00e9cnica antropol\u00f3gica (cuidado del cuerpo humano); pero tambi\u00e9n lo que bajo el nombre de Psicolog\u00eda se conoce generalmente con el nombre de Ciencia natural: toda la esfera de los fen\u00f3menos de la conciencia, en tanto se consideran exclusivamente con respecto a su aparici\u00f3n en el tiempo, consiguientemente sometidos a las leyes de la causalidad, y por tanto tambi\u00e9n la teor\u00eda de la formaci\u00f3n de las representaciones generales, la formaci\u00f3n del lenguaje y de la vida social (Econom\u00eda pol\u00edtica, Derecho, Estad\u00edstica, as\u00ed como la Historia en mera reflexi\u00f3n causal); tambi\u00e9n la meramente psicol\u00f3gica en \u00c9tica y Est\u00e9tica, y una esfera que corresponde a \u00e9sta, la cual se designa como la de la T\u00e9cnica psicol\u00f3gica; a \u00e9sta pertenece toda la direcci\u00f3n del esp\u00edritu, en tanto que es meramente cosa del conocimiento causal y se halla determinada mediante esto; por tanto, la mera t\u00e9cnica de la educaci\u00f3n, del derecho y de la estad\u00edstica, y todo lo que de esto depende, toda organizaci\u00f3n meramente exterior, surge quiz\u00e1 tambi\u00e9n de la idea moral, y de igual modo la mera t\u00e9cnica de la formaci\u00f3n art\u00edstica.<\/span><\/p>\n<p><span style=\"font-weight: 400;\">Si el intelecto, con sus m\u00e9todos caracter\u00edsticos, abarca. Seg\u00fan esto, la totalidad de los fen\u00f3menos, encuentra, sin embargo, sus l\u00edmites en que, si bien es verdad que todo es dado en el tiempo, tambi\u00e9n es verdad que s\u00f3lo se atiene a mantener su dominio en el tiempo dado. Pero a la conciencia condicionada temporalmente se halla subordinada la conciencia no condicionada temporalmente, la cual hace posible una conciencia temporal en general. El conocimiento natural es una creaci\u00f3n de las propias fuentes del esp\u00edritu, las cuales no se agotan en esta creaci\u00f3n \u00fanica, sino que hacen producir otras. Lo supuesto dado de los hechos se halla en conexi\u00f3n con las puras determinaciones del pensar: determinaci\u00f3n del n\u00famero, del tama\u00f1o, de la cualidad, del tiempo y del orden; determinaciones de relaci\u00f3n como las de substancia y propiedad, causa y efecto; determinaciones de modalidad, como, ante todo, las de factibilidad, a diferencia de la mera posibilidad y de la necesidad legal, mediante la uni\u00f3n de todas las cuales se funda la expresi\u00f3n del hecho. Lo \u00abdado\u300b antes del concepto es s\u00f3lo una x, la cual hay que determinarla mediante la a, b, esto es, mediante los conceptos de nuestro entendimiento. Lo que esta x significa s\u00f3lo se puede explicar en funci\u00f3n (por decirlo as\u00ed), en la ecuaci\u00f3n del conocimiento y sobre los factores conocidos en el mismo; tal es nuestro concepto. El ser dado significa solamente la determinaci\u00f3n plena del pensar; \u00e9sta es exigida por eI pensar y s\u00f3lo se cumple mediante el pensar; no se consigue ciertamente nunca llegar a una conclusi\u00f3n; por tanto, el hecho permanece siempre un problema; lo dado no es m\u00e1s que el problema eterno de la ciencia.<\/span><\/p>\n<p><span style=\"font-weight: 400;\">Esta comprensi\u00f3n el resultado de la L\u00f3gica como ciencia pura del modo de proceder del entendimiento cient\u00edfico designa el punto m\u00e1s alto, el cual s\u00f3lo alcanza el intelecto; pero precisamente por esto designa tambi\u00e9n sus l\u00edmites. Da a toda la esfera de su conocimiento la unidad interior met\u00f3dica, y posibilita su organizaci\u00f3n central; determina al mismo tiempo el camino de la formaci\u00f3n del entendimiento conforme a leyes, tal como adquiere una expresi\u00f3n clara en la idea de Pestalozzi de la educaci\u00f3n elemental. Por esto la formaci\u00f3n del entendimiento debe elevarse a este punto; esta elevaci\u00f3n significa su liberaci\u00f3n propia, la conciencia de su autonom\u00eda, el dominio sobre s\u00ed mismo y la naturaleza. Los limites no tienen aqu\u00ed el sentido estrecho de confines; sus l\u00edmites son sus propias leyes; pero al hablar de l\u00edmites se entiende s\u00f3lo los del entendimiento, no los de toda la esfera de la conciencia. La conciencia est\u00e1 atada, por un lado, a la naturaleza; pero, por otro, es m\u00e1s que ella. No alcanza nunca el ser cerrado total, sino que parece siempre un ser condicionado; lo incondicionado permanece, por su parte, como una exigencia incumplida. Pero como \u00faltimo punto de vista de todo juicio, como \u00abidea\u00bb, pertenece, sin embargo, a la conciencia, y al elevar en los l\u00edmites del ser el deber, se convierte en patr\u00f3n de un tipo completamente distinto del conocer, esto es, lo pr\u00e1ctico, que desarrolla su fuerza y significaci\u00f3n positiva como moral. As\u00ed muestra la reflexi\u00f3n cr\u00edtica del conocimiento teor\u00e9tico, designando los l\u00edmites exteriores al mismo tiempo que designa el terreno pr\u00e1ctico.<\/span><\/p>\n<p>&nbsp;<\/p>\n","protected":false},"excerpt":{"rendered":"<p>La esfera del intelecto abarca toda la comprensi\u00f3n te\u00f3rica de los fen\u00f3menos de la Naturaleza y el dominio t\u00e9cnico de los mismos mediante el instrumento de la causalidad. A esto pertenece, adem\u00e1s de la matem\u00e1tica pura, como base metodol\u00f3gica general, todo el conocimiento del mundo corp\u00f3reo: F\u00edsica, Qu\u00edmica, Historia natural, Biolog\u00eda general, Antropolog\u00eda f\u00edsica, con [&hellip;]<\/p>\n","protected":false},"author":2,"featured_media":308,"comment_status":"closed","ping_status":"closed","sticky":false,"template":"","format":"standard","meta":{"nf_dc_page":"","_jetpack_memberships_contains_paid_content":false,"footnotes":""},"categories":[9],"tags":[133,131],"class_list":["post-307","post","type-post","status-publish","format-standard","has-post-thumbnail","hentry","category-educacion","tag-intelecto","tag-naturaleza"],"yoast_head":"<!-- This site is optimized with the Yoast SEO plugin v27.4 - https:\/\/yoast.com\/product\/yoast-seo-wordpress\/ -->\n<title>La esfera del intelecto - EducatesPilar.com<\/title>\n<meta name=\"robots\" content=\"index, follow, max-snippet:-1, max-image-preview:large, max-video-preview:-1\" \/>\n<link rel=\"canonical\" href=\"https:\/\/educatespilar.com\/es\/la-esfera-del-intelecto\/\" \/>\n<meta property=\"og:locale\" content=\"es_ES\" \/>\n<meta property=\"og:type\" content=\"article\" \/>\n<meta property=\"og:title\" content=\"La esfera del intelecto - EducatesPilar.com\" \/>\n<meta property=\"og:description\" content=\"La esfera del intelecto abarca toda la comprensi\u00f3n te\u00f3rica de los fen\u00f3menos de la Naturaleza y el dominio t\u00e9cnico de los mismos mediante el instrumento de la causalidad. A esto pertenece, adem\u00e1s de la matem\u00e1tica pura, como base metodol\u00f3gica general, todo el conocimiento del mundo corp\u00f3reo: F\u00edsica, Qu\u00edmica, Historia natural, Biolog\u00eda general, Antropolog\u00eda f\u00edsica, con [&hellip;]\" \/>\n<meta property=\"og:url\" content=\"https:\/\/educatespilar.com\/es\/la-esfera-del-intelecto\/\" \/>\n<meta property=\"og:site_name\" content=\"EducatesPilar.com\" \/>\n<meta property=\"article:published_time\" content=\"2026-01-08T07:15:59+00:00\" \/>\n<meta property=\"article:modified_time\" content=\"2026-01-08T15:38:41+00:00\" \/>\n<meta property=\"og:image\" content=\"https:\/\/educatespilar.com\/wp-content\/uploads\/2026\/01\/pareja-de-lamparas-transparentes-funcionando-como-maceteros-scaled.jpg\" \/>\n\t<meta property=\"og:image:width\" content=\"2560\" \/>\n\t<meta property=\"og:image:height\" content=\"1894\" \/>\n\t<meta property=\"og:image:type\" content=\"image\/jpeg\" \/>\n<meta name=\"author\" content=\"educates\" \/>\n<meta name=\"twitter:card\" content=\"summary_large_image\" \/>\n<meta name=\"twitter:label1\" content=\"Escrito por\" \/>\n\t<meta name=\"twitter:data1\" content=\"educates\" \/>\n\t<meta name=\"twitter:label2\" content=\"Tiempo de lectura\" \/>\n\t<meta name=\"twitter:data2\" content=\"4 minutos\" \/>\n<script type=\"application\/ld+json\" class=\"yoast-schema-graph\">{\"@context\":\"https:\\\/\\\/schema.org\",\"@graph\":[{\"@type\":\"Article\",\"@id\":\"https:\\\/\\\/educatespilar.com\\\/la-esfera-del-intelecto\\\/#article\",\"isPartOf\":{\"@id\":\"https:\\\/\\\/educatespilar.com\\\/la-esfera-del-intelecto\\\/\"},\"author\":{\"name\":\"educates\",\"@id\":\"https:\\\/\\\/tzs.pgq.temporary.site\\\/website_c18d3ae6\\\/#\\\/schema\\\/person\\\/655446504db2a404e6921d90ab7c0a0f\"},\"headline\":\"La esfera del intelecto\",\"datePublished\":\"2026-01-08T07:15:59+00:00\",\"dateModified\":\"2026-01-08T15:38:41+00:00\",\"mainEntityOfPage\":{\"@id\":\"https:\\\/\\\/educatespilar.com\\\/la-esfera-del-intelecto\\\/\"},\"wordCount\":901,\"image\":{\"@id\":\"https:\\\/\\\/educatespilar.com\\\/la-esfera-del-intelecto\\\/#primaryimage\"},\"thumbnailUrl\":\"https:\\\/\\\/i0.wp.com\\\/educatespilar.com\\\/wp-content\\\/uploads\\\/2026\\\/01\\\/pareja-de-lamparas-transparentes-funcionando-como-maceteros-scaled.jpg?fit=2560%2C1894&ssl=1\",\"keywords\":[\"intelecto\",\"naturaleza\"],\"articleSection\":[\"Educaci\u00f3n\"],\"inLanguage\":\"es-AR\"},{\"@type\":\"WebPage\",\"@id\":\"https:\\\/\\\/educatespilar.com\\\/la-esfera-del-intelecto\\\/\",\"url\":\"https:\\\/\\\/educatespilar.com\\\/la-esfera-del-intelecto\\\/\",\"name\":\"La esfera del intelecto - EducatesPilar.com\",\"isPartOf\":{\"@id\":\"https:\\\/\\\/tzs.pgq.temporary.site\\\/website_c18d3ae6\\\/#website\"},\"primaryImageOfPage\":{\"@id\":\"https:\\\/\\\/educatespilar.com\\\/la-esfera-del-intelecto\\\/#primaryimage\"},\"image\":{\"@id\":\"https:\\\/\\\/educatespilar.com\\\/la-esfera-del-intelecto\\\/#primaryimage\"},\"thumbnailUrl\":\"https:\\\/\\\/i0.wp.com\\\/educatespilar.com\\\/wp-content\\\/uploads\\\/2026\\\/01\\\/pareja-de-lamparas-transparentes-funcionando-como-maceteros-scaled.jpg?fit=2560%2C1894&ssl=1\",\"datePublished\":\"2026-01-08T07:15:59+00:00\",\"dateModified\":\"2026-01-08T15:38:41+00:00\",\"author\":{\"@id\":\"https:\\\/\\\/tzs.pgq.temporary.site\\\/website_c18d3ae6\\\/#\\\/schema\\\/person\\\/655446504db2a404e6921d90ab7c0a0f\"},\"breadcrumb\":{\"@id\":\"https:\\\/\\\/educatespilar.com\\\/la-esfera-del-intelecto\\\/#breadcrumb\"},\"inLanguage\":\"es-AR\",\"potentialAction\":[{\"@type\":\"ReadAction\",\"target\":[\"https:\\\/\\\/educatespilar.com\\\/la-esfera-del-intelecto\\\/\"]}]},{\"@type\":\"ImageObject\",\"inLanguage\":\"es-AR\",\"@id\":\"https:\\\/\\\/educatespilar.com\\\/la-esfera-del-intelecto\\\/#primaryimage\",\"url\":\"https:\\\/\\\/i0.wp.com\\\/educatespilar.com\\\/wp-content\\\/uploads\\\/2026\\\/01\\\/pareja-de-lamparas-transparentes-funcionando-como-maceteros-scaled.jpg?fit=2560%2C1894&ssl=1\",\"contentUrl\":\"https:\\\/\\\/i0.wp.com\\\/educatespilar.com\\\/wp-content\\\/uploads\\\/2026\\\/01\\\/pareja-de-lamparas-transparentes-funcionando-como-maceteros-scaled.jpg?fit=2560%2C1894&ssl=1\",\"width\":2560,\"height\":1894},{\"@type\":\"BreadcrumbList\",\"@id\":\"https:\\\/\\\/educatespilar.com\\\/la-esfera-del-intelecto\\\/#breadcrumb\",\"itemListElement\":[{\"@type\":\"ListItem\",\"position\":1,\"name\":\"Home\",\"item\":\"https:\\\/\\\/educatespilar.com\\\/\"},{\"@type\":\"ListItem\",\"position\":2,\"name\":\"La esfera del intelecto\"}]},{\"@type\":\"WebSite\",\"@id\":\"https:\\\/\\\/tzs.pgq.temporary.site\\\/website_c18d3ae6\\\/#website\",\"url\":\"https:\\\/\\\/tzs.pgq.temporary.site\\\/website_c18d3ae6\\\/\",\"name\":\"EducatesPilar.com\",\"description\":\"\",\"potentialAction\":[{\"@type\":\"SearchAction\",\"target\":{\"@type\":\"EntryPoint\",\"urlTemplate\":\"https:\\\/\\\/tzs.pgq.temporary.site\\\/website_c18d3ae6\\\/?s={search_term_string}\"},\"query-input\":{\"@type\":\"PropertyValueSpecification\",\"valueRequired\":true,\"valueName\":\"search_term_string\"}}],\"inLanguage\":\"es-AR\"},{\"@type\":\"Person\",\"@id\":\"https:\\\/\\\/tzs.pgq.temporary.site\\\/website_c18d3ae6\\\/#\\\/schema\\\/person\\\/655446504db2a404e6921d90ab7c0a0f\",\"name\":\"educates\",\"image\":{\"@type\":\"ImageObject\",\"inLanguage\":\"es-AR\",\"@id\":\"https:\\\/\\\/secure.gravatar.com\\\/avatar\\\/f1e844324149cf607705bdc3821ac52f5613382cc275e3a009bc73539c52a819?s=96&d=mm&r=g\",\"url\":\"https:\\\/\\\/secure.gravatar.com\\\/avatar\\\/f1e844324149cf607705bdc3821ac52f5613382cc275e3a009bc73539c52a819?s=96&d=mm&r=g\",\"contentUrl\":\"https:\\\/\\\/secure.gravatar.com\\\/avatar\\\/f1e844324149cf607705bdc3821ac52f5613382cc275e3a009bc73539c52a819?s=96&d=mm&r=g\",\"caption\":\"educates\"},\"url\":\"https:\\\/\\\/educatespilar.com\\\/es\\\/author\\\/educates\\\/\"}]}<\/script>\n<!-- \/ Yoast SEO plugin. -->","yoast_head_json":{"title":"La esfera del intelecto - EducatesPilar.com","robots":{"index":"index","follow":"follow","max-snippet":"max-snippet:-1","max-image-preview":"max-image-preview:large","max-video-preview":"max-video-preview:-1"},"canonical":"https:\/\/educatespilar.com\/es\/la-esfera-del-intelecto\/","og_locale":"es_ES","og_type":"article","og_title":"La esfera del intelecto - EducatesPilar.com","og_description":"La esfera del intelecto abarca toda la comprensi\u00f3n te\u00f3rica de los fen\u00f3menos de la Naturaleza y el dominio t\u00e9cnico de los mismos mediante el instrumento de la causalidad. A esto pertenece, adem\u00e1s de la matem\u00e1tica pura, como base metodol\u00f3gica general, todo el conocimiento del mundo corp\u00f3reo: F\u00edsica, Qu\u00edmica, Historia natural, Biolog\u00eda general, Antropolog\u00eda f\u00edsica, con [&hellip;]","og_url":"https:\/\/educatespilar.com\/es\/la-esfera-del-intelecto\/","og_site_name":"EducatesPilar.com","article_published_time":"2026-01-08T07:15:59+00:00","article_modified_time":"2026-01-08T15:38:41+00:00","og_image":[{"width":2560,"height":1894,"url":"https:\/\/educatespilar.com\/wp-content\/uploads\/2026\/01\/pareja-de-lamparas-transparentes-funcionando-como-maceteros-scaled.jpg","type":"image\/jpeg"}],"author":"educates","twitter_card":"summary_large_image","twitter_misc":{"Escrito por":"educates","Tiempo de lectura":"4 minutos"},"schema":{"@context":"https:\/\/schema.org","@graph":[{"@type":"Article","@id":"https:\/\/educatespilar.com\/la-esfera-del-intelecto\/#article","isPartOf":{"@id":"https:\/\/educatespilar.com\/la-esfera-del-intelecto\/"},"author":{"name":"educates","@id":"https:\/\/tzs.pgq.temporary.site\/website_c18d3ae6\/#\/schema\/person\/655446504db2a404e6921d90ab7c0a0f"},"headline":"La esfera del intelecto","datePublished":"2026-01-08T07:15:59+00:00","dateModified":"2026-01-08T15:38:41+00:00","mainEntityOfPage":{"@id":"https:\/\/educatespilar.com\/la-esfera-del-intelecto\/"},"wordCount":901,"image":{"@id":"https:\/\/educatespilar.com\/la-esfera-del-intelecto\/#primaryimage"},"thumbnailUrl":"https:\/\/i0.wp.com\/educatespilar.com\/wp-content\/uploads\/2026\/01\/pareja-de-lamparas-transparentes-funcionando-como-maceteros-scaled.jpg?fit=2560%2C1894&ssl=1","keywords":["intelecto","naturaleza"],"articleSection":["Educaci\u00f3n"],"inLanguage":"es-AR"},{"@type":"WebPage","@id":"https:\/\/educatespilar.com\/la-esfera-del-intelecto\/","url":"https:\/\/educatespilar.com\/la-esfera-del-intelecto\/","name":"La esfera del intelecto - EducatesPilar.com","isPartOf":{"@id":"https:\/\/tzs.pgq.temporary.site\/website_c18d3ae6\/#website"},"primaryImageOfPage":{"@id":"https:\/\/educatespilar.com\/la-esfera-del-intelecto\/#primaryimage"},"image":{"@id":"https:\/\/educatespilar.com\/la-esfera-del-intelecto\/#primaryimage"},"thumbnailUrl":"https:\/\/i0.wp.com\/educatespilar.com\/wp-content\/uploads\/2026\/01\/pareja-de-lamparas-transparentes-funcionando-como-maceteros-scaled.jpg?fit=2560%2C1894&ssl=1","datePublished":"2026-01-08T07:15:59+00:00","dateModified":"2026-01-08T15:38:41+00:00","author":{"@id":"https:\/\/tzs.pgq.temporary.site\/website_c18d3ae6\/#\/schema\/person\/655446504db2a404e6921d90ab7c0a0f"},"breadcrumb":{"@id":"https:\/\/educatespilar.com\/la-esfera-del-intelecto\/#breadcrumb"},"inLanguage":"es-AR","potentialAction":[{"@type":"ReadAction","target":["https:\/\/educatespilar.com\/la-esfera-del-intelecto\/"]}]},{"@type":"ImageObject","inLanguage":"es-AR","@id":"https:\/\/educatespilar.com\/la-esfera-del-intelecto\/#primaryimage","url":"https:\/\/i0.wp.com\/educatespilar.com\/wp-content\/uploads\/2026\/01\/pareja-de-lamparas-transparentes-funcionando-como-maceteros-scaled.jpg?fit=2560%2C1894&ssl=1","contentUrl":"https:\/\/i0.wp.com\/educatespilar.com\/wp-content\/uploads\/2026\/01\/pareja-de-lamparas-transparentes-funcionando-como-maceteros-scaled.jpg?fit=2560%2C1894&ssl=1","width":2560,"height":1894},{"@type":"BreadcrumbList","@id":"https:\/\/educatespilar.com\/la-esfera-del-intelecto\/#breadcrumb","itemListElement":[{"@type":"ListItem","position":1,"name":"Home","item":"https:\/\/educatespilar.com\/"},{"@type":"ListItem","position":2,"name":"La esfera del intelecto"}]},{"@type":"WebSite","@id":"https:\/\/tzs.pgq.temporary.site\/website_c18d3ae6\/#website","url":"https:\/\/tzs.pgq.temporary.site\/website_c18d3ae6\/","name":"EducatesPilar.com","description":"","potentialAction":[{"@type":"SearchAction","target":{"@type":"EntryPoint","urlTemplate":"https:\/\/tzs.pgq.temporary.site\/website_c18d3ae6\/?s={search_term_string}"},"query-input":{"@type":"PropertyValueSpecification","valueRequired":true,"valueName":"search_term_string"}}],"inLanguage":"es-AR"},{"@type":"Person","@id":"https:\/\/tzs.pgq.temporary.site\/website_c18d3ae6\/#\/schema\/person\/655446504db2a404e6921d90ab7c0a0f","name":"educates","image":{"@type":"ImageObject","inLanguage":"es-AR","@id":"https:\/\/secure.gravatar.com\/avatar\/f1e844324149cf607705bdc3821ac52f5613382cc275e3a009bc73539c52a819?s=96&d=mm&r=g","url":"https:\/\/secure.gravatar.com\/avatar\/f1e844324149cf607705bdc3821ac52f5613382cc275e3a009bc73539c52a819?s=96&d=mm&r=g","contentUrl":"https:\/\/secure.gravatar.com\/avatar\/f1e844324149cf607705bdc3821ac52f5613382cc275e3a009bc73539c52a819?s=96&d=mm&r=g","caption":"educates"},"url":"https:\/\/educatespilar.com\/es\/author\/educates\/"}]}},"jetpack_featured_media_url":"https:\/\/i0.wp.com\/educatespilar.com\/wp-content\/uploads\/2026\/01\/pareja-de-lamparas-transparentes-funcionando-como-maceteros-scaled.jpg?fit=2560%2C1894&ssl=1","jetpack_sharing_enabled":true,"_links":{"self":[{"href":"https:\/\/educatespilar.com\/es\/wp-json\/wp\/v2\/posts\/307","targetHints":{"allow":["GET"]}}],"collection":[{"href":"https:\/\/educatespilar.com\/es\/wp-json\/wp\/v2\/posts"}],"about":[{"href":"https:\/\/educatespilar.com\/es\/wp-json\/wp\/v2\/types\/post"}],"author":[{"embeddable":true,"href":"https:\/\/educatespilar.com\/es\/wp-json\/wp\/v2\/users\/2"}],"replies":[{"embeddable":true,"href":"https:\/\/educatespilar.com\/es\/wp-json\/wp\/v2\/comments?post=307"}],"version-history":[{"count":1,"href":"https:\/\/educatespilar.com\/es\/wp-json\/wp\/v2\/posts\/307\/revisions"}],"predecessor-version":[{"id":309,"href":"https:\/\/educatespilar.com\/es\/wp-json\/wp\/v2\/posts\/307\/revisions\/309"}],"wp:featuredmedia":[{"embeddable":true,"href":"https:\/\/educatespilar.com\/es\/wp-json\/wp\/v2\/media\/308"}],"wp:attachment":[{"href":"https:\/\/educatespilar.com\/es\/wp-json\/wp\/v2\/media?parent=307"}],"wp:term":[{"taxonomy":"category","embeddable":true,"href":"https:\/\/educatespilar.com\/es\/wp-json\/wp\/v2\/categories?post=307"},{"taxonomy":"post_tag","embeddable":true,"href":"https:\/\/educatespilar.com\/es\/wp-json\/wp\/v2\/tags?post=307"}],"curies":[{"name":"wp","href":"https:\/\/api.w.org\/{rel}","templated":true}]}}