{"id":301,"date":"2026-01-06T07:09:00","date_gmt":"2026-01-06T07:09:00","guid":{"rendered":"https:\/\/educatespilar.com\/?p=301"},"modified":"2026-01-06T17:59:33","modified_gmt":"2026-01-06T17:59:33","slug":"el-mundo-del-arte-y-la-formacion-estetica","status":"publish","type":"post","link":"https:\/\/educatespilar.com\/es\/el-mundo-del-arte-y-la-formacion-estetica\/","title":{"rendered":"El mundo del arte y la formaci\u00f3n est\u00e9tica"},"content":{"rendered":"<p><img data-recalc-dims=\"1\" decoding=\"async\" loading=\"lazy\" class=\"alignnone size-medium wp-image-302\" src=\"https:\/\/i0.wp.com\/educatespilar.com\/wp-content\/uploads\/2026\/01\/composicion-adorable-de-estudio-de-arte.jpg?resize=300%2C200&#038;ssl=1\" alt=\"\" width=\"300\" height=\"200\" srcset=\"https:\/\/i0.wp.com\/educatespilar.com\/wp-content\/uploads\/2026\/01\/composicion-adorable-de-estudio-de-arte-scaled.jpg?resize=300%2C200&amp;ssl=1 300w, https:\/\/i0.wp.com\/educatespilar.com\/wp-content\/uploads\/2026\/01\/composicion-adorable-de-estudio-de-arte-scaled.jpg?resize=1024%2C683&amp;ssl=1 1024w, https:\/\/i0.wp.com\/educatespilar.com\/wp-content\/uploads\/2026\/01\/composicion-adorable-de-estudio-de-arte-scaled.jpg?resize=768%2C512&amp;ssl=1 768w, https:\/\/i0.wp.com\/educatespilar.com\/wp-content\/uploads\/2026\/01\/composicion-adorable-de-estudio-de-arte-scaled.jpg?resize=1536%2C1024&amp;ssl=1 1536w, https:\/\/i0.wp.com\/educatespilar.com\/wp-content\/uploads\/2026\/01\/composicion-adorable-de-estudio-de-arte-scaled.jpg?resize=2048%2C1365&amp;ssl=1 2048w, https:\/\/i0.wp.com\/educatespilar.com\/wp-content\/uploads\/2026\/01\/composicion-adorable-de-estudio-de-arte-scaled.jpg?resize=18%2C12&amp;ssl=1 18w, https:\/\/i0.wp.com\/educatespilar.com\/wp-content\/uploads\/2026\/01\/composicion-adorable-de-estudio-de-arte-scaled.jpg?resize=600%2C400&amp;ssl=1 600w\" sizes=\"auto, (max-width: 300px) 100vw, 300px\" \/><\/p>\n<p><span style=\"font-weight: 400;\">Existe todav\u00eda un verdadero mundo de objetos junto con el de la inteligencia y el de la voluntad (ciencia y moral y actividad de ambos en la creaci\u00f3n t\u00e9cnica y en la formaci\u00f3n social): es el mundo de la conciencia est\u00e9tica o del arte. Este mundo es objeto de una verdadera direcci\u00f3n de la conciencia, de una verdadera clase de conocimiento. En la creaci\u00f3n est\u00e9tica es el \u00faltimo germen la intuici\u00f3n interior, la intuici\u00f3n creadora, esto es, una verdadera clase de objetivaci\u00f3n. Pero su caracter\u00edstica consista en que supera la verdad te\u00f3rica (del ser) y la pr\u00e1ctica (del deber), las cuales parecen estar en lucha, y en esta lucha permanecen ambas inalcanzables, y si no las une realmente, pretende unirlas en virtud de su propio derecho: presenta el deber ser tal y como ser\u00eda el ser cuando fuera lo que debiera ser; esto es, toma previamente en la representaci\u00f3n aquella uni\u00f3n de ambos a la cual se tiende, pero que de hecho no se alcanza nunca; esta uni\u00f3n exigida en s\u00ed misma es pensada en la exigencia con verdad interior; pero no pretende alcanzar una verdad exterior, pues lo intuido art\u00edsticamente no pretende valer como realidad natural, ni quiz\u00e1 como exigencia de la voluntad. Con esta libertad, frente a las leyes del intelecto y de la voluntad, dispone la creaci\u00f3n est\u00e9tica de la materia de ambas y las utiliza como juego. El derecho \u00faltimo de este juego descansa en la conciencia plenamente verdadera de que todo en nuestra conciencia, naturaleza y reino moral, mundo y reino sobrenatural, es propio y es mostrado como su imagen, no meramente sobre su objeto, sino, ante todo, sobre la conciencia misma. Por tanto, el puro sentimiento, que es, sin embargo, ultra individual, por el hecho de que se dirige a la formaci\u00f3n de objetos, es el que desprende en nosotros el juego est\u00e9tico.<\/span><\/p>\n<p>&nbsp;<\/p>\n<p><span style=\"font-weight: 400;\">Por esto la est\u00e9tica es, ante todo, subjetivamente cosa de la libre fantas\u00eda, que no sirve a fines extra\u00f1os, sino a fines propios. Sin embargo, no es un mero entender, sino un entender sentimental; incluye un momento de la direcci\u00f3n, del movimiento, por tanto, del impulso; el movimiento, en el cual se caracteriza la forma en el alma, y la direcci\u00f3n que acompa\u00f1a a esta forma y el movimiento del sentimiento: tal es lo que constituye el fen\u00f3meno est\u00e9tico.<\/span><\/p>\n<p><span style=\"font-weight: 400;\">Por eso la educaci\u00f3n est\u00e9tica descansa tambi\u00e9n esencialmente sobre la verdadera actuaci\u00f3n y no sobre una intuici\u00f3n meramente pasiva. Y para tener un car\u00e1cter est\u00e9tico la actividad formadora no puede dirigirse a la realidad meramente natural; entonces ser\u00eda mera t\u00e9cnica, y pertenecer\u00eda, por tanto, a la educaci\u00f3n intelectual; tampoco puede ser mostrada exclusivamente con fines morales como en la \u00abinstrucci\u00f3n del car\u00e1cter\u00bb de los herbar\u00edamos, sino que debe elevarse a aquella libertad del mero juego que brota del sentimiento vital interior, lo cual forma la caracter\u00edstica de la estructura est\u00e9tica. El proceso gradual de la educaci\u00f3n est\u00e9tica es exactamente paralelo al de la educaci\u00f3n intelectual y de la voluntad, El fundamento sensible forma el juego natural del ni\u00f1o. El alma del ni\u00f1o vive todav\u00eda en actividad creadora completamente espont\u00e1nea; est\u00e1 todav\u00eda completamente llena de aquel sentimiento de formaci\u00f3n libre que constituye el germen de la est\u00e9tica; pero no tiene conciencia de \u00e9l, precisamente porque vive completamente dentro de \u00e9l y porque todav\u00eda no ha aparecido un mundo de la realidad y un mundo del deber que se han separado resueltamente de la libre formaci\u00f3n de la fantas\u00eda. Esta escisi\u00f3n debe cumplirse precisamente en el grado medio, en la edad escolar; en esto consiste el peligro de una desmedramiento del impulso est\u00e9tico. Para eso debe trabajar frente a \u00e9l la instrucci\u00f3n escolar, y de hecho no hay ninguna esfera especial de la instrucci\u00f3n que no ofrezca m\u00faltiples ocasiones a la educaci\u00f3n est\u00e9tica; de igual modo la educaci\u00f3n moral no debe impedir la libertad est\u00e9tica. Al \u00faltimo grado pertenece la conciencia plena de In est\u00e9tico, presentada sobre su propio fundamento, y con esto la plena satisfacci\u00f3n propia del impulso est\u00e9tico, hasta llegar al conocimiento est\u00e9tico y hasta al presentimiento de un universo est\u00e9tico y su relaci\u00f3n con el universo del intelecto y con el de la voluntad moral. Por tanto, la educaci\u00f3n est\u00e9tica encuentra su conclusi\u00f3n en la est\u00e9tica filos\u00f3fica.<\/span><\/p>\n","protected":false},"excerpt":{"rendered":"<p>Existe todav\u00eda un verdadero mundo de objetos junto con el de la inteligencia y el de la voluntad (ciencia y moral y actividad de ambos en la creaci\u00f3n t\u00e9cnica y en la formaci\u00f3n social): es el mundo de la conciencia est\u00e9tica o del arte. Este mundo es objeto de una verdadera direcci\u00f3n de la conciencia, [&hellip;]<\/p>\n","protected":false},"author":2,"featured_media":302,"comment_status":"closed","ping_status":"closed","sticky":false,"template":"","format":"standard","meta":{"nf_dc_page":"","_jetpack_memberships_contains_paid_content":false,"footnotes":""},"categories":[9],"tags":[127,26,128],"class_list":["post-301","post","type-post","status-publish","format-standard","has-post-thumbnail","hentry","category-educacion","tag-arte","tag-educacion","tag-formacion-estetica"],"yoast_head":"<!-- This site is optimized with the Yoast SEO plugin v27.4 - https:\/\/yoast.com\/product\/yoast-seo-wordpress\/ -->\n<title>El mundo del arte y la formaci\u00f3n est\u00e9tica - EducatesPilar.com<\/title>\n<meta name=\"robots\" content=\"index, follow, max-snippet:-1, max-image-preview:large, max-video-preview:-1\" \/>\n<link rel=\"canonical\" href=\"https:\/\/educatespilar.com\/es\/el-mundo-del-arte-y-la-formacion-estetica\/\" \/>\n<meta property=\"og:locale\" content=\"es_ES\" \/>\n<meta property=\"og:type\" content=\"article\" \/>\n<meta property=\"og:title\" content=\"El mundo del arte y la formaci\u00f3n est\u00e9tica - EducatesPilar.com\" \/>\n<meta property=\"og:description\" content=\"Existe todav\u00eda un verdadero mundo de objetos junto con el de la inteligencia y el de la voluntad (ciencia y moral y actividad de ambos en la creaci\u00f3n t\u00e9cnica y en la formaci\u00f3n social): es el mundo de la conciencia est\u00e9tica o del arte. Este mundo es objeto de una verdadera direcci\u00f3n de la conciencia, [&hellip;]\" \/>\n<meta property=\"og:url\" content=\"https:\/\/educatespilar.com\/es\/el-mundo-del-arte-y-la-formacion-estetica\/\" \/>\n<meta property=\"og:site_name\" content=\"EducatesPilar.com\" \/>\n<meta property=\"article:published_time\" content=\"2026-01-06T07:09:00+00:00\" \/>\n<meta property=\"article:modified_time\" content=\"2026-01-06T17:59:33+00:00\" \/>\n<meta property=\"og:image\" content=\"https:\/\/educatespilar.com\/wp-content\/uploads\/2026\/01\/composicion-adorable-de-estudio-de-arte-scaled.jpg\" \/>\n\t<meta property=\"og:image:width\" content=\"2560\" \/>\n\t<meta property=\"og:image:height\" content=\"1707\" \/>\n\t<meta property=\"og:image:type\" content=\"image\/jpeg\" \/>\n<meta name=\"author\" content=\"educates\" \/>\n<meta name=\"twitter:card\" content=\"summary_large_image\" \/>\n<meta name=\"twitter:label1\" content=\"Escrito por\" \/>\n\t<meta name=\"twitter:data1\" content=\"educates\" \/>\n\t<meta name=\"twitter:label2\" content=\"Tiempo de lectura\" \/>\n\t<meta name=\"twitter:data2\" content=\"4 minutos\" \/>\n<script type=\"application\/ld+json\" class=\"yoast-schema-graph\">{\"@context\":\"https:\\\/\\\/schema.org\",\"@graph\":[{\"@type\":\"Article\",\"@id\":\"https:\\\/\\\/educatespilar.com\\\/el-mundo-del-arte-y-la-formacion-estetica\\\/#article\",\"isPartOf\":{\"@id\":\"https:\\\/\\\/educatespilar.com\\\/el-mundo-del-arte-y-la-formacion-estetica\\\/\"},\"author\":{\"name\":\"educates\",\"@id\":\"https:\\\/\\\/tzs.pgq.temporary.site\\\/website_c18d3ae6\\\/#\\\/schema\\\/person\\\/655446504db2a404e6921d90ab7c0a0f\"},\"headline\":\"El mundo del arte y la formaci\u00f3n est\u00e9tica\",\"datePublished\":\"2026-01-06T07:09:00+00:00\",\"dateModified\":\"2026-01-06T17:59:33+00:00\",\"mainEntityOfPage\":{\"@id\":\"https:\\\/\\\/educatespilar.com\\\/el-mundo-del-arte-y-la-formacion-estetica\\\/\"},\"wordCount\":797,\"image\":{\"@id\":\"https:\\\/\\\/educatespilar.com\\\/el-mundo-del-arte-y-la-formacion-estetica\\\/#primaryimage\"},\"thumbnailUrl\":\"https:\\\/\\\/i0.wp.com\\\/educatespilar.com\\\/wp-content\\\/uploads\\\/2026\\\/01\\\/composicion-adorable-de-estudio-de-arte-scaled.jpg?fit=2560%2C1707&ssl=1\",\"keywords\":[\"arte\",\"educacion\",\"formacion estetica\"],\"articleSection\":[\"Educaci\u00f3n\"],\"inLanguage\":\"es-AR\"},{\"@type\":\"WebPage\",\"@id\":\"https:\\\/\\\/educatespilar.com\\\/el-mundo-del-arte-y-la-formacion-estetica\\\/\",\"url\":\"https:\\\/\\\/educatespilar.com\\\/el-mundo-del-arte-y-la-formacion-estetica\\\/\",\"name\":\"El mundo del arte y la formaci\u00f3n est\u00e9tica - EducatesPilar.com\",\"isPartOf\":{\"@id\":\"https:\\\/\\\/tzs.pgq.temporary.site\\\/website_c18d3ae6\\\/#website\"},\"primaryImageOfPage\":{\"@id\":\"https:\\\/\\\/educatespilar.com\\\/el-mundo-del-arte-y-la-formacion-estetica\\\/#primaryimage\"},\"image\":{\"@id\":\"https:\\\/\\\/educatespilar.com\\\/el-mundo-del-arte-y-la-formacion-estetica\\\/#primaryimage\"},\"thumbnailUrl\":\"https:\\\/\\\/i0.wp.com\\\/educatespilar.com\\\/wp-content\\\/uploads\\\/2026\\\/01\\\/composicion-adorable-de-estudio-de-arte-scaled.jpg?fit=2560%2C1707&ssl=1\",\"datePublished\":\"2026-01-06T07:09:00+00:00\",\"dateModified\":\"2026-01-06T17:59:33+00:00\",\"author\":{\"@id\":\"https:\\\/\\\/tzs.pgq.temporary.site\\\/website_c18d3ae6\\\/#\\\/schema\\\/person\\\/655446504db2a404e6921d90ab7c0a0f\"},\"breadcrumb\":{\"@id\":\"https:\\\/\\\/educatespilar.com\\\/el-mundo-del-arte-y-la-formacion-estetica\\\/#breadcrumb\"},\"inLanguage\":\"es-AR\",\"potentialAction\":[{\"@type\":\"ReadAction\",\"target\":[\"https:\\\/\\\/educatespilar.com\\\/el-mundo-del-arte-y-la-formacion-estetica\\\/\"]}]},{\"@type\":\"ImageObject\",\"inLanguage\":\"es-AR\",\"@id\":\"https:\\\/\\\/educatespilar.com\\\/el-mundo-del-arte-y-la-formacion-estetica\\\/#primaryimage\",\"url\":\"https:\\\/\\\/i0.wp.com\\\/educatespilar.com\\\/wp-content\\\/uploads\\\/2026\\\/01\\\/composicion-adorable-de-estudio-de-arte-scaled.jpg?fit=2560%2C1707&ssl=1\",\"contentUrl\":\"https:\\\/\\\/i0.wp.com\\\/educatespilar.com\\\/wp-content\\\/uploads\\\/2026\\\/01\\\/composicion-adorable-de-estudio-de-arte-scaled.jpg?fit=2560%2C1707&ssl=1\",\"width\":2560,\"height\":1707},{\"@type\":\"BreadcrumbList\",\"@id\":\"https:\\\/\\\/educatespilar.com\\\/el-mundo-del-arte-y-la-formacion-estetica\\\/#breadcrumb\",\"itemListElement\":[{\"@type\":\"ListItem\",\"position\":1,\"name\":\"Home\",\"item\":\"https:\\\/\\\/educatespilar.com\\\/\"},{\"@type\":\"ListItem\",\"position\":2,\"name\":\"El mundo del arte y la formaci\u00f3n est\u00e9tica\"}]},{\"@type\":\"WebSite\",\"@id\":\"https:\\\/\\\/tzs.pgq.temporary.site\\\/website_c18d3ae6\\\/#website\",\"url\":\"https:\\\/\\\/tzs.pgq.temporary.site\\\/website_c18d3ae6\\\/\",\"name\":\"EducatesPilar.com\",\"description\":\"\",\"potentialAction\":[{\"@type\":\"SearchAction\",\"target\":{\"@type\":\"EntryPoint\",\"urlTemplate\":\"https:\\\/\\\/tzs.pgq.temporary.site\\\/website_c18d3ae6\\\/?s={search_term_string}\"},\"query-input\":{\"@type\":\"PropertyValueSpecification\",\"valueRequired\":true,\"valueName\":\"search_term_string\"}}],\"inLanguage\":\"es-AR\"},{\"@type\":\"Person\",\"@id\":\"https:\\\/\\\/tzs.pgq.temporary.site\\\/website_c18d3ae6\\\/#\\\/schema\\\/person\\\/655446504db2a404e6921d90ab7c0a0f\",\"name\":\"educates\",\"image\":{\"@type\":\"ImageObject\",\"inLanguage\":\"es-AR\",\"@id\":\"https:\\\/\\\/secure.gravatar.com\\\/avatar\\\/f1e844324149cf607705bdc3821ac52f5613382cc275e3a009bc73539c52a819?s=96&d=mm&r=g\",\"url\":\"https:\\\/\\\/secure.gravatar.com\\\/avatar\\\/f1e844324149cf607705bdc3821ac52f5613382cc275e3a009bc73539c52a819?s=96&d=mm&r=g\",\"contentUrl\":\"https:\\\/\\\/secure.gravatar.com\\\/avatar\\\/f1e844324149cf607705bdc3821ac52f5613382cc275e3a009bc73539c52a819?s=96&d=mm&r=g\",\"caption\":\"educates\"},\"url\":\"https:\\\/\\\/educatespilar.com\\\/es\\\/author\\\/educates\\\/\"}]}<\/script>\n<!-- \/ Yoast SEO plugin. -->","yoast_head_json":{"title":"El mundo del arte y la formaci\u00f3n est\u00e9tica - EducatesPilar.com","robots":{"index":"index","follow":"follow","max-snippet":"max-snippet:-1","max-image-preview":"max-image-preview:large","max-video-preview":"max-video-preview:-1"},"canonical":"https:\/\/educatespilar.com\/es\/el-mundo-del-arte-y-la-formacion-estetica\/","og_locale":"es_ES","og_type":"article","og_title":"El mundo del arte y la formaci\u00f3n est\u00e9tica - EducatesPilar.com","og_description":"Existe todav\u00eda un verdadero mundo de objetos junto con el de la inteligencia y el de la voluntad (ciencia y moral y actividad de ambos en la creaci\u00f3n t\u00e9cnica y en la formaci\u00f3n social): es el mundo de la conciencia est\u00e9tica o del arte. Este mundo es objeto de una verdadera direcci\u00f3n de la conciencia, [&hellip;]","og_url":"https:\/\/educatespilar.com\/es\/el-mundo-del-arte-y-la-formacion-estetica\/","og_site_name":"EducatesPilar.com","article_published_time":"2026-01-06T07:09:00+00:00","article_modified_time":"2026-01-06T17:59:33+00:00","og_image":[{"width":2560,"height":1707,"url":"https:\/\/educatespilar.com\/wp-content\/uploads\/2026\/01\/composicion-adorable-de-estudio-de-arte-scaled.jpg","type":"image\/jpeg"}],"author":"educates","twitter_card":"summary_large_image","twitter_misc":{"Escrito por":"educates","Tiempo de lectura":"4 minutos"},"schema":{"@context":"https:\/\/schema.org","@graph":[{"@type":"Article","@id":"https:\/\/educatespilar.com\/el-mundo-del-arte-y-la-formacion-estetica\/#article","isPartOf":{"@id":"https:\/\/educatespilar.com\/el-mundo-del-arte-y-la-formacion-estetica\/"},"author":{"name":"educates","@id":"https:\/\/tzs.pgq.temporary.site\/website_c18d3ae6\/#\/schema\/person\/655446504db2a404e6921d90ab7c0a0f"},"headline":"El mundo del arte y la formaci\u00f3n est\u00e9tica","datePublished":"2026-01-06T07:09:00+00:00","dateModified":"2026-01-06T17:59:33+00:00","mainEntityOfPage":{"@id":"https:\/\/educatespilar.com\/el-mundo-del-arte-y-la-formacion-estetica\/"},"wordCount":797,"image":{"@id":"https:\/\/educatespilar.com\/el-mundo-del-arte-y-la-formacion-estetica\/#primaryimage"},"thumbnailUrl":"https:\/\/i0.wp.com\/educatespilar.com\/wp-content\/uploads\/2026\/01\/composicion-adorable-de-estudio-de-arte-scaled.jpg?fit=2560%2C1707&ssl=1","keywords":["arte","educacion","formacion estetica"],"articleSection":["Educaci\u00f3n"],"inLanguage":"es-AR"},{"@type":"WebPage","@id":"https:\/\/educatespilar.com\/el-mundo-del-arte-y-la-formacion-estetica\/","url":"https:\/\/educatespilar.com\/el-mundo-del-arte-y-la-formacion-estetica\/","name":"El mundo del arte y la formaci\u00f3n est\u00e9tica - EducatesPilar.com","isPartOf":{"@id":"https:\/\/tzs.pgq.temporary.site\/website_c18d3ae6\/#website"},"primaryImageOfPage":{"@id":"https:\/\/educatespilar.com\/el-mundo-del-arte-y-la-formacion-estetica\/#primaryimage"},"image":{"@id":"https:\/\/educatespilar.com\/el-mundo-del-arte-y-la-formacion-estetica\/#primaryimage"},"thumbnailUrl":"https:\/\/i0.wp.com\/educatespilar.com\/wp-content\/uploads\/2026\/01\/composicion-adorable-de-estudio-de-arte-scaled.jpg?fit=2560%2C1707&ssl=1","datePublished":"2026-01-06T07:09:00+00:00","dateModified":"2026-01-06T17:59:33+00:00","author":{"@id":"https:\/\/tzs.pgq.temporary.site\/website_c18d3ae6\/#\/schema\/person\/655446504db2a404e6921d90ab7c0a0f"},"breadcrumb":{"@id":"https:\/\/educatespilar.com\/el-mundo-del-arte-y-la-formacion-estetica\/#breadcrumb"},"inLanguage":"es-AR","potentialAction":[{"@type":"ReadAction","target":["https:\/\/educatespilar.com\/el-mundo-del-arte-y-la-formacion-estetica\/"]}]},{"@type":"ImageObject","inLanguage":"es-AR","@id":"https:\/\/educatespilar.com\/el-mundo-del-arte-y-la-formacion-estetica\/#primaryimage","url":"https:\/\/i0.wp.com\/educatespilar.com\/wp-content\/uploads\/2026\/01\/composicion-adorable-de-estudio-de-arte-scaled.jpg?fit=2560%2C1707&ssl=1","contentUrl":"https:\/\/i0.wp.com\/educatespilar.com\/wp-content\/uploads\/2026\/01\/composicion-adorable-de-estudio-de-arte-scaled.jpg?fit=2560%2C1707&ssl=1","width":2560,"height":1707},{"@type":"BreadcrumbList","@id":"https:\/\/educatespilar.com\/el-mundo-del-arte-y-la-formacion-estetica\/#breadcrumb","itemListElement":[{"@type":"ListItem","position":1,"name":"Home","item":"https:\/\/educatespilar.com\/"},{"@type":"ListItem","position":2,"name":"El mundo del arte y la formaci\u00f3n est\u00e9tica"}]},{"@type":"WebSite","@id":"https:\/\/tzs.pgq.temporary.site\/website_c18d3ae6\/#website","url":"https:\/\/tzs.pgq.temporary.site\/website_c18d3ae6\/","name":"EducatesPilar.com","description":"","potentialAction":[{"@type":"SearchAction","target":{"@type":"EntryPoint","urlTemplate":"https:\/\/tzs.pgq.temporary.site\/website_c18d3ae6\/?s={search_term_string}"},"query-input":{"@type":"PropertyValueSpecification","valueRequired":true,"valueName":"search_term_string"}}],"inLanguage":"es-AR"},{"@type":"Person","@id":"https:\/\/tzs.pgq.temporary.site\/website_c18d3ae6\/#\/schema\/person\/655446504db2a404e6921d90ab7c0a0f","name":"educates","image":{"@type":"ImageObject","inLanguage":"es-AR","@id":"https:\/\/secure.gravatar.com\/avatar\/f1e844324149cf607705bdc3821ac52f5613382cc275e3a009bc73539c52a819?s=96&d=mm&r=g","url":"https:\/\/secure.gravatar.com\/avatar\/f1e844324149cf607705bdc3821ac52f5613382cc275e3a009bc73539c52a819?s=96&d=mm&r=g","contentUrl":"https:\/\/secure.gravatar.com\/avatar\/f1e844324149cf607705bdc3821ac52f5613382cc275e3a009bc73539c52a819?s=96&d=mm&r=g","caption":"educates"},"url":"https:\/\/educatespilar.com\/es\/author\/educates\/"}]}},"jetpack_featured_media_url":"https:\/\/i0.wp.com\/educatespilar.com\/wp-content\/uploads\/2026\/01\/composicion-adorable-de-estudio-de-arte-scaled.jpg?fit=2560%2C1707&ssl=1","jetpack_sharing_enabled":true,"_links":{"self":[{"href":"https:\/\/educatespilar.com\/es\/wp-json\/wp\/v2\/posts\/301","targetHints":{"allow":["GET"]}}],"collection":[{"href":"https:\/\/educatespilar.com\/es\/wp-json\/wp\/v2\/posts"}],"about":[{"href":"https:\/\/educatespilar.com\/es\/wp-json\/wp\/v2\/types\/post"}],"author":[{"embeddable":true,"href":"https:\/\/educatespilar.com\/es\/wp-json\/wp\/v2\/users\/2"}],"replies":[{"embeddable":true,"href":"https:\/\/educatespilar.com\/es\/wp-json\/wp\/v2\/comments?post=301"}],"version-history":[{"count":1,"href":"https:\/\/educatespilar.com\/es\/wp-json\/wp\/v2\/posts\/301\/revisions"}],"predecessor-version":[{"id":303,"href":"https:\/\/educatespilar.com\/es\/wp-json\/wp\/v2\/posts\/301\/revisions\/303"}],"wp:featuredmedia":[{"embeddable":true,"href":"https:\/\/educatespilar.com\/es\/wp-json\/wp\/v2\/media\/302"}],"wp:attachment":[{"href":"https:\/\/educatespilar.com\/es\/wp-json\/wp\/v2\/media?parent=301"}],"wp:term":[{"taxonomy":"category","embeddable":true,"href":"https:\/\/educatespilar.com\/es\/wp-json\/wp\/v2\/categories?post=301"},{"taxonomy":"post_tag","embeddable":true,"href":"https:\/\/educatespilar.com\/es\/wp-json\/wp\/v2\/tags?post=301"}],"curies":[{"name":"wp","href":"https:\/\/api.w.org\/{rel}","templated":true}]}}