{"id":298,"date":"2026-01-05T07:06:06","date_gmt":"2026-01-05T07:06:06","guid":{"rendered":"https:\/\/educatespilar.com\/?p=298"},"modified":"2026-01-05T15:06:35","modified_gmt":"2026-01-05T15:06:35","slug":"el-mundo-de-la-voluntad-y-la-legalidad-de-la-formacion-de-la-voluntad","status":"publish","type":"post","link":"https:\/\/educatespilar.com\/es\/el-mundo-de-la-voluntad-y-la-legalidad-de-la-formacion-de-la-voluntad\/","title":{"rendered":"El mundo de la voluntad y la legalidad de la formaci\u00f3n de la voluntad"},"content":{"rendered":"<p><img data-recalc-dims=\"1\" decoding=\"async\" loading=\"lazy\" class=\"alignnone size-medium wp-image-299\" src=\"https:\/\/i0.wp.com\/educatespilar.com\/wp-content\/uploads\/2026\/01\/primer-plano-de-una-persona-sosteniendo-la-biblia-con-globo-de-escritorio-en-la-parte-superior.jpg?resize=300%2C200&#038;ssl=1\" alt=\"\" width=\"300\" height=\"200\" srcset=\"https:\/\/i0.wp.com\/educatespilar.com\/wp-content\/uploads\/2026\/01\/primer-plano-de-una-persona-sosteniendo-la-biblia-con-globo-de-escritorio-en-la-parte-superior-scaled.jpg?resize=300%2C200&amp;ssl=1 300w, https:\/\/i0.wp.com\/educatespilar.com\/wp-content\/uploads\/2026\/01\/primer-plano-de-una-persona-sosteniendo-la-biblia-con-globo-de-escritorio-en-la-parte-superior-scaled.jpg?resize=1024%2C684&amp;ssl=1 1024w, https:\/\/i0.wp.com\/educatespilar.com\/wp-content\/uploads\/2026\/01\/primer-plano-de-una-persona-sosteniendo-la-biblia-con-globo-de-escritorio-en-la-parte-superior-scaled.jpg?resize=768%2C513&amp;ssl=1 768w, https:\/\/i0.wp.com\/educatespilar.com\/wp-content\/uploads\/2026\/01\/primer-plano-de-una-persona-sosteniendo-la-biblia-con-globo-de-escritorio-en-la-parte-superior-scaled.jpg?resize=1536%2C1025&amp;ssl=1 1536w, https:\/\/i0.wp.com\/educatespilar.com\/wp-content\/uploads\/2026\/01\/primer-plano-de-una-persona-sosteniendo-la-biblia-con-globo-de-escritorio-en-la-parte-superior-scaled.jpg?resize=2048%2C1367&amp;ssl=1 2048w, https:\/\/i0.wp.com\/educatespilar.com\/wp-content\/uploads\/2026\/01\/primer-plano-de-una-persona-sosteniendo-la-biblia-con-globo-de-escritorio-en-la-parte-superior-scaled.jpg?resize=18%2C12&amp;ssl=1 18w, https:\/\/i0.wp.com\/educatespilar.com\/wp-content\/uploads\/2026\/01\/primer-plano-de-una-persona-sosteniendo-la-biblia-con-globo-de-escritorio-en-la-parte-superior-scaled.jpg?resize=600%2C401&amp;ssl=1 600w\" sizes=\"auto, (max-width: 300px) 100vw, 300px\" \/><\/p>\n<p><span style=\"font-weight: 400;\">El segundo terreno capital de la educaci\u00f3n es el de la formaci\u00f3n de la voluntad. La voluntad se eleva sobre el conocimiento causal (naturaleza), en tanto que ha de encontrar una decisi\u00f3n all\u00ed donde la pregunta de la reflexi\u00f3n causal no nos es resuelta. Pues s\u00f3lo as\u00ed permanece pendiente de discusi\u00f3n una elecci\u00f3n (por tanto, algo que hay que querer), como una irresoluci\u00f3n, no en s\u00ed, sino para nosotros. Pero el principio de la resoluci\u00f3n pr\u00e1ctica no puede ser otro m\u00e1s que el principio decisivo de una cuesti\u00f3n te\u00f3rica: la resoluci\u00f3n debe decidir siempre en el sentido de la m\u00e1s pura armon\u00eda visible, de la unidad plena interior en el c\u00edrculo que nosotros superamos. Pero esta unidad se ampl\u00eda siempre m\u00e1s extensamente en el c\u00edrculo de las reflexiones. En \u00faltimo t\u00e9rmino ser\u00eda la armon\u00eda general en todo el dominio de la conciencia, y no solamente para el individuo, sino para una comunidad, entendida en la m\u00e1s amplia extensi\u00f3n. Este fin es un punto infinito donde no tiene l\u00edmites la extensi\u00f3n de la conciencia. Este fin permanece, por tanto, un mero punto de vista, una \u00abidea\u00bb; pero tiene un sentido positivo, a saber: el de determinar previamente la direcci\u00f3n del proceso del conocimiento pr\u00e1ctico y someterlo <\/span><i><span style=\"font-weight: 400;\">a<\/span><\/i><span style=\"font-weight: 400;\"> priori a una ley, a un m\u00e9todo. La relaci\u00f3n del conocimiento pr\u00e1ctico fundido as\u00ed (del conocimiento de lo que debe ser o de lo que debe acontecer) con lo te\u00f3rico (conocimiento de lo que es o de lo que acontece), no es meramente negativa, sino que debe decidir algo para la voluntad, all\u00ed donde el conocimiento te\u00f3rico, seg\u00fan la ley de la causalidad, no proporciona ninguna decisi\u00f3n; es, pues, completamente positiva. Lo que debe ser, no es, ciertamente; pero, sin embargo, debe ser, debe llegar a ser real; por tanto, debe ser manifestado en la relaci\u00f3n causal, en la cual solamente algo deviene real; esto es, la voluntad permanece indicada completamente, seg\u00fan su materia, en la experiencia. Toda realizaci\u00f3n de lo querido acontece seg\u00fan la ley de la causalidad; cae, por tanto, bajo el concepto amplio de la T\u00e9cnica (\u00a7 10), la cual pertenece el dominio del intelecto, pero se somete al mismo tiempo en toda su extensi\u00f3n a la ley propia de la voluntad. El deber significa, en su comprensi\u00f3n m\u00e1s usual, la relaci\u00f3n del medio al fin propuesto: esto y esto debe acontecer, a fin de que esto y esto (lo que se ha propuesto como fin) se alcance mediante esto (deber condicionado). Sobre esto decide en general la T\u00e9cnica. Pero por encima de esto se levanta necesariamente la pregunta de por qu\u00e9 debe ser el fin, y cuando \u00e9ste es considerado nuevamente como medio para otro fin, la pregunta se dirige nuevamente a \u00e9ste, y as\u00ed sucesivamente hasta llegar a un fin incondicionado de la unidad general de la conciencia. Este es, por tanto, el \u00faltimo fin; pero ya no es un fin alcanzable emp\u00edricamente, sino infinito, el cual determina la direcci\u00f3n del camino (la cual es siempre una elevaci\u00f3n superior de nuestros fines) ajustada a lo finito. Ahora bien, el fin es, frente al medio, lo previamente querido; el medio es querido porque de hecho previamente es querido el fin; por tanto, aquel \u00faltimo fin es m\u00e1s bien la primera determinaci\u00f3n en todo querer.<\/span><\/p>\n<p><span style=\"font-weight: 400;\">La voluntad est\u00e1 determinada originariamente y como tal mediante su propia ley, esto es, la ley final; no est\u00e1 determinada de un modo previo, temporal y causalmente, por el impulso del placer o por el de conservaci\u00f3n. Todo impulso aspira en absoluto a satisfacerse; mas por esto no es el sentimiento de satisfacci\u00f3n (tomado previamente quiz\u00e1 en la representaci\u00f3n) su agente originario. Precisamente el mayor impulso que se eleva puede esperar la menor satisfacci\u00f3n (porque es realizaci\u00f3n) y no puede preguntar nada de esto. La tendencia, como tal, es, en primer t\u00e9rmino, no satisfacci\u00f3n; la satisfacci\u00f3n seria la muerte del impulso; por tanto, impulsarla a su satisfacci\u00f3n ser\u00eda impulsarla a su propia muerte; fundamentalmente no tender\u00eda a nada y ser\u00eda mejor que no existiera impulso alguno. Tal es el motivo concebible del pesimismo. Por tanto, debe ser m\u00e1s bien la \u00abcosa\u00bb seg\u00fan lo que ello impulsa. Pero lo que esta \u00abcosa\u00bb sea est\u00e1 claramente explicado mediante las reflexiones previas. \u00c9stas han mostrado que el fin concreto determinado se somete a una relaci\u00f3n constante con la evoluci\u00f3n del impulso; pero esta evoluci\u00f3n pertenece a la ley racional de la ampliaci\u00f3n perif\u00e9rica constante y al mismo tiempo a la profundidad central del impulso. Como consecuencia de esto, el impulso no tiende precisamente a llenarse y a borrarse en su cumplimiento, sino m\u00e1s bien a afirmarse como impulso y a elevarse constantemente al fin seg\u00fan la intensidad. El principio del querer, fundado as\u00ed, es un principio puramente formal; debe ser meramente formal, pues ning\u00fan fin material del querer podr\u00eda valer incondicionalmente, sino s\u00f3lo el principio formal de la armon\u00eda interior del impulso. Pero este principio formal se dirige de hecho a dar una resoluci\u00f3n segura a la exposici\u00f3n, suficientemente clara, de la pregunta, no acerca de lo que es rectamente pr\u00e1ctico, sino de lo que es recto en la situaci\u00f3n dada, a saber: lo que descansa en la direcci\u00f3n de la afirmaci\u00f3n progresiva y en la elevaci\u00f3n infinita del impulso mismo. Pero la conexi\u00f3n entre el querer y el entender, entre la idea y la experiencia es, seg\u00fan esto, una conexi\u00f3n completa hasta que llega a alcanzar una ra\u00edz \u00faltima com\u00fan. Se repite el proceso gradual general de lo inmediatamente sensible (aqu\u00ed se refiere al impulso) mediante la elecci\u00f3n razonable (juicio pr\u00e1ctico, ley pr\u00e1ctica, objetivaci\u00f3n pr\u00e1ctica, presentaci\u00f3n de una \u00abcosa\u00bb a la cual se subordina la tendencia de la persona, voluntad en su riguroso sentido), hasta llegar a la raz\u00f3n (a la voluntad racional), esto es, al entender consciente, a la unidad general de la conciencia pr\u00e1ctica, lo cual concurre con la conciencia cr\u00edtica del valor, siempre condicionado, de nuestro querer emp\u00edrico y de la infinidad de su problema; esto es, con la conciencia moral. Y este proceso gradual vale tanto para el individuo como para la comunidad; consiguientemente, se aplica a la educaci\u00f3n de la voluntad del individuo en la comunidad y mediante ella.<\/span><\/p>\n<p>&nbsp;<\/p>\n","protected":false},"excerpt":{"rendered":"<p>El segundo terreno capital de la educaci\u00f3n es el de la formaci\u00f3n de la voluntad. La voluntad se eleva sobre el conocimiento causal (naturaleza), en tanto que ha de encontrar una decisi\u00f3n all\u00ed donde la pregunta de la reflexi\u00f3n causal no nos es resuelta. Pues s\u00f3lo as\u00ed permanece pendiente de discusi\u00f3n una elecci\u00f3n (por tanto, [&hellip;]<\/p>\n","protected":false},"author":2,"featured_media":299,"comment_status":"closed","ping_status":"closed","sticky":false,"template":"","format":"standard","meta":{"nf_dc_page":"","_jetpack_memberships_contains_paid_content":false,"footnotes":""},"categories":[9],"tags":[124,126,125],"class_list":["post-298","post","type-post","status-publish","format-standard","has-post-thumbnail","hentry","category-educacion","tag-formacion","tag-legalidad","tag-voluntad"],"yoast_head":"<!-- This site is optimized with the Yoast SEO plugin v27.4 - https:\/\/yoast.com\/product\/yoast-seo-wordpress\/ -->\n<title>El mundo de la voluntad y la legalidad de la formaci\u00f3n de la voluntad - EducatesPilar.com<\/title>\n<meta name=\"robots\" content=\"index, follow, max-snippet:-1, max-image-preview:large, max-video-preview:-1\" \/>\n<link rel=\"canonical\" href=\"https:\/\/educatespilar.com\/es\/el-mundo-de-la-voluntad-y-la-legalidad-de-la-formacion-de-la-voluntad\/\" \/>\n<meta property=\"og:locale\" content=\"es_ES\" \/>\n<meta property=\"og:type\" content=\"article\" \/>\n<meta property=\"og:title\" content=\"El mundo de la voluntad y la legalidad de la formaci\u00f3n de la voluntad - EducatesPilar.com\" \/>\n<meta property=\"og:description\" content=\"El segundo terreno capital de la educaci\u00f3n es el de la formaci\u00f3n de la voluntad. La voluntad se eleva sobre el conocimiento causal (naturaleza), en tanto que ha de encontrar una decisi\u00f3n all\u00ed donde la pregunta de la reflexi\u00f3n causal no nos es resuelta. Pues s\u00f3lo as\u00ed permanece pendiente de discusi\u00f3n una elecci\u00f3n (por tanto, [&hellip;]\" \/>\n<meta property=\"og:url\" content=\"https:\/\/educatespilar.com\/es\/el-mundo-de-la-voluntad-y-la-legalidad-de-la-formacion-de-la-voluntad\/\" \/>\n<meta property=\"og:site_name\" content=\"EducatesPilar.com\" \/>\n<meta property=\"article:published_time\" content=\"2026-01-05T07:06:06+00:00\" \/>\n<meta property=\"article:modified_time\" content=\"2026-01-05T15:06:35+00:00\" \/>\n<meta property=\"og:image\" content=\"https:\/\/educatespilar.com\/wp-content\/uploads\/2026\/01\/primer-plano-de-una-persona-sosteniendo-la-biblia-con-globo-de-escritorio-en-la-parte-superior-scaled.jpg\" \/>\n\t<meta property=\"og:image:width\" content=\"2560\" \/>\n\t<meta property=\"og:image:height\" content=\"1709\" \/>\n\t<meta property=\"og:image:type\" content=\"image\/jpeg\" \/>\n<meta name=\"author\" content=\"educates\" \/>\n<meta name=\"twitter:card\" content=\"summary_large_image\" \/>\n<meta name=\"twitter:label1\" content=\"Escrito por\" \/>\n\t<meta name=\"twitter:data1\" content=\"educates\" \/>\n\t<meta name=\"twitter:label2\" content=\"Tiempo de lectura\" \/>\n\t<meta name=\"twitter:data2\" content=\"5 minutos\" \/>\n<script type=\"application\/ld+json\" class=\"yoast-schema-graph\">{\"@context\":\"https:\\\/\\\/schema.org\",\"@graph\":[{\"@type\":\"Article\",\"@id\":\"https:\\\/\\\/educatespilar.com\\\/el-mundo-de-la-voluntad-y-la-legalidad-de-la-formacion-de-la-voluntad\\\/#article\",\"isPartOf\":{\"@id\":\"https:\\\/\\\/educatespilar.com\\\/el-mundo-de-la-voluntad-y-la-legalidad-de-la-formacion-de-la-voluntad\\\/\"},\"author\":{\"name\":\"educates\",\"@id\":\"https:\\\/\\\/tzs.pgq.temporary.site\\\/website_c18d3ae6\\\/#\\\/schema\\\/person\\\/655446504db2a404e6921d90ab7c0a0f\"},\"headline\":\"El mundo de la voluntad y la legalidad de la formaci\u00f3n de la voluntad\",\"datePublished\":\"2026-01-05T07:06:06+00:00\",\"dateModified\":\"2026-01-05T15:06:35+00:00\",\"mainEntityOfPage\":{\"@id\":\"https:\\\/\\\/educatespilar.com\\\/el-mundo-de-la-voluntad-y-la-legalidad-de-la-formacion-de-la-voluntad\\\/\"},\"wordCount\":1139,\"image\":{\"@id\":\"https:\\\/\\\/educatespilar.com\\\/el-mundo-de-la-voluntad-y-la-legalidad-de-la-formacion-de-la-voluntad\\\/#primaryimage\"},\"thumbnailUrl\":\"https:\\\/\\\/i0.wp.com\\\/educatespilar.com\\\/wp-content\\\/uploads\\\/2026\\\/01\\\/primer-plano-de-una-persona-sosteniendo-la-biblia-con-globo-de-escritorio-en-la-parte-superior-scaled.jpg?fit=2560%2C1709&ssl=1\",\"keywords\":[\"formacion\",\"legalidad\",\"voluntad\"],\"articleSection\":[\"Educaci\u00f3n\"],\"inLanguage\":\"es-AR\"},{\"@type\":\"WebPage\",\"@id\":\"https:\\\/\\\/educatespilar.com\\\/el-mundo-de-la-voluntad-y-la-legalidad-de-la-formacion-de-la-voluntad\\\/\",\"url\":\"https:\\\/\\\/educatespilar.com\\\/el-mundo-de-la-voluntad-y-la-legalidad-de-la-formacion-de-la-voluntad\\\/\",\"name\":\"El mundo de la voluntad y la legalidad de la formaci\u00f3n de la voluntad - EducatesPilar.com\",\"isPartOf\":{\"@id\":\"https:\\\/\\\/tzs.pgq.temporary.site\\\/website_c18d3ae6\\\/#website\"},\"primaryImageOfPage\":{\"@id\":\"https:\\\/\\\/educatespilar.com\\\/el-mundo-de-la-voluntad-y-la-legalidad-de-la-formacion-de-la-voluntad\\\/#primaryimage\"},\"image\":{\"@id\":\"https:\\\/\\\/educatespilar.com\\\/el-mundo-de-la-voluntad-y-la-legalidad-de-la-formacion-de-la-voluntad\\\/#primaryimage\"},\"thumbnailUrl\":\"https:\\\/\\\/i0.wp.com\\\/educatespilar.com\\\/wp-content\\\/uploads\\\/2026\\\/01\\\/primer-plano-de-una-persona-sosteniendo-la-biblia-con-globo-de-escritorio-en-la-parte-superior-scaled.jpg?fit=2560%2C1709&ssl=1\",\"datePublished\":\"2026-01-05T07:06:06+00:00\",\"dateModified\":\"2026-01-05T15:06:35+00:00\",\"author\":{\"@id\":\"https:\\\/\\\/tzs.pgq.temporary.site\\\/website_c18d3ae6\\\/#\\\/schema\\\/person\\\/655446504db2a404e6921d90ab7c0a0f\"},\"breadcrumb\":{\"@id\":\"https:\\\/\\\/educatespilar.com\\\/el-mundo-de-la-voluntad-y-la-legalidad-de-la-formacion-de-la-voluntad\\\/#breadcrumb\"},\"inLanguage\":\"es-AR\",\"potentialAction\":[{\"@type\":\"ReadAction\",\"target\":[\"https:\\\/\\\/educatespilar.com\\\/el-mundo-de-la-voluntad-y-la-legalidad-de-la-formacion-de-la-voluntad\\\/\"]}]},{\"@type\":\"ImageObject\",\"inLanguage\":\"es-AR\",\"@id\":\"https:\\\/\\\/educatespilar.com\\\/el-mundo-de-la-voluntad-y-la-legalidad-de-la-formacion-de-la-voluntad\\\/#primaryimage\",\"url\":\"https:\\\/\\\/i0.wp.com\\\/educatespilar.com\\\/wp-content\\\/uploads\\\/2026\\\/01\\\/primer-plano-de-una-persona-sosteniendo-la-biblia-con-globo-de-escritorio-en-la-parte-superior-scaled.jpg?fit=2560%2C1709&ssl=1\",\"contentUrl\":\"https:\\\/\\\/i0.wp.com\\\/educatespilar.com\\\/wp-content\\\/uploads\\\/2026\\\/01\\\/primer-plano-de-una-persona-sosteniendo-la-biblia-con-globo-de-escritorio-en-la-parte-superior-scaled.jpg?fit=2560%2C1709&ssl=1\",\"width\":2560,\"height\":1709},{\"@type\":\"BreadcrumbList\",\"@id\":\"https:\\\/\\\/educatespilar.com\\\/el-mundo-de-la-voluntad-y-la-legalidad-de-la-formacion-de-la-voluntad\\\/#breadcrumb\",\"itemListElement\":[{\"@type\":\"ListItem\",\"position\":1,\"name\":\"Home\",\"item\":\"https:\\\/\\\/educatespilar.com\\\/\"},{\"@type\":\"ListItem\",\"position\":2,\"name\":\"El mundo de la voluntad y la legalidad de la formaci\u00f3n de la voluntad\"}]},{\"@type\":\"WebSite\",\"@id\":\"https:\\\/\\\/tzs.pgq.temporary.site\\\/website_c18d3ae6\\\/#website\",\"url\":\"https:\\\/\\\/tzs.pgq.temporary.site\\\/website_c18d3ae6\\\/\",\"name\":\"EducatesPilar.com\",\"description\":\"\",\"potentialAction\":[{\"@type\":\"SearchAction\",\"target\":{\"@type\":\"EntryPoint\",\"urlTemplate\":\"https:\\\/\\\/tzs.pgq.temporary.site\\\/website_c18d3ae6\\\/?s={search_term_string}\"},\"query-input\":{\"@type\":\"PropertyValueSpecification\",\"valueRequired\":true,\"valueName\":\"search_term_string\"}}],\"inLanguage\":\"es-AR\"},{\"@type\":\"Person\",\"@id\":\"https:\\\/\\\/tzs.pgq.temporary.site\\\/website_c18d3ae6\\\/#\\\/schema\\\/person\\\/655446504db2a404e6921d90ab7c0a0f\",\"name\":\"educates\",\"image\":{\"@type\":\"ImageObject\",\"inLanguage\":\"es-AR\",\"@id\":\"https:\\\/\\\/secure.gravatar.com\\\/avatar\\\/f1e844324149cf607705bdc3821ac52f5613382cc275e3a009bc73539c52a819?s=96&d=mm&r=g\",\"url\":\"https:\\\/\\\/secure.gravatar.com\\\/avatar\\\/f1e844324149cf607705bdc3821ac52f5613382cc275e3a009bc73539c52a819?s=96&d=mm&r=g\",\"contentUrl\":\"https:\\\/\\\/secure.gravatar.com\\\/avatar\\\/f1e844324149cf607705bdc3821ac52f5613382cc275e3a009bc73539c52a819?s=96&d=mm&r=g\",\"caption\":\"educates\"},\"url\":\"https:\\\/\\\/educatespilar.com\\\/es\\\/author\\\/educates\\\/\"}]}<\/script>\n<!-- \/ Yoast SEO plugin. -->","yoast_head_json":{"title":"El mundo de la voluntad y la legalidad de la formaci\u00f3n de la voluntad - EducatesPilar.com","robots":{"index":"index","follow":"follow","max-snippet":"max-snippet:-1","max-image-preview":"max-image-preview:large","max-video-preview":"max-video-preview:-1"},"canonical":"https:\/\/educatespilar.com\/es\/el-mundo-de-la-voluntad-y-la-legalidad-de-la-formacion-de-la-voluntad\/","og_locale":"es_ES","og_type":"article","og_title":"El mundo de la voluntad y la legalidad de la formaci\u00f3n de la voluntad - EducatesPilar.com","og_description":"El segundo terreno capital de la educaci\u00f3n es el de la formaci\u00f3n de la voluntad. La voluntad se eleva sobre el conocimiento causal (naturaleza), en tanto que ha de encontrar una decisi\u00f3n all\u00ed donde la pregunta de la reflexi\u00f3n causal no nos es resuelta. Pues s\u00f3lo as\u00ed permanece pendiente de discusi\u00f3n una elecci\u00f3n (por tanto, [&hellip;]","og_url":"https:\/\/educatespilar.com\/es\/el-mundo-de-la-voluntad-y-la-legalidad-de-la-formacion-de-la-voluntad\/","og_site_name":"EducatesPilar.com","article_published_time":"2026-01-05T07:06:06+00:00","article_modified_time":"2026-01-05T15:06:35+00:00","og_image":[{"width":2560,"height":1709,"url":"https:\/\/educatespilar.com\/wp-content\/uploads\/2026\/01\/primer-plano-de-una-persona-sosteniendo-la-biblia-con-globo-de-escritorio-en-la-parte-superior-scaled.jpg","type":"image\/jpeg"}],"author":"educates","twitter_card":"summary_large_image","twitter_misc":{"Escrito por":"educates","Tiempo de lectura":"5 minutos"},"schema":{"@context":"https:\/\/schema.org","@graph":[{"@type":"Article","@id":"https:\/\/educatespilar.com\/el-mundo-de-la-voluntad-y-la-legalidad-de-la-formacion-de-la-voluntad\/#article","isPartOf":{"@id":"https:\/\/educatespilar.com\/el-mundo-de-la-voluntad-y-la-legalidad-de-la-formacion-de-la-voluntad\/"},"author":{"name":"educates","@id":"https:\/\/tzs.pgq.temporary.site\/website_c18d3ae6\/#\/schema\/person\/655446504db2a404e6921d90ab7c0a0f"},"headline":"El mundo de la voluntad y la legalidad de la formaci\u00f3n de la voluntad","datePublished":"2026-01-05T07:06:06+00:00","dateModified":"2026-01-05T15:06:35+00:00","mainEntityOfPage":{"@id":"https:\/\/educatespilar.com\/el-mundo-de-la-voluntad-y-la-legalidad-de-la-formacion-de-la-voluntad\/"},"wordCount":1139,"image":{"@id":"https:\/\/educatespilar.com\/el-mundo-de-la-voluntad-y-la-legalidad-de-la-formacion-de-la-voluntad\/#primaryimage"},"thumbnailUrl":"https:\/\/i0.wp.com\/educatespilar.com\/wp-content\/uploads\/2026\/01\/primer-plano-de-una-persona-sosteniendo-la-biblia-con-globo-de-escritorio-en-la-parte-superior-scaled.jpg?fit=2560%2C1709&ssl=1","keywords":["formacion","legalidad","voluntad"],"articleSection":["Educaci\u00f3n"],"inLanguage":"es-AR"},{"@type":"WebPage","@id":"https:\/\/educatespilar.com\/el-mundo-de-la-voluntad-y-la-legalidad-de-la-formacion-de-la-voluntad\/","url":"https:\/\/educatespilar.com\/el-mundo-de-la-voluntad-y-la-legalidad-de-la-formacion-de-la-voluntad\/","name":"El mundo de la voluntad y la legalidad de la formaci\u00f3n de la voluntad - EducatesPilar.com","isPartOf":{"@id":"https:\/\/tzs.pgq.temporary.site\/website_c18d3ae6\/#website"},"primaryImageOfPage":{"@id":"https:\/\/educatespilar.com\/el-mundo-de-la-voluntad-y-la-legalidad-de-la-formacion-de-la-voluntad\/#primaryimage"},"image":{"@id":"https:\/\/educatespilar.com\/el-mundo-de-la-voluntad-y-la-legalidad-de-la-formacion-de-la-voluntad\/#primaryimage"},"thumbnailUrl":"https:\/\/i0.wp.com\/educatespilar.com\/wp-content\/uploads\/2026\/01\/primer-plano-de-una-persona-sosteniendo-la-biblia-con-globo-de-escritorio-en-la-parte-superior-scaled.jpg?fit=2560%2C1709&ssl=1","datePublished":"2026-01-05T07:06:06+00:00","dateModified":"2026-01-05T15:06:35+00:00","author":{"@id":"https:\/\/tzs.pgq.temporary.site\/website_c18d3ae6\/#\/schema\/person\/655446504db2a404e6921d90ab7c0a0f"},"breadcrumb":{"@id":"https:\/\/educatespilar.com\/el-mundo-de-la-voluntad-y-la-legalidad-de-la-formacion-de-la-voluntad\/#breadcrumb"},"inLanguage":"es-AR","potentialAction":[{"@type":"ReadAction","target":["https:\/\/educatespilar.com\/el-mundo-de-la-voluntad-y-la-legalidad-de-la-formacion-de-la-voluntad\/"]}]},{"@type":"ImageObject","inLanguage":"es-AR","@id":"https:\/\/educatespilar.com\/el-mundo-de-la-voluntad-y-la-legalidad-de-la-formacion-de-la-voluntad\/#primaryimage","url":"https:\/\/i0.wp.com\/educatespilar.com\/wp-content\/uploads\/2026\/01\/primer-plano-de-una-persona-sosteniendo-la-biblia-con-globo-de-escritorio-en-la-parte-superior-scaled.jpg?fit=2560%2C1709&ssl=1","contentUrl":"https:\/\/i0.wp.com\/educatespilar.com\/wp-content\/uploads\/2026\/01\/primer-plano-de-una-persona-sosteniendo-la-biblia-con-globo-de-escritorio-en-la-parte-superior-scaled.jpg?fit=2560%2C1709&ssl=1","width":2560,"height":1709},{"@type":"BreadcrumbList","@id":"https:\/\/educatespilar.com\/el-mundo-de-la-voluntad-y-la-legalidad-de-la-formacion-de-la-voluntad\/#breadcrumb","itemListElement":[{"@type":"ListItem","position":1,"name":"Home","item":"https:\/\/educatespilar.com\/"},{"@type":"ListItem","position":2,"name":"El mundo de la voluntad y la legalidad de la formaci\u00f3n de la voluntad"}]},{"@type":"WebSite","@id":"https:\/\/tzs.pgq.temporary.site\/website_c18d3ae6\/#website","url":"https:\/\/tzs.pgq.temporary.site\/website_c18d3ae6\/","name":"EducatesPilar.com","description":"","potentialAction":[{"@type":"SearchAction","target":{"@type":"EntryPoint","urlTemplate":"https:\/\/tzs.pgq.temporary.site\/website_c18d3ae6\/?s={search_term_string}"},"query-input":{"@type":"PropertyValueSpecification","valueRequired":true,"valueName":"search_term_string"}}],"inLanguage":"es-AR"},{"@type":"Person","@id":"https:\/\/tzs.pgq.temporary.site\/website_c18d3ae6\/#\/schema\/person\/655446504db2a404e6921d90ab7c0a0f","name":"educates","image":{"@type":"ImageObject","inLanguage":"es-AR","@id":"https:\/\/secure.gravatar.com\/avatar\/f1e844324149cf607705bdc3821ac52f5613382cc275e3a009bc73539c52a819?s=96&d=mm&r=g","url":"https:\/\/secure.gravatar.com\/avatar\/f1e844324149cf607705bdc3821ac52f5613382cc275e3a009bc73539c52a819?s=96&d=mm&r=g","contentUrl":"https:\/\/secure.gravatar.com\/avatar\/f1e844324149cf607705bdc3821ac52f5613382cc275e3a009bc73539c52a819?s=96&d=mm&r=g","caption":"educates"},"url":"https:\/\/educatespilar.com\/es\/author\/educates\/"}]}},"jetpack_featured_media_url":"https:\/\/i0.wp.com\/educatespilar.com\/wp-content\/uploads\/2026\/01\/primer-plano-de-una-persona-sosteniendo-la-biblia-con-globo-de-escritorio-en-la-parte-superior-scaled.jpg?fit=2560%2C1709&ssl=1","jetpack_sharing_enabled":true,"_links":{"self":[{"href":"https:\/\/educatespilar.com\/es\/wp-json\/wp\/v2\/posts\/298","targetHints":{"allow":["GET"]}}],"collection":[{"href":"https:\/\/educatespilar.com\/es\/wp-json\/wp\/v2\/posts"}],"about":[{"href":"https:\/\/educatespilar.com\/es\/wp-json\/wp\/v2\/types\/post"}],"author":[{"embeddable":true,"href":"https:\/\/educatespilar.com\/es\/wp-json\/wp\/v2\/users\/2"}],"replies":[{"embeddable":true,"href":"https:\/\/educatespilar.com\/es\/wp-json\/wp\/v2\/comments?post=298"}],"version-history":[{"count":1,"href":"https:\/\/educatespilar.com\/es\/wp-json\/wp\/v2\/posts\/298\/revisions"}],"predecessor-version":[{"id":300,"href":"https:\/\/educatespilar.com\/es\/wp-json\/wp\/v2\/posts\/298\/revisions\/300"}],"wp:featuredmedia":[{"embeddable":true,"href":"https:\/\/educatespilar.com\/es\/wp-json\/wp\/v2\/media\/299"}],"wp:attachment":[{"href":"https:\/\/educatespilar.com\/es\/wp-json\/wp\/v2\/media?parent=298"}],"wp:term":[{"taxonomy":"category","embeddable":true,"href":"https:\/\/educatespilar.com\/es\/wp-json\/wp\/v2\/categories?post=298"},{"taxonomy":"post_tag","embeddable":true,"href":"https:\/\/educatespilar.com\/es\/wp-json\/wp\/v2\/tags?post=298"}],"curies":[{"name":"wp","href":"https:\/\/api.w.org\/{rel}","templated":true}]}}