{"id":291,"date":"2025-12-29T07:18:51","date_gmt":"2025-12-29T07:18:51","guid":{"rendered":"https:\/\/educatespilar.com\/?p=291"},"modified":"2025-12-29T17:30:46","modified_gmt":"2025-12-29T17:30:46","slug":"problemas-actuales-de-la-educacion","status":"publish","type":"post","link":"https:\/\/educatespilar.com\/es\/problemas-actuales-de-la-educacion\/","title":{"rendered":"PROBLEMAS ACTUALES DE LA EDUCACI\u00d3N"},"content":{"rendered":"<p><img data-recalc-dims=\"1\" decoding=\"async\" loading=\"lazy\" class=\"alignnone size-medium wp-image-292\" src=\"https:\/\/i0.wp.com\/educatespilar.com\/wp-content\/uploads\/2025\/12\/worried-student-classroom.jpg?resize=300%2C200&#038;ssl=1\" alt=\"\" width=\"300\" height=\"200\" srcset=\"https:\/\/i0.wp.com\/educatespilar.com\/wp-content\/uploads\/2025\/12\/worried-student-classroom-scaled.jpg?resize=300%2C200&amp;ssl=1 300w, https:\/\/i0.wp.com\/educatespilar.com\/wp-content\/uploads\/2025\/12\/worried-student-classroom-scaled.jpg?resize=1024%2C683&amp;ssl=1 1024w, https:\/\/i0.wp.com\/educatespilar.com\/wp-content\/uploads\/2025\/12\/worried-student-classroom-scaled.jpg?resize=768%2C512&amp;ssl=1 768w, https:\/\/i0.wp.com\/educatespilar.com\/wp-content\/uploads\/2025\/12\/worried-student-classroom-scaled.jpg?resize=1536%2C1024&amp;ssl=1 1536w, https:\/\/i0.wp.com\/educatespilar.com\/wp-content\/uploads\/2025\/12\/worried-student-classroom-scaled.jpg?resize=2048%2C1365&amp;ssl=1 2048w, https:\/\/i0.wp.com\/educatespilar.com\/wp-content\/uploads\/2025\/12\/worried-student-classroom-scaled.jpg?resize=18%2C12&amp;ssl=1 18w, https:\/\/i0.wp.com\/educatespilar.com\/wp-content\/uploads\/2025\/12\/worried-student-classroom-scaled.jpg?resize=600%2C400&amp;ssl=1 600w\" sizes=\"auto, (max-width: 300px) 100vw, 300px\" \/><\/p>\n<p><span style=\"font-weight: 400;\">La educaci\u00f3n es un reflejo o producto de la situaci\u00f3n espiritual de cada pueblo y cada \u00e9poca. Claro es que, a su vez, ella influye en esta situaci\u00f3n modific\u00e1ndola o transform\u00e1ndola. Nos limitamos al primer aspecto. As\u00ed, seg\u00fan sea el ambiente o contorno espiritual, ser\u00e1 la educaci\u00f3n. \u00bfCu\u00e1l es la situaci\u00f3n espiritual de nuestra \u00e9poca? El diagn\u00f3stico es dif\u00edcil. Pero haci\u00e9ndolo vemos en ella la carencia de un ideal, de una unidad espiritual, y la multiplicidad de aspiraciones que producen tensiones y antagonismos.<\/span><\/p>\n<p><span style=\"font-weight: 400;\">En el orden de la pol\u00edtica nos encontramos con la oposici\u00f3n de la concepci\u00f3n democr\u00e1tica y liberal del mundo occidental con la totalitaria y autoritaria del oriental. En el campo de la cultura tenemos la pluralidad de concepciones del mundo y de la vida que suponen el cristianismo, el racionalismo, el materialismo, etc., que luchan asimismo por la supremac\u00eda, sin llegar a una unidad. Tenemos la competici\u00f3n o carrera por el dominio de la energ\u00eda nuclear y de las armas at\u00f3micas, tambi\u00e9n con fines pol\u00edticos, aunque a veces disfrazados con intenciones culturales y cient\u00edficas. Finalmente, en la esfera social vemos la agudizaci\u00f3n de las luchas sociales, con la proletarizaci\u00f3n de la clase media y la paulatina elevaci\u00f3n de las clases obreras en la vida econ\u00f3mica y pol\u00edtica.<\/span><\/p>\n<p><span style=\"font-weight: 400;\">En suma, no existe en nuestra \u00e9poca una unidad espiritual, pol\u00edtica y social. \u00bfEs esto un bien o un mal?<\/span><\/p>\n<p><span style=\"font-weight: 400;\">Estas divergencias y antagonismos nos revelan que nuestro tiempo se halla en un per\u00edodo de crisis, entendiendo por \u00e9sta no un fen\u00f3meno in-s\u00f3lito y pasajero, sino un factor permanente de la historia, que en unos momentos es m\u00e1s perceptible que en otros. Por otra parte, hay que tener en cuenta el cambio acelerado de nuestra cultura y sociedad actuales. Lo que hoy nos parece definitivo, en pocos a\u00f1os se nos presenta como pasado. A semejanza de lo que ocurre con los ingredientes electr\u00f3nicos en la producci\u00f3n industrial actual, o con la energ\u00eda nuclear.<\/span><\/p>\n<p><span style=\"font-weight: 400;\">Finalmente, en el orden pol\u00edtico tenemos la aparici\u00f3n de nuevos nacionalismos, que rompen el equilibrio del mundo. Todos estos factores y otros m\u00e1s que podr\u00edan se\u00f1alarse, como la continua elevaci\u00f3n del nivel de vida de las masas trabajadoras y la ya indica-da influencia de \u00e9stas en la vida pol\u00edtica, dan a nuestra \u00e9poca una fisonom\u00eda peculiar esencial-mente diferente de otras inmediatamente anteriores.<\/span><\/p>\n<p><span style=\"font-weight: 400;\">La educaci\u00f3n de nuestro tiempo refleja, por supuesto, esta situaci\u00f3n espiritual divergente, antag\u00f3nica y acelerada en sus cambios. Tratemos de ver c\u00f3mo lo hace. En primer lugar, tenemos las diferencias de valoraci\u00f3n de lo individual y lo social en la educaci\u00f3n. Mientras que en la occidental se sigue respetando el valor de la personalidad en la educaci\u00f3n, en la oriental se acent\u00faa cada vez m\u00e1s lo colectivo y estatal. Claro es que ambas concepciones no son nunca puras, pues mientras que en algunos pueblos occidentales no se res-petan los derechos individuales ni la educaci\u00f3n, en otros se exageran. En relaci\u00f3n con esto, se halla tambi\u00e9n el papel que desempe\u00f1an en la educaci\u00f3n la libertad y la autoridad, lo que se ve igualmente en la diferente importancia que se les confiere. As\u00ed, mientras que en la educaci\u00f3n brit\u00e1nica reina un ambiente de libertad y autonom\u00eda, en otros pa\u00edses como Francia todo est\u00e1 sometido a un r\u00e9gimen estatista y burocr\u00e1tico.<\/span><\/p>\n<p><span style=\"font-weight: 400;\">Asimismo, advertimos que existe oposici\u00f3n entre los que consideran la educaci\u00f3n como un factor din\u00e1mico que mira al porvenir y trata de mejorar las condiciones actuales, y otros que la ven cual algo est\u00e1tico que quiere s\u00f3lo conservar la tradici\u00f3n y el pasado. Es decir, el antagonismo entre los innovadores y los conservadores en la educaci\u00f3n. Finalmente, existe hoy la preocupaci\u00f3n por la ense\u00f1anza cient\u00edfica con motivo de la carrera por las armas at\u00f3micas. A pesar de estas divergencias y antagonismos hay ciertos puntos de convergencia en la educaci\u00f3n de nuestro tiempo.<\/span><\/p>\n","protected":false},"excerpt":{"rendered":"<p>La educaci\u00f3n es un reflejo o producto de la situaci\u00f3n espiritual de cada pueblo y cada \u00e9poca. Claro es que, a su vez, ella influye en esta situaci\u00f3n modific\u00e1ndola o transform\u00e1ndola. Nos limitamos al primer aspecto. As\u00ed, seg\u00fan sea el ambiente o contorno espiritual, ser\u00e1 la educaci\u00f3n. \u00bfCu\u00e1l es la situaci\u00f3n espiritual de nuestra \u00e9poca? [&hellip;]<\/p>\n","protected":false},"author":2,"featured_media":292,"comment_status":"closed","ping_status":"closed","sticky":false,"template":"","format":"standard","meta":{"nf_dc_page":"","_jetpack_memberships_contains_paid_content":false,"footnotes":""},"categories":[9],"tags":[26,122,119],"class_list":["post-291","post","type-post","status-publish","format-standard","has-post-thumbnail","hentry","category-educacion","tag-educacion","tag-educar","tag-problemas"],"yoast_head":"<!-- This site is optimized with the Yoast SEO plugin v27.4 - https:\/\/yoast.com\/product\/yoast-seo-wordpress\/ -->\n<title>PROBLEMAS ACTUALES DE LA EDUCACI\u00d3N - EducatesPilar.com<\/title>\n<meta name=\"robots\" content=\"index, follow, max-snippet:-1, max-image-preview:large, max-video-preview:-1\" \/>\n<link rel=\"canonical\" href=\"https:\/\/educatespilar.com\/es\/problemas-actuales-de-la-educacion\/\" \/>\n<meta property=\"og:locale\" content=\"es_ES\" \/>\n<meta property=\"og:type\" content=\"article\" \/>\n<meta property=\"og:title\" content=\"PROBLEMAS ACTUALES DE LA EDUCACI\u00d3N - EducatesPilar.com\" \/>\n<meta property=\"og:description\" content=\"La educaci\u00f3n es un reflejo o producto de la situaci\u00f3n espiritual de cada pueblo y cada \u00e9poca. Claro es que, a su vez, ella influye en esta situaci\u00f3n modific\u00e1ndola o transform\u00e1ndola. Nos limitamos al primer aspecto. As\u00ed, seg\u00fan sea el ambiente o contorno espiritual, ser\u00e1 la educaci\u00f3n. \u00bfCu\u00e1l es la situaci\u00f3n espiritual de nuestra \u00e9poca? [&hellip;]\" \/>\n<meta property=\"og:url\" content=\"https:\/\/educatespilar.com\/es\/problemas-actuales-de-la-educacion\/\" \/>\n<meta property=\"og:site_name\" content=\"EducatesPilar.com\" \/>\n<meta property=\"article:published_time\" content=\"2025-12-29T07:18:51+00:00\" \/>\n<meta property=\"article:modified_time\" content=\"2025-12-29T17:30:46+00:00\" \/>\n<meta property=\"og:image\" content=\"https:\/\/educatespilar.com\/wp-content\/uploads\/2025\/12\/worried-student-classroom-scaled.jpg\" \/>\n\t<meta property=\"og:image:width\" content=\"2560\" \/>\n\t<meta property=\"og:image:height\" content=\"1707\" \/>\n\t<meta property=\"og:image:type\" content=\"image\/jpeg\" \/>\n<meta name=\"author\" content=\"educates\" \/>\n<meta name=\"twitter:card\" content=\"summary_large_image\" \/>\n<meta name=\"twitter:label1\" content=\"Escrito por\" \/>\n\t<meta name=\"twitter:data1\" content=\"educates\" \/>\n\t<meta name=\"twitter:label2\" content=\"Tiempo de lectura\" \/>\n\t<meta name=\"twitter:data2\" content=\"4 minutos\" \/>\n<script type=\"application\/ld+json\" class=\"yoast-schema-graph\">{\"@context\":\"https:\\\/\\\/schema.org\",\"@graph\":[{\"@type\":\"Article\",\"@id\":\"https:\\\/\\\/educatespilar.com\\\/problemas-actuales-de-la-educacion\\\/#article\",\"isPartOf\":{\"@id\":\"https:\\\/\\\/educatespilar.com\\\/problemas-actuales-de-la-educacion\\\/\"},\"author\":{\"name\":\"educates\",\"@id\":\"https:\\\/\\\/tzs.pgq.temporary.site\\\/website_c18d3ae6\\\/#\\\/schema\\\/person\\\/655446504db2a404e6921d90ab7c0a0f\"},\"headline\":\"PROBLEMAS ACTUALES DE LA EDUCACI\u00d3N\",\"datePublished\":\"2025-12-29T07:18:51+00:00\",\"dateModified\":\"2025-12-29T17:30:46+00:00\",\"mainEntityOfPage\":{\"@id\":\"https:\\\/\\\/educatespilar.com\\\/problemas-actuales-de-la-educacion\\\/\"},\"wordCount\":718,\"image\":{\"@id\":\"https:\\\/\\\/educatespilar.com\\\/problemas-actuales-de-la-educacion\\\/#primaryimage\"},\"thumbnailUrl\":\"https:\\\/\\\/i0.wp.com\\\/educatespilar.com\\\/wp-content\\\/uploads\\\/2025\\\/12\\\/worried-student-classroom-scaled.jpg?fit=2560%2C1707&ssl=1\",\"keywords\":[\"educacion\",\"educar\",\"problemas\"],\"articleSection\":[\"Educaci\u00f3n\"],\"inLanguage\":\"es-AR\"},{\"@type\":\"WebPage\",\"@id\":\"https:\\\/\\\/educatespilar.com\\\/problemas-actuales-de-la-educacion\\\/\",\"url\":\"https:\\\/\\\/educatespilar.com\\\/problemas-actuales-de-la-educacion\\\/\",\"name\":\"PROBLEMAS ACTUALES DE LA EDUCACI\u00d3N - EducatesPilar.com\",\"isPartOf\":{\"@id\":\"https:\\\/\\\/tzs.pgq.temporary.site\\\/website_c18d3ae6\\\/#website\"},\"primaryImageOfPage\":{\"@id\":\"https:\\\/\\\/educatespilar.com\\\/problemas-actuales-de-la-educacion\\\/#primaryimage\"},\"image\":{\"@id\":\"https:\\\/\\\/educatespilar.com\\\/problemas-actuales-de-la-educacion\\\/#primaryimage\"},\"thumbnailUrl\":\"https:\\\/\\\/i0.wp.com\\\/educatespilar.com\\\/wp-content\\\/uploads\\\/2025\\\/12\\\/worried-student-classroom-scaled.jpg?fit=2560%2C1707&ssl=1\",\"datePublished\":\"2025-12-29T07:18:51+00:00\",\"dateModified\":\"2025-12-29T17:30:46+00:00\",\"author\":{\"@id\":\"https:\\\/\\\/tzs.pgq.temporary.site\\\/website_c18d3ae6\\\/#\\\/schema\\\/person\\\/655446504db2a404e6921d90ab7c0a0f\"},\"breadcrumb\":{\"@id\":\"https:\\\/\\\/educatespilar.com\\\/problemas-actuales-de-la-educacion\\\/#breadcrumb\"},\"inLanguage\":\"es-AR\",\"potentialAction\":[{\"@type\":\"ReadAction\",\"target\":[\"https:\\\/\\\/educatespilar.com\\\/problemas-actuales-de-la-educacion\\\/\"]}]},{\"@type\":\"ImageObject\",\"inLanguage\":\"es-AR\",\"@id\":\"https:\\\/\\\/educatespilar.com\\\/problemas-actuales-de-la-educacion\\\/#primaryimage\",\"url\":\"https:\\\/\\\/i0.wp.com\\\/educatespilar.com\\\/wp-content\\\/uploads\\\/2025\\\/12\\\/worried-student-classroom-scaled.jpg?fit=2560%2C1707&ssl=1\",\"contentUrl\":\"https:\\\/\\\/i0.wp.com\\\/educatespilar.com\\\/wp-content\\\/uploads\\\/2025\\\/12\\\/worried-student-classroom-scaled.jpg?fit=2560%2C1707&ssl=1\",\"width\":2560,\"height\":1707},{\"@type\":\"BreadcrumbList\",\"@id\":\"https:\\\/\\\/educatespilar.com\\\/problemas-actuales-de-la-educacion\\\/#breadcrumb\",\"itemListElement\":[{\"@type\":\"ListItem\",\"position\":1,\"name\":\"Home\",\"item\":\"https:\\\/\\\/educatespilar.com\\\/\"},{\"@type\":\"ListItem\",\"position\":2,\"name\":\"PROBLEMAS ACTUALES DE LA EDUCACI\u00d3N\"}]},{\"@type\":\"WebSite\",\"@id\":\"https:\\\/\\\/tzs.pgq.temporary.site\\\/website_c18d3ae6\\\/#website\",\"url\":\"https:\\\/\\\/tzs.pgq.temporary.site\\\/website_c18d3ae6\\\/\",\"name\":\"EducatesPilar.com\",\"description\":\"\",\"potentialAction\":[{\"@type\":\"SearchAction\",\"target\":{\"@type\":\"EntryPoint\",\"urlTemplate\":\"https:\\\/\\\/tzs.pgq.temporary.site\\\/website_c18d3ae6\\\/?s={search_term_string}\"},\"query-input\":{\"@type\":\"PropertyValueSpecification\",\"valueRequired\":true,\"valueName\":\"search_term_string\"}}],\"inLanguage\":\"es-AR\"},{\"@type\":\"Person\",\"@id\":\"https:\\\/\\\/tzs.pgq.temporary.site\\\/website_c18d3ae6\\\/#\\\/schema\\\/person\\\/655446504db2a404e6921d90ab7c0a0f\",\"name\":\"educates\",\"image\":{\"@type\":\"ImageObject\",\"inLanguage\":\"es-AR\",\"@id\":\"https:\\\/\\\/secure.gravatar.com\\\/avatar\\\/f1e844324149cf607705bdc3821ac52f5613382cc275e3a009bc73539c52a819?s=96&d=mm&r=g\",\"url\":\"https:\\\/\\\/secure.gravatar.com\\\/avatar\\\/f1e844324149cf607705bdc3821ac52f5613382cc275e3a009bc73539c52a819?s=96&d=mm&r=g\",\"contentUrl\":\"https:\\\/\\\/secure.gravatar.com\\\/avatar\\\/f1e844324149cf607705bdc3821ac52f5613382cc275e3a009bc73539c52a819?s=96&d=mm&r=g\",\"caption\":\"educates\"},\"url\":\"https:\\\/\\\/educatespilar.com\\\/es\\\/author\\\/educates\\\/\"}]}<\/script>\n<!-- \/ Yoast SEO plugin. -->","yoast_head_json":{"title":"PROBLEMAS ACTUALES DE LA EDUCACI\u00d3N - EducatesPilar.com","robots":{"index":"index","follow":"follow","max-snippet":"max-snippet:-1","max-image-preview":"max-image-preview:large","max-video-preview":"max-video-preview:-1"},"canonical":"https:\/\/educatespilar.com\/es\/problemas-actuales-de-la-educacion\/","og_locale":"es_ES","og_type":"article","og_title":"PROBLEMAS ACTUALES DE LA EDUCACI\u00d3N - EducatesPilar.com","og_description":"La educaci\u00f3n es un reflejo o producto de la situaci\u00f3n espiritual de cada pueblo y cada \u00e9poca. Claro es que, a su vez, ella influye en esta situaci\u00f3n modific\u00e1ndola o transform\u00e1ndola. Nos limitamos al primer aspecto. As\u00ed, seg\u00fan sea el ambiente o contorno espiritual, ser\u00e1 la educaci\u00f3n. \u00bfCu\u00e1l es la situaci\u00f3n espiritual de nuestra \u00e9poca? [&hellip;]","og_url":"https:\/\/educatespilar.com\/es\/problemas-actuales-de-la-educacion\/","og_site_name":"EducatesPilar.com","article_published_time":"2025-12-29T07:18:51+00:00","article_modified_time":"2025-12-29T17:30:46+00:00","og_image":[{"width":2560,"height":1707,"url":"https:\/\/educatespilar.com\/wp-content\/uploads\/2025\/12\/worried-student-classroom-scaled.jpg","type":"image\/jpeg"}],"author":"educates","twitter_card":"summary_large_image","twitter_misc":{"Escrito por":"educates","Tiempo de lectura":"4 minutos"},"schema":{"@context":"https:\/\/schema.org","@graph":[{"@type":"Article","@id":"https:\/\/educatespilar.com\/problemas-actuales-de-la-educacion\/#article","isPartOf":{"@id":"https:\/\/educatespilar.com\/problemas-actuales-de-la-educacion\/"},"author":{"name":"educates","@id":"https:\/\/tzs.pgq.temporary.site\/website_c18d3ae6\/#\/schema\/person\/655446504db2a404e6921d90ab7c0a0f"},"headline":"PROBLEMAS ACTUALES DE LA EDUCACI\u00d3N","datePublished":"2025-12-29T07:18:51+00:00","dateModified":"2025-12-29T17:30:46+00:00","mainEntityOfPage":{"@id":"https:\/\/educatespilar.com\/problemas-actuales-de-la-educacion\/"},"wordCount":718,"image":{"@id":"https:\/\/educatespilar.com\/problemas-actuales-de-la-educacion\/#primaryimage"},"thumbnailUrl":"https:\/\/i0.wp.com\/educatespilar.com\/wp-content\/uploads\/2025\/12\/worried-student-classroom-scaled.jpg?fit=2560%2C1707&ssl=1","keywords":["educacion","educar","problemas"],"articleSection":["Educaci\u00f3n"],"inLanguage":"es-AR"},{"@type":"WebPage","@id":"https:\/\/educatespilar.com\/problemas-actuales-de-la-educacion\/","url":"https:\/\/educatespilar.com\/problemas-actuales-de-la-educacion\/","name":"PROBLEMAS ACTUALES DE LA EDUCACI\u00d3N - EducatesPilar.com","isPartOf":{"@id":"https:\/\/tzs.pgq.temporary.site\/website_c18d3ae6\/#website"},"primaryImageOfPage":{"@id":"https:\/\/educatespilar.com\/problemas-actuales-de-la-educacion\/#primaryimage"},"image":{"@id":"https:\/\/educatespilar.com\/problemas-actuales-de-la-educacion\/#primaryimage"},"thumbnailUrl":"https:\/\/i0.wp.com\/educatespilar.com\/wp-content\/uploads\/2025\/12\/worried-student-classroom-scaled.jpg?fit=2560%2C1707&ssl=1","datePublished":"2025-12-29T07:18:51+00:00","dateModified":"2025-12-29T17:30:46+00:00","author":{"@id":"https:\/\/tzs.pgq.temporary.site\/website_c18d3ae6\/#\/schema\/person\/655446504db2a404e6921d90ab7c0a0f"},"breadcrumb":{"@id":"https:\/\/educatespilar.com\/problemas-actuales-de-la-educacion\/#breadcrumb"},"inLanguage":"es-AR","potentialAction":[{"@type":"ReadAction","target":["https:\/\/educatespilar.com\/problemas-actuales-de-la-educacion\/"]}]},{"@type":"ImageObject","inLanguage":"es-AR","@id":"https:\/\/educatespilar.com\/problemas-actuales-de-la-educacion\/#primaryimage","url":"https:\/\/i0.wp.com\/educatespilar.com\/wp-content\/uploads\/2025\/12\/worried-student-classroom-scaled.jpg?fit=2560%2C1707&ssl=1","contentUrl":"https:\/\/i0.wp.com\/educatespilar.com\/wp-content\/uploads\/2025\/12\/worried-student-classroom-scaled.jpg?fit=2560%2C1707&ssl=1","width":2560,"height":1707},{"@type":"BreadcrumbList","@id":"https:\/\/educatespilar.com\/problemas-actuales-de-la-educacion\/#breadcrumb","itemListElement":[{"@type":"ListItem","position":1,"name":"Home","item":"https:\/\/educatespilar.com\/"},{"@type":"ListItem","position":2,"name":"PROBLEMAS ACTUALES DE LA EDUCACI\u00d3N"}]},{"@type":"WebSite","@id":"https:\/\/tzs.pgq.temporary.site\/website_c18d3ae6\/#website","url":"https:\/\/tzs.pgq.temporary.site\/website_c18d3ae6\/","name":"EducatesPilar.com","description":"","potentialAction":[{"@type":"SearchAction","target":{"@type":"EntryPoint","urlTemplate":"https:\/\/tzs.pgq.temporary.site\/website_c18d3ae6\/?s={search_term_string}"},"query-input":{"@type":"PropertyValueSpecification","valueRequired":true,"valueName":"search_term_string"}}],"inLanguage":"es-AR"},{"@type":"Person","@id":"https:\/\/tzs.pgq.temporary.site\/website_c18d3ae6\/#\/schema\/person\/655446504db2a404e6921d90ab7c0a0f","name":"educates","image":{"@type":"ImageObject","inLanguage":"es-AR","@id":"https:\/\/secure.gravatar.com\/avatar\/f1e844324149cf607705bdc3821ac52f5613382cc275e3a009bc73539c52a819?s=96&d=mm&r=g","url":"https:\/\/secure.gravatar.com\/avatar\/f1e844324149cf607705bdc3821ac52f5613382cc275e3a009bc73539c52a819?s=96&d=mm&r=g","contentUrl":"https:\/\/secure.gravatar.com\/avatar\/f1e844324149cf607705bdc3821ac52f5613382cc275e3a009bc73539c52a819?s=96&d=mm&r=g","caption":"educates"},"url":"https:\/\/educatespilar.com\/es\/author\/educates\/"}]}},"jetpack_featured_media_url":"https:\/\/i0.wp.com\/educatespilar.com\/wp-content\/uploads\/2025\/12\/worried-student-classroom-scaled.jpg?fit=2560%2C1707&ssl=1","jetpack_sharing_enabled":true,"_links":{"self":[{"href":"https:\/\/educatespilar.com\/es\/wp-json\/wp\/v2\/posts\/291","targetHints":{"allow":["GET"]}}],"collection":[{"href":"https:\/\/educatespilar.com\/es\/wp-json\/wp\/v2\/posts"}],"about":[{"href":"https:\/\/educatespilar.com\/es\/wp-json\/wp\/v2\/types\/post"}],"author":[{"embeddable":true,"href":"https:\/\/educatespilar.com\/es\/wp-json\/wp\/v2\/users\/2"}],"replies":[{"embeddable":true,"href":"https:\/\/educatespilar.com\/es\/wp-json\/wp\/v2\/comments?post=291"}],"version-history":[{"count":1,"href":"https:\/\/educatespilar.com\/es\/wp-json\/wp\/v2\/posts\/291\/revisions"}],"predecessor-version":[{"id":293,"href":"https:\/\/educatespilar.com\/es\/wp-json\/wp\/v2\/posts\/291\/revisions\/293"}],"wp:featuredmedia":[{"embeddable":true,"href":"https:\/\/educatespilar.com\/es\/wp-json\/wp\/v2\/media\/292"}],"wp:attachment":[{"href":"https:\/\/educatespilar.com\/es\/wp-json\/wp\/v2\/media?parent=291"}],"wp:term":[{"taxonomy":"category","embeddable":true,"href":"https:\/\/educatespilar.com\/es\/wp-json\/wp\/v2\/categories?post=291"},{"taxonomy":"post_tag","embeddable":true,"href":"https:\/\/educatespilar.com\/es\/wp-json\/wp\/v2\/tags?post=291"}],"curies":[{"name":"wp","href":"https:\/\/api.w.org\/{rel}","templated":true}]}}