{"id":279,"date":"2025-12-17T07:27:51","date_gmt":"2025-12-17T07:27:51","guid":{"rendered":"https:\/\/educatespilar.com\/?p=279"},"modified":"2025-12-19T18:42:07","modified_gmt":"2025-12-19T18:42:07","slug":"la-educacion-fundamento-de-la-sociedad","status":"publish","type":"post","link":"https:\/\/educatespilar.com\/es\/la-educacion-fundamento-de-la-sociedad\/","title":{"rendered":"La Educaci\u00f3n, Fundamento de la Sociedad"},"content":{"rendered":"<p><img data-recalc-dims=\"1\" decoding=\"async\" loading=\"lazy\" class=\"alignnone size-medium wp-image-280\" src=\"https:\/\/i0.wp.com\/educatespilar.com\/wp-content\/uploads\/2025\/12\/crop-people-with-notebooks.jpg?resize=300%2C169&#038;ssl=1\" alt=\"\" width=\"300\" height=\"169\" srcset=\"https:\/\/i0.wp.com\/educatespilar.com\/wp-content\/uploads\/2025\/12\/crop-people-with-notebooks-scaled.jpg?resize=300%2C169&amp;ssl=1 300w, https:\/\/i0.wp.com\/educatespilar.com\/wp-content\/uploads\/2025\/12\/crop-people-with-notebooks-scaled.jpg?resize=1024%2C576&amp;ssl=1 1024w, https:\/\/i0.wp.com\/educatespilar.com\/wp-content\/uploads\/2025\/12\/crop-people-with-notebooks-scaled.jpg?resize=768%2C432&amp;ssl=1 768w, https:\/\/i0.wp.com\/educatespilar.com\/wp-content\/uploads\/2025\/12\/crop-people-with-notebooks-scaled.jpg?resize=1536%2C864&amp;ssl=1 1536w, https:\/\/i0.wp.com\/educatespilar.com\/wp-content\/uploads\/2025\/12\/crop-people-with-notebooks-scaled.jpg?resize=2048%2C1152&amp;ssl=1 2048w, https:\/\/i0.wp.com\/educatespilar.com\/wp-content\/uploads\/2025\/12\/crop-people-with-notebooks-scaled.jpg?resize=18%2C10&amp;ssl=1 18w, https:\/\/i0.wp.com\/educatespilar.com\/wp-content\/uploads\/2025\/12\/crop-people-with-notebooks-scaled.jpg?resize=600%2C338&amp;ssl=1 600w\" sizes=\"auto, (max-width: 300px) 100vw, 300px\" \/><\/p>\n<p><span style=\"font-weight: 400;\">El m\u00e1s importante de ellos es el reconocimien.to de la educaci\u00f3n como fundamento de toda sociedad. As\u00ed, se ha visto que, en todos los cambios y conmociones hist\u00f3ricas, por ejemplo, en la Revoluci\u00f3n Francesa de 1789, o en la revoluci\u00f3n industrial inglesa de comienzo del siglo pasado la educaci\u00f3n desempe\u00f1\u00f3 un papel decisivo.<\/span><\/p>\n<p><span style=\"font-weight: 400;\">En consecuencia, se percibe hoy como fundamental el problema de intensificar la educaci\u00f3n, buscando para ello varias soluciones.<\/span><\/p>\n<p><span style=\"font-weight: 400;\">Una de ellas consiste en llevar la educaci\u00f3n elemental al mayor n\u00famero de individuos posible, ante todo en las comarcas rurales, atrasadas por lo general con respecto a las urbanas. Para esto se ha creado la llamada educaci\u00f3n fundamental, aunque no siempre con mucho \u00e9xito. Otra, m\u00e1s importante, es la continua elevaci\u00f3n de la escolaridad, de la obligaci\u00f3n escolar, que durante mucho tiempo ha estado limitada a seis a\u00f1os y hoy se ha extendido en los pueblos m\u00e1s progresivos a los 7, 8 y 9 a\u00f1os, e incluso hasta los 15 \u00f3 16, como ocurre con los pueblos anglosajones. Asimismo, y en relaci\u00f3n con esto, se halla el problema de hacer accesible la ense\u00f1anza secundaria a todos los adolescentes, declar\u00e1ndola obligatoria en algunos pa\u00edses como Inglaterra, o haci\u00e9ndola efectiva como en los Estados Unidos. Finalmente est\u00e1 tambi\u00e9n el problema del acceso a la ense\u00f1anza superior, universitaria y t\u00e9cnica de los m\u00e1s capaces, cualquiera que sea su origen social. Por lo que se refiere a los objetivos y contenido de la educaci\u00f3n, tenemos que reconocer la imposibilidad de encontrar un ideal social \u00fanico y uniforme, dada la diversidad de las concepciones de la educaci\u00f3n, teniendo en cuenta las aspiraciones esenciales existentes, es decir, el reconocimiento de un pluralismo educacional; con esta pluralidad coexisten ciertos problemas comunes a la educaci\u00f3n de nuestro tiempo.<\/span><\/p>\n<h2><span style=\"font-weight: 400;\">Ense\u00f1anza Humonista y Cientifica<\/span><\/h2>\n<p><span style=\"font-weight: 400;\">Uno de estos problemas lo constituye el de la ense\u00f1anza humanista y el de la cient\u00edfica, que se suelen contraponer, cuando en realidad son complementarias. La ense\u00f1anza cient\u00edfica debe ser humanista y la humanista cient\u00edfica. La ense\u00f1anza humanista debe servir de base a toda posible ense\u00f1anza, incluso a la m\u00e1s t\u00e9cnica. Mas para ello hay que entender por humanismo no s\u00f3lo el cl\u00e1sico de la antig\u00fcedad, sino tambi\u00e9n el moderno, el de los grandes escritores y pensadores de nuestro tiempo. En cuanto a las dem\u00e1s materias de ense\u00f1anza, no es posible entrar en todos sus problemas. S\u00f3lo se\u00f1alaremos los m\u00e1s generales.\u00a0<\/span><\/p>\n<p><span style=\"font-weight: 400;\">En primer lugar, si la educaci\u00f3n ha de atender a la formaci\u00f3n o desarrollo de las personalidades totales, integral, y no s\u00f3lo al aspecto intelectual el m\u00e1s superficial de aqu\u00e9lla, es necesario que exista una continuidad desde la escuela primaria a la superior, suprimiendo todas las separaciones actuales, que fragmentan la ense\u00f1anza y la personalidad del ser juvenil. La ense\u00f1anza cient\u00edfica tiene que intervenir en las humanidades d\u00e1ndoles el rigor de sus m\u00e9todos. Pero ni la ense\u00f1anza cient\u00edfica ni la humanista tendr\u00e1n valor formativo, si no se imponen s\u00f3lo como contenidos y no se basan en el desarrollo y las actividades del ser juvenil.<\/span><\/p>\n<p><span style=\"font-weight: 400;\">En segundo lugar, aun dentro de la diversidad del contenido de la ense\u00f1anza, correspondiente a los distintos niveles biol\u00f3gicos y mentales, debe existir cierta unidad en los contenidos y m\u00e9todos, que no pueden ser otros que los basados en los propios intereses y actividades de los alumnos.<\/span><\/p>\n<p><span style=\"font-weight: 400;\">En tercer lugar, dado que es imposible abarcar la extraordinaria riqueza de la nuestra cultura en los a\u00f1os de la escolaridad, se impone que haya un principio de elecci\u00f3n de materias sobre ciertas bases esenciales. Finalmente, las materias t\u00e9cnicas y manuales han de tener una mayor participaci\u00f3n en los programas actuales, ya que son de tanto valor educativo como las literarias, y se hacen necesarias en el mundo actual.<\/span><\/p>\n<p><span style=\"font-weight: 400;\">En cuarto lugar, puesto que la educaci\u00f3n debe estar en contacto directo con la sociedad en que act\u00faa y sobre la cual quiere influir, debe tener en cuenta las circunstancias locales y regionales. O sea, que ha de contar con la realidad ambiente.<\/span><\/p>\n<p>&nbsp;<\/p>\n","protected":false},"excerpt":{"rendered":"<p>El m\u00e1s importante de ellos es el reconocimien.to de la educaci\u00f3n como fundamento de toda sociedad. As\u00ed, se ha visto que, en todos los cambios y conmociones hist\u00f3ricas, por ejemplo, en la Revoluci\u00f3n Francesa de 1789, o en la revoluci\u00f3n industrial inglesa de comienzo del siglo pasado la educaci\u00f3n desempe\u00f1\u00f3 un papel decisivo. En consecuencia, [&hellip;]<\/p>\n","protected":false},"author":2,"featured_media":280,"comment_status":"closed","ping_status":"closed","sticky":false,"template":"","format":"standard","meta":{"nf_dc_page":"","_jetpack_memberships_contains_paid_content":false,"footnotes":""},"categories":[9],"tags":[26,84],"class_list":["post-279","post","type-post","status-publish","format-standard","has-post-thumbnail","hentry","category-educacion","tag-educacion","tag-sociedad"],"yoast_head":"<!-- This site is optimized with the Yoast SEO plugin v27.4 - https:\/\/yoast.com\/product\/yoast-seo-wordpress\/ -->\n<title>La Educaci\u00f3n, Fundamento de la Sociedad - EducatesPilar.com<\/title>\n<meta name=\"robots\" content=\"index, follow, max-snippet:-1, max-image-preview:large, max-video-preview:-1\" \/>\n<link rel=\"canonical\" href=\"https:\/\/educatespilar.com\/es\/la-educacion-fundamento-de-la-sociedad\/\" \/>\n<meta property=\"og:locale\" content=\"es_ES\" \/>\n<meta property=\"og:type\" content=\"article\" \/>\n<meta property=\"og:title\" content=\"La Educaci\u00f3n, Fundamento de la Sociedad - EducatesPilar.com\" \/>\n<meta property=\"og:description\" content=\"El m\u00e1s importante de ellos es el reconocimien.to de la educaci\u00f3n como fundamento de toda sociedad. As\u00ed, se ha visto que, en todos los cambios y conmociones hist\u00f3ricas, por ejemplo, en la Revoluci\u00f3n Francesa de 1789, o en la revoluci\u00f3n industrial inglesa de comienzo del siglo pasado la educaci\u00f3n desempe\u00f1\u00f3 un papel decisivo. En consecuencia, [&hellip;]\" \/>\n<meta property=\"og:url\" content=\"https:\/\/educatespilar.com\/es\/la-educacion-fundamento-de-la-sociedad\/\" \/>\n<meta property=\"og:site_name\" content=\"EducatesPilar.com\" \/>\n<meta property=\"article:published_time\" content=\"2025-12-17T07:27:51+00:00\" \/>\n<meta property=\"article:modified_time\" content=\"2025-12-19T18:42:07+00:00\" \/>\n<meta property=\"og:image\" content=\"https:\/\/educatespilar.com\/wp-content\/uploads\/2025\/12\/crop-people-with-notebooks-scaled.jpg\" \/>\n\t<meta property=\"og:image:width\" content=\"2560\" \/>\n\t<meta property=\"og:image:height\" content=\"1440\" \/>\n\t<meta property=\"og:image:type\" content=\"image\/jpeg\" \/>\n<meta name=\"author\" content=\"educates\" \/>\n<meta name=\"twitter:card\" content=\"summary_large_image\" \/>\n<meta name=\"twitter:label1\" content=\"Escrito por\" \/>\n\t<meta name=\"twitter:data1\" content=\"educates\" \/>\n\t<meta name=\"twitter:label2\" content=\"Tiempo de lectura\" \/>\n\t<meta name=\"twitter:data2\" content=\"4 minutos\" \/>\n<script type=\"application\/ld+json\" class=\"yoast-schema-graph\">{\"@context\":\"https:\\\/\\\/schema.org\",\"@graph\":[{\"@type\":\"Article\",\"@id\":\"https:\\\/\\\/educatespilar.com\\\/la-educacion-fundamento-de-la-sociedad\\\/#article\",\"isPartOf\":{\"@id\":\"https:\\\/\\\/educatespilar.com\\\/la-educacion-fundamento-de-la-sociedad\\\/\"},\"author\":{\"name\":\"educates\",\"@id\":\"https:\\\/\\\/tzs.pgq.temporary.site\\\/website_c18d3ae6\\\/#\\\/schema\\\/person\\\/655446504db2a404e6921d90ab7c0a0f\"},\"headline\":\"La Educaci\u00f3n, Fundamento de la Sociedad\",\"datePublished\":\"2025-12-17T07:27:51+00:00\",\"dateModified\":\"2025-12-19T18:42:07+00:00\",\"mainEntityOfPage\":{\"@id\":\"https:\\\/\\\/educatespilar.com\\\/la-educacion-fundamento-de-la-sociedad\\\/\"},\"wordCount\":732,\"image\":{\"@id\":\"https:\\\/\\\/educatespilar.com\\\/la-educacion-fundamento-de-la-sociedad\\\/#primaryimage\"},\"thumbnailUrl\":\"https:\\\/\\\/i0.wp.com\\\/educatespilar.com\\\/wp-content\\\/uploads\\\/2025\\\/12\\\/crop-people-with-notebooks-scaled.jpg?fit=2560%2C1440&ssl=1\",\"keywords\":[\"educacion\",\"sociedad\"],\"articleSection\":[\"Educaci\u00f3n\"],\"inLanguage\":\"es-AR\"},{\"@type\":\"WebPage\",\"@id\":\"https:\\\/\\\/educatespilar.com\\\/la-educacion-fundamento-de-la-sociedad\\\/\",\"url\":\"https:\\\/\\\/educatespilar.com\\\/la-educacion-fundamento-de-la-sociedad\\\/\",\"name\":\"La Educaci\u00f3n, Fundamento de la Sociedad - EducatesPilar.com\",\"isPartOf\":{\"@id\":\"https:\\\/\\\/tzs.pgq.temporary.site\\\/website_c18d3ae6\\\/#website\"},\"primaryImageOfPage\":{\"@id\":\"https:\\\/\\\/educatespilar.com\\\/la-educacion-fundamento-de-la-sociedad\\\/#primaryimage\"},\"image\":{\"@id\":\"https:\\\/\\\/educatespilar.com\\\/la-educacion-fundamento-de-la-sociedad\\\/#primaryimage\"},\"thumbnailUrl\":\"https:\\\/\\\/i0.wp.com\\\/educatespilar.com\\\/wp-content\\\/uploads\\\/2025\\\/12\\\/crop-people-with-notebooks-scaled.jpg?fit=2560%2C1440&ssl=1\",\"datePublished\":\"2025-12-17T07:27:51+00:00\",\"dateModified\":\"2025-12-19T18:42:07+00:00\",\"author\":{\"@id\":\"https:\\\/\\\/tzs.pgq.temporary.site\\\/website_c18d3ae6\\\/#\\\/schema\\\/person\\\/655446504db2a404e6921d90ab7c0a0f\"},\"breadcrumb\":{\"@id\":\"https:\\\/\\\/educatespilar.com\\\/la-educacion-fundamento-de-la-sociedad\\\/#breadcrumb\"},\"inLanguage\":\"es-AR\",\"potentialAction\":[{\"@type\":\"ReadAction\",\"target\":[\"https:\\\/\\\/educatespilar.com\\\/la-educacion-fundamento-de-la-sociedad\\\/\"]}]},{\"@type\":\"ImageObject\",\"inLanguage\":\"es-AR\",\"@id\":\"https:\\\/\\\/educatespilar.com\\\/la-educacion-fundamento-de-la-sociedad\\\/#primaryimage\",\"url\":\"https:\\\/\\\/i0.wp.com\\\/educatespilar.com\\\/wp-content\\\/uploads\\\/2025\\\/12\\\/crop-people-with-notebooks-scaled.jpg?fit=2560%2C1440&ssl=1\",\"contentUrl\":\"https:\\\/\\\/i0.wp.com\\\/educatespilar.com\\\/wp-content\\\/uploads\\\/2025\\\/12\\\/crop-people-with-notebooks-scaled.jpg?fit=2560%2C1440&ssl=1\",\"width\":2560,\"height\":1440},{\"@type\":\"BreadcrumbList\",\"@id\":\"https:\\\/\\\/educatespilar.com\\\/la-educacion-fundamento-de-la-sociedad\\\/#breadcrumb\",\"itemListElement\":[{\"@type\":\"ListItem\",\"position\":1,\"name\":\"Home\",\"item\":\"https:\\\/\\\/educatespilar.com\\\/\"},{\"@type\":\"ListItem\",\"position\":2,\"name\":\"La Educaci\u00f3n, Fundamento de la Sociedad\"}]},{\"@type\":\"WebSite\",\"@id\":\"https:\\\/\\\/tzs.pgq.temporary.site\\\/website_c18d3ae6\\\/#website\",\"url\":\"https:\\\/\\\/tzs.pgq.temporary.site\\\/website_c18d3ae6\\\/\",\"name\":\"EducatesPilar.com\",\"description\":\"\",\"potentialAction\":[{\"@type\":\"SearchAction\",\"target\":{\"@type\":\"EntryPoint\",\"urlTemplate\":\"https:\\\/\\\/tzs.pgq.temporary.site\\\/website_c18d3ae6\\\/?s={search_term_string}\"},\"query-input\":{\"@type\":\"PropertyValueSpecification\",\"valueRequired\":true,\"valueName\":\"search_term_string\"}}],\"inLanguage\":\"es-AR\"},{\"@type\":\"Person\",\"@id\":\"https:\\\/\\\/tzs.pgq.temporary.site\\\/website_c18d3ae6\\\/#\\\/schema\\\/person\\\/655446504db2a404e6921d90ab7c0a0f\",\"name\":\"educates\",\"image\":{\"@type\":\"ImageObject\",\"inLanguage\":\"es-AR\",\"@id\":\"https:\\\/\\\/secure.gravatar.com\\\/avatar\\\/f1e844324149cf607705bdc3821ac52f5613382cc275e3a009bc73539c52a819?s=96&d=mm&r=g\",\"url\":\"https:\\\/\\\/secure.gravatar.com\\\/avatar\\\/f1e844324149cf607705bdc3821ac52f5613382cc275e3a009bc73539c52a819?s=96&d=mm&r=g\",\"contentUrl\":\"https:\\\/\\\/secure.gravatar.com\\\/avatar\\\/f1e844324149cf607705bdc3821ac52f5613382cc275e3a009bc73539c52a819?s=96&d=mm&r=g\",\"caption\":\"educates\"},\"url\":\"https:\\\/\\\/educatespilar.com\\\/es\\\/author\\\/educates\\\/\"}]}<\/script>\n<!-- \/ Yoast SEO plugin. -->","yoast_head_json":{"title":"La Educaci\u00f3n, Fundamento de la Sociedad - EducatesPilar.com","robots":{"index":"index","follow":"follow","max-snippet":"max-snippet:-1","max-image-preview":"max-image-preview:large","max-video-preview":"max-video-preview:-1"},"canonical":"https:\/\/educatespilar.com\/es\/la-educacion-fundamento-de-la-sociedad\/","og_locale":"es_ES","og_type":"article","og_title":"La Educaci\u00f3n, Fundamento de la Sociedad - EducatesPilar.com","og_description":"El m\u00e1s importante de ellos es el reconocimien.to de la educaci\u00f3n como fundamento de toda sociedad. As\u00ed, se ha visto que, en todos los cambios y conmociones hist\u00f3ricas, por ejemplo, en la Revoluci\u00f3n Francesa de 1789, o en la revoluci\u00f3n industrial inglesa de comienzo del siglo pasado la educaci\u00f3n desempe\u00f1\u00f3 un papel decisivo. En consecuencia, [&hellip;]","og_url":"https:\/\/educatespilar.com\/es\/la-educacion-fundamento-de-la-sociedad\/","og_site_name":"EducatesPilar.com","article_published_time":"2025-12-17T07:27:51+00:00","article_modified_time":"2025-12-19T18:42:07+00:00","og_image":[{"width":2560,"height":1440,"url":"https:\/\/educatespilar.com\/wp-content\/uploads\/2025\/12\/crop-people-with-notebooks-scaled.jpg","type":"image\/jpeg"}],"author":"educates","twitter_card":"summary_large_image","twitter_misc":{"Escrito por":"educates","Tiempo de lectura":"4 minutos"},"schema":{"@context":"https:\/\/schema.org","@graph":[{"@type":"Article","@id":"https:\/\/educatespilar.com\/la-educacion-fundamento-de-la-sociedad\/#article","isPartOf":{"@id":"https:\/\/educatespilar.com\/la-educacion-fundamento-de-la-sociedad\/"},"author":{"name":"educates","@id":"https:\/\/tzs.pgq.temporary.site\/website_c18d3ae6\/#\/schema\/person\/655446504db2a404e6921d90ab7c0a0f"},"headline":"La Educaci\u00f3n, Fundamento de la Sociedad","datePublished":"2025-12-17T07:27:51+00:00","dateModified":"2025-12-19T18:42:07+00:00","mainEntityOfPage":{"@id":"https:\/\/educatespilar.com\/la-educacion-fundamento-de-la-sociedad\/"},"wordCount":732,"image":{"@id":"https:\/\/educatespilar.com\/la-educacion-fundamento-de-la-sociedad\/#primaryimage"},"thumbnailUrl":"https:\/\/i0.wp.com\/educatespilar.com\/wp-content\/uploads\/2025\/12\/crop-people-with-notebooks-scaled.jpg?fit=2560%2C1440&ssl=1","keywords":["educacion","sociedad"],"articleSection":["Educaci\u00f3n"],"inLanguage":"es-AR"},{"@type":"WebPage","@id":"https:\/\/educatespilar.com\/la-educacion-fundamento-de-la-sociedad\/","url":"https:\/\/educatespilar.com\/la-educacion-fundamento-de-la-sociedad\/","name":"La Educaci\u00f3n, Fundamento de la Sociedad - EducatesPilar.com","isPartOf":{"@id":"https:\/\/tzs.pgq.temporary.site\/website_c18d3ae6\/#website"},"primaryImageOfPage":{"@id":"https:\/\/educatespilar.com\/la-educacion-fundamento-de-la-sociedad\/#primaryimage"},"image":{"@id":"https:\/\/educatespilar.com\/la-educacion-fundamento-de-la-sociedad\/#primaryimage"},"thumbnailUrl":"https:\/\/i0.wp.com\/educatespilar.com\/wp-content\/uploads\/2025\/12\/crop-people-with-notebooks-scaled.jpg?fit=2560%2C1440&ssl=1","datePublished":"2025-12-17T07:27:51+00:00","dateModified":"2025-12-19T18:42:07+00:00","author":{"@id":"https:\/\/tzs.pgq.temporary.site\/website_c18d3ae6\/#\/schema\/person\/655446504db2a404e6921d90ab7c0a0f"},"breadcrumb":{"@id":"https:\/\/educatespilar.com\/la-educacion-fundamento-de-la-sociedad\/#breadcrumb"},"inLanguage":"es-AR","potentialAction":[{"@type":"ReadAction","target":["https:\/\/educatespilar.com\/la-educacion-fundamento-de-la-sociedad\/"]}]},{"@type":"ImageObject","inLanguage":"es-AR","@id":"https:\/\/educatespilar.com\/la-educacion-fundamento-de-la-sociedad\/#primaryimage","url":"https:\/\/i0.wp.com\/educatespilar.com\/wp-content\/uploads\/2025\/12\/crop-people-with-notebooks-scaled.jpg?fit=2560%2C1440&ssl=1","contentUrl":"https:\/\/i0.wp.com\/educatespilar.com\/wp-content\/uploads\/2025\/12\/crop-people-with-notebooks-scaled.jpg?fit=2560%2C1440&ssl=1","width":2560,"height":1440},{"@type":"BreadcrumbList","@id":"https:\/\/educatespilar.com\/la-educacion-fundamento-de-la-sociedad\/#breadcrumb","itemListElement":[{"@type":"ListItem","position":1,"name":"Home","item":"https:\/\/educatespilar.com\/"},{"@type":"ListItem","position":2,"name":"La Educaci\u00f3n, Fundamento de la Sociedad"}]},{"@type":"WebSite","@id":"https:\/\/tzs.pgq.temporary.site\/website_c18d3ae6\/#website","url":"https:\/\/tzs.pgq.temporary.site\/website_c18d3ae6\/","name":"EducatesPilar.com","description":"","potentialAction":[{"@type":"SearchAction","target":{"@type":"EntryPoint","urlTemplate":"https:\/\/tzs.pgq.temporary.site\/website_c18d3ae6\/?s={search_term_string}"},"query-input":{"@type":"PropertyValueSpecification","valueRequired":true,"valueName":"search_term_string"}}],"inLanguage":"es-AR"},{"@type":"Person","@id":"https:\/\/tzs.pgq.temporary.site\/website_c18d3ae6\/#\/schema\/person\/655446504db2a404e6921d90ab7c0a0f","name":"educates","image":{"@type":"ImageObject","inLanguage":"es-AR","@id":"https:\/\/secure.gravatar.com\/avatar\/f1e844324149cf607705bdc3821ac52f5613382cc275e3a009bc73539c52a819?s=96&d=mm&r=g","url":"https:\/\/secure.gravatar.com\/avatar\/f1e844324149cf607705bdc3821ac52f5613382cc275e3a009bc73539c52a819?s=96&d=mm&r=g","contentUrl":"https:\/\/secure.gravatar.com\/avatar\/f1e844324149cf607705bdc3821ac52f5613382cc275e3a009bc73539c52a819?s=96&d=mm&r=g","caption":"educates"},"url":"https:\/\/educatespilar.com\/es\/author\/educates\/"}]}},"jetpack_featured_media_url":"https:\/\/i0.wp.com\/educatespilar.com\/wp-content\/uploads\/2025\/12\/crop-people-with-notebooks-scaled.jpg?fit=2560%2C1440&ssl=1","jetpack_sharing_enabled":true,"_links":{"self":[{"href":"https:\/\/educatespilar.com\/es\/wp-json\/wp\/v2\/posts\/279","targetHints":{"allow":["GET"]}}],"collection":[{"href":"https:\/\/educatespilar.com\/es\/wp-json\/wp\/v2\/posts"}],"about":[{"href":"https:\/\/educatespilar.com\/es\/wp-json\/wp\/v2\/types\/post"}],"author":[{"embeddable":true,"href":"https:\/\/educatespilar.com\/es\/wp-json\/wp\/v2\/users\/2"}],"replies":[{"embeddable":true,"href":"https:\/\/educatespilar.com\/es\/wp-json\/wp\/v2\/comments?post=279"}],"version-history":[{"count":1,"href":"https:\/\/educatespilar.com\/es\/wp-json\/wp\/v2\/posts\/279\/revisions"}],"predecessor-version":[{"id":281,"href":"https:\/\/educatespilar.com\/es\/wp-json\/wp\/v2\/posts\/279\/revisions\/281"}],"wp:featuredmedia":[{"embeddable":true,"href":"https:\/\/educatespilar.com\/es\/wp-json\/wp\/v2\/media\/280"}],"wp:attachment":[{"href":"https:\/\/educatespilar.com\/es\/wp-json\/wp\/v2\/media?parent=279"}],"wp:term":[{"taxonomy":"category","embeddable":true,"href":"https:\/\/educatespilar.com\/es\/wp-json\/wp\/v2\/categories?post=279"},{"taxonomy":"post_tag","embeddable":true,"href":"https:\/\/educatespilar.com\/es\/wp-json\/wp\/v2\/tags?post=279"}],"curies":[{"name":"wp","href":"https:\/\/api.w.org\/{rel}","templated":true}]}}