{"id":276,"date":"2025-12-16T07:50:06","date_gmt":"2025-12-16T07:50:06","guid":{"rendered":"https:\/\/educatespilar.com\/?p=276"},"modified":"2025-12-15T16:51:30","modified_gmt":"2025-12-15T16:51:30","slug":"la-educacion-especial","status":"publish","type":"post","link":"https:\/\/educatespilar.com\/es\/la-educacion-especial\/","title":{"rendered":"LA EDUCACI\u00d3N ESPECIAL"},"content":{"rendered":"<p><img data-recalc-dims=\"1\" decoding=\"async\" loading=\"lazy\" class=\"alignnone size-medium wp-image-277\" src=\"https:\/\/i0.wp.com\/educatespilar.com\/wp-content\/uploads\/2025\/12\/down-syndrome-woman-her-mother-playing-pick-up-sticks-home.jpg?resize=300%2C200&#038;ssl=1\" alt=\"\" width=\"300\" height=\"200\" srcset=\"https:\/\/i0.wp.com\/educatespilar.com\/wp-content\/uploads\/2025\/12\/down-syndrome-woman-her-mother-playing-pick-up-sticks-home-scaled.jpg?resize=300%2C200&amp;ssl=1 300w, https:\/\/i0.wp.com\/educatespilar.com\/wp-content\/uploads\/2025\/12\/down-syndrome-woman-her-mother-playing-pick-up-sticks-home-scaled.jpg?resize=1024%2C683&amp;ssl=1 1024w, https:\/\/i0.wp.com\/educatespilar.com\/wp-content\/uploads\/2025\/12\/down-syndrome-woman-her-mother-playing-pick-up-sticks-home-scaled.jpg?resize=768%2C512&amp;ssl=1 768w, https:\/\/i0.wp.com\/educatespilar.com\/wp-content\/uploads\/2025\/12\/down-syndrome-woman-her-mother-playing-pick-up-sticks-home-scaled.jpg?resize=1536%2C1024&amp;ssl=1 1536w, https:\/\/i0.wp.com\/educatespilar.com\/wp-content\/uploads\/2025\/12\/down-syndrome-woman-her-mother-playing-pick-up-sticks-home-scaled.jpg?resize=2048%2C1365&amp;ssl=1 2048w, https:\/\/i0.wp.com\/educatespilar.com\/wp-content\/uploads\/2025\/12\/down-syndrome-woman-her-mother-playing-pick-up-sticks-home-scaled.jpg?resize=18%2C12&amp;ssl=1 18w, https:\/\/i0.wp.com\/educatespilar.com\/wp-content\/uploads\/2025\/12\/down-syndrome-woman-her-mother-playing-pick-up-sticks-home-scaled.jpg?resize=600%2C400&amp;ssl=1 600w\" sizes=\"auto, (max-width: 300px) 100vw, 300px\" \/><\/p>\n<p><span style=\"font-weight: 400;\">Los establecimientos m\u00e9dico pedag\u00f3gicos son instituciones destinadas a recibir con fines de cura, de educaci\u00f3n y de instrucci\u00f3n, y con vistas a una recuperaci\u00f3n completa o parcial para la vida en sociedad, a ni\u00f1os ps\u00edquicamente anormales (frenast\u00e9nicos). Para evitar una promiscuidad entre anormales de tipo y de nivel muy diverso, que resultar\u00eda da\u00f1osa, se tiende por lo general a especializar los establecimientos en relaci\u00f3n con la mayor o menor gravedad de los casos que deben atender, por lo cual resulta necesario distinguirlos en dos categor\u00edas: una destinada a individuos que permiten presumir un aprendizaje escolar satisfactorio, aparte de una buena adaptaci\u00f3n a la vida social y de trabajo, y la otra destinada, por el contrario, a casos m\u00e1s graves y capaces \u00fanicamente de un limitado aprendizaje te\u00f3rico y pr\u00e1ctico.\u00a0<\/span><\/p>\n<p><span style=\"font-weight: 400;\">Por lo dem\u00e1s, no es oportuno incluir en la misma denominaci\u00f3n (como a veces se intenta)las instituciones destinadas a ni\u00f1os de inteligencia normal, pero que necesitan correcci\u00f3n sobre el plano del comportamiento social (irregulares en la conducta, desviados morales, delincuentes precoces); entre \u00e9stos y los internados m\u00e9dico pedag\u00f3gicos subsiste una clara diferencia de supuestos te\u00f3ricos y de finalidades funcionales, aunque tambi\u00e9n resulta evidente la analog\u00eda y la convergencia de intereses pedag\u00f3gicos y sociales.\u00a0<\/span><\/p>\n<h2><span style=\"font-weight: 400;\">El Problema de la Educaci\u00f3n de Ni\u00f1os Anormales<\/span><\/h2>\n<p><span style=\"font-weight: 400;\">La asistencia m\u00e9dico pedag\u00f3gica a los anormales ps\u00edquicos, aparte de cualquier consideraci\u00f3n dictada por sentimientos de caridad y de solidaridad humana, se dirige a individuos disarm\u00f3nicos que perturban el equilibrio social y que, si se les abandonara, estar\u00edan destinados a la incapacidad de trabajo, al vicio, a la antisocialdad. Las vicisitudes a trav\u00e9s de las cuales se afirm\u00f3 y desarroll\u00f3 progresivamente este problema pertenecen a la historia reciente, y recordarlas significa evocar un per\u00edodo de gran progreso cient\u00edfico que ha llevado a colaborar al m\u00e9dico, al pedagogo, al psic\u00f3logo, y que ha planteado a la sociedad una tarea antes totalmente ignorada.\u00a0<\/span><\/p>\n<p><span style=\"font-weight: 400;\">En efecto, durante largos siglos los ni\u00f1os anormales ps\u00edquicos fueron considerados fatalmente excluidos de la convivencia civil y no despertaron ning\u00fan inter\u00e9s educativo; as\u00ed, mientras ya en \u00e9pocas lejanas los ni\u00f1os disminuidos en las facultades sensoriales (ciegos y sordomudos) pudieron disfrutar de medidas en su favor, por el contrario, los ni\u00f1os disminuidos en su inteligencia quedaron por much\u00edsimo tiempo en completo abandono y casi tenidos por indignos de pertenecer a la sociedad humana. Linneo (1707-1778), el gran naturalista sueco, consideraba los pocos casos conocidos en su tiempo como un subgrupo del Genus homo, clasific\u00e1ndolos con la etiqueta de Homo sapiens ferus.\u00a0<\/span><\/p>\n<p><span style=\"font-weight: 400;\">El problema fue afrontado cient\u00edficamente mucho m\u00e1s tarde, y encontr\u00f3 su ocasi\u00f3n favorable en un acontecimiento que, verificado en Francia en 1800, deb\u00eda interesar vivamente a la opini\u00f3n p\u00fablica de aquel tiempo: el descubrimiento, en la floresta de Aveyron, de un muchacho de unos catorce a\u00f1os, en estado salvaje y privado de cualquier tipo de relaci\u00f3n humana. Acerca de la interpretaci\u00f3n cient\u00edfica del extraordinario individuo surgi\u00f3 una pol\u00e9mica entre Pinel e Itard, destacados m\u00e9dicos de la \u00e9poca; uno lo consideraba un idiota incurable, el otro un salvaje ineducado. Los resultados obtenidos con una intensa obra educativa realizada por el propio Itard, que partiendo de bases inexactas descubri\u00f3 posibilidades hasta entonces ignoradas para la cura de las deficiencias mentales, fueron el est\u00edmulo que indujo a Seg\u00fan a dedicarse a la educaci\u00f3n de ni\u00f1os deficientes.<\/span><\/p>\n<p><span style=\"font-weight: 400;\">Gracias a estos iniciadores se despert\u00f3 el inter\u00e9s cient\u00edfico y social por los ni\u00f1os anormales; la educaci\u00f3n se hizo posible, con una metodolog\u00eda particular, y la recuperaci\u00f3n tambi\u00e9n lo fue, merced a una adecuada asistencia. A partir de entonces todos los pa\u00edses civilizados han comprendido la importancia del problema, contribuyendo con iniciativas asistenciales, con estudios y experiencias, a la afirmaci\u00f3n de una idea m\u00e9dico pedag\u00f3gica. Haciendo caso omiso de Francia a la que pertenece la prioridad, y que ya en el a\u00f1o 1909 disciplinaba toda la compleja materia asistencial con leyes apropiadas es interesante recordar la fecha de creaci\u00f3n de los primeros institutos en Europa: Inglaterra, en 1848; Suiza, en 1841; Alemania, en 1863; B\u00e9lgica, en 1887; Holanda, en 1891; Noruega, en 1874; Dinamarca, en 1865; Italia, en 1889; Rusia, en 1854, etc.\u00a0<\/span><\/p>\n<p><span style=\"font-weight: 400;\">En Am\u00e9rica, los Estados Unidos, que ya antes de la obra de Seg\u00fan hab\u00eda iniciado experimentos espor\u00e1dicos, vieron surgir importantes instituciones por iniciativa del propio Seg\u00fan, quien se hab\u00eda trasladado a dicho pa\u00eds en 1848. Instituciones de relieve surgieron sucesivamente en Canad\u00e1, M\u00e9xico, Brasil, Argentina, Uruguay, etc. Entre los Estados sudamericanos, la Argentina ha pulsado el problema de manera particularmente activa, dando testimonio de ello con portantes iniciativas cient\u00edficas y pr\u00e1cticas.\u00a0<\/span><\/p>\n","protected":false},"excerpt":{"rendered":"<p>Los establecimientos m\u00e9dico pedag\u00f3gicos son instituciones destinadas a recibir con fines de cura, de educaci\u00f3n y de instrucci\u00f3n, y con vistas a una recuperaci\u00f3n completa o parcial para la vida en sociedad, a ni\u00f1os ps\u00edquicamente anormales (frenast\u00e9nicos). Para evitar una promiscuidad entre anormales de tipo y de nivel muy diverso, que resultar\u00eda da\u00f1osa, se tiende [&hellip;]<\/p>\n","protected":false},"author":2,"featured_media":277,"comment_status":"closed","ping_status":"closed","sticky":false,"template":"","format":"standard","meta":{"nf_dc_page":"","_jetpack_memberships_contains_paid_content":false,"footnotes":""},"categories":[9],"tags":[26,116],"class_list":["post-276","post","type-post","status-publish","format-standard","has-post-thumbnail","hentry","category-educacion","tag-educacion","tag-educacion-especial"],"yoast_head":"<!-- This site is optimized with the Yoast SEO plugin v27.4 - https:\/\/yoast.com\/product\/yoast-seo-wordpress\/ -->\n<title>LA EDUCACI\u00d3N ESPECIAL - EducatesPilar.com<\/title>\n<meta name=\"robots\" content=\"index, follow, max-snippet:-1, max-image-preview:large, max-video-preview:-1\" \/>\n<link rel=\"canonical\" href=\"https:\/\/educatespilar.com\/es\/la-educacion-especial\/\" \/>\n<meta property=\"og:locale\" content=\"es_ES\" \/>\n<meta property=\"og:type\" content=\"article\" \/>\n<meta property=\"og:title\" content=\"LA EDUCACI\u00d3N ESPECIAL - EducatesPilar.com\" \/>\n<meta property=\"og:description\" content=\"Los establecimientos m\u00e9dico pedag\u00f3gicos son instituciones destinadas a recibir con fines de cura, de educaci\u00f3n y de instrucci\u00f3n, y con vistas a una recuperaci\u00f3n completa o parcial para la vida en sociedad, a ni\u00f1os ps\u00edquicamente anormales (frenast\u00e9nicos). Para evitar una promiscuidad entre anormales de tipo y de nivel muy diverso, que resultar\u00eda da\u00f1osa, se tiende [&hellip;]\" \/>\n<meta property=\"og:url\" content=\"https:\/\/educatespilar.com\/es\/la-educacion-especial\/\" \/>\n<meta property=\"og:site_name\" content=\"EducatesPilar.com\" \/>\n<meta property=\"article:published_time\" content=\"2025-12-16T07:50:06+00:00\" \/>\n<meta property=\"og:image\" content=\"https:\/\/i0.wp.com\/educatespilar.com\/wp-content\/uploads\/2025\/12\/down-syndrome-woman-her-mother-playing-pick-up-sticks-home-scaled.jpg?fit=2560%2C1707&ssl=1\" \/>\n\t<meta property=\"og:image:width\" content=\"2560\" \/>\n\t<meta property=\"og:image:height\" content=\"1707\" \/>\n\t<meta property=\"og:image:type\" content=\"image\/jpeg\" \/>\n<meta name=\"author\" content=\"educates\" \/>\n<meta name=\"twitter:card\" content=\"summary_large_image\" \/>\n<meta name=\"twitter:label1\" content=\"Escrito por\" \/>\n\t<meta name=\"twitter:data1\" content=\"educates\" \/>\n\t<meta name=\"twitter:label2\" content=\"Tiempo de lectura\" \/>\n\t<meta name=\"twitter:data2\" content=\"4 minutos\" \/>\n<script type=\"application\/ld+json\" class=\"yoast-schema-graph\">{\"@context\":\"https:\\\/\\\/schema.org\",\"@graph\":[{\"@type\":\"Article\",\"@id\":\"https:\\\/\\\/educatespilar.com\\\/la-educacion-especial\\\/#article\",\"isPartOf\":{\"@id\":\"https:\\\/\\\/educatespilar.com\\\/la-educacion-especial\\\/\"},\"author\":{\"name\":\"educates\",\"@id\":\"https:\\\/\\\/tzs.pgq.temporary.site\\\/website_c18d3ae6\\\/#\\\/schema\\\/person\\\/655446504db2a404e6921d90ab7c0a0f\"},\"headline\":\"LA EDUCACI\u00d3N ESPECIAL\",\"datePublished\":\"2025-12-16T07:50:06+00:00\",\"mainEntityOfPage\":{\"@id\":\"https:\\\/\\\/educatespilar.com\\\/la-educacion-especial\\\/\"},\"wordCount\":829,\"image\":{\"@id\":\"https:\\\/\\\/educatespilar.com\\\/la-educacion-especial\\\/#primaryimage\"},\"thumbnailUrl\":\"https:\\\/\\\/i0.wp.com\\\/educatespilar.com\\\/wp-content\\\/uploads\\\/2025\\\/12\\\/down-syndrome-woman-her-mother-playing-pick-up-sticks-home-scaled.jpg?fit=2560%2C1707&ssl=1\",\"keywords\":[\"educacion\",\"educacion especial\"],\"articleSection\":[\"Educaci\u00f3n\"],\"inLanguage\":\"es-AR\"},{\"@type\":\"WebPage\",\"@id\":\"https:\\\/\\\/educatespilar.com\\\/la-educacion-especial\\\/\",\"url\":\"https:\\\/\\\/educatespilar.com\\\/la-educacion-especial\\\/\",\"name\":\"LA EDUCACI\u00d3N ESPECIAL - EducatesPilar.com\",\"isPartOf\":{\"@id\":\"https:\\\/\\\/tzs.pgq.temporary.site\\\/website_c18d3ae6\\\/#website\"},\"primaryImageOfPage\":{\"@id\":\"https:\\\/\\\/educatespilar.com\\\/la-educacion-especial\\\/#primaryimage\"},\"image\":{\"@id\":\"https:\\\/\\\/educatespilar.com\\\/la-educacion-especial\\\/#primaryimage\"},\"thumbnailUrl\":\"https:\\\/\\\/i0.wp.com\\\/educatespilar.com\\\/wp-content\\\/uploads\\\/2025\\\/12\\\/down-syndrome-woman-her-mother-playing-pick-up-sticks-home-scaled.jpg?fit=2560%2C1707&ssl=1\",\"datePublished\":\"2025-12-16T07:50:06+00:00\",\"author\":{\"@id\":\"https:\\\/\\\/tzs.pgq.temporary.site\\\/website_c18d3ae6\\\/#\\\/schema\\\/person\\\/655446504db2a404e6921d90ab7c0a0f\"},\"breadcrumb\":{\"@id\":\"https:\\\/\\\/educatespilar.com\\\/la-educacion-especial\\\/#breadcrumb\"},\"inLanguage\":\"es-AR\",\"potentialAction\":[{\"@type\":\"ReadAction\",\"target\":[\"https:\\\/\\\/educatespilar.com\\\/la-educacion-especial\\\/\"]}]},{\"@type\":\"ImageObject\",\"inLanguage\":\"es-AR\",\"@id\":\"https:\\\/\\\/educatespilar.com\\\/la-educacion-especial\\\/#primaryimage\",\"url\":\"https:\\\/\\\/i0.wp.com\\\/educatespilar.com\\\/wp-content\\\/uploads\\\/2025\\\/12\\\/down-syndrome-woman-her-mother-playing-pick-up-sticks-home-scaled.jpg?fit=2560%2C1707&ssl=1\",\"contentUrl\":\"https:\\\/\\\/i0.wp.com\\\/educatespilar.com\\\/wp-content\\\/uploads\\\/2025\\\/12\\\/down-syndrome-woman-her-mother-playing-pick-up-sticks-home-scaled.jpg?fit=2560%2C1707&ssl=1\",\"width\":2560,\"height\":1707},{\"@type\":\"BreadcrumbList\",\"@id\":\"https:\\\/\\\/educatespilar.com\\\/la-educacion-especial\\\/#breadcrumb\",\"itemListElement\":[{\"@type\":\"ListItem\",\"position\":1,\"name\":\"Home\",\"item\":\"https:\\\/\\\/educatespilar.com\\\/\"},{\"@type\":\"ListItem\",\"position\":2,\"name\":\"LA EDUCACI\u00d3N ESPECIAL\"}]},{\"@type\":\"WebSite\",\"@id\":\"https:\\\/\\\/tzs.pgq.temporary.site\\\/website_c18d3ae6\\\/#website\",\"url\":\"https:\\\/\\\/tzs.pgq.temporary.site\\\/website_c18d3ae6\\\/\",\"name\":\"EducatesPilar.com\",\"description\":\"\",\"potentialAction\":[{\"@type\":\"SearchAction\",\"target\":{\"@type\":\"EntryPoint\",\"urlTemplate\":\"https:\\\/\\\/tzs.pgq.temporary.site\\\/website_c18d3ae6\\\/?s={search_term_string}\"},\"query-input\":{\"@type\":\"PropertyValueSpecification\",\"valueRequired\":true,\"valueName\":\"search_term_string\"}}],\"inLanguage\":\"es-AR\"},{\"@type\":\"Person\",\"@id\":\"https:\\\/\\\/tzs.pgq.temporary.site\\\/website_c18d3ae6\\\/#\\\/schema\\\/person\\\/655446504db2a404e6921d90ab7c0a0f\",\"name\":\"educates\",\"image\":{\"@type\":\"ImageObject\",\"inLanguage\":\"es-AR\",\"@id\":\"https:\\\/\\\/secure.gravatar.com\\\/avatar\\\/f1e844324149cf607705bdc3821ac52f5613382cc275e3a009bc73539c52a819?s=96&d=mm&r=g\",\"url\":\"https:\\\/\\\/secure.gravatar.com\\\/avatar\\\/f1e844324149cf607705bdc3821ac52f5613382cc275e3a009bc73539c52a819?s=96&d=mm&r=g\",\"contentUrl\":\"https:\\\/\\\/secure.gravatar.com\\\/avatar\\\/f1e844324149cf607705bdc3821ac52f5613382cc275e3a009bc73539c52a819?s=96&d=mm&r=g\",\"caption\":\"educates\"},\"url\":\"https:\\\/\\\/educatespilar.com\\\/es\\\/author\\\/educates\\\/\"}]}<\/script>\n<!-- \/ Yoast SEO plugin. -->","yoast_head_json":{"title":"LA EDUCACI\u00d3N ESPECIAL - EducatesPilar.com","robots":{"index":"index","follow":"follow","max-snippet":"max-snippet:-1","max-image-preview":"max-image-preview:large","max-video-preview":"max-video-preview:-1"},"canonical":"https:\/\/educatespilar.com\/es\/la-educacion-especial\/","og_locale":"es_ES","og_type":"article","og_title":"LA EDUCACI\u00d3N ESPECIAL - EducatesPilar.com","og_description":"Los establecimientos m\u00e9dico pedag\u00f3gicos son instituciones destinadas a recibir con fines de cura, de educaci\u00f3n y de instrucci\u00f3n, y con vistas a una recuperaci\u00f3n completa o parcial para la vida en sociedad, a ni\u00f1os ps\u00edquicamente anormales (frenast\u00e9nicos). Para evitar una promiscuidad entre anormales de tipo y de nivel muy diverso, que resultar\u00eda da\u00f1osa, se tiende [&hellip;]","og_url":"https:\/\/educatespilar.com\/es\/la-educacion-especial\/","og_site_name":"EducatesPilar.com","article_published_time":"2025-12-16T07:50:06+00:00","og_image":[{"width":2560,"height":1707,"url":"https:\/\/i0.wp.com\/educatespilar.com\/wp-content\/uploads\/2025\/12\/down-syndrome-woman-her-mother-playing-pick-up-sticks-home-scaled.jpg?fit=2560%2C1707&ssl=1","type":"image\/jpeg"}],"author":"educates","twitter_card":"summary_large_image","twitter_misc":{"Escrito por":"educates","Tiempo de lectura":"4 minutos"},"schema":{"@context":"https:\/\/schema.org","@graph":[{"@type":"Article","@id":"https:\/\/educatespilar.com\/la-educacion-especial\/#article","isPartOf":{"@id":"https:\/\/educatespilar.com\/la-educacion-especial\/"},"author":{"name":"educates","@id":"https:\/\/tzs.pgq.temporary.site\/website_c18d3ae6\/#\/schema\/person\/655446504db2a404e6921d90ab7c0a0f"},"headline":"LA EDUCACI\u00d3N ESPECIAL","datePublished":"2025-12-16T07:50:06+00:00","mainEntityOfPage":{"@id":"https:\/\/educatespilar.com\/la-educacion-especial\/"},"wordCount":829,"image":{"@id":"https:\/\/educatespilar.com\/la-educacion-especial\/#primaryimage"},"thumbnailUrl":"https:\/\/i0.wp.com\/educatespilar.com\/wp-content\/uploads\/2025\/12\/down-syndrome-woman-her-mother-playing-pick-up-sticks-home-scaled.jpg?fit=2560%2C1707&ssl=1","keywords":["educacion","educacion especial"],"articleSection":["Educaci\u00f3n"],"inLanguage":"es-AR"},{"@type":"WebPage","@id":"https:\/\/educatespilar.com\/la-educacion-especial\/","url":"https:\/\/educatespilar.com\/la-educacion-especial\/","name":"LA EDUCACI\u00d3N ESPECIAL - EducatesPilar.com","isPartOf":{"@id":"https:\/\/tzs.pgq.temporary.site\/website_c18d3ae6\/#website"},"primaryImageOfPage":{"@id":"https:\/\/educatespilar.com\/la-educacion-especial\/#primaryimage"},"image":{"@id":"https:\/\/educatespilar.com\/la-educacion-especial\/#primaryimage"},"thumbnailUrl":"https:\/\/i0.wp.com\/educatespilar.com\/wp-content\/uploads\/2025\/12\/down-syndrome-woman-her-mother-playing-pick-up-sticks-home-scaled.jpg?fit=2560%2C1707&ssl=1","datePublished":"2025-12-16T07:50:06+00:00","author":{"@id":"https:\/\/tzs.pgq.temporary.site\/website_c18d3ae6\/#\/schema\/person\/655446504db2a404e6921d90ab7c0a0f"},"breadcrumb":{"@id":"https:\/\/educatespilar.com\/la-educacion-especial\/#breadcrumb"},"inLanguage":"es-AR","potentialAction":[{"@type":"ReadAction","target":["https:\/\/educatespilar.com\/la-educacion-especial\/"]}]},{"@type":"ImageObject","inLanguage":"es-AR","@id":"https:\/\/educatespilar.com\/la-educacion-especial\/#primaryimage","url":"https:\/\/i0.wp.com\/educatespilar.com\/wp-content\/uploads\/2025\/12\/down-syndrome-woman-her-mother-playing-pick-up-sticks-home-scaled.jpg?fit=2560%2C1707&ssl=1","contentUrl":"https:\/\/i0.wp.com\/educatespilar.com\/wp-content\/uploads\/2025\/12\/down-syndrome-woman-her-mother-playing-pick-up-sticks-home-scaled.jpg?fit=2560%2C1707&ssl=1","width":2560,"height":1707},{"@type":"BreadcrumbList","@id":"https:\/\/educatespilar.com\/la-educacion-especial\/#breadcrumb","itemListElement":[{"@type":"ListItem","position":1,"name":"Home","item":"https:\/\/educatespilar.com\/"},{"@type":"ListItem","position":2,"name":"LA EDUCACI\u00d3N ESPECIAL"}]},{"@type":"WebSite","@id":"https:\/\/tzs.pgq.temporary.site\/website_c18d3ae6\/#website","url":"https:\/\/tzs.pgq.temporary.site\/website_c18d3ae6\/","name":"EducatesPilar.com","description":"","potentialAction":[{"@type":"SearchAction","target":{"@type":"EntryPoint","urlTemplate":"https:\/\/tzs.pgq.temporary.site\/website_c18d3ae6\/?s={search_term_string}"},"query-input":{"@type":"PropertyValueSpecification","valueRequired":true,"valueName":"search_term_string"}}],"inLanguage":"es-AR"},{"@type":"Person","@id":"https:\/\/tzs.pgq.temporary.site\/website_c18d3ae6\/#\/schema\/person\/655446504db2a404e6921d90ab7c0a0f","name":"educates","image":{"@type":"ImageObject","inLanguage":"es-AR","@id":"https:\/\/secure.gravatar.com\/avatar\/f1e844324149cf607705bdc3821ac52f5613382cc275e3a009bc73539c52a819?s=96&d=mm&r=g","url":"https:\/\/secure.gravatar.com\/avatar\/f1e844324149cf607705bdc3821ac52f5613382cc275e3a009bc73539c52a819?s=96&d=mm&r=g","contentUrl":"https:\/\/secure.gravatar.com\/avatar\/f1e844324149cf607705bdc3821ac52f5613382cc275e3a009bc73539c52a819?s=96&d=mm&r=g","caption":"educates"},"url":"https:\/\/educatespilar.com\/es\/author\/educates\/"}]}},"jetpack_featured_media_url":"https:\/\/i0.wp.com\/educatespilar.com\/wp-content\/uploads\/2025\/12\/down-syndrome-woman-her-mother-playing-pick-up-sticks-home-scaled.jpg?fit=2560%2C1707&ssl=1","jetpack_sharing_enabled":true,"_links":{"self":[{"href":"https:\/\/educatespilar.com\/es\/wp-json\/wp\/v2\/posts\/276","targetHints":{"allow":["GET"]}}],"collection":[{"href":"https:\/\/educatespilar.com\/es\/wp-json\/wp\/v2\/posts"}],"about":[{"href":"https:\/\/educatespilar.com\/es\/wp-json\/wp\/v2\/types\/post"}],"author":[{"embeddable":true,"href":"https:\/\/educatespilar.com\/es\/wp-json\/wp\/v2\/users\/2"}],"replies":[{"embeddable":true,"href":"https:\/\/educatespilar.com\/es\/wp-json\/wp\/v2\/comments?post=276"}],"version-history":[{"count":1,"href":"https:\/\/educatespilar.com\/es\/wp-json\/wp\/v2\/posts\/276\/revisions"}],"predecessor-version":[{"id":278,"href":"https:\/\/educatespilar.com\/es\/wp-json\/wp\/v2\/posts\/276\/revisions\/278"}],"wp:featuredmedia":[{"embeddable":true,"href":"https:\/\/educatespilar.com\/es\/wp-json\/wp\/v2\/media\/277"}],"wp:attachment":[{"href":"https:\/\/educatespilar.com\/es\/wp-json\/wp\/v2\/media?parent=276"}],"wp:term":[{"taxonomy":"category","embeddable":true,"href":"https:\/\/educatespilar.com\/es\/wp-json\/wp\/v2\/categories?post=276"},{"taxonomy":"post_tag","embeddable":true,"href":"https:\/\/educatespilar.com\/es\/wp-json\/wp\/v2\/tags?post=276"}],"curies":[{"name":"wp","href":"https:\/\/api.w.org\/{rel}","templated":true}]}}