{"id":249,"date":"2025-12-02T07:06:25","date_gmt":"2025-12-02T07:06:25","guid":{"rendered":"https:\/\/educatespilar.com\/?p=249"},"modified":"2025-12-01T17:07:15","modified_gmt":"2025-12-01T17:07:15","slug":"educacion-nacional-e-internacional","status":"publish","type":"post","link":"https:\/\/educatespilar.com\/es\/educacion-nacional-e-internacional\/","title":{"rendered":"Educaci\u00f3n Nacional e Internacional"},"content":{"rendered":"<p><img data-recalc-dims=\"1\" decoding=\"async\" loading=\"lazy\" class=\"alignnone size-medium wp-image-251\" src=\"https:\/\/i0.wp.com\/educatespilar.com\/wp-content\/uploads\/2025\/12\/internationaleducation.jpg?resize=300%2C169&#038;ssl=1\" alt=\"\" width=\"300\" height=\"169\" srcset=\"https:\/\/i0.wp.com\/educatespilar.com\/wp-content\/uploads\/2025\/12\/internationaleducation-scaled.jpg?resize=300%2C169&amp;ssl=1 300w, https:\/\/i0.wp.com\/educatespilar.com\/wp-content\/uploads\/2025\/12\/internationaleducation-scaled.jpg?resize=1024%2C576&amp;ssl=1 1024w, https:\/\/i0.wp.com\/educatespilar.com\/wp-content\/uploads\/2025\/12\/internationaleducation-scaled.jpg?resize=768%2C432&amp;ssl=1 768w, https:\/\/i0.wp.com\/educatespilar.com\/wp-content\/uploads\/2025\/12\/internationaleducation-scaled.jpg?resize=1536%2C864&amp;ssl=1 1536w, https:\/\/i0.wp.com\/educatespilar.com\/wp-content\/uploads\/2025\/12\/internationaleducation-scaled.jpg?resize=2048%2C1152&amp;ssl=1 2048w, https:\/\/i0.wp.com\/educatespilar.com\/wp-content\/uploads\/2025\/12\/internationaleducation-scaled.jpg?resize=18%2C10&amp;ssl=1 18w, https:\/\/i0.wp.com\/educatespilar.com\/wp-content\/uploads\/2025\/12\/internationaleducation-scaled.jpg?resize=600%2C338&amp;ssl=1 600w\" sizes=\"auto, (max-width: 300px) 100vw, 300px\" \/><\/p>\n<p><span style=\"font-weight: 400;\">El proceso creciente de la estatificaci\u00f3n y nacionalizaci\u00f3n de la ense\u00f1anza plantea varios problemas: En primer lugar, el de los Estados federales, que deben conservar la direcci\u00f3n y r\u00e9gimen de la ense\u00f1anza primaria y secundaria, con autonom\u00eda econ\u00f3mica y pedag\u00f3gica, pero con el apoyo del Estado nacional y el control correspondiente a este apoyo. En segundo lugar, la educaci\u00f3n estatal provincial tiene que dejar un margen de libertad y autonom\u00eda a los organismos locales, como se ha dicho, para acomodarse a las necesidades inmediatas.<\/span><\/p>\n<p><span style=\"font-weight: 400;\">En tercer lugar, la ense\u00f1anza provincial y lo-cal ha de tener un sentido nacional, respondiendo al esp\u00edritu hist\u00f3rico de la nacionalidad. Finalmente, sobre este esp\u00edritu nacional hay que desarrollar una orientaci\u00f3n de colaboraci\u00f3n y comprensi\u00f3n internacional, como miembros de la humanidad. Esto requiere la revisi\u00f3n de los programas y obras escolares, de manera que se impida el nacionalismo agresivo con respecto a los dem\u00e1s pa\u00edses y una labor de entendimiento y relaci\u00f3n con ellos, por medio de viajes, instituciones internacionales, etc. Una soluci\u00f3n posible ser\u00eda la fundaci\u00f3n de sociedades internacionales de alumnos y maestros, al modo de los boy scouts, sin car\u00e1cter premilitar ni profesional. Como, asimismo, la difusi\u00f3n y estudio de los problemas internacionales en las escuelas, en sus diversos aspectos econ\u00f3micos, sociales, pol\u00edticos, etc\u00e9tera.<\/span><\/p>\n<h2><span style=\"font-weight: 400;\">Magisterio y Profesorado<\/span><\/h2>\n<p><span style=\"font-weight: 400;\">Lo decisivo en la educaci\u00f3n no son los reglamentos, los programas, el material did\u00e1ctico, las instalaciones, etc\u00e9tera. Lo decisivo es el personal docente, el educador.<\/span><\/p>\n<p><span style=\"font-weight: 400;\">Durante siglos, la preparaci\u00f3n del magisterio ha estado confiada a los maestros mismos, mediante trabajando aqu\u00e9llos en las escuelas de \u00e9stos.<\/span><\/p>\n<p><span style=\"font-weight: 400;\">Un progreso sobre este sistema supuso, durante el siglo \u00faltimo, la formaci\u00f3n en escuelas especiales las escuelas normales- que respondieron a las condiciones culturales y pedag\u00f3gicas de la \u00e9poca de su creaci\u00f3n, v han cumplido su funci\u00f3n adecuadamente, y en ocasiones hasta espl\u00e9ndidamente. Pero las escuelas normales resultan hoy insuficientes por el nivel elemental de su ense\u00f1anza, por su obligado enciclopedismo al dar a un mismo tiempo la cultura general y la formaci\u00f3n profesional, y por su car\u00e1cter cerrado de callej\u00f3n sin salida.\u00a0<\/span><\/p>\n<p><span style=\"font-weight: 400;\">En la actualidad, la tendencia general en todas partes es llevar la formaci\u00f3n de los maestros a los centros de mayor altura cient\u00edfica y cultural, a las universidades o instituciones de car\u00e1cter universitario. Esta tendencia tiene una doble justificaci\u00f3n: de una parte, las crecientes exigencias hechas a la acci\u00f3n educativa, que supone un conocimiento cada vez m\u00e1s profundo de las materias que le sirven de base; de otra, las aspiraciones de los maestros mismos a que sus estudios y su funci\u00f3n tengan igual consideraci\u00f3n social que las de otras profesiones liberales. Adem\u00e1s, existe ya un anticipo de esta formaci\u00f3n universitaria en la que reciben en casi todas partes los profesores de la ense\u00f1anza secundaria, que no tiene mayor justificaci\u00f3n que las de los profesores de la ense\u00f1anza primaria, a no ser la puramente hist\u00f3rica, pero no la que nace de la funci\u00f3n misma, que en todo caso es m\u00e1s delicada y dif\u00edcil en la educaci\u00f3n primaria.<\/span><\/p>\n<p><span style=\"font-weight: 400;\">En suma, en nuestra \u00e9poca se aspira a una formaci\u00f3n que supone una cultura general en la escuela secundaria completa y una especial pedag\u00f3gica, adaptada a las diversas modalidades educativas, desde el jard\u00edn de infantes a la universidad. Tanto como la cantidad de escuelas, y aun m\u00e1s que ellas, en todo sistema de educaci\u00f3n p\u00fablica es necesaria su calidad, su rendimiento de trabajo. Y para ello es necesario contar con educadores adecuados. Ahora bien, en el educador lo esencial es su preparaci\u00f3n profesional. Su trabajo depende sobre todo de su preparaci\u00f3n pedag\u00f3gica. Pero tan importante como su preparaci\u00f3n es su labor en la escuela, una vez terminada aqu\u00e9lla. Por su aislamiento, el educador est\u00e1 expuesto a que su preparaci\u00f3n y su t\u00e9cnica profesional se estacionen y anquilosen.<\/span><\/p>\n<p><span style=\"font-weight: 400;\">Para evitar este peligro es necesario que el educador reciba peri\u00f3dicamente influencias o est\u00edmulos culturales y pedag\u00f3gicos de orden superior, que se ponga en contacto con profesionales destacados, que asista a los trabajos y clases pr\u00e1cticas de las mejores escuelas y que viva durante cierto tiempo en un medio cultural m\u00e1s elevado. Por ello se han organizado cursos peri\u00f3dicos de perfeccionamiento para los educadores, en los que, al mismo tiempo que se aumenta su preparaci\u00f3n, se identifican con las nuevas condiciones culturales.<\/span><\/p>\n<p><span style=\"font-weight: 400;\">Los educadores deben seleccionarse sobre la base de sus aptitudes y su vocaci\u00f3n. De ah\u00ed la necesidad de un per\u00edodo de pr\u00e1cticas y de nombramientos provisionales, antes de hacer los nombramientos definitivos. Conveniencia de empezar por escuelas rurales. Conveniencia, asimismo, de que los profesores secundarios practiquen antes en escuelas primarias.<\/span><\/p>\n<p><span style=\"font-weight: 400;\">La retribuci\u00f3n del personal docente ha de equipararse con las dem\u00e1s profesiones liberales: m\u00e9dicos, abogados, ingenieros, funcionarios, etc., ya que se tendr\u00eda una preparaci\u00f3n equivalente y un trabajo no menor en calidad y cantidad que el de aqu\u00e9llos. Asimismo, equiparaci\u00f3n de la retribuci\u00f3n de los diversos miembros del personal docente: primarios, secundarios y universitarios. Difiriendo \u00fanicamente por la calidad del trabajo. Finalmente, equiparaci\u00f3n en el status social, lo que se obtendr\u00eda, autom\u00e1ticamente, por la preparaci\u00f3n universitaria recibida.<\/span><\/p>\n","protected":false},"excerpt":{"rendered":"<p>El proceso creciente de la estatificaci\u00f3n y nacionalizaci\u00f3n de la ense\u00f1anza plantea varios problemas: En primer lugar, el de los Estados federales, que deben conservar la direcci\u00f3n y r\u00e9gimen de la ense\u00f1anza primaria y secundaria, con autonom\u00eda econ\u00f3mica y pedag\u00f3gica, pero con el apoyo del Estado nacional y el control correspondiente a este apoyo. En [&hellip;]<\/p>\n","protected":false},"author":2,"featured_media":251,"comment_status":"closed","ping_status":"closed","sticky":false,"template":"","format":"standard","meta":{"nf_dc_page":"","_jetpack_memberships_contains_paid_content":false,"footnotes":""},"categories":[9],"tags":[109,108],"class_list":["post-249","post","type-post","status-publish","format-standard","has-post-thumbnail","hentry","category-educacion","tag-educacion-internacional","tag-educacion-nacional"],"yoast_head":"<!-- This site is optimized with the Yoast SEO plugin v27.4 - https:\/\/yoast.com\/product\/yoast-seo-wordpress\/ -->\n<title>Educaci\u00f3n Nacional e Internacional - EducatesPilar.com<\/title>\n<meta name=\"robots\" content=\"index, follow, max-snippet:-1, max-image-preview:large, max-video-preview:-1\" \/>\n<link rel=\"canonical\" href=\"https:\/\/educatespilar.com\/es\/educacion-nacional-e-internacional\/\" \/>\n<meta property=\"og:locale\" content=\"es_ES\" \/>\n<meta property=\"og:type\" content=\"article\" \/>\n<meta property=\"og:title\" content=\"Educaci\u00f3n Nacional e Internacional - EducatesPilar.com\" \/>\n<meta property=\"og:description\" content=\"El proceso creciente de la estatificaci\u00f3n y nacionalizaci\u00f3n de la ense\u00f1anza plantea varios problemas: En primer lugar, el de los Estados federales, que deben conservar la direcci\u00f3n y r\u00e9gimen de la ense\u00f1anza primaria y secundaria, con autonom\u00eda econ\u00f3mica y pedag\u00f3gica, pero con el apoyo del Estado nacional y el control correspondiente a este apoyo. En [&hellip;]\" \/>\n<meta property=\"og:url\" content=\"https:\/\/educatespilar.com\/es\/educacion-nacional-e-internacional\/\" \/>\n<meta property=\"og:site_name\" content=\"EducatesPilar.com\" \/>\n<meta property=\"article:published_time\" content=\"2025-12-02T07:06:25+00:00\" \/>\n<meta property=\"og:image\" content=\"https:\/\/i0.wp.com\/educatespilar.com\/wp-content\/uploads\/2025\/12\/internationaleducation-scaled.jpg?fit=2560%2C1440&ssl=1\" \/>\n\t<meta property=\"og:image:width\" content=\"2560\" \/>\n\t<meta property=\"og:image:height\" content=\"1440\" \/>\n\t<meta property=\"og:image:type\" content=\"image\/jpeg\" \/>\n<meta name=\"author\" content=\"educates\" \/>\n<meta name=\"twitter:card\" content=\"summary_large_image\" \/>\n<meta name=\"twitter:label1\" content=\"Escrito por\" \/>\n\t<meta name=\"twitter:data1\" content=\"educates\" \/>\n\t<meta name=\"twitter:label2\" content=\"Tiempo de lectura\" \/>\n\t<meta name=\"twitter:data2\" content=\"5 minutos\" \/>\n<script type=\"application\/ld+json\" class=\"yoast-schema-graph\">{\"@context\":\"https:\\\/\\\/schema.org\",\"@graph\":[{\"@type\":\"Article\",\"@id\":\"https:\\\/\\\/educatespilar.com\\\/educacion-nacional-e-internacional\\\/#article\",\"isPartOf\":{\"@id\":\"https:\\\/\\\/educatespilar.com\\\/educacion-nacional-e-internacional\\\/\"},\"author\":{\"name\":\"educates\",\"@id\":\"https:\\\/\\\/tzs.pgq.temporary.site\\\/website_c18d3ae6\\\/#\\\/schema\\\/person\\\/655446504db2a404e6921d90ab7c0a0f\"},\"headline\":\"Educaci\u00f3n Nacional e Internacional\",\"datePublished\":\"2025-12-02T07:06:25+00:00\",\"mainEntityOfPage\":{\"@id\":\"https:\\\/\\\/educatespilar.com\\\/educacion-nacional-e-internacional\\\/\"},\"wordCount\":936,\"image\":{\"@id\":\"https:\\\/\\\/educatespilar.com\\\/educacion-nacional-e-internacional\\\/#primaryimage\"},\"thumbnailUrl\":\"https:\\\/\\\/i0.wp.com\\\/educatespilar.com\\\/wp-content\\\/uploads\\\/2025\\\/12\\\/internationaleducation-scaled.jpg?fit=2560%2C1440&ssl=1\",\"keywords\":[\"educacion internacional\",\"educacion nacional\"],\"articleSection\":[\"Educaci\u00f3n\"],\"inLanguage\":\"es-AR\"},{\"@type\":\"WebPage\",\"@id\":\"https:\\\/\\\/educatespilar.com\\\/educacion-nacional-e-internacional\\\/\",\"url\":\"https:\\\/\\\/educatespilar.com\\\/educacion-nacional-e-internacional\\\/\",\"name\":\"Educaci\u00f3n Nacional e Internacional - EducatesPilar.com\",\"isPartOf\":{\"@id\":\"https:\\\/\\\/tzs.pgq.temporary.site\\\/website_c18d3ae6\\\/#website\"},\"primaryImageOfPage\":{\"@id\":\"https:\\\/\\\/educatespilar.com\\\/educacion-nacional-e-internacional\\\/#primaryimage\"},\"image\":{\"@id\":\"https:\\\/\\\/educatespilar.com\\\/educacion-nacional-e-internacional\\\/#primaryimage\"},\"thumbnailUrl\":\"https:\\\/\\\/i0.wp.com\\\/educatespilar.com\\\/wp-content\\\/uploads\\\/2025\\\/12\\\/internationaleducation-scaled.jpg?fit=2560%2C1440&ssl=1\",\"datePublished\":\"2025-12-02T07:06:25+00:00\",\"author\":{\"@id\":\"https:\\\/\\\/tzs.pgq.temporary.site\\\/website_c18d3ae6\\\/#\\\/schema\\\/person\\\/655446504db2a404e6921d90ab7c0a0f\"},\"breadcrumb\":{\"@id\":\"https:\\\/\\\/educatespilar.com\\\/educacion-nacional-e-internacional\\\/#breadcrumb\"},\"inLanguage\":\"es-AR\",\"potentialAction\":[{\"@type\":\"ReadAction\",\"target\":[\"https:\\\/\\\/educatespilar.com\\\/educacion-nacional-e-internacional\\\/\"]}]},{\"@type\":\"ImageObject\",\"inLanguage\":\"es-AR\",\"@id\":\"https:\\\/\\\/educatespilar.com\\\/educacion-nacional-e-internacional\\\/#primaryimage\",\"url\":\"https:\\\/\\\/i0.wp.com\\\/educatespilar.com\\\/wp-content\\\/uploads\\\/2025\\\/12\\\/internationaleducation-scaled.jpg?fit=2560%2C1440&ssl=1\",\"contentUrl\":\"https:\\\/\\\/i0.wp.com\\\/educatespilar.com\\\/wp-content\\\/uploads\\\/2025\\\/12\\\/internationaleducation-scaled.jpg?fit=2560%2C1440&ssl=1\",\"width\":2560,\"height\":1440},{\"@type\":\"BreadcrumbList\",\"@id\":\"https:\\\/\\\/educatespilar.com\\\/educacion-nacional-e-internacional\\\/#breadcrumb\",\"itemListElement\":[{\"@type\":\"ListItem\",\"position\":1,\"name\":\"Home\",\"item\":\"https:\\\/\\\/educatespilar.com\\\/\"},{\"@type\":\"ListItem\",\"position\":2,\"name\":\"Educaci\u00f3n Nacional e Internacional\"}]},{\"@type\":\"WebSite\",\"@id\":\"https:\\\/\\\/tzs.pgq.temporary.site\\\/website_c18d3ae6\\\/#website\",\"url\":\"https:\\\/\\\/tzs.pgq.temporary.site\\\/website_c18d3ae6\\\/\",\"name\":\"EducatesPilar.com\",\"description\":\"\",\"potentialAction\":[{\"@type\":\"SearchAction\",\"target\":{\"@type\":\"EntryPoint\",\"urlTemplate\":\"https:\\\/\\\/tzs.pgq.temporary.site\\\/website_c18d3ae6\\\/?s={search_term_string}\"},\"query-input\":{\"@type\":\"PropertyValueSpecification\",\"valueRequired\":true,\"valueName\":\"search_term_string\"}}],\"inLanguage\":\"es-AR\"},{\"@type\":\"Person\",\"@id\":\"https:\\\/\\\/tzs.pgq.temporary.site\\\/website_c18d3ae6\\\/#\\\/schema\\\/person\\\/655446504db2a404e6921d90ab7c0a0f\",\"name\":\"educates\",\"image\":{\"@type\":\"ImageObject\",\"inLanguage\":\"es-AR\",\"@id\":\"https:\\\/\\\/secure.gravatar.com\\\/avatar\\\/f1e844324149cf607705bdc3821ac52f5613382cc275e3a009bc73539c52a819?s=96&d=mm&r=g\",\"url\":\"https:\\\/\\\/secure.gravatar.com\\\/avatar\\\/f1e844324149cf607705bdc3821ac52f5613382cc275e3a009bc73539c52a819?s=96&d=mm&r=g\",\"contentUrl\":\"https:\\\/\\\/secure.gravatar.com\\\/avatar\\\/f1e844324149cf607705bdc3821ac52f5613382cc275e3a009bc73539c52a819?s=96&d=mm&r=g\",\"caption\":\"educates\"},\"url\":\"https:\\\/\\\/educatespilar.com\\\/es\\\/author\\\/educates\\\/\"}]}<\/script>\n<!-- \/ Yoast SEO plugin. -->","yoast_head_json":{"title":"Educaci\u00f3n Nacional e Internacional - EducatesPilar.com","robots":{"index":"index","follow":"follow","max-snippet":"max-snippet:-1","max-image-preview":"max-image-preview:large","max-video-preview":"max-video-preview:-1"},"canonical":"https:\/\/educatespilar.com\/es\/educacion-nacional-e-internacional\/","og_locale":"es_ES","og_type":"article","og_title":"Educaci\u00f3n Nacional e Internacional - EducatesPilar.com","og_description":"El proceso creciente de la estatificaci\u00f3n y nacionalizaci\u00f3n de la ense\u00f1anza plantea varios problemas: En primer lugar, el de los Estados federales, que deben conservar la direcci\u00f3n y r\u00e9gimen de la ense\u00f1anza primaria y secundaria, con autonom\u00eda econ\u00f3mica y pedag\u00f3gica, pero con el apoyo del Estado nacional y el control correspondiente a este apoyo. En [&hellip;]","og_url":"https:\/\/educatespilar.com\/es\/educacion-nacional-e-internacional\/","og_site_name":"EducatesPilar.com","article_published_time":"2025-12-02T07:06:25+00:00","og_image":[{"width":2560,"height":1440,"url":"https:\/\/i0.wp.com\/educatespilar.com\/wp-content\/uploads\/2025\/12\/internationaleducation-scaled.jpg?fit=2560%2C1440&ssl=1","type":"image\/jpeg"}],"author":"educates","twitter_card":"summary_large_image","twitter_misc":{"Escrito por":"educates","Tiempo de lectura":"5 minutos"},"schema":{"@context":"https:\/\/schema.org","@graph":[{"@type":"Article","@id":"https:\/\/educatespilar.com\/educacion-nacional-e-internacional\/#article","isPartOf":{"@id":"https:\/\/educatespilar.com\/educacion-nacional-e-internacional\/"},"author":{"name":"educates","@id":"https:\/\/tzs.pgq.temporary.site\/website_c18d3ae6\/#\/schema\/person\/655446504db2a404e6921d90ab7c0a0f"},"headline":"Educaci\u00f3n Nacional e Internacional","datePublished":"2025-12-02T07:06:25+00:00","mainEntityOfPage":{"@id":"https:\/\/educatespilar.com\/educacion-nacional-e-internacional\/"},"wordCount":936,"image":{"@id":"https:\/\/educatespilar.com\/educacion-nacional-e-internacional\/#primaryimage"},"thumbnailUrl":"https:\/\/i0.wp.com\/educatespilar.com\/wp-content\/uploads\/2025\/12\/internationaleducation-scaled.jpg?fit=2560%2C1440&ssl=1","keywords":["educacion internacional","educacion nacional"],"articleSection":["Educaci\u00f3n"],"inLanguage":"es-AR"},{"@type":"WebPage","@id":"https:\/\/educatespilar.com\/educacion-nacional-e-internacional\/","url":"https:\/\/educatespilar.com\/educacion-nacional-e-internacional\/","name":"Educaci\u00f3n Nacional e Internacional - EducatesPilar.com","isPartOf":{"@id":"https:\/\/tzs.pgq.temporary.site\/website_c18d3ae6\/#website"},"primaryImageOfPage":{"@id":"https:\/\/educatespilar.com\/educacion-nacional-e-internacional\/#primaryimage"},"image":{"@id":"https:\/\/educatespilar.com\/educacion-nacional-e-internacional\/#primaryimage"},"thumbnailUrl":"https:\/\/i0.wp.com\/educatespilar.com\/wp-content\/uploads\/2025\/12\/internationaleducation-scaled.jpg?fit=2560%2C1440&ssl=1","datePublished":"2025-12-02T07:06:25+00:00","author":{"@id":"https:\/\/tzs.pgq.temporary.site\/website_c18d3ae6\/#\/schema\/person\/655446504db2a404e6921d90ab7c0a0f"},"breadcrumb":{"@id":"https:\/\/educatespilar.com\/educacion-nacional-e-internacional\/#breadcrumb"},"inLanguage":"es-AR","potentialAction":[{"@type":"ReadAction","target":["https:\/\/educatespilar.com\/educacion-nacional-e-internacional\/"]}]},{"@type":"ImageObject","inLanguage":"es-AR","@id":"https:\/\/educatespilar.com\/educacion-nacional-e-internacional\/#primaryimage","url":"https:\/\/i0.wp.com\/educatespilar.com\/wp-content\/uploads\/2025\/12\/internationaleducation-scaled.jpg?fit=2560%2C1440&ssl=1","contentUrl":"https:\/\/i0.wp.com\/educatespilar.com\/wp-content\/uploads\/2025\/12\/internationaleducation-scaled.jpg?fit=2560%2C1440&ssl=1","width":2560,"height":1440},{"@type":"BreadcrumbList","@id":"https:\/\/educatespilar.com\/educacion-nacional-e-internacional\/#breadcrumb","itemListElement":[{"@type":"ListItem","position":1,"name":"Home","item":"https:\/\/educatespilar.com\/"},{"@type":"ListItem","position":2,"name":"Educaci\u00f3n Nacional e Internacional"}]},{"@type":"WebSite","@id":"https:\/\/tzs.pgq.temporary.site\/website_c18d3ae6\/#website","url":"https:\/\/tzs.pgq.temporary.site\/website_c18d3ae6\/","name":"EducatesPilar.com","description":"","potentialAction":[{"@type":"SearchAction","target":{"@type":"EntryPoint","urlTemplate":"https:\/\/tzs.pgq.temporary.site\/website_c18d3ae6\/?s={search_term_string}"},"query-input":{"@type":"PropertyValueSpecification","valueRequired":true,"valueName":"search_term_string"}}],"inLanguage":"es-AR"},{"@type":"Person","@id":"https:\/\/tzs.pgq.temporary.site\/website_c18d3ae6\/#\/schema\/person\/655446504db2a404e6921d90ab7c0a0f","name":"educates","image":{"@type":"ImageObject","inLanguage":"es-AR","@id":"https:\/\/secure.gravatar.com\/avatar\/f1e844324149cf607705bdc3821ac52f5613382cc275e3a009bc73539c52a819?s=96&d=mm&r=g","url":"https:\/\/secure.gravatar.com\/avatar\/f1e844324149cf607705bdc3821ac52f5613382cc275e3a009bc73539c52a819?s=96&d=mm&r=g","contentUrl":"https:\/\/secure.gravatar.com\/avatar\/f1e844324149cf607705bdc3821ac52f5613382cc275e3a009bc73539c52a819?s=96&d=mm&r=g","caption":"educates"},"url":"https:\/\/educatespilar.com\/es\/author\/educates\/"}]}},"jetpack_featured_media_url":"https:\/\/i0.wp.com\/educatespilar.com\/wp-content\/uploads\/2025\/12\/internationaleducation-scaled.jpg?fit=2560%2C1440&ssl=1","jetpack_sharing_enabled":true,"_links":{"self":[{"href":"https:\/\/educatespilar.com\/es\/wp-json\/wp\/v2\/posts\/249","targetHints":{"allow":["GET"]}}],"collection":[{"href":"https:\/\/educatespilar.com\/es\/wp-json\/wp\/v2\/posts"}],"about":[{"href":"https:\/\/educatespilar.com\/es\/wp-json\/wp\/v2\/types\/post"}],"author":[{"embeddable":true,"href":"https:\/\/educatespilar.com\/es\/wp-json\/wp\/v2\/users\/2"}],"replies":[{"embeddable":true,"href":"https:\/\/educatespilar.com\/es\/wp-json\/wp\/v2\/comments?post=249"}],"version-history":[{"count":1,"href":"https:\/\/educatespilar.com\/es\/wp-json\/wp\/v2\/posts\/249\/revisions"}],"predecessor-version":[{"id":252,"href":"https:\/\/educatespilar.com\/es\/wp-json\/wp\/v2\/posts\/249\/revisions\/252"}],"wp:featuredmedia":[{"embeddable":true,"href":"https:\/\/educatespilar.com\/es\/wp-json\/wp\/v2\/media\/251"}],"wp:attachment":[{"href":"https:\/\/educatespilar.com\/es\/wp-json\/wp\/v2\/media?parent=249"}],"wp:term":[{"taxonomy":"category","embeddable":true,"href":"https:\/\/educatespilar.com\/es\/wp-json\/wp\/v2\/categories?post=249"},{"taxonomy":"post_tag","embeddable":true,"href":"https:\/\/educatespilar.com\/es\/wp-json\/wp\/v2\/tags?post=249"}],"curies":[{"name":"wp","href":"https:\/\/api.w.org\/{rel}","templated":true}]}}