{"id":219,"date":"2025-11-20T14:06:49","date_gmt":"2025-11-20T14:06:49","guid":{"rendered":"https:\/\/educatespilar.com\/?p=219"},"modified":"2025-11-17T14:07:42","modified_gmt":"2025-11-17T14:07:42","slug":"pedagogia-fundamentacion","status":"publish","type":"post","link":"https:\/\/educatespilar.com\/es\/pedagogia-fundamentacion\/","title":{"rendered":"Pedagog\u00eda. Fundamentaci\u00f3n"},"content":{"rendered":"<p><img data-recalc-dims=\"1\" decoding=\"async\" loading=\"lazy\" class=\"alignnone size-medium wp-image-221\" src=\"https:\/\/i0.wp.com\/educatespilar.com\/wp-content\/uploads\/2025\/11\/vista-superior-del-nino-aprendiendo-contar-en-casa.jpg?resize=300%2C200&#038;ssl=1\" alt=\"\" width=\"300\" height=\"200\" srcset=\"https:\/\/i0.wp.com\/educatespilar.com\/wp-content\/uploads\/2025\/11\/vista-superior-del-nino-aprendiendo-contar-en-casa-scaled.jpg?resize=300%2C200&amp;ssl=1 300w, https:\/\/i0.wp.com\/educatespilar.com\/wp-content\/uploads\/2025\/11\/vista-superior-del-nino-aprendiendo-contar-en-casa-scaled.jpg?resize=1024%2C681&amp;ssl=1 1024w, https:\/\/i0.wp.com\/educatespilar.com\/wp-content\/uploads\/2025\/11\/vista-superior-del-nino-aprendiendo-contar-en-casa-scaled.jpg?resize=768%2C511&amp;ssl=1 768w, https:\/\/i0.wp.com\/educatespilar.com\/wp-content\/uploads\/2025\/11\/vista-superior-del-nino-aprendiendo-contar-en-casa-scaled.jpg?resize=1536%2C1022&amp;ssl=1 1536w, https:\/\/i0.wp.com\/educatespilar.com\/wp-content\/uploads\/2025\/11\/vista-superior-del-nino-aprendiendo-contar-en-casa-scaled.jpg?resize=2048%2C1363&amp;ssl=1 2048w, https:\/\/i0.wp.com\/educatespilar.com\/wp-content\/uploads\/2025\/11\/vista-superior-del-nino-aprendiendo-contar-en-casa-scaled.jpg?resize=18%2C12&amp;ssl=1 18w\" sizes=\"auto, (max-width: 300px) 100vw, 300px\" \/><\/p>\n<h2><strong>Pedagog\u00eda como ciencia, no como mera doctrina art\u00edstica<\/strong><\/h2>\n<p><span style=\"font-weight: 400;\">Por Pedagog\u00eda entendemos nosotros la ciencia de la formaci\u00f3n (Bildung), esto es, el fundamento teor\u00e9tico para distinguir las cuestiones referentes a la educaci\u00f3n y a la instrucci\u00f3n. Una Pedagog\u00eda como mera doctrina art\u00edstica, esto es, como indicaci\u00f3n para la pr\u00e1ctica de educar e instruir, supone necesariamente la fundamentaci\u00f3n cient\u00edfica; adem\u00e1s, s\u00f3lo puede ser de utilidad en uni\u00f3n inmediata con la misma pr\u00e1ctica.\u00a0<\/span><\/p>\n<h2><b>Descripci\u00f3n anal\u00f3gica del problema do la educaci\u00f3n<\/b><\/h2>\n<p><span style=\"font-weight: 400;\">La expresi\u00f3n educar descansa en la analog\u00eda con el cultivo de las plantas o de los animales. Con esto se indica la diferencia y la relaci\u00f3n mutua que existe entre naturaleza y cultura. Supone que hay un crecimiento, un desarrollo constantemente progresivo de una situaci\u00f3n dada hasta una cierta altura, la cual debe alcanzarse en circunstancias normales y que es posible exigir este crecimiento con el m\u00ednimum de perturbaci\u00f3n, mediante especiales cuidados y preocupaciones adecuadas, sin las cuales no se conseguir\u00eda el mismo fin, o por lo menos no se alcanzar\u00eda tan bien.\u00a0<\/span><\/p>\n<p><span style=\"font-weight: 400;\">La primera suposici\u00f3n corresponde al fin y al contenido, la segunda al camino de la educaci\u00f3n; la primera al qu\u00e9 y por qu\u00e9, la segunda al c\u00f3mo. La palabra formaci\u00f3n, empleada quiz\u00e1 m\u00e1s adecuadamente para designar todo el problema pedag\u00f3gico, indica m\u00e1s claramente la forma, esto es, la legalidad interior de la formaci\u00f3n de lo humano en el hombre. Recuerda la formaci\u00f3n espont\u00e1nea que se realiza en la actividad formadora del artista, o tambi\u00e9n en la fuerza pr\u00e1ctica de la Naturaleza, en su producci\u00f3n org\u00e1nica, formaci\u00f3n que puede ser apoyada desde fuera, del mismo modo que el crecimiento de las plantas mediante el cuidado del jardinero; \u00e9stas, sin embargo, siguen las leyes interiores propias y esenciales.<\/span><\/p>\n<h2><b>Problema del concepto de la formaci\u00f3n (Bildung) o de la educaci\u00f3n (Edziehung)<\/b><\/h2>\n<p><span style=\"font-weight: 400;\">El concepto de la educaci\u00f3n indica tambi\u00e9n, en tanto que considera la formaci\u00f3n del hombre como cosa de la voluntad del educador, un fin que se encuentra en esta voluntad. Al concepto de algo que no es, sino que debe ser, le llamamos nosotros, en general, idea. Por tanto, el concepto de la formaci\u00f3n o de la educaci\u00f3n nos conduce al problema del fundamento de la idea.<\/span><\/p>\n<h2><b>Principio para la deducci\u00f3n de la idea de la formaci\u00f3n (Bildung)<\/b><\/h2>\n<p><span style=\"font-weight: 400;\">Esta descansa, por un lado, en la base de nuestra experiencia originaria; mas por otro lado no se halla limitada por los confines de nuestra experiencia cotidiana, sino que puede ir con el pensamiento m\u00e1s all\u00e1 de toda percepci\u00f3n dada de c\u00f3mo es una cosa, concibiendo c\u00f3mo debe ser.<\/span><\/p>\n<p><span style=\"font-weight: 400;\">Todo lo que acontece en el tiempo se somete a las leyes de la causalidad. Tambi\u00e9n nuestra conciencia, como un acontecer en el tiempo, o considerada seg\u00fan el cambio de su contenido, se somete a ellas. Pero precisamente por su contenido no se halla ligada a la condici\u00f3n del tiempo; mira atr\u00e1s y adelante; presentase, por tanto, fuera del tiempo; toma su punto de vista por encima de \u00e9l.\u00a0<\/span><\/p>\n<p><span style=\"font-weight: 400;\">Precisamente por todo esto puede referir lo que, partiendo de tai y tai causa, aconteci\u00f3, acontece y acontecer\u00e1 en el tiempo a la idea no temporal, tal y como doble acontecer. Ciertamente, en esto que nosotros presentamos exteriormente como un objeto de la experiencia y que diferenciamos de nosotros mismos, es decir, en los objetos de la \u00abnaturaleza\u00bb, no se puede emplear, sin m\u00e1s, este modo de consideraci\u00f3n; por el contrario, tiene su empleo en nosotros, en tanto que tenemos una conciencia de nosotros mismos, con un derecho indudable e incondicionado. Justifica el que nos consideremos, no meramente como naturaleza, esto es, como objetos de la experiencia; que midamos y refiramos al mismo tiempo en ella nuestro ser emp\u00edrico y finito a su fin extra emp\u00edrico e infinito: la idea. Pero con esto conserva la idea igualmente una estrecha relaci\u00f3n con la experiencia, pues, aunque la consideraci\u00f3n se eleva desde el punto de vista de la idea, permaneces sin embargo, indicada siempre en la experiencia, seg\u00fan la materia; la idea significa, en \u00faltimo t\u00e9rmino, el problema infinito de la experiencia. Prescribe un proceso gradual y finito; pero seg\u00fan un punto final meramente pensado en lo infinito y que no es alcanzable nunca emp\u00edricamente.\u00a0<\/span><\/p>\n","protected":false},"excerpt":{"rendered":"<p>Pedagog\u00eda como ciencia, no como mera doctrina art\u00edstica Por Pedagog\u00eda entendemos nosotros la ciencia de la formaci\u00f3n (Bildung), esto es, el fundamento teor\u00e9tico para distinguir las cuestiones referentes a la educaci\u00f3n y a la instrucci\u00f3n. Una Pedagog\u00eda como mera doctrina art\u00edstica, esto es, como indicaci\u00f3n para la pr\u00e1ctica de educar e instruir, supone necesariamente la [&hellip;]<\/p>\n","protected":false},"author":2,"featured_media":221,"comment_status":"closed","ping_status":"closed","sticky":false,"template":"","format":"standard","meta":{"nf_dc_page":"","_jetpack_memberships_contains_paid_content":false,"footnotes":""},"categories":[9],"tags":[61],"class_list":["post-219","post","type-post","status-publish","format-standard","has-post-thumbnail","hentry","category-educacion","tag-pedagogia"],"yoast_head":"<!-- This site is optimized with the Yoast SEO plugin v27.4 - https:\/\/yoast.com\/product\/yoast-seo-wordpress\/ -->\n<title>Pedagog\u00eda. Fundamentaci\u00f3n - EducatesPilar.com<\/title>\n<meta name=\"robots\" content=\"index, follow, max-snippet:-1, max-image-preview:large, max-video-preview:-1\" \/>\n<link rel=\"canonical\" href=\"https:\/\/educatespilar.com\/es\/pedagogia-fundamentacion\/\" \/>\n<meta property=\"og:locale\" content=\"es_ES\" \/>\n<meta property=\"og:type\" content=\"article\" \/>\n<meta property=\"og:title\" content=\"Pedagog\u00eda. Fundamentaci\u00f3n - EducatesPilar.com\" \/>\n<meta property=\"og:description\" content=\"Pedagog\u00eda como ciencia, no como mera doctrina art\u00edstica Por Pedagog\u00eda entendemos nosotros la ciencia de la formaci\u00f3n (Bildung), esto es, el fundamento teor\u00e9tico para distinguir las cuestiones referentes a la educaci\u00f3n y a la instrucci\u00f3n. Una Pedagog\u00eda como mera doctrina art\u00edstica, esto es, como indicaci\u00f3n para la pr\u00e1ctica de educar e instruir, supone necesariamente la [&hellip;]\" \/>\n<meta property=\"og:url\" content=\"https:\/\/educatespilar.com\/es\/pedagogia-fundamentacion\/\" \/>\n<meta property=\"og:site_name\" content=\"EducatesPilar.com\" \/>\n<meta property=\"article:published_time\" content=\"2025-11-20T14:06:49+00:00\" \/>\n<meta property=\"og:image\" content=\"https:\/\/i0.wp.com\/educatespilar.com\/wp-content\/uploads\/2025\/11\/vista-superior-del-nino-aprendiendo-contar-en-casa-scaled.jpg?fit=2560%2C1703&ssl=1\" \/>\n\t<meta property=\"og:image:width\" content=\"2560\" \/>\n\t<meta property=\"og:image:height\" content=\"1703\" \/>\n\t<meta property=\"og:image:type\" content=\"image\/jpeg\" \/>\n<meta name=\"author\" content=\"educates\" \/>\n<meta name=\"twitter:card\" content=\"summary_large_image\" \/>\n<meta name=\"twitter:label1\" content=\"Escrito por\" \/>\n\t<meta name=\"twitter:data1\" content=\"educates\" \/>\n\t<meta name=\"twitter:label2\" content=\"Tiempo de lectura\" \/>\n\t<meta name=\"twitter:data2\" content=\"4 minutos\" \/>\n<script type=\"application\/ld+json\" class=\"yoast-schema-graph\">{\"@context\":\"https:\\\/\\\/schema.org\",\"@graph\":[{\"@type\":\"Article\",\"@id\":\"https:\\\/\\\/educatespilar.com\\\/pedagogia-fundamentacion\\\/#article\",\"isPartOf\":{\"@id\":\"https:\\\/\\\/educatespilar.com\\\/pedagogia-fundamentacion\\\/\"},\"author\":{\"name\":\"educates\",\"@id\":\"https:\\\/\\\/tzs.pgq.temporary.site\\\/website_c18d3ae6\\\/#\\\/schema\\\/person\\\/655446504db2a404e6921d90ab7c0a0f\"},\"headline\":\"Pedagog\u00eda. Fundamentaci\u00f3n\",\"datePublished\":\"2025-11-20T14:06:49+00:00\",\"mainEntityOfPage\":{\"@id\":\"https:\\\/\\\/educatespilar.com\\\/pedagogia-fundamentacion\\\/\"},\"wordCount\":771,\"image\":{\"@id\":\"https:\\\/\\\/educatespilar.com\\\/pedagogia-fundamentacion\\\/#primaryimage\"},\"thumbnailUrl\":\"https:\\\/\\\/i0.wp.com\\\/educatespilar.com\\\/wp-content\\\/uploads\\\/2025\\\/11\\\/vista-superior-del-nino-aprendiendo-contar-en-casa-scaled.jpg?fit=2560%2C1703&ssl=1\",\"keywords\":[\"pedagogia\"],\"articleSection\":[\"Educaci\u00f3n\"],\"inLanguage\":\"es-AR\"},{\"@type\":\"WebPage\",\"@id\":\"https:\\\/\\\/educatespilar.com\\\/pedagogia-fundamentacion\\\/\",\"url\":\"https:\\\/\\\/educatespilar.com\\\/pedagogia-fundamentacion\\\/\",\"name\":\"Pedagog\u00eda. Fundamentaci\u00f3n - EducatesPilar.com\",\"isPartOf\":{\"@id\":\"https:\\\/\\\/tzs.pgq.temporary.site\\\/website_c18d3ae6\\\/#website\"},\"primaryImageOfPage\":{\"@id\":\"https:\\\/\\\/educatespilar.com\\\/pedagogia-fundamentacion\\\/#primaryimage\"},\"image\":{\"@id\":\"https:\\\/\\\/educatespilar.com\\\/pedagogia-fundamentacion\\\/#primaryimage\"},\"thumbnailUrl\":\"https:\\\/\\\/i0.wp.com\\\/educatespilar.com\\\/wp-content\\\/uploads\\\/2025\\\/11\\\/vista-superior-del-nino-aprendiendo-contar-en-casa-scaled.jpg?fit=2560%2C1703&ssl=1\",\"datePublished\":\"2025-11-20T14:06:49+00:00\",\"author\":{\"@id\":\"https:\\\/\\\/tzs.pgq.temporary.site\\\/website_c18d3ae6\\\/#\\\/schema\\\/person\\\/655446504db2a404e6921d90ab7c0a0f\"},\"breadcrumb\":{\"@id\":\"https:\\\/\\\/educatespilar.com\\\/pedagogia-fundamentacion\\\/#breadcrumb\"},\"inLanguage\":\"es-AR\",\"potentialAction\":[{\"@type\":\"ReadAction\",\"target\":[\"https:\\\/\\\/educatespilar.com\\\/pedagogia-fundamentacion\\\/\"]}]},{\"@type\":\"ImageObject\",\"inLanguage\":\"es-AR\",\"@id\":\"https:\\\/\\\/educatespilar.com\\\/pedagogia-fundamentacion\\\/#primaryimage\",\"url\":\"https:\\\/\\\/i0.wp.com\\\/educatespilar.com\\\/wp-content\\\/uploads\\\/2025\\\/11\\\/vista-superior-del-nino-aprendiendo-contar-en-casa-scaled.jpg?fit=2560%2C1703&ssl=1\",\"contentUrl\":\"https:\\\/\\\/i0.wp.com\\\/educatespilar.com\\\/wp-content\\\/uploads\\\/2025\\\/11\\\/vista-superior-del-nino-aprendiendo-contar-en-casa-scaled.jpg?fit=2560%2C1703&ssl=1\",\"width\":2560,\"height\":1703},{\"@type\":\"BreadcrumbList\",\"@id\":\"https:\\\/\\\/educatespilar.com\\\/pedagogia-fundamentacion\\\/#breadcrumb\",\"itemListElement\":[{\"@type\":\"ListItem\",\"position\":1,\"name\":\"Home\",\"item\":\"https:\\\/\\\/educatespilar.com\\\/\"},{\"@type\":\"ListItem\",\"position\":2,\"name\":\"Pedagog\u00eda. Fundamentaci\u00f3n\"}]},{\"@type\":\"WebSite\",\"@id\":\"https:\\\/\\\/tzs.pgq.temporary.site\\\/website_c18d3ae6\\\/#website\",\"url\":\"https:\\\/\\\/tzs.pgq.temporary.site\\\/website_c18d3ae6\\\/\",\"name\":\"EducatesPilar.com\",\"description\":\"\",\"potentialAction\":[{\"@type\":\"SearchAction\",\"target\":{\"@type\":\"EntryPoint\",\"urlTemplate\":\"https:\\\/\\\/tzs.pgq.temporary.site\\\/website_c18d3ae6\\\/?s={search_term_string}\"},\"query-input\":{\"@type\":\"PropertyValueSpecification\",\"valueRequired\":true,\"valueName\":\"search_term_string\"}}],\"inLanguage\":\"es-AR\"},{\"@type\":\"Person\",\"@id\":\"https:\\\/\\\/tzs.pgq.temporary.site\\\/website_c18d3ae6\\\/#\\\/schema\\\/person\\\/655446504db2a404e6921d90ab7c0a0f\",\"name\":\"educates\",\"image\":{\"@type\":\"ImageObject\",\"inLanguage\":\"es-AR\",\"@id\":\"https:\\\/\\\/secure.gravatar.com\\\/avatar\\\/f1e844324149cf607705bdc3821ac52f5613382cc275e3a009bc73539c52a819?s=96&d=mm&r=g\",\"url\":\"https:\\\/\\\/secure.gravatar.com\\\/avatar\\\/f1e844324149cf607705bdc3821ac52f5613382cc275e3a009bc73539c52a819?s=96&d=mm&r=g\",\"contentUrl\":\"https:\\\/\\\/secure.gravatar.com\\\/avatar\\\/f1e844324149cf607705bdc3821ac52f5613382cc275e3a009bc73539c52a819?s=96&d=mm&r=g\",\"caption\":\"educates\"},\"url\":\"https:\\\/\\\/educatespilar.com\\\/es\\\/author\\\/educates\\\/\"}]}<\/script>\n<!-- \/ Yoast SEO plugin. -->","yoast_head_json":{"title":"Pedagog\u00eda. Fundamentaci\u00f3n - EducatesPilar.com","robots":{"index":"index","follow":"follow","max-snippet":"max-snippet:-1","max-image-preview":"max-image-preview:large","max-video-preview":"max-video-preview:-1"},"canonical":"https:\/\/educatespilar.com\/es\/pedagogia-fundamentacion\/","og_locale":"es_ES","og_type":"article","og_title":"Pedagog\u00eda. Fundamentaci\u00f3n - EducatesPilar.com","og_description":"Pedagog\u00eda como ciencia, no como mera doctrina art\u00edstica Por Pedagog\u00eda entendemos nosotros la ciencia de la formaci\u00f3n (Bildung), esto es, el fundamento teor\u00e9tico para distinguir las cuestiones referentes a la educaci\u00f3n y a la instrucci\u00f3n. Una Pedagog\u00eda como mera doctrina art\u00edstica, esto es, como indicaci\u00f3n para la pr\u00e1ctica de educar e instruir, supone necesariamente la [&hellip;]","og_url":"https:\/\/educatespilar.com\/es\/pedagogia-fundamentacion\/","og_site_name":"EducatesPilar.com","article_published_time":"2025-11-20T14:06:49+00:00","og_image":[{"width":2560,"height":1703,"url":"https:\/\/i0.wp.com\/educatespilar.com\/wp-content\/uploads\/2025\/11\/vista-superior-del-nino-aprendiendo-contar-en-casa-scaled.jpg?fit=2560%2C1703&ssl=1","type":"image\/jpeg"}],"author":"educates","twitter_card":"summary_large_image","twitter_misc":{"Escrito por":"educates","Tiempo de lectura":"4 minutos"},"schema":{"@context":"https:\/\/schema.org","@graph":[{"@type":"Article","@id":"https:\/\/educatespilar.com\/pedagogia-fundamentacion\/#article","isPartOf":{"@id":"https:\/\/educatespilar.com\/pedagogia-fundamentacion\/"},"author":{"name":"educates","@id":"https:\/\/tzs.pgq.temporary.site\/website_c18d3ae6\/#\/schema\/person\/655446504db2a404e6921d90ab7c0a0f"},"headline":"Pedagog\u00eda. Fundamentaci\u00f3n","datePublished":"2025-11-20T14:06:49+00:00","mainEntityOfPage":{"@id":"https:\/\/educatespilar.com\/pedagogia-fundamentacion\/"},"wordCount":771,"image":{"@id":"https:\/\/educatespilar.com\/pedagogia-fundamentacion\/#primaryimage"},"thumbnailUrl":"https:\/\/i0.wp.com\/educatespilar.com\/wp-content\/uploads\/2025\/11\/vista-superior-del-nino-aprendiendo-contar-en-casa-scaled.jpg?fit=2560%2C1703&ssl=1","keywords":["pedagogia"],"articleSection":["Educaci\u00f3n"],"inLanguage":"es-AR"},{"@type":"WebPage","@id":"https:\/\/educatespilar.com\/pedagogia-fundamentacion\/","url":"https:\/\/educatespilar.com\/pedagogia-fundamentacion\/","name":"Pedagog\u00eda. Fundamentaci\u00f3n - EducatesPilar.com","isPartOf":{"@id":"https:\/\/tzs.pgq.temporary.site\/website_c18d3ae6\/#website"},"primaryImageOfPage":{"@id":"https:\/\/educatespilar.com\/pedagogia-fundamentacion\/#primaryimage"},"image":{"@id":"https:\/\/educatespilar.com\/pedagogia-fundamentacion\/#primaryimage"},"thumbnailUrl":"https:\/\/i0.wp.com\/educatespilar.com\/wp-content\/uploads\/2025\/11\/vista-superior-del-nino-aprendiendo-contar-en-casa-scaled.jpg?fit=2560%2C1703&ssl=1","datePublished":"2025-11-20T14:06:49+00:00","author":{"@id":"https:\/\/tzs.pgq.temporary.site\/website_c18d3ae6\/#\/schema\/person\/655446504db2a404e6921d90ab7c0a0f"},"breadcrumb":{"@id":"https:\/\/educatespilar.com\/pedagogia-fundamentacion\/#breadcrumb"},"inLanguage":"es-AR","potentialAction":[{"@type":"ReadAction","target":["https:\/\/educatespilar.com\/pedagogia-fundamentacion\/"]}]},{"@type":"ImageObject","inLanguage":"es-AR","@id":"https:\/\/educatespilar.com\/pedagogia-fundamentacion\/#primaryimage","url":"https:\/\/i0.wp.com\/educatespilar.com\/wp-content\/uploads\/2025\/11\/vista-superior-del-nino-aprendiendo-contar-en-casa-scaled.jpg?fit=2560%2C1703&ssl=1","contentUrl":"https:\/\/i0.wp.com\/educatespilar.com\/wp-content\/uploads\/2025\/11\/vista-superior-del-nino-aprendiendo-contar-en-casa-scaled.jpg?fit=2560%2C1703&ssl=1","width":2560,"height":1703},{"@type":"BreadcrumbList","@id":"https:\/\/educatespilar.com\/pedagogia-fundamentacion\/#breadcrumb","itemListElement":[{"@type":"ListItem","position":1,"name":"Home","item":"https:\/\/educatespilar.com\/"},{"@type":"ListItem","position":2,"name":"Pedagog\u00eda. Fundamentaci\u00f3n"}]},{"@type":"WebSite","@id":"https:\/\/tzs.pgq.temporary.site\/website_c18d3ae6\/#website","url":"https:\/\/tzs.pgq.temporary.site\/website_c18d3ae6\/","name":"EducatesPilar.com","description":"","potentialAction":[{"@type":"SearchAction","target":{"@type":"EntryPoint","urlTemplate":"https:\/\/tzs.pgq.temporary.site\/website_c18d3ae6\/?s={search_term_string}"},"query-input":{"@type":"PropertyValueSpecification","valueRequired":true,"valueName":"search_term_string"}}],"inLanguage":"es-AR"},{"@type":"Person","@id":"https:\/\/tzs.pgq.temporary.site\/website_c18d3ae6\/#\/schema\/person\/655446504db2a404e6921d90ab7c0a0f","name":"educates","image":{"@type":"ImageObject","inLanguage":"es-AR","@id":"https:\/\/secure.gravatar.com\/avatar\/f1e844324149cf607705bdc3821ac52f5613382cc275e3a009bc73539c52a819?s=96&d=mm&r=g","url":"https:\/\/secure.gravatar.com\/avatar\/f1e844324149cf607705bdc3821ac52f5613382cc275e3a009bc73539c52a819?s=96&d=mm&r=g","contentUrl":"https:\/\/secure.gravatar.com\/avatar\/f1e844324149cf607705bdc3821ac52f5613382cc275e3a009bc73539c52a819?s=96&d=mm&r=g","caption":"educates"},"url":"https:\/\/educatespilar.com\/es\/author\/educates\/"}]}},"jetpack_featured_media_url":"https:\/\/i0.wp.com\/educatespilar.com\/wp-content\/uploads\/2025\/11\/vista-superior-del-nino-aprendiendo-contar-en-casa-scaled.jpg?fit=2560%2C1703&ssl=1","jetpack_sharing_enabled":true,"_links":{"self":[{"href":"https:\/\/educatespilar.com\/es\/wp-json\/wp\/v2\/posts\/219","targetHints":{"allow":["GET"]}}],"collection":[{"href":"https:\/\/educatespilar.com\/es\/wp-json\/wp\/v2\/posts"}],"about":[{"href":"https:\/\/educatespilar.com\/es\/wp-json\/wp\/v2\/types\/post"}],"author":[{"embeddable":true,"href":"https:\/\/educatespilar.com\/es\/wp-json\/wp\/v2\/users\/2"}],"replies":[{"embeddable":true,"href":"https:\/\/educatespilar.com\/es\/wp-json\/wp\/v2\/comments?post=219"}],"version-history":[{"count":1,"href":"https:\/\/educatespilar.com\/es\/wp-json\/wp\/v2\/posts\/219\/revisions"}],"predecessor-version":[{"id":222,"href":"https:\/\/educatespilar.com\/es\/wp-json\/wp\/v2\/posts\/219\/revisions\/222"}],"wp:featuredmedia":[{"embeddable":true,"href":"https:\/\/educatespilar.com\/es\/wp-json\/wp\/v2\/media\/221"}],"wp:attachment":[{"href":"https:\/\/educatespilar.com\/es\/wp-json\/wp\/v2\/media?parent=219"}],"wp:term":[{"taxonomy":"category","embeddable":true,"href":"https:\/\/educatespilar.com\/es\/wp-json\/wp\/v2\/categories?post=219"},{"taxonomy":"post_tag","embeddable":true,"href":"https:\/\/educatespilar.com\/es\/wp-json\/wp\/v2\/tags?post=219"}],"curies":[{"name":"wp","href":"https:\/\/api.w.org\/{rel}","templated":true}]}}