{"id":212,"date":"2025-11-18T14:01:02","date_gmt":"2025-11-18T14:01:02","guid":{"rendered":"https:\/\/educatespilar.com\/?p=212"},"modified":"2025-11-17T14:01:38","modified_gmt":"2025-11-17T14:01:38","slug":"la-escuela-y-sus-relaciones-con-la-sociedad","status":"publish","type":"post","link":"https:\/\/educatespilar.com\/es\/la-escuela-y-sus-relaciones-con-la-sociedad\/","title":{"rendered":"La Escuela y sus Relaciones con la Sociedad"},"content":{"rendered":"<p><img data-recalc-dims=\"1\" decoding=\"async\" loading=\"lazy\" class=\"alignnone size-medium wp-image-213\" src=\"https:\/\/i0.wp.com\/educatespilar.com\/wp-content\/uploads\/2025\/11\/estudiantes-de-nino-en-la-escuela-300x200.jpg?resize=300%2C200&#038;ssl=1\" alt=\"\" width=\"300\" height=\"200\" srcset=\"https:\/\/i0.wp.com\/educatespilar.com\/wp-content\/uploads\/2025\/11\/estudiantes-de-nino-en-la-escuela-scaled.jpg?resize=300%2C200&amp;ssl=1 300w, https:\/\/i0.wp.com\/educatespilar.com\/wp-content\/uploads\/2025\/11\/estudiantes-de-nino-en-la-escuela-scaled.jpg?resize=1024%2C683&amp;ssl=1 1024w, https:\/\/i0.wp.com\/educatespilar.com\/wp-content\/uploads\/2025\/11\/estudiantes-de-nino-en-la-escuela-scaled.jpg?resize=768%2C512&amp;ssl=1 768w, https:\/\/i0.wp.com\/educatespilar.com\/wp-content\/uploads\/2025\/11\/estudiantes-de-nino-en-la-escuela-scaled.jpg?resize=1536%2C1024&amp;ssl=1 1536w, https:\/\/i0.wp.com\/educatespilar.com\/wp-content\/uploads\/2025\/11\/estudiantes-de-nino-en-la-escuela-scaled.jpg?resize=2048%2C1365&amp;ssl=1 2048w, https:\/\/i0.wp.com\/educatespilar.com\/wp-content\/uploads\/2025\/11\/estudiantes-de-nino-en-la-escuela-scaled.jpg?resize=18%2C12&amp;ssl=1 18w\" sizes=\"auto, (max-width: 300px) 100vw, 300px\" \/><\/p>\n<p><span style=\"font-weight: 400;\">La escuela es fiel reflejo de la vida social, pues constituye una imagen reducida de la comunidad humana. Sus formas de vida, su ambiente cultural, sus valores y fines, responden a las inspiraciones de la sociedad que la ha creado. Por eso repercuten en ella las transformaciones sociales, en virtud de las cuales se modifican los sistemas de ense\u00f1anza y de convivencia. La escuela se halla en \u00edntima relaci\u00f3n con la familia y con el Estado. La familia, que tiene el derecho natural de educar a los hijos, se los conf\u00eda a la escuela para su mejor y m\u00e1s completa formaci\u00f3n cultural.\u00a0<\/span><\/p>\n<p><span style=\"font-weight: 400;\">El Estado tiene el deber de velar por la educaci\u00f3n de sus ciudadanos, principalmente en aquellos casos en que la familia carece de recursos para hacerlo por sus propios medios. En consecuencia, la escuela participa de la sociedad familiar, puesto que en el maestro encarna la autoridad y el amor del padre; y de la sociedad civil, toda vez que funda su disciplina en el respeto a la justicia, y en la observaci\u00f3n de la ley, para realizar la obra trascendental de modelar ciudadanos cultos y morales. No obstante, la escuela tiene una estructura propia y se diferencia de la familia y del Estado porque posee unas normas de vida perfectamente reguladas y definidas.<\/span><\/p>\n<p><span style=\"font-weight: 400;\">La misi\u00f3n escolar, tan compleja, tiene un aspecto fundamental: establecer la m\u00e1s estrecha y perfecta relaci\u00f3n entre el ni\u00f1o y la comunidad, asociando al estudiante, desde su m\u00e1s corta edad con el ambiente, las obligaciones y las inquietudes de la sociedad en que ha de vivir cuando sea adulto.<\/span><\/p>\n<h2><b>La Educaci\u00f3n Intelectual en la Escuela<\/b><\/h2>\n<p><span style=\"font-weight: 400;\">En la escuela, la educaci\u00f3n intelectual se logra por medio de los contenidos educativos, que est\u00e1n constituidos por el conjunto de conocimientos, habilidades y actividades que son fruto de las experiencias acumuladas por la humanidad. Pero \u00e9stas no las toma la educaci\u00f3n como algo hecho, sino como algo que el educando debe generar en su propio esp\u00edritu. Por eso tales experiencias deben repetirse en cada generaci\u00f3n de estudiantes.<\/span><\/p>\n<p><span style=\"font-weight: 400;\">El problema m\u00e1s importante en lo que se refiere a la educaci\u00f3n intelectual, consiste en la selecci\u00f3n de los contenidos educativos. Es indudable que en la escuela todo puede ense\u00f1arse: tanto el catecismo como la historia, el dibujo y la nataci\u00f3n, la dactilograf\u00eda y el ajedrez. \u00bfPero es justo y posible que todos los contenidos sean ense\u00f1ados?<\/span><\/p>\n<p><span style=\"font-weight: 400;\">Es evidente que no, pues, por desarrollar su acci\u00f3n durante un n\u00famero limitado de a\u00f1os y por la extensi\u00f3n de los conocimientos humanos, hay necesidad de limitarlos.\u00a0<\/span><\/p>\n<p><span style=\"font-weight: 400;\">Tradicionalmente, la selecci\u00f3n de los contenidos de la educaci\u00f3n intelectual se ha efectuado con sometimiento a influencias no pedag\u00f3gicas. As\u00ed, la Iglesia concedi\u00f3 valor extraordinario a la intensificaci\u00f3n de los contenidos religiosos; la vida pr\u00e1ctica, por el contrario, exigi\u00f3 ciertos contenidos de tipo profesional o t\u00e9cnico.<\/span><\/p>\n<p><span style=\"font-weight: 400;\">A\u00fan m\u00e1s: en los comienzos de la educaci\u00f3n p\u00fablica, los contenidos de la educaci\u00f3n intelectual se limitaron a la ense\u00f1anza de la lectura, la escritura y el c\u00e1lculo, a los cuales se a\u00f1ad\u00eda la ense\u00f1anza de la doctrina cristiana. Pero de estos limitados fines instructivos, que no hac\u00edan m\u00e1s que completar la acci\u00f3n educativa de la familia, se pas\u00f3 a fines m\u00e1s amplios. As\u00ed entraron en la educaci\u00f3n la gram\u00e1tica, la geograf\u00eda, la geometr\u00eda, la historia, el dibujo, la historia natural, el trabajo manual, los ejercicios f\u00edsicos, etc\u00e9tera.<\/span><\/p>\n<p>&nbsp;<\/p>\n","protected":false},"excerpt":{"rendered":"<p>La escuela es fiel reflejo de la vida social, pues constituye una imagen reducida de la comunidad humana. Sus formas de vida, su ambiente cultural, sus valores y fines, responden a las inspiraciones de la sociedad que la ha creado. Por eso repercuten en ella las transformaciones sociales, en virtud de las cuales se modifican [&hellip;]<\/p>\n","protected":false},"author":2,"featured_media":213,"comment_status":"closed","ping_status":"closed","sticky":false,"template":"","format":"standard","meta":{"nf_dc_page":"","_jetpack_memberships_contains_paid_content":false,"footnotes":""},"categories":[9],"tags":[66,84],"class_list":["post-212","post","type-post","status-publish","format-standard","has-post-thumbnail","hentry","category-educacion","tag-escuela","tag-sociedad"],"yoast_head":"<!-- This site is optimized with the Yoast SEO plugin v27.4 - https:\/\/yoast.com\/product\/yoast-seo-wordpress\/ -->\n<title>La Escuela y sus Relaciones con la Sociedad - EducatesPilar.com<\/title>\n<meta name=\"robots\" content=\"index, follow, max-snippet:-1, max-image-preview:large, max-video-preview:-1\" \/>\n<link rel=\"canonical\" href=\"https:\/\/educatespilar.com\/es\/la-escuela-y-sus-relaciones-con-la-sociedad\/\" \/>\n<meta property=\"og:locale\" content=\"es_ES\" \/>\n<meta property=\"og:type\" content=\"article\" \/>\n<meta property=\"og:title\" content=\"La Escuela y sus Relaciones con la Sociedad - EducatesPilar.com\" \/>\n<meta property=\"og:description\" content=\"La escuela es fiel reflejo de la vida social, pues constituye una imagen reducida de la comunidad humana. Sus formas de vida, su ambiente cultural, sus valores y fines, responden a las inspiraciones de la sociedad que la ha creado. Por eso repercuten en ella las transformaciones sociales, en virtud de las cuales se modifican [&hellip;]\" \/>\n<meta property=\"og:url\" content=\"https:\/\/educatespilar.com\/es\/la-escuela-y-sus-relaciones-con-la-sociedad\/\" \/>\n<meta property=\"og:site_name\" content=\"EducatesPilar.com\" \/>\n<meta property=\"article:published_time\" content=\"2025-11-18T14:01:02+00:00\" \/>\n<meta property=\"og:image\" content=\"https:\/\/i0.wp.com\/educatespilar.com\/wp-content\/uploads\/2025\/11\/estudiantes-de-nino-en-la-escuela-scaled.jpg?fit=2560%2C1707&ssl=1\" \/>\n\t<meta property=\"og:image:width\" content=\"2560\" \/>\n\t<meta property=\"og:image:height\" content=\"1707\" \/>\n\t<meta property=\"og:image:type\" content=\"image\/jpeg\" \/>\n<meta name=\"author\" content=\"educates\" \/>\n<meta name=\"twitter:card\" content=\"summary_large_image\" \/>\n<meta name=\"twitter:label1\" content=\"Escrito por\" \/>\n\t<meta name=\"twitter:data1\" content=\"educates\" \/>\n\t<meta name=\"twitter:label2\" content=\"Tiempo de lectura\" \/>\n\t<meta name=\"twitter:data2\" content=\"3 minutos\" \/>\n<script type=\"application\/ld+json\" class=\"yoast-schema-graph\">{\"@context\":\"https:\\\/\\\/schema.org\",\"@graph\":[{\"@type\":\"Article\",\"@id\":\"https:\\\/\\\/educatespilar.com\\\/la-escuela-y-sus-relaciones-con-la-sociedad\\\/#article\",\"isPartOf\":{\"@id\":\"https:\\\/\\\/educatespilar.com\\\/la-escuela-y-sus-relaciones-con-la-sociedad\\\/\"},\"author\":{\"name\":\"educates\",\"@id\":\"https:\\\/\\\/tzs.pgq.temporary.site\\\/website_c18d3ae6\\\/#\\\/schema\\\/person\\\/655446504db2a404e6921d90ab7c0a0f\"},\"headline\":\"La Escuela y sus Relaciones con la Sociedad\",\"datePublished\":\"2025-11-18T14:01:02+00:00\",\"mainEntityOfPage\":{\"@id\":\"https:\\\/\\\/educatespilar.com\\\/la-escuela-y-sus-relaciones-con-la-sociedad\\\/\"},\"wordCount\":621,\"image\":{\"@id\":\"https:\\\/\\\/educatespilar.com\\\/la-escuela-y-sus-relaciones-con-la-sociedad\\\/#primaryimage\"},\"thumbnailUrl\":\"https:\\\/\\\/i0.wp.com\\\/educatespilar.com\\\/wp-content\\\/uploads\\\/2025\\\/11\\\/estudiantes-de-nino-en-la-escuela-scaled.jpg?fit=2560%2C1707&ssl=1\",\"keywords\":[\"escuela\",\"sociedad\"],\"articleSection\":[\"Educaci\u00f3n\"],\"inLanguage\":\"es-AR\"},{\"@type\":\"WebPage\",\"@id\":\"https:\\\/\\\/educatespilar.com\\\/la-escuela-y-sus-relaciones-con-la-sociedad\\\/\",\"url\":\"https:\\\/\\\/educatespilar.com\\\/la-escuela-y-sus-relaciones-con-la-sociedad\\\/\",\"name\":\"La Escuela y sus Relaciones con la Sociedad - EducatesPilar.com\",\"isPartOf\":{\"@id\":\"https:\\\/\\\/tzs.pgq.temporary.site\\\/website_c18d3ae6\\\/#website\"},\"primaryImageOfPage\":{\"@id\":\"https:\\\/\\\/educatespilar.com\\\/la-escuela-y-sus-relaciones-con-la-sociedad\\\/#primaryimage\"},\"image\":{\"@id\":\"https:\\\/\\\/educatespilar.com\\\/la-escuela-y-sus-relaciones-con-la-sociedad\\\/#primaryimage\"},\"thumbnailUrl\":\"https:\\\/\\\/i0.wp.com\\\/educatespilar.com\\\/wp-content\\\/uploads\\\/2025\\\/11\\\/estudiantes-de-nino-en-la-escuela-scaled.jpg?fit=2560%2C1707&ssl=1\",\"datePublished\":\"2025-11-18T14:01:02+00:00\",\"author\":{\"@id\":\"https:\\\/\\\/tzs.pgq.temporary.site\\\/website_c18d3ae6\\\/#\\\/schema\\\/person\\\/655446504db2a404e6921d90ab7c0a0f\"},\"breadcrumb\":{\"@id\":\"https:\\\/\\\/educatespilar.com\\\/la-escuela-y-sus-relaciones-con-la-sociedad\\\/#breadcrumb\"},\"inLanguage\":\"es-AR\",\"potentialAction\":[{\"@type\":\"ReadAction\",\"target\":[\"https:\\\/\\\/educatespilar.com\\\/la-escuela-y-sus-relaciones-con-la-sociedad\\\/\"]}]},{\"@type\":\"ImageObject\",\"inLanguage\":\"es-AR\",\"@id\":\"https:\\\/\\\/educatespilar.com\\\/la-escuela-y-sus-relaciones-con-la-sociedad\\\/#primaryimage\",\"url\":\"https:\\\/\\\/i0.wp.com\\\/educatespilar.com\\\/wp-content\\\/uploads\\\/2025\\\/11\\\/estudiantes-de-nino-en-la-escuela-scaled.jpg?fit=2560%2C1707&ssl=1\",\"contentUrl\":\"https:\\\/\\\/i0.wp.com\\\/educatespilar.com\\\/wp-content\\\/uploads\\\/2025\\\/11\\\/estudiantes-de-nino-en-la-escuela-scaled.jpg?fit=2560%2C1707&ssl=1\",\"width\":2560,\"height\":1707},{\"@type\":\"BreadcrumbList\",\"@id\":\"https:\\\/\\\/educatespilar.com\\\/la-escuela-y-sus-relaciones-con-la-sociedad\\\/#breadcrumb\",\"itemListElement\":[{\"@type\":\"ListItem\",\"position\":1,\"name\":\"Home\",\"item\":\"https:\\\/\\\/educatespilar.com\\\/\"},{\"@type\":\"ListItem\",\"position\":2,\"name\":\"La Escuela y sus Relaciones con la Sociedad\"}]},{\"@type\":\"WebSite\",\"@id\":\"https:\\\/\\\/tzs.pgq.temporary.site\\\/website_c18d3ae6\\\/#website\",\"url\":\"https:\\\/\\\/tzs.pgq.temporary.site\\\/website_c18d3ae6\\\/\",\"name\":\"EducatesPilar.com\",\"description\":\"\",\"potentialAction\":[{\"@type\":\"SearchAction\",\"target\":{\"@type\":\"EntryPoint\",\"urlTemplate\":\"https:\\\/\\\/tzs.pgq.temporary.site\\\/website_c18d3ae6\\\/?s={search_term_string}\"},\"query-input\":{\"@type\":\"PropertyValueSpecification\",\"valueRequired\":true,\"valueName\":\"search_term_string\"}}],\"inLanguage\":\"es-AR\"},{\"@type\":\"Person\",\"@id\":\"https:\\\/\\\/tzs.pgq.temporary.site\\\/website_c18d3ae6\\\/#\\\/schema\\\/person\\\/655446504db2a404e6921d90ab7c0a0f\",\"name\":\"educates\",\"image\":{\"@type\":\"ImageObject\",\"inLanguage\":\"es-AR\",\"@id\":\"https:\\\/\\\/secure.gravatar.com\\\/avatar\\\/f1e844324149cf607705bdc3821ac52f5613382cc275e3a009bc73539c52a819?s=96&d=mm&r=g\",\"url\":\"https:\\\/\\\/secure.gravatar.com\\\/avatar\\\/f1e844324149cf607705bdc3821ac52f5613382cc275e3a009bc73539c52a819?s=96&d=mm&r=g\",\"contentUrl\":\"https:\\\/\\\/secure.gravatar.com\\\/avatar\\\/f1e844324149cf607705bdc3821ac52f5613382cc275e3a009bc73539c52a819?s=96&d=mm&r=g\",\"caption\":\"educates\"},\"url\":\"https:\\\/\\\/educatespilar.com\\\/es\\\/author\\\/educates\\\/\"}]}<\/script>\n<!-- \/ Yoast SEO plugin. -->","yoast_head_json":{"title":"La Escuela y sus Relaciones con la Sociedad - EducatesPilar.com","robots":{"index":"index","follow":"follow","max-snippet":"max-snippet:-1","max-image-preview":"max-image-preview:large","max-video-preview":"max-video-preview:-1"},"canonical":"https:\/\/educatespilar.com\/es\/la-escuela-y-sus-relaciones-con-la-sociedad\/","og_locale":"es_ES","og_type":"article","og_title":"La Escuela y sus Relaciones con la Sociedad - EducatesPilar.com","og_description":"La escuela es fiel reflejo de la vida social, pues constituye una imagen reducida de la comunidad humana. Sus formas de vida, su ambiente cultural, sus valores y fines, responden a las inspiraciones de la sociedad que la ha creado. Por eso repercuten en ella las transformaciones sociales, en virtud de las cuales se modifican [&hellip;]","og_url":"https:\/\/educatespilar.com\/es\/la-escuela-y-sus-relaciones-con-la-sociedad\/","og_site_name":"EducatesPilar.com","article_published_time":"2025-11-18T14:01:02+00:00","og_image":[{"width":2560,"height":1707,"url":"https:\/\/i0.wp.com\/educatespilar.com\/wp-content\/uploads\/2025\/11\/estudiantes-de-nino-en-la-escuela-scaled.jpg?fit=2560%2C1707&ssl=1","type":"image\/jpeg"}],"author":"educates","twitter_card":"summary_large_image","twitter_misc":{"Escrito por":"educates","Tiempo de lectura":"3 minutos"},"schema":{"@context":"https:\/\/schema.org","@graph":[{"@type":"Article","@id":"https:\/\/educatespilar.com\/la-escuela-y-sus-relaciones-con-la-sociedad\/#article","isPartOf":{"@id":"https:\/\/educatespilar.com\/la-escuela-y-sus-relaciones-con-la-sociedad\/"},"author":{"name":"educates","@id":"https:\/\/tzs.pgq.temporary.site\/website_c18d3ae6\/#\/schema\/person\/655446504db2a404e6921d90ab7c0a0f"},"headline":"La Escuela y sus Relaciones con la Sociedad","datePublished":"2025-11-18T14:01:02+00:00","mainEntityOfPage":{"@id":"https:\/\/educatespilar.com\/la-escuela-y-sus-relaciones-con-la-sociedad\/"},"wordCount":621,"image":{"@id":"https:\/\/educatespilar.com\/la-escuela-y-sus-relaciones-con-la-sociedad\/#primaryimage"},"thumbnailUrl":"https:\/\/i0.wp.com\/educatespilar.com\/wp-content\/uploads\/2025\/11\/estudiantes-de-nino-en-la-escuela-scaled.jpg?fit=2560%2C1707&ssl=1","keywords":["escuela","sociedad"],"articleSection":["Educaci\u00f3n"],"inLanguage":"es-AR"},{"@type":"WebPage","@id":"https:\/\/educatespilar.com\/la-escuela-y-sus-relaciones-con-la-sociedad\/","url":"https:\/\/educatespilar.com\/la-escuela-y-sus-relaciones-con-la-sociedad\/","name":"La Escuela y sus Relaciones con la Sociedad - EducatesPilar.com","isPartOf":{"@id":"https:\/\/tzs.pgq.temporary.site\/website_c18d3ae6\/#website"},"primaryImageOfPage":{"@id":"https:\/\/educatespilar.com\/la-escuela-y-sus-relaciones-con-la-sociedad\/#primaryimage"},"image":{"@id":"https:\/\/educatespilar.com\/la-escuela-y-sus-relaciones-con-la-sociedad\/#primaryimage"},"thumbnailUrl":"https:\/\/i0.wp.com\/educatespilar.com\/wp-content\/uploads\/2025\/11\/estudiantes-de-nino-en-la-escuela-scaled.jpg?fit=2560%2C1707&ssl=1","datePublished":"2025-11-18T14:01:02+00:00","author":{"@id":"https:\/\/tzs.pgq.temporary.site\/website_c18d3ae6\/#\/schema\/person\/655446504db2a404e6921d90ab7c0a0f"},"breadcrumb":{"@id":"https:\/\/educatespilar.com\/la-escuela-y-sus-relaciones-con-la-sociedad\/#breadcrumb"},"inLanguage":"es-AR","potentialAction":[{"@type":"ReadAction","target":["https:\/\/educatespilar.com\/la-escuela-y-sus-relaciones-con-la-sociedad\/"]}]},{"@type":"ImageObject","inLanguage":"es-AR","@id":"https:\/\/educatespilar.com\/la-escuela-y-sus-relaciones-con-la-sociedad\/#primaryimage","url":"https:\/\/i0.wp.com\/educatespilar.com\/wp-content\/uploads\/2025\/11\/estudiantes-de-nino-en-la-escuela-scaled.jpg?fit=2560%2C1707&ssl=1","contentUrl":"https:\/\/i0.wp.com\/educatespilar.com\/wp-content\/uploads\/2025\/11\/estudiantes-de-nino-en-la-escuela-scaled.jpg?fit=2560%2C1707&ssl=1","width":2560,"height":1707},{"@type":"BreadcrumbList","@id":"https:\/\/educatespilar.com\/la-escuela-y-sus-relaciones-con-la-sociedad\/#breadcrumb","itemListElement":[{"@type":"ListItem","position":1,"name":"Home","item":"https:\/\/educatespilar.com\/"},{"@type":"ListItem","position":2,"name":"La Escuela y sus Relaciones con la Sociedad"}]},{"@type":"WebSite","@id":"https:\/\/tzs.pgq.temporary.site\/website_c18d3ae6\/#website","url":"https:\/\/tzs.pgq.temporary.site\/website_c18d3ae6\/","name":"EducatesPilar.com","description":"","potentialAction":[{"@type":"SearchAction","target":{"@type":"EntryPoint","urlTemplate":"https:\/\/tzs.pgq.temporary.site\/website_c18d3ae6\/?s={search_term_string}"},"query-input":{"@type":"PropertyValueSpecification","valueRequired":true,"valueName":"search_term_string"}}],"inLanguage":"es-AR"},{"@type":"Person","@id":"https:\/\/tzs.pgq.temporary.site\/website_c18d3ae6\/#\/schema\/person\/655446504db2a404e6921d90ab7c0a0f","name":"educates","image":{"@type":"ImageObject","inLanguage":"es-AR","@id":"https:\/\/secure.gravatar.com\/avatar\/f1e844324149cf607705bdc3821ac52f5613382cc275e3a009bc73539c52a819?s=96&d=mm&r=g","url":"https:\/\/secure.gravatar.com\/avatar\/f1e844324149cf607705bdc3821ac52f5613382cc275e3a009bc73539c52a819?s=96&d=mm&r=g","contentUrl":"https:\/\/secure.gravatar.com\/avatar\/f1e844324149cf607705bdc3821ac52f5613382cc275e3a009bc73539c52a819?s=96&d=mm&r=g","caption":"educates"},"url":"https:\/\/educatespilar.com\/es\/author\/educates\/"}]}},"jetpack_featured_media_url":"https:\/\/i0.wp.com\/educatespilar.com\/wp-content\/uploads\/2025\/11\/estudiantes-de-nino-en-la-escuela-scaled.jpg?fit=2560%2C1707&ssl=1","jetpack_sharing_enabled":true,"_links":{"self":[{"href":"https:\/\/educatespilar.com\/es\/wp-json\/wp\/v2\/posts\/212","targetHints":{"allow":["GET"]}}],"collection":[{"href":"https:\/\/educatespilar.com\/es\/wp-json\/wp\/v2\/posts"}],"about":[{"href":"https:\/\/educatespilar.com\/es\/wp-json\/wp\/v2\/types\/post"}],"author":[{"embeddable":true,"href":"https:\/\/educatespilar.com\/es\/wp-json\/wp\/v2\/users\/2"}],"replies":[{"embeddable":true,"href":"https:\/\/educatespilar.com\/es\/wp-json\/wp\/v2\/comments?post=212"}],"version-history":[{"count":1,"href":"https:\/\/educatespilar.com\/es\/wp-json\/wp\/v2\/posts\/212\/revisions"}],"predecessor-version":[{"id":214,"href":"https:\/\/educatespilar.com\/es\/wp-json\/wp\/v2\/posts\/212\/revisions\/214"}],"wp:featuredmedia":[{"embeddable":true,"href":"https:\/\/educatespilar.com\/es\/wp-json\/wp\/v2\/media\/213"}],"wp:attachment":[{"href":"https:\/\/educatespilar.com\/es\/wp-json\/wp\/v2\/media?parent=212"}],"wp:term":[{"taxonomy":"category","embeddable":true,"href":"https:\/\/educatespilar.com\/es\/wp-json\/wp\/v2\/categories?post=212"},{"taxonomy":"post_tag","embeddable":true,"href":"https:\/\/educatespilar.com\/es\/wp-json\/wp\/v2\/tags?post=212"}],"curies":[{"name":"wp","href":"https:\/\/api.w.org\/{rel}","templated":true}]}}