{"id":186,"date":"2025-11-05T00:15:54","date_gmt":"2025-11-05T00:15:54","guid":{"rendered":"https:\/\/educatespilar.com\/?p=186"},"modified":"2025-11-12T00:16:17","modified_gmt":"2025-11-12T00:16:17","slug":"el-interes-en-la-educacion-y-la-educacion-moral","status":"publish","type":"post","link":"https:\/\/educatespilar.com\/es\/el-interes-en-la-educacion-y-la-educacion-moral\/","title":{"rendered":"El Inter\u00e9s en la Educaci\u00f3n y la educaci\u00f3n moral"},"content":{"rendered":"<p><img data-recalc-dims=\"1\" decoding=\"async\" loading=\"lazy\" class=\"alignnone size-medium wp-image-187\" src=\"https:\/\/i0.wp.com\/educatespilar.com\/wp-content\/uploads\/2025\/11\/vista-frontal-de-la-figurilla-de-madera-con-gorro-academico-y-manzana.jpg?resize=300%2C208&#038;ssl=1\" alt=\"\" width=\"300\" height=\"208\" srcset=\"https:\/\/i0.wp.com\/educatespilar.com\/wp-content\/uploads\/2025\/11\/vista-frontal-de-la-figurilla-de-madera-con-gorro-academico-y-manzana-scaled.jpg?resize=300%2C208&amp;ssl=1 300w, https:\/\/i0.wp.com\/educatespilar.com\/wp-content\/uploads\/2025\/11\/vista-frontal-de-la-figurilla-de-madera-con-gorro-academico-y-manzana-scaled.jpg?resize=1024%2C709&amp;ssl=1 1024w, https:\/\/i0.wp.com\/educatespilar.com\/wp-content\/uploads\/2025\/11\/vista-frontal-de-la-figurilla-de-madera-con-gorro-academico-y-manzana-scaled.jpg?resize=768%2C532&amp;ssl=1 768w, https:\/\/i0.wp.com\/educatespilar.com\/wp-content\/uploads\/2025\/11\/vista-frontal-de-la-figurilla-de-madera-con-gorro-academico-y-manzana-scaled.jpg?resize=1536%2C1064&amp;ssl=1 1536w, https:\/\/i0.wp.com\/educatespilar.com\/wp-content\/uploads\/2025\/11\/vista-frontal-de-la-figurilla-de-madera-con-gorro-academico-y-manzana-scaled.jpg?resize=2048%2C1418&amp;ssl=1 2048w, https:\/\/i0.wp.com\/educatespilar.com\/wp-content\/uploads\/2025\/11\/vista-frontal-de-la-figurilla-de-madera-con-gorro-academico-y-manzana-scaled.jpg?resize=18%2C12&amp;ssl=1 18w\" sizes=\"auto, (max-width: 300px) 100vw, 300px\" \/><\/p>\n<p><span style=\"font-weight: 400;\">Dicho inter\u00e9s no es algo nuevo en educaci\u00f3n. Ya Erasmo sosten\u00eda que la ense\u00f1anza interesante (agradable) libra al educando de la fatiga y del aburrimiento. Lo mismo afirmaron Comenio, Locke y Spencer. Y Herbart, por su parte, formul\u00f3 toda una doctrina del inter\u00e9s, al sostener que consiste en una disposici\u00f3n especial que se exterioriza como deseo o voluntad.<\/span><\/p>\n<p><span style=\"font-weight: 400;\">Hoy no se cree que esta doctrina de la ense\u00f1anza interesante sea suficiente como fundamento de la educaci\u00f3n intelectual. El inter\u00e9s, de acuerdo con la psicolog\u00eda contempor\u00e1nea, no deriva s\u00f3lo del placer que encierra una materia, pues a menudo puede derivar de la conciencia que tenga el alumno sobre el valor de dicha materia.<\/span><\/p>\n<p><span style=\"font-weight: 400;\">En s\u00edntesis, no puede aceptarse, como \u00fanico criterio de selecci\u00f3n, el punto de vista del educando. Este criterio debe ser completado con el punto de vista de la sociedad. De acuerdo con \u00e9l, los contenidos de la educaci\u00f3n intelectual deben seleccionarse atendiendo a los fines que se persiguen con la acci\u00f3n educativa sistematizada.<\/span><\/p>\n<p><span style=\"font-weight: 400;\">En nuestros d\u00edas se reconoce que la educaci\u00f3n intelectual no s\u00f3lo debe brindar informaciones destinadas al desarrollo y adaptaci\u00f3n del sujeto, sino que se destaca que los contenidos educativos deben permitir y favorecer la formaci\u00f3n de la conciencia de su personalidad. Por eso, deber\u00e1n cumplir una triple finalidad educativa.<\/span><\/p>\n<p><b>Educaci\u00f3n Moral<\/b><\/p>\n<p><span style=\"font-weight: 400;\">Las primeras actitudes del ni\u00f1o ante las personas y cosas del ambiente que le rodea evidencian su confianza y, generalmente, su alegr\u00eda.<\/span><\/p>\n<p><span style=\"font-weight: 400;\">Cuando comienza a comprender, carece de sentimientos hostiles y de hipocres\u00eda. Sin duda, recibir\u00e1 mejor la educaci\u00f3n moral si la ense\u00f1anza se realiza, no con conceptos abstractos o preceptos excesivamente severos, que puedan producir en \u00e9l reacciones de temor, sino a trav\u00e9s de hechos y de ejemplos sencillos, en los que predomina el matiz de la bondad, de la generosidad y del amor. Conducido por ese camino, el ni\u00f1o conservar\u00e1 y acrecentar\u00e1 su simpat\u00eda y confianza hacia las gentes con las que est\u00e1 en contacto, principalmente sus educadores. Los conceptos morales se inculcan con m\u00e1s facilidad en unos ni\u00f1os que en otros. En algunos casos, la ense\u00f1anza se ve alterada por perturbaciones y hasta por retrocesos.\u00a0<\/span><\/p>\n<p><span style=\"font-weight: 400;\">Las cualidades hereditarias, distintas entre unos y otros, suelen determinar esta disparidad. Pero, en cualquier circunstancia, el principio moral debe arraigar en la mente del ni\u00f1o por convicci\u00f3n y no por obligaci\u00f3n. Por eso la ense\u00f1anza debe surgir de los hechos mismos, sirviendo la palabra del educador para explicar y hacer comprender mejor al ni\u00f1o los conceptos morales que se desprenden de los actos que presencia o que \u00e9l mismo realiza.<\/span><\/p>\n<p>&nbsp;<\/p>\n","protected":false},"excerpt":{"rendered":"<p>Dicho inter\u00e9s no es algo nuevo en educaci\u00f3n. Ya Erasmo sosten\u00eda que la ense\u00f1anza interesante (agradable) libra al educando de la fatiga y del aburrimiento. Lo mismo afirmaron Comenio, Locke y Spencer. Y Herbart, por su parte, formul\u00f3 toda una doctrina del inter\u00e9s, al sostener que consiste en una disposici\u00f3n especial que se exterioriza como [&hellip;]<\/p>\n","protected":false},"author":2,"featured_media":187,"comment_status":"closed","ping_status":"closed","sticky":false,"template":"","format":"standard","meta":{"nf_dc_page":"","_jetpack_memberships_contains_paid_content":false,"footnotes":""},"categories":[9],"tags":[78],"class_list":["post-186","post","type-post","status-publish","format-standard","has-post-thumbnail","hentry","category-educacion","tag-educacion-moral"],"yoast_head":"<!-- This site is optimized with the Yoast SEO plugin v27.4 - https:\/\/yoast.com\/product\/yoast-seo-wordpress\/ -->\n<title>El Inter\u00e9s en la Educaci\u00f3n y la educaci\u00f3n moral - EducatesPilar.com<\/title>\n<meta name=\"robots\" content=\"index, follow, max-snippet:-1, max-image-preview:large, max-video-preview:-1\" \/>\n<link rel=\"canonical\" href=\"https:\/\/educatespilar.com\/es\/el-interes-en-la-educacion-y-la-educacion-moral\/\" \/>\n<meta property=\"og:locale\" content=\"es_ES\" \/>\n<meta property=\"og:type\" content=\"article\" \/>\n<meta property=\"og:title\" content=\"El Inter\u00e9s en la Educaci\u00f3n y la educaci\u00f3n moral - EducatesPilar.com\" \/>\n<meta property=\"og:description\" content=\"Dicho inter\u00e9s no es algo nuevo en educaci\u00f3n. Ya Erasmo sosten\u00eda que la ense\u00f1anza interesante (agradable) libra al educando de la fatiga y del aburrimiento. Lo mismo afirmaron Comenio, Locke y Spencer. Y Herbart, por su parte, formul\u00f3 toda una doctrina del inter\u00e9s, al sostener que consiste en una disposici\u00f3n especial que se exterioriza como [&hellip;]\" \/>\n<meta property=\"og:url\" content=\"https:\/\/educatespilar.com\/es\/el-interes-en-la-educacion-y-la-educacion-moral\/\" \/>\n<meta property=\"og:site_name\" content=\"EducatesPilar.com\" \/>\n<meta property=\"article:published_time\" content=\"2025-11-05T00:15:54+00:00\" \/>\n<meta property=\"article:modified_time\" content=\"2025-11-12T00:16:17+00:00\" \/>\n<meta property=\"og:image\" content=\"https:\/\/educatespilar.com\/wp-content\/uploads\/2025\/11\/vista-frontal-de-la-figurilla-de-madera-con-gorro-academico-y-manzana-scaled.jpg\" \/>\n\t<meta property=\"og:image:width\" content=\"2560\" \/>\n\t<meta property=\"og:image:height\" content=\"1773\" \/>\n\t<meta property=\"og:image:type\" content=\"image\/jpeg\" \/>\n<meta name=\"author\" content=\"educates\" \/>\n<meta name=\"twitter:card\" content=\"summary_large_image\" \/>\n<meta name=\"twitter:label1\" content=\"Escrito por\" \/>\n\t<meta name=\"twitter:data1\" content=\"educates\" \/>\n\t<meta name=\"twitter:label2\" content=\"Tiempo de lectura\" \/>\n\t<meta name=\"twitter:data2\" content=\"3 minutos\" \/>\n<script type=\"application\/ld+json\" class=\"yoast-schema-graph\">{\"@context\":\"https:\\\/\\\/schema.org\",\"@graph\":[{\"@type\":\"Article\",\"@id\":\"https:\\\/\\\/educatespilar.com\\\/el-interes-en-la-educacion-y-la-educacion-moral\\\/#article\",\"isPartOf\":{\"@id\":\"https:\\\/\\\/educatespilar.com\\\/el-interes-en-la-educacion-y-la-educacion-moral\\\/\"},\"author\":{\"name\":\"educates\",\"@id\":\"https:\\\/\\\/tzs.pgq.temporary.site\\\/website_c18d3ae6\\\/#\\\/schema\\\/person\\\/655446504db2a404e6921d90ab7c0a0f\"},\"headline\":\"El Inter\u00e9s en la Educaci\u00f3n y la educaci\u00f3n moral\",\"datePublished\":\"2025-11-05T00:15:54+00:00\",\"dateModified\":\"2025-11-12T00:16:17+00:00\",\"mainEntityOfPage\":{\"@id\":\"https:\\\/\\\/educatespilar.com\\\/el-interes-en-la-educacion-y-la-educacion-moral\\\/\"},\"wordCount\":477,\"image\":{\"@id\":\"https:\\\/\\\/educatespilar.com\\\/el-interes-en-la-educacion-y-la-educacion-moral\\\/#primaryimage\"},\"thumbnailUrl\":\"https:\\\/\\\/i0.wp.com\\\/educatespilar.com\\\/wp-content\\\/uploads\\\/2025\\\/11\\\/vista-frontal-de-la-figurilla-de-madera-con-gorro-academico-y-manzana-scaled.jpg?fit=2560%2C1773&ssl=1\",\"keywords\":[\"educacion moral\"],\"articleSection\":[\"Educaci\u00f3n\"],\"inLanguage\":\"es-AR\"},{\"@type\":\"WebPage\",\"@id\":\"https:\\\/\\\/educatespilar.com\\\/el-interes-en-la-educacion-y-la-educacion-moral\\\/\",\"url\":\"https:\\\/\\\/educatespilar.com\\\/el-interes-en-la-educacion-y-la-educacion-moral\\\/\",\"name\":\"El Inter\u00e9s en la Educaci\u00f3n y la educaci\u00f3n moral - EducatesPilar.com\",\"isPartOf\":{\"@id\":\"https:\\\/\\\/tzs.pgq.temporary.site\\\/website_c18d3ae6\\\/#website\"},\"primaryImageOfPage\":{\"@id\":\"https:\\\/\\\/educatespilar.com\\\/el-interes-en-la-educacion-y-la-educacion-moral\\\/#primaryimage\"},\"image\":{\"@id\":\"https:\\\/\\\/educatespilar.com\\\/el-interes-en-la-educacion-y-la-educacion-moral\\\/#primaryimage\"},\"thumbnailUrl\":\"https:\\\/\\\/i0.wp.com\\\/educatespilar.com\\\/wp-content\\\/uploads\\\/2025\\\/11\\\/vista-frontal-de-la-figurilla-de-madera-con-gorro-academico-y-manzana-scaled.jpg?fit=2560%2C1773&ssl=1\",\"datePublished\":\"2025-11-05T00:15:54+00:00\",\"dateModified\":\"2025-11-12T00:16:17+00:00\",\"author\":{\"@id\":\"https:\\\/\\\/tzs.pgq.temporary.site\\\/website_c18d3ae6\\\/#\\\/schema\\\/person\\\/655446504db2a404e6921d90ab7c0a0f\"},\"breadcrumb\":{\"@id\":\"https:\\\/\\\/educatespilar.com\\\/el-interes-en-la-educacion-y-la-educacion-moral\\\/#breadcrumb\"},\"inLanguage\":\"es-AR\",\"potentialAction\":[{\"@type\":\"ReadAction\",\"target\":[\"https:\\\/\\\/educatespilar.com\\\/el-interes-en-la-educacion-y-la-educacion-moral\\\/\"]}]},{\"@type\":\"ImageObject\",\"inLanguage\":\"es-AR\",\"@id\":\"https:\\\/\\\/educatespilar.com\\\/el-interes-en-la-educacion-y-la-educacion-moral\\\/#primaryimage\",\"url\":\"https:\\\/\\\/i0.wp.com\\\/educatespilar.com\\\/wp-content\\\/uploads\\\/2025\\\/11\\\/vista-frontal-de-la-figurilla-de-madera-con-gorro-academico-y-manzana-scaled.jpg?fit=2560%2C1773&ssl=1\",\"contentUrl\":\"https:\\\/\\\/i0.wp.com\\\/educatespilar.com\\\/wp-content\\\/uploads\\\/2025\\\/11\\\/vista-frontal-de-la-figurilla-de-madera-con-gorro-academico-y-manzana-scaled.jpg?fit=2560%2C1773&ssl=1\",\"width\":2560,\"height\":1773},{\"@type\":\"BreadcrumbList\",\"@id\":\"https:\\\/\\\/educatespilar.com\\\/el-interes-en-la-educacion-y-la-educacion-moral\\\/#breadcrumb\",\"itemListElement\":[{\"@type\":\"ListItem\",\"position\":1,\"name\":\"Home\",\"item\":\"https:\\\/\\\/educatespilar.com\\\/\"},{\"@type\":\"ListItem\",\"position\":2,\"name\":\"El Inter\u00e9s en la Educaci\u00f3n y la educaci\u00f3n moral\"}]},{\"@type\":\"WebSite\",\"@id\":\"https:\\\/\\\/tzs.pgq.temporary.site\\\/website_c18d3ae6\\\/#website\",\"url\":\"https:\\\/\\\/tzs.pgq.temporary.site\\\/website_c18d3ae6\\\/\",\"name\":\"EducatesPilar.com\",\"description\":\"\",\"potentialAction\":[{\"@type\":\"SearchAction\",\"target\":{\"@type\":\"EntryPoint\",\"urlTemplate\":\"https:\\\/\\\/tzs.pgq.temporary.site\\\/website_c18d3ae6\\\/?s={search_term_string}\"},\"query-input\":{\"@type\":\"PropertyValueSpecification\",\"valueRequired\":true,\"valueName\":\"search_term_string\"}}],\"inLanguage\":\"es-AR\"},{\"@type\":\"Person\",\"@id\":\"https:\\\/\\\/tzs.pgq.temporary.site\\\/website_c18d3ae6\\\/#\\\/schema\\\/person\\\/655446504db2a404e6921d90ab7c0a0f\",\"name\":\"educates\",\"image\":{\"@type\":\"ImageObject\",\"inLanguage\":\"es-AR\",\"@id\":\"https:\\\/\\\/secure.gravatar.com\\\/avatar\\\/f1e844324149cf607705bdc3821ac52f5613382cc275e3a009bc73539c52a819?s=96&d=mm&r=g\",\"url\":\"https:\\\/\\\/secure.gravatar.com\\\/avatar\\\/f1e844324149cf607705bdc3821ac52f5613382cc275e3a009bc73539c52a819?s=96&d=mm&r=g\",\"contentUrl\":\"https:\\\/\\\/secure.gravatar.com\\\/avatar\\\/f1e844324149cf607705bdc3821ac52f5613382cc275e3a009bc73539c52a819?s=96&d=mm&r=g\",\"caption\":\"educates\"},\"url\":\"https:\\\/\\\/educatespilar.com\\\/es\\\/author\\\/educates\\\/\"}]}<\/script>\n<!-- \/ Yoast SEO plugin. -->","yoast_head_json":{"title":"El Inter\u00e9s en la Educaci\u00f3n y la educaci\u00f3n moral - EducatesPilar.com","robots":{"index":"index","follow":"follow","max-snippet":"max-snippet:-1","max-image-preview":"max-image-preview:large","max-video-preview":"max-video-preview:-1"},"canonical":"https:\/\/educatespilar.com\/es\/el-interes-en-la-educacion-y-la-educacion-moral\/","og_locale":"es_ES","og_type":"article","og_title":"El Inter\u00e9s en la Educaci\u00f3n y la educaci\u00f3n moral - EducatesPilar.com","og_description":"Dicho inter\u00e9s no es algo nuevo en educaci\u00f3n. Ya Erasmo sosten\u00eda que la ense\u00f1anza interesante (agradable) libra al educando de la fatiga y del aburrimiento. Lo mismo afirmaron Comenio, Locke y Spencer. Y Herbart, por su parte, formul\u00f3 toda una doctrina del inter\u00e9s, al sostener que consiste en una disposici\u00f3n especial que se exterioriza como [&hellip;]","og_url":"https:\/\/educatespilar.com\/es\/el-interes-en-la-educacion-y-la-educacion-moral\/","og_site_name":"EducatesPilar.com","article_published_time":"2025-11-05T00:15:54+00:00","article_modified_time":"2025-11-12T00:16:17+00:00","og_image":[{"width":2560,"height":1773,"url":"https:\/\/educatespilar.com\/wp-content\/uploads\/2025\/11\/vista-frontal-de-la-figurilla-de-madera-con-gorro-academico-y-manzana-scaled.jpg","type":"image\/jpeg"}],"author":"educates","twitter_card":"summary_large_image","twitter_misc":{"Escrito por":"educates","Tiempo de lectura":"3 minutos"},"schema":{"@context":"https:\/\/schema.org","@graph":[{"@type":"Article","@id":"https:\/\/educatespilar.com\/el-interes-en-la-educacion-y-la-educacion-moral\/#article","isPartOf":{"@id":"https:\/\/educatespilar.com\/el-interes-en-la-educacion-y-la-educacion-moral\/"},"author":{"name":"educates","@id":"https:\/\/tzs.pgq.temporary.site\/website_c18d3ae6\/#\/schema\/person\/655446504db2a404e6921d90ab7c0a0f"},"headline":"El Inter\u00e9s en la Educaci\u00f3n y la educaci\u00f3n moral","datePublished":"2025-11-05T00:15:54+00:00","dateModified":"2025-11-12T00:16:17+00:00","mainEntityOfPage":{"@id":"https:\/\/educatespilar.com\/el-interes-en-la-educacion-y-la-educacion-moral\/"},"wordCount":477,"image":{"@id":"https:\/\/educatespilar.com\/el-interes-en-la-educacion-y-la-educacion-moral\/#primaryimage"},"thumbnailUrl":"https:\/\/i0.wp.com\/educatespilar.com\/wp-content\/uploads\/2025\/11\/vista-frontal-de-la-figurilla-de-madera-con-gorro-academico-y-manzana-scaled.jpg?fit=2560%2C1773&ssl=1","keywords":["educacion moral"],"articleSection":["Educaci\u00f3n"],"inLanguage":"es-AR"},{"@type":"WebPage","@id":"https:\/\/educatespilar.com\/el-interes-en-la-educacion-y-la-educacion-moral\/","url":"https:\/\/educatespilar.com\/el-interes-en-la-educacion-y-la-educacion-moral\/","name":"El Inter\u00e9s en la Educaci\u00f3n y la educaci\u00f3n moral - EducatesPilar.com","isPartOf":{"@id":"https:\/\/tzs.pgq.temporary.site\/website_c18d3ae6\/#website"},"primaryImageOfPage":{"@id":"https:\/\/educatespilar.com\/el-interes-en-la-educacion-y-la-educacion-moral\/#primaryimage"},"image":{"@id":"https:\/\/educatespilar.com\/el-interes-en-la-educacion-y-la-educacion-moral\/#primaryimage"},"thumbnailUrl":"https:\/\/i0.wp.com\/educatespilar.com\/wp-content\/uploads\/2025\/11\/vista-frontal-de-la-figurilla-de-madera-con-gorro-academico-y-manzana-scaled.jpg?fit=2560%2C1773&ssl=1","datePublished":"2025-11-05T00:15:54+00:00","dateModified":"2025-11-12T00:16:17+00:00","author":{"@id":"https:\/\/tzs.pgq.temporary.site\/website_c18d3ae6\/#\/schema\/person\/655446504db2a404e6921d90ab7c0a0f"},"breadcrumb":{"@id":"https:\/\/educatespilar.com\/el-interes-en-la-educacion-y-la-educacion-moral\/#breadcrumb"},"inLanguage":"es-AR","potentialAction":[{"@type":"ReadAction","target":["https:\/\/educatespilar.com\/el-interes-en-la-educacion-y-la-educacion-moral\/"]}]},{"@type":"ImageObject","inLanguage":"es-AR","@id":"https:\/\/educatespilar.com\/el-interes-en-la-educacion-y-la-educacion-moral\/#primaryimage","url":"https:\/\/i0.wp.com\/educatespilar.com\/wp-content\/uploads\/2025\/11\/vista-frontal-de-la-figurilla-de-madera-con-gorro-academico-y-manzana-scaled.jpg?fit=2560%2C1773&ssl=1","contentUrl":"https:\/\/i0.wp.com\/educatespilar.com\/wp-content\/uploads\/2025\/11\/vista-frontal-de-la-figurilla-de-madera-con-gorro-academico-y-manzana-scaled.jpg?fit=2560%2C1773&ssl=1","width":2560,"height":1773},{"@type":"BreadcrumbList","@id":"https:\/\/educatespilar.com\/el-interes-en-la-educacion-y-la-educacion-moral\/#breadcrumb","itemListElement":[{"@type":"ListItem","position":1,"name":"Home","item":"https:\/\/educatespilar.com\/"},{"@type":"ListItem","position":2,"name":"El Inter\u00e9s en la Educaci\u00f3n y la educaci\u00f3n moral"}]},{"@type":"WebSite","@id":"https:\/\/tzs.pgq.temporary.site\/website_c18d3ae6\/#website","url":"https:\/\/tzs.pgq.temporary.site\/website_c18d3ae6\/","name":"EducatesPilar.com","description":"","potentialAction":[{"@type":"SearchAction","target":{"@type":"EntryPoint","urlTemplate":"https:\/\/tzs.pgq.temporary.site\/website_c18d3ae6\/?s={search_term_string}"},"query-input":{"@type":"PropertyValueSpecification","valueRequired":true,"valueName":"search_term_string"}}],"inLanguage":"es-AR"},{"@type":"Person","@id":"https:\/\/tzs.pgq.temporary.site\/website_c18d3ae6\/#\/schema\/person\/655446504db2a404e6921d90ab7c0a0f","name":"educates","image":{"@type":"ImageObject","inLanguage":"es-AR","@id":"https:\/\/secure.gravatar.com\/avatar\/f1e844324149cf607705bdc3821ac52f5613382cc275e3a009bc73539c52a819?s=96&d=mm&r=g","url":"https:\/\/secure.gravatar.com\/avatar\/f1e844324149cf607705bdc3821ac52f5613382cc275e3a009bc73539c52a819?s=96&d=mm&r=g","contentUrl":"https:\/\/secure.gravatar.com\/avatar\/f1e844324149cf607705bdc3821ac52f5613382cc275e3a009bc73539c52a819?s=96&d=mm&r=g","caption":"educates"},"url":"https:\/\/educatespilar.com\/es\/author\/educates\/"}]}},"jetpack_featured_media_url":"https:\/\/i0.wp.com\/educatespilar.com\/wp-content\/uploads\/2025\/11\/vista-frontal-de-la-figurilla-de-madera-con-gorro-academico-y-manzana-scaled.jpg?fit=2560%2C1773&ssl=1","jetpack_sharing_enabled":true,"_links":{"self":[{"href":"https:\/\/educatespilar.com\/es\/wp-json\/wp\/v2\/posts\/186","targetHints":{"allow":["GET"]}}],"collection":[{"href":"https:\/\/educatespilar.com\/es\/wp-json\/wp\/v2\/posts"}],"about":[{"href":"https:\/\/educatespilar.com\/es\/wp-json\/wp\/v2\/types\/post"}],"author":[{"embeddable":true,"href":"https:\/\/educatespilar.com\/es\/wp-json\/wp\/v2\/users\/2"}],"replies":[{"embeddable":true,"href":"https:\/\/educatespilar.com\/es\/wp-json\/wp\/v2\/comments?post=186"}],"version-history":[{"count":1,"href":"https:\/\/educatespilar.com\/es\/wp-json\/wp\/v2\/posts\/186\/revisions"}],"predecessor-version":[{"id":188,"href":"https:\/\/educatespilar.com\/es\/wp-json\/wp\/v2\/posts\/186\/revisions\/188"}],"wp:featuredmedia":[{"embeddable":true,"href":"https:\/\/educatespilar.com\/es\/wp-json\/wp\/v2\/media\/187"}],"wp:attachment":[{"href":"https:\/\/educatespilar.com\/es\/wp-json\/wp\/v2\/media?parent=186"}],"wp:term":[{"taxonomy":"category","embeddable":true,"href":"https:\/\/educatespilar.com\/es\/wp-json\/wp\/v2\/categories?post=186"},{"taxonomy":"post_tag","embeddable":true,"href":"https:\/\/educatespilar.com\/es\/wp-json\/wp\/v2\/tags?post=186"}],"curies":[{"name":"wp","href":"https:\/\/api.w.org\/{rel}","templated":true}]}}