{"id":180,"date":"2025-11-03T00:08:06","date_gmt":"2025-11-03T00:08:06","guid":{"rendered":"https:\/\/educatespilar.com\/?p=180"},"modified":"2025-11-12T00:09:46","modified_gmt":"2025-11-12T00:09:46","slug":"educacion-intelectual-y-corporal","status":"publish","type":"post","link":"https:\/\/educatespilar.com\/es\/educacion-intelectual-y-corporal\/","title":{"rendered":"EDUCACI\u00d3N INTELECTUAL Y CORPORAL"},"content":{"rendered":"<p><img data-recalc-dims=\"1\" decoding=\"async\" loading=\"lazy\" class=\"alignnone size-medium wp-image-181\" src=\"https:\/\/i0.wp.com\/educatespilar.com\/wp-content\/uploads\/2025\/11\/aprendizaje-de-la-fisica.jpg?resize=200%2C300&#038;ssl=1\" alt=\"\" width=\"200\" height=\"300\" srcset=\"https:\/\/i0.wp.com\/educatespilar.com\/wp-content\/uploads\/2025\/11\/aprendizaje-de-la-fisica-scaled.jpg?resize=200%2C300&amp;ssl=1 200w, https:\/\/i0.wp.com\/educatespilar.com\/wp-content\/uploads\/2025\/11\/aprendizaje-de-la-fisica-scaled.jpg?resize=683%2C1024&amp;ssl=1 683w, https:\/\/i0.wp.com\/educatespilar.com\/wp-content\/uploads\/2025\/11\/aprendizaje-de-la-fisica-scaled.jpg?resize=768%2C1151&amp;ssl=1 768w, https:\/\/i0.wp.com\/educatespilar.com\/wp-content\/uploads\/2025\/11\/aprendizaje-de-la-fisica-scaled.jpg?resize=1025%2C1536&amp;ssl=1 1025w, https:\/\/i0.wp.com\/educatespilar.com\/wp-content\/uploads\/2025\/11\/aprendizaje-de-la-fisica-scaled.jpg?resize=1367%2C2048&amp;ssl=1 1367w, https:\/\/i0.wp.com\/educatespilar.com\/wp-content\/uploads\/2025\/11\/aprendizaje-de-la-fisica-scaled.jpg?resize=8%2C12&amp;ssl=1 8w, https:\/\/i0.wp.com\/educatespilar.com\/wp-content\/uploads\/2025\/11\/aprendizaje-de-la-fisica-scaled.jpg?w=1709&amp;ssl=1 1709w\" sizes=\"auto, (max-width: 200px) 100vw, 200px\" \/><\/p>\n<p><span style=\"font-weight: 400;\">La educaci\u00f3n, que es el proceso mediante el cual el hombre llega a ser realmente hombre, tiene dos caracter\u00edsticas esenciales. En primer t\u00e9rmino, no se cumple durante un per\u00edodo limitado de la vida, sino que se desarrolla durante toda la existencia del ser humano. En segundo lugar, no se limita a un aspecto de la existencia, pues abarca todas las manifestaciones de la vida. Por eso la cl\u00e1sica distinci\u00f3n entre educaci\u00f3n moral, intelectual y f\u00edsica, seg\u00fan el aspecto del hombre a que se dirige fundamentalmente la acci\u00f3n educativa, no es rigurosa ya que estas zonas vitales no son independientes, pues se relacionan entre s\u00ed e influyen unas sobre otras.<\/span><\/p>\n<p><span style=\"font-weight: 400;\">Sin embargo, la distinci\u00f3n de la educaci\u00f3n intelectual aparece justificada por el hecho de que en la escuela se atiende de manera especial a la formaci\u00f3n del mundo de conocimiento del educando, con el objeto de darle una visi\u00f3n de la realidad y permitirle adoptar una posici\u00f3n valorativa frente a ella. Esto es debido a que la ense\u00f1anza, que es la forma normal de la educaci\u00f3n sistematizada o escolar, consiste esencialmente en la transmisi\u00f3n de conocimientos y habilidades.<\/span><\/p>\n<p><span style=\"font-weight: 400;\">Frente a esta posici\u00f3n netamente intelectualista, otros consideran que es misi\u00f3n de la ense\u00f1anza desarrollar todas las fuerzas del educando, tanto intelectuales como volitivas y afectivas.<\/span><\/p>\n<p><span style=\"font-weight: 400;\">De ah\u00ed surge la distinci\u00f3n cl\u00e1sica que efectu\u00f3 Friedrich Wilhelm D\u00f6rpfeld (1824-1893), al hablar de una <\/span><i><span style=\"font-weight: 400;\">educaci\u00f3n<\/span><\/i> <i><span style=\"font-weight: 400;\">materialista,<\/span><\/i><span style=\"font-weight: 400;\"> que considera esencial proporcionar conocimientos al educando, como opuesta a una <\/span><i><span style=\"font-weight: 400;\">educaci\u00f3n<\/span><\/i> <i><span style=\"font-weight: 400;\">formalista, <\/span><\/i><span style=\"font-weight: 400;\">que se preocupa por el desarrollo de todas las facultades del sujeto.<\/span><\/p>\n<p><span style=\"font-weight: 400;\">En nuestra \u00e9poca, ambas posiciones han sido superadas. La transmisi\u00f3n de bienes culturales objeto de la educaci\u00f3n intelectual, debe armonizarse con el desarrollo de las capacidades del educando, pues el fin de la educaci\u00f3n es elevar la individualidad del alumno al plano de la personalidad.<\/span><\/p>\n<p><b>EDUCACI\u00d3N CORPORAL<\/b><\/p>\n<p><span style=\"font-weight: 400;\">La antigua sabidur\u00eda grecorromana se asent\u00f3 en el aforismo Mens sana in corpore sano, un precepto de higiene mental y f\u00edsica que hoy conserva todav\u00eda plena validez. La persona humana est\u00e1 constituida por la unidad inseparable de lo ps\u00edquico y lo f\u00edsico, y los modernos estudios de medicina constitucionalista, psicosom\u00e1tica y de psicolog\u00eda evolutiva, prueban de manera concluyente que desarrollo ps\u00edquico y f\u00edsico son concomitantes, y que la detenci\u00f3n en uno de ellos repercute inmediatamente en el otro. Todo trastorno de la motricidad se acompa\u00f1a de trastornos ps\u00edquicos, y viceversa.<\/span><\/p>\n<p><span style=\"font-weight: 400;\">De este modo, estando demostrado que la capacidad de movimientos, o, dicho con t\u00e9rminos t\u00e9cnicos, la cenestesia percepci\u00f3n y ajuste correcto de los movimientos-, est\u00e1 indisolublemente unida con la vida afectiva e intelectual, resulta que la educaci\u00f3n f\u00edsica o corporal ejerce profunda influencia en los procesos estrictamente intelectuales, favoreciendo, a trav\u00e9s de la coordinaci\u00f3n motriz, la propia coordinaci\u00f3n del pensamiento. La velocidad, y por consiguiente la sucesi\u00f3n \u00e1gil de los estados de conciencia, est\u00e1n favorecidas por la ligereza y facilidad de los procesos motores.<\/span><\/p>\n<p><span style=\"font-weight: 400;\">Adem\u00e1s, la educaci\u00f3n f\u00edsica es un poderoso factor en el desarrollo de las actividades pr\u00e1cticas del individuo, para la evoluci\u00f3n del sentido moral y de la voluntad, porque quien educa su cuerpo desarrolla y afianza, a la vez, el mismo do-minio en el comportamiento y la conducta. Por otra parte, la educaci\u00f3n corporal modifica la emotividad, favoreciendo el control y el dominio de las emociones -autocontrol frente al triunfo o la derrota-; influye en la vida sentimental, propicia el desarrollo de la voluntad, y como ha demostrado el agudo psic\u00f3logo y psiquiatra italiano Sante De Sanctis (1862-1935), las sensaciones de esfuerzo y de dominio que de ellas derivan ayudan a resolver el problema sexual de la adolescencia.<\/span><\/p>\n<p>&nbsp;<\/p>\n","protected":false},"excerpt":{"rendered":"<p>La educaci\u00f3n, que es el proceso mediante el cual el hombre llega a ser realmente hombre, tiene dos caracter\u00edsticas esenciales. En primer t\u00e9rmino, no se cumple durante un per\u00edodo limitado de la vida, sino que se desarrolla durante toda la existencia del ser humano. En segundo lugar, no se limita a un aspecto de la [&hellip;]<\/p>\n","protected":false},"author":2,"featured_media":181,"comment_status":"closed","ping_status":"closed","sticky":false,"template":"","format":"standard","meta":{"nf_dc_page":"","_jetpack_memberships_contains_paid_content":false,"footnotes":""},"categories":[9],"tags":[76],"class_list":["post-180","post","type-post","status-publish","format-standard","has-post-thumbnail","hentry","category-educacion","tag-educacion-intelectual"],"yoast_head":"<!-- This site is optimized with the Yoast SEO plugin v27.4 - https:\/\/yoast.com\/product\/yoast-seo-wordpress\/ -->\n<title>EDUCACI\u00d3N INTELECTUAL Y CORPORAL - EducatesPilar.com<\/title>\n<meta name=\"robots\" content=\"index, follow, max-snippet:-1, max-image-preview:large, max-video-preview:-1\" \/>\n<link rel=\"canonical\" href=\"https:\/\/educatespilar.com\/es\/educacion-intelectual-y-corporal\/\" \/>\n<meta property=\"og:locale\" content=\"es_ES\" \/>\n<meta property=\"og:type\" content=\"article\" \/>\n<meta property=\"og:title\" content=\"EDUCACI\u00d3N INTELECTUAL Y CORPORAL - EducatesPilar.com\" \/>\n<meta property=\"og:description\" content=\"La educaci\u00f3n, que es el proceso mediante el cual el hombre llega a ser realmente hombre, tiene dos caracter\u00edsticas esenciales. En primer t\u00e9rmino, no se cumple durante un per\u00edodo limitado de la vida, sino que se desarrolla durante toda la existencia del ser humano. En segundo lugar, no se limita a un aspecto de la [&hellip;]\" \/>\n<meta property=\"og:url\" content=\"https:\/\/educatespilar.com\/es\/educacion-intelectual-y-corporal\/\" \/>\n<meta property=\"og:site_name\" content=\"EducatesPilar.com\" \/>\n<meta property=\"article:published_time\" content=\"2025-11-03T00:08:06+00:00\" \/>\n<meta property=\"article:modified_time\" content=\"2025-11-12T00:09:46+00:00\" \/>\n<meta property=\"og:image\" content=\"https:\/\/educatespilar.com\/wp-content\/uploads\/2025\/11\/aprendizaje-de-la-fisica-scaled.jpg\" \/>\n\t<meta property=\"og:image:width\" content=\"1709\" \/>\n\t<meta property=\"og:image:height\" content=\"2560\" \/>\n\t<meta property=\"og:image:type\" content=\"image\/jpeg\" \/>\n<meta name=\"author\" content=\"educates\" \/>\n<meta name=\"twitter:card\" content=\"summary_large_image\" \/>\n<meta name=\"twitter:label1\" content=\"Escrito por\" \/>\n\t<meta name=\"twitter:data1\" content=\"educates\" \/>\n\t<meta name=\"twitter:label2\" content=\"Tiempo de lectura\" \/>\n\t<meta name=\"twitter:data2\" content=\"4 minutos\" \/>\n<script type=\"application\/ld+json\" class=\"yoast-schema-graph\">{\"@context\":\"https:\\\/\\\/schema.org\",\"@graph\":[{\"@type\":\"Article\",\"@id\":\"https:\\\/\\\/educatespilar.com\\\/educacion-intelectual-y-corporal\\\/#article\",\"isPartOf\":{\"@id\":\"https:\\\/\\\/educatespilar.com\\\/educacion-intelectual-y-corporal\\\/\"},\"author\":{\"name\":\"educates\",\"@id\":\"https:\\\/\\\/tzs.pgq.temporary.site\\\/website_c18d3ae6\\\/#\\\/schema\\\/person\\\/655446504db2a404e6921d90ab7c0a0f\"},\"headline\":\"EDUCACI\u00d3N INTELECTUAL Y CORPORAL\",\"datePublished\":\"2025-11-03T00:08:06+00:00\",\"dateModified\":\"2025-11-12T00:09:46+00:00\",\"mainEntityOfPage\":{\"@id\":\"https:\\\/\\\/educatespilar.com\\\/educacion-intelectual-y-corporal\\\/\"},\"wordCount\":659,\"image\":{\"@id\":\"https:\\\/\\\/educatespilar.com\\\/educacion-intelectual-y-corporal\\\/#primaryimage\"},\"thumbnailUrl\":\"https:\\\/\\\/i0.wp.com\\\/educatespilar.com\\\/wp-content\\\/uploads\\\/2025\\\/11\\\/aprendizaje-de-la-fisica-scaled.jpg?fit=1709%2C2560&ssl=1\",\"keywords\":[\"educacion intelectual\"],\"articleSection\":[\"Educaci\u00f3n\"],\"inLanguage\":\"es-AR\"},{\"@type\":\"WebPage\",\"@id\":\"https:\\\/\\\/educatespilar.com\\\/educacion-intelectual-y-corporal\\\/\",\"url\":\"https:\\\/\\\/educatespilar.com\\\/educacion-intelectual-y-corporal\\\/\",\"name\":\"EDUCACI\u00d3N INTELECTUAL Y CORPORAL - EducatesPilar.com\",\"isPartOf\":{\"@id\":\"https:\\\/\\\/tzs.pgq.temporary.site\\\/website_c18d3ae6\\\/#website\"},\"primaryImageOfPage\":{\"@id\":\"https:\\\/\\\/educatespilar.com\\\/educacion-intelectual-y-corporal\\\/#primaryimage\"},\"image\":{\"@id\":\"https:\\\/\\\/educatespilar.com\\\/educacion-intelectual-y-corporal\\\/#primaryimage\"},\"thumbnailUrl\":\"https:\\\/\\\/i0.wp.com\\\/educatespilar.com\\\/wp-content\\\/uploads\\\/2025\\\/11\\\/aprendizaje-de-la-fisica-scaled.jpg?fit=1709%2C2560&ssl=1\",\"datePublished\":\"2025-11-03T00:08:06+00:00\",\"dateModified\":\"2025-11-12T00:09:46+00:00\",\"author\":{\"@id\":\"https:\\\/\\\/tzs.pgq.temporary.site\\\/website_c18d3ae6\\\/#\\\/schema\\\/person\\\/655446504db2a404e6921d90ab7c0a0f\"},\"breadcrumb\":{\"@id\":\"https:\\\/\\\/educatespilar.com\\\/educacion-intelectual-y-corporal\\\/#breadcrumb\"},\"inLanguage\":\"es-AR\",\"potentialAction\":[{\"@type\":\"ReadAction\",\"target\":[\"https:\\\/\\\/educatespilar.com\\\/educacion-intelectual-y-corporal\\\/\"]}]},{\"@type\":\"ImageObject\",\"inLanguage\":\"es-AR\",\"@id\":\"https:\\\/\\\/educatespilar.com\\\/educacion-intelectual-y-corporal\\\/#primaryimage\",\"url\":\"https:\\\/\\\/i0.wp.com\\\/educatespilar.com\\\/wp-content\\\/uploads\\\/2025\\\/11\\\/aprendizaje-de-la-fisica-scaled.jpg?fit=1709%2C2560&ssl=1\",\"contentUrl\":\"https:\\\/\\\/i0.wp.com\\\/educatespilar.com\\\/wp-content\\\/uploads\\\/2025\\\/11\\\/aprendizaje-de-la-fisica-scaled.jpg?fit=1709%2C2560&ssl=1\",\"width\":1709,\"height\":2560},{\"@type\":\"BreadcrumbList\",\"@id\":\"https:\\\/\\\/educatespilar.com\\\/educacion-intelectual-y-corporal\\\/#breadcrumb\",\"itemListElement\":[{\"@type\":\"ListItem\",\"position\":1,\"name\":\"Home\",\"item\":\"https:\\\/\\\/educatespilar.com\\\/\"},{\"@type\":\"ListItem\",\"position\":2,\"name\":\"EDUCACI\u00d3N INTELECTUAL Y CORPORAL\"}]},{\"@type\":\"WebSite\",\"@id\":\"https:\\\/\\\/tzs.pgq.temporary.site\\\/website_c18d3ae6\\\/#website\",\"url\":\"https:\\\/\\\/tzs.pgq.temporary.site\\\/website_c18d3ae6\\\/\",\"name\":\"EducatesPilar.com\",\"description\":\"\",\"potentialAction\":[{\"@type\":\"SearchAction\",\"target\":{\"@type\":\"EntryPoint\",\"urlTemplate\":\"https:\\\/\\\/tzs.pgq.temporary.site\\\/website_c18d3ae6\\\/?s={search_term_string}\"},\"query-input\":{\"@type\":\"PropertyValueSpecification\",\"valueRequired\":true,\"valueName\":\"search_term_string\"}}],\"inLanguage\":\"es-AR\"},{\"@type\":\"Person\",\"@id\":\"https:\\\/\\\/tzs.pgq.temporary.site\\\/website_c18d3ae6\\\/#\\\/schema\\\/person\\\/655446504db2a404e6921d90ab7c0a0f\",\"name\":\"educates\",\"image\":{\"@type\":\"ImageObject\",\"inLanguage\":\"es-AR\",\"@id\":\"https:\\\/\\\/secure.gravatar.com\\\/avatar\\\/f1e844324149cf607705bdc3821ac52f5613382cc275e3a009bc73539c52a819?s=96&d=mm&r=g\",\"url\":\"https:\\\/\\\/secure.gravatar.com\\\/avatar\\\/f1e844324149cf607705bdc3821ac52f5613382cc275e3a009bc73539c52a819?s=96&d=mm&r=g\",\"contentUrl\":\"https:\\\/\\\/secure.gravatar.com\\\/avatar\\\/f1e844324149cf607705bdc3821ac52f5613382cc275e3a009bc73539c52a819?s=96&d=mm&r=g\",\"caption\":\"educates\"},\"url\":\"https:\\\/\\\/educatespilar.com\\\/es\\\/author\\\/educates\\\/\"}]}<\/script>\n<!-- \/ Yoast SEO plugin. -->","yoast_head_json":{"title":"EDUCACI\u00d3N INTELECTUAL Y CORPORAL - EducatesPilar.com","robots":{"index":"index","follow":"follow","max-snippet":"max-snippet:-1","max-image-preview":"max-image-preview:large","max-video-preview":"max-video-preview:-1"},"canonical":"https:\/\/educatespilar.com\/es\/educacion-intelectual-y-corporal\/","og_locale":"es_ES","og_type":"article","og_title":"EDUCACI\u00d3N INTELECTUAL Y CORPORAL - EducatesPilar.com","og_description":"La educaci\u00f3n, que es el proceso mediante el cual el hombre llega a ser realmente hombre, tiene dos caracter\u00edsticas esenciales. En primer t\u00e9rmino, no se cumple durante un per\u00edodo limitado de la vida, sino que se desarrolla durante toda la existencia del ser humano. En segundo lugar, no se limita a un aspecto de la [&hellip;]","og_url":"https:\/\/educatespilar.com\/es\/educacion-intelectual-y-corporal\/","og_site_name":"EducatesPilar.com","article_published_time":"2025-11-03T00:08:06+00:00","article_modified_time":"2025-11-12T00:09:46+00:00","og_image":[{"width":1709,"height":2560,"url":"https:\/\/educatespilar.com\/wp-content\/uploads\/2025\/11\/aprendizaje-de-la-fisica-scaled.jpg","type":"image\/jpeg"}],"author":"educates","twitter_card":"summary_large_image","twitter_misc":{"Escrito por":"educates","Tiempo de lectura":"4 minutos"},"schema":{"@context":"https:\/\/schema.org","@graph":[{"@type":"Article","@id":"https:\/\/educatespilar.com\/educacion-intelectual-y-corporal\/#article","isPartOf":{"@id":"https:\/\/educatespilar.com\/educacion-intelectual-y-corporal\/"},"author":{"name":"educates","@id":"https:\/\/tzs.pgq.temporary.site\/website_c18d3ae6\/#\/schema\/person\/655446504db2a404e6921d90ab7c0a0f"},"headline":"EDUCACI\u00d3N INTELECTUAL Y CORPORAL","datePublished":"2025-11-03T00:08:06+00:00","dateModified":"2025-11-12T00:09:46+00:00","mainEntityOfPage":{"@id":"https:\/\/educatespilar.com\/educacion-intelectual-y-corporal\/"},"wordCount":659,"image":{"@id":"https:\/\/educatespilar.com\/educacion-intelectual-y-corporal\/#primaryimage"},"thumbnailUrl":"https:\/\/i0.wp.com\/educatespilar.com\/wp-content\/uploads\/2025\/11\/aprendizaje-de-la-fisica-scaled.jpg?fit=1709%2C2560&ssl=1","keywords":["educacion intelectual"],"articleSection":["Educaci\u00f3n"],"inLanguage":"es-AR"},{"@type":"WebPage","@id":"https:\/\/educatespilar.com\/educacion-intelectual-y-corporal\/","url":"https:\/\/educatespilar.com\/educacion-intelectual-y-corporal\/","name":"EDUCACI\u00d3N INTELECTUAL Y CORPORAL - EducatesPilar.com","isPartOf":{"@id":"https:\/\/tzs.pgq.temporary.site\/website_c18d3ae6\/#website"},"primaryImageOfPage":{"@id":"https:\/\/educatespilar.com\/educacion-intelectual-y-corporal\/#primaryimage"},"image":{"@id":"https:\/\/educatespilar.com\/educacion-intelectual-y-corporal\/#primaryimage"},"thumbnailUrl":"https:\/\/i0.wp.com\/educatespilar.com\/wp-content\/uploads\/2025\/11\/aprendizaje-de-la-fisica-scaled.jpg?fit=1709%2C2560&ssl=1","datePublished":"2025-11-03T00:08:06+00:00","dateModified":"2025-11-12T00:09:46+00:00","author":{"@id":"https:\/\/tzs.pgq.temporary.site\/website_c18d3ae6\/#\/schema\/person\/655446504db2a404e6921d90ab7c0a0f"},"breadcrumb":{"@id":"https:\/\/educatespilar.com\/educacion-intelectual-y-corporal\/#breadcrumb"},"inLanguage":"es-AR","potentialAction":[{"@type":"ReadAction","target":["https:\/\/educatespilar.com\/educacion-intelectual-y-corporal\/"]}]},{"@type":"ImageObject","inLanguage":"es-AR","@id":"https:\/\/educatespilar.com\/educacion-intelectual-y-corporal\/#primaryimage","url":"https:\/\/i0.wp.com\/educatespilar.com\/wp-content\/uploads\/2025\/11\/aprendizaje-de-la-fisica-scaled.jpg?fit=1709%2C2560&ssl=1","contentUrl":"https:\/\/i0.wp.com\/educatespilar.com\/wp-content\/uploads\/2025\/11\/aprendizaje-de-la-fisica-scaled.jpg?fit=1709%2C2560&ssl=1","width":1709,"height":2560},{"@type":"BreadcrumbList","@id":"https:\/\/educatespilar.com\/educacion-intelectual-y-corporal\/#breadcrumb","itemListElement":[{"@type":"ListItem","position":1,"name":"Home","item":"https:\/\/educatespilar.com\/"},{"@type":"ListItem","position":2,"name":"EDUCACI\u00d3N INTELECTUAL Y CORPORAL"}]},{"@type":"WebSite","@id":"https:\/\/tzs.pgq.temporary.site\/website_c18d3ae6\/#website","url":"https:\/\/tzs.pgq.temporary.site\/website_c18d3ae6\/","name":"EducatesPilar.com","description":"","potentialAction":[{"@type":"SearchAction","target":{"@type":"EntryPoint","urlTemplate":"https:\/\/tzs.pgq.temporary.site\/website_c18d3ae6\/?s={search_term_string}"},"query-input":{"@type":"PropertyValueSpecification","valueRequired":true,"valueName":"search_term_string"}}],"inLanguage":"es-AR"},{"@type":"Person","@id":"https:\/\/tzs.pgq.temporary.site\/website_c18d3ae6\/#\/schema\/person\/655446504db2a404e6921d90ab7c0a0f","name":"educates","image":{"@type":"ImageObject","inLanguage":"es-AR","@id":"https:\/\/secure.gravatar.com\/avatar\/f1e844324149cf607705bdc3821ac52f5613382cc275e3a009bc73539c52a819?s=96&d=mm&r=g","url":"https:\/\/secure.gravatar.com\/avatar\/f1e844324149cf607705bdc3821ac52f5613382cc275e3a009bc73539c52a819?s=96&d=mm&r=g","contentUrl":"https:\/\/secure.gravatar.com\/avatar\/f1e844324149cf607705bdc3821ac52f5613382cc275e3a009bc73539c52a819?s=96&d=mm&r=g","caption":"educates"},"url":"https:\/\/educatespilar.com\/es\/author\/educates\/"}]}},"jetpack_featured_media_url":"https:\/\/i0.wp.com\/educatespilar.com\/wp-content\/uploads\/2025\/11\/aprendizaje-de-la-fisica-scaled.jpg?fit=1709%2C2560&ssl=1","jetpack_sharing_enabled":true,"_links":{"self":[{"href":"https:\/\/educatespilar.com\/es\/wp-json\/wp\/v2\/posts\/180","targetHints":{"allow":["GET"]}}],"collection":[{"href":"https:\/\/educatespilar.com\/es\/wp-json\/wp\/v2\/posts"}],"about":[{"href":"https:\/\/educatespilar.com\/es\/wp-json\/wp\/v2\/types\/post"}],"author":[{"embeddable":true,"href":"https:\/\/educatespilar.com\/es\/wp-json\/wp\/v2\/users\/2"}],"replies":[{"embeddable":true,"href":"https:\/\/educatespilar.com\/es\/wp-json\/wp\/v2\/comments?post=180"}],"version-history":[{"count":1,"href":"https:\/\/educatespilar.com\/es\/wp-json\/wp\/v2\/posts\/180\/revisions"}],"predecessor-version":[{"id":182,"href":"https:\/\/educatespilar.com\/es\/wp-json\/wp\/v2\/posts\/180\/revisions\/182"}],"wp:featuredmedia":[{"embeddable":true,"href":"https:\/\/educatespilar.com\/es\/wp-json\/wp\/v2\/media\/181"}],"wp:attachment":[{"href":"https:\/\/educatespilar.com\/es\/wp-json\/wp\/v2\/media?parent=180"}],"wp:term":[{"taxonomy":"category","embeddable":true,"href":"https:\/\/educatespilar.com\/es\/wp-json\/wp\/v2\/categories?post=180"},{"taxonomy":"post_tag","embeddable":true,"href":"https:\/\/educatespilar.com\/es\/wp-json\/wp\/v2\/tags?post=180"}],"curies":[{"name":"wp","href":"https:\/\/api.w.org\/{rel}","templated":true}]}}