{"id":175,"date":"2025-10-30T18:26:21","date_gmt":"2025-10-30T18:26:21","guid":{"rendered":"https:\/\/educatespilar.com\/?p=175"},"modified":"2025-11-04T18:26:56","modified_gmt":"2025-11-04T18:26:56","slug":"las-virtudes-profesionales","status":"publish","type":"post","link":"https:\/\/educatespilar.com\/es\/las-virtudes-profesionales\/","title":{"rendered":"Las Virtudes Profesionales"},"content":{"rendered":"<p><img data-recalc-dims=\"1\" decoding=\"async\" loading=\"lazy\" class=\"alignnone size-medium wp-image-176\" src=\"https:\/\/i0.wp.com\/educatespilar.com\/wp-content\/uploads\/2025\/11\/corporate-business-people.jpg?resize=300%2C169&#038;ssl=1\" alt=\"\" width=\"300\" height=\"169\" srcset=\"https:\/\/i0.wp.com\/educatespilar.com\/wp-content\/uploads\/2025\/11\/corporate-business-people-scaled.jpg?resize=300%2C169&amp;ssl=1 300w, https:\/\/i0.wp.com\/educatespilar.com\/wp-content\/uploads\/2025\/11\/corporate-business-people-scaled.jpg?resize=1024%2C576&amp;ssl=1 1024w, https:\/\/i0.wp.com\/educatespilar.com\/wp-content\/uploads\/2025\/11\/corporate-business-people-scaled.jpg?resize=768%2C432&amp;ssl=1 768w, https:\/\/i0.wp.com\/educatespilar.com\/wp-content\/uploads\/2025\/11\/corporate-business-people-scaled.jpg?resize=1536%2C865&amp;ssl=1 1536w, https:\/\/i0.wp.com\/educatespilar.com\/wp-content\/uploads\/2025\/11\/corporate-business-people-scaled.jpg?resize=2048%2C1153&amp;ssl=1 2048w, https:\/\/i0.wp.com\/educatespilar.com\/wp-content\/uploads\/2025\/11\/corporate-business-people-scaled.jpg?resize=18%2C10&amp;ssl=1 18w\" sizes=\"auto, (max-width: 300px) 100vw, 300px\" \/><\/p>\n<p><span style=\"font-weight: 400;\">Junto al don pedag\u00f3gico, enriquecido con la preparaci\u00f3n adecuada de su formaci\u00f3n y con el aprendizaje pr\u00e1ctico, se ampl\u00eda y complementa el verdadero educador con las virtudes profesionales en el ejercicio de su funci\u00f3n y aun fuera de ella. Tales son: cumplimiento minucioso de las tareas cotidianas; preparaci\u00f3n de las clases y ejercicios; organizaci\u00f3n general del trabajo escolar; solicitud por la educaci\u00f3n en s\u00ed; exactitud, regularidad en sus tareas y estados an\u00edmicos; alto sentido de la ejemplaridad en la escuela y fuera de ella.\u00a0<\/span><\/p>\n<p><span style=\"font-weight: 400;\">Y, en fin, ser un modelo viviente de todo lo dicho al hablar de las condiciones morales e intelectuales que deben adornar al buen educador. S\u00f3lo as\u00ed podr\u00e1 llenar su cometido con fecundidad, formando hombres que vivan en su \u00e9poca y que sientan constantemente la dicha de poseer una formaci\u00f3n espiritual e intelectual que los capacitan para comprender mejor las cosas y a los dem\u00e1s hombres.<\/span><\/p>\n<p><span style=\"font-weight: 400;\">Estas virtudes, en la realidad, no se hallan todas reunidas en una proporci\u00f3n equilibrada. Se coordinan y armonizan de mil diversas maneras para formar la variad\u00edsima gama de tipos docentes.<\/span><\/p>\n","protected":false},"excerpt":{"rendered":"<p>Junto al don pedag\u00f3gico, enriquecido con la preparaci\u00f3n adecuada de su formaci\u00f3n y con el aprendizaje pr\u00e1ctico, se ampl\u00eda y complementa el verdadero educador con las virtudes profesionales en el ejercicio de su funci\u00f3n y aun fuera de ella. Tales son: cumplimiento minucioso de las tareas cotidianas; preparaci\u00f3n de las clases y ejercicios; organizaci\u00f3n general [&hellip;]<\/p>\n","protected":false},"author":2,"featured_media":176,"comment_status":"closed","ping_status":"closed","sticky":false,"template":"","format":"standard","meta":{"nf_dc_page":"","_jetpack_memberships_contains_paid_content":false,"footnotes":""},"categories":[9],"tags":[75,74],"class_list":["post-175","post","type-post","status-publish","format-standard","has-post-thumbnail","hentry","category-educacion","tag-profesionales","tag-virtudes"],"yoast_head":"<!-- This site is optimized with the Yoast SEO plugin v27.4 - https:\/\/yoast.com\/product\/yoast-seo-wordpress\/ -->\n<title>Las Virtudes Profesionales - EducatesPilar.com<\/title>\n<meta name=\"robots\" content=\"index, follow, max-snippet:-1, max-image-preview:large, max-video-preview:-1\" \/>\n<link rel=\"canonical\" href=\"https:\/\/educatespilar.com\/es\/las-virtudes-profesionales\/\" \/>\n<meta property=\"og:locale\" content=\"es_ES\" \/>\n<meta property=\"og:type\" content=\"article\" \/>\n<meta property=\"og:title\" content=\"Las Virtudes Profesionales - EducatesPilar.com\" \/>\n<meta property=\"og:description\" content=\"Junto al don pedag\u00f3gico, enriquecido con la preparaci\u00f3n adecuada de su formaci\u00f3n y con el aprendizaje pr\u00e1ctico, se ampl\u00eda y complementa el verdadero educador con las virtudes profesionales en el ejercicio de su funci\u00f3n y aun fuera de ella. Tales son: cumplimiento minucioso de las tareas cotidianas; preparaci\u00f3n de las clases y ejercicios; organizaci\u00f3n general [&hellip;]\" \/>\n<meta property=\"og:url\" content=\"https:\/\/educatespilar.com\/es\/las-virtudes-profesionales\/\" \/>\n<meta property=\"og:site_name\" content=\"EducatesPilar.com\" \/>\n<meta property=\"article:published_time\" content=\"2025-10-30T18:26:21+00:00\" \/>\n<meta property=\"article:modified_time\" content=\"2025-11-04T18:26:56+00:00\" \/>\n<meta property=\"og:image\" content=\"https:\/\/educatespilar.com\/wp-content\/uploads\/2025\/11\/corporate-business-people-scaled.jpg\" \/>\n\t<meta property=\"og:image:width\" content=\"2560\" \/>\n\t<meta property=\"og:image:height\" content=\"1441\" \/>\n\t<meta property=\"og:image:type\" content=\"image\/jpeg\" \/>\n<meta name=\"author\" content=\"educates\" \/>\n<meta name=\"twitter:card\" content=\"summary_large_image\" \/>\n<meta name=\"twitter:label1\" content=\"Escrito por\" \/>\n\t<meta name=\"twitter:data1\" content=\"educates\" \/>\n\t<meta name=\"twitter:label2\" content=\"Tiempo de lectura\" \/>\n\t<meta name=\"twitter:data2\" content=\"2 minutos\" \/>\n<script type=\"application\/ld+json\" class=\"yoast-schema-graph\">{\"@context\":\"https:\\\/\\\/schema.org\",\"@graph\":[{\"@type\":\"Article\",\"@id\":\"https:\\\/\\\/educatespilar.com\\\/las-virtudes-profesionales\\\/#article\",\"isPartOf\":{\"@id\":\"https:\\\/\\\/educatespilar.com\\\/las-virtudes-profesionales\\\/\"},\"author\":{\"name\":\"educates\",\"@id\":\"https:\\\/\\\/tzs.pgq.temporary.site\\\/website_c18d3ae6\\\/#\\\/schema\\\/person\\\/655446504db2a404e6921d90ab7c0a0f\"},\"headline\":\"Las Virtudes Profesionales\",\"datePublished\":\"2025-10-30T18:26:21+00:00\",\"dateModified\":\"2025-11-04T18:26:56+00:00\",\"mainEntityOfPage\":{\"@id\":\"https:\\\/\\\/educatespilar.com\\\/las-virtudes-profesionales\\\/\"},\"wordCount\":198,\"image\":{\"@id\":\"https:\\\/\\\/educatespilar.com\\\/las-virtudes-profesionales\\\/#primaryimage\"},\"thumbnailUrl\":\"https:\\\/\\\/i0.wp.com\\\/educatespilar.com\\\/wp-content\\\/uploads\\\/2025\\\/11\\\/corporate-business-people-scaled.jpg?fit=2560%2C1441&ssl=1\",\"keywords\":[\"profesionales\",\"virtudes\"],\"articleSection\":[\"Educaci\u00f3n\"],\"inLanguage\":\"es-AR\"},{\"@type\":\"WebPage\",\"@id\":\"https:\\\/\\\/educatespilar.com\\\/las-virtudes-profesionales\\\/\",\"url\":\"https:\\\/\\\/educatespilar.com\\\/las-virtudes-profesionales\\\/\",\"name\":\"Las Virtudes Profesionales - EducatesPilar.com\",\"isPartOf\":{\"@id\":\"https:\\\/\\\/tzs.pgq.temporary.site\\\/website_c18d3ae6\\\/#website\"},\"primaryImageOfPage\":{\"@id\":\"https:\\\/\\\/educatespilar.com\\\/las-virtudes-profesionales\\\/#primaryimage\"},\"image\":{\"@id\":\"https:\\\/\\\/educatespilar.com\\\/las-virtudes-profesionales\\\/#primaryimage\"},\"thumbnailUrl\":\"https:\\\/\\\/i0.wp.com\\\/educatespilar.com\\\/wp-content\\\/uploads\\\/2025\\\/11\\\/corporate-business-people-scaled.jpg?fit=2560%2C1441&ssl=1\",\"datePublished\":\"2025-10-30T18:26:21+00:00\",\"dateModified\":\"2025-11-04T18:26:56+00:00\",\"author\":{\"@id\":\"https:\\\/\\\/tzs.pgq.temporary.site\\\/website_c18d3ae6\\\/#\\\/schema\\\/person\\\/655446504db2a404e6921d90ab7c0a0f\"},\"breadcrumb\":{\"@id\":\"https:\\\/\\\/educatespilar.com\\\/las-virtudes-profesionales\\\/#breadcrumb\"},\"inLanguage\":\"es-AR\",\"potentialAction\":[{\"@type\":\"ReadAction\",\"target\":[\"https:\\\/\\\/educatespilar.com\\\/las-virtudes-profesionales\\\/\"]}]},{\"@type\":\"ImageObject\",\"inLanguage\":\"es-AR\",\"@id\":\"https:\\\/\\\/educatespilar.com\\\/las-virtudes-profesionales\\\/#primaryimage\",\"url\":\"https:\\\/\\\/i0.wp.com\\\/educatespilar.com\\\/wp-content\\\/uploads\\\/2025\\\/11\\\/corporate-business-people-scaled.jpg?fit=2560%2C1441&ssl=1\",\"contentUrl\":\"https:\\\/\\\/i0.wp.com\\\/educatespilar.com\\\/wp-content\\\/uploads\\\/2025\\\/11\\\/corporate-business-people-scaled.jpg?fit=2560%2C1441&ssl=1\",\"width\":2560,\"height\":1441,\"caption\":\"Equipo de trabajo celebrando en grupo, s\u00edmbolo de colaboraci\u00f3n y energ\u00eda positiva organizacional.\"},{\"@type\":\"BreadcrumbList\",\"@id\":\"https:\\\/\\\/educatespilar.com\\\/las-virtudes-profesionales\\\/#breadcrumb\",\"itemListElement\":[{\"@type\":\"ListItem\",\"position\":1,\"name\":\"Home\",\"item\":\"https:\\\/\\\/educatespilar.com\\\/\"},{\"@type\":\"ListItem\",\"position\":2,\"name\":\"Las Virtudes Profesionales\"}]},{\"@type\":\"WebSite\",\"@id\":\"https:\\\/\\\/tzs.pgq.temporary.site\\\/website_c18d3ae6\\\/#website\",\"url\":\"https:\\\/\\\/tzs.pgq.temporary.site\\\/website_c18d3ae6\\\/\",\"name\":\"EducatesPilar.com\",\"description\":\"\",\"potentialAction\":[{\"@type\":\"SearchAction\",\"target\":{\"@type\":\"EntryPoint\",\"urlTemplate\":\"https:\\\/\\\/tzs.pgq.temporary.site\\\/website_c18d3ae6\\\/?s={search_term_string}\"},\"query-input\":{\"@type\":\"PropertyValueSpecification\",\"valueRequired\":true,\"valueName\":\"search_term_string\"}}],\"inLanguage\":\"es-AR\"},{\"@type\":\"Person\",\"@id\":\"https:\\\/\\\/tzs.pgq.temporary.site\\\/website_c18d3ae6\\\/#\\\/schema\\\/person\\\/655446504db2a404e6921d90ab7c0a0f\",\"name\":\"educates\",\"image\":{\"@type\":\"ImageObject\",\"inLanguage\":\"es-AR\",\"@id\":\"https:\\\/\\\/secure.gravatar.com\\\/avatar\\\/f1e844324149cf607705bdc3821ac52f5613382cc275e3a009bc73539c52a819?s=96&d=mm&r=g\",\"url\":\"https:\\\/\\\/secure.gravatar.com\\\/avatar\\\/f1e844324149cf607705bdc3821ac52f5613382cc275e3a009bc73539c52a819?s=96&d=mm&r=g\",\"contentUrl\":\"https:\\\/\\\/secure.gravatar.com\\\/avatar\\\/f1e844324149cf607705bdc3821ac52f5613382cc275e3a009bc73539c52a819?s=96&d=mm&r=g\",\"caption\":\"educates\"},\"url\":\"https:\\\/\\\/educatespilar.com\\\/es\\\/author\\\/educates\\\/\"}]}<\/script>\n<!-- \/ Yoast SEO plugin. -->","yoast_head_json":{"title":"Las Virtudes Profesionales - EducatesPilar.com","robots":{"index":"index","follow":"follow","max-snippet":"max-snippet:-1","max-image-preview":"max-image-preview:large","max-video-preview":"max-video-preview:-1"},"canonical":"https:\/\/educatespilar.com\/es\/las-virtudes-profesionales\/","og_locale":"es_ES","og_type":"article","og_title":"Las Virtudes Profesionales - EducatesPilar.com","og_description":"Junto al don pedag\u00f3gico, enriquecido con la preparaci\u00f3n adecuada de su formaci\u00f3n y con el aprendizaje pr\u00e1ctico, se ampl\u00eda y complementa el verdadero educador con las virtudes profesionales en el ejercicio de su funci\u00f3n y aun fuera de ella. Tales son: cumplimiento minucioso de las tareas cotidianas; preparaci\u00f3n de las clases y ejercicios; organizaci\u00f3n general [&hellip;]","og_url":"https:\/\/educatespilar.com\/es\/las-virtudes-profesionales\/","og_site_name":"EducatesPilar.com","article_published_time":"2025-10-30T18:26:21+00:00","article_modified_time":"2025-11-04T18:26:56+00:00","og_image":[{"width":2560,"height":1441,"url":"https:\/\/educatespilar.com\/wp-content\/uploads\/2025\/11\/corporate-business-people-scaled.jpg","type":"image\/jpeg"}],"author":"educates","twitter_card":"summary_large_image","twitter_misc":{"Escrito por":"educates","Tiempo de lectura":"2 minutos"},"schema":{"@context":"https:\/\/schema.org","@graph":[{"@type":"Article","@id":"https:\/\/educatespilar.com\/las-virtudes-profesionales\/#article","isPartOf":{"@id":"https:\/\/educatespilar.com\/las-virtudes-profesionales\/"},"author":{"name":"educates","@id":"https:\/\/tzs.pgq.temporary.site\/website_c18d3ae6\/#\/schema\/person\/655446504db2a404e6921d90ab7c0a0f"},"headline":"Las Virtudes Profesionales","datePublished":"2025-10-30T18:26:21+00:00","dateModified":"2025-11-04T18:26:56+00:00","mainEntityOfPage":{"@id":"https:\/\/educatespilar.com\/las-virtudes-profesionales\/"},"wordCount":198,"image":{"@id":"https:\/\/educatespilar.com\/las-virtudes-profesionales\/#primaryimage"},"thumbnailUrl":"https:\/\/i0.wp.com\/educatespilar.com\/wp-content\/uploads\/2025\/11\/corporate-business-people-scaled.jpg?fit=2560%2C1441&ssl=1","keywords":["profesionales","virtudes"],"articleSection":["Educaci\u00f3n"],"inLanguage":"es-AR"},{"@type":"WebPage","@id":"https:\/\/educatespilar.com\/las-virtudes-profesionales\/","url":"https:\/\/educatespilar.com\/las-virtudes-profesionales\/","name":"Las Virtudes Profesionales - EducatesPilar.com","isPartOf":{"@id":"https:\/\/tzs.pgq.temporary.site\/website_c18d3ae6\/#website"},"primaryImageOfPage":{"@id":"https:\/\/educatespilar.com\/las-virtudes-profesionales\/#primaryimage"},"image":{"@id":"https:\/\/educatespilar.com\/las-virtudes-profesionales\/#primaryimage"},"thumbnailUrl":"https:\/\/i0.wp.com\/educatespilar.com\/wp-content\/uploads\/2025\/11\/corporate-business-people-scaled.jpg?fit=2560%2C1441&ssl=1","datePublished":"2025-10-30T18:26:21+00:00","dateModified":"2025-11-04T18:26:56+00:00","author":{"@id":"https:\/\/tzs.pgq.temporary.site\/website_c18d3ae6\/#\/schema\/person\/655446504db2a404e6921d90ab7c0a0f"},"breadcrumb":{"@id":"https:\/\/educatespilar.com\/las-virtudes-profesionales\/#breadcrumb"},"inLanguage":"es-AR","potentialAction":[{"@type":"ReadAction","target":["https:\/\/educatespilar.com\/las-virtudes-profesionales\/"]}]},{"@type":"ImageObject","inLanguage":"es-AR","@id":"https:\/\/educatespilar.com\/las-virtudes-profesionales\/#primaryimage","url":"https:\/\/i0.wp.com\/educatespilar.com\/wp-content\/uploads\/2025\/11\/corporate-business-people-scaled.jpg?fit=2560%2C1441&ssl=1","contentUrl":"https:\/\/i0.wp.com\/educatespilar.com\/wp-content\/uploads\/2025\/11\/corporate-business-people-scaled.jpg?fit=2560%2C1441&ssl=1","width":2560,"height":1441,"caption":"Equipo de trabajo celebrando en grupo, s\u00edmbolo de colaboraci\u00f3n y energ\u00eda positiva organizacional."},{"@type":"BreadcrumbList","@id":"https:\/\/educatespilar.com\/las-virtudes-profesionales\/#breadcrumb","itemListElement":[{"@type":"ListItem","position":1,"name":"Home","item":"https:\/\/educatespilar.com\/"},{"@type":"ListItem","position":2,"name":"Las Virtudes Profesionales"}]},{"@type":"WebSite","@id":"https:\/\/tzs.pgq.temporary.site\/website_c18d3ae6\/#website","url":"https:\/\/tzs.pgq.temporary.site\/website_c18d3ae6\/","name":"EducatesPilar.com","description":"","potentialAction":[{"@type":"SearchAction","target":{"@type":"EntryPoint","urlTemplate":"https:\/\/tzs.pgq.temporary.site\/website_c18d3ae6\/?s={search_term_string}"},"query-input":{"@type":"PropertyValueSpecification","valueRequired":true,"valueName":"search_term_string"}}],"inLanguage":"es-AR"},{"@type":"Person","@id":"https:\/\/tzs.pgq.temporary.site\/website_c18d3ae6\/#\/schema\/person\/655446504db2a404e6921d90ab7c0a0f","name":"educates","image":{"@type":"ImageObject","inLanguage":"es-AR","@id":"https:\/\/secure.gravatar.com\/avatar\/f1e844324149cf607705bdc3821ac52f5613382cc275e3a009bc73539c52a819?s=96&d=mm&r=g","url":"https:\/\/secure.gravatar.com\/avatar\/f1e844324149cf607705bdc3821ac52f5613382cc275e3a009bc73539c52a819?s=96&d=mm&r=g","contentUrl":"https:\/\/secure.gravatar.com\/avatar\/f1e844324149cf607705bdc3821ac52f5613382cc275e3a009bc73539c52a819?s=96&d=mm&r=g","caption":"educates"},"url":"https:\/\/educatespilar.com\/es\/author\/educates\/"}]}},"jetpack_featured_media_url":"https:\/\/i0.wp.com\/educatespilar.com\/wp-content\/uploads\/2025\/11\/corporate-business-people-scaled.jpg?fit=2560%2C1441&ssl=1","jetpack_sharing_enabled":true,"_links":{"self":[{"href":"https:\/\/educatespilar.com\/es\/wp-json\/wp\/v2\/posts\/175","targetHints":{"allow":["GET"]}}],"collection":[{"href":"https:\/\/educatespilar.com\/es\/wp-json\/wp\/v2\/posts"}],"about":[{"href":"https:\/\/educatespilar.com\/es\/wp-json\/wp\/v2\/types\/post"}],"author":[{"embeddable":true,"href":"https:\/\/educatespilar.com\/es\/wp-json\/wp\/v2\/users\/2"}],"replies":[{"embeddable":true,"href":"https:\/\/educatespilar.com\/es\/wp-json\/wp\/v2\/comments?post=175"}],"version-history":[{"count":1,"href":"https:\/\/educatespilar.com\/es\/wp-json\/wp\/v2\/posts\/175\/revisions"}],"predecessor-version":[{"id":177,"href":"https:\/\/educatespilar.com\/es\/wp-json\/wp\/v2\/posts\/175\/revisions\/177"}],"wp:featuredmedia":[{"embeddable":true,"href":"https:\/\/educatespilar.com\/es\/wp-json\/wp\/v2\/media\/176"}],"wp:attachment":[{"href":"https:\/\/educatespilar.com\/es\/wp-json\/wp\/v2\/media?parent=175"}],"wp:term":[{"taxonomy":"category","embeddable":true,"href":"https:\/\/educatespilar.com\/es\/wp-json\/wp\/v2\/categories?post=175"},{"taxonomy":"post_tag","embeddable":true,"href":"https:\/\/educatespilar.com\/es\/wp-json\/wp\/v2\/tags?post=175"}],"curies":[{"name":"wp","href":"https:\/\/api.w.org\/{rel}","templated":true}]}}