{"id":161,"date":"2025-10-22T13:55:12","date_gmt":"2025-10-22T13:55:12","guid":{"rendered":"https:\/\/educatespilar.com\/?p=161"},"modified":"2025-11-04T18:06:19","modified_gmt":"2025-11-04T18:06:19","slug":"el-nino-desde-el-punto-de-vista-biologico","status":"publish","type":"post","link":"https:\/\/educatespilar.com\/es\/el-nino-desde-el-punto-de-vista-biologico\/","title":{"rendered":"El Ni\u00f1o Desde el Punto de Vista Biol\u00f3gico"},"content":{"rendered":"<p><img data-recalc-dims=\"1\" decoding=\"async\" loading=\"lazy\" class=\"alignnone size-medium wp-image-162\" src=\"https:\/\/i0.wp.com\/educatespilar.com\/wp-content\/uploads\/2025\/10\/happy-kid-playing-outdoors.jpg?resize=300%2C200&#038;ssl=1\" alt=\"\" width=\"300\" height=\"200\" srcset=\"https:\/\/i0.wp.com\/educatespilar.com\/wp-content\/uploads\/2025\/10\/happy-kid-playing-outdoors-scaled.jpg?resize=300%2C200&amp;ssl=1 300w, https:\/\/i0.wp.com\/educatespilar.com\/wp-content\/uploads\/2025\/10\/happy-kid-playing-outdoors-scaled.jpg?resize=1024%2C683&amp;ssl=1 1024w, https:\/\/i0.wp.com\/educatespilar.com\/wp-content\/uploads\/2025\/10\/happy-kid-playing-outdoors-scaled.jpg?resize=768%2C512&amp;ssl=1 768w, https:\/\/i0.wp.com\/educatespilar.com\/wp-content\/uploads\/2025\/10\/happy-kid-playing-outdoors-scaled.jpg?resize=1536%2C1024&amp;ssl=1 1536w, https:\/\/i0.wp.com\/educatespilar.com\/wp-content\/uploads\/2025\/10\/happy-kid-playing-outdoors-scaled.jpg?resize=2048%2C1365&amp;ssl=1 2048w, https:\/\/i0.wp.com\/educatespilar.com\/wp-content\/uploads\/2025\/10\/happy-kid-playing-outdoors-scaled.jpg?resize=18%2C12&amp;ssl=1 18w\" sizes=\"auto, (max-width: 300px) 100vw, 300px\" \/><\/p>\n<p><span style=\"font-weight: 400;\">Cada ni\u00f1o llega a la vida con una organizaci\u00f3n biol\u00f3gica distinta, determinada por su estructura corporal, el funcionamiento de sus elementos org\u00e1nicos y la existencia de una serie de fuerzas que tienden a manifestarse. Es decir, el nuevo ser no nace como una tabla rasa o un recipiente vac\u00edo, sino que trae consigo una serie de caracter\u00edsticas determinadas por la herencia.\u00a0<\/span><\/p>\n<p><span style=\"font-weight: 400;\">La existencia de la herencia biol\u00f3gica es indiscutible, pues se ha comprobado que los seres humanos reproducen algunas caracter\u00edsticas de sus antepasados, y su mecanismo se explica por medio de los genes. \u00c9stos, que son los portadores de los caracteres hereditarios, provienen en igual n\u00famero del padre y de la madre, y seg\u00fan la forma en que se combinen, permiten que aparezcan determinados caracteres: rasgos f\u00edsicos estatura, color de los ojos y del cabello, proporciones generales del cuerpo, etc., anomal\u00edas estructurales y funcionales y predisposiciones en la constituci\u00f3n f\u00edsica.<\/span><\/p>\n<p><span style=\"font-weight: 400;\">Actualmente se reconoce que los caracteres biol\u00f3gicos no se transmiten directamente de ascendientes a descendientes, sino que existe la posibilidad de que en condiciones an\u00e1logas a la de esa combinaci\u00f3n en genes de seres anteriores se produzca un desarrollo que conduzca a la aparici\u00f3n de caracteres semejantes.<\/span><\/p>\n","protected":false},"excerpt":{"rendered":"<p>Cada ni\u00f1o llega a la vida con una organizaci\u00f3n biol\u00f3gica distinta, determinada por su estructura corporal, el funcionamiento de sus elementos org\u00e1nicos y la existencia de una serie de fuerzas que tienden a manifestarse. Es decir, el nuevo ser no nace como una tabla rasa o un recipiente vac\u00edo, sino que trae consigo una serie [&hellip;]<\/p>\n","protected":false},"author":2,"featured_media":162,"comment_status":"closed","ping_status":"closed","sticky":false,"template":"","format":"standard","meta":{"nf_dc_page":"","_jetpack_memberships_contains_paid_content":false,"footnotes":""},"categories":[9],"tags":[73,65],"class_list":["post-161","post","type-post","status-publish","format-standard","has-post-thumbnail","hentry","category-educacion","tag-biologia","tag-nino"],"yoast_head":"<!-- This site is optimized with the Yoast SEO plugin v27.4 - https:\/\/yoast.com\/product\/yoast-seo-wordpress\/ -->\n<title>El Ni\u00f1o Desde el Punto de Vista Biol\u00f3gico - EducatesPilar.com<\/title>\n<meta name=\"robots\" content=\"index, follow, max-snippet:-1, max-image-preview:large, max-video-preview:-1\" \/>\n<link rel=\"canonical\" href=\"https:\/\/educatespilar.com\/es\/el-nino-desde-el-punto-de-vista-biologico\/\" \/>\n<meta property=\"og:locale\" content=\"es_ES\" \/>\n<meta property=\"og:type\" content=\"article\" \/>\n<meta property=\"og:title\" content=\"El Ni\u00f1o Desde el Punto de Vista Biol\u00f3gico - EducatesPilar.com\" \/>\n<meta property=\"og:description\" content=\"Cada ni\u00f1o llega a la vida con una organizaci\u00f3n biol\u00f3gica distinta, determinada por su estructura corporal, el funcionamiento de sus elementos org\u00e1nicos y la existencia de una serie de fuerzas que tienden a manifestarse. Es decir, el nuevo ser no nace como una tabla rasa o un recipiente vac\u00edo, sino que trae consigo una serie [&hellip;]\" \/>\n<meta property=\"og:url\" content=\"https:\/\/educatespilar.com\/es\/el-nino-desde-el-punto-de-vista-biologico\/\" \/>\n<meta property=\"og:site_name\" content=\"EducatesPilar.com\" \/>\n<meta property=\"article:published_time\" content=\"2025-10-22T13:55:12+00:00\" \/>\n<meta property=\"article:modified_time\" content=\"2025-11-04T18:06:19+00:00\" \/>\n<meta property=\"og:image\" content=\"https:\/\/educatespilar.com\/wp-content\/uploads\/2025\/10\/happy-kid-playing-outdoors-scaled.jpg\" \/>\n\t<meta property=\"og:image:width\" content=\"2560\" \/>\n\t<meta property=\"og:image:height\" content=\"1706\" \/>\n\t<meta property=\"og:image:type\" content=\"image\/jpeg\" \/>\n<meta name=\"author\" content=\"educates\" \/>\n<meta name=\"twitter:card\" content=\"summary_large_image\" \/>\n<meta name=\"twitter:label1\" content=\"Escrito por\" \/>\n\t<meta name=\"twitter:data1\" content=\"educates\" \/>\n\t<meta name=\"twitter:label2\" content=\"Tiempo de lectura\" \/>\n\t<meta name=\"twitter:data2\" content=\"2 minutos\" \/>\n<script type=\"application\/ld+json\" class=\"yoast-schema-graph\">{\"@context\":\"https:\\\/\\\/schema.org\",\"@graph\":[{\"@type\":\"Article\",\"@id\":\"https:\\\/\\\/educatespilar.com\\\/el-nino-desde-el-punto-de-vista-biologico\\\/#article\",\"isPartOf\":{\"@id\":\"https:\\\/\\\/educatespilar.com\\\/el-nino-desde-el-punto-de-vista-biologico\\\/\"},\"author\":{\"name\":\"educates\",\"@id\":\"https:\\\/\\\/tzs.pgq.temporary.site\\\/website_c18d3ae6\\\/#\\\/schema\\\/person\\\/655446504db2a404e6921d90ab7c0a0f\"},\"headline\":\"El Ni\u00f1o Desde el Punto de Vista Biol\u00f3gico\",\"datePublished\":\"2025-10-22T13:55:12+00:00\",\"dateModified\":\"2025-11-04T18:06:19+00:00\",\"mainEntityOfPage\":{\"@id\":\"https:\\\/\\\/educatespilar.com\\\/el-nino-desde-el-punto-de-vista-biologico\\\/\"},\"wordCount\":225,\"image\":{\"@id\":\"https:\\\/\\\/educatespilar.com\\\/el-nino-desde-el-punto-de-vista-biologico\\\/#primaryimage\"},\"thumbnailUrl\":\"https:\\\/\\\/i0.wp.com\\\/educatespilar.com\\\/wp-content\\\/uploads\\\/2025\\\/10\\\/happy-kid-playing-outdoors-scaled.jpg?fit=2560%2C1706&ssl=1\",\"keywords\":[\"biologia\",\"ni\u00f1o\"],\"articleSection\":[\"Educaci\u00f3n\"],\"inLanguage\":\"es-AR\"},{\"@type\":\"WebPage\",\"@id\":\"https:\\\/\\\/educatespilar.com\\\/el-nino-desde-el-punto-de-vista-biologico\\\/\",\"url\":\"https:\\\/\\\/educatespilar.com\\\/el-nino-desde-el-punto-de-vista-biologico\\\/\",\"name\":\"El Ni\u00f1o Desde el Punto de Vista Biol\u00f3gico - EducatesPilar.com\",\"isPartOf\":{\"@id\":\"https:\\\/\\\/tzs.pgq.temporary.site\\\/website_c18d3ae6\\\/#website\"},\"primaryImageOfPage\":{\"@id\":\"https:\\\/\\\/educatespilar.com\\\/el-nino-desde-el-punto-de-vista-biologico\\\/#primaryimage\"},\"image\":{\"@id\":\"https:\\\/\\\/educatespilar.com\\\/el-nino-desde-el-punto-de-vista-biologico\\\/#primaryimage\"},\"thumbnailUrl\":\"https:\\\/\\\/i0.wp.com\\\/educatespilar.com\\\/wp-content\\\/uploads\\\/2025\\\/10\\\/happy-kid-playing-outdoors-scaled.jpg?fit=2560%2C1706&ssl=1\",\"datePublished\":\"2025-10-22T13:55:12+00:00\",\"dateModified\":\"2025-11-04T18:06:19+00:00\",\"author\":{\"@id\":\"https:\\\/\\\/tzs.pgq.temporary.site\\\/website_c18d3ae6\\\/#\\\/schema\\\/person\\\/655446504db2a404e6921d90ab7c0a0f\"},\"breadcrumb\":{\"@id\":\"https:\\\/\\\/educatespilar.com\\\/el-nino-desde-el-punto-de-vista-biologico\\\/#breadcrumb\"},\"inLanguage\":\"es-AR\",\"potentialAction\":[{\"@type\":\"ReadAction\",\"target\":[\"https:\\\/\\\/educatespilar.com\\\/el-nino-desde-el-punto-de-vista-biologico\\\/\"]}]},{\"@type\":\"ImageObject\",\"inLanguage\":\"es-AR\",\"@id\":\"https:\\\/\\\/educatespilar.com\\\/el-nino-desde-el-punto-de-vista-biologico\\\/#primaryimage\",\"url\":\"https:\\\/\\\/i0.wp.com\\\/educatespilar.com\\\/wp-content\\\/uploads\\\/2025\\\/10\\\/happy-kid-playing-outdoors-scaled.jpg?fit=2560%2C1706&ssl=1\",\"contentUrl\":\"https:\\\/\\\/i0.wp.com\\\/educatespilar.com\\\/wp-content\\\/uploads\\\/2025\\\/10\\\/happy-kid-playing-outdoors-scaled.jpg?fit=2560%2C1706&ssl=1\",\"width\":2560,\"height\":1706,\"caption\":\"Ni\u00f1o jugando en la arena al atardecer, s\u00edmbolo de la inocencia y del v\u00ednculo elemental entre la infancia y la naturaleza.\"},{\"@type\":\"BreadcrumbList\",\"@id\":\"https:\\\/\\\/educatespilar.com\\\/el-nino-desde-el-punto-de-vista-biologico\\\/#breadcrumb\",\"itemListElement\":[{\"@type\":\"ListItem\",\"position\":1,\"name\":\"Home\",\"item\":\"https:\\\/\\\/educatespilar.com\\\/\"},{\"@type\":\"ListItem\",\"position\":2,\"name\":\"El Ni\u00f1o Desde el Punto de Vista Biol\u00f3gico\"}]},{\"@type\":\"WebSite\",\"@id\":\"https:\\\/\\\/tzs.pgq.temporary.site\\\/website_c18d3ae6\\\/#website\",\"url\":\"https:\\\/\\\/tzs.pgq.temporary.site\\\/website_c18d3ae6\\\/\",\"name\":\"EducatesPilar.com\",\"description\":\"\",\"potentialAction\":[{\"@type\":\"SearchAction\",\"target\":{\"@type\":\"EntryPoint\",\"urlTemplate\":\"https:\\\/\\\/tzs.pgq.temporary.site\\\/website_c18d3ae6\\\/?s={search_term_string}\"},\"query-input\":{\"@type\":\"PropertyValueSpecification\",\"valueRequired\":true,\"valueName\":\"search_term_string\"}}],\"inLanguage\":\"es-AR\"},{\"@type\":\"Person\",\"@id\":\"https:\\\/\\\/tzs.pgq.temporary.site\\\/website_c18d3ae6\\\/#\\\/schema\\\/person\\\/655446504db2a404e6921d90ab7c0a0f\",\"name\":\"educates\",\"image\":{\"@type\":\"ImageObject\",\"inLanguage\":\"es-AR\",\"@id\":\"https:\\\/\\\/secure.gravatar.com\\\/avatar\\\/f1e844324149cf607705bdc3821ac52f5613382cc275e3a009bc73539c52a819?s=96&d=mm&r=g\",\"url\":\"https:\\\/\\\/secure.gravatar.com\\\/avatar\\\/f1e844324149cf607705bdc3821ac52f5613382cc275e3a009bc73539c52a819?s=96&d=mm&r=g\",\"contentUrl\":\"https:\\\/\\\/secure.gravatar.com\\\/avatar\\\/f1e844324149cf607705bdc3821ac52f5613382cc275e3a009bc73539c52a819?s=96&d=mm&r=g\",\"caption\":\"educates\"},\"url\":\"https:\\\/\\\/educatespilar.com\\\/es\\\/author\\\/educates\\\/\"}]}<\/script>\n<!-- \/ Yoast SEO plugin. -->","yoast_head_json":{"title":"El Ni\u00f1o Desde el Punto de Vista Biol\u00f3gico - EducatesPilar.com","robots":{"index":"index","follow":"follow","max-snippet":"max-snippet:-1","max-image-preview":"max-image-preview:large","max-video-preview":"max-video-preview:-1"},"canonical":"https:\/\/educatespilar.com\/es\/el-nino-desde-el-punto-de-vista-biologico\/","og_locale":"es_ES","og_type":"article","og_title":"El Ni\u00f1o Desde el Punto de Vista Biol\u00f3gico - EducatesPilar.com","og_description":"Cada ni\u00f1o llega a la vida con una organizaci\u00f3n biol\u00f3gica distinta, determinada por su estructura corporal, el funcionamiento de sus elementos org\u00e1nicos y la existencia de una serie de fuerzas que tienden a manifestarse. Es decir, el nuevo ser no nace como una tabla rasa o un recipiente vac\u00edo, sino que trae consigo una serie [&hellip;]","og_url":"https:\/\/educatespilar.com\/es\/el-nino-desde-el-punto-de-vista-biologico\/","og_site_name":"EducatesPilar.com","article_published_time":"2025-10-22T13:55:12+00:00","article_modified_time":"2025-11-04T18:06:19+00:00","og_image":[{"width":2560,"height":1706,"url":"https:\/\/educatespilar.com\/wp-content\/uploads\/2025\/10\/happy-kid-playing-outdoors-scaled.jpg","type":"image\/jpeg"}],"author":"educates","twitter_card":"summary_large_image","twitter_misc":{"Escrito por":"educates","Tiempo de lectura":"2 minutos"},"schema":{"@context":"https:\/\/schema.org","@graph":[{"@type":"Article","@id":"https:\/\/educatespilar.com\/el-nino-desde-el-punto-de-vista-biologico\/#article","isPartOf":{"@id":"https:\/\/educatespilar.com\/el-nino-desde-el-punto-de-vista-biologico\/"},"author":{"name":"educates","@id":"https:\/\/tzs.pgq.temporary.site\/website_c18d3ae6\/#\/schema\/person\/655446504db2a404e6921d90ab7c0a0f"},"headline":"El Ni\u00f1o Desde el Punto de Vista Biol\u00f3gico","datePublished":"2025-10-22T13:55:12+00:00","dateModified":"2025-11-04T18:06:19+00:00","mainEntityOfPage":{"@id":"https:\/\/educatespilar.com\/el-nino-desde-el-punto-de-vista-biologico\/"},"wordCount":225,"image":{"@id":"https:\/\/educatespilar.com\/el-nino-desde-el-punto-de-vista-biologico\/#primaryimage"},"thumbnailUrl":"https:\/\/i0.wp.com\/educatespilar.com\/wp-content\/uploads\/2025\/10\/happy-kid-playing-outdoors-scaled.jpg?fit=2560%2C1706&ssl=1","keywords":["biologia","ni\u00f1o"],"articleSection":["Educaci\u00f3n"],"inLanguage":"es-AR"},{"@type":"WebPage","@id":"https:\/\/educatespilar.com\/el-nino-desde-el-punto-de-vista-biologico\/","url":"https:\/\/educatespilar.com\/el-nino-desde-el-punto-de-vista-biologico\/","name":"El Ni\u00f1o Desde el Punto de Vista Biol\u00f3gico - EducatesPilar.com","isPartOf":{"@id":"https:\/\/tzs.pgq.temporary.site\/website_c18d3ae6\/#website"},"primaryImageOfPage":{"@id":"https:\/\/educatespilar.com\/el-nino-desde-el-punto-de-vista-biologico\/#primaryimage"},"image":{"@id":"https:\/\/educatespilar.com\/el-nino-desde-el-punto-de-vista-biologico\/#primaryimage"},"thumbnailUrl":"https:\/\/i0.wp.com\/educatespilar.com\/wp-content\/uploads\/2025\/10\/happy-kid-playing-outdoors-scaled.jpg?fit=2560%2C1706&ssl=1","datePublished":"2025-10-22T13:55:12+00:00","dateModified":"2025-11-04T18:06:19+00:00","author":{"@id":"https:\/\/tzs.pgq.temporary.site\/website_c18d3ae6\/#\/schema\/person\/655446504db2a404e6921d90ab7c0a0f"},"breadcrumb":{"@id":"https:\/\/educatespilar.com\/el-nino-desde-el-punto-de-vista-biologico\/#breadcrumb"},"inLanguage":"es-AR","potentialAction":[{"@type":"ReadAction","target":["https:\/\/educatespilar.com\/el-nino-desde-el-punto-de-vista-biologico\/"]}]},{"@type":"ImageObject","inLanguage":"es-AR","@id":"https:\/\/educatespilar.com\/el-nino-desde-el-punto-de-vista-biologico\/#primaryimage","url":"https:\/\/i0.wp.com\/educatespilar.com\/wp-content\/uploads\/2025\/10\/happy-kid-playing-outdoors-scaled.jpg?fit=2560%2C1706&ssl=1","contentUrl":"https:\/\/i0.wp.com\/educatespilar.com\/wp-content\/uploads\/2025\/10\/happy-kid-playing-outdoors-scaled.jpg?fit=2560%2C1706&ssl=1","width":2560,"height":1706,"caption":"Ni\u00f1o jugando en la arena al atardecer, s\u00edmbolo de la inocencia y del v\u00ednculo elemental entre la infancia y la naturaleza."},{"@type":"BreadcrumbList","@id":"https:\/\/educatespilar.com\/el-nino-desde-el-punto-de-vista-biologico\/#breadcrumb","itemListElement":[{"@type":"ListItem","position":1,"name":"Home","item":"https:\/\/educatespilar.com\/"},{"@type":"ListItem","position":2,"name":"El Ni\u00f1o Desde el Punto de Vista Biol\u00f3gico"}]},{"@type":"WebSite","@id":"https:\/\/tzs.pgq.temporary.site\/website_c18d3ae6\/#website","url":"https:\/\/tzs.pgq.temporary.site\/website_c18d3ae6\/","name":"EducatesPilar.com","description":"","potentialAction":[{"@type":"SearchAction","target":{"@type":"EntryPoint","urlTemplate":"https:\/\/tzs.pgq.temporary.site\/website_c18d3ae6\/?s={search_term_string}"},"query-input":{"@type":"PropertyValueSpecification","valueRequired":true,"valueName":"search_term_string"}}],"inLanguage":"es-AR"},{"@type":"Person","@id":"https:\/\/tzs.pgq.temporary.site\/website_c18d3ae6\/#\/schema\/person\/655446504db2a404e6921d90ab7c0a0f","name":"educates","image":{"@type":"ImageObject","inLanguage":"es-AR","@id":"https:\/\/secure.gravatar.com\/avatar\/f1e844324149cf607705bdc3821ac52f5613382cc275e3a009bc73539c52a819?s=96&d=mm&r=g","url":"https:\/\/secure.gravatar.com\/avatar\/f1e844324149cf607705bdc3821ac52f5613382cc275e3a009bc73539c52a819?s=96&d=mm&r=g","contentUrl":"https:\/\/secure.gravatar.com\/avatar\/f1e844324149cf607705bdc3821ac52f5613382cc275e3a009bc73539c52a819?s=96&d=mm&r=g","caption":"educates"},"url":"https:\/\/educatespilar.com\/es\/author\/educates\/"}]}},"jetpack_featured_media_url":"https:\/\/i0.wp.com\/educatespilar.com\/wp-content\/uploads\/2025\/10\/happy-kid-playing-outdoors-scaled.jpg?fit=2560%2C1706&ssl=1","jetpack_sharing_enabled":true,"_links":{"self":[{"href":"https:\/\/educatespilar.com\/es\/wp-json\/wp\/v2\/posts\/161","targetHints":{"allow":["GET"]}}],"collection":[{"href":"https:\/\/educatespilar.com\/es\/wp-json\/wp\/v2\/posts"}],"about":[{"href":"https:\/\/educatespilar.com\/es\/wp-json\/wp\/v2\/types\/post"}],"author":[{"embeddable":true,"href":"https:\/\/educatespilar.com\/es\/wp-json\/wp\/v2\/users\/2"}],"replies":[{"embeddable":true,"href":"https:\/\/educatespilar.com\/es\/wp-json\/wp\/v2\/comments?post=161"}],"version-history":[{"count":1,"href":"https:\/\/educatespilar.com\/es\/wp-json\/wp\/v2\/posts\/161\/revisions"}],"predecessor-version":[{"id":163,"href":"https:\/\/educatespilar.com\/es\/wp-json\/wp\/v2\/posts\/161\/revisions\/163"}],"wp:featuredmedia":[{"embeddable":true,"href":"https:\/\/educatespilar.com\/es\/wp-json\/wp\/v2\/media\/162"}],"wp:attachment":[{"href":"https:\/\/educatespilar.com\/es\/wp-json\/wp\/v2\/media?parent=161"}],"wp:term":[{"taxonomy":"category","embeddable":true,"href":"https:\/\/educatespilar.com\/es\/wp-json\/wp\/v2\/categories?post=161"},{"taxonomy":"post_tag","embeddable":true,"href":"https:\/\/educatespilar.com\/es\/wp-json\/wp\/v2\/tags?post=161"}],"curies":[{"name":"wp","href":"https:\/\/api.w.org\/{rel}","templated":true}]}}