{"id":157,"date":"2025-10-21T13:39:36","date_gmt":"2025-10-21T13:39:36","guid":{"rendered":"https:\/\/educatespilar.com\/?p=157"},"modified":"2025-11-04T18:05:57","modified_gmt":"2025-11-04T18:05:57","slug":"el-nino-2","status":"publish","type":"post","link":"https:\/\/educatespilar.com\/es\/el-nino-2\/","title":{"rendered":"EL NI\u00d1O"},"content":{"rendered":"<p><img data-recalc-dims=\"1\" decoding=\"async\" loading=\"lazy\" class=\"size-medium wp-image-159\" src=\"https:\/\/i0.wp.com\/educatespilar.com\/wp-content\/uploads\/2025\/10\/full-shot-kid-with-backpack.jpg?resize=240%2C300&#038;ssl=1\" alt=\"Ni\u00f1o con mochila caminando sobre una colina verde bajo un cielo despejado.\" width=\"240\" height=\"300\" srcset=\"https:\/\/i0.wp.com\/educatespilar.com\/wp-content\/uploads\/2025\/10\/full-shot-kid-with-backpack-scaled.jpg?resize=240%2C300&amp;ssl=1 240w, https:\/\/i0.wp.com\/educatespilar.com\/wp-content\/uploads\/2025\/10\/full-shot-kid-with-backpack-scaled.jpg?resize=819%2C1024&amp;ssl=1 819w, https:\/\/i0.wp.com\/educatespilar.com\/wp-content\/uploads\/2025\/10\/full-shot-kid-with-backpack-scaled.jpg?resize=768%2C960&amp;ssl=1 768w, https:\/\/i0.wp.com\/educatespilar.com\/wp-content\/uploads\/2025\/10\/full-shot-kid-with-backpack-scaled.jpg?resize=1229%2C1536&amp;ssl=1 1229w, https:\/\/i0.wp.com\/educatespilar.com\/wp-content\/uploads\/2025\/10\/full-shot-kid-with-backpack-scaled.jpg?resize=1638%2C2048&amp;ssl=1 1638w, https:\/\/i0.wp.com\/educatespilar.com\/wp-content\/uploads\/2025\/10\/full-shot-kid-with-backpack-scaled.jpg?resize=10%2C12&amp;ssl=1 10w, https:\/\/i0.wp.com\/educatespilar.com\/wp-content\/uploads\/2025\/10\/full-shot-kid-with-backpack-scaled.jpg?w=2048&amp;ssl=1 2048w\" sizes=\"auto, (max-width: 240px) 100vw, 240px\" \/><\/p>\n<p><span style=\"font-weight: 400;\">Durante siglos las preocupaciones educativas giraron en torno del trabajo del educador qu\u00e9 deb\u00eda ense\u00f1ar y c\u00f3mo deb\u00eda hacerlo, pues lo que m\u00e1s interesaba era asegurar el \u00e9xito de la acci\u00f3n educativa. S\u00f3lo en el siglo XVIII, con Jean Jacques Rousseau (1712-1778), se inicia una verdadera revoluci\u00f3n pedag\u00f3gica, porque el pensador ginebrino desarrolla el principio de la educaci\u00f3n progresiva, sosteniendo que cada per\u00edodo de la vida constituye una etapa que tiene su perfecci\u00f3n y su propia madurez.\u00a0<\/span><\/p>\n<p><span style=\"font-weight: 400;\">Por consiguiente, como el educando no es el mismo en todas las edades, la educaci\u00f3n debe adaptarse a las sucesivas etapas de su desarrollo y, por ello, ha de partir de lo que es el educando. Este principio transform\u00f3 radicalmente la posici\u00f3n del educador e introdujo la idea, hoy com\u00fan, de que la acci\u00f3n educativa debe desarrollarse sobre la base de un gran respeto por el ni\u00f1o.<\/span><\/p>\n<p><span style=\"font-weight: 400;\">Sin embargo, no todos los que han seguido a Rousseau han tenido id\u00e9ntico criterio para estudiar al ni\u00f1o. Algunos han dado primac\u00eda casi absoluta a la consideraci\u00f3n del aspecto biol\u00f3gico de su individualidad; otros han destacado la importancia de enfocar el estudio del ni\u00f1o exclusivamente desde el punto de vista psicol\u00f3gico.<\/span><\/p>\n<p><span style=\"font-weight: 400;\">Estas dos posiciones son unilaterales porque olvidan algo esencial: que el ni\u00f1o es una unidad, un ser corporal y espiritual y que, por ende, lo biol\u00f3gico y lo ps\u00edquico no son m\u00e1s que dos aspectos, cuyo desarrollo se produce paralelamente de esa unidad vital que es el educando. De ah\u00ed que, tratando de superar los limitados y parciales planteos que han predominado tradicionalmente, la pedagog\u00eda contempor\u00e1nea postule la necesidad de un estudio integral del ni\u00f1o, con el objeto de conocer sus caracter\u00edsticas y necesidades, para poder atender a todas sus posibilidades<\/span><\/p>\n","protected":false},"excerpt":{"rendered":"<p>Durante siglos las preocupaciones educativas giraron en torno del trabajo del educador qu\u00e9 deb\u00eda ense\u00f1ar y c\u00f3mo deb\u00eda hacerlo, pues lo que m\u00e1s interesaba era asegurar el \u00e9xito de la acci\u00f3n educativa. S\u00f3lo en el siglo XVIII, con Jean Jacques Rousseau (1712-1778), se inicia una verdadera revoluci\u00f3n pedag\u00f3gica, porque el pensador ginebrino desarrolla el principio [&hellip;]<\/p>\n","protected":false},"author":2,"featured_media":159,"comment_status":"closed","ping_status":"closed","sticky":false,"template":"","format":"standard","meta":{"nf_dc_page":"","_jetpack_memberships_contains_paid_content":false,"footnotes":""},"categories":[9],"tags":[72,65],"class_list":["post-157","post","type-post","status-publish","format-standard","has-post-thumbnail","hentry","category-educacion","tag-ninez","tag-nino"],"yoast_head":"<!-- This site is optimized with the Yoast SEO plugin v27.4 - https:\/\/yoast.com\/product\/yoast-seo-wordpress\/ -->\n<title>EL NI\u00d1O - EducatesPilar.com<\/title>\n<meta name=\"robots\" content=\"index, follow, max-snippet:-1, max-image-preview:large, max-video-preview:-1\" \/>\n<link rel=\"canonical\" href=\"https:\/\/educatespilar.com\/es\/el-nino-2\/\" \/>\n<meta property=\"og:locale\" content=\"es_ES\" \/>\n<meta property=\"og:type\" content=\"article\" \/>\n<meta property=\"og:title\" content=\"EL NI\u00d1O - EducatesPilar.com\" \/>\n<meta property=\"og:description\" content=\"Durante siglos las preocupaciones educativas giraron en torno del trabajo del educador qu\u00e9 deb\u00eda ense\u00f1ar y c\u00f3mo deb\u00eda hacerlo, pues lo que m\u00e1s interesaba era asegurar el \u00e9xito de la acci\u00f3n educativa. S\u00f3lo en el siglo XVIII, con Jean Jacques Rousseau (1712-1778), se inicia una verdadera revoluci\u00f3n pedag\u00f3gica, porque el pensador ginebrino desarrolla el principio [&hellip;]\" \/>\n<meta property=\"og:url\" content=\"https:\/\/educatespilar.com\/es\/el-nino-2\/\" \/>\n<meta property=\"og:site_name\" content=\"EducatesPilar.com\" \/>\n<meta property=\"article:published_time\" content=\"2025-10-21T13:39:36+00:00\" \/>\n<meta property=\"article:modified_time\" content=\"2025-11-04T18:05:57+00:00\" \/>\n<meta property=\"og:image\" content=\"https:\/\/educatespilar.com\/wp-content\/uploads\/2025\/10\/full-shot-kid-with-backpack-scaled.jpg\" \/>\n\t<meta property=\"og:image:width\" content=\"2048\" \/>\n\t<meta property=\"og:image:height\" content=\"2560\" \/>\n\t<meta property=\"og:image:type\" content=\"image\/jpeg\" \/>\n<meta name=\"author\" content=\"educates\" \/>\n<meta name=\"twitter:card\" content=\"summary_large_image\" \/>\n<meta name=\"twitter:label1\" content=\"Escrito por\" \/>\n\t<meta name=\"twitter:data1\" content=\"educates\" \/>\n\t<meta name=\"twitter:label2\" content=\"Tiempo de lectura\" \/>\n\t<meta name=\"twitter:data2\" content=\"2 minutos\" \/>\n<script type=\"application\/ld+json\" class=\"yoast-schema-graph\">{\"@context\":\"https:\\\/\\\/schema.org\",\"@graph\":[{\"@type\":\"Article\",\"@id\":\"https:\\\/\\\/educatespilar.com\\\/el-nino-2\\\/#article\",\"isPartOf\":{\"@id\":\"https:\\\/\\\/educatespilar.com\\\/el-nino-2\\\/\"},\"author\":{\"name\":\"educates\",\"@id\":\"https:\\\/\\\/tzs.pgq.temporary.site\\\/website_c18d3ae6\\\/#\\\/schema\\\/person\\\/655446504db2a404e6921d90ab7c0a0f\"},\"headline\":\"EL NI\u00d1O\",\"datePublished\":\"2025-10-21T13:39:36+00:00\",\"dateModified\":\"2025-11-04T18:05:57+00:00\",\"mainEntityOfPage\":{\"@id\":\"https:\\\/\\\/educatespilar.com\\\/el-nino-2\\\/\"},\"wordCount\":321,\"image\":{\"@id\":\"https:\\\/\\\/educatespilar.com\\\/el-nino-2\\\/#primaryimage\"},\"thumbnailUrl\":\"https:\\\/\\\/i0.wp.com\\\/educatespilar.com\\\/wp-content\\\/uploads\\\/2025\\\/10\\\/full-shot-kid-with-backpack-scaled.jpg?fit=2048%2C2560&ssl=1\",\"keywords\":[\"ni\u00f1ez\",\"ni\u00f1o\"],\"articleSection\":[\"Educaci\u00f3n\"],\"inLanguage\":\"es-AR\"},{\"@type\":\"WebPage\",\"@id\":\"https:\\\/\\\/educatespilar.com\\\/el-nino-2\\\/\",\"url\":\"https:\\\/\\\/educatespilar.com\\\/el-nino-2\\\/\",\"name\":\"EL NI\u00d1O - EducatesPilar.com\",\"isPartOf\":{\"@id\":\"https:\\\/\\\/tzs.pgq.temporary.site\\\/website_c18d3ae6\\\/#website\"},\"primaryImageOfPage\":{\"@id\":\"https:\\\/\\\/educatespilar.com\\\/el-nino-2\\\/#primaryimage\"},\"image\":{\"@id\":\"https:\\\/\\\/educatespilar.com\\\/el-nino-2\\\/#primaryimage\"},\"thumbnailUrl\":\"https:\\\/\\\/i0.wp.com\\\/educatespilar.com\\\/wp-content\\\/uploads\\\/2025\\\/10\\\/full-shot-kid-with-backpack-scaled.jpg?fit=2048%2C2560&ssl=1\",\"datePublished\":\"2025-10-21T13:39:36+00:00\",\"dateModified\":\"2025-11-04T18:05:57+00:00\",\"author\":{\"@id\":\"https:\\\/\\\/tzs.pgq.temporary.site\\\/website_c18d3ae6\\\/#\\\/schema\\\/person\\\/655446504db2a404e6921d90ab7c0a0f\"},\"breadcrumb\":{\"@id\":\"https:\\\/\\\/educatespilar.com\\\/el-nino-2\\\/#breadcrumb\"},\"inLanguage\":\"es-AR\",\"potentialAction\":[{\"@type\":\"ReadAction\",\"target\":[\"https:\\\/\\\/educatespilar.com\\\/el-nino-2\\\/\"]}]},{\"@type\":\"ImageObject\",\"inLanguage\":\"es-AR\",\"@id\":\"https:\\\/\\\/educatespilar.com\\\/el-nino-2\\\/#primaryimage\",\"url\":\"https:\\\/\\\/i0.wp.com\\\/educatespilar.com\\\/wp-content\\\/uploads\\\/2025\\\/10\\\/full-shot-kid-with-backpack-scaled.jpg?fit=2048%2C2560&ssl=1\",\"contentUrl\":\"https:\\\/\\\/i0.wp.com\\\/educatespilar.com\\\/wp-content\\\/uploads\\\/2025\\\/10\\\/full-shot-kid-with-backpack-scaled.jpg?fit=2048%2C2560&ssl=1\",\"width\":2048,\"height\":2560,\"caption\":\"Ni\u00f1o caminando hacia la cima de una colina, met\u00e1fora del crecimiento, la exploraci\u00f3n y las primeras aventuras de la infancia.\"},{\"@type\":\"BreadcrumbList\",\"@id\":\"https:\\\/\\\/educatespilar.com\\\/el-nino-2\\\/#breadcrumb\",\"itemListElement\":[{\"@type\":\"ListItem\",\"position\":1,\"name\":\"Home\",\"item\":\"https:\\\/\\\/educatespilar.com\\\/\"},{\"@type\":\"ListItem\",\"position\":2,\"name\":\"EL NI\u00d1O\"}]},{\"@type\":\"WebSite\",\"@id\":\"https:\\\/\\\/tzs.pgq.temporary.site\\\/website_c18d3ae6\\\/#website\",\"url\":\"https:\\\/\\\/tzs.pgq.temporary.site\\\/website_c18d3ae6\\\/\",\"name\":\"EducatesPilar.com\",\"description\":\"\",\"potentialAction\":[{\"@type\":\"SearchAction\",\"target\":{\"@type\":\"EntryPoint\",\"urlTemplate\":\"https:\\\/\\\/tzs.pgq.temporary.site\\\/website_c18d3ae6\\\/?s={search_term_string}\"},\"query-input\":{\"@type\":\"PropertyValueSpecification\",\"valueRequired\":true,\"valueName\":\"search_term_string\"}}],\"inLanguage\":\"es-AR\"},{\"@type\":\"Person\",\"@id\":\"https:\\\/\\\/tzs.pgq.temporary.site\\\/website_c18d3ae6\\\/#\\\/schema\\\/person\\\/655446504db2a404e6921d90ab7c0a0f\",\"name\":\"educates\",\"image\":{\"@type\":\"ImageObject\",\"inLanguage\":\"es-AR\",\"@id\":\"https:\\\/\\\/secure.gravatar.com\\\/avatar\\\/f1e844324149cf607705bdc3821ac52f5613382cc275e3a009bc73539c52a819?s=96&d=mm&r=g\",\"url\":\"https:\\\/\\\/secure.gravatar.com\\\/avatar\\\/f1e844324149cf607705bdc3821ac52f5613382cc275e3a009bc73539c52a819?s=96&d=mm&r=g\",\"contentUrl\":\"https:\\\/\\\/secure.gravatar.com\\\/avatar\\\/f1e844324149cf607705bdc3821ac52f5613382cc275e3a009bc73539c52a819?s=96&d=mm&r=g\",\"caption\":\"educates\"},\"url\":\"https:\\\/\\\/educatespilar.com\\\/es\\\/author\\\/educates\\\/\"}]}<\/script>\n<!-- \/ Yoast SEO plugin. -->","yoast_head_json":{"title":"EL NI\u00d1O - EducatesPilar.com","robots":{"index":"index","follow":"follow","max-snippet":"max-snippet:-1","max-image-preview":"max-image-preview:large","max-video-preview":"max-video-preview:-1"},"canonical":"https:\/\/educatespilar.com\/es\/el-nino-2\/","og_locale":"es_ES","og_type":"article","og_title":"EL NI\u00d1O - EducatesPilar.com","og_description":"Durante siglos las preocupaciones educativas giraron en torno del trabajo del educador qu\u00e9 deb\u00eda ense\u00f1ar y c\u00f3mo deb\u00eda hacerlo, pues lo que m\u00e1s interesaba era asegurar el \u00e9xito de la acci\u00f3n educativa. S\u00f3lo en el siglo XVIII, con Jean Jacques Rousseau (1712-1778), se inicia una verdadera revoluci\u00f3n pedag\u00f3gica, porque el pensador ginebrino desarrolla el principio [&hellip;]","og_url":"https:\/\/educatespilar.com\/es\/el-nino-2\/","og_site_name":"EducatesPilar.com","article_published_time":"2025-10-21T13:39:36+00:00","article_modified_time":"2025-11-04T18:05:57+00:00","og_image":[{"width":2048,"height":2560,"url":"https:\/\/educatespilar.com\/wp-content\/uploads\/2025\/10\/full-shot-kid-with-backpack-scaled.jpg","type":"image\/jpeg"}],"author":"educates","twitter_card":"summary_large_image","twitter_misc":{"Escrito por":"educates","Tiempo de lectura":"2 minutos"},"schema":{"@context":"https:\/\/schema.org","@graph":[{"@type":"Article","@id":"https:\/\/educatespilar.com\/el-nino-2\/#article","isPartOf":{"@id":"https:\/\/educatespilar.com\/el-nino-2\/"},"author":{"name":"educates","@id":"https:\/\/tzs.pgq.temporary.site\/website_c18d3ae6\/#\/schema\/person\/655446504db2a404e6921d90ab7c0a0f"},"headline":"EL NI\u00d1O","datePublished":"2025-10-21T13:39:36+00:00","dateModified":"2025-11-04T18:05:57+00:00","mainEntityOfPage":{"@id":"https:\/\/educatespilar.com\/el-nino-2\/"},"wordCount":321,"image":{"@id":"https:\/\/educatespilar.com\/el-nino-2\/#primaryimage"},"thumbnailUrl":"https:\/\/i0.wp.com\/educatespilar.com\/wp-content\/uploads\/2025\/10\/full-shot-kid-with-backpack-scaled.jpg?fit=2048%2C2560&ssl=1","keywords":["ni\u00f1ez","ni\u00f1o"],"articleSection":["Educaci\u00f3n"],"inLanguage":"es-AR"},{"@type":"WebPage","@id":"https:\/\/educatespilar.com\/el-nino-2\/","url":"https:\/\/educatespilar.com\/el-nino-2\/","name":"EL NI\u00d1O - EducatesPilar.com","isPartOf":{"@id":"https:\/\/tzs.pgq.temporary.site\/website_c18d3ae6\/#website"},"primaryImageOfPage":{"@id":"https:\/\/educatespilar.com\/el-nino-2\/#primaryimage"},"image":{"@id":"https:\/\/educatespilar.com\/el-nino-2\/#primaryimage"},"thumbnailUrl":"https:\/\/i0.wp.com\/educatespilar.com\/wp-content\/uploads\/2025\/10\/full-shot-kid-with-backpack-scaled.jpg?fit=2048%2C2560&ssl=1","datePublished":"2025-10-21T13:39:36+00:00","dateModified":"2025-11-04T18:05:57+00:00","author":{"@id":"https:\/\/tzs.pgq.temporary.site\/website_c18d3ae6\/#\/schema\/person\/655446504db2a404e6921d90ab7c0a0f"},"breadcrumb":{"@id":"https:\/\/educatespilar.com\/el-nino-2\/#breadcrumb"},"inLanguage":"es-AR","potentialAction":[{"@type":"ReadAction","target":["https:\/\/educatespilar.com\/el-nino-2\/"]}]},{"@type":"ImageObject","inLanguage":"es-AR","@id":"https:\/\/educatespilar.com\/el-nino-2\/#primaryimage","url":"https:\/\/i0.wp.com\/educatespilar.com\/wp-content\/uploads\/2025\/10\/full-shot-kid-with-backpack-scaled.jpg?fit=2048%2C2560&ssl=1","contentUrl":"https:\/\/i0.wp.com\/educatespilar.com\/wp-content\/uploads\/2025\/10\/full-shot-kid-with-backpack-scaled.jpg?fit=2048%2C2560&ssl=1","width":2048,"height":2560,"caption":"Ni\u00f1o caminando hacia la cima de una colina, met\u00e1fora del crecimiento, la exploraci\u00f3n y las primeras aventuras de la infancia."},{"@type":"BreadcrumbList","@id":"https:\/\/educatespilar.com\/el-nino-2\/#breadcrumb","itemListElement":[{"@type":"ListItem","position":1,"name":"Home","item":"https:\/\/educatespilar.com\/"},{"@type":"ListItem","position":2,"name":"EL NI\u00d1O"}]},{"@type":"WebSite","@id":"https:\/\/tzs.pgq.temporary.site\/website_c18d3ae6\/#website","url":"https:\/\/tzs.pgq.temporary.site\/website_c18d3ae6\/","name":"EducatesPilar.com","description":"","potentialAction":[{"@type":"SearchAction","target":{"@type":"EntryPoint","urlTemplate":"https:\/\/tzs.pgq.temporary.site\/website_c18d3ae6\/?s={search_term_string}"},"query-input":{"@type":"PropertyValueSpecification","valueRequired":true,"valueName":"search_term_string"}}],"inLanguage":"es-AR"},{"@type":"Person","@id":"https:\/\/tzs.pgq.temporary.site\/website_c18d3ae6\/#\/schema\/person\/655446504db2a404e6921d90ab7c0a0f","name":"educates","image":{"@type":"ImageObject","inLanguage":"es-AR","@id":"https:\/\/secure.gravatar.com\/avatar\/f1e844324149cf607705bdc3821ac52f5613382cc275e3a009bc73539c52a819?s=96&d=mm&r=g","url":"https:\/\/secure.gravatar.com\/avatar\/f1e844324149cf607705bdc3821ac52f5613382cc275e3a009bc73539c52a819?s=96&d=mm&r=g","contentUrl":"https:\/\/secure.gravatar.com\/avatar\/f1e844324149cf607705bdc3821ac52f5613382cc275e3a009bc73539c52a819?s=96&d=mm&r=g","caption":"educates"},"url":"https:\/\/educatespilar.com\/es\/author\/educates\/"}]}},"jetpack_featured_media_url":"https:\/\/i0.wp.com\/educatespilar.com\/wp-content\/uploads\/2025\/10\/full-shot-kid-with-backpack-scaled.jpg?fit=2048%2C2560&ssl=1","jetpack_sharing_enabled":true,"_links":{"self":[{"href":"https:\/\/educatespilar.com\/es\/wp-json\/wp\/v2\/posts\/157","targetHints":{"allow":["GET"]}}],"collection":[{"href":"https:\/\/educatespilar.com\/es\/wp-json\/wp\/v2\/posts"}],"about":[{"href":"https:\/\/educatespilar.com\/es\/wp-json\/wp\/v2\/types\/post"}],"author":[{"embeddable":true,"href":"https:\/\/educatespilar.com\/es\/wp-json\/wp\/v2\/users\/2"}],"replies":[{"embeddable":true,"href":"https:\/\/educatespilar.com\/es\/wp-json\/wp\/v2\/comments?post=157"}],"version-history":[{"count":1,"href":"https:\/\/educatespilar.com\/es\/wp-json\/wp\/v2\/posts\/157\/revisions"}],"predecessor-version":[{"id":160,"href":"https:\/\/educatespilar.com\/es\/wp-json\/wp\/v2\/posts\/157\/revisions\/160"}],"wp:featuredmedia":[{"embeddable":true,"href":"https:\/\/educatespilar.com\/es\/wp-json\/wp\/v2\/media\/159"}],"wp:attachment":[{"href":"https:\/\/educatespilar.com\/es\/wp-json\/wp\/v2\/media?parent=157"}],"wp:term":[{"taxonomy":"category","embeddable":true,"href":"https:\/\/educatespilar.com\/es\/wp-json\/wp\/v2\/categories?post=157"},{"taxonomy":"post_tag","embeddable":true,"href":"https:\/\/educatespilar.com\/es\/wp-json\/wp\/v2\/tags?post=157"}],"curies":[{"name":"wp","href":"https:\/\/api.w.org\/{rel}","templated":true}]}}