{"id":142,"date":"2025-10-15T16:52:16","date_gmt":"2025-10-15T16:52:16","guid":{"rendered":"https:\/\/educatespilar.com\/?p=142"},"modified":"2025-11-04T18:04:03","modified_gmt":"2025-11-04T18:04:03","slug":"una-escuela-a-la-medida-del-nino","status":"publish","type":"post","link":"https:\/\/educatespilar.com\/es\/una-escuela-a-la-medida-del-nino\/","title":{"rendered":"Una Escuela a la Medida del Ni\u00f1o"},"content":{"rendered":"<p><img data-recalc-dims=\"1\" decoding=\"async\" loading=\"lazy\" class=\"alignnone size-medium wp-image-143\" src=\"https:\/\/i0.wp.com\/educatespilar.com\/wp-content\/uploads\/2025\/10\/back-school-education-concept-with-girl-kids-elementary-students-carrying-backpacks-going-class.jpg?resize=300%2C200&#038;ssl=1\" alt=\"\" width=\"300\" height=\"200\" srcset=\"https:\/\/i0.wp.com\/educatespilar.com\/wp-content\/uploads\/2025\/10\/back-school-education-concept-with-girl-kids-elementary-students-carrying-backpacks-going-class-scaled.jpg?resize=300%2C200&amp;ssl=1 300w, https:\/\/i0.wp.com\/educatespilar.com\/wp-content\/uploads\/2025\/10\/back-school-education-concept-with-girl-kids-elementary-students-carrying-backpacks-going-class-scaled.jpg?resize=1024%2C683&amp;ssl=1 1024w, https:\/\/i0.wp.com\/educatespilar.com\/wp-content\/uploads\/2025\/10\/back-school-education-concept-with-girl-kids-elementary-students-carrying-backpacks-going-class-scaled.jpg?resize=768%2C512&amp;ssl=1 768w, https:\/\/i0.wp.com\/educatespilar.com\/wp-content\/uploads\/2025\/10\/back-school-education-concept-with-girl-kids-elementary-students-carrying-backpacks-going-class-scaled.jpg?resize=1536%2C1024&amp;ssl=1 1536w, https:\/\/i0.wp.com\/educatespilar.com\/wp-content\/uploads\/2025\/10\/back-school-education-concept-with-girl-kids-elementary-students-carrying-backpacks-going-class-scaled.jpg?resize=2048%2C1365&amp;ssl=1 2048w, https:\/\/i0.wp.com\/educatespilar.com\/wp-content\/uploads\/2025\/10\/back-school-education-concept-with-girl-kids-elementary-students-carrying-backpacks-going-class-scaled.jpg?resize=18%2C12&amp;ssl=1 18w\" sizes=\"auto, (max-width: 300px) 100vw, 300px\" \/><\/p>\n<p><span style=\"font-weight: 400;\">Se comprende que la gran innovaci\u00f3n pedag\u00f3gica obrada en la ense\u00f1anza de los paises civilizados por la introducci\u00f3n de la psicolog\u00eda infantil como fundamento de la educaci\u00f3n, no fue obra exclusiva de Mar\u00eda Montessori. Si insistimos en ella es porque su labor re\u00fane dos condiciones que la destacan: fue la gran iniciadora y sus ideas tuvieron una resonancia mundial no igualada. No obstante, no pueden olvidarse los nombres y la obra de notables pedagogos y psic\u00f3logos como Profit y Freinet en Francia, Decroly en B\u00e9lgica, Dewey y Weshburne en los Estadlos Unidos, Giner de los R\u00edos en Espa\u00f1a, Mercante en la Argentina y sobre todo Clapar\u00e8 de Ferri\u00e8re, Piaget y Bovet en Suiza, y las hermanas Agazzi en Italia.<\/span><\/p>\n<p><span style=\"font-weight: 400;\">Pierre Bovet (1878) destac\u00f3 la caracter\u00edstica esencial de la escuela nueva con una expresi\u00f3n feliz: escuela activa. En efecto, cualesquiera que sean los matices que diferencien en teor\u00eda a las ideas de Dewey, de Clapar\u00e8 de Ferri\u00e8re, de la Montessori, o de las Agazzi, todas se asientan en un principio b\u00e1sico de psicolog\u00eda infantil: respeto por la libre actividad e iniciativa del ni\u00f1o.<\/span><\/p>\n<p><span style=\"font-weight: 400;\">Ahora bien, un ni\u00f1o libre, cuyos intereses afectivos, curiosidad intelectual y necesidad de juego son respetados, equivale a un individuo esencialmente activo, que busca, investiga, crea y se disciplina con el propio trabajo. \u00c9ste no le da ocasi\u00f3n al aburrimiento traducido en desinter\u00e9s, ni provoca reacciones negativas, fruto de una actividad reprimida u obligada a encauzarse en tareas ajenas al nivel ps\u00edquico del ni\u00f1o, ya sea mental o afectivo, o que si\u00e9ndole propias se presentan en un plano todav\u00eda no alcanzado por \u00e9l. Toda escuela que respete de este modo la personalidad infantil, ser\u00e1 al margen de las diferencias que en la teor\u00eda separen a sus propugnadores, una escuela activa, es decir, con vida propia, porque estar\u00e1 adecuada a la medida psicol\u00f3gica del ni\u00f1o: a su real y efectiva capacidad.<\/span><\/p>\n<p><span style=\"font-weight: 400;\">Ahora bien, hablar de escuela a la medida del ni\u00f1o no significa, por supuesto, caer en la ingenuidad de cierto pedagogo improvisado que con la mejor voluntad dec\u00eda: \u201cEn mi clase todo est\u00e1 hecho a la medida del ni\u00f1o. Los bancos se adaptan a su talla por un mecanismo que permite agrandarlos o reducirlos; las piezas bajan o suben seg\u00fan la estatura del alumno; las ventanas y picaportes est\u00e1n al nivel de los ojos y manos infantiles.&#8221; Olvidaba lo principal: que \u00e9l, como maestro, no estaba a la medida de los alumnos, que su misi\u00f3n pedag\u00f3gica se hallaba carente del conocimiento de la psicolog\u00eda infantil, e ignoraba que, reduciendo el tama\u00f1o del moblaje y el material escolar, s\u00f3lo insist\u00eda en lo exterior, en la forma, y dejaba intacto el esp\u00edritu, la sustancia misma de la ense\u00f1anza.<\/span><\/p>\n<p><span style=\"font-weight: 400;\">Al hablar de escuela a la medida del ni\u00f1o no se hace referencia, por lo tanto, a la talla del alumno y a su relaci\u00f3n con el tama\u00f1o de las cosas, sino a la originalidad del esp\u00edritu infantil, en el sentido de que la ense\u00f1anza debe estar adecuada a los intereses del ni\u00f1o. Estos intereses solamente pueden ser apreciados mediante un estudio psicol\u00f3gico exhaustivo, a cargo de la moderna psicolog\u00eda de la infancia.<\/span><\/p>\n","protected":false},"excerpt":{"rendered":"<p>Se comprende que la gran innovaci\u00f3n pedag\u00f3gica obrada en la ense\u00f1anza de los paises civilizados por la introducci\u00f3n de la psicolog\u00eda infantil como fundamento de la educaci\u00f3n, no fue obra exclusiva de Mar\u00eda Montessori. Si insistimos en ella es porque su labor re\u00fane dos condiciones que la destacan: fue la gran iniciadora y sus ideas [&hellip;]<\/p>\n","protected":false},"author":2,"featured_media":143,"comment_status":"closed","ping_status":"closed","sticky":false,"template":"","format":"standard","meta":{"nf_dc_page":"","_jetpack_memberships_contains_paid_content":false,"footnotes":""},"categories":[9],"tags":[66],"class_list":["post-142","post","type-post","status-publish","format-standard","has-post-thumbnail","hentry","category-educacion","tag-escuela"],"yoast_head":"<!-- This site is optimized with the Yoast SEO plugin v27.4 - https:\/\/yoast.com\/product\/yoast-seo-wordpress\/ -->\n<title>Una Escuela a la Medida del Ni\u00f1o - EducatesPilar.com<\/title>\n<meta name=\"robots\" content=\"index, follow, max-snippet:-1, max-image-preview:large, max-video-preview:-1\" \/>\n<link rel=\"canonical\" href=\"https:\/\/educatespilar.com\/es\/una-escuela-a-la-medida-del-nino\/\" \/>\n<meta property=\"og:locale\" content=\"es_ES\" \/>\n<meta property=\"og:type\" content=\"article\" \/>\n<meta property=\"og:title\" content=\"Una Escuela a la Medida del Ni\u00f1o - EducatesPilar.com\" \/>\n<meta property=\"og:description\" content=\"Se comprende que la gran innovaci\u00f3n pedag\u00f3gica obrada en la ense\u00f1anza de los paises civilizados por la introducci\u00f3n de la psicolog\u00eda infantil como fundamento de la educaci\u00f3n, no fue obra exclusiva de Mar\u00eda Montessori. Si insistimos en ella es porque su labor re\u00fane dos condiciones que la destacan: fue la gran iniciadora y sus ideas [&hellip;]\" \/>\n<meta property=\"og:url\" content=\"https:\/\/educatespilar.com\/es\/una-escuela-a-la-medida-del-nino\/\" \/>\n<meta property=\"og:site_name\" content=\"EducatesPilar.com\" \/>\n<meta property=\"article:published_time\" content=\"2025-10-15T16:52:16+00:00\" \/>\n<meta property=\"article:modified_time\" content=\"2025-11-04T18:04:03+00:00\" \/>\n<meta property=\"og:image\" content=\"https:\/\/educatespilar.com\/wp-content\/uploads\/2025\/10\/back-school-education-concept-with-girl-kids-elementary-students-carrying-backpacks-going-class-scaled.jpg\" \/>\n\t<meta property=\"og:image:width\" content=\"2560\" \/>\n\t<meta property=\"og:image:height\" content=\"1707\" \/>\n\t<meta property=\"og:image:type\" content=\"image\/jpeg\" \/>\n<meta name=\"author\" content=\"educates\" \/>\n<meta name=\"twitter:card\" content=\"summary_large_image\" \/>\n<meta name=\"twitter:label1\" content=\"Escrito por\" \/>\n\t<meta name=\"twitter:data1\" content=\"educates\" \/>\n\t<meta name=\"twitter:label2\" content=\"Tiempo de lectura\" \/>\n\t<meta name=\"twitter:data2\" content=\"3 minutos\" \/>\n<script type=\"application\/ld+json\" class=\"yoast-schema-graph\">{\"@context\":\"https:\\\/\\\/schema.org\",\"@graph\":[{\"@type\":\"Article\",\"@id\":\"https:\\\/\\\/educatespilar.com\\\/una-escuela-a-la-medida-del-nino\\\/#article\",\"isPartOf\":{\"@id\":\"https:\\\/\\\/educatespilar.com\\\/una-escuela-a-la-medida-del-nino\\\/\"},\"author\":{\"name\":\"educates\",\"@id\":\"https:\\\/\\\/tzs.pgq.temporary.site\\\/website_c18d3ae6\\\/#\\\/schema\\\/person\\\/655446504db2a404e6921d90ab7c0a0f\"},\"headline\":\"Una Escuela a la Medida del Ni\u00f1o\",\"datePublished\":\"2025-10-15T16:52:16+00:00\",\"dateModified\":\"2025-11-04T18:04:03+00:00\",\"mainEntityOfPage\":{\"@id\":\"https:\\\/\\\/educatespilar.com\\\/una-escuela-a-la-medida-del-nino\\\/\"},\"wordCount\":579,\"image\":{\"@id\":\"https:\\\/\\\/educatespilar.com\\\/una-escuela-a-la-medida-del-nino\\\/#primaryimage\"},\"thumbnailUrl\":\"https:\\\/\\\/i0.wp.com\\\/educatespilar.com\\\/wp-content\\\/uploads\\\/2025\\\/10\\\/back-school-education-concept-with-girl-kids-elementary-students-carrying-backpacks-going-class-scaled.jpg?fit=2560%2C1707&ssl=1\",\"keywords\":[\"escuela\"],\"articleSection\":[\"Educaci\u00f3n\"],\"inLanguage\":\"es-AR\"},{\"@type\":\"WebPage\",\"@id\":\"https:\\\/\\\/educatespilar.com\\\/una-escuela-a-la-medida-del-nino\\\/\",\"url\":\"https:\\\/\\\/educatespilar.com\\\/una-escuela-a-la-medida-del-nino\\\/\",\"name\":\"Una Escuela a la Medida del Ni\u00f1o - EducatesPilar.com\",\"isPartOf\":{\"@id\":\"https:\\\/\\\/tzs.pgq.temporary.site\\\/website_c18d3ae6\\\/#website\"},\"primaryImageOfPage\":{\"@id\":\"https:\\\/\\\/educatespilar.com\\\/una-escuela-a-la-medida-del-nino\\\/#primaryimage\"},\"image\":{\"@id\":\"https:\\\/\\\/educatespilar.com\\\/una-escuela-a-la-medida-del-nino\\\/#primaryimage\"},\"thumbnailUrl\":\"https:\\\/\\\/i0.wp.com\\\/educatespilar.com\\\/wp-content\\\/uploads\\\/2025\\\/10\\\/back-school-education-concept-with-girl-kids-elementary-students-carrying-backpacks-going-class-scaled.jpg?fit=2560%2C1707&ssl=1\",\"datePublished\":\"2025-10-15T16:52:16+00:00\",\"dateModified\":\"2025-11-04T18:04:03+00:00\",\"author\":{\"@id\":\"https:\\\/\\\/tzs.pgq.temporary.site\\\/website_c18d3ae6\\\/#\\\/schema\\\/person\\\/655446504db2a404e6921d90ab7c0a0f\"},\"breadcrumb\":{\"@id\":\"https:\\\/\\\/educatespilar.com\\\/una-escuela-a-la-medida-del-nino\\\/#breadcrumb\"},\"inLanguage\":\"es-AR\",\"potentialAction\":[{\"@type\":\"ReadAction\",\"target\":[\"https:\\\/\\\/educatespilar.com\\\/una-escuela-a-la-medida-del-nino\\\/\"]}]},{\"@type\":\"ImageObject\",\"inLanguage\":\"es-AR\",\"@id\":\"https:\\\/\\\/educatespilar.com\\\/una-escuela-a-la-medida-del-nino\\\/#primaryimage\",\"url\":\"https:\\\/\\\/i0.wp.com\\\/educatespilar.com\\\/wp-content\\\/uploads\\\/2025\\\/10\\\/back-school-education-concept-with-girl-kids-elementary-students-carrying-backpacks-going-class-scaled.jpg?fit=2560%2C1707&ssl=1\",\"contentUrl\":\"https:\\\/\\\/i0.wp.com\\\/educatespilar.com\\\/wp-content\\\/uploads\\\/2025\\\/10\\\/back-school-education-concept-with-girl-kids-elementary-students-carrying-backpacks-going-class-scaled.jpg?fit=2560%2C1707&ssl=1\",\"width\":2560,\"height\":1707,\"caption\":\"Madre acompa\u00f1ando a sus hijas en su primer d\u00eda de clases, s\u00edmbolo de apoyo y entusiasmo por el aprendizaje.\"},{\"@type\":\"BreadcrumbList\",\"@id\":\"https:\\\/\\\/educatespilar.com\\\/una-escuela-a-la-medida-del-nino\\\/#breadcrumb\",\"itemListElement\":[{\"@type\":\"ListItem\",\"position\":1,\"name\":\"Home\",\"item\":\"https:\\\/\\\/educatespilar.com\\\/\"},{\"@type\":\"ListItem\",\"position\":2,\"name\":\"Una Escuela a la Medida del Ni\u00f1o\"}]},{\"@type\":\"WebSite\",\"@id\":\"https:\\\/\\\/tzs.pgq.temporary.site\\\/website_c18d3ae6\\\/#website\",\"url\":\"https:\\\/\\\/tzs.pgq.temporary.site\\\/website_c18d3ae6\\\/\",\"name\":\"EducatesPilar.com\",\"description\":\"\",\"potentialAction\":[{\"@type\":\"SearchAction\",\"target\":{\"@type\":\"EntryPoint\",\"urlTemplate\":\"https:\\\/\\\/tzs.pgq.temporary.site\\\/website_c18d3ae6\\\/?s={search_term_string}\"},\"query-input\":{\"@type\":\"PropertyValueSpecification\",\"valueRequired\":true,\"valueName\":\"search_term_string\"}}],\"inLanguage\":\"es-AR\"},{\"@type\":\"Person\",\"@id\":\"https:\\\/\\\/tzs.pgq.temporary.site\\\/website_c18d3ae6\\\/#\\\/schema\\\/person\\\/655446504db2a404e6921d90ab7c0a0f\",\"name\":\"educates\",\"image\":{\"@type\":\"ImageObject\",\"inLanguage\":\"es-AR\",\"@id\":\"https:\\\/\\\/secure.gravatar.com\\\/avatar\\\/f1e844324149cf607705bdc3821ac52f5613382cc275e3a009bc73539c52a819?s=96&d=mm&r=g\",\"url\":\"https:\\\/\\\/secure.gravatar.com\\\/avatar\\\/f1e844324149cf607705bdc3821ac52f5613382cc275e3a009bc73539c52a819?s=96&d=mm&r=g\",\"contentUrl\":\"https:\\\/\\\/secure.gravatar.com\\\/avatar\\\/f1e844324149cf607705bdc3821ac52f5613382cc275e3a009bc73539c52a819?s=96&d=mm&r=g\",\"caption\":\"educates\"},\"url\":\"https:\\\/\\\/educatespilar.com\\\/es\\\/author\\\/educates\\\/\"}]}<\/script>\n<!-- \/ Yoast SEO plugin. -->","yoast_head_json":{"title":"Una Escuela a la Medida del Ni\u00f1o - EducatesPilar.com","robots":{"index":"index","follow":"follow","max-snippet":"max-snippet:-1","max-image-preview":"max-image-preview:large","max-video-preview":"max-video-preview:-1"},"canonical":"https:\/\/educatespilar.com\/es\/una-escuela-a-la-medida-del-nino\/","og_locale":"es_ES","og_type":"article","og_title":"Una Escuela a la Medida del Ni\u00f1o - EducatesPilar.com","og_description":"Se comprende que la gran innovaci\u00f3n pedag\u00f3gica obrada en la ense\u00f1anza de los paises civilizados por la introducci\u00f3n de la psicolog\u00eda infantil como fundamento de la educaci\u00f3n, no fue obra exclusiva de Mar\u00eda Montessori. Si insistimos en ella es porque su labor re\u00fane dos condiciones que la destacan: fue la gran iniciadora y sus ideas [&hellip;]","og_url":"https:\/\/educatespilar.com\/es\/una-escuela-a-la-medida-del-nino\/","og_site_name":"EducatesPilar.com","article_published_time":"2025-10-15T16:52:16+00:00","article_modified_time":"2025-11-04T18:04:03+00:00","og_image":[{"width":2560,"height":1707,"url":"https:\/\/educatespilar.com\/wp-content\/uploads\/2025\/10\/back-school-education-concept-with-girl-kids-elementary-students-carrying-backpacks-going-class-scaled.jpg","type":"image\/jpeg"}],"author":"educates","twitter_card":"summary_large_image","twitter_misc":{"Escrito por":"educates","Tiempo de lectura":"3 minutos"},"schema":{"@context":"https:\/\/schema.org","@graph":[{"@type":"Article","@id":"https:\/\/educatespilar.com\/una-escuela-a-la-medida-del-nino\/#article","isPartOf":{"@id":"https:\/\/educatespilar.com\/una-escuela-a-la-medida-del-nino\/"},"author":{"name":"educates","@id":"https:\/\/tzs.pgq.temporary.site\/website_c18d3ae6\/#\/schema\/person\/655446504db2a404e6921d90ab7c0a0f"},"headline":"Una Escuela a la Medida del Ni\u00f1o","datePublished":"2025-10-15T16:52:16+00:00","dateModified":"2025-11-04T18:04:03+00:00","mainEntityOfPage":{"@id":"https:\/\/educatespilar.com\/una-escuela-a-la-medida-del-nino\/"},"wordCount":579,"image":{"@id":"https:\/\/educatespilar.com\/una-escuela-a-la-medida-del-nino\/#primaryimage"},"thumbnailUrl":"https:\/\/i0.wp.com\/educatespilar.com\/wp-content\/uploads\/2025\/10\/back-school-education-concept-with-girl-kids-elementary-students-carrying-backpacks-going-class-scaled.jpg?fit=2560%2C1707&ssl=1","keywords":["escuela"],"articleSection":["Educaci\u00f3n"],"inLanguage":"es-AR"},{"@type":"WebPage","@id":"https:\/\/educatespilar.com\/una-escuela-a-la-medida-del-nino\/","url":"https:\/\/educatespilar.com\/una-escuela-a-la-medida-del-nino\/","name":"Una Escuela a la Medida del Ni\u00f1o - EducatesPilar.com","isPartOf":{"@id":"https:\/\/tzs.pgq.temporary.site\/website_c18d3ae6\/#website"},"primaryImageOfPage":{"@id":"https:\/\/educatespilar.com\/una-escuela-a-la-medida-del-nino\/#primaryimage"},"image":{"@id":"https:\/\/educatespilar.com\/una-escuela-a-la-medida-del-nino\/#primaryimage"},"thumbnailUrl":"https:\/\/i0.wp.com\/educatespilar.com\/wp-content\/uploads\/2025\/10\/back-school-education-concept-with-girl-kids-elementary-students-carrying-backpacks-going-class-scaled.jpg?fit=2560%2C1707&ssl=1","datePublished":"2025-10-15T16:52:16+00:00","dateModified":"2025-11-04T18:04:03+00:00","author":{"@id":"https:\/\/tzs.pgq.temporary.site\/website_c18d3ae6\/#\/schema\/person\/655446504db2a404e6921d90ab7c0a0f"},"breadcrumb":{"@id":"https:\/\/educatespilar.com\/una-escuela-a-la-medida-del-nino\/#breadcrumb"},"inLanguage":"es-AR","potentialAction":[{"@type":"ReadAction","target":["https:\/\/educatespilar.com\/una-escuela-a-la-medida-del-nino\/"]}]},{"@type":"ImageObject","inLanguage":"es-AR","@id":"https:\/\/educatespilar.com\/una-escuela-a-la-medida-del-nino\/#primaryimage","url":"https:\/\/i0.wp.com\/educatespilar.com\/wp-content\/uploads\/2025\/10\/back-school-education-concept-with-girl-kids-elementary-students-carrying-backpacks-going-class-scaled.jpg?fit=2560%2C1707&ssl=1","contentUrl":"https:\/\/i0.wp.com\/educatespilar.com\/wp-content\/uploads\/2025\/10\/back-school-education-concept-with-girl-kids-elementary-students-carrying-backpacks-going-class-scaled.jpg?fit=2560%2C1707&ssl=1","width":2560,"height":1707,"caption":"Madre acompa\u00f1ando a sus hijas en su primer d\u00eda de clases, s\u00edmbolo de apoyo y entusiasmo por el aprendizaje."},{"@type":"BreadcrumbList","@id":"https:\/\/educatespilar.com\/una-escuela-a-la-medida-del-nino\/#breadcrumb","itemListElement":[{"@type":"ListItem","position":1,"name":"Home","item":"https:\/\/educatespilar.com\/"},{"@type":"ListItem","position":2,"name":"Una Escuela a la Medida del Ni\u00f1o"}]},{"@type":"WebSite","@id":"https:\/\/tzs.pgq.temporary.site\/website_c18d3ae6\/#website","url":"https:\/\/tzs.pgq.temporary.site\/website_c18d3ae6\/","name":"EducatesPilar.com","description":"","potentialAction":[{"@type":"SearchAction","target":{"@type":"EntryPoint","urlTemplate":"https:\/\/tzs.pgq.temporary.site\/website_c18d3ae6\/?s={search_term_string}"},"query-input":{"@type":"PropertyValueSpecification","valueRequired":true,"valueName":"search_term_string"}}],"inLanguage":"es-AR"},{"@type":"Person","@id":"https:\/\/tzs.pgq.temporary.site\/website_c18d3ae6\/#\/schema\/person\/655446504db2a404e6921d90ab7c0a0f","name":"educates","image":{"@type":"ImageObject","inLanguage":"es-AR","@id":"https:\/\/secure.gravatar.com\/avatar\/f1e844324149cf607705bdc3821ac52f5613382cc275e3a009bc73539c52a819?s=96&d=mm&r=g","url":"https:\/\/secure.gravatar.com\/avatar\/f1e844324149cf607705bdc3821ac52f5613382cc275e3a009bc73539c52a819?s=96&d=mm&r=g","contentUrl":"https:\/\/secure.gravatar.com\/avatar\/f1e844324149cf607705bdc3821ac52f5613382cc275e3a009bc73539c52a819?s=96&d=mm&r=g","caption":"educates"},"url":"https:\/\/educatespilar.com\/es\/author\/educates\/"}]}},"jetpack_featured_media_url":"https:\/\/i0.wp.com\/educatespilar.com\/wp-content\/uploads\/2025\/10\/back-school-education-concept-with-girl-kids-elementary-students-carrying-backpacks-going-class-scaled.jpg?fit=2560%2C1707&ssl=1","jetpack_sharing_enabled":true,"_links":{"self":[{"href":"https:\/\/educatespilar.com\/es\/wp-json\/wp\/v2\/posts\/142","targetHints":{"allow":["GET"]}}],"collection":[{"href":"https:\/\/educatespilar.com\/es\/wp-json\/wp\/v2\/posts"}],"about":[{"href":"https:\/\/educatespilar.com\/es\/wp-json\/wp\/v2\/types\/post"}],"author":[{"embeddable":true,"href":"https:\/\/educatespilar.com\/es\/wp-json\/wp\/v2\/users\/2"}],"replies":[{"embeddable":true,"href":"https:\/\/educatespilar.com\/es\/wp-json\/wp\/v2\/comments?post=142"}],"version-history":[{"count":1,"href":"https:\/\/educatespilar.com\/es\/wp-json\/wp\/v2\/posts\/142\/revisions"}],"predecessor-version":[{"id":144,"href":"https:\/\/educatespilar.com\/es\/wp-json\/wp\/v2\/posts\/142\/revisions\/144"}],"wp:featuredmedia":[{"embeddable":true,"href":"https:\/\/educatespilar.com\/es\/wp-json\/wp\/v2\/media\/143"}],"wp:attachment":[{"href":"https:\/\/educatespilar.com\/es\/wp-json\/wp\/v2\/media?parent=142"}],"wp:term":[{"taxonomy":"category","embeddable":true,"href":"https:\/\/educatespilar.com\/es\/wp-json\/wp\/v2\/categories?post=142"},{"taxonomy":"post_tag","embeddable":true,"href":"https:\/\/educatespilar.com\/es\/wp-json\/wp\/v2\/tags?post=142"}],"curies":[{"name":"wp","href":"https:\/\/api.w.org\/{rel}","templated":true}]}}