{"id":134,"date":"2025-10-13T16:44:33","date_gmt":"2025-10-13T16:44:33","guid":{"rendered":"https:\/\/educatespilar.com\/?p=134"},"modified":"2025-11-04T18:02:05","modified_gmt":"2025-11-04T18:02:05","slug":"la-escuela-como-factor-de-desarrollo-y-armonizacion-psiquica","status":"publish","type":"post","link":"https:\/\/educatespilar.com\/es\/la-escuela-como-factor-de-desarrollo-y-armonizacion-psiquica\/","title":{"rendered":"La Escuela como Factor de Desarrollo y Armonizaci\u00f3n Ps\u00edquica"},"content":{"rendered":"<p><img data-recalc-dims=\"1\" decoding=\"async\" loading=\"lazy\" class=\"alignnone size-medium wp-image-135\" src=\"https:\/\/i0.wp.com\/educatespilar.com\/wp-content\/uploads\/2025\/10\/teacher-explaining-her-students-parts-sustainable-house-showing-electric-car.jpg?resize=300%2C195&#038;ssl=1\" alt=\"\" width=\"300\" height=\"195\" srcset=\"https:\/\/i0.wp.com\/educatespilar.com\/wp-content\/uploads\/2025\/10\/teacher-explaining-her-students-parts-sustainable-house-showing-electric-car-scaled.jpg?resize=300%2C195&amp;ssl=1 300w, https:\/\/i0.wp.com\/educatespilar.com\/wp-content\/uploads\/2025\/10\/teacher-explaining-her-students-parts-sustainable-house-showing-electric-car-scaled.jpg?resize=1024%2C666&amp;ssl=1 1024w, https:\/\/i0.wp.com\/educatespilar.com\/wp-content\/uploads\/2025\/10\/teacher-explaining-her-students-parts-sustainable-house-showing-electric-car-scaled.jpg?resize=768%2C500&amp;ssl=1 768w, https:\/\/i0.wp.com\/educatespilar.com\/wp-content\/uploads\/2025\/10\/teacher-explaining-her-students-parts-sustainable-house-showing-electric-car-scaled.jpg?resize=1536%2C999&amp;ssl=1 1536w, https:\/\/i0.wp.com\/educatespilar.com\/wp-content\/uploads\/2025\/10\/teacher-explaining-her-students-parts-sustainable-house-showing-electric-car-scaled.jpg?resize=2048%2C1332&amp;ssl=1 2048w, https:\/\/i0.wp.com\/educatespilar.com\/wp-content\/uploads\/2025\/10\/teacher-explaining-her-students-parts-sustainable-house-showing-electric-car-scaled.jpg?resize=18%2C12&amp;ssl=1 18w\" sizes=\"auto, (max-width: 300px) 100vw, 300px\" \/><\/p>\n<p><span style=\"font-weight: 400;\">Una escuela bien concebida y estructurada es factor esencial para un desarrollo ps\u00edquico arm\u00f3nico de la ni\u00f1ez, finalidad que \u00fanicamente se logra cuando est\u00e1n \u00edntimamente relacionadas la pedagog\u00eda y la psicolog\u00eda. La primera desarrolla y perfecciona m\u00e9todos de ense\u00f1anza, establece finalidades educativas, grad\u00faa y dirige los pasos que el peque\u00f1o debe dar para alcanzar su plenitud cultural; la segunda brinda los fundamentos psicobiol\u00f3gicos que hacen de los m\u00e9todos pedag\u00f3gicos un instrumento preciso, y previene esfuerzos del ni\u00f1o y del maestro ense\u00f1ando a aprovechar y a encauzar las capacidades intelectual y afectiva del alumno en las diversas etapas de su desarrollo.\u00a0<\/span><\/p>\n<p><span style=\"font-weight: 400;\">Por lo dem\u00e1s, la escuela no cumple solamente una necesidad cultural, pues significa al mismo tiempo vida colectiva, relaciones sociales, con los problemas, inconvenientes y ventajas que dichas relaciones presentan en la sociedad de adultos.\u00a0<\/span><\/p>\n<p><span style=\"font-weight: 400;\">De este modo, si una colectividad infantil est\u00e1 bien guiada previo un apropiado estudio psicol\u00f3gico, el amor propio, la emulaci\u00f3n, el inter\u00e9s colectivo encuentran fermento y equilibrio. As\u00ed, con el apoyo de la psicolog\u00eda, la tarea escolar, que siempre significa esfuerzo, se cumple dentro de normas precisas y cansa menos, cuesta menor sacrificio y rinde al m\u00e1ximo, puesto que las energ\u00edas ps\u00edquicas infantiles est\u00e1n cient\u00edficamente aprovechadas, secundadas en su desarrollo y valorizadas en sus verdaderas posibilidades y alcances.<\/span><\/p>\n","protected":false},"excerpt":{"rendered":"<p>Una escuela bien concebida y estructurada es factor esencial para un desarrollo ps\u00edquico arm\u00f3nico de la ni\u00f1ez, finalidad que \u00fanicamente se logra cuando est\u00e1n \u00edntimamente relacionadas la pedagog\u00eda y la psicolog\u00eda. La primera desarrolla y perfecciona m\u00e9todos de ense\u00f1anza, establece finalidades educativas, grad\u00faa y dirige los pasos que el peque\u00f1o debe dar para alcanzar su [&hellip;]<\/p>\n","protected":false},"author":2,"featured_media":135,"comment_status":"closed","ping_status":"closed","sticky":false,"template":"","format":"standard","meta":{"nf_dc_page":"","_jetpack_memberships_contains_paid_content":false,"footnotes":""},"categories":[9],"tags":[68,67,66],"class_list":["post-134","post","type-post","status-publish","format-standard","has-post-thumbnail","hentry","category-educacion","tag-armonizacion-psiquica","tag-desarrollo","tag-escuela"],"yoast_head":"<!-- This site is optimized with the Yoast SEO plugin v27.4 - https:\/\/yoast.com\/product\/yoast-seo-wordpress\/ -->\n<title>La Escuela como Factor de Desarrollo y Armonizaci\u00f3n Ps\u00edquica - EducatesPilar.com<\/title>\n<meta name=\"robots\" content=\"index, follow, max-snippet:-1, max-image-preview:large, max-video-preview:-1\" \/>\n<link rel=\"canonical\" href=\"https:\/\/educatespilar.com\/es\/la-escuela-como-factor-de-desarrollo-y-armonizacion-psiquica\/\" \/>\n<meta property=\"og:locale\" content=\"es_ES\" \/>\n<meta property=\"og:type\" content=\"article\" \/>\n<meta property=\"og:title\" content=\"La Escuela como Factor de Desarrollo y Armonizaci\u00f3n Ps\u00edquica - EducatesPilar.com\" \/>\n<meta property=\"og:description\" content=\"Una escuela bien concebida y estructurada es factor esencial para un desarrollo ps\u00edquico arm\u00f3nico de la ni\u00f1ez, finalidad que \u00fanicamente se logra cuando est\u00e1n \u00edntimamente relacionadas la pedagog\u00eda y la psicolog\u00eda. La primera desarrolla y perfecciona m\u00e9todos de ense\u00f1anza, establece finalidades educativas, grad\u00faa y dirige los pasos que el peque\u00f1o debe dar para alcanzar su [&hellip;]\" \/>\n<meta property=\"og:url\" content=\"https:\/\/educatespilar.com\/es\/la-escuela-como-factor-de-desarrollo-y-armonizacion-psiquica\/\" \/>\n<meta property=\"og:site_name\" content=\"EducatesPilar.com\" \/>\n<meta property=\"article:published_time\" content=\"2025-10-13T16:44:33+00:00\" \/>\n<meta property=\"article:modified_time\" content=\"2025-11-04T18:02:05+00:00\" \/>\n<meta property=\"og:image\" content=\"https:\/\/educatespilar.com\/wp-content\/uploads\/2025\/10\/teacher-explaining-her-students-parts-sustainable-house-showing-electric-car-scaled.jpg\" \/>\n\t<meta property=\"og:image:width\" content=\"2560\" \/>\n\t<meta property=\"og:image:height\" content=\"1665\" \/>\n\t<meta property=\"og:image:type\" content=\"image\/jpeg\" \/>\n<meta name=\"author\" content=\"educates\" \/>\n<meta name=\"twitter:card\" content=\"summary_large_image\" \/>\n<meta name=\"twitter:label1\" content=\"Escrito por\" \/>\n\t<meta name=\"twitter:data1\" content=\"educates\" \/>\n\t<meta name=\"twitter:label2\" content=\"Tiempo de lectura\" \/>\n\t<meta name=\"twitter:data2\" content=\"2 minutos\" \/>\n<script type=\"application\/ld+json\" class=\"yoast-schema-graph\">{\"@context\":\"https:\\\/\\\/schema.org\",\"@graph\":[{\"@type\":\"Article\",\"@id\":\"https:\\\/\\\/educatespilar.com\\\/la-escuela-como-factor-de-desarrollo-y-armonizacion-psiquica\\\/#article\",\"isPartOf\":{\"@id\":\"https:\\\/\\\/educatespilar.com\\\/la-escuela-como-factor-de-desarrollo-y-armonizacion-psiquica\\\/\"},\"author\":{\"name\":\"educates\",\"@id\":\"https:\\\/\\\/tzs.pgq.temporary.site\\\/website_c18d3ae6\\\/#\\\/schema\\\/person\\\/655446504db2a404e6921d90ab7c0a0f\"},\"headline\":\"La Escuela como Factor de Desarrollo y Armonizaci\u00f3n Ps\u00edquica\",\"datePublished\":\"2025-10-13T16:44:33+00:00\",\"dateModified\":\"2025-11-04T18:02:05+00:00\",\"mainEntityOfPage\":{\"@id\":\"https:\\\/\\\/educatespilar.com\\\/la-escuela-como-factor-de-desarrollo-y-armonizacion-psiquica\\\/\"},\"wordCount\":249,\"image\":{\"@id\":\"https:\\\/\\\/educatespilar.com\\\/la-escuela-como-factor-de-desarrollo-y-armonizacion-psiquica\\\/#primaryimage\"},\"thumbnailUrl\":\"https:\\\/\\\/i0.wp.com\\\/educatespilar.com\\\/wp-content\\\/uploads\\\/2025\\\/10\\\/teacher-explaining-her-students-parts-sustainable-house-showing-electric-car-scaled.jpg?fit=2560%2C1665&ssl=1\",\"keywords\":[\"armonizacion psiquica\",\"desarrollo\",\"escuela\"],\"articleSection\":[\"Educaci\u00f3n\"],\"inLanguage\":\"es-AR\"},{\"@type\":\"WebPage\",\"@id\":\"https:\\\/\\\/educatespilar.com\\\/la-escuela-como-factor-de-desarrollo-y-armonizacion-psiquica\\\/\",\"url\":\"https:\\\/\\\/educatespilar.com\\\/la-escuela-como-factor-de-desarrollo-y-armonizacion-psiquica\\\/\",\"name\":\"La Escuela como Factor de Desarrollo y Armonizaci\u00f3n Ps\u00edquica - EducatesPilar.com\",\"isPartOf\":{\"@id\":\"https:\\\/\\\/tzs.pgq.temporary.site\\\/website_c18d3ae6\\\/#website\"},\"primaryImageOfPage\":{\"@id\":\"https:\\\/\\\/educatespilar.com\\\/la-escuela-como-factor-de-desarrollo-y-armonizacion-psiquica\\\/#primaryimage\"},\"image\":{\"@id\":\"https:\\\/\\\/educatespilar.com\\\/la-escuela-como-factor-de-desarrollo-y-armonizacion-psiquica\\\/#primaryimage\"},\"thumbnailUrl\":\"https:\\\/\\\/i0.wp.com\\\/educatespilar.com\\\/wp-content\\\/uploads\\\/2025\\\/10\\\/teacher-explaining-her-students-parts-sustainable-house-showing-electric-car-scaled.jpg?fit=2560%2C1665&ssl=1\",\"datePublished\":\"2025-10-13T16:44:33+00:00\",\"dateModified\":\"2025-11-04T18:02:05+00:00\",\"author\":{\"@id\":\"https:\\\/\\\/tzs.pgq.temporary.site\\\/website_c18d3ae6\\\/#\\\/schema\\\/person\\\/655446504db2a404e6921d90ab7c0a0f\"},\"breadcrumb\":{\"@id\":\"https:\\\/\\\/educatespilar.com\\\/la-escuela-como-factor-de-desarrollo-y-armonizacion-psiquica\\\/#breadcrumb\"},\"inLanguage\":\"es-AR\",\"potentialAction\":[{\"@type\":\"ReadAction\",\"target\":[\"https:\\\/\\\/educatespilar.com\\\/la-escuela-como-factor-de-desarrollo-y-armonizacion-psiquica\\\/\"]}]},{\"@type\":\"ImageObject\",\"inLanguage\":\"es-AR\",\"@id\":\"https:\\\/\\\/educatespilar.com\\\/la-escuela-como-factor-de-desarrollo-y-armonizacion-psiquica\\\/#primaryimage\",\"url\":\"https:\\\/\\\/i0.wp.com\\\/educatespilar.com\\\/wp-content\\\/uploads\\\/2025\\\/10\\\/teacher-explaining-her-students-parts-sustainable-house-showing-electric-car-scaled.jpg?fit=2560%2C1665&ssl=1\",\"contentUrl\":\"https:\\\/\\\/i0.wp.com\\\/educatespilar.com\\\/wp-content\\\/uploads\\\/2025\\\/10\\\/teacher-explaining-her-students-parts-sustainable-house-showing-electric-car-scaled.jpg?fit=2560%2C1665&ssl=1\",\"width\":2560,\"height\":1665,\"caption\":\"Clase pr\u00e1ctica sobre sostenibilidad, donde los ni\u00f1os aprenden los principios de la energ\u00eda renovable y el cuidado del planeta.\"},{\"@type\":\"BreadcrumbList\",\"@id\":\"https:\\\/\\\/educatespilar.com\\\/la-escuela-como-factor-de-desarrollo-y-armonizacion-psiquica\\\/#breadcrumb\",\"itemListElement\":[{\"@type\":\"ListItem\",\"position\":1,\"name\":\"Home\",\"item\":\"https:\\\/\\\/educatespilar.com\\\/\"},{\"@type\":\"ListItem\",\"position\":2,\"name\":\"La Escuela como Factor de Desarrollo y Armonizaci\u00f3n Ps\u00edquica\"}]},{\"@type\":\"WebSite\",\"@id\":\"https:\\\/\\\/tzs.pgq.temporary.site\\\/website_c18d3ae6\\\/#website\",\"url\":\"https:\\\/\\\/tzs.pgq.temporary.site\\\/website_c18d3ae6\\\/\",\"name\":\"EducatesPilar.com\",\"description\":\"\",\"potentialAction\":[{\"@type\":\"SearchAction\",\"target\":{\"@type\":\"EntryPoint\",\"urlTemplate\":\"https:\\\/\\\/tzs.pgq.temporary.site\\\/website_c18d3ae6\\\/?s={search_term_string}\"},\"query-input\":{\"@type\":\"PropertyValueSpecification\",\"valueRequired\":true,\"valueName\":\"search_term_string\"}}],\"inLanguage\":\"es-AR\"},{\"@type\":\"Person\",\"@id\":\"https:\\\/\\\/tzs.pgq.temporary.site\\\/website_c18d3ae6\\\/#\\\/schema\\\/person\\\/655446504db2a404e6921d90ab7c0a0f\",\"name\":\"educates\",\"image\":{\"@type\":\"ImageObject\",\"inLanguage\":\"es-AR\",\"@id\":\"https:\\\/\\\/secure.gravatar.com\\\/avatar\\\/f1e844324149cf607705bdc3821ac52f5613382cc275e3a009bc73539c52a819?s=96&d=mm&r=g\",\"url\":\"https:\\\/\\\/secure.gravatar.com\\\/avatar\\\/f1e844324149cf607705bdc3821ac52f5613382cc275e3a009bc73539c52a819?s=96&d=mm&r=g\",\"contentUrl\":\"https:\\\/\\\/secure.gravatar.com\\\/avatar\\\/f1e844324149cf607705bdc3821ac52f5613382cc275e3a009bc73539c52a819?s=96&d=mm&r=g\",\"caption\":\"educates\"},\"url\":\"https:\\\/\\\/educatespilar.com\\\/es\\\/author\\\/educates\\\/\"}]}<\/script>\n<!-- \/ Yoast SEO plugin. -->","yoast_head_json":{"title":"La Escuela como Factor de Desarrollo y Armonizaci\u00f3n Ps\u00edquica - EducatesPilar.com","robots":{"index":"index","follow":"follow","max-snippet":"max-snippet:-1","max-image-preview":"max-image-preview:large","max-video-preview":"max-video-preview:-1"},"canonical":"https:\/\/educatespilar.com\/es\/la-escuela-como-factor-de-desarrollo-y-armonizacion-psiquica\/","og_locale":"es_ES","og_type":"article","og_title":"La Escuela como Factor de Desarrollo y Armonizaci\u00f3n Ps\u00edquica - EducatesPilar.com","og_description":"Una escuela bien concebida y estructurada es factor esencial para un desarrollo ps\u00edquico arm\u00f3nico de la ni\u00f1ez, finalidad que \u00fanicamente se logra cuando est\u00e1n \u00edntimamente relacionadas la pedagog\u00eda y la psicolog\u00eda. La primera desarrolla y perfecciona m\u00e9todos de ense\u00f1anza, establece finalidades educativas, grad\u00faa y dirige los pasos que el peque\u00f1o debe dar para alcanzar su [&hellip;]","og_url":"https:\/\/educatespilar.com\/es\/la-escuela-como-factor-de-desarrollo-y-armonizacion-psiquica\/","og_site_name":"EducatesPilar.com","article_published_time":"2025-10-13T16:44:33+00:00","article_modified_time":"2025-11-04T18:02:05+00:00","og_image":[{"width":2560,"height":1665,"url":"https:\/\/educatespilar.com\/wp-content\/uploads\/2025\/10\/teacher-explaining-her-students-parts-sustainable-house-showing-electric-car-scaled.jpg","type":"image\/jpeg"}],"author":"educates","twitter_card":"summary_large_image","twitter_misc":{"Escrito por":"educates","Tiempo de lectura":"2 minutos"},"schema":{"@context":"https:\/\/schema.org","@graph":[{"@type":"Article","@id":"https:\/\/educatespilar.com\/la-escuela-como-factor-de-desarrollo-y-armonizacion-psiquica\/#article","isPartOf":{"@id":"https:\/\/educatespilar.com\/la-escuela-como-factor-de-desarrollo-y-armonizacion-psiquica\/"},"author":{"name":"educates","@id":"https:\/\/tzs.pgq.temporary.site\/website_c18d3ae6\/#\/schema\/person\/655446504db2a404e6921d90ab7c0a0f"},"headline":"La Escuela como Factor de Desarrollo y Armonizaci\u00f3n Ps\u00edquica","datePublished":"2025-10-13T16:44:33+00:00","dateModified":"2025-11-04T18:02:05+00:00","mainEntityOfPage":{"@id":"https:\/\/educatespilar.com\/la-escuela-como-factor-de-desarrollo-y-armonizacion-psiquica\/"},"wordCount":249,"image":{"@id":"https:\/\/educatespilar.com\/la-escuela-como-factor-de-desarrollo-y-armonizacion-psiquica\/#primaryimage"},"thumbnailUrl":"https:\/\/i0.wp.com\/educatespilar.com\/wp-content\/uploads\/2025\/10\/teacher-explaining-her-students-parts-sustainable-house-showing-electric-car-scaled.jpg?fit=2560%2C1665&ssl=1","keywords":["armonizacion psiquica","desarrollo","escuela"],"articleSection":["Educaci\u00f3n"],"inLanguage":"es-AR"},{"@type":"WebPage","@id":"https:\/\/educatespilar.com\/la-escuela-como-factor-de-desarrollo-y-armonizacion-psiquica\/","url":"https:\/\/educatespilar.com\/la-escuela-como-factor-de-desarrollo-y-armonizacion-psiquica\/","name":"La Escuela como Factor de Desarrollo y Armonizaci\u00f3n Ps\u00edquica - EducatesPilar.com","isPartOf":{"@id":"https:\/\/tzs.pgq.temporary.site\/website_c18d3ae6\/#website"},"primaryImageOfPage":{"@id":"https:\/\/educatespilar.com\/la-escuela-como-factor-de-desarrollo-y-armonizacion-psiquica\/#primaryimage"},"image":{"@id":"https:\/\/educatespilar.com\/la-escuela-como-factor-de-desarrollo-y-armonizacion-psiquica\/#primaryimage"},"thumbnailUrl":"https:\/\/i0.wp.com\/educatespilar.com\/wp-content\/uploads\/2025\/10\/teacher-explaining-her-students-parts-sustainable-house-showing-electric-car-scaled.jpg?fit=2560%2C1665&ssl=1","datePublished":"2025-10-13T16:44:33+00:00","dateModified":"2025-11-04T18:02:05+00:00","author":{"@id":"https:\/\/tzs.pgq.temporary.site\/website_c18d3ae6\/#\/schema\/person\/655446504db2a404e6921d90ab7c0a0f"},"breadcrumb":{"@id":"https:\/\/educatespilar.com\/la-escuela-como-factor-de-desarrollo-y-armonizacion-psiquica\/#breadcrumb"},"inLanguage":"es-AR","potentialAction":[{"@type":"ReadAction","target":["https:\/\/educatespilar.com\/la-escuela-como-factor-de-desarrollo-y-armonizacion-psiquica\/"]}]},{"@type":"ImageObject","inLanguage":"es-AR","@id":"https:\/\/educatespilar.com\/la-escuela-como-factor-de-desarrollo-y-armonizacion-psiquica\/#primaryimage","url":"https:\/\/i0.wp.com\/educatespilar.com\/wp-content\/uploads\/2025\/10\/teacher-explaining-her-students-parts-sustainable-house-showing-electric-car-scaled.jpg?fit=2560%2C1665&ssl=1","contentUrl":"https:\/\/i0.wp.com\/educatespilar.com\/wp-content\/uploads\/2025\/10\/teacher-explaining-her-students-parts-sustainable-house-showing-electric-car-scaled.jpg?fit=2560%2C1665&ssl=1","width":2560,"height":1665,"caption":"Clase pr\u00e1ctica sobre sostenibilidad, donde los ni\u00f1os aprenden los principios de la energ\u00eda renovable y el cuidado del planeta."},{"@type":"BreadcrumbList","@id":"https:\/\/educatespilar.com\/la-escuela-como-factor-de-desarrollo-y-armonizacion-psiquica\/#breadcrumb","itemListElement":[{"@type":"ListItem","position":1,"name":"Home","item":"https:\/\/educatespilar.com\/"},{"@type":"ListItem","position":2,"name":"La Escuela como Factor de Desarrollo y Armonizaci\u00f3n Ps\u00edquica"}]},{"@type":"WebSite","@id":"https:\/\/tzs.pgq.temporary.site\/website_c18d3ae6\/#website","url":"https:\/\/tzs.pgq.temporary.site\/website_c18d3ae6\/","name":"EducatesPilar.com","description":"","potentialAction":[{"@type":"SearchAction","target":{"@type":"EntryPoint","urlTemplate":"https:\/\/tzs.pgq.temporary.site\/website_c18d3ae6\/?s={search_term_string}"},"query-input":{"@type":"PropertyValueSpecification","valueRequired":true,"valueName":"search_term_string"}}],"inLanguage":"es-AR"},{"@type":"Person","@id":"https:\/\/tzs.pgq.temporary.site\/website_c18d3ae6\/#\/schema\/person\/655446504db2a404e6921d90ab7c0a0f","name":"educates","image":{"@type":"ImageObject","inLanguage":"es-AR","@id":"https:\/\/secure.gravatar.com\/avatar\/f1e844324149cf607705bdc3821ac52f5613382cc275e3a009bc73539c52a819?s=96&d=mm&r=g","url":"https:\/\/secure.gravatar.com\/avatar\/f1e844324149cf607705bdc3821ac52f5613382cc275e3a009bc73539c52a819?s=96&d=mm&r=g","contentUrl":"https:\/\/secure.gravatar.com\/avatar\/f1e844324149cf607705bdc3821ac52f5613382cc275e3a009bc73539c52a819?s=96&d=mm&r=g","caption":"educates"},"url":"https:\/\/educatespilar.com\/es\/author\/educates\/"}]}},"jetpack_featured_media_url":"https:\/\/i0.wp.com\/educatespilar.com\/wp-content\/uploads\/2025\/10\/teacher-explaining-her-students-parts-sustainable-house-showing-electric-car-scaled.jpg?fit=2560%2C1665&ssl=1","jetpack_sharing_enabled":true,"_links":{"self":[{"href":"https:\/\/educatespilar.com\/es\/wp-json\/wp\/v2\/posts\/134","targetHints":{"allow":["GET"]}}],"collection":[{"href":"https:\/\/educatespilar.com\/es\/wp-json\/wp\/v2\/posts"}],"about":[{"href":"https:\/\/educatespilar.com\/es\/wp-json\/wp\/v2\/types\/post"}],"author":[{"embeddable":true,"href":"https:\/\/educatespilar.com\/es\/wp-json\/wp\/v2\/users\/2"}],"replies":[{"embeddable":true,"href":"https:\/\/educatespilar.com\/es\/wp-json\/wp\/v2\/comments?post=134"}],"version-history":[{"count":2,"href":"https:\/\/educatespilar.com\/es\/wp-json\/wp\/v2\/posts\/134\/revisions"}],"predecessor-version":[{"id":137,"href":"https:\/\/educatespilar.com\/es\/wp-json\/wp\/v2\/posts\/134\/revisions\/137"}],"wp:featuredmedia":[{"embeddable":true,"href":"https:\/\/educatespilar.com\/es\/wp-json\/wp\/v2\/media\/135"}],"wp:attachment":[{"href":"https:\/\/educatespilar.com\/es\/wp-json\/wp\/v2\/media?parent=134"}],"wp:term":[{"taxonomy":"category","embeddable":true,"href":"https:\/\/educatespilar.com\/es\/wp-json\/wp\/v2\/categories?post=134"},{"taxonomy":"post_tag","embeddable":true,"href":"https:\/\/educatespilar.com\/es\/wp-json\/wp\/v2\/tags?post=134"}],"curies":[{"name":"wp","href":"https:\/\/api.w.org\/{rel}","templated":true}]}}