{"id":119,"date":"2025-10-06T18:36:46","date_gmt":"2025-10-06T18:36:46","guid":{"rendered":"https:\/\/educatespilar.com\/?p=119"},"modified":"2025-11-04T17:59:02","modified_gmt":"2025-11-04T17:59:02","slug":"la-pedagogia","status":"publish","type":"post","link":"https:\/\/educatespilar.com\/es\/la-pedagogia\/","title":{"rendered":"La Pedagog\u00eda"},"content":{"rendered":"<p><img data-recalc-dims=\"1\" decoding=\"async\" loading=\"lazy\" class=\"alignnone size-medium wp-image-121\" src=\"https:\/\/i0.wp.com\/educatespilar.com\/wp-content\/uploads\/2025\/10\/defocused-child-tutor-home.jpg?resize=300%2C200&#038;ssl=1\" alt=\"\" width=\"300\" height=\"200\" srcset=\"https:\/\/i0.wp.com\/educatespilar.com\/wp-content\/uploads\/2025\/10\/defocused-child-tutor-home-scaled.jpg?resize=300%2C200&amp;ssl=1 300w, https:\/\/i0.wp.com\/educatespilar.com\/wp-content\/uploads\/2025\/10\/defocused-child-tutor-home-scaled.jpg?resize=1024%2C681&amp;ssl=1 1024w, https:\/\/i0.wp.com\/educatespilar.com\/wp-content\/uploads\/2025\/10\/defocused-child-tutor-home-scaled.jpg?resize=768%2C511&amp;ssl=1 768w, https:\/\/i0.wp.com\/educatespilar.com\/wp-content\/uploads\/2025\/10\/defocused-child-tutor-home-scaled.jpg?resize=1536%2C1022&amp;ssl=1 1536w, https:\/\/i0.wp.com\/educatespilar.com\/wp-content\/uploads\/2025\/10\/defocused-child-tutor-home-scaled.jpg?resize=2048%2C1363&amp;ssl=1 2048w, https:\/\/i0.wp.com\/educatespilar.com\/wp-content\/uploads\/2025\/10\/defocused-child-tutor-home-scaled.jpg?resize=18%2C12&amp;ssl=1 18w\" sizes=\"auto, (max-width: 300px) 100vw, 300px\" \/><\/p>\n<p><span style=\"font-weight: 400;\">La educaci\u00f3n, como funci\u00f3n esencial de la vida colectiva, se fue realizando espont\u00e1neamente a lo largo de la evoluci\u00f3n hist\u00f3rica. Pero en un momento dado, cuando el hombre griego se detuvo a reflexionar sobre ese hecho educativo, naci\u00f3 la pedagog\u00eda. Es claro que \u00e9sta, en sus comienzos, no tuvo las caracter\u00edsticas que presenta en nuestros d\u00edas, pues, al igual que el vocablo \u201cpedagog\u00eda\u201d, se fue enriqueciendo con el tiempo y, poco a poco, ha ido modificando su limitado sentido originario.<\/span><\/p>\n<p><span style=\"font-weight: 400;\">En efecto, la palabra pedagog\u00eda se form\u00f3 de otras dos griegas: paid\u00f3s, ni\u00f1o, y agogia, conducci\u00f3n. Por ello, en su origen, el vocablo tuvo un sentido material y se utiliz\u00f3 para designar al \u201cpedagogo\u201d, que era el esclavo que se ocupaba de vigilar a los ni\u00f1os y acompa\u00f1arlos a la escuela de gimnasia. M\u00e1s tarde, la palabra pedagog\u00eda dej\u00f3 de ser expresi\u00f3n de arte servil y adquiri\u00f3 valoraci\u00f3n cultural, utiliz\u00e1ndose para designar al conjunto de conocimientos referentes a la educaci\u00f3n de los ni\u00f1os. En la actualidad, se entiende por pedagog\u00eda la disciplina encargada de estudiar integralmente los problemas de la educaci\u00f3n del hombre.<\/span><\/p>\n<p><span style=\"font-weight: 400;\">En Grecia, el pensamiento pedag\u00f3gico no existi\u00f3 independientemente, pues su expresi\u00f3n estuvo \u00edntimamente vinculada con las reflexiones sobre la naturaleza humana. S\u00f3lo en la \u00e9poca del Renacimiento se desarrollaron las primeras tentativas de constituir un dominio independiente con las doctrinas referidas a la educaci\u00f3n. Posteriormente, gracias al esfuerzo de Ian Amos Komensky (1592-1670), conocido por Comenio o Comenius, que fundament\u00f3 una teor\u00eda general del m\u00e9todo de ense\u00f1anza, se pudo integrar a la pedagog\u00eda como una disciplina org\u00e1nica en su contenido. M\u00e1s tarde, en el siglo xix, Johann Friedrich Herbart (1776-1841) realiz\u00f3 la primera sistematizaci\u00f3n total de esta disciplina y la estructur\u00f3 como conocimiento cient\u00edfico.<\/span><\/p>\n<p><span style=\"font-weight: 400;\">Desde entonces, la pedagog\u00eda, que qued\u00f3 definitivamente constituida, ha tenido que resolver un doble problema: determinar su car\u00e1cter y defender su autonom\u00eda. En nuestra \u00e9poca se reconoce que, aunque muchos de los elementos que la integran la toma de otras ciencias cada una de las cuales tiene su individualidad, esos aportes adquieren un nuevo sentido y un nuevo valor al ser orientados hacia un objetivo espec\u00edfico: la educaci\u00f3n del hombre. Debido a ello, el estudio de los principios de la acci\u00f3n educadora y del hombre en funci\u00f3n de su educabilidad, son los que dan a la pedagog\u00eda el derecho de existir como disciplina independiente y no como una rama o especialidad derivada de otras disciplinas.<\/span><\/p>\n<p><span style=\"font-weight: 400;\">Es corriente distinguir en la pedagog\u00eda dos aspectos: el te\u00f3rico, o sea la reflexi\u00f3n sobre el hecho educativo, y el pr\u00e1ctico, denominado por algunos tecnol\u00f3gico, que se ocupa del estudio de los medios que permiten la realizaci\u00f3n del hecho educativo. Estos aspectos, sin embargo, no son independientes, pues la pedagog\u00eda constituye una unidad. Por ello carece de sentido una acci\u00f3n educativa puramente pr\u00e1ctica, pues, lo sepa o ignore quien la realiza, esa acci\u00f3n est\u00e1 respondiendo a cierta teor\u00eda de la educaci\u00f3n. Del mismo modo, no existe una pedagog\u00eda puramente te\u00f3rica, ya que las aut\u00e9nticas teor\u00edas educacionales siempre tienden a hacerse efectivas en la pr\u00e1ctica. Por tal causa la pedagog\u00eda te\u00f3rica imprime a la pedagog\u00eda pr\u00e1ctica una determinada orientaci\u00f3n y, en consecuencia, ejerce sobre ella una acci\u00f3n limitativa.<\/span><\/p>\n","protected":false},"excerpt":{"rendered":"<p>La educaci\u00f3n, como funci\u00f3n esencial de la vida colectiva, se fue realizando espont\u00e1neamente a lo largo de la evoluci\u00f3n hist\u00f3rica. Pero en un momento dado, cuando el hombre griego se detuvo a reflexionar sobre ese hecho educativo, naci\u00f3 la pedagog\u00eda. Es claro que \u00e9sta, en sus comienzos, no tuvo las caracter\u00edsticas que presenta en nuestros [&hellip;]<\/p>\n","protected":false},"author":2,"featured_media":121,"comment_status":"closed","ping_status":"closed","sticky":false,"template":"","format":"standard","meta":{"nf_dc_page":"","_jetpack_memberships_contains_paid_content":false,"footnotes":""},"categories":[9],"tags":[61],"class_list":["post-119","post","type-post","status-publish","format-standard","has-post-thumbnail","hentry","category-educacion","tag-pedagogia"],"yoast_head":"<!-- This site is optimized with the Yoast SEO plugin v27.4 - https:\/\/yoast.com\/product\/yoast-seo-wordpress\/ -->\n<title>La Pedagog\u00eda - EducatesPilar.com<\/title>\n<meta name=\"robots\" content=\"index, follow, max-snippet:-1, max-image-preview:large, max-video-preview:-1\" \/>\n<link rel=\"canonical\" href=\"https:\/\/educatespilar.com\/es\/la-pedagogia\/\" \/>\n<meta property=\"og:locale\" content=\"es_ES\" \/>\n<meta property=\"og:type\" content=\"article\" \/>\n<meta property=\"og:title\" content=\"La Pedagog\u00eda - EducatesPilar.com\" \/>\n<meta property=\"og:description\" content=\"La educaci\u00f3n, como funci\u00f3n esencial de la vida colectiva, se fue realizando espont\u00e1neamente a lo largo de la evoluci\u00f3n hist\u00f3rica. Pero en un momento dado, cuando el hombre griego se detuvo a reflexionar sobre ese hecho educativo, naci\u00f3 la pedagog\u00eda. Es claro que \u00e9sta, en sus comienzos, no tuvo las caracter\u00edsticas que presenta en nuestros [&hellip;]\" \/>\n<meta property=\"og:url\" content=\"https:\/\/educatespilar.com\/es\/la-pedagogia\/\" \/>\n<meta property=\"og:site_name\" content=\"EducatesPilar.com\" \/>\n<meta property=\"article:published_time\" content=\"2025-10-06T18:36:46+00:00\" \/>\n<meta property=\"article:modified_time\" content=\"2025-11-04T17:59:02+00:00\" \/>\n<meta property=\"og:image\" content=\"https:\/\/educatespilar.com\/wp-content\/uploads\/2025\/10\/defocused-child-tutor-home-scaled.jpg\" \/>\n\t<meta property=\"og:image:width\" content=\"2560\" \/>\n\t<meta property=\"og:image:height\" content=\"1703\" \/>\n\t<meta property=\"og:image:type\" content=\"image\/jpeg\" \/>\n<meta name=\"author\" content=\"educates\" \/>\n<meta name=\"twitter:card\" content=\"summary_large_image\" \/>\n<meta name=\"twitter:label1\" content=\"Escrito por\" \/>\n\t<meta name=\"twitter:data1\" content=\"educates\" \/>\n\t<meta name=\"twitter:label2\" content=\"Tiempo de lectura\" \/>\n\t<meta name=\"twitter:data2\" content=\"3 minutos\" \/>\n<script type=\"application\/ld+json\" class=\"yoast-schema-graph\">{\"@context\":\"https:\\\/\\\/schema.org\",\"@graph\":[{\"@type\":\"Article\",\"@id\":\"https:\\\/\\\/educatespilar.com\\\/la-pedagogia\\\/#article\",\"isPartOf\":{\"@id\":\"https:\\\/\\\/educatespilar.com\\\/la-pedagogia\\\/\"},\"author\":{\"name\":\"educates\",\"@id\":\"https:\\\/\\\/tzs.pgq.temporary.site\\\/website_c18d3ae6\\\/#\\\/schema\\\/person\\\/655446504db2a404e6921d90ab7c0a0f\"},\"headline\":\"La Pedagog\u00eda\",\"datePublished\":\"2025-10-06T18:36:46+00:00\",\"dateModified\":\"2025-11-04T17:59:02+00:00\",\"mainEntityOfPage\":{\"@id\":\"https:\\\/\\\/educatespilar.com\\\/la-pedagogia\\\/\"},\"wordCount\":599,\"image\":{\"@id\":\"https:\\\/\\\/educatespilar.com\\\/la-pedagogia\\\/#primaryimage\"},\"thumbnailUrl\":\"https:\\\/\\\/i0.wp.com\\\/educatespilar.com\\\/wp-content\\\/uploads\\\/2025\\\/10\\\/defocused-child-tutor-home-scaled.jpg?fit=2560%2C1703&ssl=1\",\"keywords\":[\"pedagogia\"],\"articleSection\":[\"Educaci\u00f3n\"],\"inLanguage\":\"es-AR\"},{\"@type\":\"WebPage\",\"@id\":\"https:\\\/\\\/educatespilar.com\\\/la-pedagogia\\\/\",\"url\":\"https:\\\/\\\/educatespilar.com\\\/la-pedagogia\\\/\",\"name\":\"La Pedagog\u00eda - EducatesPilar.com\",\"isPartOf\":{\"@id\":\"https:\\\/\\\/tzs.pgq.temporary.site\\\/website_c18d3ae6\\\/#website\"},\"primaryImageOfPage\":{\"@id\":\"https:\\\/\\\/educatespilar.com\\\/la-pedagogia\\\/#primaryimage\"},\"image\":{\"@id\":\"https:\\\/\\\/educatespilar.com\\\/la-pedagogia\\\/#primaryimage\"},\"thumbnailUrl\":\"https:\\\/\\\/i0.wp.com\\\/educatespilar.com\\\/wp-content\\\/uploads\\\/2025\\\/10\\\/defocused-child-tutor-home-scaled.jpg?fit=2560%2C1703&ssl=1\",\"datePublished\":\"2025-10-06T18:36:46+00:00\",\"dateModified\":\"2025-11-04T17:59:02+00:00\",\"author\":{\"@id\":\"https:\\\/\\\/tzs.pgq.temporary.site\\\/website_c18d3ae6\\\/#\\\/schema\\\/person\\\/655446504db2a404e6921d90ab7c0a0f\"},\"breadcrumb\":{\"@id\":\"https:\\\/\\\/educatespilar.com\\\/la-pedagogia\\\/#breadcrumb\"},\"inLanguage\":\"es-AR\",\"potentialAction\":[{\"@type\":\"ReadAction\",\"target\":[\"https:\\\/\\\/educatespilar.com\\\/la-pedagogia\\\/\"]}]},{\"@type\":\"ImageObject\",\"inLanguage\":\"es-AR\",\"@id\":\"https:\\\/\\\/educatespilar.com\\\/la-pedagogia\\\/#primaryimage\",\"url\":\"https:\\\/\\\/i0.wp.com\\\/educatespilar.com\\\/wp-content\\\/uploads\\\/2025\\\/10\\\/defocused-child-tutor-home-scaled.jpg?fit=2560%2C1703&ssl=1\",\"contentUrl\":\"https:\\\/\\\/i0.wp.com\\\/educatespilar.com\\\/wp-content\\\/uploads\\\/2025\\\/10\\\/defocused-child-tutor-home-scaled.jpg?fit=2560%2C1703&ssl=1\",\"width\":2560,\"height\":1703,\"caption\":\"Escena de aprendizaje en el hogar donde un adulto gu\u00eda a un ni\u00f1o en sus tareas, reflejando la educaci\u00f3n personalizada y el valor del acompa\u00f1amiento pedag\u00f3gico.\"},{\"@type\":\"BreadcrumbList\",\"@id\":\"https:\\\/\\\/educatespilar.com\\\/la-pedagogia\\\/#breadcrumb\",\"itemListElement\":[{\"@type\":\"ListItem\",\"position\":1,\"name\":\"Home\",\"item\":\"https:\\\/\\\/educatespilar.com\\\/\"},{\"@type\":\"ListItem\",\"position\":2,\"name\":\"La Pedagog\u00eda\"}]},{\"@type\":\"WebSite\",\"@id\":\"https:\\\/\\\/tzs.pgq.temporary.site\\\/website_c18d3ae6\\\/#website\",\"url\":\"https:\\\/\\\/tzs.pgq.temporary.site\\\/website_c18d3ae6\\\/\",\"name\":\"EducatesPilar.com\",\"description\":\"\",\"potentialAction\":[{\"@type\":\"SearchAction\",\"target\":{\"@type\":\"EntryPoint\",\"urlTemplate\":\"https:\\\/\\\/tzs.pgq.temporary.site\\\/website_c18d3ae6\\\/?s={search_term_string}\"},\"query-input\":{\"@type\":\"PropertyValueSpecification\",\"valueRequired\":true,\"valueName\":\"search_term_string\"}}],\"inLanguage\":\"es-AR\"},{\"@type\":\"Person\",\"@id\":\"https:\\\/\\\/tzs.pgq.temporary.site\\\/website_c18d3ae6\\\/#\\\/schema\\\/person\\\/655446504db2a404e6921d90ab7c0a0f\",\"name\":\"educates\",\"image\":{\"@type\":\"ImageObject\",\"inLanguage\":\"es-AR\",\"@id\":\"https:\\\/\\\/secure.gravatar.com\\\/avatar\\\/f1e844324149cf607705bdc3821ac52f5613382cc275e3a009bc73539c52a819?s=96&d=mm&r=g\",\"url\":\"https:\\\/\\\/secure.gravatar.com\\\/avatar\\\/f1e844324149cf607705bdc3821ac52f5613382cc275e3a009bc73539c52a819?s=96&d=mm&r=g\",\"contentUrl\":\"https:\\\/\\\/secure.gravatar.com\\\/avatar\\\/f1e844324149cf607705bdc3821ac52f5613382cc275e3a009bc73539c52a819?s=96&d=mm&r=g\",\"caption\":\"educates\"},\"url\":\"https:\\\/\\\/educatespilar.com\\\/es\\\/author\\\/educates\\\/\"}]}<\/script>\n<!-- \/ Yoast SEO plugin. -->","yoast_head_json":{"title":"La Pedagog\u00eda - EducatesPilar.com","robots":{"index":"index","follow":"follow","max-snippet":"max-snippet:-1","max-image-preview":"max-image-preview:large","max-video-preview":"max-video-preview:-1"},"canonical":"https:\/\/educatespilar.com\/es\/la-pedagogia\/","og_locale":"es_ES","og_type":"article","og_title":"La Pedagog\u00eda - EducatesPilar.com","og_description":"La educaci\u00f3n, como funci\u00f3n esencial de la vida colectiva, se fue realizando espont\u00e1neamente a lo largo de la evoluci\u00f3n hist\u00f3rica. Pero en un momento dado, cuando el hombre griego se detuvo a reflexionar sobre ese hecho educativo, naci\u00f3 la pedagog\u00eda. Es claro que \u00e9sta, en sus comienzos, no tuvo las caracter\u00edsticas que presenta en nuestros [&hellip;]","og_url":"https:\/\/educatespilar.com\/es\/la-pedagogia\/","og_site_name":"EducatesPilar.com","article_published_time":"2025-10-06T18:36:46+00:00","article_modified_time":"2025-11-04T17:59:02+00:00","og_image":[{"width":2560,"height":1703,"url":"https:\/\/educatespilar.com\/wp-content\/uploads\/2025\/10\/defocused-child-tutor-home-scaled.jpg","type":"image\/jpeg"}],"author":"educates","twitter_card":"summary_large_image","twitter_misc":{"Escrito por":"educates","Tiempo de lectura":"3 minutos"},"schema":{"@context":"https:\/\/schema.org","@graph":[{"@type":"Article","@id":"https:\/\/educatespilar.com\/la-pedagogia\/#article","isPartOf":{"@id":"https:\/\/educatespilar.com\/la-pedagogia\/"},"author":{"name":"educates","@id":"https:\/\/tzs.pgq.temporary.site\/website_c18d3ae6\/#\/schema\/person\/655446504db2a404e6921d90ab7c0a0f"},"headline":"La Pedagog\u00eda","datePublished":"2025-10-06T18:36:46+00:00","dateModified":"2025-11-04T17:59:02+00:00","mainEntityOfPage":{"@id":"https:\/\/educatespilar.com\/la-pedagogia\/"},"wordCount":599,"image":{"@id":"https:\/\/educatespilar.com\/la-pedagogia\/#primaryimage"},"thumbnailUrl":"https:\/\/i0.wp.com\/educatespilar.com\/wp-content\/uploads\/2025\/10\/defocused-child-tutor-home-scaled.jpg?fit=2560%2C1703&ssl=1","keywords":["pedagogia"],"articleSection":["Educaci\u00f3n"],"inLanguage":"es-AR"},{"@type":"WebPage","@id":"https:\/\/educatespilar.com\/la-pedagogia\/","url":"https:\/\/educatespilar.com\/la-pedagogia\/","name":"La Pedagog\u00eda - EducatesPilar.com","isPartOf":{"@id":"https:\/\/tzs.pgq.temporary.site\/website_c18d3ae6\/#website"},"primaryImageOfPage":{"@id":"https:\/\/educatespilar.com\/la-pedagogia\/#primaryimage"},"image":{"@id":"https:\/\/educatespilar.com\/la-pedagogia\/#primaryimage"},"thumbnailUrl":"https:\/\/i0.wp.com\/educatespilar.com\/wp-content\/uploads\/2025\/10\/defocused-child-tutor-home-scaled.jpg?fit=2560%2C1703&ssl=1","datePublished":"2025-10-06T18:36:46+00:00","dateModified":"2025-11-04T17:59:02+00:00","author":{"@id":"https:\/\/tzs.pgq.temporary.site\/website_c18d3ae6\/#\/schema\/person\/655446504db2a404e6921d90ab7c0a0f"},"breadcrumb":{"@id":"https:\/\/educatespilar.com\/la-pedagogia\/#breadcrumb"},"inLanguage":"es-AR","potentialAction":[{"@type":"ReadAction","target":["https:\/\/educatespilar.com\/la-pedagogia\/"]}]},{"@type":"ImageObject","inLanguage":"es-AR","@id":"https:\/\/educatespilar.com\/la-pedagogia\/#primaryimage","url":"https:\/\/i0.wp.com\/educatespilar.com\/wp-content\/uploads\/2025\/10\/defocused-child-tutor-home-scaled.jpg?fit=2560%2C1703&ssl=1","contentUrl":"https:\/\/i0.wp.com\/educatespilar.com\/wp-content\/uploads\/2025\/10\/defocused-child-tutor-home-scaled.jpg?fit=2560%2C1703&ssl=1","width":2560,"height":1703,"caption":"Escena de aprendizaje en el hogar donde un adulto gu\u00eda a un ni\u00f1o en sus tareas, reflejando la educaci\u00f3n personalizada y el valor del acompa\u00f1amiento pedag\u00f3gico."},{"@type":"BreadcrumbList","@id":"https:\/\/educatespilar.com\/la-pedagogia\/#breadcrumb","itemListElement":[{"@type":"ListItem","position":1,"name":"Home","item":"https:\/\/educatespilar.com\/"},{"@type":"ListItem","position":2,"name":"La Pedagog\u00eda"}]},{"@type":"WebSite","@id":"https:\/\/tzs.pgq.temporary.site\/website_c18d3ae6\/#website","url":"https:\/\/tzs.pgq.temporary.site\/website_c18d3ae6\/","name":"EducatesPilar.com","description":"","potentialAction":[{"@type":"SearchAction","target":{"@type":"EntryPoint","urlTemplate":"https:\/\/tzs.pgq.temporary.site\/website_c18d3ae6\/?s={search_term_string}"},"query-input":{"@type":"PropertyValueSpecification","valueRequired":true,"valueName":"search_term_string"}}],"inLanguage":"es-AR"},{"@type":"Person","@id":"https:\/\/tzs.pgq.temporary.site\/website_c18d3ae6\/#\/schema\/person\/655446504db2a404e6921d90ab7c0a0f","name":"educates","image":{"@type":"ImageObject","inLanguage":"es-AR","@id":"https:\/\/secure.gravatar.com\/avatar\/f1e844324149cf607705bdc3821ac52f5613382cc275e3a009bc73539c52a819?s=96&d=mm&r=g","url":"https:\/\/secure.gravatar.com\/avatar\/f1e844324149cf607705bdc3821ac52f5613382cc275e3a009bc73539c52a819?s=96&d=mm&r=g","contentUrl":"https:\/\/secure.gravatar.com\/avatar\/f1e844324149cf607705bdc3821ac52f5613382cc275e3a009bc73539c52a819?s=96&d=mm&r=g","caption":"educates"},"url":"https:\/\/educatespilar.com\/es\/author\/educates\/"}]}},"jetpack_featured_media_url":"https:\/\/i0.wp.com\/educatespilar.com\/wp-content\/uploads\/2025\/10\/defocused-child-tutor-home-scaled.jpg?fit=2560%2C1703&ssl=1","jetpack_sharing_enabled":true,"_links":{"self":[{"href":"https:\/\/educatespilar.com\/es\/wp-json\/wp\/v2\/posts\/119","targetHints":{"allow":["GET"]}}],"collection":[{"href":"https:\/\/educatespilar.com\/es\/wp-json\/wp\/v2\/posts"}],"about":[{"href":"https:\/\/educatespilar.com\/es\/wp-json\/wp\/v2\/types\/post"}],"author":[{"embeddable":true,"href":"https:\/\/educatespilar.com\/es\/wp-json\/wp\/v2\/users\/2"}],"replies":[{"embeddable":true,"href":"https:\/\/educatespilar.com\/es\/wp-json\/wp\/v2\/comments?post=119"}],"version-history":[{"count":1,"href":"https:\/\/educatespilar.com\/es\/wp-json\/wp\/v2\/posts\/119\/revisions"}],"predecessor-version":[{"id":122,"href":"https:\/\/educatespilar.com\/es\/wp-json\/wp\/v2\/posts\/119\/revisions\/122"}],"wp:featuredmedia":[{"embeddable":true,"href":"https:\/\/educatespilar.com\/es\/wp-json\/wp\/v2\/media\/121"}],"wp:attachment":[{"href":"https:\/\/educatespilar.com\/es\/wp-json\/wp\/v2\/media?parent=119"}],"wp:term":[{"taxonomy":"category","embeddable":true,"href":"https:\/\/educatespilar.com\/es\/wp-json\/wp\/v2\/categories?post=119"},{"taxonomy":"post_tag","embeddable":true,"href":"https:\/\/educatespilar.com\/es\/wp-json\/wp\/v2\/tags?post=119"}],"curies":[{"name":"wp","href":"https:\/\/api.w.org\/{rel}","templated":true}]}}