{"id":116,"date":"2025-09-24T18:32:54","date_gmt":"2025-09-24T18:32:54","guid":{"rendered":"https:\/\/educatespilar.com\/?p=116"},"modified":"2025-11-04T17:58:31","modified_gmt":"2025-11-04T17:58:31","slug":"amplitud-del-concepto-de-educacion","status":"publish","type":"post","link":"https:\/\/educatespilar.com\/es\/amplitud-del-concepto-de-educacion\/","title":{"rendered":"Amplitud del Concepto de Educaci\u00f3n"},"content":{"rendered":"<p><img data-recalc-dims=\"1\" decoding=\"async\" loading=\"lazy\" class=\"alignnone size-medium wp-image-117\" src=\"https:\/\/i0.wp.com\/educatespilar.com\/wp-content\/uploads\/2025\/10\/public-examination-preparation-concept.jpg?resize=300%2C200&#038;ssl=1\" alt=\"\" width=\"300\" height=\"200\" srcset=\"https:\/\/i0.wp.com\/educatespilar.com\/wp-content\/uploads\/2025\/10\/public-examination-preparation-concept-scaled.jpg?resize=300%2C200&amp;ssl=1 300w, https:\/\/i0.wp.com\/educatespilar.com\/wp-content\/uploads\/2025\/10\/public-examination-preparation-concept-scaled.jpg?resize=1024%2C684&amp;ssl=1 1024w, https:\/\/i0.wp.com\/educatespilar.com\/wp-content\/uploads\/2025\/10\/public-examination-preparation-concept-scaled.jpg?resize=768%2C513&amp;ssl=1 768w, https:\/\/i0.wp.com\/educatespilar.com\/wp-content\/uploads\/2025\/10\/public-examination-preparation-concept-scaled.jpg?resize=1536%2C1025&amp;ssl=1 1536w, https:\/\/i0.wp.com\/educatespilar.com\/wp-content\/uploads\/2025\/10\/public-examination-preparation-concept-scaled.jpg?resize=2048%2C1367&amp;ssl=1 2048w, https:\/\/i0.wp.com\/educatespilar.com\/wp-content\/uploads\/2025\/10\/public-examination-preparation-concept-scaled.jpg?resize=18%2C12&amp;ssl=1 18w\" sizes=\"auto, (max-width: 300px) 100vw, 300px\" \/><\/p>\n<p><span style=\"font-weight: 400;\">Cuando se habla de educaci\u00f3n es frecuente pensar en una acci\u00f3n que, desarrollada en ciertos momentos de la vida, sigue procedimientos predeterminados y se desenvuelve en el seno de instituciones que han sido creadas con la espec\u00edfica misi\u00f3n de educar. Es decir, se piensa en la educaci\u00f3n s\u00f3lo como en una actividad que, con medios y procedimientos perfectamente establecidos, se ejerce en forma consciente e intencionada durante limitados per\u00edodos de la existencia del ser humano.<\/span><\/p>\n<p><span style=\"font-weight: 400;\">Dicha manera de concebir la educaci\u00f3n, que no es completa, ha sido superada por la pedagog\u00eda contempor\u00e1nea. En nuestra \u00e9poca se reconoce que, adem\u00e1s de esta acci\u00f3n intencionada, la educaci\u00f3n es tambi\u00e9n un proceso que de modo inconsciente, natural y espont\u00e1neo se desarrolla durante toda la vida desde el nacimiento hasta la muerte, como consecuencia de las m\u00faltiples influencias que surgen de la vida en comunidad.<\/span><\/p>\n<p><span style=\"font-weight: 400;\">En efecto, el hombre no es un individuo independiente, que vive solo en el mundo. Natural y necesariamente vive en relaci\u00f3n con otros hombres y, por el hecho de vivir en sociedad, \u00e9sta influye sobre \u00e9l. M\u00e1s a\u00fan, la vida social es la que permite que el individuo llegue a ser real y plenamente un hombre, porque \u00fanicamente es posible alcanzar la dignidad humana cuando la esencia individual se completa con la asimilaci\u00f3n y elaboraci\u00f3n de los productos culturales, que son los elementos formativos de la personalidad.<\/span><\/p>\n<p><span style=\"font-weight: 400;\">Por consiguiente, la educaci\u00f3n es fruto tanto de influencias espont\u00e1neas e inconscientes como, as\u00ed tambi\u00e9n, de influencias directas y voluntarias<\/span> <span style=\"font-weight: 400;\">1que se ejercen sobre el hombre. Estas influencias surgen de las diversas comunidades que rodean al ser humano, lo estimulan y, a veces, lo limitan durante toda la existencia. Como destacara Louis Dugas, el hombre se forma por la acci\u00f3n que sobre \u00e9l ejercen las instituciones escolares y lo que se da en llamar \u201cla escuela de la vida\u201d, que es la mejor de todas las escuelas.<\/span><\/p>\n<p><span style=\"font-weight: 400;\">Es as\u00ed como la educaci\u00f3n, adem\u00e1s de ser una realidad viva, se concreta en una acci\u00f3n sistematizada que refuerza algunas influencias y elimina o disminuye otras, con el prop\u00f3sito de permitir que el hombre pueda emanciparse de las fuerzas de su naturaleza biol\u00f3gica y llegue a adquirir modos permanentes de pensar, de sentir y de obrar que le permitan vivir en el plano espiritual, superior al meramente biol\u00f3gico. Por eso la educaci\u00f3n, entendida en su1 amplio y exacto sentido, como proceso de humanizaci\u00f3n del hombre, es un fen\u00f3meno de la vida misma: vivir es educarse y educarse es vivir.<\/span><\/p>\n<p><span style=\"font-weight: 400;\">En los pueblos primitivos, en los que no exist\u00eda clara intenci\u00f3n formativa, la educaci\u00f3n era resultado exclusivo de la acci\u00f3n espont\u00e1nea ejercida por todo lo que rodeaba al hombre y, particularmente, por los adultos sobre los ni\u00f1os y los j\u00f3venes y tend\u00eda, de manera esencial, a satisfacer las necesidades inmediatas de la vida. Esta acci\u00f3n, que carec\u00eda de objetivos precisamente determinados y de medios de acci\u00f3n definidos, formaba al hombre envolvi\u00e9ndolo y presion\u00e1ndolo con las acciones y reacciones de la rudimentaria vida social. Por eso su acci\u00f3n era lenta y, a menudo, imperfecta. En nuestras sociedades civilizadas se contin\u00faa ejerciendo esta acci\u00f3n espont\u00e1nea, ya que el hombre, desde el instante de su nacimiento, es influido por la presi\u00f3n de los agentes naturales, las situaciones sociales y las diferentes estructuraciones culturales. Pero esta educaci\u00f3n que no es m\u00e1s que el resultado del diario compartir de experiencias es completada por la acci\u00f3n voluntaria e intencional que se ejerce sobre las nuevas generaciones.<\/span><\/p>\n","protected":false},"excerpt":{"rendered":"<p>Cuando se habla de educaci\u00f3n es frecuente pensar en una acci\u00f3n que, desarrollada en ciertos momentos de la vida, sigue procedimientos predeterminados y se desenvuelve en el seno de instituciones que han sido creadas con la espec\u00edfica misi\u00f3n de educar. Es decir, se piensa en la educaci\u00f3n s\u00f3lo como en una actividad que, con medios [&hellip;]<\/p>\n","protected":false},"author":2,"featured_media":117,"comment_status":"closed","ping_status":"closed","sticky":false,"template":"","format":"standard","meta":{"nf_dc_page":"","_jetpack_memberships_contains_paid_content":false,"footnotes":""},"categories":[9],"tags":[60],"class_list":["post-116","post","type-post","status-publish","format-standard","has-post-thumbnail","hentry","category-educacion","tag-amplitud-educativa"],"yoast_head":"<!-- This site is optimized with the Yoast SEO plugin v27.4 - https:\/\/yoast.com\/product\/yoast-seo-wordpress\/ -->\n<title>Amplitud del Concepto de Educaci\u00f3n - EducatesPilar.com<\/title>\n<meta name=\"robots\" content=\"index, follow, max-snippet:-1, max-image-preview:large, max-video-preview:-1\" \/>\n<link rel=\"canonical\" href=\"https:\/\/educatespilar.com\/es\/amplitud-del-concepto-de-educacion\/\" \/>\n<meta property=\"og:locale\" content=\"es_ES\" \/>\n<meta property=\"og:type\" content=\"article\" \/>\n<meta property=\"og:title\" content=\"Amplitud del Concepto de Educaci\u00f3n - EducatesPilar.com\" \/>\n<meta property=\"og:description\" content=\"Cuando se habla de educaci\u00f3n es frecuente pensar en una acci\u00f3n que, desarrollada en ciertos momentos de la vida, sigue procedimientos predeterminados y se desenvuelve en el seno de instituciones que han sido creadas con la espec\u00edfica misi\u00f3n de educar. Es decir, se piensa en la educaci\u00f3n s\u00f3lo como en una actividad que, con medios [&hellip;]\" \/>\n<meta property=\"og:url\" content=\"https:\/\/educatespilar.com\/es\/amplitud-del-concepto-de-educacion\/\" \/>\n<meta property=\"og:site_name\" content=\"EducatesPilar.com\" \/>\n<meta property=\"article:published_time\" content=\"2025-09-24T18:32:54+00:00\" \/>\n<meta property=\"article:modified_time\" content=\"2025-11-04T17:58:31+00:00\" \/>\n<meta property=\"og:image\" content=\"https:\/\/educatespilar.com\/wp-content\/uploads\/2025\/10\/public-examination-preparation-concept-scaled.jpg\" \/>\n\t<meta property=\"og:image:width\" content=\"2560\" \/>\n\t<meta property=\"og:image:height\" content=\"1709\" \/>\n\t<meta property=\"og:image:type\" content=\"image\/jpeg\" \/>\n<meta name=\"author\" content=\"educates\" \/>\n<meta name=\"twitter:card\" content=\"summary_large_image\" \/>\n<meta name=\"twitter:label1\" content=\"Escrito por\" \/>\n\t<meta name=\"twitter:data1\" content=\"educates\" \/>\n\t<meta name=\"twitter:label2\" content=\"Tiempo de lectura\" \/>\n\t<meta name=\"twitter:data2\" content=\"3 minutos\" \/>\n<script type=\"application\/ld+json\" class=\"yoast-schema-graph\">{\"@context\":\"https:\\\/\\\/schema.org\",\"@graph\":[{\"@type\":\"Article\",\"@id\":\"https:\\\/\\\/educatespilar.com\\\/amplitud-del-concepto-de-educacion\\\/#article\",\"isPartOf\":{\"@id\":\"https:\\\/\\\/educatespilar.com\\\/amplitud-del-concepto-de-educacion\\\/\"},\"author\":{\"name\":\"educates\",\"@id\":\"https:\\\/\\\/tzs.pgq.temporary.site\\\/website_c18d3ae6\\\/#\\\/schema\\\/person\\\/655446504db2a404e6921d90ab7c0a0f\"},\"headline\":\"Amplitud del Concepto de Educaci\u00f3n\",\"datePublished\":\"2025-09-24T18:32:54+00:00\",\"dateModified\":\"2025-11-04T17:58:31+00:00\",\"mainEntityOfPage\":{\"@id\":\"https:\\\/\\\/educatespilar.com\\\/amplitud-del-concepto-de-educacion\\\/\"},\"wordCount\":635,\"image\":{\"@id\":\"https:\\\/\\\/educatespilar.com\\\/amplitud-del-concepto-de-educacion\\\/#primaryimage\"},\"thumbnailUrl\":\"https:\\\/\\\/i0.wp.com\\\/educatespilar.com\\\/wp-content\\\/uploads\\\/2025\\\/10\\\/public-examination-preparation-concept-scaled.jpg?fit=2560%2C1709&ssl=1\",\"keywords\":[\"amplitud educativa\"],\"articleSection\":[\"Educaci\u00f3n\"],\"inLanguage\":\"es-AR\"},{\"@type\":\"WebPage\",\"@id\":\"https:\\\/\\\/educatespilar.com\\\/amplitud-del-concepto-de-educacion\\\/\",\"url\":\"https:\\\/\\\/educatespilar.com\\\/amplitud-del-concepto-de-educacion\\\/\",\"name\":\"Amplitud del Concepto de Educaci\u00f3n - EducatesPilar.com\",\"isPartOf\":{\"@id\":\"https:\\\/\\\/tzs.pgq.temporary.site\\\/website_c18d3ae6\\\/#website\"},\"primaryImageOfPage\":{\"@id\":\"https:\\\/\\\/educatespilar.com\\\/amplitud-del-concepto-de-educacion\\\/#primaryimage\"},\"image\":{\"@id\":\"https:\\\/\\\/educatespilar.com\\\/amplitud-del-concepto-de-educacion\\\/#primaryimage\"},\"thumbnailUrl\":\"https:\\\/\\\/i0.wp.com\\\/educatespilar.com\\\/wp-content\\\/uploads\\\/2025\\\/10\\\/public-examination-preparation-concept-scaled.jpg?fit=2560%2C1709&ssl=1\",\"datePublished\":\"2025-09-24T18:32:54+00:00\",\"dateModified\":\"2025-11-04T17:58:31+00:00\",\"author\":{\"@id\":\"https:\\\/\\\/tzs.pgq.temporary.site\\\/website_c18d3ae6\\\/#\\\/schema\\\/person\\\/655446504db2a404e6921d90ab7c0a0f\"},\"breadcrumb\":{\"@id\":\"https:\\\/\\\/educatespilar.com\\\/amplitud-del-concepto-de-educacion\\\/#breadcrumb\"},\"inLanguage\":\"es-AR\",\"potentialAction\":[{\"@type\":\"ReadAction\",\"target\":[\"https:\\\/\\\/educatespilar.com\\\/amplitud-del-concepto-de-educacion\\\/\"]}]},{\"@type\":\"ImageObject\",\"inLanguage\":\"es-AR\",\"@id\":\"https:\\\/\\\/educatespilar.com\\\/amplitud-del-concepto-de-educacion\\\/#primaryimage\",\"url\":\"https:\\\/\\\/i0.wp.com\\\/educatespilar.com\\\/wp-content\\\/uploads\\\/2025\\\/10\\\/public-examination-preparation-concept-scaled.jpg?fit=2560%2C1709&ssl=1\",\"contentUrl\":\"https:\\\/\\\/i0.wp.com\\\/educatespilar.com\\\/wp-content\\\/uploads\\\/2025\\\/10\\\/public-examination-preparation-concept-scaled.jpg?fit=2560%2C1709&ssl=1\",\"width\":2560,\"height\":1709,\"caption\":\"Libro con marcadores de colores, s\u00edmbolo de planificaci\u00f3n, estudio intensivo y organizaci\u00f3n en procesos de aprendizaje o investigaci\u00f3n.\"},{\"@type\":\"BreadcrumbList\",\"@id\":\"https:\\\/\\\/educatespilar.com\\\/amplitud-del-concepto-de-educacion\\\/#breadcrumb\",\"itemListElement\":[{\"@type\":\"ListItem\",\"position\":1,\"name\":\"Home\",\"item\":\"https:\\\/\\\/educatespilar.com\\\/\"},{\"@type\":\"ListItem\",\"position\":2,\"name\":\"Amplitud del Concepto de Educaci\u00f3n\"}]},{\"@type\":\"WebSite\",\"@id\":\"https:\\\/\\\/tzs.pgq.temporary.site\\\/website_c18d3ae6\\\/#website\",\"url\":\"https:\\\/\\\/tzs.pgq.temporary.site\\\/website_c18d3ae6\\\/\",\"name\":\"EducatesPilar.com\",\"description\":\"\",\"potentialAction\":[{\"@type\":\"SearchAction\",\"target\":{\"@type\":\"EntryPoint\",\"urlTemplate\":\"https:\\\/\\\/tzs.pgq.temporary.site\\\/website_c18d3ae6\\\/?s={search_term_string}\"},\"query-input\":{\"@type\":\"PropertyValueSpecification\",\"valueRequired\":true,\"valueName\":\"search_term_string\"}}],\"inLanguage\":\"es-AR\"},{\"@type\":\"Person\",\"@id\":\"https:\\\/\\\/tzs.pgq.temporary.site\\\/website_c18d3ae6\\\/#\\\/schema\\\/person\\\/655446504db2a404e6921d90ab7c0a0f\",\"name\":\"educates\",\"image\":{\"@type\":\"ImageObject\",\"inLanguage\":\"es-AR\",\"@id\":\"https:\\\/\\\/secure.gravatar.com\\\/avatar\\\/f1e844324149cf607705bdc3821ac52f5613382cc275e3a009bc73539c52a819?s=96&d=mm&r=g\",\"url\":\"https:\\\/\\\/secure.gravatar.com\\\/avatar\\\/f1e844324149cf607705bdc3821ac52f5613382cc275e3a009bc73539c52a819?s=96&d=mm&r=g\",\"contentUrl\":\"https:\\\/\\\/secure.gravatar.com\\\/avatar\\\/f1e844324149cf607705bdc3821ac52f5613382cc275e3a009bc73539c52a819?s=96&d=mm&r=g\",\"caption\":\"educates\"},\"url\":\"https:\\\/\\\/educatespilar.com\\\/es\\\/author\\\/educates\\\/\"}]}<\/script>\n<!-- \/ Yoast SEO plugin. -->","yoast_head_json":{"title":"Amplitud del Concepto de Educaci\u00f3n - EducatesPilar.com","robots":{"index":"index","follow":"follow","max-snippet":"max-snippet:-1","max-image-preview":"max-image-preview:large","max-video-preview":"max-video-preview:-1"},"canonical":"https:\/\/educatespilar.com\/es\/amplitud-del-concepto-de-educacion\/","og_locale":"es_ES","og_type":"article","og_title":"Amplitud del Concepto de Educaci\u00f3n - EducatesPilar.com","og_description":"Cuando se habla de educaci\u00f3n es frecuente pensar en una acci\u00f3n que, desarrollada en ciertos momentos de la vida, sigue procedimientos predeterminados y se desenvuelve en el seno de instituciones que han sido creadas con la espec\u00edfica misi\u00f3n de educar. Es decir, se piensa en la educaci\u00f3n s\u00f3lo como en una actividad que, con medios [&hellip;]","og_url":"https:\/\/educatespilar.com\/es\/amplitud-del-concepto-de-educacion\/","og_site_name":"EducatesPilar.com","article_published_time":"2025-09-24T18:32:54+00:00","article_modified_time":"2025-11-04T17:58:31+00:00","og_image":[{"width":2560,"height":1709,"url":"https:\/\/educatespilar.com\/wp-content\/uploads\/2025\/10\/public-examination-preparation-concept-scaled.jpg","type":"image\/jpeg"}],"author":"educates","twitter_card":"summary_large_image","twitter_misc":{"Escrito por":"educates","Tiempo de lectura":"3 minutos"},"schema":{"@context":"https:\/\/schema.org","@graph":[{"@type":"Article","@id":"https:\/\/educatespilar.com\/amplitud-del-concepto-de-educacion\/#article","isPartOf":{"@id":"https:\/\/educatespilar.com\/amplitud-del-concepto-de-educacion\/"},"author":{"name":"educates","@id":"https:\/\/tzs.pgq.temporary.site\/website_c18d3ae6\/#\/schema\/person\/655446504db2a404e6921d90ab7c0a0f"},"headline":"Amplitud del Concepto de Educaci\u00f3n","datePublished":"2025-09-24T18:32:54+00:00","dateModified":"2025-11-04T17:58:31+00:00","mainEntityOfPage":{"@id":"https:\/\/educatespilar.com\/amplitud-del-concepto-de-educacion\/"},"wordCount":635,"image":{"@id":"https:\/\/educatespilar.com\/amplitud-del-concepto-de-educacion\/#primaryimage"},"thumbnailUrl":"https:\/\/i0.wp.com\/educatespilar.com\/wp-content\/uploads\/2025\/10\/public-examination-preparation-concept-scaled.jpg?fit=2560%2C1709&ssl=1","keywords":["amplitud educativa"],"articleSection":["Educaci\u00f3n"],"inLanguage":"es-AR"},{"@type":"WebPage","@id":"https:\/\/educatespilar.com\/amplitud-del-concepto-de-educacion\/","url":"https:\/\/educatespilar.com\/amplitud-del-concepto-de-educacion\/","name":"Amplitud del Concepto de Educaci\u00f3n - EducatesPilar.com","isPartOf":{"@id":"https:\/\/tzs.pgq.temporary.site\/website_c18d3ae6\/#website"},"primaryImageOfPage":{"@id":"https:\/\/educatespilar.com\/amplitud-del-concepto-de-educacion\/#primaryimage"},"image":{"@id":"https:\/\/educatespilar.com\/amplitud-del-concepto-de-educacion\/#primaryimage"},"thumbnailUrl":"https:\/\/i0.wp.com\/educatespilar.com\/wp-content\/uploads\/2025\/10\/public-examination-preparation-concept-scaled.jpg?fit=2560%2C1709&ssl=1","datePublished":"2025-09-24T18:32:54+00:00","dateModified":"2025-11-04T17:58:31+00:00","author":{"@id":"https:\/\/tzs.pgq.temporary.site\/website_c18d3ae6\/#\/schema\/person\/655446504db2a404e6921d90ab7c0a0f"},"breadcrumb":{"@id":"https:\/\/educatespilar.com\/amplitud-del-concepto-de-educacion\/#breadcrumb"},"inLanguage":"es-AR","potentialAction":[{"@type":"ReadAction","target":["https:\/\/educatespilar.com\/amplitud-del-concepto-de-educacion\/"]}]},{"@type":"ImageObject","inLanguage":"es-AR","@id":"https:\/\/educatespilar.com\/amplitud-del-concepto-de-educacion\/#primaryimage","url":"https:\/\/i0.wp.com\/educatespilar.com\/wp-content\/uploads\/2025\/10\/public-examination-preparation-concept-scaled.jpg?fit=2560%2C1709&ssl=1","contentUrl":"https:\/\/i0.wp.com\/educatespilar.com\/wp-content\/uploads\/2025\/10\/public-examination-preparation-concept-scaled.jpg?fit=2560%2C1709&ssl=1","width":2560,"height":1709,"caption":"Libro con marcadores de colores, s\u00edmbolo de planificaci\u00f3n, estudio intensivo y organizaci\u00f3n en procesos de aprendizaje o investigaci\u00f3n."},{"@type":"BreadcrumbList","@id":"https:\/\/educatespilar.com\/amplitud-del-concepto-de-educacion\/#breadcrumb","itemListElement":[{"@type":"ListItem","position":1,"name":"Home","item":"https:\/\/educatespilar.com\/"},{"@type":"ListItem","position":2,"name":"Amplitud del Concepto de Educaci\u00f3n"}]},{"@type":"WebSite","@id":"https:\/\/tzs.pgq.temporary.site\/website_c18d3ae6\/#website","url":"https:\/\/tzs.pgq.temporary.site\/website_c18d3ae6\/","name":"EducatesPilar.com","description":"","potentialAction":[{"@type":"SearchAction","target":{"@type":"EntryPoint","urlTemplate":"https:\/\/tzs.pgq.temporary.site\/website_c18d3ae6\/?s={search_term_string}"},"query-input":{"@type":"PropertyValueSpecification","valueRequired":true,"valueName":"search_term_string"}}],"inLanguage":"es-AR"},{"@type":"Person","@id":"https:\/\/tzs.pgq.temporary.site\/website_c18d3ae6\/#\/schema\/person\/655446504db2a404e6921d90ab7c0a0f","name":"educates","image":{"@type":"ImageObject","inLanguage":"es-AR","@id":"https:\/\/secure.gravatar.com\/avatar\/f1e844324149cf607705bdc3821ac52f5613382cc275e3a009bc73539c52a819?s=96&d=mm&r=g","url":"https:\/\/secure.gravatar.com\/avatar\/f1e844324149cf607705bdc3821ac52f5613382cc275e3a009bc73539c52a819?s=96&d=mm&r=g","contentUrl":"https:\/\/secure.gravatar.com\/avatar\/f1e844324149cf607705bdc3821ac52f5613382cc275e3a009bc73539c52a819?s=96&d=mm&r=g","caption":"educates"},"url":"https:\/\/educatespilar.com\/es\/author\/educates\/"}]}},"jetpack_featured_media_url":"https:\/\/i0.wp.com\/educatespilar.com\/wp-content\/uploads\/2025\/10\/public-examination-preparation-concept-scaled.jpg?fit=2560%2C1709&ssl=1","jetpack_sharing_enabled":true,"_links":{"self":[{"href":"https:\/\/educatespilar.com\/es\/wp-json\/wp\/v2\/posts\/116","targetHints":{"allow":["GET"]}}],"collection":[{"href":"https:\/\/educatespilar.com\/es\/wp-json\/wp\/v2\/posts"}],"about":[{"href":"https:\/\/educatespilar.com\/es\/wp-json\/wp\/v2\/types\/post"}],"author":[{"embeddable":true,"href":"https:\/\/educatespilar.com\/es\/wp-json\/wp\/v2\/users\/2"}],"replies":[{"embeddable":true,"href":"https:\/\/educatespilar.com\/es\/wp-json\/wp\/v2\/comments?post=116"}],"version-history":[{"count":1,"href":"https:\/\/educatespilar.com\/es\/wp-json\/wp\/v2\/posts\/116\/revisions"}],"predecessor-version":[{"id":118,"href":"https:\/\/educatespilar.com\/es\/wp-json\/wp\/v2\/posts\/116\/revisions\/118"}],"wp:featuredmedia":[{"embeddable":true,"href":"https:\/\/educatespilar.com\/es\/wp-json\/wp\/v2\/media\/117"}],"wp:attachment":[{"href":"https:\/\/educatespilar.com\/es\/wp-json\/wp\/v2\/media?parent=116"}],"wp:term":[{"taxonomy":"category","embeddable":true,"href":"https:\/\/educatespilar.com\/es\/wp-json\/wp\/v2\/categories?post=116"},{"taxonomy":"post_tag","embeddable":true,"href":"https:\/\/educatespilar.com\/es\/wp-json\/wp\/v2\/tags?post=116"}],"curies":[{"name":"wp","href":"https:\/\/api.w.org\/{rel}","templated":true}]}}