{"id":107,"date":"2025-09-22T12:36:50","date_gmt":"2025-09-22T12:36:50","guid":{"rendered":"https:\/\/educatespilar.com\/?p=107"},"modified":"2025-11-04T17:58:05","modified_gmt":"2025-11-04T17:58:05","slug":"formacion-tecnica-una-herramienta-para-combatir-desigualdades","status":"publish","type":"post","link":"https:\/\/educatespilar.com\/es\/formacion-tecnica-una-herramienta-para-combatir-desigualdades\/","title":{"rendered":"Formaci\u00f3n t\u00e9cnica: una herramienta para combatir desigualdades"},"content":{"rendered":"<p><span style=\"font-weight: 400;\">Entre los distintos tipos de educaci\u00f3n, la t\u00e9cnica ocupa un gran lugar contando con un programa curricular puntual para los alumnos con una visi\u00f3n particular.<\/span><\/p>\n<p><img data-recalc-dims=\"1\" decoding=\"async\" loading=\"lazy\" class=\"alignnone size-medium wp-image-109\" src=\"https:\/\/i0.wp.com\/educatespilar.com\/wp-content\/uploads\/2025\/10\/woman-showing-schedule-coworker.jpg?resize=300%2C200&#038;ssl=1\" alt=\"\" width=\"300\" height=\"200\" srcset=\"https:\/\/i0.wp.com\/educatespilar.com\/wp-content\/uploads\/2025\/10\/woman-showing-schedule-coworker-scaled.jpg?resize=300%2C200&amp;ssl=1 300w, https:\/\/i0.wp.com\/educatespilar.com\/wp-content\/uploads\/2025\/10\/woman-showing-schedule-coworker-scaled.jpg?resize=1024%2C683&amp;ssl=1 1024w, https:\/\/i0.wp.com\/educatespilar.com\/wp-content\/uploads\/2025\/10\/woman-showing-schedule-coworker-scaled.jpg?resize=768%2C512&amp;ssl=1 768w, https:\/\/i0.wp.com\/educatespilar.com\/wp-content\/uploads\/2025\/10\/woman-showing-schedule-coworker-scaled.jpg?resize=1536%2C1024&amp;ssl=1 1536w, https:\/\/i0.wp.com\/educatespilar.com\/wp-content\/uploads\/2025\/10\/woman-showing-schedule-coworker-scaled.jpg?resize=2048%2C1365&amp;ssl=1 2048w, https:\/\/i0.wp.com\/educatespilar.com\/wp-content\/uploads\/2025\/10\/woman-showing-schedule-coworker-scaled.jpg?resize=18%2C12&amp;ssl=1 18w\" sizes=\"auto, (max-width: 300px) 100vw, 300px\" \/><\/p>\n<p><span style=\"font-weight: 400;\">En los \u00faltimos a\u00f1os, la <\/span><b>formaci\u00f3n t\u00e9cnica<\/b><span style=\"font-weight: 400;\"> tom\u00f3 mayor relevancia al ganar terreno como una de las estrategias fundamentales en la educaci\u00f3n, para enfrentar las desigualdades estructurales, que dificultan el desarrollo equitativo en la sociedad.<\/span><\/p>\n<p><span style=\"font-weight: 400;\">Pero este tipo de<\/span><b> educaci\u00f3n<\/b><span style=\"font-weight: 400;\"> va m\u00e1s all\u00e1 de adquirir habilidades pr\u00e1cticas para el mercado laboral, que tiene una gran importancia, pero tambi\u00e9n cumple un rol crucial en la inclusi\u00f3n social, la movilidad econ\u00f3mica y el empoderamiento de comunidades marginadas.<\/span><\/p>\n<h2><b>\u00bfQu\u00e9 es la formaci\u00f3n t\u00e9cnica y por qu\u00e9 importa?<\/b><\/h2>\n<p><span style=\"font-weight: 400;\">La <\/span><b>formaci\u00f3n t\u00e9cnica, <\/b><span style=\"font-weight: 400;\">tambi\u00e9n llamada educaci\u00f3n t\u00e9cnico-profesional (ETP), se distigue de la curricula considerada tradicional. Esta educaci\u00f3n tiene programas educativos que est\u00e1n orientados a darle a los estudiantes conocimientos espec\u00edficos en \u00e1reas como mec\u00e1nica, electricidad, tecnolog\u00eda, salud, agricultura, gastronom\u00eda, entre muchas otras.<\/span><\/p>\n<p><span style=\"font-weight: 400;\">Estos programas pueden ser para<\/span><b> nivel secundario o postsecundario <\/b><span style=\"font-weight: 400;\">y est\u00e1n relacionados directamente con las demandas del mercado laboral.<\/span><\/p>\n<p><span style=\"font-weight: 400;\">A diferencia de la <\/span><b>educaci\u00f3n tradicional<\/b><span style=\"font-weight: 400;\">, que tiene un desarrollo te\u00f3rico y acad\u00e9mico, la educaci\u00f3n t\u00e9cnica est\u00e1 dise\u00f1ada para una inserci\u00f3n laboral m\u00e1s r\u00e1pida, teniendo un enfoque en el que se le da prioridad a los conocimientos pr\u00e1cticos.<\/span><\/p>\n<p><span style=\"font-weight: 400;\">Este enfoque da lugar a que los estudiantes adquieran habilidades puntuales, al trabajar con <\/span><b>tecnolog\u00edas, herramientas y procesos <\/b><span style=\"font-weight: 400;\">reales que se utilizan en industrias y servicios.<\/span><\/p>\n<p><span style=\"font-weight: 400;\">Mientras la <\/span><b>educaci\u00f3n tradicional<\/b><span style=\"font-weight: 400;\"> pueden privilegiar el conocimiento abstracto y general, la formaci\u00f3n t\u00e9cnica se centra en la resoluci\u00f3n de problemas concretos, la eficiencia operativa y la aplicaci\u00f3n directa de competencias.<\/span><\/p>\n<p><span style=\"font-weight: 400;\">Sin embargo, esta diferenciaci\u00f3n no indica\u00a0 que una sea mejor que otra, sino que ambas cumplen roles<\/span><b> complementarios <\/b><span style=\"font-weight: 400;\">dentro de un sistema educativo integral.<\/span><\/p>\n<p><span style=\"font-weight: 400;\">Pero su valor va m\u00e1s all\u00e1 del ser una herramienta para conseguir trabajo, sino que en territorios\u00a0 donde el acceso a educaci\u00f3n superior universitaria es un<\/span><b> privilegio<\/b><span style=\"font-weight: 400;\"> para muchos, la formaci\u00f3n t\u00e9cnica es una alternativa realista y transformadora.<\/span><\/p>\n<p><span style=\"font-weight: 400;\">Estos <\/span><b>conocimientos<\/b><span style=\"font-weight: 400;\"> colocan a los j\u00f3venes y adultos en un nuevo lugar, d\u00e1ndole un acceso de m\u00e1s rapidez al mundo laboral, contando con herramientas concretas, disminuyendo el desempleo juvenil y fortaleciendo econom\u00edas locales.<\/span><\/p>\n<p><span style=\"font-weight: 400;\">Seg\u00fan la Organizaci\u00f3n de las Naciones Unidas para la Educaci\u00f3n, la Ciencia y la Cultura (UNESCO), la educaci\u00f3n t\u00e9cnica y profesional tiene un papel clave en el desarrollo de <\/span><b>competencias laborales, la promoci\u00f3n del emprendimiento y la mejora de la productividad.\u00a0<\/b><\/p>\n<p><span style=\"font-weight: 400;\">En Am\u00e9rica Latina este tipo de educaci\u00f3n est\u00e1 ganando protagonismo como pol\u00edtica p\u00fablica, teniendo en cuenta que tiene altas las tasas de <\/span><b>abandono escolar y el desempleo juvenil.\u00a0 <\/b><span style=\"font-weight: 400;\">Adem\u00e1s, en muchos pa\u00edses, los ingresos de los t\u00e9cnicos especializados superan incluso a los de algunos profesionales universitarios.<\/span><\/p>\n<p><span style=\"font-weight: 400;\">Por otra parte, en zonas rurales o marginadas, la formaci\u00f3n t\u00e9cnica tiene gran relevancia ya que se trata de una herramienta que<\/span><b> fortalece los v\u00ednculos<\/b><span style=\"font-weight: 400;\"> entre el sistema educativo y las necesidades productivas del entorno. Programas agr\u00edcolas, forestales o de energ\u00edas renovables dise\u00f1ados para zonas espec\u00edficas demostraron un gran \u00e9xito, tanto en el desarrollo sostenible como para conseguir empleo.<\/span><\/p>\n<p><span style=\"font-weight: 400;\">A las pruebas hay que remitirse. En Chile, el programa Liceos Bicentenario de Excelencia T\u00e9cnico-Profesional logr\u00f3 insertar a cientos de <\/span><b>j\u00f3venes en sectores <\/b><span style=\"font-weight: 400;\">como la agroindustria, la acuicultura y la automatizaci\u00f3n, reduciendo la deserci\u00f3n escolar en zonas de alta vulnerabilidad.\u00a0<\/span><\/p>\n<p><span style=\"font-weight: 400;\">Brasil con el programa Escolas T\u00e9cnicas Estaduais logr\u00f3 transformar comunidades rurales dando capacitaciones a <\/span><b>j\u00f3venes en tecnolog\u00eda y emprendimiento. <\/b><span style=\"font-weight: 400;\">El trabajo en conjunto\u00a0 con universidades y centros de innovaci\u00f3n permiti\u00f3 que los j\u00f3venes accedan a trabajos calificados, y que muchos de ellos puedan comenzar sus propios proyectos.<\/span><\/p>\n<p><span style=\"font-weight: 400;\">Pero no todo es positivo, porque la <\/span><b>educaci\u00f3n t\u00e9cnica<\/b><span style=\"font-weight: 400;\"> tiene problemas para su ejecuci\u00f3n. Uno de ellos es el estigma social que la posiciona como una \u201csegunda opci\u00f3n\u201d frente a la educaci\u00f3n universitaria. Este prejuicio\u00a0 limita el apoyo institucional y la inversi\u00f3n estatal en infraestructura.\u00a0<\/span><\/p>\n<p><span style=\"font-weight: 400;\">La falta de actualizaci\u00f3n en muchos<\/span><b> programas t\u00e9cnicos <\/b><span style=\"font-weight: 400;\">es otro problema, ya que no responden con agilidad a las transformaciones del mercado laboral atravesados por la digitalizaci\u00f3n, la automatizaci\u00f3n y la transici\u00f3n ecol\u00f3gica.\u00a0<\/span><\/p>\n<p><span style=\"font-weight: 400;\">Para que la<\/span><b> formaci\u00f3n t\u00e9cnica<\/b><span style=\"font-weight: 400;\"> act\u00fae como una gran herramienta contra la desigualdad, debe contar con r\u00e1pidas actualizaciones en relaci\u00f3n con las demandas laborales y sociales.\u00a0<\/span><\/p>\n<p><span style=\"font-weight: 400;\">Otro punto a resolver es la falta de inclusi\u00f3n. Mujeres, miembros de pueblos originarios y personas con discapacidad siguen quedando fuera de programas de formaci\u00f3n t\u00e9cnica, sobre todo en \u00e1reas\u00a0 <\/span><b>&#8220;dominadas&#8221; por hombres,<\/b><span style=\"font-weight: 400;\"> como la mec\u00e1nica, la electr\u00f3nica o la inform\u00e1tica.\u00a0<\/span><\/p>\n<p><span style=\"font-weight: 400;\">Pero lo cierto es que garantizar el acceso a<\/span><b> educaci\u00f3n de calidad <\/b><span style=\"font-weight: 400;\">no es solo construir escuelas o repartir computadoras, sino que se necesita poder reconocer el valor de todas las trayectorias educativas.<\/span><\/p>\n<p><span style=\"font-weight: 400;\">Para combatir la<\/span><b> desigualdad educativa<\/b><span style=\"font-weight: 400;\"> y social se necesita poder ofrecer oportunidades de aprendizaje y empleo para quienes son excluidos constantemente del sistema. Y es ah\u00ed, donde la formaci\u00f3n t\u00e9cnica puede marcar una diferencia concreta, especialmente cuando cuenta con \u00a0 pol\u00edticas de becas, orientaci\u00f3n vocacional, alianzas con el sector productivo y desarrollo profesional continuo.<\/span><\/p>\n<p><span style=\"font-weight: 400;\">La <\/span><b>educaci\u00f3n t\u00e9cnica <\/b><span style=\"font-weight: 400;\">ya es una gran herramienta educativa que cuenta con identidad propia,\u00a0 caracter\u00edstica con la que es capaz de transformar vidas y sociedades, dando respuestas que se necesitan.\u00a0<\/span><\/p>\n<p>&nbsp;<\/p>\n","protected":false},"excerpt":{"rendered":"<p>Entre los distintos tipos de educaci\u00f3n, la t\u00e9cnica ocupa un gran lugar contando con un programa curricular puntual para los alumnos con una visi\u00f3n particular. En los \u00faltimos a\u00f1os, la formaci\u00f3n t\u00e9cnica tom\u00f3 mayor relevancia al ganar terreno como una de las estrategias fundamentales en la educaci\u00f3n, para enfrentar las desigualdades estructurales, que dificultan el [&hellip;]<\/p>\n","protected":false},"author":2,"featured_media":109,"comment_status":"closed","ping_status":"closed","sticky":false,"template":"","format":"standard","meta":{"nf_dc_page":"","_jetpack_memberships_contains_paid_content":false,"footnotes":""},"categories":[9],"tags":[58,59],"class_list":["post-107","post","type-post","status-publish","format-standard","has-post-thumbnail","hentry","category-educacion","tag-formacion-tecnica","tag-igualdad"],"yoast_head":"<!-- This site is optimized with the Yoast SEO plugin v27.4 - https:\/\/yoast.com\/product\/yoast-seo-wordpress\/ -->\n<title>Formaci\u00f3n t\u00e9cnica: una herramienta para combatir desigualdades - EducatesPilar.com<\/title>\n<meta name=\"robots\" content=\"index, follow, max-snippet:-1, max-image-preview:large, max-video-preview:-1\" \/>\n<link rel=\"canonical\" href=\"https:\/\/educatespilar.com\/es\/formacion-tecnica-una-herramienta-para-combatir-desigualdades\/\" \/>\n<meta property=\"og:locale\" content=\"es_ES\" \/>\n<meta property=\"og:type\" content=\"article\" \/>\n<meta property=\"og:title\" content=\"Formaci\u00f3n t\u00e9cnica: una herramienta para combatir desigualdades - EducatesPilar.com\" \/>\n<meta property=\"og:description\" content=\"Entre los distintos tipos de educaci\u00f3n, la t\u00e9cnica ocupa un gran lugar contando con un programa curricular puntual para los alumnos con una visi\u00f3n particular. En los \u00faltimos a\u00f1os, la formaci\u00f3n t\u00e9cnica tom\u00f3 mayor relevancia al ganar terreno como una de las estrategias fundamentales en la educaci\u00f3n, para enfrentar las desigualdades estructurales, que dificultan el [&hellip;]\" \/>\n<meta property=\"og:url\" content=\"https:\/\/educatespilar.com\/es\/formacion-tecnica-una-herramienta-para-combatir-desigualdades\/\" \/>\n<meta property=\"og:site_name\" content=\"EducatesPilar.com\" \/>\n<meta property=\"article:published_time\" content=\"2025-09-22T12:36:50+00:00\" \/>\n<meta property=\"article:modified_time\" content=\"2025-11-04T17:58:05+00:00\" \/>\n<meta property=\"og:image\" content=\"https:\/\/educatespilar.com\/wp-content\/uploads\/2025\/10\/woman-showing-schedule-coworker-scaled.jpg\" \/>\n\t<meta property=\"og:image:width\" content=\"2560\" \/>\n\t<meta property=\"og:image:height\" content=\"1707\" \/>\n\t<meta property=\"og:image:type\" content=\"image\/jpeg\" \/>\n<meta name=\"author\" content=\"educates\" \/>\n<meta name=\"twitter:card\" content=\"summary_large_image\" \/>\n<meta name=\"twitter:label1\" content=\"Escrito por\" \/>\n\t<meta name=\"twitter:data1\" content=\"educates\" \/>\n\t<meta name=\"twitter:label2\" content=\"Tiempo de lectura\" \/>\n\t<meta name=\"twitter:data2\" content=\"5 minutos\" \/>\n<script type=\"application\/ld+json\" class=\"yoast-schema-graph\">{\"@context\":\"https:\\\/\\\/schema.org\",\"@graph\":[{\"@type\":\"Article\",\"@id\":\"https:\\\/\\\/educatespilar.com\\\/formacion-tecnica-una-herramienta-para-combatir-desigualdades\\\/#article\",\"isPartOf\":{\"@id\":\"https:\\\/\\\/educatespilar.com\\\/formacion-tecnica-una-herramienta-para-combatir-desigualdades\\\/\"},\"author\":{\"name\":\"educates\",\"@id\":\"https:\\\/\\\/tzs.pgq.temporary.site\\\/website_c18d3ae6\\\/#\\\/schema\\\/person\\\/655446504db2a404e6921d90ab7c0a0f\"},\"headline\":\"Formaci\u00f3n t\u00e9cnica: una herramienta para combatir desigualdades\",\"datePublished\":\"2025-09-22T12:36:50+00:00\",\"dateModified\":\"2025-11-04T17:58:05+00:00\",\"mainEntityOfPage\":{\"@id\":\"https:\\\/\\\/educatespilar.com\\\/formacion-tecnica-una-herramienta-para-combatir-desigualdades\\\/\"},\"wordCount\":976,\"image\":{\"@id\":\"https:\\\/\\\/educatespilar.com\\\/formacion-tecnica-una-herramienta-para-combatir-desigualdades\\\/#primaryimage\"},\"thumbnailUrl\":\"https:\\\/\\\/i0.wp.com\\\/educatespilar.com\\\/wp-content\\\/uploads\\\/2025\\\/10\\\/woman-showing-schedule-coworker-scaled.jpg?fit=2560%2C1707&ssl=1\",\"keywords\":[\"formacion tecnica\",\"igualdad\"],\"articleSection\":[\"Educaci\u00f3n\"],\"inLanguage\":\"es-AR\"},{\"@type\":\"WebPage\",\"@id\":\"https:\\\/\\\/educatespilar.com\\\/formacion-tecnica-una-herramienta-para-combatir-desigualdades\\\/\",\"url\":\"https:\\\/\\\/educatespilar.com\\\/formacion-tecnica-una-herramienta-para-combatir-desigualdades\\\/\",\"name\":\"Formaci\u00f3n t\u00e9cnica: una herramienta para combatir desigualdades - EducatesPilar.com\",\"isPartOf\":{\"@id\":\"https:\\\/\\\/tzs.pgq.temporary.site\\\/website_c18d3ae6\\\/#website\"},\"primaryImageOfPage\":{\"@id\":\"https:\\\/\\\/educatespilar.com\\\/formacion-tecnica-una-herramienta-para-combatir-desigualdades\\\/#primaryimage\"},\"image\":{\"@id\":\"https:\\\/\\\/educatespilar.com\\\/formacion-tecnica-una-herramienta-para-combatir-desigualdades\\\/#primaryimage\"},\"thumbnailUrl\":\"https:\\\/\\\/i0.wp.com\\\/educatespilar.com\\\/wp-content\\\/uploads\\\/2025\\\/10\\\/woman-showing-schedule-coworker-scaled.jpg?fit=2560%2C1707&ssl=1\",\"datePublished\":\"2025-09-22T12:36:50+00:00\",\"dateModified\":\"2025-11-04T17:58:05+00:00\",\"author\":{\"@id\":\"https:\\\/\\\/tzs.pgq.temporary.site\\\/website_c18d3ae6\\\/#\\\/schema\\\/person\\\/655446504db2a404e6921d90ab7c0a0f\"},\"breadcrumb\":{\"@id\":\"https:\\\/\\\/educatespilar.com\\\/formacion-tecnica-una-herramienta-para-combatir-desigualdades\\\/#breadcrumb\"},\"inLanguage\":\"es-AR\",\"potentialAction\":[{\"@type\":\"ReadAction\",\"target\":[\"https:\\\/\\\/educatespilar.com\\\/formacion-tecnica-una-herramienta-para-combatir-desigualdades\\\/\"]}]},{\"@type\":\"ImageObject\",\"inLanguage\":\"es-AR\",\"@id\":\"https:\\\/\\\/educatespilar.com\\\/formacion-tecnica-una-herramienta-para-combatir-desigualdades\\\/#primaryimage\",\"url\":\"https:\\\/\\\/i0.wp.com\\\/educatespilar.com\\\/wp-content\\\/uploads\\\/2025\\\/10\\\/woman-showing-schedule-coworker-scaled.jpg?fit=2560%2C1707&ssl=1\",\"contentUrl\":\"https:\\\/\\\/i0.wp.com\\\/educatespilar.com\\\/wp-content\\\/uploads\\\/2025\\\/10\\\/woman-showing-schedule-coworker-scaled.jpg?fit=2560%2C1707&ssl=1\",\"width\":2560,\"height\":1707,\"caption\":\"Reuni\u00f3n de planificaci\u00f3n con exposici\u00f3n de cronograma semanal de tareas.\"},{\"@type\":\"BreadcrumbList\",\"@id\":\"https:\\\/\\\/educatespilar.com\\\/formacion-tecnica-una-herramienta-para-combatir-desigualdades\\\/#breadcrumb\",\"itemListElement\":[{\"@type\":\"ListItem\",\"position\":1,\"name\":\"Home\",\"item\":\"https:\\\/\\\/educatespilar.com\\\/\"},{\"@type\":\"ListItem\",\"position\":2,\"name\":\"Formaci\u00f3n t\u00e9cnica: una herramienta para combatir desigualdades\"}]},{\"@type\":\"WebSite\",\"@id\":\"https:\\\/\\\/tzs.pgq.temporary.site\\\/website_c18d3ae6\\\/#website\",\"url\":\"https:\\\/\\\/tzs.pgq.temporary.site\\\/website_c18d3ae6\\\/\",\"name\":\"EducatesPilar.com\",\"description\":\"\",\"potentialAction\":[{\"@type\":\"SearchAction\",\"target\":{\"@type\":\"EntryPoint\",\"urlTemplate\":\"https:\\\/\\\/tzs.pgq.temporary.site\\\/website_c18d3ae6\\\/?s={search_term_string}\"},\"query-input\":{\"@type\":\"PropertyValueSpecification\",\"valueRequired\":true,\"valueName\":\"search_term_string\"}}],\"inLanguage\":\"es-AR\"},{\"@type\":\"Person\",\"@id\":\"https:\\\/\\\/tzs.pgq.temporary.site\\\/website_c18d3ae6\\\/#\\\/schema\\\/person\\\/655446504db2a404e6921d90ab7c0a0f\",\"name\":\"educates\",\"image\":{\"@type\":\"ImageObject\",\"inLanguage\":\"es-AR\",\"@id\":\"https:\\\/\\\/secure.gravatar.com\\\/avatar\\\/f1e844324149cf607705bdc3821ac52f5613382cc275e3a009bc73539c52a819?s=96&d=mm&r=g\",\"url\":\"https:\\\/\\\/secure.gravatar.com\\\/avatar\\\/f1e844324149cf607705bdc3821ac52f5613382cc275e3a009bc73539c52a819?s=96&d=mm&r=g\",\"contentUrl\":\"https:\\\/\\\/secure.gravatar.com\\\/avatar\\\/f1e844324149cf607705bdc3821ac52f5613382cc275e3a009bc73539c52a819?s=96&d=mm&r=g\",\"caption\":\"educates\"},\"url\":\"https:\\\/\\\/educatespilar.com\\\/es\\\/author\\\/educates\\\/\"}]}<\/script>\n<!-- \/ Yoast SEO plugin. -->","yoast_head_json":{"title":"Formaci\u00f3n t\u00e9cnica: una herramienta para combatir desigualdades - EducatesPilar.com","robots":{"index":"index","follow":"follow","max-snippet":"max-snippet:-1","max-image-preview":"max-image-preview:large","max-video-preview":"max-video-preview:-1"},"canonical":"https:\/\/educatespilar.com\/es\/formacion-tecnica-una-herramienta-para-combatir-desigualdades\/","og_locale":"es_ES","og_type":"article","og_title":"Formaci\u00f3n t\u00e9cnica: una herramienta para combatir desigualdades - EducatesPilar.com","og_description":"Entre los distintos tipos de educaci\u00f3n, la t\u00e9cnica ocupa un gran lugar contando con un programa curricular puntual para los alumnos con una visi\u00f3n particular. En los \u00faltimos a\u00f1os, la formaci\u00f3n t\u00e9cnica tom\u00f3 mayor relevancia al ganar terreno como una de las estrategias fundamentales en la educaci\u00f3n, para enfrentar las desigualdades estructurales, que dificultan el [&hellip;]","og_url":"https:\/\/educatespilar.com\/es\/formacion-tecnica-una-herramienta-para-combatir-desigualdades\/","og_site_name":"EducatesPilar.com","article_published_time":"2025-09-22T12:36:50+00:00","article_modified_time":"2025-11-04T17:58:05+00:00","og_image":[{"width":2560,"height":1707,"url":"https:\/\/educatespilar.com\/wp-content\/uploads\/2025\/10\/woman-showing-schedule-coworker-scaled.jpg","type":"image\/jpeg"}],"author":"educates","twitter_card":"summary_large_image","twitter_misc":{"Escrito por":"educates","Tiempo de lectura":"5 minutos"},"schema":{"@context":"https:\/\/schema.org","@graph":[{"@type":"Article","@id":"https:\/\/educatespilar.com\/formacion-tecnica-una-herramienta-para-combatir-desigualdades\/#article","isPartOf":{"@id":"https:\/\/educatespilar.com\/formacion-tecnica-una-herramienta-para-combatir-desigualdades\/"},"author":{"name":"educates","@id":"https:\/\/tzs.pgq.temporary.site\/website_c18d3ae6\/#\/schema\/person\/655446504db2a404e6921d90ab7c0a0f"},"headline":"Formaci\u00f3n t\u00e9cnica: una herramienta para combatir desigualdades","datePublished":"2025-09-22T12:36:50+00:00","dateModified":"2025-11-04T17:58:05+00:00","mainEntityOfPage":{"@id":"https:\/\/educatespilar.com\/formacion-tecnica-una-herramienta-para-combatir-desigualdades\/"},"wordCount":976,"image":{"@id":"https:\/\/educatespilar.com\/formacion-tecnica-una-herramienta-para-combatir-desigualdades\/#primaryimage"},"thumbnailUrl":"https:\/\/i0.wp.com\/educatespilar.com\/wp-content\/uploads\/2025\/10\/woman-showing-schedule-coworker-scaled.jpg?fit=2560%2C1707&ssl=1","keywords":["formacion tecnica","igualdad"],"articleSection":["Educaci\u00f3n"],"inLanguage":"es-AR"},{"@type":"WebPage","@id":"https:\/\/educatespilar.com\/formacion-tecnica-una-herramienta-para-combatir-desigualdades\/","url":"https:\/\/educatespilar.com\/formacion-tecnica-una-herramienta-para-combatir-desigualdades\/","name":"Formaci\u00f3n t\u00e9cnica: una herramienta para combatir desigualdades - EducatesPilar.com","isPartOf":{"@id":"https:\/\/tzs.pgq.temporary.site\/website_c18d3ae6\/#website"},"primaryImageOfPage":{"@id":"https:\/\/educatespilar.com\/formacion-tecnica-una-herramienta-para-combatir-desigualdades\/#primaryimage"},"image":{"@id":"https:\/\/educatespilar.com\/formacion-tecnica-una-herramienta-para-combatir-desigualdades\/#primaryimage"},"thumbnailUrl":"https:\/\/i0.wp.com\/educatespilar.com\/wp-content\/uploads\/2025\/10\/woman-showing-schedule-coworker-scaled.jpg?fit=2560%2C1707&ssl=1","datePublished":"2025-09-22T12:36:50+00:00","dateModified":"2025-11-04T17:58:05+00:00","author":{"@id":"https:\/\/tzs.pgq.temporary.site\/website_c18d3ae6\/#\/schema\/person\/655446504db2a404e6921d90ab7c0a0f"},"breadcrumb":{"@id":"https:\/\/educatespilar.com\/formacion-tecnica-una-herramienta-para-combatir-desigualdades\/#breadcrumb"},"inLanguage":"es-AR","potentialAction":[{"@type":"ReadAction","target":["https:\/\/educatespilar.com\/formacion-tecnica-una-herramienta-para-combatir-desigualdades\/"]}]},{"@type":"ImageObject","inLanguage":"es-AR","@id":"https:\/\/educatespilar.com\/formacion-tecnica-una-herramienta-para-combatir-desigualdades\/#primaryimage","url":"https:\/\/i0.wp.com\/educatespilar.com\/wp-content\/uploads\/2025\/10\/woman-showing-schedule-coworker-scaled.jpg?fit=2560%2C1707&ssl=1","contentUrl":"https:\/\/i0.wp.com\/educatespilar.com\/wp-content\/uploads\/2025\/10\/woman-showing-schedule-coworker-scaled.jpg?fit=2560%2C1707&ssl=1","width":2560,"height":1707,"caption":"Reuni\u00f3n de planificaci\u00f3n con exposici\u00f3n de cronograma semanal de tareas."},{"@type":"BreadcrumbList","@id":"https:\/\/educatespilar.com\/formacion-tecnica-una-herramienta-para-combatir-desigualdades\/#breadcrumb","itemListElement":[{"@type":"ListItem","position":1,"name":"Home","item":"https:\/\/educatespilar.com\/"},{"@type":"ListItem","position":2,"name":"Formaci\u00f3n t\u00e9cnica: una herramienta para combatir desigualdades"}]},{"@type":"WebSite","@id":"https:\/\/tzs.pgq.temporary.site\/website_c18d3ae6\/#website","url":"https:\/\/tzs.pgq.temporary.site\/website_c18d3ae6\/","name":"EducatesPilar.com","description":"","potentialAction":[{"@type":"SearchAction","target":{"@type":"EntryPoint","urlTemplate":"https:\/\/tzs.pgq.temporary.site\/website_c18d3ae6\/?s={search_term_string}"},"query-input":{"@type":"PropertyValueSpecification","valueRequired":true,"valueName":"search_term_string"}}],"inLanguage":"es-AR"},{"@type":"Person","@id":"https:\/\/tzs.pgq.temporary.site\/website_c18d3ae6\/#\/schema\/person\/655446504db2a404e6921d90ab7c0a0f","name":"educates","image":{"@type":"ImageObject","inLanguage":"es-AR","@id":"https:\/\/secure.gravatar.com\/avatar\/f1e844324149cf607705bdc3821ac52f5613382cc275e3a009bc73539c52a819?s=96&d=mm&r=g","url":"https:\/\/secure.gravatar.com\/avatar\/f1e844324149cf607705bdc3821ac52f5613382cc275e3a009bc73539c52a819?s=96&d=mm&r=g","contentUrl":"https:\/\/secure.gravatar.com\/avatar\/f1e844324149cf607705bdc3821ac52f5613382cc275e3a009bc73539c52a819?s=96&d=mm&r=g","caption":"educates"},"url":"https:\/\/educatespilar.com\/es\/author\/educates\/"}]}},"jetpack_featured_media_url":"https:\/\/i0.wp.com\/educatespilar.com\/wp-content\/uploads\/2025\/10\/woman-showing-schedule-coworker-scaled.jpg?fit=2560%2C1707&ssl=1","jetpack_sharing_enabled":true,"_links":{"self":[{"href":"https:\/\/educatespilar.com\/es\/wp-json\/wp\/v2\/posts\/107","targetHints":{"allow":["GET"]}}],"collection":[{"href":"https:\/\/educatespilar.com\/es\/wp-json\/wp\/v2\/posts"}],"about":[{"href":"https:\/\/educatespilar.com\/es\/wp-json\/wp\/v2\/types\/post"}],"author":[{"embeddable":true,"href":"https:\/\/educatespilar.com\/es\/wp-json\/wp\/v2\/users\/2"}],"replies":[{"embeddable":true,"href":"https:\/\/educatespilar.com\/es\/wp-json\/wp\/v2\/comments?post=107"}],"version-history":[{"count":1,"href":"https:\/\/educatespilar.com\/es\/wp-json\/wp\/v2\/posts\/107\/revisions"}],"predecessor-version":[{"id":110,"href":"https:\/\/educatespilar.com\/es\/wp-json\/wp\/v2\/posts\/107\/revisions\/110"}],"wp:featuredmedia":[{"embeddable":true,"href":"https:\/\/educatespilar.com\/es\/wp-json\/wp\/v2\/media\/109"}],"wp:attachment":[{"href":"https:\/\/educatespilar.com\/es\/wp-json\/wp\/v2\/media?parent=107"}],"wp:term":[{"taxonomy":"category","embeddable":true,"href":"https:\/\/educatespilar.com\/es\/wp-json\/wp\/v2\/categories?post=107"},{"taxonomy":"post_tag","embeddable":true,"href":"https:\/\/educatespilar.com\/es\/wp-json\/wp\/v2\/tags?post=107"}],"curies":[{"name":"wp","href":"https:\/\/api.w.org\/{rel}","templated":true}]}}