{"id":104,"date":"2025-09-19T12:30:36","date_gmt":"2025-09-19T12:30:36","guid":{"rendered":"https:\/\/educatespilar.com\/?p=104"},"modified":"2025-11-04T17:57:49","modified_gmt":"2025-11-04T17:57:49","slug":"educacion-accesible-para-todos-una-meta-posible","status":"publish","type":"post","link":"https:\/\/educatespilar.com\/es\/educacion-accesible-para-todos-una-meta-posible\/","title":{"rendered":"Educaci\u00f3n accesible para todos: una meta posible19"},"content":{"rendered":"<p><span style=\"font-weight: 400;\">El acceso a la educaci\u00f3n cuenta con grandes barreras en todas partes del mundo, sin embargo, el camino se va abriendo con nuevas, y tradicionales, herramientas.\u00a0<\/span><\/p>\n<p><img data-recalc-dims=\"1\" decoding=\"async\" loading=\"lazy\" class=\"alignnone size-medium wp-image-105\" src=\"https:\/\/i0.wp.com\/educatespilar.com\/wp-content\/uploads\/2025\/10\/midsection-father-with-son-drawing-book.jpg?resize=300%2C200&#038;ssl=1\" alt=\"\" width=\"300\" height=\"200\" srcset=\"https:\/\/i0.wp.com\/educatespilar.com\/wp-content\/uploads\/2025\/10\/midsection-father-with-son-drawing-book-scaled.jpg?resize=300%2C200&amp;ssl=1 300w, https:\/\/i0.wp.com\/educatespilar.com\/wp-content\/uploads\/2025\/10\/midsection-father-with-son-drawing-book-scaled.jpg?resize=1024%2C683&amp;ssl=1 1024w, https:\/\/i0.wp.com\/educatespilar.com\/wp-content\/uploads\/2025\/10\/midsection-father-with-son-drawing-book-scaled.jpg?resize=768%2C512&amp;ssl=1 768w, https:\/\/i0.wp.com\/educatespilar.com\/wp-content\/uploads\/2025\/10\/midsection-father-with-son-drawing-book-scaled.jpg?resize=1536%2C1024&amp;ssl=1 1536w, https:\/\/i0.wp.com\/educatespilar.com\/wp-content\/uploads\/2025\/10\/midsection-father-with-son-drawing-book-scaled.jpg?resize=2048%2C1365&amp;ssl=1 2048w, https:\/\/i0.wp.com\/educatespilar.com\/wp-content\/uploads\/2025\/10\/midsection-father-with-son-drawing-book-scaled.jpg?resize=18%2C12&amp;ssl=1 18w\" sizes=\"auto, (max-width: 300px) 100vw, 300px\" \/><\/p>\n<p><span style=\"font-weight: 400;\">La <\/span><b>educaci\u00f3n<\/b><span style=\"font-weight: 400;\"> es una de las herramientas\u00a0 que contribuye para sostener y construir sociedades m\u00e1s justas, una meta ideal para vivir en sociedad. Pero el desaf\u00edo radica en asegurar su acceso, siendo que millones de personas en el mundo pueden alcanzar a tenerla.<\/span><\/p>\n<p><span style=\"font-weight: 400;\">Desigualdades\u00a0 econ\u00f3micas, geogr\u00e1ficas, culturales y de g\u00e9nero son barreras para que muchas ni\u00f1as, ni\u00f1os, j\u00f3venes y adultos accedan al <\/span><b>derecho b\u00e1sico a la educaci\u00f3n.<\/b><span style=\"font-weight: 400;\"> A pesar de estos obst\u00e1culos, se imponen iniciativas\u00a0 que demuestran que una educaci\u00f3n accesible para todos no solo es una meta de nunca alcanzar, sino tambi\u00e9n una posibilidad.<\/span><\/p>\n<h2><b>La educaci\u00f3n para todos, un derecho a garantizar\u00a0<\/b><\/h2>\n<p><span style=\"font-weight: 400;\">De acuerdo con datos de la Organizaci\u00f3n de las Naciones Unidas para la Educaci\u00f3n, la Ciencia y la Cultura (UNESCO), m\u00e1s de 244 millones de n<\/span><b>i\u00f1os y j\u00f3venes en edad escolar <\/b><span style=\"font-weight: 400;\">no asisten a la escuela.\u00a0<\/span><\/p>\n<p><span style=\"font-weight: 400;\">La mayor\u00eda de ellos vive en contextos de pobreza, zonas rurales o regiones afectadas por conflictos armados. A esto se suman las<\/span><b> barreras estructurales <\/b><span style=\"font-weight: 400;\">que enfrentan las personas con discapacidad, las comunidades ind\u00edgenas o migrantes, y las mujeres en determinadas culturas. Estos grupos suelen estar\u00a0 excluidos de los sistemas educativos, denominados, formales.<\/span><\/p>\n<p><span style=\"font-weight: 400;\">Pero a nivel mundial se trabaja a d\u00eda a d\u00eda para transformar esta situaci\u00f3n. En Am\u00e9rica Latina, por ejemplo, son los <\/span><b>programas de becas <\/b><span style=\"font-weight: 400;\">los que permiten que miles de ni\u00f1os permanezcan en la escuela, achicando el n\u00famero de quienes abandonan la escuela por motivos econ\u00f3micos.\u00a0<\/span><\/p>\n<p><span style=\"font-weight: 400;\">En la misma l\u00ednea, <\/span><b>organizaciones internacionales, gobiernos y fundaciones<\/b><span style=\"font-weight: 400;\"> hacer una labor de de gran alcance para difundir oportunidades educativas y fortalecer la permanencia escolar.<\/span><\/p>\n<p><span style=\"font-weight: 400;\">Uno de los ejemplos m\u00e1s destacado es el que se desarrolla en las escuelas rurales. En zonas <\/span><b>alejadas de los centros urbanos,<\/b><span style=\"font-weight: 400;\"> donde antes la educaci\u00f3n era un privilegio distante, hoy existen proyectos que llevan\u00a0 aulas, docentes y materiales a las comunidades m\u00e1s remotas.<\/span><\/p>\n<p><span style=\"font-weight: 400;\">La Red de Escuelas Rurales de Colombia, impulsada por Fundaci\u00f3n Escuela Nueva, es otro ejemplo. Se propone un <\/span><b>modelo pedag\u00f3gico adaptado<\/b><span style=\"font-weight: 400;\"> a las condiciones de vida del entorno rural, fomenta el aprendizaje colaborativo y otorga protagonismo al estudiante. Con esta experiencia, se demostr\u00f3 que es posible mejorar los aprendizajes y aumentar la retenci\u00f3n escolar\u00a0 en sectores de vulnerabilidad.<\/span><\/p>\n<p><span style=\"font-weight: 400;\">Otra herramienta de cambio en la educaci\u00f3n son los <\/span><b>programas de becas<\/b><span style=\"font-weight: 400;\"> siendo que en lugares donde la pobreza obliga a j\u00f3venes a dejar sus estudios para trabajar, las becas representan m\u00e1s que un alivio econ\u00f3mico, siendo\u00a0 una herramienta de transformaci\u00f3n personal y social.<\/span><\/p>\n<p><span style=\"font-weight: 400;\">Organizaciones como la Fundaci\u00f3n Ford, la Fundaci\u00f3n Carlos Slim o el Programa de Becas Chevening del Reino Unido son casos paradigm\u00e1ticos ya que dan lugar a que estudiantes accedan a <\/span><b>niveles educativos superiores.<\/b><\/p>\n<p><span style=\"font-weight: 400;\">M\u00e1s all\u00e1 de la ayuda econ\u00f3mica, estos programas\u00a0 tambi\u00e9n cuentan con tutor\u00edas, redes de <\/span><b>acompa\u00f1amiento y oportunidades <\/b><span style=\"font-weight: 400;\">de movilidad internacional, ampliando el panorama de quienes quedar\u00edan fuera del sistema educativo sin estas herramientas.<\/span><\/p>\n<h2><b>Una educaci\u00f3n sostenida, la clave para el desarrollo profesional<\/b><\/h2>\n<p><span style=\"font-weight: 400;\">Lejos de una<\/span><b> concepci\u00f3n social, <\/b><span style=\"font-weight: 400;\">es importante remarcar que la accesibilidad educativa no termina en la infancia o en la universidad, sino que el aprendizaje a lo largo de la vida es esencial para responder a los cambios tecnol\u00f3gicos, laborales y sociales de nuestro tiempo.\u00a0<\/span><\/p>\n<p><span style=\"font-weight: 400;\">Por este motivo, tambi\u00e9n se deben impulsar programas de formaci\u00f3n y capacitaci\u00f3n profesional en <\/span><b>sectores espec\u00edficos,<\/b><span style=\"font-weight: 400;\"> como la salud, la agricultura, la industria tecnol\u00f3gica o el cuidado ambiental.<\/span><\/p>\n<p><span style=\"font-weight: 400;\">Un buen ejemplo son los diversos programas del mundo donde j<\/span><b>\u00f3venes combinan<\/b><span style=\"font-weight: 400;\"> estudios con pr\u00e1cticas laborales en empresas, ya que tienen resultados prometedores siendo que los egresados no solo adquieren habilidades concretas, sino que tambi\u00e9n mejoran su empleabilidad y estabilidad econ\u00f3mica.<\/span><\/p>\n<p><span style=\"font-weight: 400;\">Tambi\u00e9n, <\/span><b>plataformas online <\/b><span style=\"font-weight: 400;\">est\u00e1n en un camino de democratizar el acceso a cursos de alta calidad en online, permitiendo que personas de todas las edades, y desde cualquier lugar del mundo, puedan seguir aprendiendo. Muchas de estas plataformas ofrecen contenido gratuito o precios accesibles, reduciendo las barreras econ\u00f3micas hacia el conocimiento.<\/span><\/p>\n<p><span style=\"font-weight: 400;\">Poe ello, lograr una <\/span><b>educaci\u00f3n <\/b><span style=\"font-weight: 400;\">verdaderamente accesible para todos no es tarea de un solo actor sino que necesita de una articulaci\u00f3n entre pol\u00edticas p\u00fablicas, inversi\u00f3n sostenida, innovaci\u00f3n pedag\u00f3gica, voluntad pol\u00edtica y participaci\u00f3n comunitaria.<\/span><\/p>\n<p><span style=\"font-weight: 400;\">Pero, sobre todo, necesita un cambio de<\/span><b> pensamiento social<\/b><span style=\"font-weight: 400;\"> que consiste en dejar de ver la educaci\u00f3n como un gasto y empezar a tenerla en cuenta como la mejor inversi\u00f3n posible.<\/span><\/p>\n<p><span style=\"font-weight: 400;\">Invertir en <\/span><b>educaci\u00f3n s<\/b><span style=\"font-weight: 400;\">ignifica reducir la pobreza, mejorar la salud p\u00fablica, promover la igualdad de g\u00e9nero, estimular la innovaci\u00f3n y construir sociedades m\u00e1s pac\u00edficas. Los bienes invertidos en educaci\u00f3n tiene asegurado un retorno.\u00a0<\/span><\/p>\n<p><span style=\"font-weight: 400;\">Adem\u00e1s, no se trata solo de abrir las<\/span><b> puertas de las escuelas<\/b><span style=\"font-weight: 400;\">, sino de garantizar que dentro de ellas haya calidad, inclusi\u00f3n y permanencia.<\/span><\/p>\n<p><span style=\"font-weight: 400;\">Cuando una persona accede a la educaci\u00f3n, no solo cambia su vida, cambia la de su familia y la de su <\/span><b>rol social<\/b><span style=\"font-weight: 400;\">. Por eso, cada historia de superaci\u00f3n escolar, cada escuela que se abre en una zona marginada, cada beca entregada, cada curso completado, es un paso hacia un mundo m\u00e1s justo.<\/span><\/p>\n<p>&nbsp;<\/p>\n","protected":false},"excerpt":{"rendered":"<p>El acceso a la educaci\u00f3n cuenta con grandes barreras en todas partes del mundo, sin embargo, el camino se va abriendo con nuevas, y tradicionales, herramientas.\u00a0 La educaci\u00f3n es una de las herramientas\u00a0 que contribuye para sostener y construir sociedades m\u00e1s justas, una meta ideal para vivir en sociedad. Pero el desaf\u00edo radica en asegurar [&hellip;]<\/p>\n","protected":false},"author":2,"featured_media":105,"comment_status":"closed","ping_status":"closed","sticky":false,"template":"","format":"standard","meta":{"nf_dc_page":"","_jetpack_memberships_contains_paid_content":false,"footnotes":""},"categories":[9],"tags":[57],"class_list":["post-104","post","type-post","status-publish","format-standard","has-post-thumbnail","hentry","category-educacion","tag-educacion-accesible"],"yoast_head":"<!-- This site is optimized with the Yoast SEO plugin v27.4 - https:\/\/yoast.com\/product\/yoast-seo-wordpress\/ -->\n<title>Educaci\u00f3n accesible para todos: una meta posible19 - EducatesPilar.com<\/title>\n<meta name=\"robots\" content=\"index, follow, max-snippet:-1, max-image-preview:large, max-video-preview:-1\" \/>\n<link rel=\"canonical\" href=\"https:\/\/educatespilar.com\/es\/educacion-accesible-para-todos-una-meta-posible\/\" \/>\n<meta property=\"og:locale\" content=\"es_ES\" \/>\n<meta property=\"og:type\" content=\"article\" \/>\n<meta property=\"og:title\" content=\"Educaci\u00f3n accesible para todos: una meta posible19 - EducatesPilar.com\" \/>\n<meta property=\"og:description\" content=\"El acceso a la educaci\u00f3n cuenta con grandes barreras en todas partes del mundo, sin embargo, el camino se va abriendo con nuevas, y tradicionales, herramientas.\u00a0 La educaci\u00f3n es una de las herramientas\u00a0 que contribuye para sostener y construir sociedades m\u00e1s justas, una meta ideal para vivir en sociedad. Pero el desaf\u00edo radica en asegurar [&hellip;]\" \/>\n<meta property=\"og:url\" content=\"https:\/\/educatespilar.com\/es\/educacion-accesible-para-todos-una-meta-posible\/\" \/>\n<meta property=\"og:site_name\" content=\"EducatesPilar.com\" \/>\n<meta property=\"article:published_time\" content=\"2025-09-19T12:30:36+00:00\" \/>\n<meta property=\"article:modified_time\" content=\"2025-11-04T17:57:49+00:00\" \/>\n<meta property=\"og:image\" content=\"https:\/\/educatespilar.com\/wp-content\/uploads\/2025\/10\/midsection-father-with-son-drawing-book-scaled.jpg\" \/>\n\t<meta property=\"og:image:width\" content=\"2560\" \/>\n\t<meta property=\"og:image:height\" content=\"1707\" \/>\n\t<meta property=\"og:image:type\" content=\"image\/jpeg\" \/>\n<meta name=\"author\" content=\"educates\" \/>\n<meta name=\"twitter:card\" content=\"summary_large_image\" \/>\n<meta name=\"twitter:label1\" content=\"Escrito por\" \/>\n\t<meta name=\"twitter:data1\" content=\"educates\" \/>\n\t<meta name=\"twitter:label2\" content=\"Tiempo de lectura\" \/>\n\t<meta name=\"twitter:data2\" content=\"5 minutos\" \/>\n<script type=\"application\/ld+json\" class=\"yoast-schema-graph\">{\"@context\":\"https:\\\/\\\/schema.org\",\"@graph\":[{\"@type\":\"Article\",\"@id\":\"https:\\\/\\\/educatespilar.com\\\/educacion-accesible-para-todos-una-meta-posible\\\/#article\",\"isPartOf\":{\"@id\":\"https:\\\/\\\/educatespilar.com\\\/educacion-accesible-para-todos-una-meta-posible\\\/\"},\"author\":{\"name\":\"educates\",\"@id\":\"https:\\\/\\\/tzs.pgq.temporary.site\\\/website_c18d3ae6\\\/#\\\/schema\\\/person\\\/655446504db2a404e6921d90ab7c0a0f\"},\"headline\":\"Educaci\u00f3n accesible para todos: una meta posible19\",\"datePublished\":\"2025-09-19T12:30:36+00:00\",\"dateModified\":\"2025-11-04T17:57:49+00:00\",\"mainEntityOfPage\":{\"@id\":\"https:\\\/\\\/educatespilar.com\\\/educacion-accesible-para-todos-una-meta-posible\\\/\"},\"wordCount\":948,\"image\":{\"@id\":\"https:\\\/\\\/educatespilar.com\\\/educacion-accesible-para-todos-una-meta-posible\\\/#primaryimage\"},\"thumbnailUrl\":\"https:\\\/\\\/i0.wp.com\\\/educatespilar.com\\\/wp-content\\\/uploads\\\/2025\\\/10\\\/midsection-father-with-son-drawing-book-scaled.jpg?fit=2560%2C1707&ssl=1\",\"keywords\":[\"educacion accesible\"],\"articleSection\":[\"Educaci\u00f3n\"],\"inLanguage\":\"es-AR\"},{\"@type\":\"WebPage\",\"@id\":\"https:\\\/\\\/educatespilar.com\\\/educacion-accesible-para-todos-una-meta-posible\\\/\",\"url\":\"https:\\\/\\\/educatespilar.com\\\/educacion-accesible-para-todos-una-meta-posible\\\/\",\"name\":\"Educaci\u00f3n accesible para todos: una meta posible19 - EducatesPilar.com\",\"isPartOf\":{\"@id\":\"https:\\\/\\\/tzs.pgq.temporary.site\\\/website_c18d3ae6\\\/#website\"},\"primaryImageOfPage\":{\"@id\":\"https:\\\/\\\/educatespilar.com\\\/educacion-accesible-para-todos-una-meta-posible\\\/#primaryimage\"},\"image\":{\"@id\":\"https:\\\/\\\/educatespilar.com\\\/educacion-accesible-para-todos-una-meta-posible\\\/#primaryimage\"},\"thumbnailUrl\":\"https:\\\/\\\/i0.wp.com\\\/educatespilar.com\\\/wp-content\\\/uploads\\\/2025\\\/10\\\/midsection-father-with-son-drawing-book-scaled.jpg?fit=2560%2C1707&ssl=1\",\"datePublished\":\"2025-09-19T12:30:36+00:00\",\"dateModified\":\"2025-11-04T17:57:49+00:00\",\"author\":{\"@id\":\"https:\\\/\\\/tzs.pgq.temporary.site\\\/website_c18d3ae6\\\/#\\\/schema\\\/person\\\/655446504db2a404e6921d90ab7c0a0f\"},\"breadcrumb\":{\"@id\":\"https:\\\/\\\/educatespilar.com\\\/educacion-accesible-para-todos-una-meta-posible\\\/#breadcrumb\"},\"inLanguage\":\"es-AR\",\"potentialAction\":[{\"@type\":\"ReadAction\",\"target\":[\"https:\\\/\\\/educatespilar.com\\\/educacion-accesible-para-todos-una-meta-posible\\\/\"]}]},{\"@type\":\"ImageObject\",\"inLanguage\":\"es-AR\",\"@id\":\"https:\\\/\\\/educatespilar.com\\\/educacion-accesible-para-todos-una-meta-posible\\\/#primaryimage\",\"url\":\"https:\\\/\\\/i0.wp.com\\\/educatespilar.com\\\/wp-content\\\/uploads\\\/2025\\\/10\\\/midsection-father-with-son-drawing-book-scaled.jpg?fit=2560%2C1707&ssl=1\",\"contentUrl\":\"https:\\\/\\\/i0.wp.com\\\/educatespilar.com\\\/wp-content\\\/uploads\\\/2025\\\/10\\\/midsection-father-with-son-drawing-book-scaled.jpg?fit=2560%2C1707&ssl=1\",\"width\":2560,\"height\":1707,\"caption\":\"Ni\u00f1o dibuja en compa\u00f1\u00eda de su padre, uniendo creatividad y apoyo familiar.\"},{\"@type\":\"BreadcrumbList\",\"@id\":\"https:\\\/\\\/educatespilar.com\\\/educacion-accesible-para-todos-una-meta-posible\\\/#breadcrumb\",\"itemListElement\":[{\"@type\":\"ListItem\",\"position\":1,\"name\":\"Home\",\"item\":\"https:\\\/\\\/educatespilar.com\\\/\"},{\"@type\":\"ListItem\",\"position\":2,\"name\":\"Educaci\u00f3n accesible para todos: una meta posible19\"}]},{\"@type\":\"WebSite\",\"@id\":\"https:\\\/\\\/tzs.pgq.temporary.site\\\/website_c18d3ae6\\\/#website\",\"url\":\"https:\\\/\\\/tzs.pgq.temporary.site\\\/website_c18d3ae6\\\/\",\"name\":\"EducatesPilar.com\",\"description\":\"\",\"potentialAction\":[{\"@type\":\"SearchAction\",\"target\":{\"@type\":\"EntryPoint\",\"urlTemplate\":\"https:\\\/\\\/tzs.pgq.temporary.site\\\/website_c18d3ae6\\\/?s={search_term_string}\"},\"query-input\":{\"@type\":\"PropertyValueSpecification\",\"valueRequired\":true,\"valueName\":\"search_term_string\"}}],\"inLanguage\":\"es-AR\"},{\"@type\":\"Person\",\"@id\":\"https:\\\/\\\/tzs.pgq.temporary.site\\\/website_c18d3ae6\\\/#\\\/schema\\\/person\\\/655446504db2a404e6921d90ab7c0a0f\",\"name\":\"educates\",\"image\":{\"@type\":\"ImageObject\",\"inLanguage\":\"es-AR\",\"@id\":\"https:\\\/\\\/secure.gravatar.com\\\/avatar\\\/f1e844324149cf607705bdc3821ac52f5613382cc275e3a009bc73539c52a819?s=96&d=mm&r=g\",\"url\":\"https:\\\/\\\/secure.gravatar.com\\\/avatar\\\/f1e844324149cf607705bdc3821ac52f5613382cc275e3a009bc73539c52a819?s=96&d=mm&r=g\",\"contentUrl\":\"https:\\\/\\\/secure.gravatar.com\\\/avatar\\\/f1e844324149cf607705bdc3821ac52f5613382cc275e3a009bc73539c52a819?s=96&d=mm&r=g\",\"caption\":\"educates\"},\"url\":\"https:\\\/\\\/educatespilar.com\\\/es\\\/author\\\/educates\\\/\"}]}<\/script>\n<!-- \/ Yoast SEO plugin. -->","yoast_head_json":{"title":"Educaci\u00f3n accesible para todos: una meta posible19 - EducatesPilar.com","robots":{"index":"index","follow":"follow","max-snippet":"max-snippet:-1","max-image-preview":"max-image-preview:large","max-video-preview":"max-video-preview:-1"},"canonical":"https:\/\/educatespilar.com\/es\/educacion-accesible-para-todos-una-meta-posible\/","og_locale":"es_ES","og_type":"article","og_title":"Educaci\u00f3n accesible para todos: una meta posible19 - EducatesPilar.com","og_description":"El acceso a la educaci\u00f3n cuenta con grandes barreras en todas partes del mundo, sin embargo, el camino se va abriendo con nuevas, y tradicionales, herramientas.\u00a0 La educaci\u00f3n es una de las herramientas\u00a0 que contribuye para sostener y construir sociedades m\u00e1s justas, una meta ideal para vivir en sociedad. Pero el desaf\u00edo radica en asegurar [&hellip;]","og_url":"https:\/\/educatespilar.com\/es\/educacion-accesible-para-todos-una-meta-posible\/","og_site_name":"EducatesPilar.com","article_published_time":"2025-09-19T12:30:36+00:00","article_modified_time":"2025-11-04T17:57:49+00:00","og_image":[{"width":2560,"height":1707,"url":"https:\/\/educatespilar.com\/wp-content\/uploads\/2025\/10\/midsection-father-with-son-drawing-book-scaled.jpg","type":"image\/jpeg"}],"author":"educates","twitter_card":"summary_large_image","twitter_misc":{"Escrito por":"educates","Tiempo de lectura":"5 minutos"},"schema":{"@context":"https:\/\/schema.org","@graph":[{"@type":"Article","@id":"https:\/\/educatespilar.com\/educacion-accesible-para-todos-una-meta-posible\/#article","isPartOf":{"@id":"https:\/\/educatespilar.com\/educacion-accesible-para-todos-una-meta-posible\/"},"author":{"name":"educates","@id":"https:\/\/tzs.pgq.temporary.site\/website_c18d3ae6\/#\/schema\/person\/655446504db2a404e6921d90ab7c0a0f"},"headline":"Educaci\u00f3n accesible para todos: una meta posible19","datePublished":"2025-09-19T12:30:36+00:00","dateModified":"2025-11-04T17:57:49+00:00","mainEntityOfPage":{"@id":"https:\/\/educatespilar.com\/educacion-accesible-para-todos-una-meta-posible\/"},"wordCount":948,"image":{"@id":"https:\/\/educatespilar.com\/educacion-accesible-para-todos-una-meta-posible\/#primaryimage"},"thumbnailUrl":"https:\/\/i0.wp.com\/educatespilar.com\/wp-content\/uploads\/2025\/10\/midsection-father-with-son-drawing-book-scaled.jpg?fit=2560%2C1707&ssl=1","keywords":["educacion accesible"],"articleSection":["Educaci\u00f3n"],"inLanguage":"es-AR"},{"@type":"WebPage","@id":"https:\/\/educatespilar.com\/educacion-accesible-para-todos-una-meta-posible\/","url":"https:\/\/educatespilar.com\/educacion-accesible-para-todos-una-meta-posible\/","name":"Educaci\u00f3n accesible para todos: una meta posible19 - EducatesPilar.com","isPartOf":{"@id":"https:\/\/tzs.pgq.temporary.site\/website_c18d3ae6\/#website"},"primaryImageOfPage":{"@id":"https:\/\/educatespilar.com\/educacion-accesible-para-todos-una-meta-posible\/#primaryimage"},"image":{"@id":"https:\/\/educatespilar.com\/educacion-accesible-para-todos-una-meta-posible\/#primaryimage"},"thumbnailUrl":"https:\/\/i0.wp.com\/educatespilar.com\/wp-content\/uploads\/2025\/10\/midsection-father-with-son-drawing-book-scaled.jpg?fit=2560%2C1707&ssl=1","datePublished":"2025-09-19T12:30:36+00:00","dateModified":"2025-11-04T17:57:49+00:00","author":{"@id":"https:\/\/tzs.pgq.temporary.site\/website_c18d3ae6\/#\/schema\/person\/655446504db2a404e6921d90ab7c0a0f"},"breadcrumb":{"@id":"https:\/\/educatespilar.com\/educacion-accesible-para-todos-una-meta-posible\/#breadcrumb"},"inLanguage":"es-AR","potentialAction":[{"@type":"ReadAction","target":["https:\/\/educatespilar.com\/educacion-accesible-para-todos-una-meta-posible\/"]}]},{"@type":"ImageObject","inLanguage":"es-AR","@id":"https:\/\/educatespilar.com\/educacion-accesible-para-todos-una-meta-posible\/#primaryimage","url":"https:\/\/i0.wp.com\/educatespilar.com\/wp-content\/uploads\/2025\/10\/midsection-father-with-son-drawing-book-scaled.jpg?fit=2560%2C1707&ssl=1","contentUrl":"https:\/\/i0.wp.com\/educatespilar.com\/wp-content\/uploads\/2025\/10\/midsection-father-with-son-drawing-book-scaled.jpg?fit=2560%2C1707&ssl=1","width":2560,"height":1707,"caption":"Ni\u00f1o dibuja en compa\u00f1\u00eda de su padre, uniendo creatividad y apoyo familiar."},{"@type":"BreadcrumbList","@id":"https:\/\/educatespilar.com\/educacion-accesible-para-todos-una-meta-posible\/#breadcrumb","itemListElement":[{"@type":"ListItem","position":1,"name":"Home","item":"https:\/\/educatespilar.com\/"},{"@type":"ListItem","position":2,"name":"Educaci\u00f3n accesible para todos: una meta posible19"}]},{"@type":"WebSite","@id":"https:\/\/tzs.pgq.temporary.site\/website_c18d3ae6\/#website","url":"https:\/\/tzs.pgq.temporary.site\/website_c18d3ae6\/","name":"EducatesPilar.com","description":"","potentialAction":[{"@type":"SearchAction","target":{"@type":"EntryPoint","urlTemplate":"https:\/\/tzs.pgq.temporary.site\/website_c18d3ae6\/?s={search_term_string}"},"query-input":{"@type":"PropertyValueSpecification","valueRequired":true,"valueName":"search_term_string"}}],"inLanguage":"es-AR"},{"@type":"Person","@id":"https:\/\/tzs.pgq.temporary.site\/website_c18d3ae6\/#\/schema\/person\/655446504db2a404e6921d90ab7c0a0f","name":"educates","image":{"@type":"ImageObject","inLanguage":"es-AR","@id":"https:\/\/secure.gravatar.com\/avatar\/f1e844324149cf607705bdc3821ac52f5613382cc275e3a009bc73539c52a819?s=96&d=mm&r=g","url":"https:\/\/secure.gravatar.com\/avatar\/f1e844324149cf607705bdc3821ac52f5613382cc275e3a009bc73539c52a819?s=96&d=mm&r=g","contentUrl":"https:\/\/secure.gravatar.com\/avatar\/f1e844324149cf607705bdc3821ac52f5613382cc275e3a009bc73539c52a819?s=96&d=mm&r=g","caption":"educates"},"url":"https:\/\/educatespilar.com\/es\/author\/educates\/"}]}},"jetpack_featured_media_url":"https:\/\/i0.wp.com\/educatespilar.com\/wp-content\/uploads\/2025\/10\/midsection-father-with-son-drawing-book-scaled.jpg?fit=2560%2C1707&ssl=1","jetpack_sharing_enabled":true,"_links":{"self":[{"href":"https:\/\/educatespilar.com\/es\/wp-json\/wp\/v2\/posts\/104","targetHints":{"allow":["GET"]}}],"collection":[{"href":"https:\/\/educatespilar.com\/es\/wp-json\/wp\/v2\/posts"}],"about":[{"href":"https:\/\/educatespilar.com\/es\/wp-json\/wp\/v2\/types\/post"}],"author":[{"embeddable":true,"href":"https:\/\/educatespilar.com\/es\/wp-json\/wp\/v2\/users\/2"}],"replies":[{"embeddable":true,"href":"https:\/\/educatespilar.com\/es\/wp-json\/wp\/v2\/comments?post=104"}],"version-history":[{"count":2,"href":"https:\/\/educatespilar.com\/es\/wp-json\/wp\/v2\/posts\/104\/revisions"}],"predecessor-version":[{"id":165,"href":"https:\/\/educatespilar.com\/es\/wp-json\/wp\/v2\/posts\/104\/revisions\/165"}],"wp:featuredmedia":[{"embeddable":true,"href":"https:\/\/educatespilar.com\/es\/wp-json\/wp\/v2\/media\/105"}],"wp:attachment":[{"href":"https:\/\/educatespilar.com\/es\/wp-json\/wp\/v2\/media?parent=104"}],"wp:term":[{"taxonomy":"category","embeddable":true,"href":"https:\/\/educatespilar.com\/es\/wp-json\/wp\/v2\/categories?post=104"},{"taxonomy":"post_tag","embeddable":true,"href":"https:\/\/educatespilar.com\/es\/wp-json\/wp\/v2\/tags?post=104"}],"curies":[{"name":"wp","href":"https:\/\/api.w.org\/{rel}","templated":true}]}}