{"id":83,"date":"2025-09-15T19:05:23","date_gmt":"2025-09-15T19:05:23","guid":{"rendered":"https:\/\/educatespilar.com\/?p=83"},"modified":"2025-11-04T17:56:36","modified_gmt":"2025-11-04T17:56:36","slug":"el-impacto-de-la-educacion-personalizada-en-el-desarrollo-social","status":"publish","type":"post","link":"https:\/\/educatespilar.com\/en\/el-impacto-de-la-educacion-personalizada-en-el-desarrollo-social\/","title":{"rendered":"El impacto de la educaci\u00f3n personalizada en el desarrollo social"},"content":{"rendered":"<p><span style=\"font-weight: 400;\">Se trata de un enfoque educativo con el que se han conseguido resultados esperanzadores respecto al desarrollo personal y social.\u00a0<\/span><\/p>\n<p><img data-recalc-dims=\"1\" decoding=\"async\" loading=\"lazy\" class=\"alignnone size-medium wp-image-84\" src=\"https:\/\/i0.wp.com\/educatespilar.com\/wp-content\/uploads\/2025\/09\/top-view-mother-working-with-kids.jpg?resize=300%2C200&#038;ssl=1\" alt=\"\" width=\"300\" height=\"200\" srcset=\"https:\/\/i0.wp.com\/educatespilar.com\/wp-content\/uploads\/2025\/09\/top-view-mother-working-with-kids-scaled.jpg?resize=300%2C200&amp;ssl=1 300w, https:\/\/i0.wp.com\/educatespilar.com\/wp-content\/uploads\/2025\/09\/top-view-mother-working-with-kids-scaled.jpg?resize=1024%2C683&amp;ssl=1 1024w, https:\/\/i0.wp.com\/educatespilar.com\/wp-content\/uploads\/2025\/09\/top-view-mother-working-with-kids-scaled.jpg?resize=768%2C512&amp;ssl=1 768w, https:\/\/i0.wp.com\/educatespilar.com\/wp-content\/uploads\/2025\/09\/top-view-mother-working-with-kids-scaled.jpg?resize=1536%2C1024&amp;ssl=1 1536w, https:\/\/i0.wp.com\/educatespilar.com\/wp-content\/uploads\/2025\/09\/top-view-mother-working-with-kids-scaled.jpg?resize=2048%2C1366&amp;ssl=1 2048w\" sizes=\"auto, (max-width: 300px) 100vw, 300px\" \/><\/p>\n<p><span style=\"font-weight: 400;\">A nivel mundial, las <\/span><b>desigualdades sociales <\/b><span style=\"font-weight: 400;\">crecen a gran escala e impactan en la forma de vivir de millones de personas. Es de la mano de la educaci\u00f3n que se visualiza\u00a0 una herramienta para un cambio. Pero no cualquier tipo educativo, sino que se indica que los enfoques personalizados pueden marcar la diferencia no solo en el rendimiento acad\u00e9mico, sino en el desarrollo social de las comunidades m\u00e1s vulnerables.<\/span><\/p>\n<p><span style=\"font-weight: 400;\">La <\/span><b>educaci\u00f3n personalizada <\/b><span style=\"font-weight: 400;\">es la enfocada al ritmo, intereses, necesidades y contextos del estudiante. Se trata de un modelo exitoso que demostr\u00f3 ser una estrategia factible para potenciar el aprendizaje significativo.\u00a0<\/span><\/p>\n<p><span style=\"font-weight: 400;\">M\u00e1s all\u00e1 del aula, su impacto se extiende a la <\/span><b>construcci\u00f3n<\/b><span style=\"font-weight: 400;\"> de capital social, el fortalecimiento del tejido comunitario y la creaci\u00f3n de oportunidades econ\u00f3micas sostenibles.<\/span><\/p>\n<h2><b>Qu\u00e9 es la educaci\u00f3n personalizada y por qu\u00e9 importa para la transformaci\u00f3n\u00a0<\/b><\/h2>\n<p><span style=\"font-weight: 400;\">A diferencia del <\/span><b>modelo tradicional<\/b><span style=\"font-weight: 400;\"> que es mediante una ense\u00f1anza homog\u00e9nea para grandes grupos, la educaci\u00f3n personalizada pone al estudiante en el centro del proceso. Considera sus fortalezas, dificultades, entorno y aspiraciones.\u00a0<\/span><\/p>\n<p><span style=\"font-weight: 400;\">Este enfoque requiere de aplicar <\/span><b>metodolog\u00edas activas<\/b><span style=\"font-weight: 400;\">, acompa\u00f1amiento cercano, uso de tecnolog\u00edas adaptativas y una evaluaci\u00f3n m\u00e1s flexible. De esta forma, el estudiante se siente escuchado, valorado y comprendido, y esto se traduce a que su nivel de compromiso crece.\u00a0<\/span><\/p>\n<p><span style=\"font-weight: 400;\">Con este enfoque, se reducen las<\/span><b> tasas de abandono escolar<\/b><span style=\"font-weight: 400;\">, mejora la autoestima y se promueve la autonom\u00eda, adem\u00e1s a largo plazo se visualizan mejoras colectivas. Como se\u00f1alan diversos estudios en pedagog\u00eda cr\u00edtica, no se puede esperar un cambio social profundo sin considerar el modo en que las personas aprenden a construir su mundo.<\/span><\/p>\n<p><span style=\"font-weight: 400;\">Aprender en Comunidad es un<\/span><b> programa<\/b><span style=\"font-weight: 400;\"> que se destaca con este enfoque. Es desarrollado en varias provincias del norte argentino impulsada por organizaciones civiles en conjunto con gobiernos locales. Ofrece acompa\u00f1amiento pedag\u00f3gico y emocional a ni\u00f1os y adolescentes en situaci\u00f3n de vulnerabilidad, muchos de ellos con trayectorias escolares interrumpidas.<\/span><\/p>\n<p><span style=\"font-weight: 400;\">A trav\u00e9s de <\/span><b>tutores<\/b><span style=\"font-weight: 400;\"> que trabajan de forma personalizada con cada estudiante, se adaptan contenidos, se desarrollan planes de aprendizaje individuales y se fomenta el v\u00ednculo con la escuela<\/span><\/p>\n<p><span style=\"font-weight: 400;\">En tres a\u00f1os, el <\/span><b>programa<\/b><span style=\"font-weight: 400;\"> logr\u00f3 que m\u00e1s del 80% de sus participantes retomaran y completaran sus estudios. Lo que llama la atenci\u00f3n de estos resultados es el efecto multiplicador en sus familias ya que madres que volvieron a estudiar, padres que se involucraron en cooperadoras, j\u00f3venes que hoy son l\u00edderes barriales.<\/span><\/p>\n<p><span style=\"font-weight: 400;\">Adem\u00e1s, la <\/span><b>irrupci\u00f3n<\/b><span style=\"font-weight: 400;\"> de la tecnolog\u00eda tambi\u00e9n es de gran ayuda en estos contextos ya que es una herramienta que brinda\u00a0 nuevas posibilidades para personalizar el aprendizaje. Plataformas digitales con algoritmos de seguimiento permiten ajustar los contenidos a cada estudiante, identificar \u00e1reas de mejora y proponer recursos complementarios.\u00a0<\/span><\/p>\n<p><span style=\"font-weight: 400;\">Pero esta <\/span><b>gran herramienta<\/b><span style=\"font-weight: 400;\">, con este potencial solo puede llevarse a cabo si va acompa\u00f1ado de una pol\u00edtica decidida de inclusi\u00f3n digital, un \u00e1rea que a\u00fan no est\u00e1 desarrollada en muchos puntos del mundo, donde el acceso a conexi\u00f3n digital es una cuenta pendiente.\u00a0<\/span><\/p>\n<p><span style=\"font-weight: 400;\">Por ello, tambi\u00e9n hay proyectos que busca cerrar esta<\/span><b> brecha digital.<\/b><span style=\"font-weight: 400;\"> Conectar para Aprender, es una iniciativa p\u00fablico-privada que distribuye tabletas con contenidos offline y capacita a docentes en el uso pedag\u00f3gico de estas herramientas, tiene un enfoque en la personalizaci\u00f3n y el programa logr\u00f3 mejorar significativamente los niveles de comprensi\u00f3n lectora y resoluci\u00f3n de problemas en alumnos de primaria.<\/span><\/p>\n<p><span style=\"font-weight: 400;\">Pero lo cierto es que uno de los pilares de la <\/span><b>educaci\u00f3n personalizada<\/b><span style=\"font-weight: 400;\"> es el desarrollo socioemocional, ya que cuando los estudiantes pueden expresar sus emociones, recibir apoyo y establecer relaciones significativas con sus docentes, se sienten parte de una comunidad. Y es esa sensaci\u00f3n de pertenencia la que es clave para el desarrollo de valores como la empat\u00eda, la solidaridad y la responsabilidad colectiva.<\/span><\/p>\n<p><span style=\"font-weight: 400;\">Es que en muchos territorios, la <\/span><b>escuela<\/b><span style=\"font-weight: 400;\"> deja de ser solo un lugar de instrucci\u00f3n para convertirse en un espacio de contenci\u00f3n, inclusi\u00f3n y agencia.\u00a0<\/span><\/p>\n<p><span style=\"font-weight: 400;\">Un <\/span><b>estudio <\/b><span style=\"font-weight: 400;\">realizado por el Observatorio de Educaci\u00f3n y Equidad de Am\u00e9rica Latina evidenci\u00f3 que los estudiantes que participaron en programas de aprendizaje personalizado tienen m\u00e1s probabilidades de involucrarse en actividades comunitarias, asumir roles de liderazgo y continuar sus estudios superiores.\u00a0<\/span><\/p>\n<p><span style=\"font-weight: 400;\">En la misma l\u00ednea, implementar un <\/span><b>enfoque personalizado<\/b><span style=\"font-weight: 400;\"> necesita de un cambio de paradigma en la formaci\u00f3n y el acompa\u00f1amiento docente ya que no se trata de que el maestro se convierta en un h\u00e9roe solitario, sino de construir instituciones flexibles, colaborativas y sensibles a los contextos.\u00a0<\/span><\/p>\n<p><span style=\"font-weight: 400;\">Esto se puede dar con una <\/span><b>formaci\u00f3n continua<\/b><span style=\"font-weight: 400;\">, trabajo en equipo, recursos adecuados y tiempo institucional para el dise\u00f1o de propuestas diferenciadas.<\/span><\/p>\n<p><span style=\"font-weight: 400;\">Por ello, es importante dejar en claro que la educaci\u00f3n personalizada no es solo una mejora pedag\u00f3gica sino que es una <\/span><b>apuesta pol\u00edtica por la equidad,<\/b><span style=\"font-weight: 400;\"> al reconocer que cada persona aprende de manera distinta, se enfrentan los par\u00e1metros de exclusi\u00f3n que marcan a los sistemas educativos.\u00a0<\/span><\/p>\n<p><span style=\"font-weight: 400;\">Por ello, al <\/span><b>brindar condiciones<\/b><span style=\"font-weight: 400;\"> para que cada estudiante despliegue su potencial, se construyen comunidades m\u00e1s resilientes, creativas y cohesionadas. Para lograr resultados se necesita decisi\u00f3n pol\u00edtica, inversi\u00f3n sostenida y una mirada integral que articule educaci\u00f3n, desarrollo social y justicia territorial.<\/span><\/p>\n<p>&nbsp;<\/p>","protected":false},"excerpt":{"rendered":"<p>Se trata de un enfoque educativo con el que se han conseguido resultados esperanzadores respecto al desarrollo personal y social.\u00a0 A nivel mundial, las desigualdades sociales crecen a gran escala e impactan en la forma de vivir de millones de personas. Es de la mano de la educaci\u00f3n que se visualiza\u00a0 una herramienta para un [&hellip;]<\/p>\n","protected":false},"author":2,"featured_media":84,"comment_status":"closed","ping_status":"closed","sticky":false,"template":"","format":"standard","meta":{"nf_dc_page":"","_jetpack_memberships_contains_paid_content":false,"footnotes":""},"categories":[9],"tags":[25,26],"class_list":["post-83","post","type-post","status-publish","format-standard","has-post-thumbnail","hentry","category-educacion","tag-desarrollo-social","tag-educacion"],"yoast_head":"<!-- This site is optimized with the Yoast SEO plugin v27.4 - https:\/\/yoast.com\/product\/yoast-seo-wordpress\/ -->\n<title>El impacto de la educaci\u00f3n personalizada en el desarrollo social - EducatesPilar.com<\/title>\n<meta name=\"robots\" content=\"index, follow, max-snippet:-1, max-image-preview:large, max-video-preview:-1\" \/>\n<link rel=\"canonical\" href=\"https:\/\/educatespilar.com\/en\/el-impacto-de-la-educacion-personalizada-en-el-desarrollo-social\/\" \/>\n<meta property=\"og:locale\" content=\"en_US\" \/>\n<meta property=\"og:type\" content=\"article\" \/>\n<meta property=\"og:title\" content=\"El impacto de la educaci\u00f3n personalizada en el desarrollo social - EducatesPilar.com\" \/>\n<meta property=\"og:description\" content=\"Se trata de un enfoque educativo con el que se han conseguido resultados esperanzadores respecto al desarrollo personal y social.\u00a0 A nivel mundial, las desigualdades sociales crecen a gran escala e impactan en la forma de vivir de millones de personas. Es de la mano de la educaci\u00f3n que se visualiza\u00a0 una herramienta para un [&hellip;]\" \/>\n<meta property=\"og:url\" content=\"https:\/\/educatespilar.com\/en\/el-impacto-de-la-educacion-personalizada-en-el-desarrollo-social\/\" \/>\n<meta property=\"og:site_name\" content=\"EducatesPilar.com\" \/>\n<meta property=\"article:published_time\" content=\"2025-09-15T19:05:23+00:00\" \/>\n<meta property=\"article:modified_time\" content=\"2025-11-04T17:56:36+00:00\" \/>\n<meta property=\"og:image\" content=\"https:\/\/educatespilar.com\/wp-content\/uploads\/2025\/09\/top-view-mother-working-with-kids-scaled.jpg\" \/>\n\t<meta property=\"og:image:width\" content=\"2560\" \/>\n\t<meta property=\"og:image:height\" content=\"1707\" \/>\n\t<meta property=\"og:image:type\" content=\"image\/jpeg\" \/>\n<meta name=\"author\" content=\"educates\" \/>\n<meta name=\"twitter:card\" content=\"summary_large_image\" \/>\n<meta name=\"twitter:label1\" content=\"Written by\" \/>\n\t<meta name=\"twitter:data1\" content=\"educates\" \/>\n\t<meta name=\"twitter:label2\" content=\"Est. reading time\" \/>\n\t<meta name=\"twitter:data2\" content=\"4 minutes\" \/>\n<script type=\"application\/ld+json\" class=\"yoast-schema-graph\">{\"@context\":\"https:\\\/\\\/schema.org\",\"@graph\":[{\"@type\":\"Article\",\"@id\":\"https:\\\/\\\/educatespilar.com\\\/el-impacto-de-la-educacion-personalizada-en-el-desarrollo-social\\\/#article\",\"isPartOf\":{\"@id\":\"https:\\\/\\\/educatespilar.com\\\/el-impacto-de-la-educacion-personalizada-en-el-desarrollo-social\\\/\"},\"author\":{\"name\":\"educates\",\"@id\":\"https:\\\/\\\/tzs.pgq.temporary.site\\\/website_c18d3ae6\\\/#\\\/schema\\\/person\\\/655446504db2a404e6921d90ab7c0a0f\"},\"headline\":\"El impacto de la educaci\u00f3n personalizada en el desarrollo social\",\"datePublished\":\"2025-09-15T19:05:23+00:00\",\"dateModified\":\"2025-11-04T17:56:36+00:00\",\"mainEntityOfPage\":{\"@id\":\"https:\\\/\\\/educatespilar.com\\\/el-impacto-de-la-educacion-personalizada-en-el-desarrollo-social\\\/\"},\"wordCount\":939,\"image\":{\"@id\":\"https:\\\/\\\/educatespilar.com\\\/el-impacto-de-la-educacion-personalizada-en-el-desarrollo-social\\\/#primaryimage\"},\"thumbnailUrl\":\"https:\\\/\\\/i0.wp.com\\\/educatespilar.com\\\/wp-content\\\/uploads\\\/2025\\\/09\\\/top-view-mother-working-with-kids-scaled.jpg?fit=2560%2C1707&ssl=1\",\"keywords\":[\"desarrollo social\",\"educacion\"],\"articleSection\":[\"Educaci\u00f3n\"],\"inLanguage\":\"en-US\"},{\"@type\":\"WebPage\",\"@id\":\"https:\\\/\\\/educatespilar.com\\\/el-impacto-de-la-educacion-personalizada-en-el-desarrollo-social\\\/\",\"url\":\"https:\\\/\\\/educatespilar.com\\\/el-impacto-de-la-educacion-personalizada-en-el-desarrollo-social\\\/\",\"name\":\"El impacto de la educaci\u00f3n personalizada en el desarrollo social - EducatesPilar.com\",\"isPartOf\":{\"@id\":\"https:\\\/\\\/tzs.pgq.temporary.site\\\/website_c18d3ae6\\\/#website\"},\"primaryImageOfPage\":{\"@id\":\"https:\\\/\\\/educatespilar.com\\\/el-impacto-de-la-educacion-personalizada-en-el-desarrollo-social\\\/#primaryimage\"},\"image\":{\"@id\":\"https:\\\/\\\/educatespilar.com\\\/el-impacto-de-la-educacion-personalizada-en-el-desarrollo-social\\\/#primaryimage\"},\"thumbnailUrl\":\"https:\\\/\\\/i0.wp.com\\\/educatespilar.com\\\/wp-content\\\/uploads\\\/2025\\\/09\\\/top-view-mother-working-with-kids-scaled.jpg?fit=2560%2C1707&ssl=1\",\"datePublished\":\"2025-09-15T19:05:23+00:00\",\"dateModified\":\"2025-11-04T17:56:36+00:00\",\"author\":{\"@id\":\"https:\\\/\\\/tzs.pgq.temporary.site\\\/website_c18d3ae6\\\/#\\\/schema\\\/person\\\/655446504db2a404e6921d90ab7c0a0f\"},\"breadcrumb\":{\"@id\":\"https:\\\/\\\/educatespilar.com\\\/el-impacto-de-la-educacion-personalizada-en-el-desarrollo-social\\\/#breadcrumb\"},\"inLanguage\":\"en-US\",\"potentialAction\":[{\"@type\":\"ReadAction\",\"target\":[\"https:\\\/\\\/educatespilar.com\\\/el-impacto-de-la-educacion-personalizada-en-el-desarrollo-social\\\/\"]}]},{\"@type\":\"ImageObject\",\"inLanguage\":\"en-US\",\"@id\":\"https:\\\/\\\/educatespilar.com\\\/el-impacto-de-la-educacion-personalizada-en-el-desarrollo-social\\\/#primaryimage\",\"url\":\"https:\\\/\\\/i0.wp.com\\\/educatespilar.com\\\/wp-content\\\/uploads\\\/2025\\\/09\\\/top-view-mother-working-with-kids-scaled.jpg?fit=2560%2C1707&ssl=1\",\"contentUrl\":\"https:\\\/\\\/i0.wp.com\\\/educatespilar.com\\\/wp-content\\\/uploads\\\/2025\\\/09\\\/top-view-mother-working-with-kids-scaled.jpg?fit=2560%2C1707&ssl=1\",\"width\":2560,\"height\":1707},{\"@type\":\"BreadcrumbList\",\"@id\":\"https:\\\/\\\/educatespilar.com\\\/el-impacto-de-la-educacion-personalizada-en-el-desarrollo-social\\\/#breadcrumb\",\"itemListElement\":[{\"@type\":\"ListItem\",\"position\":1,\"name\":\"Home\",\"item\":\"https:\\\/\\\/educatespilar.com\\\/\"},{\"@type\":\"ListItem\",\"position\":2,\"name\":\"El impacto de la educaci\u00f3n personalizada en el desarrollo social\"}]},{\"@type\":\"WebSite\",\"@id\":\"https:\\\/\\\/tzs.pgq.temporary.site\\\/website_c18d3ae6\\\/#website\",\"url\":\"https:\\\/\\\/tzs.pgq.temporary.site\\\/website_c18d3ae6\\\/\",\"name\":\"EducatesPilar.com\",\"description\":\"\",\"potentialAction\":[{\"@type\":\"SearchAction\",\"target\":{\"@type\":\"EntryPoint\",\"urlTemplate\":\"https:\\\/\\\/tzs.pgq.temporary.site\\\/website_c18d3ae6\\\/?s={search_term_string}\"},\"query-input\":{\"@type\":\"PropertyValueSpecification\",\"valueRequired\":true,\"valueName\":\"search_term_string\"}}],\"inLanguage\":\"en-US\"},{\"@type\":\"Person\",\"@id\":\"https:\\\/\\\/tzs.pgq.temporary.site\\\/website_c18d3ae6\\\/#\\\/schema\\\/person\\\/655446504db2a404e6921d90ab7c0a0f\",\"name\":\"educates\",\"image\":{\"@type\":\"ImageObject\",\"inLanguage\":\"en-US\",\"@id\":\"https:\\\/\\\/secure.gravatar.com\\\/avatar\\\/f1e844324149cf607705bdc3821ac52f5613382cc275e3a009bc73539c52a819?s=96&d=mm&r=g\",\"url\":\"https:\\\/\\\/secure.gravatar.com\\\/avatar\\\/f1e844324149cf607705bdc3821ac52f5613382cc275e3a009bc73539c52a819?s=96&d=mm&r=g\",\"contentUrl\":\"https:\\\/\\\/secure.gravatar.com\\\/avatar\\\/f1e844324149cf607705bdc3821ac52f5613382cc275e3a009bc73539c52a819?s=96&d=mm&r=g\",\"caption\":\"educates\"},\"url\":\"https:\\\/\\\/educatespilar.com\\\/en\\\/author\\\/educates\\\/\"}]}<\/script>\n<!-- \/ Yoast SEO plugin. -->","yoast_head_json":{"title":"El impacto de la educaci\u00f3n personalizada en el desarrollo social - EducatesPilar.com","robots":{"index":"index","follow":"follow","max-snippet":"max-snippet:-1","max-image-preview":"max-image-preview:large","max-video-preview":"max-video-preview:-1"},"canonical":"https:\/\/educatespilar.com\/en\/el-impacto-de-la-educacion-personalizada-en-el-desarrollo-social\/","og_locale":"en_US","og_type":"article","og_title":"El impacto de la educaci\u00f3n personalizada en el desarrollo social - EducatesPilar.com","og_description":"Se trata de un enfoque educativo con el que se han conseguido resultados esperanzadores respecto al desarrollo personal y social.\u00a0 A nivel mundial, las desigualdades sociales crecen a gran escala e impactan en la forma de vivir de millones de personas. Es de la mano de la educaci\u00f3n que se visualiza\u00a0 una herramienta para un [&hellip;]","og_url":"https:\/\/educatespilar.com\/en\/el-impacto-de-la-educacion-personalizada-en-el-desarrollo-social\/","og_site_name":"EducatesPilar.com","article_published_time":"2025-09-15T19:05:23+00:00","article_modified_time":"2025-11-04T17:56:36+00:00","og_image":[{"width":2560,"height":1707,"url":"https:\/\/educatespilar.com\/wp-content\/uploads\/2025\/09\/top-view-mother-working-with-kids-scaled.jpg","type":"image\/jpeg"}],"author":"educates","twitter_card":"summary_large_image","twitter_misc":{"Written by":"educates","Est. reading time":"4 minutes"},"schema":{"@context":"https:\/\/schema.org","@graph":[{"@type":"Article","@id":"https:\/\/educatespilar.com\/el-impacto-de-la-educacion-personalizada-en-el-desarrollo-social\/#article","isPartOf":{"@id":"https:\/\/educatespilar.com\/el-impacto-de-la-educacion-personalizada-en-el-desarrollo-social\/"},"author":{"name":"educates","@id":"https:\/\/tzs.pgq.temporary.site\/website_c18d3ae6\/#\/schema\/person\/655446504db2a404e6921d90ab7c0a0f"},"headline":"El impacto de la educaci\u00f3n personalizada en el desarrollo social","datePublished":"2025-09-15T19:05:23+00:00","dateModified":"2025-11-04T17:56:36+00:00","mainEntityOfPage":{"@id":"https:\/\/educatespilar.com\/el-impacto-de-la-educacion-personalizada-en-el-desarrollo-social\/"},"wordCount":939,"image":{"@id":"https:\/\/educatespilar.com\/el-impacto-de-la-educacion-personalizada-en-el-desarrollo-social\/#primaryimage"},"thumbnailUrl":"https:\/\/i0.wp.com\/educatespilar.com\/wp-content\/uploads\/2025\/09\/top-view-mother-working-with-kids-scaled.jpg?fit=2560%2C1707&ssl=1","keywords":["desarrollo social","educacion"],"articleSection":["Educaci\u00f3n"],"inLanguage":"en-US"},{"@type":"WebPage","@id":"https:\/\/educatespilar.com\/el-impacto-de-la-educacion-personalizada-en-el-desarrollo-social\/","url":"https:\/\/educatespilar.com\/el-impacto-de-la-educacion-personalizada-en-el-desarrollo-social\/","name":"El impacto de la educaci\u00f3n personalizada en el desarrollo social - EducatesPilar.com","isPartOf":{"@id":"https:\/\/tzs.pgq.temporary.site\/website_c18d3ae6\/#website"},"primaryImageOfPage":{"@id":"https:\/\/educatespilar.com\/el-impacto-de-la-educacion-personalizada-en-el-desarrollo-social\/#primaryimage"},"image":{"@id":"https:\/\/educatespilar.com\/el-impacto-de-la-educacion-personalizada-en-el-desarrollo-social\/#primaryimage"},"thumbnailUrl":"https:\/\/i0.wp.com\/educatespilar.com\/wp-content\/uploads\/2025\/09\/top-view-mother-working-with-kids-scaled.jpg?fit=2560%2C1707&ssl=1","datePublished":"2025-09-15T19:05:23+00:00","dateModified":"2025-11-04T17:56:36+00:00","author":{"@id":"https:\/\/tzs.pgq.temporary.site\/website_c18d3ae6\/#\/schema\/person\/655446504db2a404e6921d90ab7c0a0f"},"breadcrumb":{"@id":"https:\/\/educatespilar.com\/el-impacto-de-la-educacion-personalizada-en-el-desarrollo-social\/#breadcrumb"},"inLanguage":"en-US","potentialAction":[{"@type":"ReadAction","target":["https:\/\/educatespilar.com\/el-impacto-de-la-educacion-personalizada-en-el-desarrollo-social\/"]}]},{"@type":"ImageObject","inLanguage":"en-US","@id":"https:\/\/educatespilar.com\/el-impacto-de-la-educacion-personalizada-en-el-desarrollo-social\/#primaryimage","url":"https:\/\/i0.wp.com\/educatespilar.com\/wp-content\/uploads\/2025\/09\/top-view-mother-working-with-kids-scaled.jpg?fit=2560%2C1707&ssl=1","contentUrl":"https:\/\/i0.wp.com\/educatespilar.com\/wp-content\/uploads\/2025\/09\/top-view-mother-working-with-kids-scaled.jpg?fit=2560%2C1707&ssl=1","width":2560,"height":1707},{"@type":"BreadcrumbList","@id":"https:\/\/educatespilar.com\/el-impacto-de-la-educacion-personalizada-en-el-desarrollo-social\/#breadcrumb","itemListElement":[{"@type":"ListItem","position":1,"name":"Home","item":"https:\/\/educatespilar.com\/"},{"@type":"ListItem","position":2,"name":"El impacto de la educaci\u00f3n personalizada en el desarrollo social"}]},{"@type":"WebSite","@id":"https:\/\/tzs.pgq.temporary.site\/website_c18d3ae6\/#website","url":"https:\/\/tzs.pgq.temporary.site\/website_c18d3ae6\/","name":"EducatesPilar.com","description":"","potentialAction":[{"@type":"SearchAction","target":{"@type":"EntryPoint","urlTemplate":"https:\/\/tzs.pgq.temporary.site\/website_c18d3ae6\/?s={search_term_string}"},"query-input":{"@type":"PropertyValueSpecification","valueRequired":true,"valueName":"search_term_string"}}],"inLanguage":"en-US"},{"@type":"Person","@id":"https:\/\/tzs.pgq.temporary.site\/website_c18d3ae6\/#\/schema\/person\/655446504db2a404e6921d90ab7c0a0f","name":"educates","image":{"@type":"ImageObject","inLanguage":"en-US","@id":"https:\/\/secure.gravatar.com\/avatar\/f1e844324149cf607705bdc3821ac52f5613382cc275e3a009bc73539c52a819?s=96&d=mm&r=g","url":"https:\/\/secure.gravatar.com\/avatar\/f1e844324149cf607705bdc3821ac52f5613382cc275e3a009bc73539c52a819?s=96&d=mm&r=g","contentUrl":"https:\/\/secure.gravatar.com\/avatar\/f1e844324149cf607705bdc3821ac52f5613382cc275e3a009bc73539c52a819?s=96&d=mm&r=g","caption":"educates"},"url":"https:\/\/educatespilar.com\/en\/author\/educates\/"}]}},"jetpack_featured_media_url":"https:\/\/i0.wp.com\/educatespilar.com\/wp-content\/uploads\/2025\/09\/top-view-mother-working-with-kids-scaled.jpg?fit=2560%2C1707&ssl=1","jetpack_sharing_enabled":true,"_links":{"self":[{"href":"https:\/\/educatespilar.com\/en\/wp-json\/wp\/v2\/posts\/83","targetHints":{"allow":["GET"]}}],"collection":[{"href":"https:\/\/educatespilar.com\/en\/wp-json\/wp\/v2\/posts"}],"about":[{"href":"https:\/\/educatespilar.com\/en\/wp-json\/wp\/v2\/types\/post"}],"author":[{"embeddable":true,"href":"https:\/\/educatespilar.com\/en\/wp-json\/wp\/v2\/users\/2"}],"replies":[{"embeddable":true,"href":"https:\/\/educatespilar.com\/en\/wp-json\/wp\/v2\/comments?post=83"}],"version-history":[{"count":1,"href":"https:\/\/educatespilar.com\/en\/wp-json\/wp\/v2\/posts\/83\/revisions"}],"predecessor-version":[{"id":85,"href":"https:\/\/educatespilar.com\/en\/wp-json\/wp\/v2\/posts\/83\/revisions\/85"}],"wp:featuredmedia":[{"embeddable":true,"href":"https:\/\/educatespilar.com\/en\/wp-json\/wp\/v2\/media\/84"}],"wp:attachment":[{"href":"https:\/\/educatespilar.com\/en\/wp-json\/wp\/v2\/media?parent=83"}],"wp:term":[{"taxonomy":"category","embeddable":true,"href":"https:\/\/educatespilar.com\/en\/wp-json\/wp\/v2\/categories?post=83"},{"taxonomy":"post_tag","embeddable":true,"href":"https:\/\/educatespilar.com\/en\/wp-json\/wp\/v2\/tags?post=83"}],"curies":[{"name":"wp","href":"https:\/\/api.w.org\/{rel}","templated":true}]}}