{"id":70,"date":"2025-09-10T16:38:33","date_gmt":"2025-09-10T16:38:33","guid":{"rendered":"https:\/\/educatespilar.com\/?p=70"},"modified":"2025-11-04T17:54:52","modified_gmt":"2025-11-04T17:54:52","slug":"educacion-como-base-para-reducir-la-pobreza","status":"publish","type":"post","link":"https:\/\/educatespilar.com\/en\/educacion-como-base-para-reducir-la-pobreza\/","title":{"rendered":"Educaci\u00f3n como base para reducir la pobreza"},"content":{"rendered":"<p><span style=\"font-weight: 400;\">Acceder a educaci\u00f3n es una de las barreras actuales, pero se trata de una herramienta fundamental para combatir la pobreza.\u00a0<\/span><\/p>\n<p><img data-recalc-dims=\"1\" decoding=\"async\" loading=\"lazy\" class=\"alignnone size-medium wp-image-71\" src=\"https:\/\/i0.wp.com\/educatespilar.com\/wp-content\/uploads\/2025\/08\/school-kids-raising-hand-classroom-min.jpg?resize=300%2C200&#038;ssl=1\" alt=\"\" width=\"300\" height=\"200\" srcset=\"https:\/\/i0.wp.com\/educatespilar.com\/wp-content\/uploads\/2025\/08\/school-kids-raising-hand-classroom-min-scaled.jpg?resize=300%2C200&amp;ssl=1 300w, https:\/\/i0.wp.com\/educatespilar.com\/wp-content\/uploads\/2025\/08\/school-kids-raising-hand-classroom-min-scaled.jpg?resize=1024%2C683&amp;ssl=1 1024w, https:\/\/i0.wp.com\/educatespilar.com\/wp-content\/uploads\/2025\/08\/school-kids-raising-hand-classroom-min-scaled.jpg?resize=768%2C512&amp;ssl=1 768w, https:\/\/i0.wp.com\/educatespilar.com\/wp-content\/uploads\/2025\/08\/school-kids-raising-hand-classroom-min-scaled.jpg?resize=1536%2C1024&amp;ssl=1 1536w, https:\/\/i0.wp.com\/educatespilar.com\/wp-content\/uploads\/2025\/08\/school-kids-raising-hand-classroom-min-scaled.jpg?resize=2048%2C1365&amp;ssl=1 2048w\" sizes=\"auto, (max-width: 300px) 100vw, 300px\" \/><\/p>\n<p><span style=\"font-weight: 400;\">La <\/span><b>desigualdad en la sociedad <\/b><span style=\"font-weight: 400;\">es uno de los grandes problemas mundiales. El crecimiento de la brecha econ\u00f3mica es uno de los ejes de esta gran problem\u00e1tica. Y es en\u00a0 la educaci\u00f3n que se encuentra como una las herramientas m\u00e1s poderosas para romper el ciclo de la pobreza.\u00a0<\/span><\/p>\n<p><span style=\"font-weight: 400;\">Si bien es una herramienta que hist\u00f3ricamente se posiciona como <\/span><b>\u201cla soluci\u00f3n\u201d <\/b><span style=\"font-weight: 400;\">ante las desigualdades, ahora cobra a\u00fan m\u00e1s relevancia ante las alarmantes cifras que indican\u00a0 que m\u00e1s de 700 millones de personas en el mundo a\u00fan viven en condiciones de extrema pobreza, seg\u00fan datos del Banco Mundial.\u00a0<\/span><\/p>\n<p><span style=\"font-weight: 400;\">El acceso a una educaci\u00f3n de calidad no solo brinda conocimientos, sino que habilita caminos de autonom\u00eda <\/span><b>econ\u00f3mica, inclusi\u00f3n social y ciudadan\u00eda plena.<\/b><span style=\"font-weight: 400;\"> Y la pobreza no se debe reducir solo a un \u00edndice de ingresos bajos, sino de una falta constante de oportunidades, servicios b\u00e1sicos y derechos fundamentales.\u00a0<\/span><\/p>\n<p><span style=\"font-weight: 400;\">En este escenario, la <\/span><b>educaci\u00f3n<\/b><span style=\"font-weight: 400;\"> es una llave de acceso a un futuro m\u00e1s justo. Desde la primera infancia hasta la formaci\u00f3n t\u00e9cnica y profesional, los procesos educativos pueden transformar vidas, ampliar horizontes y ser el camino a oportunidades.\u00a0<\/span><\/p>\n<h2><b>Educaci\u00f3n como movilidad social<\/b><\/h2>\n<p><span style=\"font-weight: 400;\">Diversos estudios indican que las personas con mayor nivel educativo suelen tener m\u00e1s oportunidades <\/span><b>laborales, mejores ingresos y condiciones de vida m\u00e1s dignas. <\/b><span style=\"font-weight: 400;\">La UNESCO se\u00f1ala que con cada a\u00f1o adicional de escolarizaci\u00f3n se puede incrementar los ingresos de una persona adulta en un promedio del 10%.\u00a0<\/span><\/p>\n<p><span style=\"font-weight: 400;\">En pa\u00edses donde suelen tener <\/span><b>bajos ingresos<\/b><span style=\"font-weight: 400;\">, esa cifra puede incluso duplicarse. La relaci\u00f3n entre educaci\u00f3n y reducci\u00f3n de la pobreza es contundente, pero no solo esto impacta en el individuo, sino que una sociedad m\u00e1s educada es una comunidad m\u00e1s saludable, con menores tasas de mortalidad infantil, mayor equidad de g\u00e9nero y mejor acceso a servicios.\u00a0<\/span><\/p>\n<p><span style=\"font-weight: 400;\">Por lo que es un hecho que la <\/span><b>educaci\u00f3n<\/b><span style=\"font-weight: 400;\"> no solo mejora solo la realidad individual sino que tambi\u00e9n fortalece el tejido social.\u00a0<\/span><\/p>\n<p><span style=\"font-weight: 400;\">En pa\u00edses como Colombia, Per\u00fa o Argentina, iniciativas como las escuelas rurales integradas o los <\/span><b>internados educativos<\/b><span style=\"font-weight: 400;\"> permiten que ni\u00f1os y ni\u00f1as que antes caminaban horas para llegar a clases, hoy puedan formarse cerca de sus hogares.\u00a0<\/span><\/p>\n<p><span style=\"font-weight: 400;\">Estos espacios, no solo garantizan el derecho a aprender, sino que brindan alimentaci\u00f3n, <\/span><b>apoyo psicosocial y contenci\u00f3n. <\/b><span style=\"font-weight: 400;\">De all\u00ed de la importancia de contar con lugares, donde se aplique una visi\u00f3n integral de la educaci\u00f3n, y no solo el concepto de transmitir conocimientos.\u00a0<\/span><\/p>\n<p><span style=\"font-weight: 400;\">Otra herramienta de cambio en la educaci\u00f3n es la puesta en marcha de los programas de becas y tutor\u00edas, como son las organizaciones como Fundaci\u00f3n Estudar (Brasil), Ense\u00f1a por M\u00e9xico o Fundaci\u00f3n Pescar (Argentina) que trabajan con <\/span><b>j\u00f3venes de contextos vulnerables, <\/b><span style=\"font-weight: 400;\">acompa\u00f1\u00e1ndolos en su trayectoria educativa con apoyo econ\u00f3mico, orientaci\u00f3n vocacional y formaci\u00f3n en habilidades socioemocionales.\u00a0<\/span><\/p>\n<p><span style=\"font-weight: 400;\">Las <\/span><b>mentor\u00edas, <\/b><span style=\"font-weight: 400;\">en particular, tienen un importante rol ya que permiten que estudiantes que son primera generaci\u00f3n en su familia en llegar a la universidad cuenten con referentes que los gu\u00eden y los escuchen, siendo una red de apoyo\u00a0 que es de gran importancia para evitar la deserci\u00f3n y fortalecer la confianza.<\/span><\/p>\n<p><span style=\"font-weight: 400;\">En la misma l\u00ednea, m\u00e1s all\u00e1 del acceso inicial a la<\/span><b> educaci\u00f3n<\/b><span style=\"font-weight: 400;\">, es importante pensar en el desarrollo profesional de una manera continua. En \u00e1reas como la salud, la tecnolog\u00eda o la econom\u00eda verde, capacitarse de manera constante es indispensable para mantenerse activo y competitivo.\u00a0<\/span><\/p>\n<p><span style=\"font-weight: 400;\">En este sentido, las<\/span><b> plataformas digitales <\/b><span style=\"font-weight: 400;\">se convirtieron en un gran puesto, dando\u00a0 acceso a educaci\u00f3n universitaria, cursos, diplomaturas y certificaciones, democratizando el conocimiento, independientemente de la localizaci\u00f3n de la persona que busca formarse. Las tecnolog\u00edas en la educaci\u00f3n acortan las distancias.\u00a0\u00a0<\/span><\/p>\n<p><span style=\"font-weight: 400;\">Es por ello que Invertir en<\/span><b> educaci\u00f3n <\/b><span style=\"font-weight: 400;\">es apostar en desarrollo sostenible. Seg\u00fan la UNESCO, si todos los alumnos de\u00a0 pa\u00edses de ingresos bajos terminaran la secundaria, el \u00edndice de pobreza global se reducir\u00eda a la mitad.\u00a0<\/span><\/p>\n<p><span style=\"font-weight: 400;\">No obstante, este escenario a\u00fan no puede ser una realidad debido al d\u00e9ficit estructural de <\/span><b>inversi\u00f3n <\/b><span style=\"font-weight: 400;\">que existe en todo el mundo. Muchos pa\u00edses destinan menos del 4% de su PBI a la educaci\u00f3n, cuando el m\u00ednimo recomendado es del 6%.<\/span><\/p>\n<p><span style=\"font-weight: 400;\">Este n\u00famero deja en evidencia que las<\/span><b> pol\u00edticas p\u00fablicas <\/b><span style=\"font-weight: 400;\">son fundamentales para garantizar una educaci\u00f3n gratuita, inclusiva y de calidad, pero se necesita de decisi\u00f3n pol\u00edtica, planificaci\u00f3n y recursos.\u00a0<\/span><\/p>\n<p><span style=\"font-weight: 400;\">Pero tambi\u00e9n es clave el trabajo en red con el<\/span><b> sector privado<\/b><span style=\"font-weight: 400;\">, universidades y sociedad civil siendo que las alianzas p\u00fablico-privadas permiten impulsar proyectos, sumar innovaci\u00f3n y llegar a donde el Estado a veces no lo hace.\u00a0<\/span><\/p>\n<p><span style=\"font-weight: 400;\">Entender a la <\/span><b>educaci\u00f3n <\/b><span style=\"font-weight: 400;\">como pilar del desarrollo se trata de dejar de verla solo de aulas o pizarrones, sino de procesos de aprendizaje a lo largo de toda la vida, en distintos formatos y espacios.\u00a0<\/span><\/p>\n<p><span style=\"font-weight: 400;\">La lucha contra la<\/span><b> pobreza <\/b><span style=\"font-weight: 400;\">no se ganar\u00e1 solo con dar alimentos o subsidios, sino tambi\u00e9n con libros, ideas, v\u00ednculos y oportunidades de aprender. Y en un mundo donde la desigualdad crece, la educaci\u00f3n sigue siendo la mejor herramienta para construir un cambio para el presente y el futuro.<\/span><\/p>\n<p>&nbsp;<\/p>","protected":false},"excerpt":{"rendered":"<p>Acceder a educaci\u00f3n es una de las barreras actuales, pero se trata de una herramienta fundamental para combatir la pobreza.\u00a0 La desigualdad en la sociedad es uno de los grandes problemas mundiales. El crecimiento de la brecha econ\u00f3mica es uno de los ejes de esta gran problem\u00e1tica. Y es en\u00a0 la educaci\u00f3n que se encuentra [&hellip;]<\/p>\n","protected":false},"author":2,"featured_media":71,"comment_status":"closed","ping_status":"closed","sticky":false,"template":"","format":"standard","meta":{"nf_dc_page":"","_jetpack_memberships_contains_paid_content":false,"footnotes":""},"categories":[9],"tags":[21,22],"class_list":["post-70","post","type-post","status-publish","format-standard","has-post-thumbnail","hentry","category-educacion","tag-pobreza","tag-reducir"],"yoast_head":"<!-- This site is optimized with the Yoast SEO plugin v27.4 - https:\/\/yoast.com\/product\/yoast-seo-wordpress\/ -->\n<title>Educaci\u00f3n como base para reducir la pobreza - EducatesPilar.com<\/title>\n<meta name=\"robots\" content=\"index, follow, max-snippet:-1, max-image-preview:large, max-video-preview:-1\" \/>\n<link rel=\"canonical\" href=\"https:\/\/educatespilar.com\/en\/educacion-como-base-para-reducir-la-pobreza\/\" \/>\n<meta property=\"og:locale\" content=\"en_US\" \/>\n<meta property=\"og:type\" content=\"article\" \/>\n<meta property=\"og:title\" content=\"Educaci\u00f3n como base para reducir la pobreza - EducatesPilar.com\" \/>\n<meta property=\"og:description\" content=\"Acceder a educaci\u00f3n es una de las barreras actuales, pero se trata de una herramienta fundamental para combatir la pobreza.\u00a0 La desigualdad en la sociedad es uno de los grandes problemas mundiales. El crecimiento de la brecha econ\u00f3mica es uno de los ejes de esta gran problem\u00e1tica. Y es en\u00a0 la educaci\u00f3n que se encuentra [&hellip;]\" \/>\n<meta property=\"og:url\" content=\"https:\/\/educatespilar.com\/en\/educacion-como-base-para-reducir-la-pobreza\/\" \/>\n<meta property=\"og:site_name\" content=\"EducatesPilar.com\" \/>\n<meta property=\"article:published_time\" content=\"2025-09-10T16:38:33+00:00\" \/>\n<meta property=\"article:modified_time\" content=\"2025-11-04T17:54:52+00:00\" \/>\n<meta property=\"og:image\" content=\"https:\/\/educatespilar.com\/wp-content\/uploads\/2025\/08\/school-kids-raising-hand-classroom-min-scaled.jpg\" \/>\n\t<meta property=\"og:image:width\" content=\"2560\" \/>\n\t<meta property=\"og:image:height\" content=\"1707\" \/>\n\t<meta property=\"og:image:type\" content=\"image\/jpeg\" \/>\n<meta name=\"author\" content=\"educates\" \/>\n<meta name=\"twitter:card\" content=\"summary_large_image\" \/>\n<meta name=\"twitter:label1\" content=\"Written by\" \/>\n\t<meta name=\"twitter:data1\" content=\"educates\" \/>\n\t<meta name=\"twitter:label2\" content=\"Est. reading time\" \/>\n\t<meta name=\"twitter:data2\" content=\"5 minutes\" \/>\n<script type=\"application\/ld+json\" class=\"yoast-schema-graph\">{\"@context\":\"https:\\\/\\\/schema.org\",\"@graph\":[{\"@type\":\"Article\",\"@id\":\"https:\\\/\\\/educatespilar.com\\\/educacion-como-base-para-reducir-la-pobreza\\\/#article\",\"isPartOf\":{\"@id\":\"https:\\\/\\\/educatespilar.com\\\/educacion-como-base-para-reducir-la-pobreza\\\/\"},\"author\":{\"name\":\"educates\",\"@id\":\"https:\\\/\\\/tzs.pgq.temporary.site\\\/website_c18d3ae6\\\/#\\\/schema\\\/person\\\/655446504db2a404e6921d90ab7c0a0f\"},\"headline\":\"Educaci\u00f3n como base para reducir la pobreza\",\"datePublished\":\"2025-09-10T16:38:33+00:00\",\"dateModified\":\"2025-11-04T17:54:52+00:00\",\"mainEntityOfPage\":{\"@id\":\"https:\\\/\\\/educatespilar.com\\\/educacion-como-base-para-reducir-la-pobreza\\\/\"},\"wordCount\":936,\"image\":{\"@id\":\"https:\\\/\\\/educatespilar.com\\\/educacion-como-base-para-reducir-la-pobreza\\\/#primaryimage\"},\"thumbnailUrl\":\"https:\\\/\\\/i0.wp.com\\\/educatespilar.com\\\/wp-content\\\/uploads\\\/2025\\\/08\\\/school-kids-raising-hand-classroom-min-scaled.jpg?fit=2560%2C1707&ssl=1\",\"keywords\":[\"pobreza\",\"reducir\"],\"articleSection\":[\"Educaci\u00f3n\"],\"inLanguage\":\"en-US\"},{\"@type\":\"WebPage\",\"@id\":\"https:\\\/\\\/educatespilar.com\\\/educacion-como-base-para-reducir-la-pobreza\\\/\",\"url\":\"https:\\\/\\\/educatespilar.com\\\/educacion-como-base-para-reducir-la-pobreza\\\/\",\"name\":\"Educaci\u00f3n como base para reducir la pobreza - EducatesPilar.com\",\"isPartOf\":{\"@id\":\"https:\\\/\\\/tzs.pgq.temporary.site\\\/website_c18d3ae6\\\/#website\"},\"primaryImageOfPage\":{\"@id\":\"https:\\\/\\\/educatespilar.com\\\/educacion-como-base-para-reducir-la-pobreza\\\/#primaryimage\"},\"image\":{\"@id\":\"https:\\\/\\\/educatespilar.com\\\/educacion-como-base-para-reducir-la-pobreza\\\/#primaryimage\"},\"thumbnailUrl\":\"https:\\\/\\\/i0.wp.com\\\/educatespilar.com\\\/wp-content\\\/uploads\\\/2025\\\/08\\\/school-kids-raising-hand-classroom-min-scaled.jpg?fit=2560%2C1707&ssl=1\",\"datePublished\":\"2025-09-10T16:38:33+00:00\",\"dateModified\":\"2025-11-04T17:54:52+00:00\",\"author\":{\"@id\":\"https:\\\/\\\/tzs.pgq.temporary.site\\\/website_c18d3ae6\\\/#\\\/schema\\\/person\\\/655446504db2a404e6921d90ab7c0a0f\"},\"breadcrumb\":{\"@id\":\"https:\\\/\\\/educatespilar.com\\\/educacion-como-base-para-reducir-la-pobreza\\\/#breadcrumb\"},\"inLanguage\":\"en-US\",\"potentialAction\":[{\"@type\":\"ReadAction\",\"target\":[\"https:\\\/\\\/educatespilar.com\\\/educacion-como-base-para-reducir-la-pobreza\\\/\"]}]},{\"@type\":\"ImageObject\",\"inLanguage\":\"en-US\",\"@id\":\"https:\\\/\\\/educatespilar.com\\\/educacion-como-base-para-reducir-la-pobreza\\\/#primaryimage\",\"url\":\"https:\\\/\\\/i0.wp.com\\\/educatespilar.com\\\/wp-content\\\/uploads\\\/2025\\\/08\\\/school-kids-raising-hand-classroom-min-scaled.jpg?fit=2560%2C1707&ssl=1\",\"contentUrl\":\"https:\\\/\\\/i0.wp.com\\\/educatespilar.com\\\/wp-content\\\/uploads\\\/2025\\\/08\\\/school-kids-raising-hand-classroom-min-scaled.jpg?fit=2560%2C1707&ssl=1\",\"width\":2560,\"height\":1707},{\"@type\":\"BreadcrumbList\",\"@id\":\"https:\\\/\\\/educatespilar.com\\\/educacion-como-base-para-reducir-la-pobreza\\\/#breadcrumb\",\"itemListElement\":[{\"@type\":\"ListItem\",\"position\":1,\"name\":\"Home\",\"item\":\"https:\\\/\\\/educatespilar.com\\\/\"},{\"@type\":\"ListItem\",\"position\":2,\"name\":\"Educaci\u00f3n como base para reducir la pobreza\"}]},{\"@type\":\"WebSite\",\"@id\":\"https:\\\/\\\/tzs.pgq.temporary.site\\\/website_c18d3ae6\\\/#website\",\"url\":\"https:\\\/\\\/tzs.pgq.temporary.site\\\/website_c18d3ae6\\\/\",\"name\":\"EducatesPilar.com\",\"description\":\"\",\"potentialAction\":[{\"@type\":\"SearchAction\",\"target\":{\"@type\":\"EntryPoint\",\"urlTemplate\":\"https:\\\/\\\/tzs.pgq.temporary.site\\\/website_c18d3ae6\\\/?s={search_term_string}\"},\"query-input\":{\"@type\":\"PropertyValueSpecification\",\"valueRequired\":true,\"valueName\":\"search_term_string\"}}],\"inLanguage\":\"en-US\"},{\"@type\":\"Person\",\"@id\":\"https:\\\/\\\/tzs.pgq.temporary.site\\\/website_c18d3ae6\\\/#\\\/schema\\\/person\\\/655446504db2a404e6921d90ab7c0a0f\",\"name\":\"educates\",\"image\":{\"@type\":\"ImageObject\",\"inLanguage\":\"en-US\",\"@id\":\"https:\\\/\\\/secure.gravatar.com\\\/avatar\\\/f1e844324149cf607705bdc3821ac52f5613382cc275e3a009bc73539c52a819?s=96&d=mm&r=g\",\"url\":\"https:\\\/\\\/secure.gravatar.com\\\/avatar\\\/f1e844324149cf607705bdc3821ac52f5613382cc275e3a009bc73539c52a819?s=96&d=mm&r=g\",\"contentUrl\":\"https:\\\/\\\/secure.gravatar.com\\\/avatar\\\/f1e844324149cf607705bdc3821ac52f5613382cc275e3a009bc73539c52a819?s=96&d=mm&r=g\",\"caption\":\"educates\"},\"url\":\"https:\\\/\\\/educatespilar.com\\\/en\\\/author\\\/educates\\\/\"}]}<\/script>\n<!-- \/ Yoast SEO plugin. -->","yoast_head_json":{"title":"Educaci\u00f3n como base para reducir la pobreza - EducatesPilar.com","robots":{"index":"index","follow":"follow","max-snippet":"max-snippet:-1","max-image-preview":"max-image-preview:large","max-video-preview":"max-video-preview:-1"},"canonical":"https:\/\/educatespilar.com\/en\/educacion-como-base-para-reducir-la-pobreza\/","og_locale":"en_US","og_type":"article","og_title":"Educaci\u00f3n como base para reducir la pobreza - EducatesPilar.com","og_description":"Acceder a educaci\u00f3n es una de las barreras actuales, pero se trata de una herramienta fundamental para combatir la pobreza.\u00a0 La desigualdad en la sociedad es uno de los grandes problemas mundiales. El crecimiento de la brecha econ\u00f3mica es uno de los ejes de esta gran problem\u00e1tica. Y es en\u00a0 la educaci\u00f3n que se encuentra [&hellip;]","og_url":"https:\/\/educatespilar.com\/en\/educacion-como-base-para-reducir-la-pobreza\/","og_site_name":"EducatesPilar.com","article_published_time":"2025-09-10T16:38:33+00:00","article_modified_time":"2025-11-04T17:54:52+00:00","og_image":[{"width":2560,"height":1707,"url":"https:\/\/educatespilar.com\/wp-content\/uploads\/2025\/08\/school-kids-raising-hand-classroom-min-scaled.jpg","type":"image\/jpeg"}],"author":"educates","twitter_card":"summary_large_image","twitter_misc":{"Written by":"educates","Est. reading time":"5 minutes"},"schema":{"@context":"https:\/\/schema.org","@graph":[{"@type":"Article","@id":"https:\/\/educatespilar.com\/educacion-como-base-para-reducir-la-pobreza\/#article","isPartOf":{"@id":"https:\/\/educatespilar.com\/educacion-como-base-para-reducir-la-pobreza\/"},"author":{"name":"educates","@id":"https:\/\/tzs.pgq.temporary.site\/website_c18d3ae6\/#\/schema\/person\/655446504db2a404e6921d90ab7c0a0f"},"headline":"Educaci\u00f3n como base para reducir la pobreza","datePublished":"2025-09-10T16:38:33+00:00","dateModified":"2025-11-04T17:54:52+00:00","mainEntityOfPage":{"@id":"https:\/\/educatespilar.com\/educacion-como-base-para-reducir-la-pobreza\/"},"wordCount":936,"image":{"@id":"https:\/\/educatespilar.com\/educacion-como-base-para-reducir-la-pobreza\/#primaryimage"},"thumbnailUrl":"https:\/\/i0.wp.com\/educatespilar.com\/wp-content\/uploads\/2025\/08\/school-kids-raising-hand-classroom-min-scaled.jpg?fit=2560%2C1707&ssl=1","keywords":["pobreza","reducir"],"articleSection":["Educaci\u00f3n"],"inLanguage":"en-US"},{"@type":"WebPage","@id":"https:\/\/educatespilar.com\/educacion-como-base-para-reducir-la-pobreza\/","url":"https:\/\/educatespilar.com\/educacion-como-base-para-reducir-la-pobreza\/","name":"Educaci\u00f3n como base para reducir la pobreza - EducatesPilar.com","isPartOf":{"@id":"https:\/\/tzs.pgq.temporary.site\/website_c18d3ae6\/#website"},"primaryImageOfPage":{"@id":"https:\/\/educatespilar.com\/educacion-como-base-para-reducir-la-pobreza\/#primaryimage"},"image":{"@id":"https:\/\/educatespilar.com\/educacion-como-base-para-reducir-la-pobreza\/#primaryimage"},"thumbnailUrl":"https:\/\/i0.wp.com\/educatespilar.com\/wp-content\/uploads\/2025\/08\/school-kids-raising-hand-classroom-min-scaled.jpg?fit=2560%2C1707&ssl=1","datePublished":"2025-09-10T16:38:33+00:00","dateModified":"2025-11-04T17:54:52+00:00","author":{"@id":"https:\/\/tzs.pgq.temporary.site\/website_c18d3ae6\/#\/schema\/person\/655446504db2a404e6921d90ab7c0a0f"},"breadcrumb":{"@id":"https:\/\/educatespilar.com\/educacion-como-base-para-reducir-la-pobreza\/#breadcrumb"},"inLanguage":"en-US","potentialAction":[{"@type":"ReadAction","target":["https:\/\/educatespilar.com\/educacion-como-base-para-reducir-la-pobreza\/"]}]},{"@type":"ImageObject","inLanguage":"en-US","@id":"https:\/\/educatespilar.com\/educacion-como-base-para-reducir-la-pobreza\/#primaryimage","url":"https:\/\/i0.wp.com\/educatespilar.com\/wp-content\/uploads\/2025\/08\/school-kids-raising-hand-classroom-min-scaled.jpg?fit=2560%2C1707&ssl=1","contentUrl":"https:\/\/i0.wp.com\/educatespilar.com\/wp-content\/uploads\/2025\/08\/school-kids-raising-hand-classroom-min-scaled.jpg?fit=2560%2C1707&ssl=1","width":2560,"height":1707},{"@type":"BreadcrumbList","@id":"https:\/\/educatespilar.com\/educacion-como-base-para-reducir-la-pobreza\/#breadcrumb","itemListElement":[{"@type":"ListItem","position":1,"name":"Home","item":"https:\/\/educatespilar.com\/"},{"@type":"ListItem","position":2,"name":"Educaci\u00f3n como base para reducir la pobreza"}]},{"@type":"WebSite","@id":"https:\/\/tzs.pgq.temporary.site\/website_c18d3ae6\/#website","url":"https:\/\/tzs.pgq.temporary.site\/website_c18d3ae6\/","name":"EducatesPilar.com","description":"","potentialAction":[{"@type":"SearchAction","target":{"@type":"EntryPoint","urlTemplate":"https:\/\/tzs.pgq.temporary.site\/website_c18d3ae6\/?s={search_term_string}"},"query-input":{"@type":"PropertyValueSpecification","valueRequired":true,"valueName":"search_term_string"}}],"inLanguage":"en-US"},{"@type":"Person","@id":"https:\/\/tzs.pgq.temporary.site\/website_c18d3ae6\/#\/schema\/person\/655446504db2a404e6921d90ab7c0a0f","name":"educates","image":{"@type":"ImageObject","inLanguage":"en-US","@id":"https:\/\/secure.gravatar.com\/avatar\/f1e844324149cf607705bdc3821ac52f5613382cc275e3a009bc73539c52a819?s=96&d=mm&r=g","url":"https:\/\/secure.gravatar.com\/avatar\/f1e844324149cf607705bdc3821ac52f5613382cc275e3a009bc73539c52a819?s=96&d=mm&r=g","contentUrl":"https:\/\/secure.gravatar.com\/avatar\/f1e844324149cf607705bdc3821ac52f5613382cc275e3a009bc73539c52a819?s=96&d=mm&r=g","caption":"educates"},"url":"https:\/\/educatespilar.com\/en\/author\/educates\/"}]}},"jetpack_featured_media_url":"https:\/\/i0.wp.com\/educatespilar.com\/wp-content\/uploads\/2025\/08\/school-kids-raising-hand-classroom-min-scaled.jpg?fit=2560%2C1707&ssl=1","jetpack_sharing_enabled":true,"_links":{"self":[{"href":"https:\/\/educatespilar.com\/en\/wp-json\/wp\/v2\/posts\/70","targetHints":{"allow":["GET"]}}],"collection":[{"href":"https:\/\/educatespilar.com\/en\/wp-json\/wp\/v2\/posts"}],"about":[{"href":"https:\/\/educatespilar.com\/en\/wp-json\/wp\/v2\/types\/post"}],"author":[{"embeddable":true,"href":"https:\/\/educatespilar.com\/en\/wp-json\/wp\/v2\/users\/2"}],"replies":[{"embeddable":true,"href":"https:\/\/educatespilar.com\/en\/wp-json\/wp\/v2\/comments?post=70"}],"version-history":[{"count":1,"href":"https:\/\/educatespilar.com\/en\/wp-json\/wp\/v2\/posts\/70\/revisions"}],"predecessor-version":[{"id":72,"href":"https:\/\/educatespilar.com\/en\/wp-json\/wp\/v2\/posts\/70\/revisions\/72"}],"wp:featuredmedia":[{"embeddable":true,"href":"https:\/\/educatespilar.com\/en\/wp-json\/wp\/v2\/media\/71"}],"wp:attachment":[{"href":"https:\/\/educatespilar.com\/en\/wp-json\/wp\/v2\/media?parent=70"}],"wp:term":[{"taxonomy":"category","embeddable":true,"href":"https:\/\/educatespilar.com\/en\/wp-json\/wp\/v2\/categories?post=70"},{"taxonomy":"post_tag","embeddable":true,"href":"https:\/\/educatespilar.com\/en\/wp-json\/wp\/v2\/tags?post=70"}],"curies":[{"name":"wp","href":"https:\/\/api.w.org\/{rel}","templated":true}]}}