{"id":65,"date":"2025-09-09T16:34:22","date_gmt":"2025-09-09T16:34:22","guid":{"rendered":"https:\/\/educatespilar.com\/?p=65"},"modified":"2025-11-04T17:54:34","modified_gmt":"2025-11-04T17:54:34","slug":"el-rol-de-las-alianzas-publico-privadas-en-la-educacion","status":"publish","type":"post","link":"https:\/\/educatespilar.com\/en\/el-rol-de-las-alianzas-publico-privadas-en-la-educacion\/","title":{"rendered":"El rol de las alianzas p\u00fablico-privadas en la educaci\u00f3n"},"content":{"rendered":"<p><span style=\"font-weight: 400;\">Que la educaci\u00f3n de calidad est\u00e9 al alcance de todos es uno de los grandes objetivos, a nivel mundial. Un punteo de c\u00f3mo se logra con alianzas.<\/span><\/p>\n<p><img data-recalc-dims=\"1\" decoding=\"async\" loading=\"lazy\" class=\"alignnone size-medium wp-image-68\" src=\"https:\/\/i0.wp.com\/educatespilar.com\/wp-content\/uploads\/2025\/08\/busy-students-one-table-min.jpg?resize=300%2C186&#038;ssl=1\" alt=\"\" width=\"300\" height=\"186\" srcset=\"https:\/\/i0.wp.com\/educatespilar.com\/wp-content\/uploads\/2025\/08\/busy-students-one-table-min-scaled.jpg?resize=300%2C186&amp;ssl=1 300w, https:\/\/i0.wp.com\/educatespilar.com\/wp-content\/uploads\/2025\/08\/busy-students-one-table-min-scaled.jpg?resize=1024%2C636&amp;ssl=1 1024w, https:\/\/i0.wp.com\/educatespilar.com\/wp-content\/uploads\/2025\/08\/busy-students-one-table-min-scaled.jpg?resize=768%2C477&amp;ssl=1 768w, https:\/\/i0.wp.com\/educatespilar.com\/wp-content\/uploads\/2025\/08\/busy-students-one-table-min-scaled.jpg?resize=1536%2C954&amp;ssl=1 1536w, https:\/\/i0.wp.com\/educatespilar.com\/wp-content\/uploads\/2025\/08\/busy-students-one-table-min-scaled.jpg?resize=2048%2C1272&amp;ssl=1 2048w\" sizes=\"auto, (max-width: 300px) 100vw, 300px\" \/><\/p>\n<p><span style=\"font-weight: 400;\">La <\/span><b>educaci\u00f3n<\/b><span style=\"font-weight: 400;\"> es una herramienta de transformaci\u00f3n, y construcci\u00f3n de sociedades m\u00e1s justas y abiertas a oportunidades. Pero garantizar un acceso de calidad para todos es un problema a resolver en todo el mundo, pero sobre todo en zonas donde la infraestructura es escasa o nulo, donde\u00a0 los recursos escasos y las pol\u00edticas p\u00fablicas insuficientes.<\/span><\/p>\n<p><span style=\"font-weight: 400;\">Es por eso que las alianzas <\/span><b>p\u00fablico-privadas<\/b><span style=\"font-weight: 400;\"> son la respuesta ante las demandas, siendo una combinaci\u00f3n estrat\u00e9gica que tiene el poder de transformar realidades educativas desde la colaboraci\u00f3n y responsabilidad.<\/span><\/p>\n<p><span style=\"font-weight: 400;\">Estas alianzas, que pueden ser entre gobiernos, empresas, organizaciones sociales y <\/span><b>organismos internacionales,<\/b><span style=\"font-weight: 400;\"> combinan recursos, saberes y capacidades de ambas partes, con el objetivo de potenciar las oportunidades educativas, en b\u00fasqueda de mejorar la calidad de formaci\u00f3n en todos los niveles.<\/span><\/p>\n<p><span style=\"font-weight: 400;\">Pero esta <\/span><b>combinaci\u00f3n de entidades<\/b><span style=\"font-weight: 400;\"> no se traduce en una privatizaci\u00f3n del sistema, sino que tienen como objetivo fortalecer el rol del Estado, al mismo tiempo que movilizan al sector privado hacia un compromiso activo con el desarrollo social.<\/span><\/p>\n<h2><b>La educaci\u00f3n en conjunto<\/b><\/h2>\n<p><span style=\"font-weight: 400;\">Las <\/span><b>alianzas p\u00fablico-privadas<\/b><span style=\"font-weight: 400;\"> tienen una forma de accionar concreta. Mientras que el sector p\u00fablico tiene validez, acci\u00f3n normativa y alcance territorial, el privado da innovaci\u00f3n, financiamiento y capacidad de ejecuci\u00f3n.<\/span><\/p>\n<p><span style=\"font-weight: 400;\">Esta combinaci\u00f3n tiene resultados esperanzadores, sobre todos en aquellos lugares\u00a0 donde las <\/span><b>pol\u00edticas educativas<\/b><span style=\"font-weight: 400;\"> llegan con dificultad o necesitan m\u00e1s apoyo\u00a0 para que la educaci\u00f3n llegue a cada alumno. Esto ocurre frecuentemente\u00a0 en zonas rurales o marginadas, donde los desaf\u00edos estructurales necesitan de respuestas con una visi\u00f3n integral.\u00a0<\/span><\/p>\n<p><span style=\"font-weight: 400;\">Empresarios por la Educaci\u00f3n en Colombia, es un proyecto que responde a este tipo de programas, siendo una red nacional que vincula a empresas con escuelas p\u00fablicas para impulsar mejoras pedag\u00f3gicas,<\/span><b> fortalecer la gesti\u00f3n escolar <\/b><span style=\"font-weight: 400;\">y generar oportunidades de desarrollo docente.\u00a0<\/span><\/p>\n<p><span style=\"font-weight: 400;\">Con esta iniciativa se consiguen recursos educativos\u00a0 pero tambi\u00e9n dej\u00f3 en claro la importancia de una <\/span><b>cultura de evaluaci\u00f3n <\/b><span style=\"font-weight: 400;\">y mejora, lo que se tradujo a resultados en el desempe\u00f1o estudiantil.<\/span><\/p>\n<p><span style=\"font-weight: 400;\">En Argentina <\/span><b>existen proyectos <\/b><span style=\"font-weight: 400;\">que lograron grandes transformaciones educaciones.La Fundaci\u00f3n ARCOR o Fundaci\u00f3n Telef\u00f3nica Movistar trabajan con gobiernos locales para brindar tecnolog\u00eda, formaci\u00f3n docente y contenidos digitales a escuelas de bajos recursos. Estas iniciativas, muchas veces est\u00e1n destinadas\u00a0 en la primera infancia o en la educaci\u00f3n t\u00e9cnica, y demuestran c\u00f3mo el compromiso empresarial ser de gran ayuda en la transformaci\u00f3n social.<\/span><\/p>\n<p><span style=\"font-weight: 400;\">Asimismo, uno de los principales aportes de esta alianza se da respecto a\u00a0 la <\/span><b>infraestructura <\/b><span style=\"font-weight: 400;\">escolar, donde el financiamiento estatal suele no ser suficiente\u00a0 para cubrir todas las necesidades.\u00a0<\/span><\/p>\n<p><span style=\"font-weight: 400;\">A trav\u00e9s de <\/span><b>colaboraciones,<\/b><span style=\"font-weight: 400;\"> muchas empresas se enfocan a ser parte de\u00a0 la construcci\u00f3n o mejora de escuelas, brindar equipamiento tecnol\u00f3gico y adecuaci\u00f3n de espacios para el aprendizaje.\u00a0<\/span><\/p>\n<p><span style=\"font-weight: 400;\">El acceso a la conectividad digital es otro de los grandes aportes de las empresas. Durante la pandemia de COVID-19\u00a0 se evidenci\u00f3 las grandes desigualdades en el acceso a internet y la disponibilidad a<\/span><b> dispositivos tecnol\u00f3gicos,<\/b><span style=\"font-weight: 400;\"> siendo un gran obst\u00e1culo para millones de estudiantes que necesitaban continuar con su formaci\u00f3n online.\u00a0<\/span><\/p>\n<p><span style=\"font-weight: 400;\">Por esta <\/span><b>gran problem\u00e1tica,<\/b><span style=\"font-weight: 400;\"> se impulsaron iniciativas entre gobiernos y empresas de telecomunicaciones para garantizar la continuidad pedag\u00f3gica. Estas estrategias, como\u00a0 son los programas de <\/span><b>datos gratuitos<\/b><span style=\"font-weight: 400;\"> para plataformas educativas o el acceso a dispositivos, funcionan gracias a los modelos de colaboraci\u00f3n.\u00a0<\/span><\/p>\n<p><span style=\"font-weight: 400;\">En la misma l\u00ednea,\u00a0 a sabiendas de lo importante que es la formaci\u00f3n y <\/span><b>actualizaci\u00f3n docente <\/b><span style=\"font-weight: 400;\">la alianza p\u00fablico-privado tambi\u00e9n genera cambios en esta \u00e1rea. Es que con la velocidad con la que cambian los escenarios de la mano de la tecnolog\u00eda, se necesita a un cuerpo\u00a0 docente preparado no solo en contenidos, sino tambi\u00e9n en metodolog\u00edas innovadoras y herramientas digitales.\u00a0<\/span><\/p>\n<p><span style=\"font-weight: 400;\">El sector privado aporta e en este aspecto con propuestas de<\/span><b> capacitaci\u00f3n continua<\/b><span style=\"font-weight: 400;\">, mentor\u00edas y programas de desarrollo profesional para aquellos que ense\u00f1an.<\/span><\/p>\n<p><span style=\"font-weight: 400;\">Sin embargo, este tipo de modelos de las alianzas p\u00fablico-privadas tambi\u00e9n tienen cuestiones a resolver, pese a su <\/span><b>excelente funcionamiento<\/b><span style=\"font-weight: 400;\"> tiene que poderse garantizar que la participaci\u00f3n del sector privado no sea por intereses comerciales o reputacionales es uno de ellos, ya que su colaboraci\u00f3n y trabajo en conjunto debe ser por un compromiso con el bien com\u00fan. Para evitarlo, es fundamental contar con marcos regulatorios claros, mecanismos de rendici\u00f3n de cuentas y participaci\u00f3n comunitaria en el dise\u00f1o y seguimiento de los proyectos.<\/span><\/p>\n<p><span style=\"font-weight: 400;\">Asimismo, es clave que estas alianzas no reemplacen la <\/span><b>responsabilidad <\/b><span style=\"font-weight: 400;\">del Estado en materia educativa, sino que la complementen, siendo tomadas como una herramienta para fortalecer pol\u00edticas p\u00fablicas, no para delegarlas ni para generar fragmentaci\u00f3n en el sistema.<\/span><\/p>\n<p><span style=\"font-weight: 400;\">El crecimiento de las <\/span><b>alianzas p\u00fablico-privadas<\/b><span style=\"font-weight: 400;\"> en educaci\u00f3n responde a una l\u00f3gica cada vez m\u00e1s presente en los Objetivos de Desarrollo Sostenible (ODS), ya que particularmente el ODS 4, que promueve una educaci\u00f3n inclusiva, equitativa y de calidad.\u00a0<\/span><\/p>\n<p><span style=\"font-weight: 400;\">Pero este modelo no son una<\/span><b> f\u00f3rmula m\u00e1gica,<\/b><span style=\"font-weight: 400;\"> pero s\u00ed son una gran estrategia para acelerar los cambios que la educaci\u00f3n necesita. Cuando est\u00e1n bien dise\u00f1adas, orientadas por principios de equidad, participaci\u00f3n y sostenibilidad, tienen el potencial de transformar realidades educativas, cerrar brechas hist\u00f3ricas y abrir nuevas oportunidades para quienes m\u00e1s lo necesitan.<\/span><\/p>\n<p>&nbsp;<\/p>","protected":false},"excerpt":{"rendered":"<p>Que la educaci\u00f3n de calidad est\u00e9 al alcance de todos es uno de los grandes objetivos, a nivel mundial. Un punteo de c\u00f3mo se logra con alianzas. La educaci\u00f3n es una herramienta de transformaci\u00f3n, y construcci\u00f3n de sociedades m\u00e1s justas y abiertas a oportunidades. Pero garantizar un acceso de calidad para todos es un problema [&hellip;]<\/p>\n","protected":false},"author":2,"featured_media":0,"comment_status":"closed","ping_status":"closed","sticky":false,"template":"","format":"standard","meta":{"nf_dc_page":"","_jetpack_memberships_contains_paid_content":false,"footnotes":""},"categories":[9],"tags":[18,20,19,17],"class_list":["post-65","post","type-post","status-publish","format-standard","hentry","category-educacion","tag-alianza","tag-privado","tag-publico","tag-rol"],"yoast_head":"<!-- This site is optimized with the Yoast SEO plugin v27.4 - https:\/\/yoast.com\/product\/yoast-seo-wordpress\/ -->\n<title>El rol de las alianzas p\u00fablico-privadas en la educaci\u00f3n - EducatesPilar.com<\/title>\n<meta name=\"robots\" content=\"index, follow, max-snippet:-1, max-image-preview:large, max-video-preview:-1\" \/>\n<link rel=\"canonical\" href=\"https:\/\/educatespilar.com\/en\/el-rol-de-las-alianzas-publico-privadas-en-la-educacion\/\" \/>\n<meta property=\"og:locale\" content=\"en_US\" \/>\n<meta property=\"og:type\" content=\"article\" \/>\n<meta property=\"og:title\" content=\"El rol de las alianzas p\u00fablico-privadas en la educaci\u00f3n - EducatesPilar.com\" \/>\n<meta property=\"og:description\" content=\"Que la educaci\u00f3n de calidad est\u00e9 al alcance de todos es uno de los grandes objetivos, a nivel mundial. Un punteo de c\u00f3mo se logra con alianzas. La educaci\u00f3n es una herramienta de transformaci\u00f3n, y construcci\u00f3n de sociedades m\u00e1s justas y abiertas a oportunidades. Pero garantizar un acceso de calidad para todos es un problema [&hellip;]\" \/>\n<meta property=\"og:url\" content=\"https:\/\/educatespilar.com\/en\/el-rol-de-las-alianzas-publico-privadas-en-la-educacion\/\" \/>\n<meta property=\"og:site_name\" content=\"EducatesPilar.com\" \/>\n<meta property=\"article:published_time\" content=\"2025-09-09T16:34:22+00:00\" \/>\n<meta property=\"article:modified_time\" content=\"2025-11-04T17:54:34+00:00\" \/>\n<meta property=\"og:image\" content=\"https:\/\/educatespilar.com\/wp-content\/uploads\/2025\/08\/busy-students-one-table-min-300x186.jpg\" \/>\n<meta name=\"author\" content=\"educates\" \/>\n<meta name=\"twitter:card\" content=\"summary_large_image\" \/>\n<meta name=\"twitter:label1\" content=\"Written by\" \/>\n\t<meta name=\"twitter:data1\" content=\"educates\" \/>\n\t<meta name=\"twitter:label2\" content=\"Est. reading time\" \/>\n\t<meta name=\"twitter:data2\" content=\"4 minutes\" \/>\n<script type=\"application\/ld+json\" class=\"yoast-schema-graph\">{\"@context\":\"https:\\\/\\\/schema.org\",\"@graph\":[{\"@type\":\"Article\",\"@id\":\"https:\\\/\\\/educatespilar.com\\\/el-rol-de-las-alianzas-publico-privadas-en-la-educacion\\\/#article\",\"isPartOf\":{\"@id\":\"https:\\\/\\\/educatespilar.com\\\/el-rol-de-las-alianzas-publico-privadas-en-la-educacion\\\/\"},\"author\":{\"name\":\"educates\",\"@id\":\"https:\\\/\\\/tzs.pgq.temporary.site\\\/website_c18d3ae6\\\/#\\\/schema\\\/person\\\/655446504db2a404e6921d90ab7c0a0f\"},\"headline\":\"El rol de las alianzas p\u00fablico-privadas en la educaci\u00f3n\",\"datePublished\":\"2025-09-09T16:34:22+00:00\",\"dateModified\":\"2025-11-04T17:54:34+00:00\",\"mainEntityOfPage\":{\"@id\":\"https:\\\/\\\/educatespilar.com\\\/el-rol-de-las-alianzas-publico-privadas-en-la-educacion\\\/\"},\"wordCount\":955,\"image\":{\"@id\":\"https:\\\/\\\/educatespilar.com\\\/el-rol-de-las-alianzas-publico-privadas-en-la-educacion\\\/#primaryimage\"},\"thumbnailUrl\":\"https:\\\/\\\/educatespilar.com\\\/wp-content\\\/uploads\\\/2025\\\/08\\\/busy-students-one-table-min-300x186.jpg\",\"keywords\":[\"alianza\",\"privado\",\"publico\",\"rol\"],\"articleSection\":[\"Educaci\u00f3n\"],\"inLanguage\":\"en-US\"},{\"@type\":\"WebPage\",\"@id\":\"https:\\\/\\\/educatespilar.com\\\/el-rol-de-las-alianzas-publico-privadas-en-la-educacion\\\/\",\"url\":\"https:\\\/\\\/educatespilar.com\\\/el-rol-de-las-alianzas-publico-privadas-en-la-educacion\\\/\",\"name\":\"El rol de las alianzas p\u00fablico-privadas en la educaci\u00f3n - EducatesPilar.com\",\"isPartOf\":{\"@id\":\"https:\\\/\\\/tzs.pgq.temporary.site\\\/website_c18d3ae6\\\/#website\"},\"primaryImageOfPage\":{\"@id\":\"https:\\\/\\\/educatespilar.com\\\/el-rol-de-las-alianzas-publico-privadas-en-la-educacion\\\/#primaryimage\"},\"image\":{\"@id\":\"https:\\\/\\\/educatespilar.com\\\/el-rol-de-las-alianzas-publico-privadas-en-la-educacion\\\/#primaryimage\"},\"thumbnailUrl\":\"https:\\\/\\\/educatespilar.com\\\/wp-content\\\/uploads\\\/2025\\\/08\\\/busy-students-one-table-min-300x186.jpg\",\"datePublished\":\"2025-09-09T16:34:22+00:00\",\"dateModified\":\"2025-11-04T17:54:34+00:00\",\"author\":{\"@id\":\"https:\\\/\\\/tzs.pgq.temporary.site\\\/website_c18d3ae6\\\/#\\\/schema\\\/person\\\/655446504db2a404e6921d90ab7c0a0f\"},\"breadcrumb\":{\"@id\":\"https:\\\/\\\/educatespilar.com\\\/el-rol-de-las-alianzas-publico-privadas-en-la-educacion\\\/#breadcrumb\"},\"inLanguage\":\"en-US\",\"potentialAction\":[{\"@type\":\"ReadAction\",\"target\":[\"https:\\\/\\\/educatespilar.com\\\/el-rol-de-las-alianzas-publico-privadas-en-la-educacion\\\/\"]}]},{\"@type\":\"ImageObject\",\"inLanguage\":\"en-US\",\"@id\":\"https:\\\/\\\/educatespilar.com\\\/el-rol-de-las-alianzas-publico-privadas-en-la-educacion\\\/#primaryimage\",\"url\":\"https:\\\/\\\/educatespilar.com\\\/wp-content\\\/uploads\\\/2025\\\/08\\\/busy-students-one-table-min-300x186.jpg\",\"contentUrl\":\"https:\\\/\\\/educatespilar.com\\\/wp-content\\\/uploads\\\/2025\\\/08\\\/busy-students-one-table-min-300x186.jpg\"},{\"@type\":\"BreadcrumbList\",\"@id\":\"https:\\\/\\\/educatespilar.com\\\/el-rol-de-las-alianzas-publico-privadas-en-la-educacion\\\/#breadcrumb\",\"itemListElement\":[{\"@type\":\"ListItem\",\"position\":1,\"name\":\"Home\",\"item\":\"https:\\\/\\\/educatespilar.com\\\/\"},{\"@type\":\"ListItem\",\"position\":2,\"name\":\"El rol de las alianzas p\u00fablico-privadas en la educaci\u00f3n\"}]},{\"@type\":\"WebSite\",\"@id\":\"https:\\\/\\\/tzs.pgq.temporary.site\\\/website_c18d3ae6\\\/#website\",\"url\":\"https:\\\/\\\/tzs.pgq.temporary.site\\\/website_c18d3ae6\\\/\",\"name\":\"EducatesPilar.com\",\"description\":\"\",\"potentialAction\":[{\"@type\":\"SearchAction\",\"target\":{\"@type\":\"EntryPoint\",\"urlTemplate\":\"https:\\\/\\\/tzs.pgq.temporary.site\\\/website_c18d3ae6\\\/?s={search_term_string}\"},\"query-input\":{\"@type\":\"PropertyValueSpecification\",\"valueRequired\":true,\"valueName\":\"search_term_string\"}}],\"inLanguage\":\"en-US\"},{\"@type\":\"Person\",\"@id\":\"https:\\\/\\\/tzs.pgq.temporary.site\\\/website_c18d3ae6\\\/#\\\/schema\\\/person\\\/655446504db2a404e6921d90ab7c0a0f\",\"name\":\"educates\",\"image\":{\"@type\":\"ImageObject\",\"inLanguage\":\"en-US\",\"@id\":\"https:\\\/\\\/secure.gravatar.com\\\/avatar\\\/f1e844324149cf607705bdc3821ac52f5613382cc275e3a009bc73539c52a819?s=96&d=mm&r=g\",\"url\":\"https:\\\/\\\/secure.gravatar.com\\\/avatar\\\/f1e844324149cf607705bdc3821ac52f5613382cc275e3a009bc73539c52a819?s=96&d=mm&r=g\",\"contentUrl\":\"https:\\\/\\\/secure.gravatar.com\\\/avatar\\\/f1e844324149cf607705bdc3821ac52f5613382cc275e3a009bc73539c52a819?s=96&d=mm&r=g\",\"caption\":\"educates\"},\"url\":\"https:\\\/\\\/educatespilar.com\\\/en\\\/author\\\/educates\\\/\"}]}<\/script>\n<!-- \/ Yoast SEO plugin. -->","yoast_head_json":{"title":"El rol de las alianzas p\u00fablico-privadas en la educaci\u00f3n - EducatesPilar.com","robots":{"index":"index","follow":"follow","max-snippet":"max-snippet:-1","max-image-preview":"max-image-preview:large","max-video-preview":"max-video-preview:-1"},"canonical":"https:\/\/educatespilar.com\/en\/el-rol-de-las-alianzas-publico-privadas-en-la-educacion\/","og_locale":"en_US","og_type":"article","og_title":"El rol de las alianzas p\u00fablico-privadas en la educaci\u00f3n - EducatesPilar.com","og_description":"Que la educaci\u00f3n de calidad est\u00e9 al alcance de todos es uno de los grandes objetivos, a nivel mundial. Un punteo de c\u00f3mo se logra con alianzas. La educaci\u00f3n es una herramienta de transformaci\u00f3n, y construcci\u00f3n de sociedades m\u00e1s justas y abiertas a oportunidades. Pero garantizar un acceso de calidad para todos es un problema [&hellip;]","og_url":"https:\/\/educatespilar.com\/en\/el-rol-de-las-alianzas-publico-privadas-en-la-educacion\/","og_site_name":"EducatesPilar.com","article_published_time":"2025-09-09T16:34:22+00:00","article_modified_time":"2025-11-04T17:54:34+00:00","og_image":[{"url":"https:\/\/educatespilar.com\/wp-content\/uploads\/2025\/08\/busy-students-one-table-min-300x186.jpg","type":"","width":"","height":""}],"author":"educates","twitter_card":"summary_large_image","twitter_misc":{"Written by":"educates","Est. reading time":"4 minutes"},"schema":{"@context":"https:\/\/schema.org","@graph":[{"@type":"Article","@id":"https:\/\/educatespilar.com\/el-rol-de-las-alianzas-publico-privadas-en-la-educacion\/#article","isPartOf":{"@id":"https:\/\/educatespilar.com\/el-rol-de-las-alianzas-publico-privadas-en-la-educacion\/"},"author":{"name":"educates","@id":"https:\/\/tzs.pgq.temporary.site\/website_c18d3ae6\/#\/schema\/person\/655446504db2a404e6921d90ab7c0a0f"},"headline":"El rol de las alianzas p\u00fablico-privadas en la educaci\u00f3n","datePublished":"2025-09-09T16:34:22+00:00","dateModified":"2025-11-04T17:54:34+00:00","mainEntityOfPage":{"@id":"https:\/\/educatespilar.com\/el-rol-de-las-alianzas-publico-privadas-en-la-educacion\/"},"wordCount":955,"image":{"@id":"https:\/\/educatespilar.com\/el-rol-de-las-alianzas-publico-privadas-en-la-educacion\/#primaryimage"},"thumbnailUrl":"https:\/\/educatespilar.com\/wp-content\/uploads\/2025\/08\/busy-students-one-table-min-300x186.jpg","keywords":["alianza","privado","publico","rol"],"articleSection":["Educaci\u00f3n"],"inLanguage":"en-US"},{"@type":"WebPage","@id":"https:\/\/educatespilar.com\/el-rol-de-las-alianzas-publico-privadas-en-la-educacion\/","url":"https:\/\/educatespilar.com\/el-rol-de-las-alianzas-publico-privadas-en-la-educacion\/","name":"El rol de las alianzas p\u00fablico-privadas en la educaci\u00f3n - EducatesPilar.com","isPartOf":{"@id":"https:\/\/tzs.pgq.temporary.site\/website_c18d3ae6\/#website"},"primaryImageOfPage":{"@id":"https:\/\/educatespilar.com\/el-rol-de-las-alianzas-publico-privadas-en-la-educacion\/#primaryimage"},"image":{"@id":"https:\/\/educatespilar.com\/el-rol-de-las-alianzas-publico-privadas-en-la-educacion\/#primaryimage"},"thumbnailUrl":"https:\/\/educatespilar.com\/wp-content\/uploads\/2025\/08\/busy-students-one-table-min-300x186.jpg","datePublished":"2025-09-09T16:34:22+00:00","dateModified":"2025-11-04T17:54:34+00:00","author":{"@id":"https:\/\/tzs.pgq.temporary.site\/website_c18d3ae6\/#\/schema\/person\/655446504db2a404e6921d90ab7c0a0f"},"breadcrumb":{"@id":"https:\/\/educatespilar.com\/el-rol-de-las-alianzas-publico-privadas-en-la-educacion\/#breadcrumb"},"inLanguage":"en-US","potentialAction":[{"@type":"ReadAction","target":["https:\/\/educatespilar.com\/el-rol-de-las-alianzas-publico-privadas-en-la-educacion\/"]}]},{"@type":"ImageObject","inLanguage":"en-US","@id":"https:\/\/educatespilar.com\/el-rol-de-las-alianzas-publico-privadas-en-la-educacion\/#primaryimage","url":"https:\/\/educatespilar.com\/wp-content\/uploads\/2025\/08\/busy-students-one-table-min-300x186.jpg","contentUrl":"https:\/\/educatespilar.com\/wp-content\/uploads\/2025\/08\/busy-students-one-table-min-300x186.jpg"},{"@type":"BreadcrumbList","@id":"https:\/\/educatespilar.com\/el-rol-de-las-alianzas-publico-privadas-en-la-educacion\/#breadcrumb","itemListElement":[{"@type":"ListItem","position":1,"name":"Home","item":"https:\/\/educatespilar.com\/"},{"@type":"ListItem","position":2,"name":"El rol de las alianzas p\u00fablico-privadas en la educaci\u00f3n"}]},{"@type":"WebSite","@id":"https:\/\/tzs.pgq.temporary.site\/website_c18d3ae6\/#website","url":"https:\/\/tzs.pgq.temporary.site\/website_c18d3ae6\/","name":"EducatesPilar.com","description":"","potentialAction":[{"@type":"SearchAction","target":{"@type":"EntryPoint","urlTemplate":"https:\/\/tzs.pgq.temporary.site\/website_c18d3ae6\/?s={search_term_string}"},"query-input":{"@type":"PropertyValueSpecification","valueRequired":true,"valueName":"search_term_string"}}],"inLanguage":"en-US"},{"@type":"Person","@id":"https:\/\/tzs.pgq.temporary.site\/website_c18d3ae6\/#\/schema\/person\/655446504db2a404e6921d90ab7c0a0f","name":"educates","image":{"@type":"ImageObject","inLanguage":"en-US","@id":"https:\/\/secure.gravatar.com\/avatar\/f1e844324149cf607705bdc3821ac52f5613382cc275e3a009bc73539c52a819?s=96&d=mm&r=g","url":"https:\/\/secure.gravatar.com\/avatar\/f1e844324149cf607705bdc3821ac52f5613382cc275e3a009bc73539c52a819?s=96&d=mm&r=g","contentUrl":"https:\/\/secure.gravatar.com\/avatar\/f1e844324149cf607705bdc3821ac52f5613382cc275e3a009bc73539c52a819?s=96&d=mm&r=g","caption":"educates"},"url":"https:\/\/educatespilar.com\/en\/author\/educates\/"}]}},"jetpack_featured_media_url":"","jetpack_sharing_enabled":true,"_links":{"self":[{"href":"https:\/\/educatespilar.com\/en\/wp-json\/wp\/v2\/posts\/65","targetHints":{"allow":["GET"]}}],"collection":[{"href":"https:\/\/educatespilar.com\/en\/wp-json\/wp\/v2\/posts"}],"about":[{"href":"https:\/\/educatespilar.com\/en\/wp-json\/wp\/v2\/types\/post"}],"author":[{"embeddable":true,"href":"https:\/\/educatespilar.com\/en\/wp-json\/wp\/v2\/users\/2"}],"replies":[{"embeddable":true,"href":"https:\/\/educatespilar.com\/en\/wp-json\/wp\/v2\/comments?post=65"}],"version-history":[{"count":1,"href":"https:\/\/educatespilar.com\/en\/wp-json\/wp\/v2\/posts\/65\/revisions"}],"predecessor-version":[{"id":69,"href":"https:\/\/educatespilar.com\/en\/wp-json\/wp\/v2\/posts\/65\/revisions\/69"}],"wp:attachment":[{"href":"https:\/\/educatespilar.com\/en\/wp-json\/wp\/v2\/media?parent=65"}],"wp:term":[{"taxonomy":"category","embeddable":true,"href":"https:\/\/educatespilar.com\/en\/wp-json\/wp\/v2\/categories?post=65"},{"taxonomy":"post_tag","embeddable":true,"href":"https:\/\/educatespilar.com\/en\/wp-json\/wp\/v2\/tags?post=65"}],"curies":[{"name":"wp","href":"https:\/\/api.w.org\/{rel}","templated":true}]}}