{"id":483,"date":"2026-04-15T07:20:26","date_gmt":"2026-04-15T07:20:26","guid":{"rendered":"https:\/\/educatespilar.com\/?p=483"},"modified":"2026-04-15T12:22:15","modified_gmt":"2026-04-15T12:22:15","slug":"la-sociedad-y-su-proyeccion-en-el-futuro","status":"publish","type":"post","link":"https:\/\/educatespilar.com\/en\/la-sociedad-y-su-proyeccion-en-el-futuro\/","title":{"rendered":"La Sociedad y su Proyecci\u00f3n en el Futuro"},"content":{"rendered":"<p><img data-recalc-dims=\"1\" decoding=\"async\" loading=\"lazy\" class=\"alignnone size-medium wp-image-484\" src=\"https:\/\/i0.wp.com\/educatespilar.com\/wp-content\/uploads\/2026\/04\/demographic-census-concept-representation-1.jpg?resize=300%2C200&#038;ssl=1\" alt=\"\" width=\"300\" height=\"200\" srcset=\"https:\/\/i0.wp.com\/educatespilar.com\/wp-content\/uploads\/2026\/04\/demographic-census-concept-representation-1-scaled.jpg?resize=300%2C200&amp;ssl=1 300w, https:\/\/i0.wp.com\/educatespilar.com\/wp-content\/uploads\/2026\/04\/demographic-census-concept-representation-1-scaled.jpg?resize=1024%2C683&amp;ssl=1 1024w, https:\/\/i0.wp.com\/educatespilar.com\/wp-content\/uploads\/2026\/04\/demographic-census-concept-representation-1-scaled.jpg?resize=768%2C512&amp;ssl=1 768w, https:\/\/i0.wp.com\/educatespilar.com\/wp-content\/uploads\/2026\/04\/demographic-census-concept-representation-1-scaled.jpg?resize=1536%2C1024&amp;ssl=1 1536w, https:\/\/i0.wp.com\/educatespilar.com\/wp-content\/uploads\/2026\/04\/demographic-census-concept-representation-1-scaled.jpg?resize=2048%2C1365&amp;ssl=1 2048w, https:\/\/i0.wp.com\/educatespilar.com\/wp-content\/uploads\/2026\/04\/demographic-census-concept-representation-1-scaled.jpg?resize=18%2C12&amp;ssl=1 18w, https:\/\/i0.wp.com\/educatespilar.com\/wp-content\/uploads\/2026\/04\/demographic-census-concept-representation-1-scaled.jpg?resize=600%2C400&amp;ssl=1 600w\" sizes=\"auto, (max-width: 300px) 100vw, 300px\" \/><\/p>\n<p><span style=\"font-weight: 400;\">El industrialismo es una fase del desarrollo econ\u00f3mico que se caracteriza por la producci\u00f3n en gran escala, el empleo de energ\u00eda mec\u00e1nica, un amplio mercado, una mano de obra especializada, una intrincada divisi\u00f3n del trabajo y una urbanizaci\u00f3n acelerada. Acompa\u00f1ando a estos cambios econ\u00f3micos, se producen otros muy complejos en los grupos sociales y en el progreso social. La poblaci\u00f3n crece r\u00e1pidamente, aumenta su movilidad, adquiere caracteres cosmopolitas, y se alteran las costumbres y normas morales. Siendo el trabajo industrial m\u00e1s productivo, un pa\u00eds es por lo general tanto m\u00e1s rico y puede ofrecer a sus habitantes un nivel de vida tanto m\u00e1s alto- cuanto mayor sea el n\u00famero de medios mec\u00e1nicos que aplique a la producci\u00f3n. La industrializaci\u00f3n es, por lo tanto, la meta com\u00fan de todos los pueblos escasamente desarrollados, por positiva que sea su actitud con respecto a la tradici\u00f3n.<\/span><\/p>\n<p><span style=\"font-weight: 400;\">El incremento de los medios mec\u00e1nicos de pro-ducci\u00f3n y de la cultura t\u00e9cnica de los trabajado-res acelera el desarrollo econ\u00f3mico de las naciones. El concepto de productividad incluye ambos procesos. Una noci\u00f3n paralela a \u00e9sta es la de racionalizaci\u00f3n <\/span><i><span style=\"font-weight: 400;\">industrial.<\/span><\/i><span style=\"font-weight: 400;\"> Enti\u00e9ndase por racionalizaci\u00f3n el conjunto de t\u00e9cnicas que permiten organizar una empresa con el m\u00e1ximo aprovechamiento del trabajo. El taylorismo y el <\/span><i><span style=\"font-weight: 400;\">stajanovismo<\/span><\/i><span style=\"font-weight: 400;\"> sistema estadounidense y sovi\u00e9tico de racionalizaci\u00f3n industrial han evolucionado desde sus formas primitivas a otras m\u00e1s cient\u00edficas. De todos modos, el trabajo en cadena, la producci\u00f3n en serie, parece ser el elemento m\u00e1s caracter\u00edstico de la industria moderna. Hace tiempo que psic\u00f3logos y soci\u00f3logos prestan atenci\u00f3n a las proyecciones que tiene la actividad industrial moderna en los individuos y en la sociedad. No cabe confundir, en esta clase de estudios, a los que se proponen servir los fines del individuo o la sociedad con los que subordinan esos intereses a los del lucro empresario. As\u00ed, por ejemplo, el t\u00e9rmino de <\/span><i><span style=\"font-weight: 400;\">relaciones<\/span><\/i> <i><span style=\"font-weight: 400;\">industriales<\/span><\/i><span style=\"font-weight: 400;\"> sirve para designar la pr\u00e1ctica de contactos entre los trabajadores y la direcci\u00f3n de una empresa, con el fin de obtener una mejor disposici\u00f3n de aqu\u00e9llos con res-pecto a \u00e9sta. Cuando estas pr\u00e1cticas se establecen entre la gerencia de la empresa y su clientela actual o futura, se prefiere el t\u00e9rmino de relacio<\/span><i><span style=\"font-weight: 400;\">nes<\/span><\/i><span style=\"font-weight: 400;\"> p\u00fablicas. Los investigadores independientes tienden a ver en estas pr\u00e1cticas una verdadera amenaza para la autonom\u00eda espiritual del individuo, pues la <\/span><i><span style=\"font-weight: 400;\">materia<\/span><\/i> <i><span style=\"font-weight: 400;\">humana<\/span><\/i><span style=\"font-weight: 400;\"> sigue siendo tal en la medida en que conserva la facultad de resistirse a ciertas <\/span><i><span style=\"font-weight: 400;\">experiencias<\/span><\/i> <i><span style=\"font-weight: 400;\">sociales.<\/span><\/i><\/p>\n<p><span style=\"font-weight: 400;\">Industrializaci\u00f3n, productividad, racionalizaci\u00f3n son elementos de una gran transformaci\u00f3n social que se produce a ojos vistas y que, sin duda, interesa en el m\u00e1s alto grado al futuro de la humanidad. Ese proceso es inevitable; pero no forzosamente pernicioso. Si bien los intereses creados pueden influir en \u00e9l, imprimiendo a la historia un curso que no coincide precisamente con el concepto de humanidad, han aparecido algunos contrapesos a esas fuerzas, conocidos en conjunto con el nombre de <\/span><i><span style=\"font-weight: 400;\">democracia<\/span><\/i> <i><span style=\"font-weight: 400;\">industrial.<\/span><\/i><span style=\"font-weight: 400;\"> La participaci\u00f3n en las ganancias de la empresa, y aun en la direcci\u00f3n; la tendencia a sustituir los consorcios privados de inversiones por el<\/span><i><span style=\"font-weight: 400;\"> acciona<\/span><\/i><span style=\"font-weight: 400;\">riado <\/span><i><span style=\"font-weight: 400;\">obrero,<\/span><\/i><span style=\"font-weight: 400;\"> parecen anunciar una transformaci\u00f3n del capitalismo que no se har\u00eda necesariamente en direcci\u00f3n al colectivismo. Ante los problemas que hoy abruman a la humanidad, la sociolog\u00eda y las ciencias sociales encuentran un vasto campo de acci\u00f3n. Desde principios de siglo, la poblaci\u00f3n del globo pas\u00f3 de 1.600 millones de habitantes a m\u00e1s de 2.700 millones. Su ritmo de crecimiento aumenta en forma impresionante: a fines del siglo xx esa cifra llegar\u00e1 probablemente a 4.000 millones. La agricultura y la industria disponen de medios de producci\u00f3n tan poderosos que, universalmente aplicados, liberar\u00edan a los hombres de la mayor parte de las penosas necesidades que han padecido hasta hoy. Pero millones de seres a\u00fan no saben leer ni escribir, usan t\u00e9cnicas primitivas, tienen hambre y habitan tugurios, sirven de peones en el tablero militar e ignoran la libertad y los derechos humanos m\u00e1s elementales. En el \u00faltimo metes las posibilidades que ha visto abrirse ante si. L. Wirth, afirma que &#8220;los problemas sociales que se plantean a la humanidad se han multiplicado y agravado, no s\u00f3lo por las nuevas posibilidades creadas por el genio cient\u00edfico, sino tambi\u00e9n por las nuevas esperanzas que los hombres han llegado a alimentar&#8221;.<\/span><\/p>\n<p><span style=\"font-weight: 400;\">No corresponde a la sociolog\u00eda ni a las ciencias sociales reformar el mundo. Sin embargo, la observaci\u00f3n imparcial -en la medida en que pue-de serlo- de los procesos sociales que realiza el soci\u00f3logo, le permite desentra\u00f1ar su sentido e incluso prever -claro que dentro de ciertos l\u00edmites- su evoluci\u00f3n. As\u00ed, por ejemplo, se ha observado que la industrializaci\u00f3n no favorece, como cre\u00eda Marx, la proletarizaci\u00f3n de las clases medias, sino que disminuye el n\u00famero de obreros proporcionalmente al conjunto de la sociedad. El sector \u201cterciario\u201d administraci\u00f3n, comunicaciones, comercio, profesiones liberales, etc\u00e9tera crece a expensas de los dos primeros, consagrados a la producci\u00f3n de materias primas y a su transformaci\u00f3n. Este fen\u00f3meno se observa igualmente bajo todos los reg\u00edmenes, y es com\u00fan a los dos pa\u00edses m\u00e1s industrializados del mundo: Estados Unidos y la Uni\u00f3n Sovi\u00e9tica. En consecuencia, puede decirse que la tarea investigadora de la sociolog\u00eda no s\u00f3lo posee un gran valor desde el punto de vista estrictamente cient\u00edfico, en tanto realiza una labor descriptiva y exeg\u00e9tica acerca de la estructura y evoluci\u00f3n de los fen\u00f3menos sociales tal como son, sino tambi\u00e9n desde el punto de vista de la influencia que puede ejercer sobre los reformadores, por cuanto les proporciona un conocimiento objetivo y una comprensi\u00f3n profunda de esa forma esencial de la realidad humana que englobamos generalmente con la de-nominaci\u00f3n de sociedad.<\/span><\/p>\n<p>&nbsp;<\/p>","protected":false},"excerpt":{"rendered":"<p>El industrialismo es una fase del desarrollo econ\u00f3mico que se caracteriza por la producci\u00f3n en gran escala, el empleo de energ\u00eda mec\u00e1nica, un amplio mercado, una mano de obra especializada, una intrincada divisi\u00f3n del trabajo y una urbanizaci\u00f3n acelerada. Acompa\u00f1ando a estos cambios econ\u00f3micos, se producen otros muy complejos en los grupos sociales y en [&hellip;]<\/p>\n","protected":false},"author":2,"featured_media":484,"comment_status":"closed","ping_status":"closed","sticky":false,"template":"","format":"standard","meta":{"nf_dc_page":"","_jetpack_memberships_contains_paid_content":false,"footnotes":""},"categories":[173],"tags":[181,84],"class_list":["post-483","post","type-post","status-publish","format-standard","has-post-thumbnail","hentry","category-social","tag-futuro","tag-sociedad"],"yoast_head":"<!-- This site is optimized with the Yoast SEO plugin v27.4 - https:\/\/yoast.com\/product\/yoast-seo-wordpress\/ -->\n<title>La Sociedad y su Proyecci\u00f3n en el Futuro - EducatesPilar.com<\/title>\n<meta name=\"robots\" content=\"index, follow, max-snippet:-1, max-image-preview:large, max-video-preview:-1\" \/>\n<link rel=\"canonical\" href=\"https:\/\/educatespilar.com\/en\/la-sociedad-y-su-proyeccion-en-el-futuro\/\" \/>\n<meta property=\"og:locale\" content=\"en_US\" \/>\n<meta property=\"og:type\" content=\"article\" \/>\n<meta property=\"og:title\" content=\"La Sociedad y su Proyecci\u00f3n en el Futuro - EducatesPilar.com\" \/>\n<meta property=\"og:description\" content=\"El industrialismo es una fase del desarrollo econ\u00f3mico que se caracteriza por la producci\u00f3n en gran escala, el empleo de energ\u00eda mec\u00e1nica, un amplio mercado, una mano de obra especializada, una intrincada divisi\u00f3n del trabajo y una urbanizaci\u00f3n acelerada. Acompa\u00f1ando a estos cambios econ\u00f3micos, se producen otros muy complejos en los grupos sociales y en [&hellip;]\" \/>\n<meta property=\"og:url\" content=\"https:\/\/educatespilar.com\/en\/la-sociedad-y-su-proyeccion-en-el-futuro\/\" \/>\n<meta property=\"og:site_name\" content=\"EducatesPilar.com\" \/>\n<meta property=\"article:published_time\" content=\"2026-04-15T07:20:26+00:00\" \/>\n<meta property=\"article:modified_time\" content=\"2026-04-15T12:22:15+00:00\" \/>\n<meta property=\"og:image\" content=\"https:\/\/educatespilar.com\/wp-content\/uploads\/2026\/04\/demographic-census-concept-representation-1-scaled.jpg\" \/>\n\t<meta property=\"og:image:width\" content=\"2560\" \/>\n\t<meta property=\"og:image:height\" content=\"1707\" \/>\n\t<meta property=\"og:image:type\" content=\"image\/jpeg\" \/>\n<meta name=\"author\" content=\"educates\" \/>\n<meta name=\"twitter:card\" content=\"summary_large_image\" \/>\n<meta name=\"twitter:label1\" content=\"Written by\" \/>\n\t<meta name=\"twitter:data1\" content=\"educates\" \/>\n\t<meta name=\"twitter:label2\" content=\"Est. reading time\" \/>\n\t<meta name=\"twitter:data2\" content=\"5 minutes\" \/>\n<script type=\"application\/ld+json\" class=\"yoast-schema-graph\">{\"@context\":\"https:\\\/\\\/schema.org\",\"@graph\":[{\"@type\":\"Article\",\"@id\":\"https:\\\/\\\/educatespilar.com\\\/la-sociedad-y-su-proyeccion-en-el-futuro\\\/#article\",\"isPartOf\":{\"@id\":\"https:\\\/\\\/educatespilar.com\\\/la-sociedad-y-su-proyeccion-en-el-futuro\\\/\"},\"author\":{\"name\":\"educates\",\"@id\":\"https:\\\/\\\/tzs.pgq.temporary.site\\\/website_c18d3ae6\\\/#\\\/schema\\\/person\\\/655446504db2a404e6921d90ab7c0a0f\"},\"headline\":\"La Sociedad y su Proyecci\u00f3n en el Futuro\",\"datePublished\":\"2026-04-15T07:20:26+00:00\",\"dateModified\":\"2026-04-15T12:22:15+00:00\",\"mainEntityOfPage\":{\"@id\":\"https:\\\/\\\/educatespilar.com\\\/la-sociedad-y-su-proyeccion-en-el-futuro\\\/\"},\"wordCount\":1035,\"image\":{\"@id\":\"https:\\\/\\\/educatespilar.com\\\/la-sociedad-y-su-proyeccion-en-el-futuro\\\/#primaryimage\"},\"thumbnailUrl\":\"https:\\\/\\\/i0.wp.com\\\/educatespilar.com\\\/wp-content\\\/uploads\\\/2026\\\/04\\\/demographic-census-concept-representation-1-scaled.jpg?fit=2560%2C1707&ssl=1\",\"keywords\":[\"futuro\",\"sociedad\"],\"articleSection\":[\"Social\"],\"inLanguage\":\"en-US\"},{\"@type\":\"WebPage\",\"@id\":\"https:\\\/\\\/educatespilar.com\\\/la-sociedad-y-su-proyeccion-en-el-futuro\\\/\",\"url\":\"https:\\\/\\\/educatespilar.com\\\/la-sociedad-y-su-proyeccion-en-el-futuro\\\/\",\"name\":\"La Sociedad y su Proyecci\u00f3n en el Futuro - EducatesPilar.com\",\"isPartOf\":{\"@id\":\"https:\\\/\\\/tzs.pgq.temporary.site\\\/website_c18d3ae6\\\/#website\"},\"primaryImageOfPage\":{\"@id\":\"https:\\\/\\\/educatespilar.com\\\/la-sociedad-y-su-proyeccion-en-el-futuro\\\/#primaryimage\"},\"image\":{\"@id\":\"https:\\\/\\\/educatespilar.com\\\/la-sociedad-y-su-proyeccion-en-el-futuro\\\/#primaryimage\"},\"thumbnailUrl\":\"https:\\\/\\\/i0.wp.com\\\/educatespilar.com\\\/wp-content\\\/uploads\\\/2026\\\/04\\\/demographic-census-concept-representation-1-scaled.jpg?fit=2560%2C1707&ssl=1\",\"datePublished\":\"2026-04-15T07:20:26+00:00\",\"dateModified\":\"2026-04-15T12:22:15+00:00\",\"author\":{\"@id\":\"https:\\\/\\\/tzs.pgq.temporary.site\\\/website_c18d3ae6\\\/#\\\/schema\\\/person\\\/655446504db2a404e6921d90ab7c0a0f\"},\"breadcrumb\":{\"@id\":\"https:\\\/\\\/educatespilar.com\\\/la-sociedad-y-su-proyeccion-en-el-futuro\\\/#breadcrumb\"},\"inLanguage\":\"en-US\",\"potentialAction\":[{\"@type\":\"ReadAction\",\"target\":[\"https:\\\/\\\/educatespilar.com\\\/la-sociedad-y-su-proyeccion-en-el-futuro\\\/\"]}]},{\"@type\":\"ImageObject\",\"inLanguage\":\"en-US\",\"@id\":\"https:\\\/\\\/educatespilar.com\\\/la-sociedad-y-su-proyeccion-en-el-futuro\\\/#primaryimage\",\"url\":\"https:\\\/\\\/i0.wp.com\\\/educatespilar.com\\\/wp-content\\\/uploads\\\/2026\\\/04\\\/demographic-census-concept-representation-1-scaled.jpg?fit=2560%2C1707&ssl=1\",\"contentUrl\":\"https:\\\/\\\/i0.wp.com\\\/educatespilar.com\\\/wp-content\\\/uploads\\\/2026\\\/04\\\/demographic-census-concept-representation-1-scaled.jpg?fit=2560%2C1707&ssl=1\",\"width\":2560,\"height\":1707},{\"@type\":\"BreadcrumbList\",\"@id\":\"https:\\\/\\\/educatespilar.com\\\/la-sociedad-y-su-proyeccion-en-el-futuro\\\/#breadcrumb\",\"itemListElement\":[{\"@type\":\"ListItem\",\"position\":1,\"name\":\"Home\",\"item\":\"https:\\\/\\\/educatespilar.com\\\/\"},{\"@type\":\"ListItem\",\"position\":2,\"name\":\"La Sociedad y su Proyecci\u00f3n en el Futuro\"}]},{\"@type\":\"WebSite\",\"@id\":\"https:\\\/\\\/tzs.pgq.temporary.site\\\/website_c18d3ae6\\\/#website\",\"url\":\"https:\\\/\\\/tzs.pgq.temporary.site\\\/website_c18d3ae6\\\/\",\"name\":\"EducatesPilar.com\",\"description\":\"\",\"potentialAction\":[{\"@type\":\"SearchAction\",\"target\":{\"@type\":\"EntryPoint\",\"urlTemplate\":\"https:\\\/\\\/tzs.pgq.temporary.site\\\/website_c18d3ae6\\\/?s={search_term_string}\"},\"query-input\":{\"@type\":\"PropertyValueSpecification\",\"valueRequired\":true,\"valueName\":\"search_term_string\"}}],\"inLanguage\":\"en-US\"},{\"@type\":\"Person\",\"@id\":\"https:\\\/\\\/tzs.pgq.temporary.site\\\/website_c18d3ae6\\\/#\\\/schema\\\/person\\\/655446504db2a404e6921d90ab7c0a0f\",\"name\":\"educates\",\"image\":{\"@type\":\"ImageObject\",\"inLanguage\":\"en-US\",\"@id\":\"https:\\\/\\\/secure.gravatar.com\\\/avatar\\\/f1e844324149cf607705bdc3821ac52f5613382cc275e3a009bc73539c52a819?s=96&d=mm&r=g\",\"url\":\"https:\\\/\\\/secure.gravatar.com\\\/avatar\\\/f1e844324149cf607705bdc3821ac52f5613382cc275e3a009bc73539c52a819?s=96&d=mm&r=g\",\"contentUrl\":\"https:\\\/\\\/secure.gravatar.com\\\/avatar\\\/f1e844324149cf607705bdc3821ac52f5613382cc275e3a009bc73539c52a819?s=96&d=mm&r=g\",\"caption\":\"educates\"},\"url\":\"https:\\\/\\\/educatespilar.com\\\/en\\\/author\\\/educates\\\/\"}]}<\/script>\n<!-- \/ Yoast SEO plugin. -->","yoast_head_json":{"title":"La Sociedad y su Proyecci\u00f3n en el Futuro - EducatesPilar.com","robots":{"index":"index","follow":"follow","max-snippet":"max-snippet:-1","max-image-preview":"max-image-preview:large","max-video-preview":"max-video-preview:-1"},"canonical":"https:\/\/educatespilar.com\/en\/la-sociedad-y-su-proyeccion-en-el-futuro\/","og_locale":"en_US","og_type":"article","og_title":"La Sociedad y su Proyecci\u00f3n en el Futuro - EducatesPilar.com","og_description":"El industrialismo es una fase del desarrollo econ\u00f3mico que se caracteriza por la producci\u00f3n en gran escala, el empleo de energ\u00eda mec\u00e1nica, un amplio mercado, una mano de obra especializada, una intrincada divisi\u00f3n del trabajo y una urbanizaci\u00f3n acelerada. Acompa\u00f1ando a estos cambios econ\u00f3micos, se producen otros muy complejos en los grupos sociales y en [&hellip;]","og_url":"https:\/\/educatespilar.com\/en\/la-sociedad-y-su-proyeccion-en-el-futuro\/","og_site_name":"EducatesPilar.com","article_published_time":"2026-04-15T07:20:26+00:00","article_modified_time":"2026-04-15T12:22:15+00:00","og_image":[{"width":2560,"height":1707,"url":"https:\/\/educatespilar.com\/wp-content\/uploads\/2026\/04\/demographic-census-concept-representation-1-scaled.jpg","type":"image\/jpeg"}],"author":"educates","twitter_card":"summary_large_image","twitter_misc":{"Written by":"educates","Est. reading time":"5 minutes"},"schema":{"@context":"https:\/\/schema.org","@graph":[{"@type":"Article","@id":"https:\/\/educatespilar.com\/la-sociedad-y-su-proyeccion-en-el-futuro\/#article","isPartOf":{"@id":"https:\/\/educatespilar.com\/la-sociedad-y-su-proyeccion-en-el-futuro\/"},"author":{"name":"educates","@id":"https:\/\/tzs.pgq.temporary.site\/website_c18d3ae6\/#\/schema\/person\/655446504db2a404e6921d90ab7c0a0f"},"headline":"La Sociedad y su Proyecci\u00f3n en el Futuro","datePublished":"2026-04-15T07:20:26+00:00","dateModified":"2026-04-15T12:22:15+00:00","mainEntityOfPage":{"@id":"https:\/\/educatespilar.com\/la-sociedad-y-su-proyeccion-en-el-futuro\/"},"wordCount":1035,"image":{"@id":"https:\/\/educatespilar.com\/la-sociedad-y-su-proyeccion-en-el-futuro\/#primaryimage"},"thumbnailUrl":"https:\/\/i0.wp.com\/educatespilar.com\/wp-content\/uploads\/2026\/04\/demographic-census-concept-representation-1-scaled.jpg?fit=2560%2C1707&ssl=1","keywords":["futuro","sociedad"],"articleSection":["Social"],"inLanguage":"en-US"},{"@type":"WebPage","@id":"https:\/\/educatespilar.com\/la-sociedad-y-su-proyeccion-en-el-futuro\/","url":"https:\/\/educatespilar.com\/la-sociedad-y-su-proyeccion-en-el-futuro\/","name":"La Sociedad y su Proyecci\u00f3n en el Futuro - EducatesPilar.com","isPartOf":{"@id":"https:\/\/tzs.pgq.temporary.site\/website_c18d3ae6\/#website"},"primaryImageOfPage":{"@id":"https:\/\/educatespilar.com\/la-sociedad-y-su-proyeccion-en-el-futuro\/#primaryimage"},"image":{"@id":"https:\/\/educatespilar.com\/la-sociedad-y-su-proyeccion-en-el-futuro\/#primaryimage"},"thumbnailUrl":"https:\/\/i0.wp.com\/educatespilar.com\/wp-content\/uploads\/2026\/04\/demographic-census-concept-representation-1-scaled.jpg?fit=2560%2C1707&ssl=1","datePublished":"2026-04-15T07:20:26+00:00","dateModified":"2026-04-15T12:22:15+00:00","author":{"@id":"https:\/\/tzs.pgq.temporary.site\/website_c18d3ae6\/#\/schema\/person\/655446504db2a404e6921d90ab7c0a0f"},"breadcrumb":{"@id":"https:\/\/educatespilar.com\/la-sociedad-y-su-proyeccion-en-el-futuro\/#breadcrumb"},"inLanguage":"en-US","potentialAction":[{"@type":"ReadAction","target":["https:\/\/educatespilar.com\/la-sociedad-y-su-proyeccion-en-el-futuro\/"]}]},{"@type":"ImageObject","inLanguage":"en-US","@id":"https:\/\/educatespilar.com\/la-sociedad-y-su-proyeccion-en-el-futuro\/#primaryimage","url":"https:\/\/i0.wp.com\/educatespilar.com\/wp-content\/uploads\/2026\/04\/demographic-census-concept-representation-1-scaled.jpg?fit=2560%2C1707&ssl=1","contentUrl":"https:\/\/i0.wp.com\/educatespilar.com\/wp-content\/uploads\/2026\/04\/demographic-census-concept-representation-1-scaled.jpg?fit=2560%2C1707&ssl=1","width":2560,"height":1707},{"@type":"BreadcrumbList","@id":"https:\/\/educatespilar.com\/la-sociedad-y-su-proyeccion-en-el-futuro\/#breadcrumb","itemListElement":[{"@type":"ListItem","position":1,"name":"Home","item":"https:\/\/educatespilar.com\/"},{"@type":"ListItem","position":2,"name":"La Sociedad y su Proyecci\u00f3n en el Futuro"}]},{"@type":"WebSite","@id":"https:\/\/tzs.pgq.temporary.site\/website_c18d3ae6\/#website","url":"https:\/\/tzs.pgq.temporary.site\/website_c18d3ae6\/","name":"EducatesPilar.com","description":"","potentialAction":[{"@type":"SearchAction","target":{"@type":"EntryPoint","urlTemplate":"https:\/\/tzs.pgq.temporary.site\/website_c18d3ae6\/?s={search_term_string}"},"query-input":{"@type":"PropertyValueSpecification","valueRequired":true,"valueName":"search_term_string"}}],"inLanguage":"en-US"},{"@type":"Person","@id":"https:\/\/tzs.pgq.temporary.site\/website_c18d3ae6\/#\/schema\/person\/655446504db2a404e6921d90ab7c0a0f","name":"educates","image":{"@type":"ImageObject","inLanguage":"en-US","@id":"https:\/\/secure.gravatar.com\/avatar\/f1e844324149cf607705bdc3821ac52f5613382cc275e3a009bc73539c52a819?s=96&d=mm&r=g","url":"https:\/\/secure.gravatar.com\/avatar\/f1e844324149cf607705bdc3821ac52f5613382cc275e3a009bc73539c52a819?s=96&d=mm&r=g","contentUrl":"https:\/\/secure.gravatar.com\/avatar\/f1e844324149cf607705bdc3821ac52f5613382cc275e3a009bc73539c52a819?s=96&d=mm&r=g","caption":"educates"},"url":"https:\/\/educatespilar.com\/en\/author\/educates\/"}]}},"jetpack_featured_media_url":"https:\/\/i0.wp.com\/educatespilar.com\/wp-content\/uploads\/2026\/04\/demographic-census-concept-representation-1-scaled.jpg?fit=2560%2C1707&ssl=1","jetpack_sharing_enabled":true,"_links":{"self":[{"href":"https:\/\/educatespilar.com\/en\/wp-json\/wp\/v2\/posts\/483","targetHints":{"allow":["GET"]}}],"collection":[{"href":"https:\/\/educatespilar.com\/en\/wp-json\/wp\/v2\/posts"}],"about":[{"href":"https:\/\/educatespilar.com\/en\/wp-json\/wp\/v2\/types\/post"}],"author":[{"embeddable":true,"href":"https:\/\/educatespilar.com\/en\/wp-json\/wp\/v2\/users\/2"}],"replies":[{"embeddable":true,"href":"https:\/\/educatespilar.com\/en\/wp-json\/wp\/v2\/comments?post=483"}],"version-history":[{"count":1,"href":"https:\/\/educatespilar.com\/en\/wp-json\/wp\/v2\/posts\/483\/revisions"}],"predecessor-version":[{"id":485,"href":"https:\/\/educatespilar.com\/en\/wp-json\/wp\/v2\/posts\/483\/revisions\/485"}],"wp:featuredmedia":[{"embeddable":true,"href":"https:\/\/educatespilar.com\/en\/wp-json\/wp\/v2\/media\/484"}],"wp:attachment":[{"href":"https:\/\/educatespilar.com\/en\/wp-json\/wp\/v2\/media?parent=483"}],"wp:term":[{"taxonomy":"category","embeddable":true,"href":"https:\/\/educatespilar.com\/en\/wp-json\/wp\/v2\/categories?post=483"},{"taxonomy":"post_tag","embeddable":true,"href":"https:\/\/educatespilar.com\/en\/wp-json\/wp\/v2\/tags?post=483"}],"curies":[{"name":"wp","href":"https:\/\/api.w.org\/{rel}","templated":true}]}}