{"id":480,"date":"2026-04-14T07:23:57","date_gmt":"2026-04-14T07:23:57","guid":{"rendered":"https:\/\/educatespilar.com\/?p=480"},"modified":"2026-04-14T11:24:52","modified_gmt":"2026-04-14T11:24:52","slug":"extension-y-comprension","status":"publish","type":"post","link":"https:\/\/educatespilar.com\/en\/extension-y-comprension\/","title":{"rendered":"Extensi\u00f3n y Comprensi\u00f3n"},"content":{"rendered":"<p><img data-recalc-dims=\"1\" decoding=\"async\" loading=\"lazy\" class=\"alignnone size-medium wp-image-481\" src=\"https:\/\/i0.wp.com\/educatespilar.com\/wp-content\/uploads\/2026\/04\/business-concept-with-jigsaw-puzzle.jpg?resize=300%2C200&#038;ssl=1\" alt=\"\" width=\"300\" height=\"200\" srcset=\"https:\/\/i0.wp.com\/educatespilar.com\/wp-content\/uploads\/2026\/04\/business-concept-with-jigsaw-puzzle-scaled.jpg?resize=300%2C200&amp;ssl=1 300w, https:\/\/i0.wp.com\/educatespilar.com\/wp-content\/uploads\/2026\/04\/business-concept-with-jigsaw-puzzle-scaled.jpg?resize=1024%2C683&amp;ssl=1 1024w, https:\/\/i0.wp.com\/educatespilar.com\/wp-content\/uploads\/2026\/04\/business-concept-with-jigsaw-puzzle-scaled.jpg?resize=768%2C512&amp;ssl=1 768w, https:\/\/i0.wp.com\/educatespilar.com\/wp-content\/uploads\/2026\/04\/business-concept-with-jigsaw-puzzle-scaled.jpg?resize=1536%2C1024&amp;ssl=1 1536w, https:\/\/i0.wp.com\/educatespilar.com\/wp-content\/uploads\/2026\/04\/business-concept-with-jigsaw-puzzle-scaled.jpg?resize=2048%2C1365&amp;ssl=1 2048w, https:\/\/i0.wp.com\/educatespilar.com\/wp-content\/uploads\/2026\/04\/business-concept-with-jigsaw-puzzle-scaled.jpg?resize=18%2C12&amp;ssl=1 18w, https:\/\/i0.wp.com\/educatespilar.com\/wp-content\/uploads\/2026\/04\/business-concept-with-jigsaw-puzzle-scaled.jpg?resize=600%2C400&amp;ssl=1 600w\" sizes=\"auto, (max-width: 300px) 100vw, 300px\" \/><\/p>\n<p><span style=\"font-weight: 400;\">Existe, pues, una correlaci\u00f3n entre el concepto y el objeto a que se refiere; pero en el concepto s\u00f3lo se dan ciertas notas de los objetos: aquellas que resultan indispensables para que los objetos no dejen de ser tales y s\u00f3lo \u00e9sas. Por eso se dijo que el concepto es el pensamiento de la estructura de esas notas del objeto. Si en el concepto se puede distinguir un contenido, como lo hace una larga tradici\u00f3n l\u00f3gica, \u00e9ste se hallar\u00e1 en el n\u00facleo de referencias que se hace en el concepto a ciertas notas del objeto. Ese conjunto de referencias constituye la com<\/span><i><span style=\"font-weight: 400;\">prensi\u00f3n<\/span><\/i><span style=\"font-weight: 400;\"> del concepto, comprensi\u00f3n que aumenta cuando mayor es la cantidad de referencias mentales a notas del objeto que forman el concepto. As\u00ed, la menor comprensi\u00f3n se dar\u00eda en la idea de &#8220;ser&#8221;, seg\u00fan unos, o en la de &#8220;objeto&#8221;, seg\u00fan otros; y la comprensi\u00f3n m\u00e1s amplia, en el concepto de un objeto singular en el cual las referencias conceptuales apuntar\u00e1n al mayor n\u00famero de notas del objeto. Un grado de comprensi\u00f3n tal es solo hipot\u00e9tico, pero pr\u00e1cticamente puede entenderse que los conceptos de mayor comprensi\u00f3n son los que se refieren a un individuo concreto: San Martin, Arist\u00f3teles, Jos\u00e9 Mart\u00ed. P\u00f3ngase como ejemplo el concepto de &#8220;vertebrado&#8221;, que se estructura sobre las siguientes notas de los animales a los que as\u00ed se designa:<\/span><\/p>\n<ol>\n<li><span style=\"font-weight: 400;\"> Poseen cr\u00e1neo.<\/span><\/li>\n<li><span style=\"font-weight: 400;\"> Poseen v\u00e9rtebras.<\/span><\/li>\n<li><span style=\"font-weight: 400;\"> Poseen enc\u00e9falo.<\/span><\/li>\n<\/ol>\n<p><span style=\"font-weight: 400;\">En zoolog\u00eda se considera que estas notas forman la comprensi\u00f3n del concepto &#8220;vertebrado\u201d porque son caracter\u00edsticas y comunes a todas las especies animales que caen bajo el mismo, al tiempo que establecen las diferencias respecto de todas aquellas especies que carecen de estas notas. Del ejemplo surge la idea de extensi\u00f3n, que muchos l\u00f3gicos consideran inversa a la de comprensi\u00f3n. Al verificar las notas que se estructuran en el concepto \u201cvertebrado\u201d se debi\u00f3 apelar a la cantidad de objetos a las que tal concepto pod\u00eda aplicarse. Extensi\u00f3n del concepto es esa cantidad de objetos, pero entendida como la cantidad de especies o de clases de individuos, y no como la suma de individuos reales y concretos. Por lo tanto, todas aquellas clases de objetos de las cuales se pueda predicar que &#8220;son vertebrados&#8221; forman la extensi\u00f3n de ese concepto. En el ejemplo anterior, la extensi\u00f3n estar\u00e1 constituida por todas las especies de animales a los que se acomoden las tres referencias arriba se\u00f1aladas, pero no los millones de individuos que forman la realidad emp\u00edrica que se agrupa en esas especies.<\/span><\/p>\n<h2><span style=\"font-weight: 400;\">Conceptos Generales y Conceptos Individuales<\/span><\/h2>\n<p><span style=\"font-weight: 400;\">Como se ha visto, cuando mayor es la extensi\u00f3n, o sea, la cantidad de objetos que caen bajo el concepto, menor es su comprensi\u00f3n, es decir, las referencias que lo constituyen, y viceversa. De este modo, desde el punto de vista de la extensi\u00f3n<\/span> <span style=\"font-weight: 400;\">habr\u00e1<\/span><i><span style=\"font-weight: 400;\"> conceptos generales y conceptos <\/span><\/i><span style=\"font-weight: 400;\">in<\/span><i><span style=\"font-weight: 400;\">dividuales<\/span><\/i><span style=\"font-weight: 400;\">: los primeros, de mayor extensi\u00f3n y menor comprensi\u00f3n, y los segundos, de extensi\u00f3n singular pero m\u00e1s amplio contenido. Frente a <\/span><i><span style=\"font-weight: 400;\">S\u00f3crates,<\/span><\/i><span style=\"font-weight: 400;\"> concepto individual porque se refiere a un solo individuo,<\/span><i><span style=\"font-weight: 400;\"> animal,<\/span><\/i> <i><span style=\"font-weight: 400;\">hombre<\/span><\/i><span style=\"font-weight: 400;\"> son conceptos generales, pues hacen referencia a un mayor n\u00famero de seres entre los cuales <\/span><i><span style=\"font-weight: 400;\">S\u00f3crates<\/span><\/i><span style=\"font-weight: 400;\"> est\u00e1 incluido. Es decir, que los conceptos generales tienen una extensi\u00f3n m\u00e1s que singular, pero paralelamente se estructuran sobre la base de un menor n\u00famero de notas, de modo que la comprensi\u00f3n, casi total en el concepto individual S\u00f3crates, es progresivamente menor en los conceptos generales<\/span><i><span style=\"font-weight: 400;\"> hombre, animal, ser vivo, <\/span><\/i><span style=\"font-weight: 400;\">y<\/span> <span style=\"font-weight: 400;\">la<\/span> <span style=\"font-weight: 400;\">extensi\u00f3n, equivalente a uno en el concepto individual, menta en los conceptos generales.<\/span><\/p>\n<h2><span style=\"font-weight: 400;\">G\u00e9nero, Especie, Individuo<\/span><\/h2>\n<p><span style=\"font-weight: 400;\">Todo par de conceptos generales puede relacionarse de modo tal que uno est\u00e9 contenido en la comprensi\u00f3n del otro. Entre ambos, el concepto de mayor extensi\u00f3n y menor comprensi\u00f3n ser\u00e1 el <\/span><i><span style=\"font-weight: 400;\">g\u00e9nero,<\/span><\/i><span style=\"font-weight: 400;\"> y el de menor extensi\u00f3n y mayor comprensi\u00f3n ser\u00e1 la <\/span><i><span style=\"font-weight: 400;\">especie.<\/span><\/i><span style=\"font-weight: 400;\"> As\u00ed, en el ejemplo anterior,<\/span><i><span style=\"font-weight: 400;\"> animal<\/span><\/i><span style=\"font-weight: 400;\"> es el g\u00e9nero de <\/span><i><span style=\"font-weight: 400;\">hombre<\/span><\/i><span style=\"font-weight: 400;\"> que es su especie; pero ser vivo es, a su vez, g\u00e9nero de <\/span><i><span style=\"font-weight: 400;\">animal,<\/span><\/i><span style=\"font-weight: 400;\"> que resulta entonces especie. La especie, pues, agrupa a los individuos de una misma clase, pero a partir de ah\u00ed los conceptos de especie y g\u00e9nero se tornan relativos, pues todo concepto puede ser, a su vez, g\u00e9nero y especie, seg\u00fan sea el concepto con el cual se lo compare. De tal suerte, siempre que en dos conceptos la comprensi\u00f3n de uno est\u00e9 contenida en la del otro, podr\u00e1n aplicarse las nociones de g\u00e9nero y especie.<\/span><\/p>\n<h2><span style=\"font-weight: 400;\">Relaciones de Coordinaci\u00f3n y Subordinaci\u00f3n<\/span><\/h2>\n<p><span style=\"font-weight: 400;\">Los conceptos generales pueden estar relacionados de manera tal que formen una serie en la que unos est\u00e9n contenidos en otros, esto es, que la comprensi\u00f3n sea mayor en unos que en otros. La serie de tales conceptos en los que la extensi\u00f3n ser\u00e1 tanto menor cuanto mayor sea la comprensi\u00f3n, puede formarse porque los conceptos que la forman guardan entre s\u00ed una relaci\u00f3n de<\/span><i><span style=\"font-weight: 400;\"> subordinaci\u00f3n. <\/span><\/i><span style=\"font-weight: 400;\">En<\/span> <span style=\"font-weight: 400;\">el<\/span> <span style=\"font-weight: 400;\">ejemplo<\/span> <span style=\"font-weight: 400;\">dado,<\/span><i><span style=\"font-weight: 400;\"> hombre<\/span><\/i><span style=\"font-weight: 400;\"> est\u00e1 subordinado a <\/span><i><span style=\"font-weight: 400;\">animal, <\/span><\/i><span style=\"font-weight: 400;\">y <\/span><i><span style=\"font-weight: 400;\">animal<\/span><\/i><span style=\"font-weight: 400;\"> a ser <\/span><i><span style=\"font-weight: 400;\">vivo.<\/span><\/i><span style=\"font-weight: 400;\"> Puede ser, en cambio, que varios conceptos est\u00e9n contenidos en uno que sea g\u00e9nero de todos ellos, es decir, que varios conceptos sean especies de un mismo g\u00e9nero. La relaci\u00f3n que une a estos conceptos es la de <\/span><i><span style=\"font-weight: 400;\">coordinaci\u00f3n.<\/span><\/i><span style=\"font-weight: 400;\"> Continuando con el mismo ejemplo,<\/span><i><span style=\"font-weight: 400;\"> animal<\/span><\/i><span style=\"font-weight: 400;\"> puede estar subordinado a ser vivo, juntamente con <\/span><i><span style=\"font-weight: 400;\">vegetal;<\/span><\/i> <i><span style=\"font-weight: 400;\">y<\/span><\/i> <i><span style=\"font-weight: 400;\">hombre <\/span><\/i><span style=\"font-weight: 400;\">puede<\/span> <span style=\"font-weight: 400;\">estarlo<\/span><i><span style=\"font-weight: 400;\"> a animal <\/span><\/i><span style=\"font-weight: 400;\">como<\/span><i><span style=\"font-weight: 400;\"> mono, zorro<\/span><\/i> <i><span style=\"font-weight: 400;\">o \u00e1guila.<\/span><\/i><span style=\"font-weight: 400;\"> En<\/span> <span style=\"font-weight: 400;\">ambos<\/span> <span style=\"font-weight: 400;\">casos,<\/span><i><span style=\"font-weight: 400;\"> vegetal y animal, <\/span><\/i><span style=\"font-weight: 400;\">por un<\/span> <span style=\"font-weight: 400;\">lado, <\/span><i><span style=\"font-weight: 400;\">y hombre, mono, zorro y \u00e1guila <\/span><\/i><span style=\"font-weight: 400;\">por<\/span> <span style=\"font-weight: 400;\">el otro, son entre s\u00ed conceptos coordinados.<\/span><\/p>\n<p>&nbsp;<\/p>","protected":false},"excerpt":{"rendered":"<p>Existe, pues, una correlaci\u00f3n entre el concepto y el objeto a que se refiere; pero en el concepto s\u00f3lo se dan ciertas notas de los objetos: aquellas que resultan indispensables para que los objetos no dejen de ser tales y s\u00f3lo \u00e9sas. Por eso se dijo que el concepto es el pensamiento de la estructura [&hellip;]<\/p>\n","protected":false},"author":2,"featured_media":481,"comment_status":"closed","ping_status":"closed","sticky":false,"template":"","format":"standard","meta":{"nf_dc_page":"","_jetpack_memberships_contains_paid_content":false,"footnotes":""},"categories":[9],"tags":[180,179],"class_list":["post-480","post","type-post","status-publish","format-standard","has-post-thumbnail","hentry","category-educacion","tag-comprension","tag-extension"],"yoast_head":"<!-- This site is optimized with the Yoast SEO plugin v27.4 - https:\/\/yoast.com\/product\/yoast-seo-wordpress\/ -->\n<title>Extensi\u00f3n y Comprensi\u00f3n - EducatesPilar.com<\/title>\n<meta name=\"robots\" content=\"index, follow, max-snippet:-1, max-image-preview:large, max-video-preview:-1\" \/>\n<link rel=\"canonical\" href=\"https:\/\/educatespilar.com\/en\/extension-y-comprension\/\" \/>\n<meta property=\"og:locale\" content=\"en_US\" \/>\n<meta property=\"og:type\" content=\"article\" \/>\n<meta property=\"og:title\" content=\"Extensi\u00f3n y Comprensi\u00f3n - EducatesPilar.com\" \/>\n<meta property=\"og:description\" content=\"Existe, pues, una correlaci\u00f3n entre el concepto y el objeto a que se refiere; pero en el concepto s\u00f3lo se dan ciertas notas de los objetos: aquellas que resultan indispensables para que los objetos no dejen de ser tales y s\u00f3lo \u00e9sas. Por eso se dijo que el concepto es el pensamiento de la estructura [&hellip;]\" \/>\n<meta property=\"og:url\" content=\"https:\/\/educatespilar.com\/en\/extension-y-comprension\/\" \/>\n<meta property=\"og:site_name\" content=\"EducatesPilar.com\" \/>\n<meta property=\"article:published_time\" content=\"2026-04-14T07:23:57+00:00\" \/>\n<meta property=\"article:modified_time\" content=\"2026-04-14T11:24:52+00:00\" \/>\n<meta property=\"og:image\" content=\"https:\/\/educatespilar.com\/wp-content\/uploads\/2026\/04\/business-concept-with-jigsaw-puzzle-scaled.jpg\" \/>\n\t<meta property=\"og:image:width\" content=\"2560\" \/>\n\t<meta property=\"og:image:height\" content=\"1707\" \/>\n\t<meta property=\"og:image:type\" content=\"image\/jpeg\" \/>\n<meta name=\"author\" content=\"educates\" \/>\n<meta name=\"twitter:card\" content=\"summary_large_image\" \/>\n<meta name=\"twitter:label1\" content=\"Written by\" \/>\n\t<meta name=\"twitter:data1\" content=\"educates\" \/>\n\t<meta name=\"twitter:label2\" content=\"Est. reading time\" \/>\n\t<meta name=\"twitter:data2\" content=\"5 minutes\" \/>\n<script type=\"application\/ld+json\" class=\"yoast-schema-graph\">{\"@context\":\"https:\\\/\\\/schema.org\",\"@graph\":[{\"@type\":\"Article\",\"@id\":\"https:\\\/\\\/educatespilar.com\\\/extension-y-comprension\\\/#article\",\"isPartOf\":{\"@id\":\"https:\\\/\\\/educatespilar.com\\\/extension-y-comprension\\\/\"},\"author\":{\"name\":\"educates\",\"@id\":\"https:\\\/\\\/tzs.pgq.temporary.site\\\/website_c18d3ae6\\\/#\\\/schema\\\/person\\\/655446504db2a404e6921d90ab7c0a0f\"},\"headline\":\"Extensi\u00f3n y Comprensi\u00f3n\",\"datePublished\":\"2026-04-14T07:23:57+00:00\",\"dateModified\":\"2026-04-14T11:24:52+00:00\",\"mainEntityOfPage\":{\"@id\":\"https:\\\/\\\/educatespilar.com\\\/extension-y-comprension\\\/\"},\"wordCount\":987,\"image\":{\"@id\":\"https:\\\/\\\/educatespilar.com\\\/extension-y-comprension\\\/#primaryimage\"},\"thumbnailUrl\":\"https:\\\/\\\/i0.wp.com\\\/educatespilar.com\\\/wp-content\\\/uploads\\\/2026\\\/04\\\/business-concept-with-jigsaw-puzzle-scaled.jpg?fit=2560%2C1707&ssl=1\",\"keywords\":[\"comprension\",\"extension\"],\"articleSection\":[\"Educaci\u00f3n\"],\"inLanguage\":\"en-US\"},{\"@type\":\"WebPage\",\"@id\":\"https:\\\/\\\/educatespilar.com\\\/extension-y-comprension\\\/\",\"url\":\"https:\\\/\\\/educatespilar.com\\\/extension-y-comprension\\\/\",\"name\":\"Extensi\u00f3n y Comprensi\u00f3n - EducatesPilar.com\",\"isPartOf\":{\"@id\":\"https:\\\/\\\/tzs.pgq.temporary.site\\\/website_c18d3ae6\\\/#website\"},\"primaryImageOfPage\":{\"@id\":\"https:\\\/\\\/educatespilar.com\\\/extension-y-comprension\\\/#primaryimage\"},\"image\":{\"@id\":\"https:\\\/\\\/educatespilar.com\\\/extension-y-comprension\\\/#primaryimage\"},\"thumbnailUrl\":\"https:\\\/\\\/i0.wp.com\\\/educatespilar.com\\\/wp-content\\\/uploads\\\/2026\\\/04\\\/business-concept-with-jigsaw-puzzle-scaled.jpg?fit=2560%2C1707&ssl=1\",\"datePublished\":\"2026-04-14T07:23:57+00:00\",\"dateModified\":\"2026-04-14T11:24:52+00:00\",\"author\":{\"@id\":\"https:\\\/\\\/tzs.pgq.temporary.site\\\/website_c18d3ae6\\\/#\\\/schema\\\/person\\\/655446504db2a404e6921d90ab7c0a0f\"},\"breadcrumb\":{\"@id\":\"https:\\\/\\\/educatespilar.com\\\/extension-y-comprension\\\/#breadcrumb\"},\"inLanguage\":\"en-US\",\"potentialAction\":[{\"@type\":\"ReadAction\",\"target\":[\"https:\\\/\\\/educatespilar.com\\\/extension-y-comprension\\\/\"]}]},{\"@type\":\"ImageObject\",\"inLanguage\":\"en-US\",\"@id\":\"https:\\\/\\\/educatespilar.com\\\/extension-y-comprension\\\/#primaryimage\",\"url\":\"https:\\\/\\\/i0.wp.com\\\/educatespilar.com\\\/wp-content\\\/uploads\\\/2026\\\/04\\\/business-concept-with-jigsaw-puzzle-scaled.jpg?fit=2560%2C1707&ssl=1\",\"contentUrl\":\"https:\\\/\\\/i0.wp.com\\\/educatespilar.com\\\/wp-content\\\/uploads\\\/2026\\\/04\\\/business-concept-with-jigsaw-puzzle-scaled.jpg?fit=2560%2C1707&ssl=1\",\"width\":2560,\"height\":1707},{\"@type\":\"BreadcrumbList\",\"@id\":\"https:\\\/\\\/educatespilar.com\\\/extension-y-comprension\\\/#breadcrumb\",\"itemListElement\":[{\"@type\":\"ListItem\",\"position\":1,\"name\":\"Home\",\"item\":\"https:\\\/\\\/educatespilar.com\\\/\"},{\"@type\":\"ListItem\",\"position\":2,\"name\":\"Extensi\u00f3n y Comprensi\u00f3n\"}]},{\"@type\":\"WebSite\",\"@id\":\"https:\\\/\\\/tzs.pgq.temporary.site\\\/website_c18d3ae6\\\/#website\",\"url\":\"https:\\\/\\\/tzs.pgq.temporary.site\\\/website_c18d3ae6\\\/\",\"name\":\"EducatesPilar.com\",\"description\":\"\",\"potentialAction\":[{\"@type\":\"SearchAction\",\"target\":{\"@type\":\"EntryPoint\",\"urlTemplate\":\"https:\\\/\\\/tzs.pgq.temporary.site\\\/website_c18d3ae6\\\/?s={search_term_string}\"},\"query-input\":{\"@type\":\"PropertyValueSpecification\",\"valueRequired\":true,\"valueName\":\"search_term_string\"}}],\"inLanguage\":\"en-US\"},{\"@type\":\"Person\",\"@id\":\"https:\\\/\\\/tzs.pgq.temporary.site\\\/website_c18d3ae6\\\/#\\\/schema\\\/person\\\/655446504db2a404e6921d90ab7c0a0f\",\"name\":\"educates\",\"image\":{\"@type\":\"ImageObject\",\"inLanguage\":\"en-US\",\"@id\":\"https:\\\/\\\/secure.gravatar.com\\\/avatar\\\/f1e844324149cf607705bdc3821ac52f5613382cc275e3a009bc73539c52a819?s=96&d=mm&r=g\",\"url\":\"https:\\\/\\\/secure.gravatar.com\\\/avatar\\\/f1e844324149cf607705bdc3821ac52f5613382cc275e3a009bc73539c52a819?s=96&d=mm&r=g\",\"contentUrl\":\"https:\\\/\\\/secure.gravatar.com\\\/avatar\\\/f1e844324149cf607705bdc3821ac52f5613382cc275e3a009bc73539c52a819?s=96&d=mm&r=g\",\"caption\":\"educates\"},\"url\":\"https:\\\/\\\/educatespilar.com\\\/en\\\/author\\\/educates\\\/\"}]}<\/script>\n<!-- \/ Yoast SEO plugin. -->","yoast_head_json":{"title":"Extensi\u00f3n y Comprensi\u00f3n - EducatesPilar.com","robots":{"index":"index","follow":"follow","max-snippet":"max-snippet:-1","max-image-preview":"max-image-preview:large","max-video-preview":"max-video-preview:-1"},"canonical":"https:\/\/educatespilar.com\/en\/extension-y-comprension\/","og_locale":"en_US","og_type":"article","og_title":"Extensi\u00f3n y Comprensi\u00f3n - EducatesPilar.com","og_description":"Existe, pues, una correlaci\u00f3n entre el concepto y el objeto a que se refiere; pero en el concepto s\u00f3lo se dan ciertas notas de los objetos: aquellas que resultan indispensables para que los objetos no dejen de ser tales y s\u00f3lo \u00e9sas. Por eso se dijo que el concepto es el pensamiento de la estructura [&hellip;]","og_url":"https:\/\/educatespilar.com\/en\/extension-y-comprension\/","og_site_name":"EducatesPilar.com","article_published_time":"2026-04-14T07:23:57+00:00","article_modified_time":"2026-04-14T11:24:52+00:00","og_image":[{"width":2560,"height":1707,"url":"https:\/\/educatespilar.com\/wp-content\/uploads\/2026\/04\/business-concept-with-jigsaw-puzzle-scaled.jpg","type":"image\/jpeg"}],"author":"educates","twitter_card":"summary_large_image","twitter_misc":{"Written by":"educates","Est. reading time":"5 minutes"},"schema":{"@context":"https:\/\/schema.org","@graph":[{"@type":"Article","@id":"https:\/\/educatespilar.com\/extension-y-comprension\/#article","isPartOf":{"@id":"https:\/\/educatespilar.com\/extension-y-comprension\/"},"author":{"name":"educates","@id":"https:\/\/tzs.pgq.temporary.site\/website_c18d3ae6\/#\/schema\/person\/655446504db2a404e6921d90ab7c0a0f"},"headline":"Extensi\u00f3n y Comprensi\u00f3n","datePublished":"2026-04-14T07:23:57+00:00","dateModified":"2026-04-14T11:24:52+00:00","mainEntityOfPage":{"@id":"https:\/\/educatespilar.com\/extension-y-comprension\/"},"wordCount":987,"image":{"@id":"https:\/\/educatespilar.com\/extension-y-comprension\/#primaryimage"},"thumbnailUrl":"https:\/\/i0.wp.com\/educatespilar.com\/wp-content\/uploads\/2026\/04\/business-concept-with-jigsaw-puzzle-scaled.jpg?fit=2560%2C1707&ssl=1","keywords":["comprension","extension"],"articleSection":["Educaci\u00f3n"],"inLanguage":"en-US"},{"@type":"WebPage","@id":"https:\/\/educatespilar.com\/extension-y-comprension\/","url":"https:\/\/educatespilar.com\/extension-y-comprension\/","name":"Extensi\u00f3n y Comprensi\u00f3n - EducatesPilar.com","isPartOf":{"@id":"https:\/\/tzs.pgq.temporary.site\/website_c18d3ae6\/#website"},"primaryImageOfPage":{"@id":"https:\/\/educatespilar.com\/extension-y-comprension\/#primaryimage"},"image":{"@id":"https:\/\/educatespilar.com\/extension-y-comprension\/#primaryimage"},"thumbnailUrl":"https:\/\/i0.wp.com\/educatespilar.com\/wp-content\/uploads\/2026\/04\/business-concept-with-jigsaw-puzzle-scaled.jpg?fit=2560%2C1707&ssl=1","datePublished":"2026-04-14T07:23:57+00:00","dateModified":"2026-04-14T11:24:52+00:00","author":{"@id":"https:\/\/tzs.pgq.temporary.site\/website_c18d3ae6\/#\/schema\/person\/655446504db2a404e6921d90ab7c0a0f"},"breadcrumb":{"@id":"https:\/\/educatespilar.com\/extension-y-comprension\/#breadcrumb"},"inLanguage":"en-US","potentialAction":[{"@type":"ReadAction","target":["https:\/\/educatespilar.com\/extension-y-comprension\/"]}]},{"@type":"ImageObject","inLanguage":"en-US","@id":"https:\/\/educatespilar.com\/extension-y-comprension\/#primaryimage","url":"https:\/\/i0.wp.com\/educatespilar.com\/wp-content\/uploads\/2026\/04\/business-concept-with-jigsaw-puzzle-scaled.jpg?fit=2560%2C1707&ssl=1","contentUrl":"https:\/\/i0.wp.com\/educatespilar.com\/wp-content\/uploads\/2026\/04\/business-concept-with-jigsaw-puzzle-scaled.jpg?fit=2560%2C1707&ssl=1","width":2560,"height":1707},{"@type":"BreadcrumbList","@id":"https:\/\/educatespilar.com\/extension-y-comprension\/#breadcrumb","itemListElement":[{"@type":"ListItem","position":1,"name":"Home","item":"https:\/\/educatespilar.com\/"},{"@type":"ListItem","position":2,"name":"Extensi\u00f3n y Comprensi\u00f3n"}]},{"@type":"WebSite","@id":"https:\/\/tzs.pgq.temporary.site\/website_c18d3ae6\/#website","url":"https:\/\/tzs.pgq.temporary.site\/website_c18d3ae6\/","name":"EducatesPilar.com","description":"","potentialAction":[{"@type":"SearchAction","target":{"@type":"EntryPoint","urlTemplate":"https:\/\/tzs.pgq.temporary.site\/website_c18d3ae6\/?s={search_term_string}"},"query-input":{"@type":"PropertyValueSpecification","valueRequired":true,"valueName":"search_term_string"}}],"inLanguage":"en-US"},{"@type":"Person","@id":"https:\/\/tzs.pgq.temporary.site\/website_c18d3ae6\/#\/schema\/person\/655446504db2a404e6921d90ab7c0a0f","name":"educates","image":{"@type":"ImageObject","inLanguage":"en-US","@id":"https:\/\/secure.gravatar.com\/avatar\/f1e844324149cf607705bdc3821ac52f5613382cc275e3a009bc73539c52a819?s=96&d=mm&r=g","url":"https:\/\/secure.gravatar.com\/avatar\/f1e844324149cf607705bdc3821ac52f5613382cc275e3a009bc73539c52a819?s=96&d=mm&r=g","contentUrl":"https:\/\/secure.gravatar.com\/avatar\/f1e844324149cf607705bdc3821ac52f5613382cc275e3a009bc73539c52a819?s=96&d=mm&r=g","caption":"educates"},"url":"https:\/\/educatespilar.com\/en\/author\/educates\/"}]}},"jetpack_featured_media_url":"https:\/\/i0.wp.com\/educatespilar.com\/wp-content\/uploads\/2026\/04\/business-concept-with-jigsaw-puzzle-scaled.jpg?fit=2560%2C1707&ssl=1","jetpack_sharing_enabled":true,"_links":{"self":[{"href":"https:\/\/educatespilar.com\/en\/wp-json\/wp\/v2\/posts\/480","targetHints":{"allow":["GET"]}}],"collection":[{"href":"https:\/\/educatespilar.com\/en\/wp-json\/wp\/v2\/posts"}],"about":[{"href":"https:\/\/educatespilar.com\/en\/wp-json\/wp\/v2\/types\/post"}],"author":[{"embeddable":true,"href":"https:\/\/educatespilar.com\/en\/wp-json\/wp\/v2\/users\/2"}],"replies":[{"embeddable":true,"href":"https:\/\/educatespilar.com\/en\/wp-json\/wp\/v2\/comments?post=480"}],"version-history":[{"count":1,"href":"https:\/\/educatespilar.com\/en\/wp-json\/wp\/v2\/posts\/480\/revisions"}],"predecessor-version":[{"id":482,"href":"https:\/\/educatespilar.com\/en\/wp-json\/wp\/v2\/posts\/480\/revisions\/482"}],"wp:featuredmedia":[{"embeddable":true,"href":"https:\/\/educatespilar.com\/en\/wp-json\/wp\/v2\/media\/481"}],"wp:attachment":[{"href":"https:\/\/educatespilar.com\/en\/wp-json\/wp\/v2\/media?parent=480"}],"wp:term":[{"taxonomy":"category","embeddable":true,"href":"https:\/\/educatespilar.com\/en\/wp-json\/wp\/v2\/categories?post=480"},{"taxonomy":"post_tag","embeddable":true,"href":"https:\/\/educatespilar.com\/en\/wp-json\/wp\/v2\/tags?post=480"}],"curies":[{"name":"wp","href":"https:\/\/api.w.org\/{rel}","templated":true}]}}