{"id":477,"date":"2026-04-13T07:24:03","date_gmt":"2026-04-13T07:24:03","guid":{"rendered":"https:\/\/educatespilar.com\/?p=477"},"modified":"2026-04-13T16:24:57","modified_gmt":"2026-04-13T16:24:57","slug":"el-pensamiento","status":"publish","type":"post","link":"https:\/\/educatespilar.com\/en\/el-pensamiento\/","title":{"rendered":"EL PENSAMIENTO"},"content":{"rendered":"<p><img data-recalc-dims=\"1\" decoding=\"async\" loading=\"lazy\" class=\"alignnone size-medium wp-image-478\" src=\"https:\/\/i0.wp.com\/educatespilar.com\/wp-content\/uploads\/2026\/04\/woman-home-holding-notebook-working-business-from-home.jpg?resize=300%2C200&#038;ssl=1\" alt=\"\" width=\"300\" height=\"200\" srcset=\"https:\/\/i0.wp.com\/educatespilar.com\/wp-content\/uploads\/2026\/04\/woman-home-holding-notebook-working-business-from-home-scaled.jpg?resize=300%2C200&amp;ssl=1 300w, https:\/\/i0.wp.com\/educatespilar.com\/wp-content\/uploads\/2026\/04\/woman-home-holding-notebook-working-business-from-home-scaled.jpg?resize=1024%2C683&amp;ssl=1 1024w, https:\/\/i0.wp.com\/educatespilar.com\/wp-content\/uploads\/2026\/04\/woman-home-holding-notebook-working-business-from-home-scaled.jpg?resize=768%2C513&amp;ssl=1 768w, https:\/\/i0.wp.com\/educatespilar.com\/wp-content\/uploads\/2026\/04\/woman-home-holding-notebook-working-business-from-home-scaled.jpg?resize=1536%2C1025&amp;ssl=1 1536w, https:\/\/i0.wp.com\/educatespilar.com\/wp-content\/uploads\/2026\/04\/woman-home-holding-notebook-working-business-from-home-scaled.jpg?resize=2048%2C1367&amp;ssl=1 2048w, https:\/\/i0.wp.com\/educatespilar.com\/wp-content\/uploads\/2026\/04\/woman-home-holding-notebook-working-business-from-home-scaled.jpg?resize=18%2C12&amp;ssl=1 18w, https:\/\/i0.wp.com\/educatespilar.com\/wp-content\/uploads\/2026\/04\/woman-home-holding-notebook-working-business-from-home-scaled.jpg?resize=600%2C400&amp;ssl=1 600w\" sizes=\"auto, (max-width: 300px) 100vw, 300px\" \/><\/p>\n<p><span style=\"font-weight: 400;\">El hombre vive en un mundo de objetos. Ya se trate de las cosas materiales que juntamente con el resto de los seres vivos forman el mundo de la realidad emp\u00edrica, como de los entes ideales o imaginarios que el mismo hombre crea, entendemos por objetos todo el conglomerado de lo que puede ser captado por la conciencia de un sujeto. En este amplio sentido, un hombre, un ni\u00f1o, una casa, una ciudad, el cielo, San Martin, la Revoluci\u00f3n Francesa o una ecuaci\u00f3n, son id\u00e9nticamente objetos en tanto todos ellos pueden presentarse alguna vez a la conciencia. Una de las formas que la conciencia humana adopta frente a los objetos es la de referirse a ellos para conocerlos, para saber lo que son y c\u00f3mo son y, en definitiva, para elaborar sobre sus datos nuevos objetos intelectuales que configuran el mundo de la cultura.<\/span><\/p>\n<p><span style=\"font-weight: 400;\">En este amplio campo de la referencia a objetos, que constituye lo que tradicionalmente se ha llamado en psicolog\u00eda la <\/span><i><span style=\"font-weight: 400;\">vida<\/span><\/i> <i><span style=\"font-weight: 400;\">intelectual,<\/span><\/i><span style=\"font-weight: 400;\"> la conciencia puede realizar esa referencia de distintas maneras. Por un lado, mediante ciertos actos ps\u00edquicos, los objetos singulares pueden ser <\/span><i><span style=\"font-weight: 400;\">aprehendidos<\/span><\/i> <i><span style=\"font-weight: 400;\">o representados. <\/span><\/i><span style=\"font-weight: 400;\">Estos actos ps\u00edquicos por los cuales la mente apunta hacia los objetos, s\u00f3lo tienen por finalidad el tomar nota de algo sin aventurarse a enjuiciarlo. Por eso la aprehensi\u00f3n es una operaci\u00f3n enteramente neutral y representativa. Pero los objetos pueden ser tambi\u00e9n pensados, es decir, que la conciencia puede hacer referencia a ellos mediante un proceso mental de abstracci\u00f3n y generalizaci\u00f3n que se funda en una conciencia de las relaciones que se pueden dar en los mismos. Este proceso del pensar permite considerar los objetos como estructuras ideales. En efecto, al tener la representaci\u00f3n de un objeto cualquiera, una silla, por ejemplo, el hombre no se limita a tomar conciencia de los datos sensibles que posee; tambi\u00e9n descubre que esa silla est\u00e1 m\u00e1s <\/span><i><span style=\"font-weight: 400;\">cerca<\/span><\/i> <i><span style=\"font-weight: 400;\">de<\/span><\/i><span style=\"font-weight: 400;\"> \u00e9l que otros objetos; que es <\/span><i><span style=\"font-weight: 400;\">m\u00e1s<\/span><\/i> <i><span style=\"font-weight: 400;\">grande<\/span><\/i> <i><span style=\"font-weight: 400;\">que<\/span><\/i><span style=\"font-weight: 400;\"> otra silla que observa en los alrededores, y a esta conclusi\u00f3n llega luego de comparar la sit<\/span><i><span style=\"font-weight: 400;\">uaci\u00f3n<\/span><\/i><span style=\"font-weight: 400;\"> y el<\/span><i><span style=\"font-weight: 400;\"> tama\u00f1o<\/span><\/i><span style=\"font-weight: 400;\"> del objeto representado frente a la situaci\u00f3n y el tama\u00f1o de otros objetos. Esta operaci\u00f3n intelectual ha creado la conciencia de que en el objeto se dan ciertas <\/span><i><span style=\"font-weight: 400;\">relaciones<\/span><\/i><span style=\"font-weight: 400;\"> respecto de otros objetos, relaciones que no forman parte de los datos sensibles que constituyen nuestra imagen de la silla, pero que existen sin duda alguna y que son tan reales como lo es la silla misma.<\/span><\/p>\n<p><span style=\"font-weight: 400;\">La aprehensi\u00f3n de estas relaciones permite que la mente realice los procesos ps\u00edquicos de abstracci\u00f3n y generalizaci\u00f3n que son los que, en definitiva, distinguen lo que por un lado es la imagen sensible de un objeto singular, de lo que es el pensamiento de una estructura ideal de los objetos. Resulta, as\u00ed, que <\/span><i><span style=\"font-weight: 400;\">pensamientos<\/span><\/i><span style=\"font-weight: 400;\"> son todas aquellas estructuras ideales a las que apunta la mente en el acto de pensar. Estas estructuras son independientes del acto mismo que las piensa, ya que est\u00e1n fuera de la vida ps\u00edquica. El acto de pensar transcurre en el tiempo, tiene un comienzo y un fin; los pensamientos a los que cada acto apunta, son, en cambio, siempre id\u00e9nticos, no var\u00edan ni transcurren porque son intemporales. El pensar, como una actividad de la mente, es estudiado por la psicolog\u00eda. El pensamiento, en cambio, es estudiado por la l\u00f3gica. En el acto de pensar, se piensan pensamientos. Esto es, estructuras, formas, y estas formas se refieren a su vez a objetos, que constituyen contenido de los pensamientos. En todo pensamiento se puede distinguir un <\/span><i><span style=\"font-weight: 400;\">contenido,<\/span><\/i><span style=\"font-weight: 400;\"> es decir, el objeto a que el pensamiento apunta, y una forma, que es el pensamiento mismo como estructura. La l\u00f3gica es la ciencia que estudia estas estructuras como tales, es decir, es el &#8220;pensar acerca de los pensamientos&#8221;. Puede ser definida entonces como la ciencia que estudia la forma de los pensamientos&#8221;, la ciencia de la estructura de los pensamientos&#8221;, o, simplemente, como la ciencia de los pensamientos\u201d. La l\u00f3gica se ocupa fundamentalmente de las tres formas que adopta el pensamiento, el concepto, el juicio <\/span><i><span style=\"font-weight: 400;\">y<\/span><\/i><span style=\"font-weight: 400;\"> el razonamiento, que son, en definitiva, las formas a las que apuntan otros tres actos ps\u00edquicos que son las distintas maneras del acto de pensar, el <\/span><i><span style=\"font-weight: 400;\">conceptuar,<\/span><\/i><span style=\"font-weight: 400;\"> el fuz<\/span><i><span style=\"font-weight: 400;\">gar <\/span><\/i><span style=\"font-weight: 400;\">y<\/span> <span style=\"font-weight: 400;\">el<\/span><i><span style=\"font-weight: 400;\"> razonar.<\/span><\/i><span style=\"font-weight: 400;\"> Los pensamientos se expresan a trav\u00e9s de un lenguaje; m\u00e1s corrientemente, el lenguaje natural.<\/span><\/p>\n<p><span style=\"font-weight: 400;\">En efecto, cuando se dice: El aluminio es un elemento nativo se est\u00e1n expresando pensamientos.<\/span><\/p>\n<p><span style=\"font-weight: 400;\">Para ello se utiliza cualquier sistema de signos, ya sean los ling\u00fc\u00edsticos o los matem\u00e1ticos, que se han empleado en este caso, como cualesquiera otros. Los s\u00edmbolos de un c\u00f3digo de se\u00f1ales, de un sistema de l\u00f3gica, de un m\u00e9todo de notaci\u00f3n qu\u00edmica, pueden ser igualmente aptos para la expresi\u00f3n de los pensamientos. Paralelamente, cada uno de estos pensamientos se refiere de alguna manera a otros tantos objetos que son sus \u201ccorrelatos intencionales\u201d, es decir, aquello a lo cual cada pensamiento apunta.<\/span><\/p>","protected":false},"excerpt":{"rendered":"<p>El hombre vive en un mundo de objetos. Ya se trate de las cosas materiales que juntamente con el resto de los seres vivos forman el mundo de la realidad emp\u00edrica, como de los entes ideales o imaginarios que el mismo hombre crea, entendemos por objetos todo el conglomerado de lo que puede ser captado [&hellip;]<\/p>\n","protected":false},"author":2,"featured_media":478,"comment_status":"closed","ping_status":"closed","sticky":false,"template":"","format":"standard","meta":{"nf_dc_page":"","_jetpack_memberships_contains_paid_content":false,"footnotes":""},"categories":[173],"tags":[161],"class_list":["post-477","post","type-post","status-publish","format-standard","has-post-thumbnail","hentry","category-social","tag-pensamiento"],"yoast_head":"<!-- This site is optimized with the Yoast SEO plugin v27.4 - https:\/\/yoast.com\/product\/yoast-seo-wordpress\/ -->\n<title>EL PENSAMIENTO - EducatesPilar.com<\/title>\n<meta name=\"robots\" content=\"index, follow, max-snippet:-1, max-image-preview:large, max-video-preview:-1\" \/>\n<link rel=\"canonical\" href=\"https:\/\/educatespilar.com\/en\/el-pensamiento\/\" \/>\n<meta property=\"og:locale\" content=\"en_US\" \/>\n<meta property=\"og:type\" content=\"article\" \/>\n<meta property=\"og:title\" content=\"EL PENSAMIENTO - EducatesPilar.com\" \/>\n<meta property=\"og:description\" content=\"El hombre vive en un mundo de objetos. Ya se trate de las cosas materiales que juntamente con el resto de los seres vivos forman el mundo de la realidad emp\u00edrica, como de los entes ideales o imaginarios que el mismo hombre crea, entendemos por objetos todo el conglomerado de lo que puede ser captado [&hellip;]\" \/>\n<meta property=\"og:url\" content=\"https:\/\/educatespilar.com\/en\/el-pensamiento\/\" \/>\n<meta property=\"og:site_name\" content=\"EducatesPilar.com\" \/>\n<meta property=\"article:published_time\" content=\"2026-04-13T07:24:03+00:00\" \/>\n<meta property=\"article:modified_time\" content=\"2026-04-13T16:24:57+00:00\" \/>\n<meta property=\"og:image\" content=\"https:\/\/educatespilar.com\/wp-content\/uploads\/2026\/04\/woman-home-holding-notebook-working-business-from-home-scaled.jpg\" \/>\n\t<meta property=\"og:image:width\" content=\"2560\" \/>\n\t<meta property=\"og:image:height\" content=\"1709\" \/>\n\t<meta property=\"og:image:type\" content=\"image\/jpeg\" \/>\n<meta name=\"author\" content=\"educates\" \/>\n<meta name=\"twitter:card\" content=\"summary_large_image\" \/>\n<meta name=\"twitter:label1\" content=\"Written by\" \/>\n\t<meta name=\"twitter:data1\" content=\"educates\" \/>\n\t<meta name=\"twitter:label2\" content=\"Est. reading time\" \/>\n\t<meta name=\"twitter:data2\" content=\"4 minutes\" \/>\n<script type=\"application\/ld+json\" class=\"yoast-schema-graph\">{\"@context\":\"https:\\\/\\\/schema.org\",\"@graph\":[{\"@type\":\"Article\",\"@id\":\"https:\\\/\\\/educatespilar.com\\\/el-pensamiento\\\/#article\",\"isPartOf\":{\"@id\":\"https:\\\/\\\/educatespilar.com\\\/el-pensamiento\\\/\"},\"author\":{\"name\":\"educates\",\"@id\":\"https:\\\/\\\/tzs.pgq.temporary.site\\\/website_c18d3ae6\\\/#\\\/schema\\\/person\\\/655446504db2a404e6921d90ab7c0a0f\"},\"headline\":\"EL PENSAMIENTO\",\"datePublished\":\"2026-04-13T07:24:03+00:00\",\"dateModified\":\"2026-04-13T16:24:57+00:00\",\"mainEntityOfPage\":{\"@id\":\"https:\\\/\\\/educatespilar.com\\\/el-pensamiento\\\/\"},\"wordCount\":875,\"image\":{\"@id\":\"https:\\\/\\\/educatespilar.com\\\/el-pensamiento\\\/#primaryimage\"},\"thumbnailUrl\":\"https:\\\/\\\/i0.wp.com\\\/educatespilar.com\\\/wp-content\\\/uploads\\\/2026\\\/04\\\/woman-home-holding-notebook-working-business-from-home-scaled.jpg?fit=2560%2C1709&ssl=1\",\"keywords\":[\"pensamiento\"],\"articleSection\":[\"Social\"],\"inLanguage\":\"en-US\"},{\"@type\":\"WebPage\",\"@id\":\"https:\\\/\\\/educatespilar.com\\\/el-pensamiento\\\/\",\"url\":\"https:\\\/\\\/educatespilar.com\\\/el-pensamiento\\\/\",\"name\":\"EL PENSAMIENTO - EducatesPilar.com\",\"isPartOf\":{\"@id\":\"https:\\\/\\\/tzs.pgq.temporary.site\\\/website_c18d3ae6\\\/#website\"},\"primaryImageOfPage\":{\"@id\":\"https:\\\/\\\/educatespilar.com\\\/el-pensamiento\\\/#primaryimage\"},\"image\":{\"@id\":\"https:\\\/\\\/educatespilar.com\\\/el-pensamiento\\\/#primaryimage\"},\"thumbnailUrl\":\"https:\\\/\\\/i0.wp.com\\\/educatespilar.com\\\/wp-content\\\/uploads\\\/2026\\\/04\\\/woman-home-holding-notebook-working-business-from-home-scaled.jpg?fit=2560%2C1709&ssl=1\",\"datePublished\":\"2026-04-13T07:24:03+00:00\",\"dateModified\":\"2026-04-13T16:24:57+00:00\",\"author\":{\"@id\":\"https:\\\/\\\/tzs.pgq.temporary.site\\\/website_c18d3ae6\\\/#\\\/schema\\\/person\\\/655446504db2a404e6921d90ab7c0a0f\"},\"breadcrumb\":{\"@id\":\"https:\\\/\\\/educatespilar.com\\\/el-pensamiento\\\/#breadcrumb\"},\"inLanguage\":\"en-US\",\"potentialAction\":[{\"@type\":\"ReadAction\",\"target\":[\"https:\\\/\\\/educatespilar.com\\\/el-pensamiento\\\/\"]}]},{\"@type\":\"ImageObject\",\"inLanguage\":\"en-US\",\"@id\":\"https:\\\/\\\/educatespilar.com\\\/el-pensamiento\\\/#primaryimage\",\"url\":\"https:\\\/\\\/i0.wp.com\\\/educatespilar.com\\\/wp-content\\\/uploads\\\/2026\\\/04\\\/woman-home-holding-notebook-working-business-from-home-scaled.jpg?fit=2560%2C1709&ssl=1\",\"contentUrl\":\"https:\\\/\\\/i0.wp.com\\\/educatespilar.com\\\/wp-content\\\/uploads\\\/2026\\\/04\\\/woman-home-holding-notebook-working-business-from-home-scaled.jpg?fit=2560%2C1709&ssl=1\",\"width\":2560,\"height\":1709},{\"@type\":\"BreadcrumbList\",\"@id\":\"https:\\\/\\\/educatespilar.com\\\/el-pensamiento\\\/#breadcrumb\",\"itemListElement\":[{\"@type\":\"ListItem\",\"position\":1,\"name\":\"Home\",\"item\":\"https:\\\/\\\/educatespilar.com\\\/\"},{\"@type\":\"ListItem\",\"position\":2,\"name\":\"EL PENSAMIENTO\"}]},{\"@type\":\"WebSite\",\"@id\":\"https:\\\/\\\/tzs.pgq.temporary.site\\\/website_c18d3ae6\\\/#website\",\"url\":\"https:\\\/\\\/tzs.pgq.temporary.site\\\/website_c18d3ae6\\\/\",\"name\":\"EducatesPilar.com\",\"description\":\"\",\"potentialAction\":[{\"@type\":\"SearchAction\",\"target\":{\"@type\":\"EntryPoint\",\"urlTemplate\":\"https:\\\/\\\/tzs.pgq.temporary.site\\\/website_c18d3ae6\\\/?s={search_term_string}\"},\"query-input\":{\"@type\":\"PropertyValueSpecification\",\"valueRequired\":true,\"valueName\":\"search_term_string\"}}],\"inLanguage\":\"en-US\"},{\"@type\":\"Person\",\"@id\":\"https:\\\/\\\/tzs.pgq.temporary.site\\\/website_c18d3ae6\\\/#\\\/schema\\\/person\\\/655446504db2a404e6921d90ab7c0a0f\",\"name\":\"educates\",\"image\":{\"@type\":\"ImageObject\",\"inLanguage\":\"en-US\",\"@id\":\"https:\\\/\\\/secure.gravatar.com\\\/avatar\\\/f1e844324149cf607705bdc3821ac52f5613382cc275e3a009bc73539c52a819?s=96&d=mm&r=g\",\"url\":\"https:\\\/\\\/secure.gravatar.com\\\/avatar\\\/f1e844324149cf607705bdc3821ac52f5613382cc275e3a009bc73539c52a819?s=96&d=mm&r=g\",\"contentUrl\":\"https:\\\/\\\/secure.gravatar.com\\\/avatar\\\/f1e844324149cf607705bdc3821ac52f5613382cc275e3a009bc73539c52a819?s=96&d=mm&r=g\",\"caption\":\"educates\"},\"url\":\"https:\\\/\\\/educatespilar.com\\\/en\\\/author\\\/educates\\\/\"}]}<\/script>\n<!-- \/ Yoast SEO plugin. -->","yoast_head_json":{"title":"EL PENSAMIENTO - EducatesPilar.com","robots":{"index":"index","follow":"follow","max-snippet":"max-snippet:-1","max-image-preview":"max-image-preview:large","max-video-preview":"max-video-preview:-1"},"canonical":"https:\/\/educatespilar.com\/en\/el-pensamiento\/","og_locale":"en_US","og_type":"article","og_title":"EL PENSAMIENTO - EducatesPilar.com","og_description":"El hombre vive en un mundo de objetos. Ya se trate de las cosas materiales que juntamente con el resto de los seres vivos forman el mundo de la realidad emp\u00edrica, como de los entes ideales o imaginarios que el mismo hombre crea, entendemos por objetos todo el conglomerado de lo que puede ser captado [&hellip;]","og_url":"https:\/\/educatespilar.com\/en\/el-pensamiento\/","og_site_name":"EducatesPilar.com","article_published_time":"2026-04-13T07:24:03+00:00","article_modified_time":"2026-04-13T16:24:57+00:00","og_image":[{"width":2560,"height":1709,"url":"https:\/\/educatespilar.com\/wp-content\/uploads\/2026\/04\/woman-home-holding-notebook-working-business-from-home-scaled.jpg","type":"image\/jpeg"}],"author":"educates","twitter_card":"summary_large_image","twitter_misc":{"Written by":"educates","Est. reading time":"4 minutes"},"schema":{"@context":"https:\/\/schema.org","@graph":[{"@type":"Article","@id":"https:\/\/educatespilar.com\/el-pensamiento\/#article","isPartOf":{"@id":"https:\/\/educatespilar.com\/el-pensamiento\/"},"author":{"name":"educates","@id":"https:\/\/tzs.pgq.temporary.site\/website_c18d3ae6\/#\/schema\/person\/655446504db2a404e6921d90ab7c0a0f"},"headline":"EL PENSAMIENTO","datePublished":"2026-04-13T07:24:03+00:00","dateModified":"2026-04-13T16:24:57+00:00","mainEntityOfPage":{"@id":"https:\/\/educatespilar.com\/el-pensamiento\/"},"wordCount":875,"image":{"@id":"https:\/\/educatespilar.com\/el-pensamiento\/#primaryimage"},"thumbnailUrl":"https:\/\/i0.wp.com\/educatespilar.com\/wp-content\/uploads\/2026\/04\/woman-home-holding-notebook-working-business-from-home-scaled.jpg?fit=2560%2C1709&ssl=1","keywords":["pensamiento"],"articleSection":["Social"],"inLanguage":"en-US"},{"@type":"WebPage","@id":"https:\/\/educatespilar.com\/el-pensamiento\/","url":"https:\/\/educatespilar.com\/el-pensamiento\/","name":"EL PENSAMIENTO - EducatesPilar.com","isPartOf":{"@id":"https:\/\/tzs.pgq.temporary.site\/website_c18d3ae6\/#website"},"primaryImageOfPage":{"@id":"https:\/\/educatespilar.com\/el-pensamiento\/#primaryimage"},"image":{"@id":"https:\/\/educatespilar.com\/el-pensamiento\/#primaryimage"},"thumbnailUrl":"https:\/\/i0.wp.com\/educatespilar.com\/wp-content\/uploads\/2026\/04\/woman-home-holding-notebook-working-business-from-home-scaled.jpg?fit=2560%2C1709&ssl=1","datePublished":"2026-04-13T07:24:03+00:00","dateModified":"2026-04-13T16:24:57+00:00","author":{"@id":"https:\/\/tzs.pgq.temporary.site\/website_c18d3ae6\/#\/schema\/person\/655446504db2a404e6921d90ab7c0a0f"},"breadcrumb":{"@id":"https:\/\/educatespilar.com\/el-pensamiento\/#breadcrumb"},"inLanguage":"en-US","potentialAction":[{"@type":"ReadAction","target":["https:\/\/educatespilar.com\/el-pensamiento\/"]}]},{"@type":"ImageObject","inLanguage":"en-US","@id":"https:\/\/educatespilar.com\/el-pensamiento\/#primaryimage","url":"https:\/\/i0.wp.com\/educatespilar.com\/wp-content\/uploads\/2026\/04\/woman-home-holding-notebook-working-business-from-home-scaled.jpg?fit=2560%2C1709&ssl=1","contentUrl":"https:\/\/i0.wp.com\/educatespilar.com\/wp-content\/uploads\/2026\/04\/woman-home-holding-notebook-working-business-from-home-scaled.jpg?fit=2560%2C1709&ssl=1","width":2560,"height":1709},{"@type":"BreadcrumbList","@id":"https:\/\/educatespilar.com\/el-pensamiento\/#breadcrumb","itemListElement":[{"@type":"ListItem","position":1,"name":"Home","item":"https:\/\/educatespilar.com\/"},{"@type":"ListItem","position":2,"name":"EL PENSAMIENTO"}]},{"@type":"WebSite","@id":"https:\/\/tzs.pgq.temporary.site\/website_c18d3ae6\/#website","url":"https:\/\/tzs.pgq.temporary.site\/website_c18d3ae6\/","name":"EducatesPilar.com","description":"","potentialAction":[{"@type":"SearchAction","target":{"@type":"EntryPoint","urlTemplate":"https:\/\/tzs.pgq.temporary.site\/website_c18d3ae6\/?s={search_term_string}"},"query-input":{"@type":"PropertyValueSpecification","valueRequired":true,"valueName":"search_term_string"}}],"inLanguage":"en-US"},{"@type":"Person","@id":"https:\/\/tzs.pgq.temporary.site\/website_c18d3ae6\/#\/schema\/person\/655446504db2a404e6921d90ab7c0a0f","name":"educates","image":{"@type":"ImageObject","inLanguage":"en-US","@id":"https:\/\/secure.gravatar.com\/avatar\/f1e844324149cf607705bdc3821ac52f5613382cc275e3a009bc73539c52a819?s=96&d=mm&r=g","url":"https:\/\/secure.gravatar.com\/avatar\/f1e844324149cf607705bdc3821ac52f5613382cc275e3a009bc73539c52a819?s=96&d=mm&r=g","contentUrl":"https:\/\/secure.gravatar.com\/avatar\/f1e844324149cf607705bdc3821ac52f5613382cc275e3a009bc73539c52a819?s=96&d=mm&r=g","caption":"educates"},"url":"https:\/\/educatespilar.com\/en\/author\/educates\/"}]}},"jetpack_featured_media_url":"https:\/\/i0.wp.com\/educatespilar.com\/wp-content\/uploads\/2026\/04\/woman-home-holding-notebook-working-business-from-home-scaled.jpg?fit=2560%2C1709&ssl=1","jetpack_sharing_enabled":true,"_links":{"self":[{"href":"https:\/\/educatespilar.com\/en\/wp-json\/wp\/v2\/posts\/477","targetHints":{"allow":["GET"]}}],"collection":[{"href":"https:\/\/educatespilar.com\/en\/wp-json\/wp\/v2\/posts"}],"about":[{"href":"https:\/\/educatespilar.com\/en\/wp-json\/wp\/v2\/types\/post"}],"author":[{"embeddable":true,"href":"https:\/\/educatespilar.com\/en\/wp-json\/wp\/v2\/users\/2"}],"replies":[{"embeddable":true,"href":"https:\/\/educatespilar.com\/en\/wp-json\/wp\/v2\/comments?post=477"}],"version-history":[{"count":1,"href":"https:\/\/educatespilar.com\/en\/wp-json\/wp\/v2\/posts\/477\/revisions"}],"predecessor-version":[{"id":479,"href":"https:\/\/educatespilar.com\/en\/wp-json\/wp\/v2\/posts\/477\/revisions\/479"}],"wp:featuredmedia":[{"embeddable":true,"href":"https:\/\/educatespilar.com\/en\/wp-json\/wp\/v2\/media\/478"}],"wp:attachment":[{"href":"https:\/\/educatespilar.com\/en\/wp-json\/wp\/v2\/media?parent=477"}],"wp:term":[{"taxonomy":"category","embeddable":true,"href":"https:\/\/educatespilar.com\/en\/wp-json\/wp\/v2\/categories?post=477"},{"taxonomy":"post_tag","embeddable":true,"href":"https:\/\/educatespilar.com\/en\/wp-json\/wp\/v2\/tags?post=477"}],"curies":[{"name":"wp","href":"https:\/\/api.w.org\/{rel}","templated":true}]}}