{"id":468,"date":"2026-04-07T07:44:40","date_gmt":"2026-04-07T07:44:40","guid":{"rendered":"https:\/\/educatespilar.com\/?p=468"},"modified":"2026-04-08T12:45:18","modified_gmt":"2026-04-08T12:45:18","slug":"el-hombre-y-su-union-para-trabajar-y-para-defender-su-trabajo","status":"publish","type":"post","link":"https:\/\/educatespilar.com\/en\/el-hombre-y-su-union-para-trabajar-y-para-defender-su-trabajo\/","title":{"rendered":"El hombre y su uni\u00f3n para trabajar y para defender su trabajo"},"content":{"rendered":"<p><img data-recalc-dims=\"1\" decoding=\"async\" loading=\"lazy\" class=\"alignnone size-medium wp-image-469\" src=\"https:\/\/i0.wp.com\/educatespilar.com\/wp-content\/uploads\/2026\/04\/silhouette-teamwork-helping-hand-trust-help-success-mountains-hikers-celebrate-with-hands-up-help-each-other-top-mountain-sunset-landscape.jpg?resize=300%2C200&#038;ssl=1\" alt=\"\" width=\"300\" height=\"200\" srcset=\"https:\/\/i0.wp.com\/educatespilar.com\/wp-content\/uploads\/2026\/04\/silhouette-teamwork-helping-hand-trust-help-success-mountains-hikers-celebrate-with-hands-up-help-each-other-top-mountain-sunset-landscape-scaled.jpg?resize=300%2C200&amp;ssl=1 300w, https:\/\/i0.wp.com\/educatespilar.com\/wp-content\/uploads\/2026\/04\/silhouette-teamwork-helping-hand-trust-help-success-mountains-hikers-celebrate-with-hands-up-help-each-other-top-mountain-sunset-landscape-scaled.jpg?resize=1024%2C683&amp;ssl=1 1024w, https:\/\/i0.wp.com\/educatespilar.com\/wp-content\/uploads\/2026\/04\/silhouette-teamwork-helping-hand-trust-help-success-mountains-hikers-celebrate-with-hands-up-help-each-other-top-mountain-sunset-landscape-scaled.jpg?resize=768%2C512&amp;ssl=1 768w, https:\/\/i0.wp.com\/educatespilar.com\/wp-content\/uploads\/2026\/04\/silhouette-teamwork-helping-hand-trust-help-success-mountains-hikers-celebrate-with-hands-up-help-each-other-top-mountain-sunset-landscape-scaled.jpg?resize=1536%2C1024&amp;ssl=1 1536w, https:\/\/i0.wp.com\/educatespilar.com\/wp-content\/uploads\/2026\/04\/silhouette-teamwork-helping-hand-trust-help-success-mountains-hikers-celebrate-with-hands-up-help-each-other-top-mountain-sunset-landscape-scaled.jpg?resize=2048%2C1365&amp;ssl=1 2048w, https:\/\/i0.wp.com\/educatespilar.com\/wp-content\/uploads\/2026\/04\/silhouette-teamwork-helping-hand-trust-help-success-mountains-hikers-celebrate-with-hands-up-help-each-other-top-mountain-sunset-landscape-scaled.jpg?resize=18%2C12&amp;ssl=1 18w, https:\/\/i0.wp.com\/educatespilar.com\/wp-content\/uploads\/2026\/04\/silhouette-teamwork-helping-hand-trust-help-success-mountains-hikers-celebrate-with-hands-up-help-each-other-top-mountain-sunset-landscape-scaled.jpg?resize=600%2C400&amp;ssl=1 600w\" sizes=\"auto, (max-width: 300px) 100vw, 300px\" \/><\/p>\n<p><span style=\"font-weight: 400;\">En un principio los gobiernos prohibieron a los obreros reunirse en sindicatos, por entender que \u00e9stos atentaban contra el r\u00e9gimen de la libre competencia. A menudo les aplicaron leyes represivas, concebidas originariamente para penar la coalici\u00f3n de intereses econ\u00f3micos con vistas a dominar el mercado. Luego el Estado reconoci\u00f3 personalidad jur\u00eddica a los sindicatos, y algunos reg\u00edmenes como el corporativismo fascista italiano y el nacionalsindicalismo falangista espa\u00f1ol los incorporaron a su propia estructura, regulando su acci\u00f3n conforme a lo que el gobierno entendiera que deb\u00eda ser el inter\u00e9s general. Los sindicatos, por lo com\u00fan, se organizan en federaciones o confederaciones, nacionales o internacionales.<\/span> <span style=\"font-weight: 400;\">La<\/span><i><span style=\"font-weight: 400;\"> Federaci\u00f3n Norteamericana del<\/span><\/i><span style=\"font-weight: 400;\"> Trabajo consigui\u00f3, en el \u00faltimo cuarto de siglo XIX, agrupar a casi todos los sindicatos nacionales de oficio, compuestos por individuos de una misma profesi\u00f3n o especialidad, cualquiera que fuese la empresa para la que trabajasen. Pero poco a poco se ahondaron las diferencias entre los partidarios de esa estructura sindical y los del sindicalismo de industria, que agrupaba a todos los asalariados de cada industria, sin atender a su oficio. Estos en 1935, fundaron una organizaci\u00f3n separada, el <\/span><i><span style=\"font-weight: 400;\">Congreso de Organizaciones Industriales.<\/span><\/i><span style=\"font-weight: 400;\"> La<\/span> <span style=\"font-weight: 400;\">rivalidad entre el C.I.O. y la A.F.L. fue, durante veinte a\u00f1os, el elemento m\u00e1s importante de la vida sindical estadounidense. Finalmente, en 1956, ambas federaciones se fundieron en una sola, qu\u00e9 tiende a adoptar la estructura del sindicalismo industrial. En todos los pa\u00edses la evoluci\u00f3n sindical ha sido m\u00e1s o menos an\u00e1loga. En cuanto a los or\u00edgenes de una organizaci\u00f3n internacional del trabajo, se remontan a las secretar\u00edas de contrataci\u00f3n establecidas por sindicatos nacionales en algunas industrias o gremios, en raz\u00f3n de las migraciones de trabajadores, y para que las organizaciones gremiales, cualquiera que fuese su pa\u00eds, pudieran ayudarse unas a otras en las huelgas. Hacia 1890 se desarroll\u00f3 un movimiento para la creaci\u00f3n de una secretar\u00eda internacional de federaciones nacionales, movimiento apoyado por la Segunda Internacional, cuyos congresos dieron ocasiones de acercamiento a los miembros socialistas de los sindicatos de diversos pa\u00edses. Conviniese en la necesidad de que, tanto en la escala nacional como en la internacional, el sindicalismo fuera aut\u00f3nomo con respecto al movimiento socialista.<\/span><\/p>\n<p><span style=\"font-weight: 400;\">En 1904 la organizaci\u00f3n internacional de los sindicatos ascend\u00eda a 2.500.000 miembros pertenecientes a catorce pa\u00edses de Europa, la mitad de los cuales correspond\u00eda a las organizaciones socialdem\u00f3cratas de Alemania y Austria. Dos a\u00f1os m\u00e1s tarde, habi\u00e9ndose incorporado la Federaci\u00f3n Norteamericana del Trabajo y las similares de Australia y Nueva Zelanda, la cifra pasaba de los 9.500.000 afiliados; s\u00f3lo la tercera parte eran europeos, y la antigua secretar\u00eda tomaba el nombre de I.F.T.U. (International <\/span><i><span style=\"font-weight: 400;\">Federation<\/span><\/i><span style=\"font-weight: 400;\"> of Trade Unions). Despu\u00e9s apareci\u00f3 una organizaci\u00f3n rival: la<\/span> <span style=\"font-weight: 400;\">I.S.C.T.U.<\/span><i><span style=\"font-weight: 400;\"> (International Social Christians Tra<\/span><\/i><span style=\"font-weight: 400;\">de Unions). La primera Guerra Mundial caus\u00f3 grave quebranto al sindicalismo internacional: la central, establecida en Amsterdam, no exist\u00eda sino sobre el papel. Terminada la contienda, resurgi\u00f3 con fuerza, pero lleg\u00f3 a tener cinco organizaciones: la socialdem\u00f3crata, la cristiana, la comunista, la<\/span> <span style=\"font-weight: 400;\">anarquista<\/span> <span style=\"font-weight: 400;\">y<\/span> <span style=\"font-weight: 400;\">la<\/span><i><span style=\"font-weight: 400;\"> Federaci\u00f3n Panamericana<\/span><\/i> <i><span style=\"font-weight: 400;\">del Trabajo. <\/span><\/i><span style=\"font-weight: 400;\">El desarrollo de las dictaduras nacionalistas bloque\u00f3 los contactos internacionales entre los dirigentes de las fuerzas del trabajo. Dada la magnitud que cobr\u00f3 la econom\u00eda de Estado en varios pa\u00edses, modific\u00e1rnosle la estructura y las funciones de los sindicatos nacionales. La creaci\u00f3n de sindicatos fascistas y nacionalsocialistas, dominados por los gobiernos, aplic\u00f3 un golpe de muerte al <\/span><i><span style=\"font-weight: 400;\">sindicalismo internacional.<\/span><\/i><span style=\"font-weight: 400;\"> El<\/span> <span style=\"font-weight: 400;\">hecho<\/span> <span style=\"font-weight: 400;\">decisivo<\/span> <span style=\"font-weight: 400;\">fue el retiro de los sindicatos alemanes, que constitu\u00edan la espina dorsal del movimiento. En v\u00edsperas de la segunda Guerra Mundial, la principal actividad de las distintas centrales era su tesonero esfuerzo por sobrevivir. Pero en 1945 se cre\u00f3 la F.S.M.<\/span><i><span style=\"font-weight: 400;\"> (Federaci\u00f3n Mundial de Sindicatos), en<\/span><\/i><span style=\"font-weight: 400;\"> la que coincidieron las organizaciones de Estados Unidos, Gran Breta\u00f1a, la Uni\u00f3n Sovi\u00e9tica, y de casi todos los pa\u00edses. Desde la escisi\u00f3n de 1947, simult\u00e1nea al comienzo de la llamada \u201cguerra fr\u00eda\u201d,<\/span> <span style=\"font-weight: 400;\">la<\/span> <span style=\"font-weight: 400;\">C.I.S.L.<\/span><i><span style=\"font-weight: 400;\"> (Confederaci\u00f3n Internacional <\/span><\/i><span style=\"font-weight: 400;\">de Sindicatos <\/span><i><span style=\"font-weight: 400;\">Libres)<\/span><\/i><span style=\"font-weight: 400;\"> disputa en todo el mundo su influencia a la F.S.M., que se halla bajo el dominio comunista.<\/span><\/p>\n<p><span style=\"font-weight: 400;\">Las tendencias pol\u00edticas del sindicalismo son muy variadas. Algunas, francamente abstencionistas, subrayan su neutralidad con respecto a los partidos pol\u00edticos. As\u00ed se estipula en los estatutos de la C.G.T. francesa <\/span><i><span style=\"font-weight: 400;\">(Confederation<\/span><\/i> <i><span style=\"font-weight: 400;\">G\u00e9n\u00e9rale<\/span><\/i><span style=\"font-weight: 400;\"> du Travail), creada en 1904; sin embargo, en la pr\u00e1ctica, esta central obrera estuvo vinculada estrechamente al partido socialista, y desde el fin de la segunda Guerra Mundial, al comunista. El caso opuesto es el del T.U.C. <\/span><i><span style=\"font-weight: 400;\">(Trade<\/span><\/i> <i><span style=\"font-weight: 400;\">Unions<\/span><\/i><span style=\"font-weight: 400;\"> Congress), que integra el Partido Laborista brit\u00e1nico, sufraga sus gastos y comparte con \u00e9l, cuando llega el caso, la responsabilidad del gobierno. Por lo dem\u00e1s, el movimiento obrero se halla permanentemente conmovido por una divergencia de t\u00e1ctica. Hay un sindicalismo moderado, que se inclina a la colaboraci\u00f3n de clases, y otro <\/span><i><span style=\"font-weight: 400;\">revoluciona<\/span><\/i><span style=\"font-weight: 400;\">rio, que concibe la pr\u00e1ctica sindical como un medio en la lucha por el poder y por la transformaci\u00f3n violenta de la sociedad. Desde hace m\u00e1s de medio siglo, los parlamentos de todos los pa\u00edses sancionan leyes encaminadas a mejorar la situaci\u00f3n de los trabajadores. Ha aparecido as\u00ed un nuevo derecho, el <\/span><i><span style=\"font-weight: 400;\">derecho<\/span><\/i><span style=\"font-weight: 400;\"> obrero, en contraposici\u00f3n al derecho cl\u00e1sico, fundado en la noci\u00f3n de una justicia universal y abstracta.<\/span><\/p>","protected":false},"excerpt":{"rendered":"<p>En un principio los gobiernos prohibieron a los obreros reunirse en sindicatos, por entender que \u00e9stos atentaban contra el r\u00e9gimen de la libre competencia. A menudo les aplicaron leyes represivas, concebidas originariamente para penar la coalici\u00f3n de intereses econ\u00f3micos con vistas a dominar el mercado. Luego el Estado reconoci\u00f3 personalidad jur\u00eddica a los sindicatos, y [&hellip;]<\/p>\n","protected":false},"author":2,"featured_media":469,"comment_status":"closed","ping_status":"closed","sticky":false,"template":"","format":"standard","meta":{"nf_dc_page":"","_jetpack_memberships_contains_paid_content":false,"footnotes":""},"categories":[173],"tags":[174,175],"class_list":["post-468","post","type-post","status-publish","format-standard","has-post-thumbnail","hentry","category-social","tag-hombre","tag-trabajo"],"yoast_head":"<!-- This site is optimized with the Yoast SEO plugin v27.4 - https:\/\/yoast.com\/product\/yoast-seo-wordpress\/ -->\n<title>El hombre y su uni\u00f3n para trabajar y para defender su trabajo - EducatesPilar.com<\/title>\n<meta name=\"robots\" content=\"index, follow, max-snippet:-1, max-image-preview:large, max-video-preview:-1\" \/>\n<link rel=\"canonical\" href=\"https:\/\/educatespilar.com\/en\/el-hombre-y-su-union-para-trabajar-y-para-defender-su-trabajo\/\" \/>\n<meta property=\"og:locale\" content=\"en_US\" \/>\n<meta property=\"og:type\" content=\"article\" \/>\n<meta property=\"og:title\" content=\"El hombre y su uni\u00f3n para trabajar y para defender su trabajo - EducatesPilar.com\" \/>\n<meta property=\"og:description\" content=\"En un principio los gobiernos prohibieron a los obreros reunirse en sindicatos, por entender que \u00e9stos atentaban contra el r\u00e9gimen de la libre competencia. A menudo les aplicaron leyes represivas, concebidas originariamente para penar la coalici\u00f3n de intereses econ\u00f3micos con vistas a dominar el mercado. Luego el Estado reconoci\u00f3 personalidad jur\u00eddica a los sindicatos, y [&hellip;]\" \/>\n<meta property=\"og:url\" content=\"https:\/\/educatespilar.com\/en\/el-hombre-y-su-union-para-trabajar-y-para-defender-su-trabajo\/\" \/>\n<meta property=\"og:site_name\" content=\"EducatesPilar.com\" \/>\n<meta property=\"article:published_time\" content=\"2026-04-07T07:44:40+00:00\" \/>\n<meta property=\"article:modified_time\" content=\"2026-04-08T12:45:18+00:00\" \/>\n<meta property=\"og:image\" content=\"https:\/\/educatespilar.com\/wp-content\/uploads\/2026\/04\/silhouette-teamwork-helping-hand-trust-help-success-mountains-hikers-celebrate-with-hands-up-help-each-other-top-mountain-sunset-landscape-scaled.jpg\" \/>\n\t<meta property=\"og:image:width\" content=\"2560\" \/>\n\t<meta property=\"og:image:height\" content=\"1707\" \/>\n\t<meta property=\"og:image:type\" content=\"image\/jpeg\" \/>\n<meta name=\"author\" content=\"educates\" \/>\n<meta name=\"twitter:card\" content=\"summary_large_image\" \/>\n<meta name=\"twitter:label1\" content=\"Written by\" \/>\n\t<meta name=\"twitter:data1\" content=\"educates\" \/>\n\t<meta name=\"twitter:label2\" content=\"Est. reading time\" \/>\n\t<meta name=\"twitter:data2\" content=\"5 minutes\" \/>\n<script type=\"application\/ld+json\" class=\"yoast-schema-graph\">{\"@context\":\"https:\\\/\\\/schema.org\",\"@graph\":[{\"@type\":\"Article\",\"@id\":\"https:\\\/\\\/educatespilar.com\\\/el-hombre-y-su-union-para-trabajar-y-para-defender-su-trabajo\\\/#article\",\"isPartOf\":{\"@id\":\"https:\\\/\\\/educatespilar.com\\\/el-hombre-y-su-union-para-trabajar-y-para-defender-su-trabajo\\\/\"},\"author\":{\"name\":\"educates\",\"@id\":\"https:\\\/\\\/tzs.pgq.temporary.site\\\/website_c18d3ae6\\\/#\\\/schema\\\/person\\\/655446504db2a404e6921d90ab7c0a0f\"},\"headline\":\"El hombre y su uni\u00f3n para trabajar y para defender su trabajo\",\"datePublished\":\"2026-04-07T07:44:40+00:00\",\"dateModified\":\"2026-04-08T12:45:18+00:00\",\"mainEntityOfPage\":{\"@id\":\"https:\\\/\\\/educatespilar.com\\\/el-hombre-y-su-union-para-trabajar-y-para-defender-su-trabajo\\\/\"},\"wordCount\":955,\"image\":{\"@id\":\"https:\\\/\\\/educatespilar.com\\\/el-hombre-y-su-union-para-trabajar-y-para-defender-su-trabajo\\\/#primaryimage\"},\"thumbnailUrl\":\"https:\\\/\\\/i0.wp.com\\\/educatespilar.com\\\/wp-content\\\/uploads\\\/2026\\\/04\\\/silhouette-teamwork-helping-hand-trust-help-success-mountains-hikers-celebrate-with-hands-up-help-each-other-top-mountain-sunset-landscape-scaled.jpg?fit=2560%2C1707&ssl=1\",\"keywords\":[\"hombre\",\"trabajo\"],\"articleSection\":[\"Social\"],\"inLanguage\":\"en-US\"},{\"@type\":\"WebPage\",\"@id\":\"https:\\\/\\\/educatespilar.com\\\/el-hombre-y-su-union-para-trabajar-y-para-defender-su-trabajo\\\/\",\"url\":\"https:\\\/\\\/educatespilar.com\\\/el-hombre-y-su-union-para-trabajar-y-para-defender-su-trabajo\\\/\",\"name\":\"El hombre y su uni\u00f3n para trabajar y para defender su trabajo - EducatesPilar.com\",\"isPartOf\":{\"@id\":\"https:\\\/\\\/tzs.pgq.temporary.site\\\/website_c18d3ae6\\\/#website\"},\"primaryImageOfPage\":{\"@id\":\"https:\\\/\\\/educatespilar.com\\\/el-hombre-y-su-union-para-trabajar-y-para-defender-su-trabajo\\\/#primaryimage\"},\"image\":{\"@id\":\"https:\\\/\\\/educatespilar.com\\\/el-hombre-y-su-union-para-trabajar-y-para-defender-su-trabajo\\\/#primaryimage\"},\"thumbnailUrl\":\"https:\\\/\\\/i0.wp.com\\\/educatespilar.com\\\/wp-content\\\/uploads\\\/2026\\\/04\\\/silhouette-teamwork-helping-hand-trust-help-success-mountains-hikers-celebrate-with-hands-up-help-each-other-top-mountain-sunset-landscape-scaled.jpg?fit=2560%2C1707&ssl=1\",\"datePublished\":\"2026-04-07T07:44:40+00:00\",\"dateModified\":\"2026-04-08T12:45:18+00:00\",\"author\":{\"@id\":\"https:\\\/\\\/tzs.pgq.temporary.site\\\/website_c18d3ae6\\\/#\\\/schema\\\/person\\\/655446504db2a404e6921d90ab7c0a0f\"},\"breadcrumb\":{\"@id\":\"https:\\\/\\\/educatespilar.com\\\/el-hombre-y-su-union-para-trabajar-y-para-defender-su-trabajo\\\/#breadcrumb\"},\"inLanguage\":\"en-US\",\"potentialAction\":[{\"@type\":\"ReadAction\",\"target\":[\"https:\\\/\\\/educatespilar.com\\\/el-hombre-y-su-union-para-trabajar-y-para-defender-su-trabajo\\\/\"]}]},{\"@type\":\"ImageObject\",\"inLanguage\":\"en-US\",\"@id\":\"https:\\\/\\\/educatespilar.com\\\/el-hombre-y-su-union-para-trabajar-y-para-defender-su-trabajo\\\/#primaryimage\",\"url\":\"https:\\\/\\\/i0.wp.com\\\/educatespilar.com\\\/wp-content\\\/uploads\\\/2026\\\/04\\\/silhouette-teamwork-helping-hand-trust-help-success-mountains-hikers-celebrate-with-hands-up-help-each-other-top-mountain-sunset-landscape-scaled.jpg?fit=2560%2C1707&ssl=1\",\"contentUrl\":\"https:\\\/\\\/i0.wp.com\\\/educatespilar.com\\\/wp-content\\\/uploads\\\/2026\\\/04\\\/silhouette-teamwork-helping-hand-trust-help-success-mountains-hikers-celebrate-with-hands-up-help-each-other-top-mountain-sunset-landscape-scaled.jpg?fit=2560%2C1707&ssl=1\",\"width\":2560,\"height\":1707},{\"@type\":\"BreadcrumbList\",\"@id\":\"https:\\\/\\\/educatespilar.com\\\/el-hombre-y-su-union-para-trabajar-y-para-defender-su-trabajo\\\/#breadcrumb\",\"itemListElement\":[{\"@type\":\"ListItem\",\"position\":1,\"name\":\"Home\",\"item\":\"https:\\\/\\\/educatespilar.com\\\/\"},{\"@type\":\"ListItem\",\"position\":2,\"name\":\"El hombre y su uni\u00f3n para trabajar y para defender su trabajo\"}]},{\"@type\":\"WebSite\",\"@id\":\"https:\\\/\\\/tzs.pgq.temporary.site\\\/website_c18d3ae6\\\/#website\",\"url\":\"https:\\\/\\\/tzs.pgq.temporary.site\\\/website_c18d3ae6\\\/\",\"name\":\"EducatesPilar.com\",\"description\":\"\",\"potentialAction\":[{\"@type\":\"SearchAction\",\"target\":{\"@type\":\"EntryPoint\",\"urlTemplate\":\"https:\\\/\\\/tzs.pgq.temporary.site\\\/website_c18d3ae6\\\/?s={search_term_string}\"},\"query-input\":{\"@type\":\"PropertyValueSpecification\",\"valueRequired\":true,\"valueName\":\"search_term_string\"}}],\"inLanguage\":\"en-US\"},{\"@type\":\"Person\",\"@id\":\"https:\\\/\\\/tzs.pgq.temporary.site\\\/website_c18d3ae6\\\/#\\\/schema\\\/person\\\/655446504db2a404e6921d90ab7c0a0f\",\"name\":\"educates\",\"image\":{\"@type\":\"ImageObject\",\"inLanguage\":\"en-US\",\"@id\":\"https:\\\/\\\/secure.gravatar.com\\\/avatar\\\/f1e844324149cf607705bdc3821ac52f5613382cc275e3a009bc73539c52a819?s=96&d=mm&r=g\",\"url\":\"https:\\\/\\\/secure.gravatar.com\\\/avatar\\\/f1e844324149cf607705bdc3821ac52f5613382cc275e3a009bc73539c52a819?s=96&d=mm&r=g\",\"contentUrl\":\"https:\\\/\\\/secure.gravatar.com\\\/avatar\\\/f1e844324149cf607705bdc3821ac52f5613382cc275e3a009bc73539c52a819?s=96&d=mm&r=g\",\"caption\":\"educates\"},\"url\":\"https:\\\/\\\/educatespilar.com\\\/en\\\/author\\\/educates\\\/\"}]}<\/script>\n<!-- \/ Yoast SEO plugin. -->","yoast_head_json":{"title":"El hombre y su uni\u00f3n para trabajar y para defender su trabajo - EducatesPilar.com","robots":{"index":"index","follow":"follow","max-snippet":"max-snippet:-1","max-image-preview":"max-image-preview:large","max-video-preview":"max-video-preview:-1"},"canonical":"https:\/\/educatespilar.com\/en\/el-hombre-y-su-union-para-trabajar-y-para-defender-su-trabajo\/","og_locale":"en_US","og_type":"article","og_title":"El hombre y su uni\u00f3n para trabajar y para defender su trabajo - EducatesPilar.com","og_description":"En un principio los gobiernos prohibieron a los obreros reunirse en sindicatos, por entender que \u00e9stos atentaban contra el r\u00e9gimen de la libre competencia. A menudo les aplicaron leyes represivas, concebidas originariamente para penar la coalici\u00f3n de intereses econ\u00f3micos con vistas a dominar el mercado. Luego el Estado reconoci\u00f3 personalidad jur\u00eddica a los sindicatos, y [&hellip;]","og_url":"https:\/\/educatespilar.com\/en\/el-hombre-y-su-union-para-trabajar-y-para-defender-su-trabajo\/","og_site_name":"EducatesPilar.com","article_published_time":"2026-04-07T07:44:40+00:00","article_modified_time":"2026-04-08T12:45:18+00:00","og_image":[{"width":2560,"height":1707,"url":"https:\/\/educatespilar.com\/wp-content\/uploads\/2026\/04\/silhouette-teamwork-helping-hand-trust-help-success-mountains-hikers-celebrate-with-hands-up-help-each-other-top-mountain-sunset-landscape-scaled.jpg","type":"image\/jpeg"}],"author":"educates","twitter_card":"summary_large_image","twitter_misc":{"Written by":"educates","Est. reading time":"5 minutes"},"schema":{"@context":"https:\/\/schema.org","@graph":[{"@type":"Article","@id":"https:\/\/educatespilar.com\/el-hombre-y-su-union-para-trabajar-y-para-defender-su-trabajo\/#article","isPartOf":{"@id":"https:\/\/educatespilar.com\/el-hombre-y-su-union-para-trabajar-y-para-defender-su-trabajo\/"},"author":{"name":"educates","@id":"https:\/\/tzs.pgq.temporary.site\/website_c18d3ae6\/#\/schema\/person\/655446504db2a404e6921d90ab7c0a0f"},"headline":"El hombre y su uni\u00f3n para trabajar y para defender su trabajo","datePublished":"2026-04-07T07:44:40+00:00","dateModified":"2026-04-08T12:45:18+00:00","mainEntityOfPage":{"@id":"https:\/\/educatespilar.com\/el-hombre-y-su-union-para-trabajar-y-para-defender-su-trabajo\/"},"wordCount":955,"image":{"@id":"https:\/\/educatespilar.com\/el-hombre-y-su-union-para-trabajar-y-para-defender-su-trabajo\/#primaryimage"},"thumbnailUrl":"https:\/\/i0.wp.com\/educatespilar.com\/wp-content\/uploads\/2026\/04\/silhouette-teamwork-helping-hand-trust-help-success-mountains-hikers-celebrate-with-hands-up-help-each-other-top-mountain-sunset-landscape-scaled.jpg?fit=2560%2C1707&ssl=1","keywords":["hombre","trabajo"],"articleSection":["Social"],"inLanguage":"en-US"},{"@type":"WebPage","@id":"https:\/\/educatespilar.com\/el-hombre-y-su-union-para-trabajar-y-para-defender-su-trabajo\/","url":"https:\/\/educatespilar.com\/el-hombre-y-su-union-para-trabajar-y-para-defender-su-trabajo\/","name":"El hombre y su uni\u00f3n para trabajar y para defender su trabajo - EducatesPilar.com","isPartOf":{"@id":"https:\/\/tzs.pgq.temporary.site\/website_c18d3ae6\/#website"},"primaryImageOfPage":{"@id":"https:\/\/educatespilar.com\/el-hombre-y-su-union-para-trabajar-y-para-defender-su-trabajo\/#primaryimage"},"image":{"@id":"https:\/\/educatespilar.com\/el-hombre-y-su-union-para-trabajar-y-para-defender-su-trabajo\/#primaryimage"},"thumbnailUrl":"https:\/\/i0.wp.com\/educatespilar.com\/wp-content\/uploads\/2026\/04\/silhouette-teamwork-helping-hand-trust-help-success-mountains-hikers-celebrate-with-hands-up-help-each-other-top-mountain-sunset-landscape-scaled.jpg?fit=2560%2C1707&ssl=1","datePublished":"2026-04-07T07:44:40+00:00","dateModified":"2026-04-08T12:45:18+00:00","author":{"@id":"https:\/\/tzs.pgq.temporary.site\/website_c18d3ae6\/#\/schema\/person\/655446504db2a404e6921d90ab7c0a0f"},"breadcrumb":{"@id":"https:\/\/educatespilar.com\/el-hombre-y-su-union-para-trabajar-y-para-defender-su-trabajo\/#breadcrumb"},"inLanguage":"en-US","potentialAction":[{"@type":"ReadAction","target":["https:\/\/educatespilar.com\/el-hombre-y-su-union-para-trabajar-y-para-defender-su-trabajo\/"]}]},{"@type":"ImageObject","inLanguage":"en-US","@id":"https:\/\/educatespilar.com\/el-hombre-y-su-union-para-trabajar-y-para-defender-su-trabajo\/#primaryimage","url":"https:\/\/i0.wp.com\/educatespilar.com\/wp-content\/uploads\/2026\/04\/silhouette-teamwork-helping-hand-trust-help-success-mountains-hikers-celebrate-with-hands-up-help-each-other-top-mountain-sunset-landscape-scaled.jpg?fit=2560%2C1707&ssl=1","contentUrl":"https:\/\/i0.wp.com\/educatespilar.com\/wp-content\/uploads\/2026\/04\/silhouette-teamwork-helping-hand-trust-help-success-mountains-hikers-celebrate-with-hands-up-help-each-other-top-mountain-sunset-landscape-scaled.jpg?fit=2560%2C1707&ssl=1","width":2560,"height":1707},{"@type":"BreadcrumbList","@id":"https:\/\/educatespilar.com\/el-hombre-y-su-union-para-trabajar-y-para-defender-su-trabajo\/#breadcrumb","itemListElement":[{"@type":"ListItem","position":1,"name":"Home","item":"https:\/\/educatespilar.com\/"},{"@type":"ListItem","position":2,"name":"El hombre y su uni\u00f3n para trabajar y para defender su trabajo"}]},{"@type":"WebSite","@id":"https:\/\/tzs.pgq.temporary.site\/website_c18d3ae6\/#website","url":"https:\/\/tzs.pgq.temporary.site\/website_c18d3ae6\/","name":"EducatesPilar.com","description":"","potentialAction":[{"@type":"SearchAction","target":{"@type":"EntryPoint","urlTemplate":"https:\/\/tzs.pgq.temporary.site\/website_c18d3ae6\/?s={search_term_string}"},"query-input":{"@type":"PropertyValueSpecification","valueRequired":true,"valueName":"search_term_string"}}],"inLanguage":"en-US"},{"@type":"Person","@id":"https:\/\/tzs.pgq.temporary.site\/website_c18d3ae6\/#\/schema\/person\/655446504db2a404e6921d90ab7c0a0f","name":"educates","image":{"@type":"ImageObject","inLanguage":"en-US","@id":"https:\/\/secure.gravatar.com\/avatar\/f1e844324149cf607705bdc3821ac52f5613382cc275e3a009bc73539c52a819?s=96&d=mm&r=g","url":"https:\/\/secure.gravatar.com\/avatar\/f1e844324149cf607705bdc3821ac52f5613382cc275e3a009bc73539c52a819?s=96&d=mm&r=g","contentUrl":"https:\/\/secure.gravatar.com\/avatar\/f1e844324149cf607705bdc3821ac52f5613382cc275e3a009bc73539c52a819?s=96&d=mm&r=g","caption":"educates"},"url":"https:\/\/educatespilar.com\/en\/author\/educates\/"}]}},"jetpack_featured_media_url":"https:\/\/i0.wp.com\/educatespilar.com\/wp-content\/uploads\/2026\/04\/silhouette-teamwork-helping-hand-trust-help-success-mountains-hikers-celebrate-with-hands-up-help-each-other-top-mountain-sunset-landscape-scaled.jpg?fit=2560%2C1707&ssl=1","jetpack_sharing_enabled":true,"_links":{"self":[{"href":"https:\/\/educatespilar.com\/en\/wp-json\/wp\/v2\/posts\/468","targetHints":{"allow":["GET"]}}],"collection":[{"href":"https:\/\/educatespilar.com\/en\/wp-json\/wp\/v2\/posts"}],"about":[{"href":"https:\/\/educatespilar.com\/en\/wp-json\/wp\/v2\/types\/post"}],"author":[{"embeddable":true,"href":"https:\/\/educatespilar.com\/en\/wp-json\/wp\/v2\/users\/2"}],"replies":[{"embeddable":true,"href":"https:\/\/educatespilar.com\/en\/wp-json\/wp\/v2\/comments?post=468"}],"version-history":[{"count":1,"href":"https:\/\/educatespilar.com\/en\/wp-json\/wp\/v2\/posts\/468\/revisions"}],"predecessor-version":[{"id":470,"href":"https:\/\/educatespilar.com\/en\/wp-json\/wp\/v2\/posts\/468\/revisions\/470"}],"wp:featuredmedia":[{"embeddable":true,"href":"https:\/\/educatespilar.com\/en\/wp-json\/wp\/v2\/media\/469"}],"wp:attachment":[{"href":"https:\/\/educatespilar.com\/en\/wp-json\/wp\/v2\/media?parent=468"}],"wp:term":[{"taxonomy":"category","embeddable":true,"href":"https:\/\/educatespilar.com\/en\/wp-json\/wp\/v2\/categories?post=468"},{"taxonomy":"post_tag","embeddable":true,"href":"https:\/\/educatespilar.com\/en\/wp-json\/wp\/v2\/tags?post=468"}],"curies":[{"name":"wp","href":"https:\/\/api.w.org\/{rel}","templated":true}]}}