{"id":443,"date":"2026-03-18T07:00:29","date_gmt":"2026-03-18T07:00:29","guid":{"rendered":"https:\/\/educatespilar.com\/?p=443"},"modified":"2026-03-18T17:22:21","modified_gmt":"2026-03-18T17:22:21","slug":"el-desarrollo-social-en-los-subgrupos-culturales","status":"publish","type":"post","link":"https:\/\/educatespilar.com\/en\/el-desarrollo-social-en-los-subgrupos-culturales\/","title":{"rendered":"El desarrollo social en los subgrupos culturales"},"content":{"rendered":"<p><img data-recalc-dims=\"1\" decoding=\"async\" loading=\"lazy\" class=\"alignnone size-medium wp-image-444\" src=\"https:\/\/i0.wp.com\/educatespilar.com\/wp-content\/uploads\/2026\/03\/close-up-happy-people-with-placards.jpg?resize=300%2C200&#038;ssl=1\" alt=\"\" width=\"300\" height=\"200\" srcset=\"https:\/\/i0.wp.com\/educatespilar.com\/wp-content\/uploads\/2026\/03\/close-up-happy-people-with-placards-scaled.jpg?resize=300%2C200&amp;ssl=1 300w, https:\/\/i0.wp.com\/educatespilar.com\/wp-content\/uploads\/2026\/03\/close-up-happy-people-with-placards-scaled.jpg?resize=1024%2C683&amp;ssl=1 1024w, https:\/\/i0.wp.com\/educatespilar.com\/wp-content\/uploads\/2026\/03\/close-up-happy-people-with-placards-scaled.jpg?resize=768%2C512&amp;ssl=1 768w, https:\/\/i0.wp.com\/educatespilar.com\/wp-content\/uploads\/2026\/03\/close-up-happy-people-with-placards-scaled.jpg?resize=1536%2C1024&amp;ssl=1 1536w, https:\/\/i0.wp.com\/educatespilar.com\/wp-content\/uploads\/2026\/03\/close-up-happy-people-with-placards-scaled.jpg?resize=2048%2C1365&amp;ssl=1 2048w, https:\/\/i0.wp.com\/educatespilar.com\/wp-content\/uploads\/2026\/03\/close-up-happy-people-with-placards-scaled.jpg?resize=18%2C12&amp;ssl=1 18w, https:\/\/i0.wp.com\/educatespilar.com\/wp-content\/uploads\/2026\/03\/close-up-happy-people-with-placards-scaled.jpg?resize=600%2C400&amp;ssl=1 600w\" sizes=\"auto, (max-width: 300px) 100vw, 300px\" \/><\/p>\n<p><span style=\"font-weight: 400;\">La familia inicia el proceso de socializaci\u00f3n y ense\u00f1anza del ni\u00f1o en la cultura particular del grupo social a que pertenece. El ni\u00f1o nacido de familia brasile\u00f1a aprende la cultura brasile\u00f1a. Aprende a hablar portugu\u00e9s en vez de ingl\u00e9s, a comer con tenedor en vez de palillos como hacen los chinos, a usar ropa en vez de piel de oso. No aprende solamente los comportamientos externos, aprende tambi\u00e9n los comportamientos sociales y morales y los valores econ\u00f3micos de la cultura: c\u00f3mo hablan los ni\u00f1os y c\u00f3mo hablan los hombres a las mujeres; a refrenar la agresividad y la manera de competir; a desarrollar lealtades y a alcanzar la autoafirmaci\u00f3n. Las expectativas generales y las formas de vida determinadas por la cultura, son transmitidas por la familia; cualquier ni\u00f1o criado en una familia norteamericana se comporta como norteamericano; el ni\u00f1o educado en una familia paname\u00f1a, se comporta como paname\u00f1o. La familia modela al ni\u00f1o conforme a la variedad cultural a la que pertenece, a la cual podemos denominar <\/span><i><span style=\"font-weight: 400;\">subcultura.<\/span><\/i><span style=\"font-weight: 400;\"> As\u00ed, el ni\u00f1o de una familia de campesinos aprende a comportarse de modo diferente que los ni\u00f1os nacidos en la ciudad; el de una familia cat\u00f3lica aprende un conjunto de valores diferentes de los que aprende un ni\u00f1o de familia protestante; el de una familia nipobrasile\u00f1a aprende algo diferente de lo que aprende un ni\u00f1o nacido en una familia hispano brasile\u00f1a, y el ni\u00f1o de familia de clase media aprende un modo de vivir distinto del que aprende el ni\u00f1o de clase m\u00e1s baja. Las diversas clases sociales tienen modos de vida diferentes: diferentes comportamientos, valores y actitudes; diferentes objetivos y expectativas. En ning\u00fan otro lugar son m\u00e1s claramente observables las diferencias de clase social que en el \u00e1mbito de las relaciones familiares.<\/span><\/p>\n<p><span style=\"font-weight: 400;\">No s\u00f3lo se reflejan las diferencias de clase en los patrones de la familia, sino que la familia, a su vez, refuerza y modifica la estructura de la clase social de manera directa. Esto es efectivo porque toda familia educa a sus descendientes en su propia manera de vivir. Aun cuando haya gran movilidad entre las clases, la familia de clase media, en todos los aspectos, educa a los hijos en los moldes de la clase a que pertenece, y esos ni\u00f1os, a su vez, crecen preparados ya para una vida de clase media. La familia de clase m\u00e1s baja educa a sus hijos de acuerdo con las costumbres de su clase, y esos ni\u00f1os, a su vez, crece preparados para llevar la vida que corresponde a las personas de su misma clase. De este modo, nuestro sistema de clases sociales produce amplias variaciones en la vida familiar, y estas variaciones, a su vez, mantienen dicho sistema. Las diferencias que existen en la vida familiar de las varias clases sociales, son m\u00faltiples. Viven en tipos de casas diferentes y poseen diferentes conocimientos sobre las necesidades b\u00e1sicas de la vida: alimento, calor, luz, ropa. Tales diferencias han sido estudiadas m\u00e1s acuciosamente en ciertos pa\u00edses del norte de Europa y en los Estados Unidos que en la Am\u00e9rica latina; pero es probable que existan tambi\u00e9n aqu\u00ed grandes diferencias entre las clases sociales. A t\u00edtulo de ejemplo, veamos el proceso de socializaci\u00f3n en el seno de una familia de trabajadores rurales que han migrado a Rio de Janeiro y viven en una de las barriadas pobres de esa ciudad.<\/span><\/p>\n<p><span style=\"font-weight: 400;\">Estas diferentes \u00e1reas de aprendizaje pueden ser enumeradas y brevemente descritas, en la siguiente forma:<\/span><\/p>\n<p><span style=\"font-weight: 400;\">1) Aprendizaje de las t\u00e9cnicas destinadas a asegurar la supervivencia y la conservaci\u00f3n de la salud.<\/span><\/p>\n<p><span style=\"font-weight: 400;\">M\u00e1s all\u00e1 de las reacciones biol\u00f3gicas instintivas que protegen al organismo animal, en todas las culturas debe el ni\u00f1o aprender a conservar su vida y su salud; es decir, debe aprender a conocer la calidad y la preparaci\u00f3n de los alimentos, a evitar los lugares peligrosos, a defenderse contra la enfermedad y a conocer los medios curativos adecuados, a defenderse de los peligros sobrenaturales, etc\u00e9tera.<\/span><\/p>\n<p><span style=\"font-weight: 400;\">2) Aprendizaje de los deberes y derechos atribuidos a los papeles que desempe\u00f1a dentro de la familia y del grupo de parentesco. Las relaciones que implican ejercicio de autoridad o sumisi\u00f3n a ella, las que involucran la obligaci\u00f3n de amar o de querer, la obligaci\u00f3n de ense\u00f1ar y el derecho de recibir instrucci\u00f3n, las obligaciones de ayuda mutua dentro del grupo de social y de parentesco, etc. Estas como todas son de gran utilidad para la armon\u00eda del lugar que se habita.<\/span><\/p>\n<h2><span style=\"font-weight: 400;\">Aprendizaje de las habilidades escolares.<\/span><\/h2>\n<p><span style=\"font-weight: 400;\">La capacidad para leer y la destreza en el manejo de los n\u00fameros gozan por s\u00ed mismos de gran privilegio social. Adem\u00e1s, son \u00fatiles y necesarios desde el punto de vista pr\u00e1ctico y constituyen una base esencial para la adquisici\u00f3n de las habilidades requeridas por las artesan\u00edas y otros oficios. Esto har\u00e1 que pueda elegir m\u00e1s convenientemente su labor futura.<\/span><\/p>\n<p>&nbsp;<\/p>","protected":false},"excerpt":{"rendered":"<p>La familia inicia el proceso de socializaci\u00f3n y ense\u00f1anza del ni\u00f1o en la cultura particular del grupo social a que pertenece. El ni\u00f1o nacido de familia brasile\u00f1a aprende la cultura brasile\u00f1a. Aprende a hablar portugu\u00e9s en vez de ingl\u00e9s, a comer con tenedor en vez de palillos como hacen los chinos, a usar ropa en [&hellip;]<\/p>\n","protected":false},"author":2,"featured_media":444,"comment_status":"closed","ping_status":"closed","sticky":false,"template":"","format":"standard","meta":{"nf_dc_page":"","_jetpack_memberships_contains_paid_content":false,"footnotes":""},"categories":[9],"tags":[167,25],"class_list":["post-443","post","type-post","status-publish","format-standard","has-post-thumbnail","hentry","category-educacion","tag-cultura","tag-desarrollo-social"],"yoast_head":"<!-- This site is optimized with the Yoast SEO plugin v27.4 - https:\/\/yoast.com\/product\/yoast-seo-wordpress\/ -->\n<title>El desarrollo social en los subgrupos culturales - EducatesPilar.com<\/title>\n<meta name=\"robots\" content=\"index, follow, max-snippet:-1, max-image-preview:large, max-video-preview:-1\" \/>\n<link rel=\"canonical\" href=\"https:\/\/educatespilar.com\/en\/el-desarrollo-social-en-los-subgrupos-culturales\/\" \/>\n<meta property=\"og:locale\" content=\"en_US\" \/>\n<meta property=\"og:type\" content=\"article\" \/>\n<meta property=\"og:title\" content=\"El desarrollo social en los subgrupos culturales - EducatesPilar.com\" \/>\n<meta property=\"og:description\" content=\"La familia inicia el proceso de socializaci\u00f3n y ense\u00f1anza del ni\u00f1o en la cultura particular del grupo social a que pertenece. El ni\u00f1o nacido de familia brasile\u00f1a aprende la cultura brasile\u00f1a. Aprende a hablar portugu\u00e9s en vez de ingl\u00e9s, a comer con tenedor en vez de palillos como hacen los chinos, a usar ropa en [&hellip;]\" \/>\n<meta property=\"og:url\" content=\"https:\/\/educatespilar.com\/en\/el-desarrollo-social-en-los-subgrupos-culturales\/\" \/>\n<meta property=\"og:site_name\" content=\"EducatesPilar.com\" \/>\n<meta property=\"article:published_time\" content=\"2026-03-18T07:00:29+00:00\" \/>\n<meta property=\"article:modified_time\" content=\"2026-03-18T17:22:21+00:00\" \/>\n<meta property=\"og:image\" content=\"https:\/\/educatespilar.com\/wp-content\/uploads\/2026\/03\/close-up-happy-people-with-placards-scaled.jpg\" \/>\n\t<meta property=\"og:image:width\" content=\"2560\" \/>\n\t<meta property=\"og:image:height\" content=\"1707\" \/>\n\t<meta property=\"og:image:type\" content=\"image\/jpeg\" \/>\n<meta name=\"author\" content=\"educates\" \/>\n<meta name=\"twitter:card\" content=\"summary_large_image\" \/>\n<meta name=\"twitter:label1\" content=\"Written by\" \/>\n\t<meta name=\"twitter:data1\" content=\"educates\" \/>\n\t<meta name=\"twitter:label2\" content=\"Est. reading time\" \/>\n\t<meta name=\"twitter:data2\" content=\"4 minutes\" \/>\n<script type=\"application\/ld+json\" class=\"yoast-schema-graph\">{\"@context\":\"https:\\\/\\\/schema.org\",\"@graph\":[{\"@type\":\"Article\",\"@id\":\"https:\\\/\\\/educatespilar.com\\\/el-desarrollo-social-en-los-subgrupos-culturales\\\/#article\",\"isPartOf\":{\"@id\":\"https:\\\/\\\/educatespilar.com\\\/el-desarrollo-social-en-los-subgrupos-culturales\\\/\"},\"author\":{\"name\":\"educates\",\"@id\":\"https:\\\/\\\/tzs.pgq.temporary.site\\\/website_c18d3ae6\\\/#\\\/schema\\\/person\\\/655446504db2a404e6921d90ab7c0a0f\"},\"headline\":\"El desarrollo social en los subgrupos culturales\",\"datePublished\":\"2026-03-18T07:00:29+00:00\",\"dateModified\":\"2026-03-18T17:22:21+00:00\",\"mainEntityOfPage\":{\"@id\":\"https:\\\/\\\/educatespilar.com\\\/el-desarrollo-social-en-los-subgrupos-culturales\\\/\"},\"wordCount\":869,\"image\":{\"@id\":\"https:\\\/\\\/educatespilar.com\\\/el-desarrollo-social-en-los-subgrupos-culturales\\\/#primaryimage\"},\"thumbnailUrl\":\"https:\\\/\\\/i0.wp.com\\\/educatespilar.com\\\/wp-content\\\/uploads\\\/2026\\\/03\\\/close-up-happy-people-with-placards-scaled.jpg?fit=2560%2C1707&ssl=1\",\"keywords\":[\"cultura\",\"desarrollo social\"],\"articleSection\":[\"Educaci\u00f3n\"],\"inLanguage\":\"en-US\"},{\"@type\":\"WebPage\",\"@id\":\"https:\\\/\\\/educatespilar.com\\\/el-desarrollo-social-en-los-subgrupos-culturales\\\/\",\"url\":\"https:\\\/\\\/educatespilar.com\\\/el-desarrollo-social-en-los-subgrupos-culturales\\\/\",\"name\":\"El desarrollo social en los subgrupos culturales - EducatesPilar.com\",\"isPartOf\":{\"@id\":\"https:\\\/\\\/tzs.pgq.temporary.site\\\/website_c18d3ae6\\\/#website\"},\"primaryImageOfPage\":{\"@id\":\"https:\\\/\\\/educatespilar.com\\\/el-desarrollo-social-en-los-subgrupos-culturales\\\/#primaryimage\"},\"image\":{\"@id\":\"https:\\\/\\\/educatespilar.com\\\/el-desarrollo-social-en-los-subgrupos-culturales\\\/#primaryimage\"},\"thumbnailUrl\":\"https:\\\/\\\/i0.wp.com\\\/educatespilar.com\\\/wp-content\\\/uploads\\\/2026\\\/03\\\/close-up-happy-people-with-placards-scaled.jpg?fit=2560%2C1707&ssl=1\",\"datePublished\":\"2026-03-18T07:00:29+00:00\",\"dateModified\":\"2026-03-18T17:22:21+00:00\",\"author\":{\"@id\":\"https:\\\/\\\/tzs.pgq.temporary.site\\\/website_c18d3ae6\\\/#\\\/schema\\\/person\\\/655446504db2a404e6921d90ab7c0a0f\"},\"breadcrumb\":{\"@id\":\"https:\\\/\\\/educatespilar.com\\\/el-desarrollo-social-en-los-subgrupos-culturales\\\/#breadcrumb\"},\"inLanguage\":\"en-US\",\"potentialAction\":[{\"@type\":\"ReadAction\",\"target\":[\"https:\\\/\\\/educatespilar.com\\\/el-desarrollo-social-en-los-subgrupos-culturales\\\/\"]}]},{\"@type\":\"ImageObject\",\"inLanguage\":\"en-US\",\"@id\":\"https:\\\/\\\/educatespilar.com\\\/el-desarrollo-social-en-los-subgrupos-culturales\\\/#primaryimage\",\"url\":\"https:\\\/\\\/i0.wp.com\\\/educatespilar.com\\\/wp-content\\\/uploads\\\/2026\\\/03\\\/close-up-happy-people-with-placards-scaled.jpg?fit=2560%2C1707&ssl=1\",\"contentUrl\":\"https:\\\/\\\/i0.wp.com\\\/educatespilar.com\\\/wp-content\\\/uploads\\\/2026\\\/03\\\/close-up-happy-people-with-placards-scaled.jpg?fit=2560%2C1707&ssl=1\",\"width\":2560,\"height\":1707},{\"@type\":\"BreadcrumbList\",\"@id\":\"https:\\\/\\\/educatespilar.com\\\/el-desarrollo-social-en-los-subgrupos-culturales\\\/#breadcrumb\",\"itemListElement\":[{\"@type\":\"ListItem\",\"position\":1,\"name\":\"Home\",\"item\":\"https:\\\/\\\/educatespilar.com\\\/\"},{\"@type\":\"ListItem\",\"position\":2,\"name\":\"El desarrollo social en los subgrupos culturales\"}]},{\"@type\":\"WebSite\",\"@id\":\"https:\\\/\\\/tzs.pgq.temporary.site\\\/website_c18d3ae6\\\/#website\",\"url\":\"https:\\\/\\\/tzs.pgq.temporary.site\\\/website_c18d3ae6\\\/\",\"name\":\"EducatesPilar.com\",\"description\":\"\",\"potentialAction\":[{\"@type\":\"SearchAction\",\"target\":{\"@type\":\"EntryPoint\",\"urlTemplate\":\"https:\\\/\\\/tzs.pgq.temporary.site\\\/website_c18d3ae6\\\/?s={search_term_string}\"},\"query-input\":{\"@type\":\"PropertyValueSpecification\",\"valueRequired\":true,\"valueName\":\"search_term_string\"}}],\"inLanguage\":\"en-US\"},{\"@type\":\"Person\",\"@id\":\"https:\\\/\\\/tzs.pgq.temporary.site\\\/website_c18d3ae6\\\/#\\\/schema\\\/person\\\/655446504db2a404e6921d90ab7c0a0f\",\"name\":\"educates\",\"image\":{\"@type\":\"ImageObject\",\"inLanguage\":\"en-US\",\"@id\":\"https:\\\/\\\/secure.gravatar.com\\\/avatar\\\/f1e844324149cf607705bdc3821ac52f5613382cc275e3a009bc73539c52a819?s=96&d=mm&r=g\",\"url\":\"https:\\\/\\\/secure.gravatar.com\\\/avatar\\\/f1e844324149cf607705bdc3821ac52f5613382cc275e3a009bc73539c52a819?s=96&d=mm&r=g\",\"contentUrl\":\"https:\\\/\\\/secure.gravatar.com\\\/avatar\\\/f1e844324149cf607705bdc3821ac52f5613382cc275e3a009bc73539c52a819?s=96&d=mm&r=g\",\"caption\":\"educates\"},\"url\":\"https:\\\/\\\/educatespilar.com\\\/en\\\/author\\\/educates\\\/\"}]}<\/script>\n<!-- \/ Yoast SEO plugin. -->","yoast_head_json":{"title":"El desarrollo social en los subgrupos culturales - EducatesPilar.com","robots":{"index":"index","follow":"follow","max-snippet":"max-snippet:-1","max-image-preview":"max-image-preview:large","max-video-preview":"max-video-preview:-1"},"canonical":"https:\/\/educatespilar.com\/en\/el-desarrollo-social-en-los-subgrupos-culturales\/","og_locale":"en_US","og_type":"article","og_title":"El desarrollo social en los subgrupos culturales - EducatesPilar.com","og_description":"La familia inicia el proceso de socializaci\u00f3n y ense\u00f1anza del ni\u00f1o en la cultura particular del grupo social a que pertenece. El ni\u00f1o nacido de familia brasile\u00f1a aprende la cultura brasile\u00f1a. Aprende a hablar portugu\u00e9s en vez de ingl\u00e9s, a comer con tenedor en vez de palillos como hacen los chinos, a usar ropa en [&hellip;]","og_url":"https:\/\/educatespilar.com\/en\/el-desarrollo-social-en-los-subgrupos-culturales\/","og_site_name":"EducatesPilar.com","article_published_time":"2026-03-18T07:00:29+00:00","article_modified_time":"2026-03-18T17:22:21+00:00","og_image":[{"width":2560,"height":1707,"url":"https:\/\/educatespilar.com\/wp-content\/uploads\/2026\/03\/close-up-happy-people-with-placards-scaled.jpg","type":"image\/jpeg"}],"author":"educates","twitter_card":"summary_large_image","twitter_misc":{"Written by":"educates","Est. reading time":"4 minutes"},"schema":{"@context":"https:\/\/schema.org","@graph":[{"@type":"Article","@id":"https:\/\/educatespilar.com\/el-desarrollo-social-en-los-subgrupos-culturales\/#article","isPartOf":{"@id":"https:\/\/educatespilar.com\/el-desarrollo-social-en-los-subgrupos-culturales\/"},"author":{"name":"educates","@id":"https:\/\/tzs.pgq.temporary.site\/website_c18d3ae6\/#\/schema\/person\/655446504db2a404e6921d90ab7c0a0f"},"headline":"El desarrollo social en los subgrupos culturales","datePublished":"2026-03-18T07:00:29+00:00","dateModified":"2026-03-18T17:22:21+00:00","mainEntityOfPage":{"@id":"https:\/\/educatespilar.com\/el-desarrollo-social-en-los-subgrupos-culturales\/"},"wordCount":869,"image":{"@id":"https:\/\/educatespilar.com\/el-desarrollo-social-en-los-subgrupos-culturales\/#primaryimage"},"thumbnailUrl":"https:\/\/i0.wp.com\/educatespilar.com\/wp-content\/uploads\/2026\/03\/close-up-happy-people-with-placards-scaled.jpg?fit=2560%2C1707&ssl=1","keywords":["cultura","desarrollo social"],"articleSection":["Educaci\u00f3n"],"inLanguage":"en-US"},{"@type":"WebPage","@id":"https:\/\/educatespilar.com\/el-desarrollo-social-en-los-subgrupos-culturales\/","url":"https:\/\/educatespilar.com\/el-desarrollo-social-en-los-subgrupos-culturales\/","name":"El desarrollo social en los subgrupos culturales - EducatesPilar.com","isPartOf":{"@id":"https:\/\/tzs.pgq.temporary.site\/website_c18d3ae6\/#website"},"primaryImageOfPage":{"@id":"https:\/\/educatespilar.com\/el-desarrollo-social-en-los-subgrupos-culturales\/#primaryimage"},"image":{"@id":"https:\/\/educatespilar.com\/el-desarrollo-social-en-los-subgrupos-culturales\/#primaryimage"},"thumbnailUrl":"https:\/\/i0.wp.com\/educatespilar.com\/wp-content\/uploads\/2026\/03\/close-up-happy-people-with-placards-scaled.jpg?fit=2560%2C1707&ssl=1","datePublished":"2026-03-18T07:00:29+00:00","dateModified":"2026-03-18T17:22:21+00:00","author":{"@id":"https:\/\/tzs.pgq.temporary.site\/website_c18d3ae6\/#\/schema\/person\/655446504db2a404e6921d90ab7c0a0f"},"breadcrumb":{"@id":"https:\/\/educatespilar.com\/el-desarrollo-social-en-los-subgrupos-culturales\/#breadcrumb"},"inLanguage":"en-US","potentialAction":[{"@type":"ReadAction","target":["https:\/\/educatespilar.com\/el-desarrollo-social-en-los-subgrupos-culturales\/"]}]},{"@type":"ImageObject","inLanguage":"en-US","@id":"https:\/\/educatespilar.com\/el-desarrollo-social-en-los-subgrupos-culturales\/#primaryimage","url":"https:\/\/i0.wp.com\/educatespilar.com\/wp-content\/uploads\/2026\/03\/close-up-happy-people-with-placards-scaled.jpg?fit=2560%2C1707&ssl=1","contentUrl":"https:\/\/i0.wp.com\/educatespilar.com\/wp-content\/uploads\/2026\/03\/close-up-happy-people-with-placards-scaled.jpg?fit=2560%2C1707&ssl=1","width":2560,"height":1707},{"@type":"BreadcrumbList","@id":"https:\/\/educatespilar.com\/el-desarrollo-social-en-los-subgrupos-culturales\/#breadcrumb","itemListElement":[{"@type":"ListItem","position":1,"name":"Home","item":"https:\/\/educatespilar.com\/"},{"@type":"ListItem","position":2,"name":"El desarrollo social en los subgrupos culturales"}]},{"@type":"WebSite","@id":"https:\/\/tzs.pgq.temporary.site\/website_c18d3ae6\/#website","url":"https:\/\/tzs.pgq.temporary.site\/website_c18d3ae6\/","name":"EducatesPilar.com","description":"","potentialAction":[{"@type":"SearchAction","target":{"@type":"EntryPoint","urlTemplate":"https:\/\/tzs.pgq.temporary.site\/website_c18d3ae6\/?s={search_term_string}"},"query-input":{"@type":"PropertyValueSpecification","valueRequired":true,"valueName":"search_term_string"}}],"inLanguage":"en-US"},{"@type":"Person","@id":"https:\/\/tzs.pgq.temporary.site\/website_c18d3ae6\/#\/schema\/person\/655446504db2a404e6921d90ab7c0a0f","name":"educates","image":{"@type":"ImageObject","inLanguage":"en-US","@id":"https:\/\/secure.gravatar.com\/avatar\/f1e844324149cf607705bdc3821ac52f5613382cc275e3a009bc73539c52a819?s=96&d=mm&r=g","url":"https:\/\/secure.gravatar.com\/avatar\/f1e844324149cf607705bdc3821ac52f5613382cc275e3a009bc73539c52a819?s=96&d=mm&r=g","contentUrl":"https:\/\/secure.gravatar.com\/avatar\/f1e844324149cf607705bdc3821ac52f5613382cc275e3a009bc73539c52a819?s=96&d=mm&r=g","caption":"educates"},"url":"https:\/\/educatespilar.com\/en\/author\/educates\/"}]}},"jetpack_featured_media_url":"https:\/\/i0.wp.com\/educatespilar.com\/wp-content\/uploads\/2026\/03\/close-up-happy-people-with-placards-scaled.jpg?fit=2560%2C1707&ssl=1","jetpack_sharing_enabled":true,"_links":{"self":[{"href":"https:\/\/educatespilar.com\/en\/wp-json\/wp\/v2\/posts\/443","targetHints":{"allow":["GET"]}}],"collection":[{"href":"https:\/\/educatespilar.com\/en\/wp-json\/wp\/v2\/posts"}],"about":[{"href":"https:\/\/educatespilar.com\/en\/wp-json\/wp\/v2\/types\/post"}],"author":[{"embeddable":true,"href":"https:\/\/educatespilar.com\/en\/wp-json\/wp\/v2\/users\/2"}],"replies":[{"embeddable":true,"href":"https:\/\/educatespilar.com\/en\/wp-json\/wp\/v2\/comments?post=443"}],"version-history":[{"count":1,"href":"https:\/\/educatespilar.com\/en\/wp-json\/wp\/v2\/posts\/443\/revisions"}],"predecessor-version":[{"id":445,"href":"https:\/\/educatespilar.com\/en\/wp-json\/wp\/v2\/posts\/443\/revisions\/445"}],"wp:featuredmedia":[{"embeddable":true,"href":"https:\/\/educatespilar.com\/en\/wp-json\/wp\/v2\/media\/444"}],"wp:attachment":[{"href":"https:\/\/educatespilar.com\/en\/wp-json\/wp\/v2\/media?parent=443"}],"wp:term":[{"taxonomy":"category","embeddable":true,"href":"https:\/\/educatespilar.com\/en\/wp-json\/wp\/v2\/categories?post=443"},{"taxonomy":"post_tag","embeddable":true,"href":"https:\/\/educatespilar.com\/en\/wp-json\/wp\/v2\/tags?post=443"}],"curies":[{"name":"wp","href":"https:\/\/api.w.org\/{rel}","templated":true}]}}