{"id":42,"date":"2025-09-02T20:10:36","date_gmt":"2025-09-02T20:10:36","guid":{"rendered":"https:\/\/educatespilar.com\/?p=42"},"modified":"2025-11-04T17:53:44","modified_gmt":"2025-11-04T17:53:44","slug":"el-poder-transformador-de-la-educacion-inclusiva","status":"publish","type":"post","link":"https:\/\/educatespilar.com\/en\/el-poder-transformador-de-la-educacion-inclusiva\/","title":{"rendered":"El poder transformador de la educaci\u00f3n inclusiva"},"content":{"rendered":"<p><span style=\"font-weight: 400;\">La inclusi\u00f3n en a educaci\u00f3n es una necesidad. Un punteo de c\u00f3mo se ejecuta en las aulas.<\/span><\/p>\n<p><img data-recalc-dims=\"1\" decoding=\"async\" loading=\"lazy\" class=\"alignnone size-medium wp-image-44\" src=\"https:\/\/i0.wp.com\/educatespilar.com\/wp-content\/uploads\/2025\/08\/family-with-disables-person-cutout-paper-flat-lay.jpg?resize=300%2C225&#038;ssl=1\" alt=\"\" width=\"300\" height=\"225\" srcset=\"https:\/\/i0.wp.com\/educatespilar.com\/wp-content\/uploads\/2025\/08\/family-with-disables-person-cutout-paper-flat-lay-scaled.jpg?resize=300%2C225&amp;ssl=1 300w, https:\/\/i0.wp.com\/educatespilar.com\/wp-content\/uploads\/2025\/08\/family-with-disables-person-cutout-paper-flat-lay-scaled.jpg?resize=1024%2C768&amp;ssl=1 1024w, https:\/\/i0.wp.com\/educatespilar.com\/wp-content\/uploads\/2025\/08\/family-with-disables-person-cutout-paper-flat-lay-scaled.jpg?resize=768%2C576&amp;ssl=1 768w, https:\/\/i0.wp.com\/educatespilar.com\/wp-content\/uploads\/2025\/08\/family-with-disables-person-cutout-paper-flat-lay-scaled.jpg?resize=1536%2C1152&amp;ssl=1 1536w, https:\/\/i0.wp.com\/educatespilar.com\/wp-content\/uploads\/2025\/08\/family-with-disables-person-cutout-paper-flat-lay-scaled.jpg?resize=2048%2C1536&amp;ssl=1 2048w\" sizes=\"auto, (max-width: 300px) 100vw, 300px\" \/><\/p>\n<p>El concepto de<strong> educaci\u00f3n inclusiva<\/strong> pas\u00f3 de ser una aspiraci\u00f3n a convertirse en un principio aplicado en las pol\u00edticas educativas de numerosos pa\u00edses.<\/p>\n<p>Adem\u00e1s de tratarte de un derecho fundamental, la<strong> educaci\u00f3n inclusiva<\/strong> se convirti\u00f3 en una herramienta para construir sociedades m\u00e1s equitativas, cohesionadas y resilientes. Su impacto no solo se refleja en los resultados acad\u00e9micos, sino tambi\u00e9n en la transformaci\u00f3n profunda de vidas individuales y comunidades enteras.<\/p>\n<h2>\u00bfQu\u00e9 es la educaci\u00f3n inclusiva?<\/h2>\n<p>La <strong>educaci\u00f3n inclusiva<\/strong> es aquella que busca garantizar que todos los estudiantes, sin importar sus condiciones personales, sociales, f\u00edsicas o culturales, accedan a una educaci\u00f3n de calidad en igualdad de condiciones.<\/p>\n<p>Este acceso que debe darse, necesita de la<strong> eliminaci\u00f3n de las barreras<\/strong> que dificultan el aprendizaje y la participaci\u00f3n, as\u00ed tambi\u00e9n poder transformar los sistemas educativos para que respondan a la diversidad del alumnado.<\/p>\n<p>En el aula, para la<strong> inclusi\u00f3n,<\/strong> es importante aplicar enfoques pedag\u00f3gicos que respondan a las distintas formas de aprender. Uno de los m\u00e1s usados es el Dise\u00f1o Universal para el Aprendizaje (DUA), que propone planificar clases desde el inicio, teniendo en cuenta las distintas formas de representaci\u00f3n, expresi\u00f3n y participaci\u00f3n.<\/p>\n<p>Esto permite al <strong>estudiante acceder al conocimiento<\/strong> partiendo de la base de\u00a0 sus fortalezas y estilos cognitivos, sin necesidad de adaptaciones posteriores que tienden a marginar. Tambi\u00e9n se utiliza la f\u00f3rmula de aprendizaje cooperativo, donde el trabajo en grupo es planificado para que estudiantes con distintos niveles de habilidad siendo que se apoyen mutuamente, lo que permite desarrollar competencias acad\u00e9micas, sociales y emocionales.<\/p>\n<p>La evaluaci\u00f3n formativa es otra opci\u00f3n.\u00a0 Este modelo\u00a0 se aleja de los ex\u00e1menes tradicionales y busca acompa\u00f1ar el proceso de aprendizaje de\u00a0 A trav\u00e9s de observaciones, r\u00fabricas flexibles y retroalimentaci\u00f3n continua, los docentes pueden identificar necesidades espec\u00edficas y ajustar sus estrategias en tiempo real. <strong>cada estudiante.<\/strong><\/p>\n<p>El uso de <strong>materiales did\u00e1cticos<\/strong> accesibles tambi\u00e9n es \u00fatil.\u00a0 Textos en lectura f\u00e1cil, videos con subt\u00edtulos o pictogramas, ampl\u00eda el acceso a contenidos y ayuda a mayor comprensi\u00f3n en estudiantes con discapacidades o con bajo nivel de alfabetizaci\u00f3n, entre otros.<\/p>\n<p>La<strong> inclusi\u00f3n<\/strong> se construye desde la planificaci\u00f3n consciente, la pr\u00e1ctica docente colaborativa y el compromiso de toda la comunidad educativa.<\/p>\n<p>No se trata de integrar a estudiantes con discapacidades al aula regular, sino que la inclusi\u00f3n abarca una visi\u00f3n m\u00e1s amplia que incluyan a\u00a0 estudiantes de comunidades rurales, migrantes, pueblos originarios, ni\u00f1as y adolescentes embarazadas, j\u00f3venes en situaci\u00f3n de pobreza extrema o v\u00edctimas de violencia con <strong>medidas espec\u00edficas <\/strong>para ejercer su derecho a aprender en un entorno digno, seguro y estimulante.<\/p>\n<p><img data-recalc-dims=\"1\" decoding=\"async\" loading=\"lazy\" class=\"alignnone size-medium wp-image-46\" src=\"https:\/\/i0.wp.com\/educatespilar.com\/wp-content\/uploads\/2025\/08\/top-view-child-learning-how-count-home.jpg?resize=300%2C200&#038;ssl=1\" alt=\"\" width=\"300\" height=\"200\" srcset=\"https:\/\/i0.wp.com\/educatespilar.com\/wp-content\/uploads\/2025\/08\/top-view-child-learning-how-count-home-scaled.jpg?resize=300%2C200&amp;ssl=1 300w, https:\/\/i0.wp.com\/educatespilar.com\/wp-content\/uploads\/2025\/08\/top-view-child-learning-how-count-home-scaled.jpg?resize=1024%2C681&amp;ssl=1 1024w, https:\/\/i0.wp.com\/educatespilar.com\/wp-content\/uploads\/2025\/08\/top-view-child-learning-how-count-home-scaled.jpg?resize=768%2C511&amp;ssl=1 768w, https:\/\/i0.wp.com\/educatespilar.com\/wp-content\/uploads\/2025\/08\/top-view-child-learning-how-count-home-scaled.jpg?resize=1536%2C1022&amp;ssl=1 1536w, https:\/\/i0.wp.com\/educatespilar.com\/wp-content\/uploads\/2025\/08\/top-view-child-learning-how-count-home-scaled.jpg?resize=2048%2C1363&amp;ssl=1 2048w\" sizes=\"auto, (max-width: 300px) 100vw, 300px\" \/><\/p>\n<p>Y es que adem\u00e1s, la <strong>educaci\u00f3n inclusiva<\/strong> no solo beneficia a quienes se enfrentan a\u00a0 barreras, sino a todo el grupo educativo. Las aulas diversas fomentan la empat\u00eda, el respeto por las diferencias, la colaboraci\u00f3n y el pensamiento cr\u00edtico.<\/p>\n<p>Al aprender juntos, los <strong>estudiantes<\/strong> desarrollan una nueva forma de aprendizaje, que fortalece la cohesi\u00f3n social. Asimismo, docentes y equipos escolares que tienen un enfoque inclusivo se convierten en protagonistas del cambio.<\/p>\n<p>Pero tambi\u00e9n es de <strong>gran relevancia<\/strong> poder garantizar que los docentes cuenten con la formaci\u00f3n y los recursos necesarios para abordar la diversidad en el aula. En la inclusi\u00f3n\u00a0 no alcanza con solo contar con una buena voluntad de los profesores, sino que la labor debe estar \u00a0 respaldado por pol\u00edticas p\u00fablicas coherentes, inversi\u00f3n sostenida y acompa\u00f1amiento profesional.<\/p>\n<p>Capacitaciones espec\u00edficas en educaci\u00f3n especial, dise\u00f1o universal del aprendizaje (DUA), gesti\u00f3n emocional,<strong> perspectiva intercultural<\/strong> y uso de tecnolog\u00edas accesibles son necesarios para que los educadores puedan planificar clases que lleguen a todos y todas.<\/p>\n<p>Adem\u00e1s, es importante que los docentes puedan trabajar en redes, <strong>compartir experiencias, <\/strong>identificar buenas pr\u00e1cticas y construir comunidades de aprendizaje que fortalezcan la inclusi\u00f3n como una pr\u00e1ctica pedag\u00f3gica cotidiana y no como una excepci\u00f3n.<\/p>\n<p>En este escenario, el avance tecnol\u00f3gico da paso a nuevas posibilidades para una educaci\u00f3n verdaderamente inclusiva. Desde lectores de pantalla y aplicaciones para estudiantes con <strong>discapacidad visual o auditiva,<\/strong> hasta plataformas de aprendizaje adaptativo que personalizan contenidos seg\u00fan las habilidades del alumno, la tecnolog\u00eda bien utilizada puede ser una palanca poderosa para la equidad.<\/p>\n<p>Pero los problemas en este contexto son diversos, y la falta al acceso a la tecnolog\u00eda, un aspecto que\u00a0 sigue siendo <strong>desigual <\/strong>en todo el mundo.\u00a0 En muchos territorios, las escuelas no tienen conexi\u00f3n a internet, equipamiento b\u00e1sico y formaci\u00f3n docente en herramientas digitales. Por esto, la inclusi\u00f3n tambi\u00e9n se necesita\u00a0 para cerrar la brecha digital.<\/p>\n<p>Ante este escenario, es importante remarcar que adoptar una educaci\u00f3n inclusiva necesito de una un cambio de paradigma para dejar de ver al <strong>estudiante <\/strong>como el problema y comenzar a ver al sistema como el que debe transformarse.<\/p>\n<p>Pero la verdadera <strong>transformaci\u00f3n educativa<\/strong> ocurre cuando cada estudiante, sin excepci\u00f3n, encuentra un lugar donde es valorado, apoyado y empoderado para aprender. Por ello, poder tenerla se trata de una base sobre la cual se puede construir un futuro m\u00e1s equitativo para todos. Un futuro en el que la diversidad no sea un obst\u00e1culo, sino una fortaleza.<\/p>\n<p>&nbsp;<\/p>","protected":false},"excerpt":{"rendered":"<p>La inclusi\u00f3n en a educaci\u00f3n es una necesidad. Un punteo de c\u00f3mo se ejecuta en las aulas. El concepto de educaci\u00f3n inclusiva pas\u00f3 de ser una aspiraci\u00f3n a convertirse en un principio aplicado en las pol\u00edticas educativas de numerosos pa\u00edses. Adem\u00e1s de tratarte de un derecho fundamental, la educaci\u00f3n inclusiva se convirti\u00f3 en una herramienta [&hellip;]<\/p>\n","protected":false},"author":2,"featured_media":44,"comment_status":"closed","ping_status":"closed","sticky":false,"template":"","format":"standard","meta":{"nf_dc_page":"","_jetpack_memberships_contains_paid_content":false,"footnotes":""},"categories":[9],"tags":[11],"class_list":["post-42","post","type-post","status-publish","format-standard","has-post-thumbnail","hentry","category-educacion","tag-educacion-inclusiva"],"yoast_head":"<!-- This site is optimized with the Yoast SEO plugin v27.4 - https:\/\/yoast.com\/product\/yoast-seo-wordpress\/ -->\n<title>El poder transformador de la educaci\u00f3n inclusiva - EducatesPilar.com<\/title>\n<meta name=\"robots\" content=\"index, follow, max-snippet:-1, max-image-preview:large, max-video-preview:-1\" \/>\n<link rel=\"canonical\" href=\"https:\/\/educatespilar.com\/en\/el-poder-transformador-de-la-educacion-inclusiva\/\" \/>\n<meta property=\"og:locale\" content=\"en_US\" \/>\n<meta property=\"og:type\" content=\"article\" \/>\n<meta property=\"og:title\" content=\"El poder transformador de la educaci\u00f3n inclusiva - EducatesPilar.com\" \/>\n<meta property=\"og:description\" content=\"La inclusi\u00f3n en a educaci\u00f3n es una necesidad. Un punteo de c\u00f3mo se ejecuta en las aulas. El concepto de educaci\u00f3n inclusiva pas\u00f3 de ser una aspiraci\u00f3n a convertirse en un principio aplicado en las pol\u00edticas educativas de numerosos pa\u00edses. Adem\u00e1s de tratarte de un derecho fundamental, la educaci\u00f3n inclusiva se convirti\u00f3 en una herramienta [&hellip;]\" \/>\n<meta property=\"og:url\" content=\"https:\/\/educatespilar.com\/en\/el-poder-transformador-de-la-educacion-inclusiva\/\" \/>\n<meta property=\"og:site_name\" content=\"EducatesPilar.com\" \/>\n<meta property=\"article:published_time\" content=\"2025-09-02T20:10:36+00:00\" \/>\n<meta property=\"article:modified_time\" content=\"2025-11-04T17:53:44+00:00\" \/>\n<meta property=\"og:image\" content=\"https:\/\/educatespilar.com\/wp-content\/uploads\/2025\/08\/family-with-disables-person-cutout-paper-flat-lay-scaled.jpg\" \/>\n\t<meta property=\"og:image:width\" content=\"2560\" \/>\n\t<meta property=\"og:image:height\" content=\"1920\" \/>\n\t<meta property=\"og:image:type\" content=\"image\/jpeg\" \/>\n<meta name=\"author\" content=\"educates\" \/>\n<meta name=\"twitter:card\" content=\"summary_large_image\" \/>\n<meta name=\"twitter:label1\" content=\"Written by\" \/>\n\t<meta name=\"twitter:data1\" content=\"educates\" \/>\n\t<meta name=\"twitter:label2\" content=\"Est. reading time\" \/>\n\t<meta name=\"twitter:data2\" content=\"5 minutes\" \/>\n<script type=\"application\/ld+json\" class=\"yoast-schema-graph\">{\"@context\":\"https:\\\/\\\/schema.org\",\"@graph\":[{\"@type\":\"Article\",\"@id\":\"https:\\\/\\\/educatespilar.com\\\/el-poder-transformador-de-la-educacion-inclusiva\\\/#article\",\"isPartOf\":{\"@id\":\"https:\\\/\\\/educatespilar.com\\\/el-poder-transformador-de-la-educacion-inclusiva\\\/\"},\"author\":{\"name\":\"educates\",\"@id\":\"https:\\\/\\\/tzs.pgq.temporary.site\\\/website_c18d3ae6\\\/#\\\/schema\\\/person\\\/655446504db2a404e6921d90ab7c0a0f\"},\"headline\":\"El poder transformador de la educaci\u00f3n inclusiva\",\"datePublished\":\"2025-09-02T20:10:36+00:00\",\"dateModified\":\"2025-11-04T17:53:44+00:00\",\"mainEntityOfPage\":{\"@id\":\"https:\\\/\\\/educatespilar.com\\\/el-poder-transformador-de-la-educacion-inclusiva\\\/\"},\"wordCount\":940,\"image\":{\"@id\":\"https:\\\/\\\/educatespilar.com\\\/el-poder-transformador-de-la-educacion-inclusiva\\\/#primaryimage\"},\"thumbnailUrl\":\"https:\\\/\\\/i0.wp.com\\\/educatespilar.com\\\/wp-content\\\/uploads\\\/2025\\\/08\\\/family-with-disables-person-cutout-paper-flat-lay-scaled.jpg?fit=2560%2C1920&ssl=1\",\"keywords\":[\"educacion inclusiva\"],\"articleSection\":[\"Educaci\u00f3n\"],\"inLanguage\":\"en-US\"},{\"@type\":\"WebPage\",\"@id\":\"https:\\\/\\\/educatespilar.com\\\/el-poder-transformador-de-la-educacion-inclusiva\\\/\",\"url\":\"https:\\\/\\\/educatespilar.com\\\/el-poder-transformador-de-la-educacion-inclusiva\\\/\",\"name\":\"El poder transformador de la educaci\u00f3n inclusiva - EducatesPilar.com\",\"isPartOf\":{\"@id\":\"https:\\\/\\\/tzs.pgq.temporary.site\\\/website_c18d3ae6\\\/#website\"},\"primaryImageOfPage\":{\"@id\":\"https:\\\/\\\/educatespilar.com\\\/el-poder-transformador-de-la-educacion-inclusiva\\\/#primaryimage\"},\"image\":{\"@id\":\"https:\\\/\\\/educatespilar.com\\\/el-poder-transformador-de-la-educacion-inclusiva\\\/#primaryimage\"},\"thumbnailUrl\":\"https:\\\/\\\/i0.wp.com\\\/educatespilar.com\\\/wp-content\\\/uploads\\\/2025\\\/08\\\/family-with-disables-person-cutout-paper-flat-lay-scaled.jpg?fit=2560%2C1920&ssl=1\",\"datePublished\":\"2025-09-02T20:10:36+00:00\",\"dateModified\":\"2025-11-04T17:53:44+00:00\",\"author\":{\"@id\":\"https:\\\/\\\/tzs.pgq.temporary.site\\\/website_c18d3ae6\\\/#\\\/schema\\\/person\\\/655446504db2a404e6921d90ab7c0a0f\"},\"breadcrumb\":{\"@id\":\"https:\\\/\\\/educatespilar.com\\\/el-poder-transformador-de-la-educacion-inclusiva\\\/#breadcrumb\"},\"inLanguage\":\"en-US\",\"potentialAction\":[{\"@type\":\"ReadAction\",\"target\":[\"https:\\\/\\\/educatespilar.com\\\/el-poder-transformador-de-la-educacion-inclusiva\\\/\"]}]},{\"@type\":\"ImageObject\",\"inLanguage\":\"en-US\",\"@id\":\"https:\\\/\\\/educatespilar.com\\\/el-poder-transformador-de-la-educacion-inclusiva\\\/#primaryimage\",\"url\":\"https:\\\/\\\/i0.wp.com\\\/educatespilar.com\\\/wp-content\\\/uploads\\\/2025\\\/08\\\/family-with-disables-person-cutout-paper-flat-lay-scaled.jpg?fit=2560%2C1920&ssl=1\",\"contentUrl\":\"https:\\\/\\\/i0.wp.com\\\/educatespilar.com\\\/wp-content\\\/uploads\\\/2025\\\/08\\\/family-with-disables-person-cutout-paper-flat-lay-scaled.jpg?fit=2560%2C1920&ssl=1\",\"width\":2560,\"height\":1920,\"caption\":\"Representaci\u00f3n art\u00edstica de la inclusi\u00f3n y la diversidad en el entorno familiar y social.\"},{\"@type\":\"BreadcrumbList\",\"@id\":\"https:\\\/\\\/educatespilar.com\\\/el-poder-transformador-de-la-educacion-inclusiva\\\/#breadcrumb\",\"itemListElement\":[{\"@type\":\"ListItem\",\"position\":1,\"name\":\"Home\",\"item\":\"https:\\\/\\\/educatespilar.com\\\/\"},{\"@type\":\"ListItem\",\"position\":2,\"name\":\"El poder transformador de la educaci\u00f3n inclusiva\"}]},{\"@type\":\"WebSite\",\"@id\":\"https:\\\/\\\/tzs.pgq.temporary.site\\\/website_c18d3ae6\\\/#website\",\"url\":\"https:\\\/\\\/tzs.pgq.temporary.site\\\/website_c18d3ae6\\\/\",\"name\":\"EducatesPilar.com\",\"description\":\"\",\"potentialAction\":[{\"@type\":\"SearchAction\",\"target\":{\"@type\":\"EntryPoint\",\"urlTemplate\":\"https:\\\/\\\/tzs.pgq.temporary.site\\\/website_c18d3ae6\\\/?s={search_term_string}\"},\"query-input\":{\"@type\":\"PropertyValueSpecification\",\"valueRequired\":true,\"valueName\":\"search_term_string\"}}],\"inLanguage\":\"en-US\"},{\"@type\":\"Person\",\"@id\":\"https:\\\/\\\/tzs.pgq.temporary.site\\\/website_c18d3ae6\\\/#\\\/schema\\\/person\\\/655446504db2a404e6921d90ab7c0a0f\",\"name\":\"educates\",\"image\":{\"@type\":\"ImageObject\",\"inLanguage\":\"en-US\",\"@id\":\"https:\\\/\\\/secure.gravatar.com\\\/avatar\\\/f1e844324149cf607705bdc3821ac52f5613382cc275e3a009bc73539c52a819?s=96&d=mm&r=g\",\"url\":\"https:\\\/\\\/secure.gravatar.com\\\/avatar\\\/f1e844324149cf607705bdc3821ac52f5613382cc275e3a009bc73539c52a819?s=96&d=mm&r=g\",\"contentUrl\":\"https:\\\/\\\/secure.gravatar.com\\\/avatar\\\/f1e844324149cf607705bdc3821ac52f5613382cc275e3a009bc73539c52a819?s=96&d=mm&r=g\",\"caption\":\"educates\"},\"url\":\"https:\\\/\\\/educatespilar.com\\\/en\\\/author\\\/educates\\\/\"}]}<\/script>\n<!-- \/ Yoast SEO plugin. -->","yoast_head_json":{"title":"El poder transformador de la educaci\u00f3n inclusiva - EducatesPilar.com","robots":{"index":"index","follow":"follow","max-snippet":"max-snippet:-1","max-image-preview":"max-image-preview:large","max-video-preview":"max-video-preview:-1"},"canonical":"https:\/\/educatespilar.com\/en\/el-poder-transformador-de-la-educacion-inclusiva\/","og_locale":"en_US","og_type":"article","og_title":"El poder transformador de la educaci\u00f3n inclusiva - EducatesPilar.com","og_description":"La inclusi\u00f3n en a educaci\u00f3n es una necesidad. Un punteo de c\u00f3mo se ejecuta en las aulas. El concepto de educaci\u00f3n inclusiva pas\u00f3 de ser una aspiraci\u00f3n a convertirse en un principio aplicado en las pol\u00edticas educativas de numerosos pa\u00edses. Adem\u00e1s de tratarte de un derecho fundamental, la educaci\u00f3n inclusiva se convirti\u00f3 en una herramienta [&hellip;]","og_url":"https:\/\/educatespilar.com\/en\/el-poder-transformador-de-la-educacion-inclusiva\/","og_site_name":"EducatesPilar.com","article_published_time":"2025-09-02T20:10:36+00:00","article_modified_time":"2025-11-04T17:53:44+00:00","og_image":[{"width":2560,"height":1920,"url":"https:\/\/educatespilar.com\/wp-content\/uploads\/2025\/08\/family-with-disables-person-cutout-paper-flat-lay-scaled.jpg","type":"image\/jpeg"}],"author":"educates","twitter_card":"summary_large_image","twitter_misc":{"Written by":"educates","Est. reading time":"5 minutes"},"schema":{"@context":"https:\/\/schema.org","@graph":[{"@type":"Article","@id":"https:\/\/educatespilar.com\/el-poder-transformador-de-la-educacion-inclusiva\/#article","isPartOf":{"@id":"https:\/\/educatespilar.com\/el-poder-transformador-de-la-educacion-inclusiva\/"},"author":{"name":"educates","@id":"https:\/\/tzs.pgq.temporary.site\/website_c18d3ae6\/#\/schema\/person\/655446504db2a404e6921d90ab7c0a0f"},"headline":"El poder transformador de la educaci\u00f3n inclusiva","datePublished":"2025-09-02T20:10:36+00:00","dateModified":"2025-11-04T17:53:44+00:00","mainEntityOfPage":{"@id":"https:\/\/educatespilar.com\/el-poder-transformador-de-la-educacion-inclusiva\/"},"wordCount":940,"image":{"@id":"https:\/\/educatespilar.com\/el-poder-transformador-de-la-educacion-inclusiva\/#primaryimage"},"thumbnailUrl":"https:\/\/i0.wp.com\/educatespilar.com\/wp-content\/uploads\/2025\/08\/family-with-disables-person-cutout-paper-flat-lay-scaled.jpg?fit=2560%2C1920&ssl=1","keywords":["educacion inclusiva"],"articleSection":["Educaci\u00f3n"],"inLanguage":"en-US"},{"@type":"WebPage","@id":"https:\/\/educatespilar.com\/el-poder-transformador-de-la-educacion-inclusiva\/","url":"https:\/\/educatespilar.com\/el-poder-transformador-de-la-educacion-inclusiva\/","name":"El poder transformador de la educaci\u00f3n inclusiva - EducatesPilar.com","isPartOf":{"@id":"https:\/\/tzs.pgq.temporary.site\/website_c18d3ae6\/#website"},"primaryImageOfPage":{"@id":"https:\/\/educatespilar.com\/el-poder-transformador-de-la-educacion-inclusiva\/#primaryimage"},"image":{"@id":"https:\/\/educatespilar.com\/el-poder-transformador-de-la-educacion-inclusiva\/#primaryimage"},"thumbnailUrl":"https:\/\/i0.wp.com\/educatespilar.com\/wp-content\/uploads\/2025\/08\/family-with-disables-person-cutout-paper-flat-lay-scaled.jpg?fit=2560%2C1920&ssl=1","datePublished":"2025-09-02T20:10:36+00:00","dateModified":"2025-11-04T17:53:44+00:00","author":{"@id":"https:\/\/tzs.pgq.temporary.site\/website_c18d3ae6\/#\/schema\/person\/655446504db2a404e6921d90ab7c0a0f"},"breadcrumb":{"@id":"https:\/\/educatespilar.com\/el-poder-transformador-de-la-educacion-inclusiva\/#breadcrumb"},"inLanguage":"en-US","potentialAction":[{"@type":"ReadAction","target":["https:\/\/educatespilar.com\/el-poder-transformador-de-la-educacion-inclusiva\/"]}]},{"@type":"ImageObject","inLanguage":"en-US","@id":"https:\/\/educatespilar.com\/el-poder-transformador-de-la-educacion-inclusiva\/#primaryimage","url":"https:\/\/i0.wp.com\/educatespilar.com\/wp-content\/uploads\/2025\/08\/family-with-disables-person-cutout-paper-flat-lay-scaled.jpg?fit=2560%2C1920&ssl=1","contentUrl":"https:\/\/i0.wp.com\/educatespilar.com\/wp-content\/uploads\/2025\/08\/family-with-disables-person-cutout-paper-flat-lay-scaled.jpg?fit=2560%2C1920&ssl=1","width":2560,"height":1920,"caption":"Representaci\u00f3n art\u00edstica de la inclusi\u00f3n y la diversidad en el entorno familiar y social."},{"@type":"BreadcrumbList","@id":"https:\/\/educatespilar.com\/el-poder-transformador-de-la-educacion-inclusiva\/#breadcrumb","itemListElement":[{"@type":"ListItem","position":1,"name":"Home","item":"https:\/\/educatespilar.com\/"},{"@type":"ListItem","position":2,"name":"El poder transformador de la educaci\u00f3n inclusiva"}]},{"@type":"WebSite","@id":"https:\/\/tzs.pgq.temporary.site\/website_c18d3ae6\/#website","url":"https:\/\/tzs.pgq.temporary.site\/website_c18d3ae6\/","name":"EducatesPilar.com","description":"","potentialAction":[{"@type":"SearchAction","target":{"@type":"EntryPoint","urlTemplate":"https:\/\/tzs.pgq.temporary.site\/website_c18d3ae6\/?s={search_term_string}"},"query-input":{"@type":"PropertyValueSpecification","valueRequired":true,"valueName":"search_term_string"}}],"inLanguage":"en-US"},{"@type":"Person","@id":"https:\/\/tzs.pgq.temporary.site\/website_c18d3ae6\/#\/schema\/person\/655446504db2a404e6921d90ab7c0a0f","name":"educates","image":{"@type":"ImageObject","inLanguage":"en-US","@id":"https:\/\/secure.gravatar.com\/avatar\/f1e844324149cf607705bdc3821ac52f5613382cc275e3a009bc73539c52a819?s=96&d=mm&r=g","url":"https:\/\/secure.gravatar.com\/avatar\/f1e844324149cf607705bdc3821ac52f5613382cc275e3a009bc73539c52a819?s=96&d=mm&r=g","contentUrl":"https:\/\/secure.gravatar.com\/avatar\/f1e844324149cf607705bdc3821ac52f5613382cc275e3a009bc73539c52a819?s=96&d=mm&r=g","caption":"educates"},"url":"https:\/\/educatespilar.com\/en\/author\/educates\/"}]}},"jetpack_featured_media_url":"https:\/\/i0.wp.com\/educatespilar.com\/wp-content\/uploads\/2025\/08\/family-with-disables-person-cutout-paper-flat-lay-scaled.jpg?fit=2560%2C1920&ssl=1","jetpack_sharing_enabled":true,"_links":{"self":[{"href":"https:\/\/educatespilar.com\/en\/wp-json\/wp\/v2\/posts\/42","targetHints":{"allow":["GET"]}}],"collection":[{"href":"https:\/\/educatespilar.com\/en\/wp-json\/wp\/v2\/posts"}],"about":[{"href":"https:\/\/educatespilar.com\/en\/wp-json\/wp\/v2\/types\/post"}],"author":[{"embeddable":true,"href":"https:\/\/educatespilar.com\/en\/wp-json\/wp\/v2\/users\/2"}],"replies":[{"embeddable":true,"href":"https:\/\/educatespilar.com\/en\/wp-json\/wp\/v2\/comments?post=42"}],"version-history":[{"count":1,"href":"https:\/\/educatespilar.com\/en\/wp-json\/wp\/v2\/posts\/42\/revisions"}],"predecessor-version":[{"id":47,"href":"https:\/\/educatespilar.com\/en\/wp-json\/wp\/v2\/posts\/42\/revisions\/47"}],"wp:featuredmedia":[{"embeddable":true,"href":"https:\/\/educatespilar.com\/en\/wp-json\/wp\/v2\/media\/44"}],"wp:attachment":[{"href":"https:\/\/educatespilar.com\/en\/wp-json\/wp\/v2\/media?parent=42"}],"wp:term":[{"taxonomy":"category","embeddable":true,"href":"https:\/\/educatespilar.com\/en\/wp-json\/wp\/v2\/categories?post=42"},{"taxonomy":"post_tag","embeddable":true,"href":"https:\/\/educatespilar.com\/en\/wp-json\/wp\/v2\/tags?post=42"}],"curies":[{"name":"wp","href":"https:\/\/api.w.org\/{rel}","templated":true}]}}