{"id":405,"date":"2026-02-26T06:47:19","date_gmt":"2026-02-26T06:47:19","guid":{"rendered":"https:\/\/educatespilar.com\/?p=405"},"modified":"2026-02-26T14:53:31","modified_gmt":"2026-02-26T14:53:31","slug":"los-contenidos-de-la-educacion-intelectual","status":"publish","type":"post","link":"https:\/\/educatespilar.com\/en\/los-contenidos-de-la-educacion-intelectual\/","title":{"rendered":"Los Contenidos de la Educaci\u00f3n Intelectual"},"content":{"rendered":"<p><img data-recalc-dims=\"1\" decoding=\"async\" loading=\"lazy\" class=\"alignnone size-medium wp-image-406\" src=\"https:\/\/i0.wp.com\/educatespilar.com\/wp-content\/uploads\/2026\/02\/education-concept-student-studying-brainstorming-campus-concept-close-up-students-discussing-their-subject-books-textbooks-selective-focus-1.jpg?resize=300%2C200&#038;ssl=1\" alt=\"\" width=\"300\" height=\"200\" srcset=\"https:\/\/i0.wp.com\/educatespilar.com\/wp-content\/uploads\/2026\/02\/education-concept-student-studying-brainstorming-campus-concept-close-up-students-discussing-their-subject-books-textbooks-selective-focus-1-scaled.jpg?resize=300%2C200&amp;ssl=1 300w, https:\/\/i0.wp.com\/educatespilar.com\/wp-content\/uploads\/2026\/02\/education-concept-student-studying-brainstorming-campus-concept-close-up-students-discussing-their-subject-books-textbooks-selective-focus-1-scaled.jpg?resize=1024%2C683&amp;ssl=1 1024w, https:\/\/i0.wp.com\/educatespilar.com\/wp-content\/uploads\/2026\/02\/education-concept-student-studying-brainstorming-campus-concept-close-up-students-discussing-their-subject-books-textbooks-selective-focus-1-scaled.jpg?resize=768%2C512&amp;ssl=1 768w, https:\/\/i0.wp.com\/educatespilar.com\/wp-content\/uploads\/2026\/02\/education-concept-student-studying-brainstorming-campus-concept-close-up-students-discussing-their-subject-books-textbooks-selective-focus-1-scaled.jpg?resize=1536%2C1024&amp;ssl=1 1536w, https:\/\/i0.wp.com\/educatespilar.com\/wp-content\/uploads\/2026\/02\/education-concept-student-studying-brainstorming-campus-concept-close-up-students-discussing-their-subject-books-textbooks-selective-focus-1-scaled.jpg?resize=2048%2C1365&amp;ssl=1 2048w, https:\/\/i0.wp.com\/educatespilar.com\/wp-content\/uploads\/2026\/02\/education-concept-student-studying-brainstorming-campus-concept-close-up-students-discussing-their-subject-books-textbooks-selective-focus-1-scaled.jpg?resize=18%2C12&amp;ssl=1 18w, https:\/\/i0.wp.com\/educatespilar.com\/wp-content\/uploads\/2026\/02\/education-concept-student-studying-brainstorming-campus-concept-close-up-students-discussing-their-subject-books-textbooks-selective-focus-1-scaled.jpg?resize=600%2C400&amp;ssl=1 600w\" sizes=\"auto, (max-width: 300px) 100vw, 300px\" \/><\/p>\n<p><span style=\"font-weight: 400;\">Frente a la cantidad de contenidos educativos se afirma, en la actualidad, la necesidad de depurarlos y de seleccionarlos bas\u00e1ndose en un estricto criterio pedag\u00f3gico. Seg\u00fan Arno Schmieder, pedagogo alem\u00e1n contempor\u00e1neo, la selecci\u00f3n debe responder a tres principios: \u201cprincipio material\u201d, que obliga a considerar su valor propio, que determinar\u00e1 que merezcan o no ser asimilados; \u201cprincipio de la personalidad\u201d, que obliga a elegirlos de acuerdo con la influencia que tengan en el fomento de la personalidad, y \u201cprincipio del trabajo\u201d, que incita a preferir aquellas materias que conduzcan al educando a crear o trabajar para la comunidad. Otros pedagogos opinan que la selecci\u00f3n de los contenidos de la educaci\u00f3n intelectual debe hacerse atendiendo principalmente al educando y, por eso, como signo revelador del valor del contenido, se\u00f1alan el inter\u00e9s que despierte en el mismo.<\/span><\/p>\n<p><span style=\"font-weight: 400;\">En t\u00e9rminos generales, al abordar el problema de los contenidos de la educaci\u00f3n intelectual encontramos dos posiciones opuestas: los que defienden un contenido cient\u00edfico natural y los que afirman la necesidad de un contenido humanista.<\/span><\/p>\n<p><span style=\"font-weight: 400;\">En la primera posici\u00f3n hallamos a los que sostienen el gran poder formativo propio de las ciencias cuyo valor es innegable en la cultura moderna, pues son la base de la t\u00e9cnica. Pero es indudable que su valor no es igual al de las humanidades, pues brindan el estudio de realidades alejadas del hombre o el estudio del hombre fue plantea dos cuestiones. Primera: <\/span><i><span style=\"font-weight: 400;\">distribuci\u00f3n<\/span><\/i><span style=\"font-weight: 400;\"> del <\/span><i><span style=\"font-weight: 400;\">contenido en s\u00ed mismo, <\/span><\/i><span style=\"font-weight: 400;\">o<\/span><i><span style=\"font-weight: 400;\"> sea, <\/span><\/i><span style=\"font-weight: 400;\">el<\/span> <span style=\"font-weight: 400;\">orden<\/span> <span style=\"font-weight: 400;\">en<\/span> <span style=\"font-weight: 400;\">que deben ense\u00f1arse las asignaturas y sus partes integrantes.<\/span> <span style=\"font-weight: 400;\">Segunda<\/span><i><span style=\"font-weight: 400;\">: distribuci\u00f3n relativa de los<\/span><\/i> <i><span style=\"font-weight: 400;\">contenidos, es<\/span><\/i><span style=\"font-weight: 400;\"> decir, c\u00f3mo, cu\u00e1ndo y de qu\u00e9 manera deben ser coordinadas las distintas materias. La primera cuesti\u00f3n distribuci\u00f3n del contenido en s\u00ed mismo obliga a tener en cuenta tres principios.<\/span><i><span style=\"font-weight: 400;\"> Principio de la graduaci\u00f3n: <\/span><\/i><span style=\"font-weight: 400;\">considerar que las facultades del alumno se vigorizan lentamente y sus intereses se ampl\u00edan de manera paulatina.<\/span><i><span style=\"font-weight: 400;\"> Principio de las situaciones culturales: <\/span><\/i><span style=\"font-weight: 400;\">en un medio de cultura incipiente la gradaci\u00f3n que es posible dar a un contenido es menor, por lo cual, de su ambiente espec\u00edfico, que es la cultura. En efecto, el hombre no vive primordialmente en la naturaleza: vive en un mundo espiritual e hist\u00f3rico. Por eso, para \u00e9l, el hombre y la sociedad son m\u00e1s importantes que la naturaleza. La segunda posici\u00f3n, por ello, defiende el estudio del hombre en lo que no tiene de com\u00fan con los dem\u00e1s seres vivos y afirma que, para cultivar lo espec\u00edfico del ser humano y desarrollar su conocimiento, son m\u00e1s \u00fatiles las humanidades que las ciencias. En esta posici\u00f3n encontramos dos variantes. Por un lado, los que defienden un humanismo cl\u00e1sico, en el que predomina un criterio est\u00e9tico literario, mediante una educaci\u00f3n intelectual basada en la ense\u00f1anza del lat\u00edn y del griego; por otro lado, el humanismo moderno, que acent\u00faa el valor de las ciencias hist\u00f3ricas y literarias. Con la selecci\u00f3n de los contenidos educativos Con la selecci\u00f3n de los contenidos educativos no est\u00e1 resuelto, sin embargo, el problema pedag\u00f3gico que plantea la educaci\u00f3n intelectual. Es preciso considerar el problema que surge de la <\/span><i><span style=\"font-weight: 400;\">distribuci\u00f3n de los contenidos, <\/span><\/i><span style=\"font-weight: 400;\">problema<\/span> <span style=\"font-weight: 400;\">que com\u00fan, que la que puede d\u00e1rsele en un medio de cultura<\/span> <span style=\"font-weight: 400;\">ya<\/span> <span style=\"font-weight: 400;\">hecha.<\/span><i><span style=\"font-weight: 400;\"> Principio de las necesidades espec\u00edficas<\/span><\/i> <i><span style=\"font-weight: 400;\">de<\/span><\/i> <i><span style=\"font-weight: 400;\">un<\/span><\/i> <i><span style=\"font-weight: 400;\">pa\u00eds<\/span><\/i><span style=\"font-weight: 400;\">: puede requerir que la gradaci\u00f3n del contenido facilite determinada formaci\u00f3n en cada etapa de la ense\u00f1anza.<\/span><\/p>\n<p><span style=\"font-weight: 400;\">La segunda cuesti\u00f3n distribuci\u00f3n relativa de los contenidos de la educaci\u00f3n intelectual es tambi\u00e9n de dif\u00edcil soluci\u00f3n, porque obliga a considerar la correlaci\u00f3n de los contenidos entre si y la estructuraci\u00f3n de los mismos, a fin de aprovechar unos en servicio de otros. Para resolver los problemas que plantea esta segunda cuesti\u00f3n, es imprescindible tener en cuenta el factor tiempo, que a veces obliga a colocar un contenido sin la base que pod\u00eda haberle dado otro: debido a ello, dichos contenidos aparecen, en algunas ocasiones, en un orden que l\u00f3gicamente no deber\u00edan tener. La distribuci\u00f3n de los contenidos de la educaci\u00f3n intelectual se efect\u00faa, en primer lugar, en el plan de estudios y, en segundo t\u00e9rmino, en les programas. Es cierto que la verdad no tiene fronteras y que las t\u00e9cnicas son semejantes en todas partes. Pero, as\u00ed como no puede darse un plan de estudios \u00fanico para todos los pa\u00edses, tampoco puede haber programas \u00fanicos. Los contenidos de la educaci\u00f3n intelectual dependen, en \u00faltima instancia, de lo que cada pueblo o sociedad considera como necesidad esencial. Planes de estudios y programas han de ser, finalmente, org\u00e1nicos y funcionales. Org\u00e1nicos, porque deben enlazar de un modo natural y m\u00faltiple temas concretos y evitar toda dispersi\u00f3n, para lograr un efecto total. Funcionales, porque las materias, m\u00e1s que en signos de erudici\u00f3n e informaci\u00f3n, deben convertirse en medios eficientes de comportamiento en la vida real del alumno. S\u00f3lo as\u00ed la educaci\u00f3n intelectual puede cumplir su misi\u00f3n de contribuir a la formaci\u00f3n de la personalidad del educando.<\/span><\/p>\n<p>&nbsp;<\/p>","protected":false},"excerpt":{"rendered":"<p>Frente a la cantidad de contenidos educativos se afirma, en la actualidad, la necesidad de depurarlos y de seleccionarlos bas\u00e1ndose en un estricto criterio pedag\u00f3gico. Seg\u00fan Arno Schmieder, pedagogo alem\u00e1n contempor\u00e1neo, la selecci\u00f3n debe responder a tres principios: \u201cprincipio material\u201d, que obliga a considerar su valor propio, que determinar\u00e1 que merezcan o no ser asimilados; [&hellip;]<\/p>\n","protected":false},"author":2,"featured_media":406,"comment_status":"closed","ping_status":"closed","sticky":false,"template":"","format":"standard","meta":{"nf_dc_page":"","_jetpack_memberships_contains_paid_content":false,"footnotes":""},"categories":[9],"tags":[129,76],"class_list":["post-405","post","type-post","status-publish","format-standard","has-post-thumbnail","hentry","category-educacion","tag-contenido","tag-educacion-intelectual"],"yoast_head":"<!-- This site is optimized with the Yoast SEO plugin v27.4 - https:\/\/yoast.com\/product\/yoast-seo-wordpress\/ -->\n<title>Los Contenidos de la Educaci\u00f3n Intelectual - EducatesPilar.com<\/title>\n<meta name=\"robots\" content=\"index, follow, max-snippet:-1, max-image-preview:large, max-video-preview:-1\" \/>\n<link rel=\"canonical\" href=\"https:\/\/educatespilar.com\/en\/los-contenidos-de-la-educacion-intelectual\/\" \/>\n<meta property=\"og:locale\" content=\"en_US\" \/>\n<meta property=\"og:type\" content=\"article\" \/>\n<meta property=\"og:title\" content=\"Los Contenidos de la Educaci\u00f3n Intelectual - EducatesPilar.com\" \/>\n<meta property=\"og:description\" content=\"Frente a la cantidad de contenidos educativos se afirma, en la actualidad, la necesidad de depurarlos y de seleccionarlos bas\u00e1ndose en un estricto criterio pedag\u00f3gico. Seg\u00fan Arno Schmieder, pedagogo alem\u00e1n contempor\u00e1neo, la selecci\u00f3n debe responder a tres principios: \u201cprincipio material\u201d, que obliga a considerar su valor propio, que determinar\u00e1 que merezcan o no ser asimilados; [&hellip;]\" \/>\n<meta property=\"og:url\" content=\"https:\/\/educatespilar.com\/en\/los-contenidos-de-la-educacion-intelectual\/\" \/>\n<meta property=\"og:site_name\" content=\"EducatesPilar.com\" \/>\n<meta property=\"article:published_time\" content=\"2026-02-26T06:47:19+00:00\" \/>\n<meta property=\"article:modified_time\" content=\"2026-02-26T14:53:31+00:00\" \/>\n<meta property=\"og:image\" content=\"https:\/\/educatespilar.com\/wp-content\/uploads\/2026\/02\/education-concept-student-studying-brainstorming-campus-concept-close-up-students-discussing-their-subject-books-textbooks-selective-focus-1-scaled.jpg\" \/>\n\t<meta property=\"og:image:width\" content=\"2560\" \/>\n\t<meta property=\"og:image:height\" content=\"1707\" \/>\n\t<meta property=\"og:image:type\" content=\"image\/jpeg\" \/>\n<meta name=\"author\" content=\"educates\" \/>\n<meta name=\"twitter:card\" content=\"summary_large_image\" \/>\n<meta name=\"twitter:label1\" content=\"Written by\" \/>\n\t<meta name=\"twitter:data1\" content=\"educates\" \/>\n\t<meta name=\"twitter:label2\" content=\"Est. reading time\" \/>\n\t<meta name=\"twitter:data2\" content=\"4 minutes\" \/>\n<script type=\"application\/ld+json\" class=\"yoast-schema-graph\">{\"@context\":\"https:\\\/\\\/schema.org\",\"@graph\":[{\"@type\":\"Article\",\"@id\":\"https:\\\/\\\/educatespilar.com\\\/los-contenidos-de-la-educacion-intelectual\\\/#article\",\"isPartOf\":{\"@id\":\"https:\\\/\\\/educatespilar.com\\\/los-contenidos-de-la-educacion-intelectual\\\/\"},\"author\":{\"name\":\"educates\",\"@id\":\"https:\\\/\\\/tzs.pgq.temporary.site\\\/website_c18d3ae6\\\/#\\\/schema\\\/person\\\/655446504db2a404e6921d90ab7c0a0f\"},\"headline\":\"Los Contenidos de la Educaci\u00f3n Intelectual\",\"datePublished\":\"2026-02-26T06:47:19+00:00\",\"dateModified\":\"2026-02-26T14:53:31+00:00\",\"mainEntityOfPage\":{\"@id\":\"https:\\\/\\\/educatespilar.com\\\/los-contenidos-de-la-educacion-intelectual\\\/\"},\"wordCount\":895,\"image\":{\"@id\":\"https:\\\/\\\/educatespilar.com\\\/los-contenidos-de-la-educacion-intelectual\\\/#primaryimage\"},\"thumbnailUrl\":\"https:\\\/\\\/i0.wp.com\\\/educatespilar.com\\\/wp-content\\\/uploads\\\/2026\\\/02\\\/education-concept-student-studying-brainstorming-campus-concept-close-up-students-discussing-their-subject-books-textbooks-selective-focus-1-scaled.jpg?fit=2560%2C1707&ssl=1\",\"keywords\":[\"contenido\",\"educacion intelectual\"],\"articleSection\":[\"Educaci\u00f3n\"],\"inLanguage\":\"en-US\"},{\"@type\":\"WebPage\",\"@id\":\"https:\\\/\\\/educatespilar.com\\\/los-contenidos-de-la-educacion-intelectual\\\/\",\"url\":\"https:\\\/\\\/educatespilar.com\\\/los-contenidos-de-la-educacion-intelectual\\\/\",\"name\":\"Los Contenidos de la Educaci\u00f3n Intelectual - EducatesPilar.com\",\"isPartOf\":{\"@id\":\"https:\\\/\\\/tzs.pgq.temporary.site\\\/website_c18d3ae6\\\/#website\"},\"primaryImageOfPage\":{\"@id\":\"https:\\\/\\\/educatespilar.com\\\/los-contenidos-de-la-educacion-intelectual\\\/#primaryimage\"},\"image\":{\"@id\":\"https:\\\/\\\/educatespilar.com\\\/los-contenidos-de-la-educacion-intelectual\\\/#primaryimage\"},\"thumbnailUrl\":\"https:\\\/\\\/i0.wp.com\\\/educatespilar.com\\\/wp-content\\\/uploads\\\/2026\\\/02\\\/education-concept-student-studying-brainstorming-campus-concept-close-up-students-discussing-their-subject-books-textbooks-selective-focus-1-scaled.jpg?fit=2560%2C1707&ssl=1\",\"datePublished\":\"2026-02-26T06:47:19+00:00\",\"dateModified\":\"2026-02-26T14:53:31+00:00\",\"author\":{\"@id\":\"https:\\\/\\\/tzs.pgq.temporary.site\\\/website_c18d3ae6\\\/#\\\/schema\\\/person\\\/655446504db2a404e6921d90ab7c0a0f\"},\"breadcrumb\":{\"@id\":\"https:\\\/\\\/educatespilar.com\\\/los-contenidos-de-la-educacion-intelectual\\\/#breadcrumb\"},\"inLanguage\":\"en-US\",\"potentialAction\":[{\"@type\":\"ReadAction\",\"target\":[\"https:\\\/\\\/educatespilar.com\\\/los-contenidos-de-la-educacion-intelectual\\\/\"]}]},{\"@type\":\"ImageObject\",\"inLanguage\":\"en-US\",\"@id\":\"https:\\\/\\\/educatespilar.com\\\/los-contenidos-de-la-educacion-intelectual\\\/#primaryimage\",\"url\":\"https:\\\/\\\/i0.wp.com\\\/educatespilar.com\\\/wp-content\\\/uploads\\\/2026\\\/02\\\/education-concept-student-studying-brainstorming-campus-concept-close-up-students-discussing-their-subject-books-textbooks-selective-focus-1-scaled.jpg?fit=2560%2C1707&ssl=1\",\"contentUrl\":\"https:\\\/\\\/i0.wp.com\\\/educatespilar.com\\\/wp-content\\\/uploads\\\/2026\\\/02\\\/education-concept-student-studying-brainstorming-campus-concept-close-up-students-discussing-their-subject-books-textbooks-selective-focus-1-scaled.jpg?fit=2560%2C1707&ssl=1\",\"width\":2560,\"height\":1707},{\"@type\":\"BreadcrumbList\",\"@id\":\"https:\\\/\\\/educatespilar.com\\\/los-contenidos-de-la-educacion-intelectual\\\/#breadcrumb\",\"itemListElement\":[{\"@type\":\"ListItem\",\"position\":1,\"name\":\"Home\",\"item\":\"https:\\\/\\\/educatespilar.com\\\/\"},{\"@type\":\"ListItem\",\"position\":2,\"name\":\"Los Contenidos de la Educaci\u00f3n Intelectual\"}]},{\"@type\":\"WebSite\",\"@id\":\"https:\\\/\\\/tzs.pgq.temporary.site\\\/website_c18d3ae6\\\/#website\",\"url\":\"https:\\\/\\\/tzs.pgq.temporary.site\\\/website_c18d3ae6\\\/\",\"name\":\"EducatesPilar.com\",\"description\":\"\",\"potentialAction\":[{\"@type\":\"SearchAction\",\"target\":{\"@type\":\"EntryPoint\",\"urlTemplate\":\"https:\\\/\\\/tzs.pgq.temporary.site\\\/website_c18d3ae6\\\/?s={search_term_string}\"},\"query-input\":{\"@type\":\"PropertyValueSpecification\",\"valueRequired\":true,\"valueName\":\"search_term_string\"}}],\"inLanguage\":\"en-US\"},{\"@type\":\"Person\",\"@id\":\"https:\\\/\\\/tzs.pgq.temporary.site\\\/website_c18d3ae6\\\/#\\\/schema\\\/person\\\/655446504db2a404e6921d90ab7c0a0f\",\"name\":\"educates\",\"image\":{\"@type\":\"ImageObject\",\"inLanguage\":\"en-US\",\"@id\":\"https:\\\/\\\/secure.gravatar.com\\\/avatar\\\/f1e844324149cf607705bdc3821ac52f5613382cc275e3a009bc73539c52a819?s=96&d=mm&r=g\",\"url\":\"https:\\\/\\\/secure.gravatar.com\\\/avatar\\\/f1e844324149cf607705bdc3821ac52f5613382cc275e3a009bc73539c52a819?s=96&d=mm&r=g\",\"contentUrl\":\"https:\\\/\\\/secure.gravatar.com\\\/avatar\\\/f1e844324149cf607705bdc3821ac52f5613382cc275e3a009bc73539c52a819?s=96&d=mm&r=g\",\"caption\":\"educates\"},\"url\":\"https:\\\/\\\/educatespilar.com\\\/en\\\/author\\\/educates\\\/\"}]}<\/script>\n<!-- \/ Yoast SEO plugin. -->","yoast_head_json":{"title":"Los Contenidos de la Educaci\u00f3n Intelectual - EducatesPilar.com","robots":{"index":"index","follow":"follow","max-snippet":"max-snippet:-1","max-image-preview":"max-image-preview:large","max-video-preview":"max-video-preview:-1"},"canonical":"https:\/\/educatespilar.com\/en\/los-contenidos-de-la-educacion-intelectual\/","og_locale":"en_US","og_type":"article","og_title":"Los Contenidos de la Educaci\u00f3n Intelectual - EducatesPilar.com","og_description":"Frente a la cantidad de contenidos educativos se afirma, en la actualidad, la necesidad de depurarlos y de seleccionarlos bas\u00e1ndose en un estricto criterio pedag\u00f3gico. Seg\u00fan Arno Schmieder, pedagogo alem\u00e1n contempor\u00e1neo, la selecci\u00f3n debe responder a tres principios: \u201cprincipio material\u201d, que obliga a considerar su valor propio, que determinar\u00e1 que merezcan o no ser asimilados; [&hellip;]","og_url":"https:\/\/educatespilar.com\/en\/los-contenidos-de-la-educacion-intelectual\/","og_site_name":"EducatesPilar.com","article_published_time":"2026-02-26T06:47:19+00:00","article_modified_time":"2026-02-26T14:53:31+00:00","og_image":[{"width":2560,"height":1707,"url":"https:\/\/educatespilar.com\/wp-content\/uploads\/2026\/02\/education-concept-student-studying-brainstorming-campus-concept-close-up-students-discussing-their-subject-books-textbooks-selective-focus-1-scaled.jpg","type":"image\/jpeg"}],"author":"educates","twitter_card":"summary_large_image","twitter_misc":{"Written by":"educates","Est. reading time":"4 minutes"},"schema":{"@context":"https:\/\/schema.org","@graph":[{"@type":"Article","@id":"https:\/\/educatespilar.com\/los-contenidos-de-la-educacion-intelectual\/#article","isPartOf":{"@id":"https:\/\/educatespilar.com\/los-contenidos-de-la-educacion-intelectual\/"},"author":{"name":"educates","@id":"https:\/\/tzs.pgq.temporary.site\/website_c18d3ae6\/#\/schema\/person\/655446504db2a404e6921d90ab7c0a0f"},"headline":"Los Contenidos de la Educaci\u00f3n Intelectual","datePublished":"2026-02-26T06:47:19+00:00","dateModified":"2026-02-26T14:53:31+00:00","mainEntityOfPage":{"@id":"https:\/\/educatespilar.com\/los-contenidos-de-la-educacion-intelectual\/"},"wordCount":895,"image":{"@id":"https:\/\/educatespilar.com\/los-contenidos-de-la-educacion-intelectual\/#primaryimage"},"thumbnailUrl":"https:\/\/i0.wp.com\/educatespilar.com\/wp-content\/uploads\/2026\/02\/education-concept-student-studying-brainstorming-campus-concept-close-up-students-discussing-their-subject-books-textbooks-selective-focus-1-scaled.jpg?fit=2560%2C1707&ssl=1","keywords":["contenido","educacion intelectual"],"articleSection":["Educaci\u00f3n"],"inLanguage":"en-US"},{"@type":"WebPage","@id":"https:\/\/educatespilar.com\/los-contenidos-de-la-educacion-intelectual\/","url":"https:\/\/educatespilar.com\/los-contenidos-de-la-educacion-intelectual\/","name":"Los Contenidos de la Educaci\u00f3n Intelectual - EducatesPilar.com","isPartOf":{"@id":"https:\/\/tzs.pgq.temporary.site\/website_c18d3ae6\/#website"},"primaryImageOfPage":{"@id":"https:\/\/educatespilar.com\/los-contenidos-de-la-educacion-intelectual\/#primaryimage"},"image":{"@id":"https:\/\/educatespilar.com\/los-contenidos-de-la-educacion-intelectual\/#primaryimage"},"thumbnailUrl":"https:\/\/i0.wp.com\/educatespilar.com\/wp-content\/uploads\/2026\/02\/education-concept-student-studying-brainstorming-campus-concept-close-up-students-discussing-their-subject-books-textbooks-selective-focus-1-scaled.jpg?fit=2560%2C1707&ssl=1","datePublished":"2026-02-26T06:47:19+00:00","dateModified":"2026-02-26T14:53:31+00:00","author":{"@id":"https:\/\/tzs.pgq.temporary.site\/website_c18d3ae6\/#\/schema\/person\/655446504db2a404e6921d90ab7c0a0f"},"breadcrumb":{"@id":"https:\/\/educatespilar.com\/los-contenidos-de-la-educacion-intelectual\/#breadcrumb"},"inLanguage":"en-US","potentialAction":[{"@type":"ReadAction","target":["https:\/\/educatespilar.com\/los-contenidos-de-la-educacion-intelectual\/"]}]},{"@type":"ImageObject","inLanguage":"en-US","@id":"https:\/\/educatespilar.com\/los-contenidos-de-la-educacion-intelectual\/#primaryimage","url":"https:\/\/i0.wp.com\/educatespilar.com\/wp-content\/uploads\/2026\/02\/education-concept-student-studying-brainstorming-campus-concept-close-up-students-discussing-their-subject-books-textbooks-selective-focus-1-scaled.jpg?fit=2560%2C1707&ssl=1","contentUrl":"https:\/\/i0.wp.com\/educatespilar.com\/wp-content\/uploads\/2026\/02\/education-concept-student-studying-brainstorming-campus-concept-close-up-students-discussing-their-subject-books-textbooks-selective-focus-1-scaled.jpg?fit=2560%2C1707&ssl=1","width":2560,"height":1707},{"@type":"BreadcrumbList","@id":"https:\/\/educatespilar.com\/los-contenidos-de-la-educacion-intelectual\/#breadcrumb","itemListElement":[{"@type":"ListItem","position":1,"name":"Home","item":"https:\/\/educatespilar.com\/"},{"@type":"ListItem","position":2,"name":"Los Contenidos de la Educaci\u00f3n Intelectual"}]},{"@type":"WebSite","@id":"https:\/\/tzs.pgq.temporary.site\/website_c18d3ae6\/#website","url":"https:\/\/tzs.pgq.temporary.site\/website_c18d3ae6\/","name":"EducatesPilar.com","description":"","potentialAction":[{"@type":"SearchAction","target":{"@type":"EntryPoint","urlTemplate":"https:\/\/tzs.pgq.temporary.site\/website_c18d3ae6\/?s={search_term_string}"},"query-input":{"@type":"PropertyValueSpecification","valueRequired":true,"valueName":"search_term_string"}}],"inLanguage":"en-US"},{"@type":"Person","@id":"https:\/\/tzs.pgq.temporary.site\/website_c18d3ae6\/#\/schema\/person\/655446504db2a404e6921d90ab7c0a0f","name":"educates","image":{"@type":"ImageObject","inLanguage":"en-US","@id":"https:\/\/secure.gravatar.com\/avatar\/f1e844324149cf607705bdc3821ac52f5613382cc275e3a009bc73539c52a819?s=96&d=mm&r=g","url":"https:\/\/secure.gravatar.com\/avatar\/f1e844324149cf607705bdc3821ac52f5613382cc275e3a009bc73539c52a819?s=96&d=mm&r=g","contentUrl":"https:\/\/secure.gravatar.com\/avatar\/f1e844324149cf607705bdc3821ac52f5613382cc275e3a009bc73539c52a819?s=96&d=mm&r=g","caption":"educates"},"url":"https:\/\/educatespilar.com\/en\/author\/educates\/"}]}},"jetpack_featured_media_url":"https:\/\/i0.wp.com\/educatespilar.com\/wp-content\/uploads\/2026\/02\/education-concept-student-studying-brainstorming-campus-concept-close-up-students-discussing-their-subject-books-textbooks-selective-focus-1-scaled.jpg?fit=2560%2C1707&ssl=1","jetpack_sharing_enabled":true,"_links":{"self":[{"href":"https:\/\/educatespilar.com\/en\/wp-json\/wp\/v2\/posts\/405","targetHints":{"allow":["GET"]}}],"collection":[{"href":"https:\/\/educatespilar.com\/en\/wp-json\/wp\/v2\/posts"}],"about":[{"href":"https:\/\/educatespilar.com\/en\/wp-json\/wp\/v2\/types\/post"}],"author":[{"embeddable":true,"href":"https:\/\/educatespilar.com\/en\/wp-json\/wp\/v2\/users\/2"}],"replies":[{"embeddable":true,"href":"https:\/\/educatespilar.com\/en\/wp-json\/wp\/v2\/comments?post=405"}],"version-history":[{"count":1,"href":"https:\/\/educatespilar.com\/en\/wp-json\/wp\/v2\/posts\/405\/revisions"}],"predecessor-version":[{"id":407,"href":"https:\/\/educatespilar.com\/en\/wp-json\/wp\/v2\/posts\/405\/revisions\/407"}],"wp:featuredmedia":[{"embeddable":true,"href":"https:\/\/educatespilar.com\/en\/wp-json\/wp\/v2\/media\/406"}],"wp:attachment":[{"href":"https:\/\/educatespilar.com\/en\/wp-json\/wp\/v2\/media?parent=405"}],"wp:term":[{"taxonomy":"category","embeddable":true,"href":"https:\/\/educatespilar.com\/en\/wp-json\/wp\/v2\/categories?post=405"},{"taxonomy":"post_tag","embeddable":true,"href":"https:\/\/educatespilar.com\/en\/wp-json\/wp\/v2\/tags?post=405"}],"curies":[{"name":"wp","href":"https:\/\/api.w.org\/{rel}","templated":true}]}}