{"id":372,"date":"2026-02-10T07:12:30","date_gmt":"2026-02-10T07:12:30","guid":{"rendered":"https:\/\/educatespilar.com\/?p=372"},"modified":"2026-02-12T12:56:20","modified_gmt":"2026-02-12T12:56:20","slug":"la-educacion-totalmente-constituida","status":"publish","type":"post","link":"https:\/\/educatespilar.com\/en\/la-educacion-totalmente-constituida\/","title":{"rendered":"La educaci\u00f3n totalmente constituida"},"content":{"rendered":"<p><img data-recalc-dims=\"1\" decoding=\"async\" loading=\"lazy\" class=\"alignnone size-medium wp-image-373\" src=\"https:\/\/i0.wp.com\/educatespilar.com\/wp-content\/uploads\/2026\/02\/unrecognizable-girl-holding-book-pile.jpg?resize=300%2C229&#038;ssl=1\" alt=\"\" width=\"300\" height=\"229\" srcset=\"https:\/\/i0.wp.com\/educatespilar.com\/wp-content\/uploads\/2026\/02\/unrecognizable-girl-holding-book-pile-scaled.jpg?resize=300%2C229&amp;ssl=1 300w, https:\/\/i0.wp.com\/educatespilar.com\/wp-content\/uploads\/2026\/02\/unrecognizable-girl-holding-book-pile-scaled.jpg?resize=1024%2C782&amp;ssl=1 1024w, https:\/\/i0.wp.com\/educatespilar.com\/wp-content\/uploads\/2026\/02\/unrecognizable-girl-holding-book-pile-scaled.jpg?resize=768%2C586&amp;ssl=1 768w, https:\/\/i0.wp.com\/educatespilar.com\/wp-content\/uploads\/2026\/02\/unrecognizable-girl-holding-book-pile-scaled.jpg?resize=1536%2C1173&amp;ssl=1 1536w, https:\/\/i0.wp.com\/educatespilar.com\/wp-content\/uploads\/2026\/02\/unrecognizable-girl-holding-book-pile-scaled.jpg?resize=2048%2C1563&amp;ssl=1 2048w, https:\/\/i0.wp.com\/educatespilar.com\/wp-content\/uploads\/2026\/02\/unrecognizable-girl-holding-book-pile-scaled.jpg?resize=16%2C12&amp;ssl=1 16w, https:\/\/i0.wp.com\/educatespilar.com\/wp-content\/uploads\/2026\/02\/unrecognizable-girl-holding-book-pile-scaled.jpg?resize=600%2C458&amp;ssl=1 600w\" sizes=\"auto, (max-width: 300px) 100vw, 300px\" \/><\/p>\n<p><span style=\"font-weight: 400;\">En el hombre, las aptitudes de plenas para poder encarnarse, de alg\u00fan modo, en nuestros tejidos y materializarse bajo la forma de predisposiciones org\u00e1nicas. \u00bfSin embargo, se dir\u00e1, si en efecto se puede concebir que las cualidades propiamente morales, porque imponen privaciones al individuo, y porque inhiben sus movimientos naturales, no pueden ser suscitadas en nosotros sino bajo una acci\u00f3n venida de fuera, uno hay otras que todo hombre est\u00e1 interesado en adquirir y busca espont\u00e1neamente? Tales son las diversas cualidades de la inteligencia que le permiten ajustar mejor su conducta a la naturaleza de las cosas. Tales son tambi\u00e9n las cualidades f\u00edsicas, y todo lo que contribuye a la salud y al vigor del organismo. Para aqu\u00e9llas, al menos, parece que la educaci\u00f3n, al desarrollarlas, no hace m\u00e1s que adelantarse al propio desarrollo de la naturaleza, llevando al individuo a un estado de perfecci\u00f3n relativa hacia el cual tiende por s\u00ed mismo, si bien puede alcanzarlo m\u00e1s r\u00e1pidamente gracias a la ayuda de la sociedad.<\/span><\/p>\n<p><span style=\"font-weight: 400;\">Pero lo que demuestra bien, pese a las apariencias, que tanto aqu\u00ed como en otras partes la educaci\u00f3n responde ante todo a necesidades sociales, es que hay sociedades donde esas cualidades no han \u2018sido cultivadas para nada, y que, en todo caso, han sido entendidas muy diferentemente seg\u00fan las sociedades. Las ventajas de una s\u00f3lida cultura intelectual est\u00e1n lejos de haber sido reconocidas por todos los pueblos. La ciencia, el esp\u00edritu cr\u00edtico, que hoy ponemos tan alto, han sido sospechosos durante largo tiempo. \u00bfNo conocemos una gran doctrina que proclama dichosos a los \u201cpobres\u201d \u2018de esp\u00edritu? Hay que cuidarse de creer que esa indiferencia por el saber haya sido impuesta artificialmente a los hombres en violaci\u00f3n de su naturaleza. Como ya lo dec\u00eda Rousseau, para satisfacer las necesidades vitales, la sensaci\u00f3n, la experiencia y el instinto pod\u00edan bastar, como bastan al animal. Si el hombre no hubiera tenido otras necesidades que aqu\u00e9llas, muy simples, que tienen sus ra\u00edces en su constituci\u00f3n individual, no hubiera emprendido la b\u00fasqueda de la ciencia, tanto m\u00e1s cuando \u00e9sta no ha sido adquirida sino tras laboriosos y dolorosos esfuerzos. S\u00f3lo ha conocido la sed del saber cu\u00e1ndo la sociedad la ha despertado en \u00e9l, y la sociedad no la ha despertado sino cuando ella misma ha sentido la necesidad. Ese momento lleg\u00f3 cuando la vida social, bajo todas sus formas, se volvi\u00f3 demasiado compleja para poder funcionar de otro modo que, gracias a la ayuda del pensamiento reflexivo, del pensamiento aclarado por la ciencia. Entonces, la cultura cient\u00edfica se volvi\u00f3 indispensable, y por eso la sociedad la reclama de sus miembros y se la impone como un deber. Pero, en el origen, en tanto que la organizaci\u00f3n social es muy simple, muy poco variada, siempre igual a s\u00ed misma, la ciega tradici\u00f3n alcanza, como alcanza el instinto para el animal. De ah\u00ed que el pensamiento y el libre examen son in\u00fatiles y hasta peligrosos porque pueden amenazar la tradici\u00f3n. Por ello son proscriptos.<\/span><\/p>\n<p><span style=\"font-weight: 400;\">Se desprende de estos hechos que cada sociedad se hace un cierto ideal del hombre, de lo que \u00e9l debe ser tanto desde el punto de vista intelectual como del f\u00edsico y moral; que ciudadanos; que a partir de cierto punto se diferencia seg\u00fan los medios particulares que toda sociedad comprende en su seno. Cierto n\u00famero de estados f\u00edsicos y mentales que la sociedad a que pertenece considera que no deben estar ausentes en ninguno de sus miembros. De ese modo, son la sociedad en su conjunto, y cada medio social particular, los que determinan ese ideal que la educaci\u00f3n realiza. Si la sociedad ha llegado a ese grado de desarrollo en que las antiguas divisiones en castas y en clases ya no se pueden mantener, prescribir\u00e1 una educaci\u00f3n m\u00e1s unida en la base. Si, en el mismo momento, el trabajo est\u00e1 m\u00e1s dividido, provocar\u00e1 en los ni\u00f1os, sobre un primer fondo de ideas y de sentimientos comunes, una m\u00e1s rica diversidad de aptitudes profesionales. Si vive en estado de guerra con las sociedades circundantes, se esforzar\u00e1 por formar los esp\u00edritus sobre un modelo fuertemente nacional; si la competencia internacional adopta una forma m\u00e1s pac\u00edfica, el tipo que trata de realizar es m\u00e1s general y m\u00e1s humano. La educaci\u00f3n no es para ella sino el medio por el cual prepara en el coraz\u00f3n de los ni\u00f1os las condiciones esenciales de su propia existencia como sociedad. Veremos m\u00e1s adelante c\u00f3mo el propio individuo tiene inter\u00e9s en someterse a esas exigencias. <\/span><\/p>","protected":false},"excerpt":{"rendered":"<p>En el hombre, las aptitudes de plenas para poder encarnarse, de alg\u00fan modo, en nuestros tejidos y materializarse bajo la forma de predisposiciones org\u00e1nicas. \u00bfSin embargo, se dir\u00e1, si en efecto se puede concebir que las cualidades propiamente morales, porque imponen privaciones al individuo, y porque inhiben sus movimientos naturales, no pueden ser suscitadas en [&hellip;]<\/p>\n","protected":false},"author":2,"featured_media":373,"comment_status":"closed","ping_status":"closed","sticky":false,"template":"","format":"standard","meta":{"nf_dc_page":"","_jetpack_memberships_contains_paid_content":false,"footnotes":""},"categories":[9],"tags":[26],"class_list":["post-372","post","type-post","status-publish","format-standard","has-post-thumbnail","hentry","category-educacion","tag-educacion"],"yoast_head":"<!-- This site is optimized with the Yoast SEO plugin v27.4 - https:\/\/yoast.com\/product\/yoast-seo-wordpress\/ -->\n<title>La educaci\u00f3n totalmente constituida - EducatesPilar.com<\/title>\n<meta name=\"robots\" content=\"index, follow, max-snippet:-1, max-image-preview:large, max-video-preview:-1\" \/>\n<link rel=\"canonical\" href=\"https:\/\/educatespilar.com\/en\/la-educacion-totalmente-constituida\/\" \/>\n<meta property=\"og:locale\" content=\"en_US\" \/>\n<meta property=\"og:type\" content=\"article\" \/>\n<meta property=\"og:title\" content=\"La educaci\u00f3n totalmente constituida - EducatesPilar.com\" \/>\n<meta property=\"og:description\" content=\"En el hombre, las aptitudes de plenas para poder encarnarse, de alg\u00fan modo, en nuestros tejidos y materializarse bajo la forma de predisposiciones org\u00e1nicas. \u00bfSin embargo, se dir\u00e1, si en efecto se puede concebir que las cualidades propiamente morales, porque imponen privaciones al individuo, y porque inhiben sus movimientos naturales, no pueden ser suscitadas en [&hellip;]\" \/>\n<meta property=\"og:url\" content=\"https:\/\/educatespilar.com\/en\/la-educacion-totalmente-constituida\/\" \/>\n<meta property=\"og:site_name\" content=\"EducatesPilar.com\" \/>\n<meta property=\"article:published_time\" content=\"2026-02-10T07:12:30+00:00\" \/>\n<meta property=\"article:modified_time\" content=\"2026-02-12T12:56:20+00:00\" \/>\n<meta property=\"og:image\" content=\"https:\/\/educatespilar.com\/wp-content\/uploads\/2026\/02\/unrecognizable-girl-holding-book-pile-scaled.jpg\" \/>\n\t<meta property=\"og:image:width\" content=\"2560\" \/>\n\t<meta property=\"og:image:height\" content=\"1954\" \/>\n\t<meta property=\"og:image:type\" content=\"image\/jpeg\" \/>\n<meta name=\"author\" content=\"educates\" \/>\n<meta name=\"twitter:card\" content=\"summary_large_image\" \/>\n<meta name=\"twitter:label1\" content=\"Written by\" \/>\n\t<meta name=\"twitter:data1\" content=\"educates\" \/>\n\t<meta name=\"twitter:label2\" content=\"Est. reading time\" \/>\n\t<meta name=\"twitter:data2\" content=\"4 minutes\" \/>\n<script type=\"application\/ld+json\" class=\"yoast-schema-graph\">{\"@context\":\"https:\\\/\\\/schema.org\",\"@graph\":[{\"@type\":\"Article\",\"@id\":\"https:\\\/\\\/educatespilar.com\\\/la-educacion-totalmente-constituida\\\/#article\",\"isPartOf\":{\"@id\":\"https:\\\/\\\/educatespilar.com\\\/la-educacion-totalmente-constituida\\\/\"},\"author\":{\"name\":\"educates\",\"@id\":\"https:\\\/\\\/tzs.pgq.temporary.site\\\/website_c18d3ae6\\\/#\\\/schema\\\/person\\\/655446504db2a404e6921d90ab7c0a0f\"},\"headline\":\"La educaci\u00f3n totalmente constituida\",\"datePublished\":\"2026-02-10T07:12:30+00:00\",\"dateModified\":\"2026-02-12T12:56:20+00:00\",\"mainEntityOfPage\":{\"@id\":\"https:\\\/\\\/educatespilar.com\\\/la-educacion-totalmente-constituida\\\/\"},\"wordCount\":804,\"image\":{\"@id\":\"https:\\\/\\\/educatespilar.com\\\/la-educacion-totalmente-constituida\\\/#primaryimage\"},\"thumbnailUrl\":\"https:\\\/\\\/i0.wp.com\\\/educatespilar.com\\\/wp-content\\\/uploads\\\/2026\\\/02\\\/unrecognizable-girl-holding-book-pile-scaled.jpg?fit=2560%2C1954&ssl=1\",\"keywords\":[\"educacion\"],\"articleSection\":[\"Educaci\u00f3n\"],\"inLanguage\":\"en-US\"},{\"@type\":\"WebPage\",\"@id\":\"https:\\\/\\\/educatespilar.com\\\/la-educacion-totalmente-constituida\\\/\",\"url\":\"https:\\\/\\\/educatespilar.com\\\/la-educacion-totalmente-constituida\\\/\",\"name\":\"La educaci\u00f3n totalmente constituida - EducatesPilar.com\",\"isPartOf\":{\"@id\":\"https:\\\/\\\/tzs.pgq.temporary.site\\\/website_c18d3ae6\\\/#website\"},\"primaryImageOfPage\":{\"@id\":\"https:\\\/\\\/educatespilar.com\\\/la-educacion-totalmente-constituida\\\/#primaryimage\"},\"image\":{\"@id\":\"https:\\\/\\\/educatespilar.com\\\/la-educacion-totalmente-constituida\\\/#primaryimage\"},\"thumbnailUrl\":\"https:\\\/\\\/i0.wp.com\\\/educatespilar.com\\\/wp-content\\\/uploads\\\/2026\\\/02\\\/unrecognizable-girl-holding-book-pile-scaled.jpg?fit=2560%2C1954&ssl=1\",\"datePublished\":\"2026-02-10T07:12:30+00:00\",\"dateModified\":\"2026-02-12T12:56:20+00:00\",\"author\":{\"@id\":\"https:\\\/\\\/tzs.pgq.temporary.site\\\/website_c18d3ae6\\\/#\\\/schema\\\/person\\\/655446504db2a404e6921d90ab7c0a0f\"},\"breadcrumb\":{\"@id\":\"https:\\\/\\\/educatespilar.com\\\/la-educacion-totalmente-constituida\\\/#breadcrumb\"},\"inLanguage\":\"en-US\",\"potentialAction\":[{\"@type\":\"ReadAction\",\"target\":[\"https:\\\/\\\/educatespilar.com\\\/la-educacion-totalmente-constituida\\\/\"]}]},{\"@type\":\"ImageObject\",\"inLanguage\":\"en-US\",\"@id\":\"https:\\\/\\\/educatespilar.com\\\/la-educacion-totalmente-constituida\\\/#primaryimage\",\"url\":\"https:\\\/\\\/i0.wp.com\\\/educatespilar.com\\\/wp-content\\\/uploads\\\/2026\\\/02\\\/unrecognizable-girl-holding-book-pile-scaled.jpg?fit=2560%2C1954&ssl=1\",\"contentUrl\":\"https:\\\/\\\/i0.wp.com\\\/educatespilar.com\\\/wp-content\\\/uploads\\\/2026\\\/02\\\/unrecognizable-girl-holding-book-pile-scaled.jpg?fit=2560%2C1954&ssl=1\",\"width\":2560,\"height\":1954},{\"@type\":\"BreadcrumbList\",\"@id\":\"https:\\\/\\\/educatespilar.com\\\/la-educacion-totalmente-constituida\\\/#breadcrumb\",\"itemListElement\":[{\"@type\":\"ListItem\",\"position\":1,\"name\":\"Home\",\"item\":\"https:\\\/\\\/educatespilar.com\\\/\"},{\"@type\":\"ListItem\",\"position\":2,\"name\":\"La educaci\u00f3n totalmente constituida\"}]},{\"@type\":\"WebSite\",\"@id\":\"https:\\\/\\\/tzs.pgq.temporary.site\\\/website_c18d3ae6\\\/#website\",\"url\":\"https:\\\/\\\/tzs.pgq.temporary.site\\\/website_c18d3ae6\\\/\",\"name\":\"EducatesPilar.com\",\"description\":\"\",\"potentialAction\":[{\"@type\":\"SearchAction\",\"target\":{\"@type\":\"EntryPoint\",\"urlTemplate\":\"https:\\\/\\\/tzs.pgq.temporary.site\\\/website_c18d3ae6\\\/?s={search_term_string}\"},\"query-input\":{\"@type\":\"PropertyValueSpecification\",\"valueRequired\":true,\"valueName\":\"search_term_string\"}}],\"inLanguage\":\"en-US\"},{\"@type\":\"Person\",\"@id\":\"https:\\\/\\\/tzs.pgq.temporary.site\\\/website_c18d3ae6\\\/#\\\/schema\\\/person\\\/655446504db2a404e6921d90ab7c0a0f\",\"name\":\"educates\",\"image\":{\"@type\":\"ImageObject\",\"inLanguage\":\"en-US\",\"@id\":\"https:\\\/\\\/secure.gravatar.com\\\/avatar\\\/f1e844324149cf607705bdc3821ac52f5613382cc275e3a009bc73539c52a819?s=96&d=mm&r=g\",\"url\":\"https:\\\/\\\/secure.gravatar.com\\\/avatar\\\/f1e844324149cf607705bdc3821ac52f5613382cc275e3a009bc73539c52a819?s=96&d=mm&r=g\",\"contentUrl\":\"https:\\\/\\\/secure.gravatar.com\\\/avatar\\\/f1e844324149cf607705bdc3821ac52f5613382cc275e3a009bc73539c52a819?s=96&d=mm&r=g\",\"caption\":\"educates\"},\"url\":\"https:\\\/\\\/educatespilar.com\\\/en\\\/author\\\/educates\\\/\"}]}<\/script>\n<!-- \/ Yoast SEO plugin. -->","yoast_head_json":{"title":"La educaci\u00f3n totalmente constituida - EducatesPilar.com","robots":{"index":"index","follow":"follow","max-snippet":"max-snippet:-1","max-image-preview":"max-image-preview:large","max-video-preview":"max-video-preview:-1"},"canonical":"https:\/\/educatespilar.com\/en\/la-educacion-totalmente-constituida\/","og_locale":"en_US","og_type":"article","og_title":"La educaci\u00f3n totalmente constituida - EducatesPilar.com","og_description":"En el hombre, las aptitudes de plenas para poder encarnarse, de alg\u00fan modo, en nuestros tejidos y materializarse bajo la forma de predisposiciones org\u00e1nicas. \u00bfSin embargo, se dir\u00e1, si en efecto se puede concebir que las cualidades propiamente morales, porque imponen privaciones al individuo, y porque inhiben sus movimientos naturales, no pueden ser suscitadas en [&hellip;]","og_url":"https:\/\/educatespilar.com\/en\/la-educacion-totalmente-constituida\/","og_site_name":"EducatesPilar.com","article_published_time":"2026-02-10T07:12:30+00:00","article_modified_time":"2026-02-12T12:56:20+00:00","og_image":[{"width":2560,"height":1954,"url":"https:\/\/educatespilar.com\/wp-content\/uploads\/2026\/02\/unrecognizable-girl-holding-book-pile-scaled.jpg","type":"image\/jpeg"}],"author":"educates","twitter_card":"summary_large_image","twitter_misc":{"Written by":"educates","Est. reading time":"4 minutes"},"schema":{"@context":"https:\/\/schema.org","@graph":[{"@type":"Article","@id":"https:\/\/educatespilar.com\/la-educacion-totalmente-constituida\/#article","isPartOf":{"@id":"https:\/\/educatespilar.com\/la-educacion-totalmente-constituida\/"},"author":{"name":"educates","@id":"https:\/\/tzs.pgq.temporary.site\/website_c18d3ae6\/#\/schema\/person\/655446504db2a404e6921d90ab7c0a0f"},"headline":"La educaci\u00f3n totalmente constituida","datePublished":"2026-02-10T07:12:30+00:00","dateModified":"2026-02-12T12:56:20+00:00","mainEntityOfPage":{"@id":"https:\/\/educatespilar.com\/la-educacion-totalmente-constituida\/"},"wordCount":804,"image":{"@id":"https:\/\/educatespilar.com\/la-educacion-totalmente-constituida\/#primaryimage"},"thumbnailUrl":"https:\/\/i0.wp.com\/educatespilar.com\/wp-content\/uploads\/2026\/02\/unrecognizable-girl-holding-book-pile-scaled.jpg?fit=2560%2C1954&ssl=1","keywords":["educacion"],"articleSection":["Educaci\u00f3n"],"inLanguage":"en-US"},{"@type":"WebPage","@id":"https:\/\/educatespilar.com\/la-educacion-totalmente-constituida\/","url":"https:\/\/educatespilar.com\/la-educacion-totalmente-constituida\/","name":"La educaci\u00f3n totalmente constituida - EducatesPilar.com","isPartOf":{"@id":"https:\/\/tzs.pgq.temporary.site\/website_c18d3ae6\/#website"},"primaryImageOfPage":{"@id":"https:\/\/educatespilar.com\/la-educacion-totalmente-constituida\/#primaryimage"},"image":{"@id":"https:\/\/educatespilar.com\/la-educacion-totalmente-constituida\/#primaryimage"},"thumbnailUrl":"https:\/\/i0.wp.com\/educatespilar.com\/wp-content\/uploads\/2026\/02\/unrecognizable-girl-holding-book-pile-scaled.jpg?fit=2560%2C1954&ssl=1","datePublished":"2026-02-10T07:12:30+00:00","dateModified":"2026-02-12T12:56:20+00:00","author":{"@id":"https:\/\/tzs.pgq.temporary.site\/website_c18d3ae6\/#\/schema\/person\/655446504db2a404e6921d90ab7c0a0f"},"breadcrumb":{"@id":"https:\/\/educatespilar.com\/la-educacion-totalmente-constituida\/#breadcrumb"},"inLanguage":"en-US","potentialAction":[{"@type":"ReadAction","target":["https:\/\/educatespilar.com\/la-educacion-totalmente-constituida\/"]}]},{"@type":"ImageObject","inLanguage":"en-US","@id":"https:\/\/educatespilar.com\/la-educacion-totalmente-constituida\/#primaryimage","url":"https:\/\/i0.wp.com\/educatespilar.com\/wp-content\/uploads\/2026\/02\/unrecognizable-girl-holding-book-pile-scaled.jpg?fit=2560%2C1954&ssl=1","contentUrl":"https:\/\/i0.wp.com\/educatespilar.com\/wp-content\/uploads\/2026\/02\/unrecognizable-girl-holding-book-pile-scaled.jpg?fit=2560%2C1954&ssl=1","width":2560,"height":1954},{"@type":"BreadcrumbList","@id":"https:\/\/educatespilar.com\/la-educacion-totalmente-constituida\/#breadcrumb","itemListElement":[{"@type":"ListItem","position":1,"name":"Home","item":"https:\/\/educatespilar.com\/"},{"@type":"ListItem","position":2,"name":"La educaci\u00f3n totalmente constituida"}]},{"@type":"WebSite","@id":"https:\/\/tzs.pgq.temporary.site\/website_c18d3ae6\/#website","url":"https:\/\/tzs.pgq.temporary.site\/website_c18d3ae6\/","name":"EducatesPilar.com","description":"","potentialAction":[{"@type":"SearchAction","target":{"@type":"EntryPoint","urlTemplate":"https:\/\/tzs.pgq.temporary.site\/website_c18d3ae6\/?s={search_term_string}"},"query-input":{"@type":"PropertyValueSpecification","valueRequired":true,"valueName":"search_term_string"}}],"inLanguage":"en-US"},{"@type":"Person","@id":"https:\/\/tzs.pgq.temporary.site\/website_c18d3ae6\/#\/schema\/person\/655446504db2a404e6921d90ab7c0a0f","name":"educates","image":{"@type":"ImageObject","inLanguage":"en-US","@id":"https:\/\/secure.gravatar.com\/avatar\/f1e844324149cf607705bdc3821ac52f5613382cc275e3a009bc73539c52a819?s=96&d=mm&r=g","url":"https:\/\/secure.gravatar.com\/avatar\/f1e844324149cf607705bdc3821ac52f5613382cc275e3a009bc73539c52a819?s=96&d=mm&r=g","contentUrl":"https:\/\/secure.gravatar.com\/avatar\/f1e844324149cf607705bdc3821ac52f5613382cc275e3a009bc73539c52a819?s=96&d=mm&r=g","caption":"educates"},"url":"https:\/\/educatespilar.com\/en\/author\/educates\/"}]}},"jetpack_featured_media_url":"https:\/\/i0.wp.com\/educatespilar.com\/wp-content\/uploads\/2026\/02\/unrecognizable-girl-holding-book-pile-scaled.jpg?fit=2560%2C1954&ssl=1","jetpack_sharing_enabled":true,"_links":{"self":[{"href":"https:\/\/educatespilar.com\/en\/wp-json\/wp\/v2\/posts\/372","targetHints":{"allow":["GET"]}}],"collection":[{"href":"https:\/\/educatespilar.com\/en\/wp-json\/wp\/v2\/posts"}],"about":[{"href":"https:\/\/educatespilar.com\/en\/wp-json\/wp\/v2\/types\/post"}],"author":[{"embeddable":true,"href":"https:\/\/educatespilar.com\/en\/wp-json\/wp\/v2\/users\/2"}],"replies":[{"embeddable":true,"href":"https:\/\/educatespilar.com\/en\/wp-json\/wp\/v2\/comments?post=372"}],"version-history":[{"count":1,"href":"https:\/\/educatespilar.com\/en\/wp-json\/wp\/v2\/posts\/372\/revisions"}],"predecessor-version":[{"id":374,"href":"https:\/\/educatespilar.com\/en\/wp-json\/wp\/v2\/posts\/372\/revisions\/374"}],"wp:featuredmedia":[{"embeddable":true,"href":"https:\/\/educatespilar.com\/en\/wp-json\/wp\/v2\/media\/373"}],"wp:attachment":[{"href":"https:\/\/educatespilar.com\/en\/wp-json\/wp\/v2\/media?parent=372"}],"wp:term":[{"taxonomy":"category","embeddable":true,"href":"https:\/\/educatespilar.com\/en\/wp-json\/wp\/v2\/categories?post=372"},{"taxonomy":"post_tag","embeddable":true,"href":"https:\/\/educatespilar.com\/en\/wp-json\/wp\/v2\/tags?post=372"}],"curies":[{"name":"wp","href":"https:\/\/api.w.org\/{rel}","templated":true}]}}