{"id":360,"date":"2026-02-04T07:01:11","date_gmt":"2026-02-04T07:01:11","guid":{"rendered":"https:\/\/educatespilar.com\/?p=360"},"modified":"2026-02-05T18:58:18","modified_gmt":"2026-02-05T18:58:18","slug":"el-proposito-de-la-filosofia-de-la-educacion","status":"publish","type":"post","link":"https:\/\/educatespilar.com\/en\/el-proposito-de-la-filosofia-de-la-educacion\/","title":{"rendered":"El prop\u00f3sito de la filosof\u00eda de la educaci\u00f3n"},"content":{"rendered":"<p><img data-recalc-dims=\"1\" decoding=\"async\" loading=\"lazy\" class=\"alignnone size-medium wp-image-361\" src=\"https:\/\/i0.wp.com\/educatespilar.com\/wp-content\/uploads\/2026\/02\/silhouettes-tree-man-book.jpg?resize=300%2C198&#038;ssl=1\" alt=\"\" width=\"300\" height=\"198\" srcset=\"https:\/\/i0.wp.com\/educatespilar.com\/wp-content\/uploads\/2026\/02\/silhouettes-tree-man-book-scaled.jpg?resize=300%2C198&amp;ssl=1 300w, https:\/\/i0.wp.com\/educatespilar.com\/wp-content\/uploads\/2026\/02\/silhouettes-tree-man-book-scaled.jpg?resize=1024%2C675&amp;ssl=1 1024w, https:\/\/i0.wp.com\/educatespilar.com\/wp-content\/uploads\/2026\/02\/silhouettes-tree-man-book-scaled.jpg?resize=768%2C506&amp;ssl=1 768w, https:\/\/i0.wp.com\/educatespilar.com\/wp-content\/uploads\/2026\/02\/silhouettes-tree-man-book-scaled.jpg?resize=1536%2C1012&amp;ssl=1 1536w, https:\/\/i0.wp.com\/educatespilar.com\/wp-content\/uploads\/2026\/02\/silhouettes-tree-man-book-scaled.jpg?resize=2048%2C1349&amp;ssl=1 2048w, https:\/\/i0.wp.com\/educatespilar.com\/wp-content\/uploads\/2026\/02\/silhouettes-tree-man-book-scaled.jpg?resize=18%2C12&amp;ssl=1 18w, https:\/\/i0.wp.com\/educatespilar.com\/wp-content\/uploads\/2026\/02\/silhouettes-tree-man-book-scaled.jpg?resize=600%2C395&amp;ssl=1 600w\" sizes=\"auto, (max-width: 300px) 100vw, 300px\" \/><\/p>\n<p><span style=\"font-weight: 400;\">Se ha dicho algunas veces que la filosof\u00eda se preocupa de determinar los fines de la educaci\u00f3n, mientras que la ciencia de la educaci\u00f3n determina los medios que han de emplearse. Siendo yo un fil\u00f3sofo m\u00e1s que un cient\u00edfico podr\u00eda inclinarme a aplaudir una afirmaci\u00f3n que confiere a la filosof\u00eda una posici\u00f3n tan honorable. Sin una buena dosis de interpretaci\u00f3n, aquella afirmaci\u00f3n puede sin embargo dar lugar a concepciones m\u00e1s falsas que verdaderas. En esta interpretaci\u00f3n hay dos consideraciones importantes.<\/span><\/p>\n<p><span style=\"font-weight: 400;\">Se examinan los fines que se alcanzan y las consecuencias que se obtienen en la realidad, y se eval\u00faan sus resultados, a la luz de un esquema general de valores. Pero si la filosof\u00eda comienza a razonar sus conclusiones sin una referencia definida y constante a las experiencias concretas que definen el problema a pensar, se hace especulativa en una forma que justifica el descontento. En lo que concierne a los fines y valores, el material emp\u00edrico que es necesario para que la filosof\u00eda no sea fant\u00e1stica en su contenido y dogm\u00e1tica en su forma se obtiene de los fines y valores producidos en los procesos educativos cuando \u00e9stos se realizan. Lo que una filosof\u00eda de la educaci\u00f3n puede ofrecer es amplitud, libertad e invenci\u00f3n constructiva o creadora. El investigador en cualquier campo se ve preocupado por urgencias y resultados m\u00e1s inmediatos. Cuando se comienza a ampliar el radio de acci\u00f3n, el objetivo del pensamiento, para considerar las consecuencias oscuras colaterales que se manifiestan en un espacio de tiempo m\u00e1s extenso, o con referencia a un desarrollo permanente, es cuando se comienza a filosofar, dese o no este nombre a ese proceso. Lo que se <\/span><i><span style=\"font-weight: 400;\">llama<\/span><\/i><span style=\"font-weight: 400;\"> filosof\u00eda es s\u00f3lo una actuaci\u00f3n m\u00e1s sistem\u00e1tica y permanente de esa funci\u00f3n.<\/span><\/p>\n<p><span style=\"font-weight: 400;\">Lo que he denominado las contribuciones de la &#8220;libertad\u201d, de la liberaci\u00f3n, es un acompa\u00f1amiento necesario de esa ampliaci\u00f3n de la visi\u00f3n de fines o consecuencias actuales. El pr\u00e1ctico profesional en cualquier campo, desde una f\u00e1brica a una iglesia o una escuela, se halla en peligro de quedar amarrado, sujeto, por los h\u00e1bitos buscando la compensaci\u00f3n a esta rigidez en excursiones impulsivas, emprendidas de acuerdo al temperamento y las circunstancias, cuando la rutina se hace intolerable. Yo no digo que los fil\u00f3sofos vean la vida de un modo continuo y como un todo; la plenitud total en este respecto es humanamente imposible. Pero todo el mundo es filos\u00f3fico en la medida en que realiza un esfuerzo consecuente en esta direcci\u00f3n. El resultado es la emancipaci\u00f3n. Cuando esta liberaci\u00f3n est\u00e1 confinada al esp\u00edritu, a la conciencia interna de cada uno, ofrece una satisfacci\u00f3n personal intensa, pero no realiza nada y se convierte en algo especioso. Su efecto s\u00f3lo tiene lugar en operaci\u00f3n. Para una filosof\u00eda de la educaci\u00f3n esta operaci\u00f3n consiste en capacitar a los educadores para realizar su obra en un sentido m\u00e1s liberal, evadi\u00e9ndose de la tradici\u00f3n y la rutina y de los intereses y caprichos personales unilaterales.<\/span><\/p>\n<p><span style=\"font-weight: 400;\">Esta contribuci\u00f3n se realiza por medio de la tercera funci\u00f3n mencionada, a saber: por la imaginaci\u00f3n constructiva y la invenci\u00f3n. No es bastante criticar los estrechos l\u00edmites de los fines y valores aceptados. Esta labor necesaria es s\u00f3lo el aspecto negativo de la funci\u00f3n de sugerir nuevos fines, nuevos m\u00e9todos, nuevos materiales. Al realizar esta funci\u00f3n, aparece en primer lugar la presentaci\u00f3n de objetivos y la liberaci\u00f3n del esp\u00edritu. Aun cuando la filosof\u00eda de la educaci\u00f3n no efectuara nada importante, esto es lo que realiza para aquellos que la estudian. Las ideas son ideas, esto es, sugestiones para actividades a realizar, para experiencias a intentar. La prueba del pastel est\u00e1 en comerlo. Esto es lo que significa decir que su labor es intermedia e instrumental, no original ni final.<\/span><\/p>\n<p><span style=\"font-weight: 400;\">Nuestro otro problema se refiere a las relaciones de la ciencia y la filosof\u00eda en cuanto a los medios y fines. Esta afirmaci\u00f3n hecha tan a menudo da lugar a malas interpretaciones. Lleva a la idea de que los medios y los fines est\u00e1n separados unos de otros, teniendo cada uno su propia y permanente provincia. Puede hasta afirmarse que los fines son s\u00f3lo medios producidos para una plena interacci\u00f3n e integraci\u00f3n. El otro aspecto de esta verdad es que los medios son partes fraccionales de fines. Cuando se considera a los medios y fines como si estuvieran separados, y son tratados por diferentes personas interesadas en provincias independientes, existe el peligro inminente de que se produzcan dos malos resultados.<\/span><\/p>\n<p><span style=\"font-weight: 400;\">Los fines y los valores se hacen vac\u00edos, verbales; demasiado remotos y aislados para tener m\u00e1s que un contenido emocional. Los medios se toman para significar medios ya a disposici\u00f3n de uno, medios aceptados porque son ya de uso com\u00fan. En cuanto prevalece esta idea, la obra de una ciencia de la educaci\u00f3n se reduce a la tarea de refinar y perfeccionar el mecanismo existente de las operaciones escolares. La falta de eficiencia, la p\u00e9rdida innecesaria en la ense\u00f1anza de la lectura, la escritura, los n\u00fameros, la historia, la geograf\u00eda, se descubren para eliminarlas. Se inventan m\u00e9todos m\u00e1s eficientes para realizar los fines ya obtenidos. Esto va bien en tanto que funciona. Pero pasa por alto un punto fundamental:\u00a0 hasta d\u00f3nde van los fines existentes, las consecuencias actuales de las pr\u00e1cticas corrientes, aun cuando est\u00e9n perfeccionadas? El problema que importa es descubrir nuevos medios en contraposici\u00f3n al uso perfeccionado de los medios ya existentes. Pues &#8220;nuevos m\u00e9todos&#8221; no significa meramente nuevos medios de alcanzar m\u00e1s eficientemente fines ya corrientes, sino que significan que producir\u00e1n consecuencias, fines, que son cualitativamente diferentes. Por bajo la condici\u00f3n de que exista una interacci\u00f3n persistente entre ambas.<\/span><\/p>\n<p>&nbsp;<\/p>","protected":false},"excerpt":{"rendered":"<p>Se ha dicho algunas veces que la filosof\u00eda se preocupa de determinar los fines de la educaci\u00f3n, mientras que la ciencia de la educaci\u00f3n determina los medios que han de emplearse. Siendo yo un fil\u00f3sofo m\u00e1s que un cient\u00edfico podr\u00eda inclinarme a aplaudir una afirmaci\u00f3n que confiere a la filosof\u00eda una posici\u00f3n tan honorable. Sin [&hellip;]<\/p>\n","protected":false},"author":2,"featured_media":361,"comment_status":"closed","ping_status":"closed","sticky":false,"template":"","format":"standard","meta":{"nf_dc_page":"","_jetpack_memberships_contains_paid_content":false,"footnotes":""},"categories":[9],"tags":[26,77],"class_list":["post-360","post","type-post","status-publish","format-standard","has-post-thumbnail","hentry","category-educacion","tag-educacion","tag-filosofia"],"yoast_head":"<!-- This site is optimized with the Yoast SEO plugin v27.4 - https:\/\/yoast.com\/product\/yoast-seo-wordpress\/ -->\n<title>El prop\u00f3sito de la filosof\u00eda de la educaci\u00f3n - EducatesPilar.com<\/title>\n<meta name=\"robots\" content=\"index, follow, max-snippet:-1, max-image-preview:large, max-video-preview:-1\" \/>\n<link rel=\"canonical\" href=\"https:\/\/educatespilar.com\/en\/el-proposito-de-la-filosofia-de-la-educacion\/\" \/>\n<meta property=\"og:locale\" content=\"en_US\" \/>\n<meta property=\"og:type\" content=\"article\" \/>\n<meta property=\"og:title\" content=\"El prop\u00f3sito de la filosof\u00eda de la educaci\u00f3n - EducatesPilar.com\" \/>\n<meta property=\"og:description\" content=\"Se ha dicho algunas veces que la filosof\u00eda se preocupa de determinar los fines de la educaci\u00f3n, mientras que la ciencia de la educaci\u00f3n determina los medios que han de emplearse. Siendo yo un fil\u00f3sofo m\u00e1s que un cient\u00edfico podr\u00eda inclinarme a aplaudir una afirmaci\u00f3n que confiere a la filosof\u00eda una posici\u00f3n tan honorable. Sin [&hellip;]\" \/>\n<meta property=\"og:url\" content=\"https:\/\/educatespilar.com\/en\/el-proposito-de-la-filosofia-de-la-educacion\/\" \/>\n<meta property=\"og:site_name\" content=\"EducatesPilar.com\" \/>\n<meta property=\"article:published_time\" content=\"2026-02-04T07:01:11+00:00\" \/>\n<meta property=\"article:modified_time\" content=\"2026-02-05T18:58:18+00:00\" \/>\n<meta property=\"og:image\" content=\"https:\/\/educatespilar.com\/wp-content\/uploads\/2026\/02\/silhouettes-tree-man-book-scaled.jpg\" \/>\n\t<meta property=\"og:image:width\" content=\"2560\" \/>\n\t<meta property=\"og:image:height\" content=\"1687\" \/>\n\t<meta property=\"og:image:type\" content=\"image\/jpeg\" \/>\n<meta name=\"author\" content=\"educates\" \/>\n<meta name=\"twitter:card\" content=\"summary_large_image\" \/>\n<meta name=\"twitter:label1\" content=\"Written by\" \/>\n\t<meta name=\"twitter:data1\" content=\"educates\" \/>\n\t<meta name=\"twitter:label2\" content=\"Est. reading time\" \/>\n\t<meta name=\"twitter:data2\" content=\"5 minutes\" \/>\n<script type=\"application\/ld+json\" class=\"yoast-schema-graph\">{\"@context\":\"https:\\\/\\\/schema.org\",\"@graph\":[{\"@type\":\"Article\",\"@id\":\"https:\\\/\\\/educatespilar.com\\\/el-proposito-de-la-filosofia-de-la-educacion\\\/#article\",\"isPartOf\":{\"@id\":\"https:\\\/\\\/educatespilar.com\\\/el-proposito-de-la-filosofia-de-la-educacion\\\/\"},\"author\":{\"name\":\"educates\",\"@id\":\"https:\\\/\\\/tzs.pgq.temporary.site\\\/website_c18d3ae6\\\/#\\\/schema\\\/person\\\/655446504db2a404e6921d90ab7c0a0f\"},\"headline\":\"El prop\u00f3sito de la filosof\u00eda de la educaci\u00f3n\",\"datePublished\":\"2026-02-04T07:01:11+00:00\",\"dateModified\":\"2026-02-05T18:58:18+00:00\",\"mainEntityOfPage\":{\"@id\":\"https:\\\/\\\/educatespilar.com\\\/el-proposito-de-la-filosofia-de-la-educacion\\\/\"},\"wordCount\":1035,\"image\":{\"@id\":\"https:\\\/\\\/educatespilar.com\\\/el-proposito-de-la-filosofia-de-la-educacion\\\/#primaryimage\"},\"thumbnailUrl\":\"https:\\\/\\\/i0.wp.com\\\/educatespilar.com\\\/wp-content\\\/uploads\\\/2026\\\/02\\\/silhouettes-tree-man-book-scaled.jpg?fit=2560%2C1687&ssl=1\",\"keywords\":[\"educacion\",\"filosofia\"],\"articleSection\":[\"Educaci\u00f3n\"],\"inLanguage\":\"en-US\"},{\"@type\":\"WebPage\",\"@id\":\"https:\\\/\\\/educatespilar.com\\\/el-proposito-de-la-filosofia-de-la-educacion\\\/\",\"url\":\"https:\\\/\\\/educatespilar.com\\\/el-proposito-de-la-filosofia-de-la-educacion\\\/\",\"name\":\"El prop\u00f3sito de la filosof\u00eda de la educaci\u00f3n - EducatesPilar.com\",\"isPartOf\":{\"@id\":\"https:\\\/\\\/tzs.pgq.temporary.site\\\/website_c18d3ae6\\\/#website\"},\"primaryImageOfPage\":{\"@id\":\"https:\\\/\\\/educatespilar.com\\\/el-proposito-de-la-filosofia-de-la-educacion\\\/#primaryimage\"},\"image\":{\"@id\":\"https:\\\/\\\/educatespilar.com\\\/el-proposito-de-la-filosofia-de-la-educacion\\\/#primaryimage\"},\"thumbnailUrl\":\"https:\\\/\\\/i0.wp.com\\\/educatespilar.com\\\/wp-content\\\/uploads\\\/2026\\\/02\\\/silhouettes-tree-man-book-scaled.jpg?fit=2560%2C1687&ssl=1\",\"datePublished\":\"2026-02-04T07:01:11+00:00\",\"dateModified\":\"2026-02-05T18:58:18+00:00\",\"author\":{\"@id\":\"https:\\\/\\\/tzs.pgq.temporary.site\\\/website_c18d3ae6\\\/#\\\/schema\\\/person\\\/655446504db2a404e6921d90ab7c0a0f\"},\"breadcrumb\":{\"@id\":\"https:\\\/\\\/educatespilar.com\\\/el-proposito-de-la-filosofia-de-la-educacion\\\/#breadcrumb\"},\"inLanguage\":\"en-US\",\"potentialAction\":[{\"@type\":\"ReadAction\",\"target\":[\"https:\\\/\\\/educatespilar.com\\\/el-proposito-de-la-filosofia-de-la-educacion\\\/\"]}]},{\"@type\":\"ImageObject\",\"inLanguage\":\"en-US\",\"@id\":\"https:\\\/\\\/educatespilar.com\\\/el-proposito-de-la-filosofia-de-la-educacion\\\/#primaryimage\",\"url\":\"https:\\\/\\\/i0.wp.com\\\/educatespilar.com\\\/wp-content\\\/uploads\\\/2026\\\/02\\\/silhouettes-tree-man-book-scaled.jpg?fit=2560%2C1687&ssl=1\",\"contentUrl\":\"https:\\\/\\\/i0.wp.com\\\/educatespilar.com\\\/wp-content\\\/uploads\\\/2026\\\/02\\\/silhouettes-tree-man-book-scaled.jpg?fit=2560%2C1687&ssl=1\",\"width\":2560,\"height\":1687},{\"@type\":\"BreadcrumbList\",\"@id\":\"https:\\\/\\\/educatespilar.com\\\/el-proposito-de-la-filosofia-de-la-educacion\\\/#breadcrumb\",\"itemListElement\":[{\"@type\":\"ListItem\",\"position\":1,\"name\":\"Home\",\"item\":\"https:\\\/\\\/educatespilar.com\\\/\"},{\"@type\":\"ListItem\",\"position\":2,\"name\":\"El prop\u00f3sito de la filosof\u00eda de la educaci\u00f3n\"}]},{\"@type\":\"WebSite\",\"@id\":\"https:\\\/\\\/tzs.pgq.temporary.site\\\/website_c18d3ae6\\\/#website\",\"url\":\"https:\\\/\\\/tzs.pgq.temporary.site\\\/website_c18d3ae6\\\/\",\"name\":\"EducatesPilar.com\",\"description\":\"\",\"potentialAction\":[{\"@type\":\"SearchAction\",\"target\":{\"@type\":\"EntryPoint\",\"urlTemplate\":\"https:\\\/\\\/tzs.pgq.temporary.site\\\/website_c18d3ae6\\\/?s={search_term_string}\"},\"query-input\":{\"@type\":\"PropertyValueSpecification\",\"valueRequired\":true,\"valueName\":\"search_term_string\"}}],\"inLanguage\":\"en-US\"},{\"@type\":\"Person\",\"@id\":\"https:\\\/\\\/tzs.pgq.temporary.site\\\/website_c18d3ae6\\\/#\\\/schema\\\/person\\\/655446504db2a404e6921d90ab7c0a0f\",\"name\":\"educates\",\"image\":{\"@type\":\"ImageObject\",\"inLanguage\":\"en-US\",\"@id\":\"https:\\\/\\\/secure.gravatar.com\\\/avatar\\\/f1e844324149cf607705bdc3821ac52f5613382cc275e3a009bc73539c52a819?s=96&d=mm&r=g\",\"url\":\"https:\\\/\\\/secure.gravatar.com\\\/avatar\\\/f1e844324149cf607705bdc3821ac52f5613382cc275e3a009bc73539c52a819?s=96&d=mm&r=g\",\"contentUrl\":\"https:\\\/\\\/secure.gravatar.com\\\/avatar\\\/f1e844324149cf607705bdc3821ac52f5613382cc275e3a009bc73539c52a819?s=96&d=mm&r=g\",\"caption\":\"educates\"},\"url\":\"https:\\\/\\\/educatespilar.com\\\/en\\\/author\\\/educates\\\/\"}]}<\/script>\n<!-- \/ Yoast SEO plugin. -->","yoast_head_json":{"title":"El prop\u00f3sito de la filosof\u00eda de la educaci\u00f3n - EducatesPilar.com","robots":{"index":"index","follow":"follow","max-snippet":"max-snippet:-1","max-image-preview":"max-image-preview:large","max-video-preview":"max-video-preview:-1"},"canonical":"https:\/\/educatespilar.com\/en\/el-proposito-de-la-filosofia-de-la-educacion\/","og_locale":"en_US","og_type":"article","og_title":"El prop\u00f3sito de la filosof\u00eda de la educaci\u00f3n - EducatesPilar.com","og_description":"Se ha dicho algunas veces que la filosof\u00eda se preocupa de determinar los fines de la educaci\u00f3n, mientras que la ciencia de la educaci\u00f3n determina los medios que han de emplearse. Siendo yo un fil\u00f3sofo m\u00e1s que un cient\u00edfico podr\u00eda inclinarme a aplaudir una afirmaci\u00f3n que confiere a la filosof\u00eda una posici\u00f3n tan honorable. Sin [&hellip;]","og_url":"https:\/\/educatespilar.com\/en\/el-proposito-de-la-filosofia-de-la-educacion\/","og_site_name":"EducatesPilar.com","article_published_time":"2026-02-04T07:01:11+00:00","article_modified_time":"2026-02-05T18:58:18+00:00","og_image":[{"width":2560,"height":1687,"url":"https:\/\/educatespilar.com\/wp-content\/uploads\/2026\/02\/silhouettes-tree-man-book-scaled.jpg","type":"image\/jpeg"}],"author":"educates","twitter_card":"summary_large_image","twitter_misc":{"Written by":"educates","Est. reading time":"5 minutes"},"schema":{"@context":"https:\/\/schema.org","@graph":[{"@type":"Article","@id":"https:\/\/educatespilar.com\/el-proposito-de-la-filosofia-de-la-educacion\/#article","isPartOf":{"@id":"https:\/\/educatespilar.com\/el-proposito-de-la-filosofia-de-la-educacion\/"},"author":{"name":"educates","@id":"https:\/\/tzs.pgq.temporary.site\/website_c18d3ae6\/#\/schema\/person\/655446504db2a404e6921d90ab7c0a0f"},"headline":"El prop\u00f3sito de la filosof\u00eda de la educaci\u00f3n","datePublished":"2026-02-04T07:01:11+00:00","dateModified":"2026-02-05T18:58:18+00:00","mainEntityOfPage":{"@id":"https:\/\/educatespilar.com\/el-proposito-de-la-filosofia-de-la-educacion\/"},"wordCount":1035,"image":{"@id":"https:\/\/educatespilar.com\/el-proposito-de-la-filosofia-de-la-educacion\/#primaryimage"},"thumbnailUrl":"https:\/\/i0.wp.com\/educatespilar.com\/wp-content\/uploads\/2026\/02\/silhouettes-tree-man-book-scaled.jpg?fit=2560%2C1687&ssl=1","keywords":["educacion","filosofia"],"articleSection":["Educaci\u00f3n"],"inLanguage":"en-US"},{"@type":"WebPage","@id":"https:\/\/educatespilar.com\/el-proposito-de-la-filosofia-de-la-educacion\/","url":"https:\/\/educatespilar.com\/el-proposito-de-la-filosofia-de-la-educacion\/","name":"El prop\u00f3sito de la filosof\u00eda de la educaci\u00f3n - EducatesPilar.com","isPartOf":{"@id":"https:\/\/tzs.pgq.temporary.site\/website_c18d3ae6\/#website"},"primaryImageOfPage":{"@id":"https:\/\/educatespilar.com\/el-proposito-de-la-filosofia-de-la-educacion\/#primaryimage"},"image":{"@id":"https:\/\/educatespilar.com\/el-proposito-de-la-filosofia-de-la-educacion\/#primaryimage"},"thumbnailUrl":"https:\/\/i0.wp.com\/educatespilar.com\/wp-content\/uploads\/2026\/02\/silhouettes-tree-man-book-scaled.jpg?fit=2560%2C1687&ssl=1","datePublished":"2026-02-04T07:01:11+00:00","dateModified":"2026-02-05T18:58:18+00:00","author":{"@id":"https:\/\/tzs.pgq.temporary.site\/website_c18d3ae6\/#\/schema\/person\/655446504db2a404e6921d90ab7c0a0f"},"breadcrumb":{"@id":"https:\/\/educatespilar.com\/el-proposito-de-la-filosofia-de-la-educacion\/#breadcrumb"},"inLanguage":"en-US","potentialAction":[{"@type":"ReadAction","target":["https:\/\/educatespilar.com\/el-proposito-de-la-filosofia-de-la-educacion\/"]}]},{"@type":"ImageObject","inLanguage":"en-US","@id":"https:\/\/educatespilar.com\/el-proposito-de-la-filosofia-de-la-educacion\/#primaryimage","url":"https:\/\/i0.wp.com\/educatespilar.com\/wp-content\/uploads\/2026\/02\/silhouettes-tree-man-book-scaled.jpg?fit=2560%2C1687&ssl=1","contentUrl":"https:\/\/i0.wp.com\/educatespilar.com\/wp-content\/uploads\/2026\/02\/silhouettes-tree-man-book-scaled.jpg?fit=2560%2C1687&ssl=1","width":2560,"height":1687},{"@type":"BreadcrumbList","@id":"https:\/\/educatespilar.com\/el-proposito-de-la-filosofia-de-la-educacion\/#breadcrumb","itemListElement":[{"@type":"ListItem","position":1,"name":"Home","item":"https:\/\/educatespilar.com\/"},{"@type":"ListItem","position":2,"name":"El prop\u00f3sito de la filosof\u00eda de la educaci\u00f3n"}]},{"@type":"WebSite","@id":"https:\/\/tzs.pgq.temporary.site\/website_c18d3ae6\/#website","url":"https:\/\/tzs.pgq.temporary.site\/website_c18d3ae6\/","name":"EducatesPilar.com","description":"","potentialAction":[{"@type":"SearchAction","target":{"@type":"EntryPoint","urlTemplate":"https:\/\/tzs.pgq.temporary.site\/website_c18d3ae6\/?s={search_term_string}"},"query-input":{"@type":"PropertyValueSpecification","valueRequired":true,"valueName":"search_term_string"}}],"inLanguage":"en-US"},{"@type":"Person","@id":"https:\/\/tzs.pgq.temporary.site\/website_c18d3ae6\/#\/schema\/person\/655446504db2a404e6921d90ab7c0a0f","name":"educates","image":{"@type":"ImageObject","inLanguage":"en-US","@id":"https:\/\/secure.gravatar.com\/avatar\/f1e844324149cf607705bdc3821ac52f5613382cc275e3a009bc73539c52a819?s=96&d=mm&r=g","url":"https:\/\/secure.gravatar.com\/avatar\/f1e844324149cf607705bdc3821ac52f5613382cc275e3a009bc73539c52a819?s=96&d=mm&r=g","contentUrl":"https:\/\/secure.gravatar.com\/avatar\/f1e844324149cf607705bdc3821ac52f5613382cc275e3a009bc73539c52a819?s=96&d=mm&r=g","caption":"educates"},"url":"https:\/\/educatespilar.com\/en\/author\/educates\/"}]}},"jetpack_featured_media_url":"https:\/\/i0.wp.com\/educatespilar.com\/wp-content\/uploads\/2026\/02\/silhouettes-tree-man-book-scaled.jpg?fit=2560%2C1687&ssl=1","jetpack_sharing_enabled":true,"_links":{"self":[{"href":"https:\/\/educatespilar.com\/en\/wp-json\/wp\/v2\/posts\/360","targetHints":{"allow":["GET"]}}],"collection":[{"href":"https:\/\/educatespilar.com\/en\/wp-json\/wp\/v2\/posts"}],"about":[{"href":"https:\/\/educatespilar.com\/en\/wp-json\/wp\/v2\/types\/post"}],"author":[{"embeddable":true,"href":"https:\/\/educatespilar.com\/en\/wp-json\/wp\/v2\/users\/2"}],"replies":[{"embeddable":true,"href":"https:\/\/educatespilar.com\/en\/wp-json\/wp\/v2\/comments?post=360"}],"version-history":[{"count":1,"href":"https:\/\/educatespilar.com\/en\/wp-json\/wp\/v2\/posts\/360\/revisions"}],"predecessor-version":[{"id":362,"href":"https:\/\/educatespilar.com\/en\/wp-json\/wp\/v2\/posts\/360\/revisions\/362"}],"wp:featuredmedia":[{"embeddable":true,"href":"https:\/\/educatespilar.com\/en\/wp-json\/wp\/v2\/media\/361"}],"wp:attachment":[{"href":"https:\/\/educatespilar.com\/en\/wp-json\/wp\/v2\/media?parent=360"}],"wp:term":[{"taxonomy":"category","embeddable":true,"href":"https:\/\/educatespilar.com\/en\/wp-json\/wp\/v2\/categories?post=360"},{"taxonomy":"post_tag","embeddable":true,"href":"https:\/\/educatespilar.com\/en\/wp-json\/wp\/v2\/tags?post=360"}],"curies":[{"name":"wp","href":"https:\/\/api.w.org\/{rel}","templated":true}]}}