{"id":330,"date":"2026-01-21T07:04:37","date_gmt":"2026-01-21T07:04:37","guid":{"rendered":"https:\/\/educatespilar.com\/?p=330"},"modified":"2026-01-21T14:25:35","modified_gmt":"2026-01-21T14:25:35","slug":"marcha-gradual-de-la-comunidad-educadora","status":"publish","type":"post","link":"https:\/\/educatespilar.com\/en\/marcha-gradual-de-la-comunidad-educadora\/","title":{"rendered":"Marcha gradual de la comunidad educadora"},"content":{"rendered":"<p><img data-recalc-dims=\"1\" decoding=\"async\" loading=\"lazy\" class=\"alignnone size-medium wp-image-332\" src=\"https:\/\/i0.wp.com\/educatespilar.com\/wp-content\/uploads\/2026\/01\/rear-view-people-dancing-outdoors.jpg?resize=300%2C200&#038;ssl=1\" alt=\"\" width=\"300\" height=\"200\" srcset=\"https:\/\/i0.wp.com\/educatespilar.com\/wp-content\/uploads\/2026\/01\/rear-view-people-dancing-outdoors-scaled.jpg?resize=300%2C200&amp;ssl=1 300w, https:\/\/i0.wp.com\/educatespilar.com\/wp-content\/uploads\/2026\/01\/rear-view-people-dancing-outdoors-scaled.jpg?resize=1024%2C683&amp;ssl=1 1024w, https:\/\/i0.wp.com\/educatespilar.com\/wp-content\/uploads\/2026\/01\/rear-view-people-dancing-outdoors-scaled.jpg?resize=768%2C512&amp;ssl=1 768w, https:\/\/i0.wp.com\/educatespilar.com\/wp-content\/uploads\/2026\/01\/rear-view-people-dancing-outdoors-scaled.jpg?resize=1536%2C1024&amp;ssl=1 1536w, https:\/\/i0.wp.com\/educatespilar.com\/wp-content\/uploads\/2026\/01\/rear-view-people-dancing-outdoors-scaled.jpg?resize=2048%2C1365&amp;ssl=1 2048w, https:\/\/i0.wp.com\/educatespilar.com\/wp-content\/uploads\/2026\/01\/rear-view-people-dancing-outdoors-scaled.jpg?resize=18%2C12&amp;ssl=1 18w, https:\/\/i0.wp.com\/educatespilar.com\/wp-content\/uploads\/2026\/01\/rear-view-people-dancing-outdoors-scaled.jpg?resize=600%2C400&amp;ssl=1 600w\" sizes=\"auto, (max-width: 300px) 100vw, 300px\" \/><\/p>\n<p><span style=\"font-weight: 400;\">Nos preguntamos ahora por la ley fundamental conforme a la cual se especifica la actividad educadora en la comunidad y la comunidad educadora misma, y se desarrolla en un proceso gradual regulado. Esta ley debe corresponder a la de toda formaci\u00f3n del contenido educador expuesta en el \u00a7 11; hemos visto all\u00ed que la comunidad, y especialmente la comunidad educadora, la cosa de la conciencia y, por tanto, debe pertenecer a la misma ley fundamental de la conciencia, la cual rige todo el producto del contenido de la educaci\u00f3n. Ahora bien, el proceso gradual que va de la comunidad inmediatamente sensible a la comunidad mediata, esto es, refleja, por tanto, intelectual, y por \u00faltimo a la comunidad libre, aut\u00f3noma y, por tanto, racional, ha sido expuesto en el \u00a7 11; ahora hay que mostrar c\u00f3mo en toda actividad educadora comunal se repite de igual modo, esencialmente en lo que respecta a la del educando con el educador y a la comunidad de ambos. Nosotros limitamos la consideraci\u00f3n, en primer t\u00e9rmino, a la comunidad del educador y del educando en particular, y partimos del acto individual del influjo educador y del proceder del disc\u00edpulo, teniendo en cuenta, tanto el mero conocer, como el querer, en los cuales ha sido ya mostrada la identidad de la legalidad de su evoluci\u00f3n.<\/span><\/p>\n<p><span style=\"font-weight: 400;\">Correspondiendo al proceso gradual de la producci\u00f3n del contenido de la educaci\u00f3n, lo primero debe ser aqu\u00ed asentar lo individual, y mantener, al mismo tiempo, la mirada espiritual sobre aquello a lo que podemos llamar notas o se\u00f1ales (Merken). A esto corresponde por parte del que ense\u00f1a el mostrar, el dirigir coercitivamente la mirada del que aprende sobre una cosa determinada y fija en \u00e9ste. Entregado la comunidad es la m\u00e1s completa, tanto que no existe, al menos en su primitiva forma, separaci\u00f3n alguna consciente entre individuo e individuo, sino que educador y educando se unen en un sentimiento inmediato. El segundo grado corresponde al progreso de separaci\u00f3n de un individuo respecto de otro y al mismo tiempo al mantenimiento de la relaci\u00f3n de lo siguiente a lo pasado; por tanto, un proceso o discursos, un &#8220;recorrer&#8221;&#8216;, una multiplicidad, en la cual se cumple la liberaci\u00f3n de la mirada espiritual por la que se fija al mismo tiempo las particularidades (del primer grado).\u00a0<\/span><\/p>\n<p><span style=\"font-weight: 400;\">A \u00e9ste corresponde, por parte del que ense\u00f1a, la direcci\u00f3n progresiva y elevada del uno al otro, lo cual debe llegar a ser cada vez m\u00e1s una direcci\u00f3n para obtener un progreso independiente. La clase de comunidad es aqu\u00ed diferente de la del primer grado: se origina en la relaci\u00f3n que se desarrolla entre el conducente y el conducido; una relaci\u00f3n conscientemente determinada de yo y t\u00fa; no es meramente un mantener fijo, sino tambi\u00e9n un desprender, un fijar de nuevo y un desprender de nuevo en el prop\u00f3sito y en la acci\u00f3n para hacer m\u00e1s y m\u00e1s Independiente al conducido del conductor, y presentarle sobre su propia base. Tambi\u00e9n esto encuentra igualmente empleo en la educaci\u00f3n intelectual y en la de la voluntad; tambi\u00e9n en las llamadas habilidades, cuya adquisici\u00f3n precisamente, en tanto que es cosa de un aprendizaje, depende en absoluto del conocimiento y de la voluntad. El tercero es: 19, por parte de la cosa: el conocimiento de la ley, en la cual la marcha inductiva (el segundo grado) llega a una conclusi\u00f3n, la cual debe servir de nuevo como comienzo para una nueva marcha que llega a conclusiones m\u00e1s elevadas, y as\u00ed hasta lo infinito; 2\u00b0, a esto corresponde por parte del que aprende: que precisamente s\u00f3lo mediante tal conocimiento se alcanza el pleno dominio del problema, y con esto la libertad conquistada frente al objeto. Lo que entonces queda por hacer es rendir cuentas y comprobar en nuevos hechos el examen propio y la comprobaci\u00f3n del error, con lo que se cierra el c\u00edrculo del aprender, pero se abren al mismo tiempo m\u00e1s amplios y grandes problemas para aprender de nuevo; y 39, por parte del que ense\u00f1a: la indicaci\u00f3n de la prueba y comprobaci\u00f3n de lo obtenido, y en tanto que sea necesario, la justificaci\u00f3n. La comunidad es aqu\u00ed una relaci\u00f3n aut\u00f3noma y libre entre miembros iguales; la direcci\u00f3n por parte de otro termina, al menos para este problema determinado. y surge la propia direcci\u00f3n. Pero precisamente en una consideraci\u00f3n cr\u00edtica sobre lo alcanzado se camina m\u00e1s all\u00e1 y se aclara la misma perspectiva; lo incumplido se convierte en estimulo de un progreso cada vean m\u00e1s amplio: el sentido positivo de este incumplimiento es la conciencia de la infinitud del problema. Y precisamente por esto la comunidad no llega a ser superflua, sino que se eleva cada vez m\u00e1s a grados superiores.<\/span><\/p>\n<p><span style=\"font-weight: 400;\">Por esta raz\u00f3n se extiende m\u00e1s adelante este proceso gradual a la comunidad amplia de la familia, del pueblo y por \u00faltimo, de la humanidad. Con esto se obtiene, al mismo tiempo, el fundamento para la organizaci\u00f3n de la actividad educadora en las formas t\u00edpicas de la educaci\u00f3n, en la casa en la escuela, y la educaci\u00f3n, en la uni\u00f3n libre de los adultos.<\/span><\/p>\n<p>&nbsp;<\/p>","protected":false},"excerpt":{"rendered":"<p>Nos preguntamos ahora por la ley fundamental conforme a la cual se especifica la actividad educadora en la comunidad y la comunidad educadora misma, y se desarrolla en un proceso gradual regulado. Esta ley debe corresponder a la de toda formaci\u00f3n del contenido educador expuesta en el \u00a7 11; hemos visto all\u00ed que la comunidad, [&hellip;]<\/p>\n","protected":false},"author":2,"featured_media":332,"comment_status":"closed","ping_status":"closed","sticky":false,"template":"","format":"standard","meta":{"nf_dc_page":"","_jetpack_memberships_contains_paid_content":false,"footnotes":""},"categories":[9],"tags":[144,118],"class_list":["post-330","post","type-post","status-publish","format-standard","has-post-thumbnail","hentry","category-educacion","tag-comunidad-educativa","tag-organizacion"],"yoast_head":"<!-- This site is optimized with the Yoast SEO plugin v27.4 - https:\/\/yoast.com\/product\/yoast-seo-wordpress\/ -->\n<title>Marcha gradual de la comunidad educadora - EducatesPilar.com<\/title>\n<meta name=\"robots\" content=\"index, follow, max-snippet:-1, max-image-preview:large, max-video-preview:-1\" \/>\n<link rel=\"canonical\" href=\"https:\/\/educatespilar.com\/en\/marcha-gradual-de-la-comunidad-educadora\/\" \/>\n<meta property=\"og:locale\" content=\"en_US\" \/>\n<meta property=\"og:type\" content=\"article\" \/>\n<meta property=\"og:title\" content=\"Marcha gradual de la comunidad educadora - EducatesPilar.com\" \/>\n<meta property=\"og:description\" content=\"Nos preguntamos ahora por la ley fundamental conforme a la cual se especifica la actividad educadora en la comunidad y la comunidad educadora misma, y se desarrolla en un proceso gradual regulado. Esta ley debe corresponder a la de toda formaci\u00f3n del contenido educador expuesta en el \u00a7 11; hemos visto all\u00ed que la comunidad, [&hellip;]\" \/>\n<meta property=\"og:url\" content=\"https:\/\/educatespilar.com\/en\/marcha-gradual-de-la-comunidad-educadora\/\" \/>\n<meta property=\"og:site_name\" content=\"EducatesPilar.com\" \/>\n<meta property=\"article:published_time\" content=\"2026-01-21T07:04:37+00:00\" \/>\n<meta property=\"article:modified_time\" content=\"2026-01-21T14:25:35+00:00\" \/>\n<meta property=\"og:image\" content=\"https:\/\/educatespilar.com\/wp-content\/uploads\/2026\/01\/rear-view-people-dancing-outdoors-scaled.jpg\" \/>\n\t<meta property=\"og:image:width\" content=\"2560\" \/>\n\t<meta property=\"og:image:height\" content=\"1707\" \/>\n\t<meta property=\"og:image:type\" content=\"image\/jpeg\" \/>\n<meta name=\"author\" content=\"educates\" \/>\n<meta name=\"twitter:card\" content=\"summary_large_image\" \/>\n<meta name=\"twitter:label1\" content=\"Written by\" \/>\n\t<meta name=\"twitter:data1\" content=\"educates\" \/>\n\t<meta name=\"twitter:label2\" content=\"Est. reading time\" \/>\n\t<meta name=\"twitter:data2\" content=\"5 minutes\" \/>\n<script type=\"application\/ld+json\" class=\"yoast-schema-graph\">{\"@context\":\"https:\\\/\\\/schema.org\",\"@graph\":[{\"@type\":\"Article\",\"@id\":\"https:\\\/\\\/educatespilar.com\\\/marcha-gradual-de-la-comunidad-educadora\\\/#article\",\"isPartOf\":{\"@id\":\"https:\\\/\\\/educatespilar.com\\\/marcha-gradual-de-la-comunidad-educadora\\\/\"},\"author\":{\"name\":\"educates\",\"@id\":\"https:\\\/\\\/tzs.pgq.temporary.site\\\/website_c18d3ae6\\\/#\\\/schema\\\/person\\\/655446504db2a404e6921d90ab7c0a0f\"},\"headline\":\"Marcha gradual de la comunidad educadora\",\"datePublished\":\"2026-01-21T07:04:37+00:00\",\"dateModified\":\"2026-01-21T14:25:35+00:00\",\"mainEntityOfPage\":{\"@id\":\"https:\\\/\\\/educatespilar.com\\\/marcha-gradual-de-la-comunidad-educadora\\\/\"},\"wordCount\":901,\"image\":{\"@id\":\"https:\\\/\\\/educatespilar.com\\\/marcha-gradual-de-la-comunidad-educadora\\\/#primaryimage\"},\"thumbnailUrl\":\"https:\\\/\\\/i0.wp.com\\\/educatespilar.com\\\/wp-content\\\/uploads\\\/2026\\\/01\\\/rear-view-people-dancing-outdoors-scaled.jpg?fit=2560%2C1707&ssl=1\",\"keywords\":[\"comunidad educativa\",\"organizacion\"],\"articleSection\":[\"Educaci\u00f3n\"],\"inLanguage\":\"en-US\"},{\"@type\":\"WebPage\",\"@id\":\"https:\\\/\\\/educatespilar.com\\\/marcha-gradual-de-la-comunidad-educadora\\\/\",\"url\":\"https:\\\/\\\/educatespilar.com\\\/marcha-gradual-de-la-comunidad-educadora\\\/\",\"name\":\"Marcha gradual de la comunidad educadora - EducatesPilar.com\",\"isPartOf\":{\"@id\":\"https:\\\/\\\/tzs.pgq.temporary.site\\\/website_c18d3ae6\\\/#website\"},\"primaryImageOfPage\":{\"@id\":\"https:\\\/\\\/educatespilar.com\\\/marcha-gradual-de-la-comunidad-educadora\\\/#primaryimage\"},\"image\":{\"@id\":\"https:\\\/\\\/educatespilar.com\\\/marcha-gradual-de-la-comunidad-educadora\\\/#primaryimage\"},\"thumbnailUrl\":\"https:\\\/\\\/i0.wp.com\\\/educatespilar.com\\\/wp-content\\\/uploads\\\/2026\\\/01\\\/rear-view-people-dancing-outdoors-scaled.jpg?fit=2560%2C1707&ssl=1\",\"datePublished\":\"2026-01-21T07:04:37+00:00\",\"dateModified\":\"2026-01-21T14:25:35+00:00\",\"author\":{\"@id\":\"https:\\\/\\\/tzs.pgq.temporary.site\\\/website_c18d3ae6\\\/#\\\/schema\\\/person\\\/655446504db2a404e6921d90ab7c0a0f\"},\"breadcrumb\":{\"@id\":\"https:\\\/\\\/educatespilar.com\\\/marcha-gradual-de-la-comunidad-educadora\\\/#breadcrumb\"},\"inLanguage\":\"en-US\",\"potentialAction\":[{\"@type\":\"ReadAction\",\"target\":[\"https:\\\/\\\/educatespilar.com\\\/marcha-gradual-de-la-comunidad-educadora\\\/\"]}]},{\"@type\":\"ImageObject\",\"inLanguage\":\"en-US\",\"@id\":\"https:\\\/\\\/educatespilar.com\\\/marcha-gradual-de-la-comunidad-educadora\\\/#primaryimage\",\"url\":\"https:\\\/\\\/i0.wp.com\\\/educatespilar.com\\\/wp-content\\\/uploads\\\/2026\\\/01\\\/rear-view-people-dancing-outdoors-scaled.jpg?fit=2560%2C1707&ssl=1\",\"contentUrl\":\"https:\\\/\\\/i0.wp.com\\\/educatespilar.com\\\/wp-content\\\/uploads\\\/2026\\\/01\\\/rear-view-people-dancing-outdoors-scaled.jpg?fit=2560%2C1707&ssl=1\",\"width\":2560,\"height\":1707},{\"@type\":\"BreadcrumbList\",\"@id\":\"https:\\\/\\\/educatespilar.com\\\/marcha-gradual-de-la-comunidad-educadora\\\/#breadcrumb\",\"itemListElement\":[{\"@type\":\"ListItem\",\"position\":1,\"name\":\"Home\",\"item\":\"https:\\\/\\\/educatespilar.com\\\/\"},{\"@type\":\"ListItem\",\"position\":2,\"name\":\"Marcha gradual de la comunidad educadora\"}]},{\"@type\":\"WebSite\",\"@id\":\"https:\\\/\\\/tzs.pgq.temporary.site\\\/website_c18d3ae6\\\/#website\",\"url\":\"https:\\\/\\\/tzs.pgq.temporary.site\\\/website_c18d3ae6\\\/\",\"name\":\"EducatesPilar.com\",\"description\":\"\",\"potentialAction\":[{\"@type\":\"SearchAction\",\"target\":{\"@type\":\"EntryPoint\",\"urlTemplate\":\"https:\\\/\\\/tzs.pgq.temporary.site\\\/website_c18d3ae6\\\/?s={search_term_string}\"},\"query-input\":{\"@type\":\"PropertyValueSpecification\",\"valueRequired\":true,\"valueName\":\"search_term_string\"}}],\"inLanguage\":\"en-US\"},{\"@type\":\"Person\",\"@id\":\"https:\\\/\\\/tzs.pgq.temporary.site\\\/website_c18d3ae6\\\/#\\\/schema\\\/person\\\/655446504db2a404e6921d90ab7c0a0f\",\"name\":\"educates\",\"image\":{\"@type\":\"ImageObject\",\"inLanguage\":\"en-US\",\"@id\":\"https:\\\/\\\/secure.gravatar.com\\\/avatar\\\/f1e844324149cf607705bdc3821ac52f5613382cc275e3a009bc73539c52a819?s=96&d=mm&r=g\",\"url\":\"https:\\\/\\\/secure.gravatar.com\\\/avatar\\\/f1e844324149cf607705bdc3821ac52f5613382cc275e3a009bc73539c52a819?s=96&d=mm&r=g\",\"contentUrl\":\"https:\\\/\\\/secure.gravatar.com\\\/avatar\\\/f1e844324149cf607705bdc3821ac52f5613382cc275e3a009bc73539c52a819?s=96&d=mm&r=g\",\"caption\":\"educates\"},\"url\":\"https:\\\/\\\/educatespilar.com\\\/en\\\/author\\\/educates\\\/\"}]}<\/script>\n<!-- \/ Yoast SEO plugin. -->","yoast_head_json":{"title":"Marcha gradual de la comunidad educadora - EducatesPilar.com","robots":{"index":"index","follow":"follow","max-snippet":"max-snippet:-1","max-image-preview":"max-image-preview:large","max-video-preview":"max-video-preview:-1"},"canonical":"https:\/\/educatespilar.com\/en\/marcha-gradual-de-la-comunidad-educadora\/","og_locale":"en_US","og_type":"article","og_title":"Marcha gradual de la comunidad educadora - EducatesPilar.com","og_description":"Nos preguntamos ahora por la ley fundamental conforme a la cual se especifica la actividad educadora en la comunidad y la comunidad educadora misma, y se desarrolla en un proceso gradual regulado. Esta ley debe corresponder a la de toda formaci\u00f3n del contenido educador expuesta en el \u00a7 11; hemos visto all\u00ed que la comunidad, [&hellip;]","og_url":"https:\/\/educatespilar.com\/en\/marcha-gradual-de-la-comunidad-educadora\/","og_site_name":"EducatesPilar.com","article_published_time":"2026-01-21T07:04:37+00:00","article_modified_time":"2026-01-21T14:25:35+00:00","og_image":[{"width":2560,"height":1707,"url":"https:\/\/educatespilar.com\/wp-content\/uploads\/2026\/01\/rear-view-people-dancing-outdoors-scaled.jpg","type":"image\/jpeg"}],"author":"educates","twitter_card":"summary_large_image","twitter_misc":{"Written by":"educates","Est. reading time":"5 minutes"},"schema":{"@context":"https:\/\/schema.org","@graph":[{"@type":"Article","@id":"https:\/\/educatespilar.com\/marcha-gradual-de-la-comunidad-educadora\/#article","isPartOf":{"@id":"https:\/\/educatespilar.com\/marcha-gradual-de-la-comunidad-educadora\/"},"author":{"name":"educates","@id":"https:\/\/tzs.pgq.temporary.site\/website_c18d3ae6\/#\/schema\/person\/655446504db2a404e6921d90ab7c0a0f"},"headline":"Marcha gradual de la comunidad educadora","datePublished":"2026-01-21T07:04:37+00:00","dateModified":"2026-01-21T14:25:35+00:00","mainEntityOfPage":{"@id":"https:\/\/educatespilar.com\/marcha-gradual-de-la-comunidad-educadora\/"},"wordCount":901,"image":{"@id":"https:\/\/educatespilar.com\/marcha-gradual-de-la-comunidad-educadora\/#primaryimage"},"thumbnailUrl":"https:\/\/i0.wp.com\/educatespilar.com\/wp-content\/uploads\/2026\/01\/rear-view-people-dancing-outdoors-scaled.jpg?fit=2560%2C1707&ssl=1","keywords":["comunidad educativa","organizacion"],"articleSection":["Educaci\u00f3n"],"inLanguage":"en-US"},{"@type":"WebPage","@id":"https:\/\/educatespilar.com\/marcha-gradual-de-la-comunidad-educadora\/","url":"https:\/\/educatespilar.com\/marcha-gradual-de-la-comunidad-educadora\/","name":"Marcha gradual de la comunidad educadora - EducatesPilar.com","isPartOf":{"@id":"https:\/\/tzs.pgq.temporary.site\/website_c18d3ae6\/#website"},"primaryImageOfPage":{"@id":"https:\/\/educatespilar.com\/marcha-gradual-de-la-comunidad-educadora\/#primaryimage"},"image":{"@id":"https:\/\/educatespilar.com\/marcha-gradual-de-la-comunidad-educadora\/#primaryimage"},"thumbnailUrl":"https:\/\/i0.wp.com\/educatespilar.com\/wp-content\/uploads\/2026\/01\/rear-view-people-dancing-outdoors-scaled.jpg?fit=2560%2C1707&ssl=1","datePublished":"2026-01-21T07:04:37+00:00","dateModified":"2026-01-21T14:25:35+00:00","author":{"@id":"https:\/\/tzs.pgq.temporary.site\/website_c18d3ae6\/#\/schema\/person\/655446504db2a404e6921d90ab7c0a0f"},"breadcrumb":{"@id":"https:\/\/educatespilar.com\/marcha-gradual-de-la-comunidad-educadora\/#breadcrumb"},"inLanguage":"en-US","potentialAction":[{"@type":"ReadAction","target":["https:\/\/educatespilar.com\/marcha-gradual-de-la-comunidad-educadora\/"]}]},{"@type":"ImageObject","inLanguage":"en-US","@id":"https:\/\/educatespilar.com\/marcha-gradual-de-la-comunidad-educadora\/#primaryimage","url":"https:\/\/i0.wp.com\/educatespilar.com\/wp-content\/uploads\/2026\/01\/rear-view-people-dancing-outdoors-scaled.jpg?fit=2560%2C1707&ssl=1","contentUrl":"https:\/\/i0.wp.com\/educatespilar.com\/wp-content\/uploads\/2026\/01\/rear-view-people-dancing-outdoors-scaled.jpg?fit=2560%2C1707&ssl=1","width":2560,"height":1707},{"@type":"BreadcrumbList","@id":"https:\/\/educatespilar.com\/marcha-gradual-de-la-comunidad-educadora\/#breadcrumb","itemListElement":[{"@type":"ListItem","position":1,"name":"Home","item":"https:\/\/educatespilar.com\/"},{"@type":"ListItem","position":2,"name":"Marcha gradual de la comunidad educadora"}]},{"@type":"WebSite","@id":"https:\/\/tzs.pgq.temporary.site\/website_c18d3ae6\/#website","url":"https:\/\/tzs.pgq.temporary.site\/website_c18d3ae6\/","name":"EducatesPilar.com","description":"","potentialAction":[{"@type":"SearchAction","target":{"@type":"EntryPoint","urlTemplate":"https:\/\/tzs.pgq.temporary.site\/website_c18d3ae6\/?s={search_term_string}"},"query-input":{"@type":"PropertyValueSpecification","valueRequired":true,"valueName":"search_term_string"}}],"inLanguage":"en-US"},{"@type":"Person","@id":"https:\/\/tzs.pgq.temporary.site\/website_c18d3ae6\/#\/schema\/person\/655446504db2a404e6921d90ab7c0a0f","name":"educates","image":{"@type":"ImageObject","inLanguage":"en-US","@id":"https:\/\/secure.gravatar.com\/avatar\/f1e844324149cf607705bdc3821ac52f5613382cc275e3a009bc73539c52a819?s=96&d=mm&r=g","url":"https:\/\/secure.gravatar.com\/avatar\/f1e844324149cf607705bdc3821ac52f5613382cc275e3a009bc73539c52a819?s=96&d=mm&r=g","contentUrl":"https:\/\/secure.gravatar.com\/avatar\/f1e844324149cf607705bdc3821ac52f5613382cc275e3a009bc73539c52a819?s=96&d=mm&r=g","caption":"educates"},"url":"https:\/\/educatespilar.com\/en\/author\/educates\/"}]}},"jetpack_featured_media_url":"https:\/\/i0.wp.com\/educatespilar.com\/wp-content\/uploads\/2026\/01\/rear-view-people-dancing-outdoors-scaled.jpg?fit=2560%2C1707&ssl=1","jetpack_sharing_enabled":true,"_links":{"self":[{"href":"https:\/\/educatespilar.com\/en\/wp-json\/wp\/v2\/posts\/330","targetHints":{"allow":["GET"]}}],"collection":[{"href":"https:\/\/educatespilar.com\/en\/wp-json\/wp\/v2\/posts"}],"about":[{"href":"https:\/\/educatespilar.com\/en\/wp-json\/wp\/v2\/types\/post"}],"author":[{"embeddable":true,"href":"https:\/\/educatespilar.com\/en\/wp-json\/wp\/v2\/users\/2"}],"replies":[{"embeddable":true,"href":"https:\/\/educatespilar.com\/en\/wp-json\/wp\/v2\/comments?post=330"}],"version-history":[{"count":1,"href":"https:\/\/educatespilar.com\/en\/wp-json\/wp\/v2\/posts\/330\/revisions"}],"predecessor-version":[{"id":333,"href":"https:\/\/educatespilar.com\/en\/wp-json\/wp\/v2\/posts\/330\/revisions\/333"}],"wp:featuredmedia":[{"embeddable":true,"href":"https:\/\/educatespilar.com\/en\/wp-json\/wp\/v2\/media\/332"}],"wp:attachment":[{"href":"https:\/\/educatespilar.com\/en\/wp-json\/wp\/v2\/media?parent=330"}],"wp:term":[{"taxonomy":"category","embeddable":true,"href":"https:\/\/educatespilar.com\/en\/wp-json\/wp\/v2\/categories?post=330"},{"taxonomy":"post_tag","embeddable":true,"href":"https:\/\/educatespilar.com\/en\/wp-json\/wp\/v2\/tags?post=330"}],"curies":[{"name":"wp","href":"https:\/\/api.w.org\/{rel}","templated":true}]}}