{"id":327,"date":"2026-01-20T07:01:56","date_gmt":"2026-01-20T07:01:56","guid":{"rendered":"https:\/\/educatespilar.com\/?p=327"},"modified":"2026-01-21T14:23:49","modified_gmt":"2026-01-21T14:23:49","slug":"grados-de-la-organizacion-de-la-educacion-la-casa-la-escuela-y-la-union-libre-de-los-adultos","status":"publish","type":"post","link":"https:\/\/educatespilar.com\/en\/grados-de-la-organizacion-de-la-educacion-la-casa-la-escuela-y-la-union-libre-de-los-adultos\/","title":{"rendered":"Grados de la organizaci\u00f3n de la educaci\u00f3n: la casa, la escuela y la uni\u00f3n libre de los adultos"},"content":{"rendered":"<p><img data-recalc-dims=\"1\" decoding=\"async\" loading=\"lazy\" class=\"alignnone size-medium wp-image-328\" src=\"https:\/\/i0.wp.com\/educatespilar.com\/wp-content\/uploads\/2026\/01\/crop-people-with-notebooks-1.jpg?resize=300%2C169&#038;ssl=1\" alt=\"\" width=\"300\" height=\"169\" srcset=\"https:\/\/i0.wp.com\/educatespilar.com\/wp-content\/uploads\/2026\/01\/crop-people-with-notebooks-1-scaled.jpg?resize=300%2C169&amp;ssl=1 300w, https:\/\/i0.wp.com\/educatespilar.com\/wp-content\/uploads\/2026\/01\/crop-people-with-notebooks-1-scaled.jpg?resize=1024%2C576&amp;ssl=1 1024w, https:\/\/i0.wp.com\/educatespilar.com\/wp-content\/uploads\/2026\/01\/crop-people-with-notebooks-1-scaled.jpg?resize=768%2C432&amp;ssl=1 768w, https:\/\/i0.wp.com\/educatespilar.com\/wp-content\/uploads\/2026\/01\/crop-people-with-notebooks-1-scaled.jpg?resize=1536%2C864&amp;ssl=1 1536w, https:\/\/i0.wp.com\/educatespilar.com\/wp-content\/uploads\/2026\/01\/crop-people-with-notebooks-1-scaled.jpg?resize=2048%2C1152&amp;ssl=1 2048w, https:\/\/i0.wp.com\/educatespilar.com\/wp-content\/uploads\/2026\/01\/crop-people-with-notebooks-1-scaled.jpg?resize=18%2C10&amp;ssl=1 18w, https:\/\/i0.wp.com\/educatespilar.com\/wp-content\/uploads\/2026\/01\/crop-people-with-notebooks-1-scaled.jpg?resize=600%2C338&amp;ssl=1 600w\" sizes=\"auto, (max-width: 300px) 100vw, 300px\" \/><\/p>\n<p><span style=\"font-weight: 400;\">La idea pedag\u00f3gico-social del Estado, dirigida en sus rasgos fundamentales, aunque falt\u00e1ndole mucha tendencia\u00b7en su instauraci\u00f3n especial, fue comprendida claramente por Plat\u00f3n. De ella surge, para las actividades educadoras en especial, la exigencia de que se presente, todo lo m\u00e1s posible, independiente del influjo de los factores econ\u00f3micos y pol\u00edticos (autonom\u00eda de las actividades educadoras); adem\u00e1s que deben participar en ella todos los miembros de la comunidad con igual derecho, y que la posibilidad de la participaci\u00f3n en el trabajo de la educaci\u00f3n social, debe estar limitada todo lo menos posible econ\u00f3mica y pol\u00edticamente<\/span><\/p>\n<p><span style=\"font-weight: 400;\">El principio de la organizaci\u00f3n social de la actividad ed<\/span><span style=\"font-weight: 400;\">u<\/span><span style=\"font-weight: 400;\">cadora es que, correspondiendo a la estructura de <\/span><span style=\"font-weight: 400;\">l<\/span><span style=\"font-weight: 400;\">as mis-m\u00e1s actividades sociales, la educaci\u00f3n para el trabajo econ\u00f3mico debe incluirse, desde el principio, en la vida del trabajo de la comunidad, as\u00ed que \u00e9sta forme para si a los adultos; que de igual modo la educaci\u00f3n para la actividad pol\u00edtica se incluya en la vida pol\u00edtica de la comunidad, y per-mita a los adultos formarse paso a paso en \u00e9sta; mientras, la madurez sucesiva de la raz\u00f3n en cada miembro de la comunidad debe coincidir con la progresiva participaci\u00f3n que se eleva en el trabajo de la educaci\u00f3n com\u00fan. Pero este desarrollo triple se cumple de hecho (al menos aproximada-mente) en las correspondientes formas exteriores de la organizaci\u00f3n, a saber: en la educaci\u00f3n de la casa, en la es-cuela y en la educaci\u00f3n de los adultos unidos libremente.<\/span><\/p>\n<p><span style=\"font-weight: 400;\">1\u00b0 La casa, la familia, como c\u00e9lula del organismo econ\u00f3mico, forma en todo caso sus formas primitivas, conservan-do al mismo tiempo, en los grados inferiores del orden social, la fundamentaci\u00f3n para un primer grado de la educaci\u00f3n social. La primera comunidad inmediata en la cual crece el hombre, es la de la casa o al menos una forma de organizaci\u00f3n con car\u00e1cter de uni\u00f3n familiar. De ella surge naturalmente la primera educaci\u00f3n esencial del hombre joven, que persiste todav\u00eda en el grado inmediatamente sensible. A ella pertenece (seg\u00fan Pestalozzi) preferentemente la educaci\u00f3n de los sentidos y de la mano, la educaci\u00f3n para el trabajo propio e inmediato, la cual conduce forzosamente a las formas elementales de la educaci\u00f3n, tanto intelectual como moral, est\u00e9tica y religiosa.<\/span><\/p>\n<p><span style=\"font-weight: 400;\">Al segundo grado, al de la regulaci\u00f3n consciente por la voluntad, directora, esto es, al grado del entendimiento, tanto practico como te\u00f3rico, corresponde, por el contrario, la forma de organizaci\u00f3n propia de la escuela. El modo de educaci\u00f3n es y debe ser aqu\u00ed m\u00e1s mediato; con esto el hombre aprende a constre\u00f1irse a las necesidades sin un impulso inmediato. El formalismo completamente exterior que caracteriza la educaci\u00f3n escolar y se asemeja manifiesta-mente al formalismo del derecho concibes en este problema propio del segundo grado de la educaci\u00f3n; la escuela representa igualmente un Estado en peque\u00f1o (como el Estado una escuela en grande) y sirve al mismo tiempo de aclimataci\u00f3n en el orden social. Precisamente por esto est\u00e1 organizada conforme a la vida p\u00fablica y es responsable de ella, y, por tanto, ha de organizarse como escuela nacional. Todo el contenido y la caracter\u00edstica de la educaci\u00f3n escolar ha de determinarse seg\u00fan este principio.<\/span><\/p>\n<p><span style=\"font-weight: 400;\">3\u00b0 Pero tambi\u00e9n la clase m\u00e1s libre de educaci\u00f3n, esto es la correspondiente al tercer grado, no puede estar privada de una forma de organizaci\u00f3n; se presenta aqu\u00ed, naturalmente, s\u00f3lo con car\u00e1cter unilateral, en la forma de escuela superior. Es una existencia justificada extender \u00e9sta de tal manera que de ella participen, en todo lo posible, todas las clases populares. Se habla de la escuela superior popular, de la extensi\u00f3n de la escuela superior la cual, en primer t\u00e9rmino, es una verdadera &#8220;Universidad&#8221;: un punto medio del trabajo libre de la educaci\u00f3n para los adultos de todos los c\u00edrculos populares estar\u00eda representado por una &#8220;escuela superior para todos&#8221;. Considerada en un desarrollo superior.se aproximar\u00eda al cumplimiento de la exigencia plat\u00f3nica de una realizaci\u00f3n de toda la vida social, con la m\u00e1s alta educaci\u00f3n espiritual, moral y est\u00e9tica, que s\u00f3lo fuera capaz de prosperar en s\u00ed. El trabajo de la educaci\u00f3n comunal seria la consecuencia necesaria de la comunidad de la vida toda y el apoyo m\u00e1s firme para la comunidad econ\u00f3mica y pol\u00edtica. En el periodo actual, donde se hace preciso salvar el abismo profundo entre las clases superiores e inferiores, el problema m\u00e1s importante ser\u00eda organizar de cierta manera la educaci\u00f3n libre de los adultos en todas las clases de la naci\u00f3n, especialmente en las clases trabajadoras; lo cual incluye especialmente el que los esfuerzos por la educaci\u00f3n de los trabajadores deben entrar en estrecha relaci\u00f3n con la ayuda econ\u00f3mica y la educaci\u00f3n pol\u00edtica de las clases trabajadoras.<\/span><\/p>\n<p>&nbsp;<\/p>","protected":false},"excerpt":{"rendered":"<p>La idea pedag\u00f3gico-social del Estado, dirigida en sus rasgos fundamentales, aunque falt\u00e1ndole mucha tendencia\u00b7en su instauraci\u00f3n especial, fue comprendida claramente por Plat\u00f3n. De ella surge, para las actividades educadoras en especial, la exigencia de que se presente, todo lo m\u00e1s posible, independiente del influjo de los factores econ\u00f3micos y pol\u00edticos (autonom\u00eda de las actividades educadoras); [&hellip;]<\/p>\n","protected":false},"author":2,"featured_media":328,"comment_status":"closed","ping_status":"closed","sticky":false,"template":"","format":"standard","meta":{"nf_dc_page":"","_jetpack_memberships_contains_paid_content":false,"footnotes":""},"categories":[9],"tags":[143,26,66,118],"class_list":["post-327","post","type-post","status-publish","format-standard","has-post-thumbnail","hentry","category-educacion","tag-casa","tag-educacion","tag-escuela","tag-organizacion"],"yoast_head":"<!-- This site is optimized with the Yoast SEO plugin v27.4 - https:\/\/yoast.com\/product\/yoast-seo-wordpress\/ -->\n<title>Grados de la organizaci\u00f3n de la educaci\u00f3n: la casa, la escuela y la uni\u00f3n libre de los adultos - EducatesPilar.com<\/title>\n<meta name=\"robots\" content=\"index, follow, max-snippet:-1, max-image-preview:large, max-video-preview:-1\" \/>\n<link rel=\"canonical\" href=\"https:\/\/educatespilar.com\/en\/grados-de-la-organizacion-de-la-educacion-la-casa-la-escuela-y-la-union-libre-de-los-adultos\/\" \/>\n<meta property=\"og:locale\" content=\"en_US\" \/>\n<meta property=\"og:type\" content=\"article\" \/>\n<meta property=\"og:title\" content=\"Grados de la organizaci\u00f3n de la educaci\u00f3n: la casa, la escuela y la uni\u00f3n libre de los adultos - EducatesPilar.com\" \/>\n<meta property=\"og:description\" content=\"La idea pedag\u00f3gico-social del Estado, dirigida en sus rasgos fundamentales, aunque falt\u00e1ndole mucha tendencia\u00b7en su instauraci\u00f3n especial, fue comprendida claramente por Plat\u00f3n. De ella surge, para las actividades educadoras en especial, la exigencia de que se presente, todo lo m\u00e1s posible, independiente del influjo de los factores econ\u00f3micos y pol\u00edticos (autonom\u00eda de las actividades educadoras); [&hellip;]\" \/>\n<meta property=\"og:url\" content=\"https:\/\/educatespilar.com\/en\/grados-de-la-organizacion-de-la-educacion-la-casa-la-escuela-y-la-union-libre-de-los-adultos\/\" \/>\n<meta property=\"og:site_name\" content=\"EducatesPilar.com\" \/>\n<meta property=\"article:published_time\" content=\"2026-01-20T07:01:56+00:00\" \/>\n<meta property=\"article:modified_time\" content=\"2026-01-21T14:23:49+00:00\" \/>\n<meta property=\"og:image\" content=\"https:\/\/educatespilar.com\/wp-content\/uploads\/2026\/01\/crop-people-with-notebooks-1-scaled.jpg\" \/>\n\t<meta property=\"og:image:width\" content=\"2560\" \/>\n\t<meta property=\"og:image:height\" content=\"1440\" \/>\n\t<meta property=\"og:image:type\" content=\"image\/jpeg\" \/>\n<meta name=\"author\" content=\"educates\" \/>\n<meta name=\"twitter:card\" content=\"summary_large_image\" \/>\n<meta name=\"twitter:label1\" content=\"Written by\" \/>\n\t<meta name=\"twitter:data1\" content=\"educates\" \/>\n\t<meta name=\"twitter:label2\" content=\"Est. reading time\" \/>\n\t<meta name=\"twitter:data2\" content=\"4 minutes\" \/>\n<script type=\"application\/ld+json\" class=\"yoast-schema-graph\">{\"@context\":\"https:\\\/\\\/schema.org\",\"@graph\":[{\"@type\":\"Article\",\"@id\":\"https:\\\/\\\/educatespilar.com\\\/grados-de-la-organizacion-de-la-educacion-la-casa-la-escuela-y-la-union-libre-de-los-adultos\\\/#article\",\"isPartOf\":{\"@id\":\"https:\\\/\\\/educatespilar.com\\\/grados-de-la-organizacion-de-la-educacion-la-casa-la-escuela-y-la-union-libre-de-los-adultos\\\/\"},\"author\":{\"name\":\"educates\",\"@id\":\"https:\\\/\\\/tzs.pgq.temporary.site\\\/website_c18d3ae6\\\/#\\\/schema\\\/person\\\/655446504db2a404e6921d90ab7c0a0f\"},\"headline\":\"Grados de la organizaci\u00f3n de la educaci\u00f3n: la casa, la escuela y la uni\u00f3n libre de los adultos\",\"datePublished\":\"2026-01-20T07:01:56+00:00\",\"dateModified\":\"2026-01-21T14:23:49+00:00\",\"mainEntityOfPage\":{\"@id\":\"https:\\\/\\\/educatespilar.com\\\/grados-de-la-organizacion-de-la-educacion-la-casa-la-escuela-y-la-union-libre-de-los-adultos\\\/\"},\"wordCount\":879,\"image\":{\"@id\":\"https:\\\/\\\/educatespilar.com\\\/grados-de-la-organizacion-de-la-educacion-la-casa-la-escuela-y-la-union-libre-de-los-adultos\\\/#primaryimage\"},\"thumbnailUrl\":\"https:\\\/\\\/i0.wp.com\\\/educatespilar.com\\\/wp-content\\\/uploads\\\/2026\\\/01\\\/crop-people-with-notebooks-1-scaled.jpg?fit=2560%2C1440&ssl=1\",\"keywords\":[\"casa\",\"educacion\",\"escuela\",\"organizacion\"],\"articleSection\":[\"Educaci\u00f3n\"],\"inLanguage\":\"en-US\"},{\"@type\":\"WebPage\",\"@id\":\"https:\\\/\\\/educatespilar.com\\\/grados-de-la-organizacion-de-la-educacion-la-casa-la-escuela-y-la-union-libre-de-los-adultos\\\/\",\"url\":\"https:\\\/\\\/educatespilar.com\\\/grados-de-la-organizacion-de-la-educacion-la-casa-la-escuela-y-la-union-libre-de-los-adultos\\\/\",\"name\":\"Grados de la organizaci\u00f3n de la educaci\u00f3n: la casa, la escuela y la uni\u00f3n libre de los adultos - EducatesPilar.com\",\"isPartOf\":{\"@id\":\"https:\\\/\\\/tzs.pgq.temporary.site\\\/website_c18d3ae6\\\/#website\"},\"primaryImageOfPage\":{\"@id\":\"https:\\\/\\\/educatespilar.com\\\/grados-de-la-organizacion-de-la-educacion-la-casa-la-escuela-y-la-union-libre-de-los-adultos\\\/#primaryimage\"},\"image\":{\"@id\":\"https:\\\/\\\/educatespilar.com\\\/grados-de-la-organizacion-de-la-educacion-la-casa-la-escuela-y-la-union-libre-de-los-adultos\\\/#primaryimage\"},\"thumbnailUrl\":\"https:\\\/\\\/i0.wp.com\\\/educatespilar.com\\\/wp-content\\\/uploads\\\/2026\\\/01\\\/crop-people-with-notebooks-1-scaled.jpg?fit=2560%2C1440&ssl=1\",\"datePublished\":\"2026-01-20T07:01:56+00:00\",\"dateModified\":\"2026-01-21T14:23:49+00:00\",\"author\":{\"@id\":\"https:\\\/\\\/tzs.pgq.temporary.site\\\/website_c18d3ae6\\\/#\\\/schema\\\/person\\\/655446504db2a404e6921d90ab7c0a0f\"},\"breadcrumb\":{\"@id\":\"https:\\\/\\\/educatespilar.com\\\/grados-de-la-organizacion-de-la-educacion-la-casa-la-escuela-y-la-union-libre-de-los-adultos\\\/#breadcrumb\"},\"inLanguage\":\"en-US\",\"potentialAction\":[{\"@type\":\"ReadAction\",\"target\":[\"https:\\\/\\\/educatespilar.com\\\/grados-de-la-organizacion-de-la-educacion-la-casa-la-escuela-y-la-union-libre-de-los-adultos\\\/\"]}]},{\"@type\":\"ImageObject\",\"inLanguage\":\"en-US\",\"@id\":\"https:\\\/\\\/educatespilar.com\\\/grados-de-la-organizacion-de-la-educacion-la-casa-la-escuela-y-la-union-libre-de-los-adultos\\\/#primaryimage\",\"url\":\"https:\\\/\\\/i0.wp.com\\\/educatespilar.com\\\/wp-content\\\/uploads\\\/2026\\\/01\\\/crop-people-with-notebooks-1-scaled.jpg?fit=2560%2C1440&ssl=1\",\"contentUrl\":\"https:\\\/\\\/i0.wp.com\\\/educatespilar.com\\\/wp-content\\\/uploads\\\/2026\\\/01\\\/crop-people-with-notebooks-1-scaled.jpg?fit=2560%2C1440&ssl=1\",\"width\":2560,\"height\":1440},{\"@type\":\"BreadcrumbList\",\"@id\":\"https:\\\/\\\/educatespilar.com\\\/grados-de-la-organizacion-de-la-educacion-la-casa-la-escuela-y-la-union-libre-de-los-adultos\\\/#breadcrumb\",\"itemListElement\":[{\"@type\":\"ListItem\",\"position\":1,\"name\":\"Home\",\"item\":\"https:\\\/\\\/educatespilar.com\\\/\"},{\"@type\":\"ListItem\",\"position\":2,\"name\":\"Grados de la organizaci\u00f3n de la educaci\u00f3n: la casa, la escuela y la uni\u00f3n libre de los adultos\"}]},{\"@type\":\"WebSite\",\"@id\":\"https:\\\/\\\/tzs.pgq.temporary.site\\\/website_c18d3ae6\\\/#website\",\"url\":\"https:\\\/\\\/tzs.pgq.temporary.site\\\/website_c18d3ae6\\\/\",\"name\":\"EducatesPilar.com\",\"description\":\"\",\"potentialAction\":[{\"@type\":\"SearchAction\",\"target\":{\"@type\":\"EntryPoint\",\"urlTemplate\":\"https:\\\/\\\/tzs.pgq.temporary.site\\\/website_c18d3ae6\\\/?s={search_term_string}\"},\"query-input\":{\"@type\":\"PropertyValueSpecification\",\"valueRequired\":true,\"valueName\":\"search_term_string\"}}],\"inLanguage\":\"en-US\"},{\"@type\":\"Person\",\"@id\":\"https:\\\/\\\/tzs.pgq.temporary.site\\\/website_c18d3ae6\\\/#\\\/schema\\\/person\\\/655446504db2a404e6921d90ab7c0a0f\",\"name\":\"educates\",\"image\":{\"@type\":\"ImageObject\",\"inLanguage\":\"en-US\",\"@id\":\"https:\\\/\\\/secure.gravatar.com\\\/avatar\\\/f1e844324149cf607705bdc3821ac52f5613382cc275e3a009bc73539c52a819?s=96&d=mm&r=g\",\"url\":\"https:\\\/\\\/secure.gravatar.com\\\/avatar\\\/f1e844324149cf607705bdc3821ac52f5613382cc275e3a009bc73539c52a819?s=96&d=mm&r=g\",\"contentUrl\":\"https:\\\/\\\/secure.gravatar.com\\\/avatar\\\/f1e844324149cf607705bdc3821ac52f5613382cc275e3a009bc73539c52a819?s=96&d=mm&r=g\",\"caption\":\"educates\"},\"url\":\"https:\\\/\\\/educatespilar.com\\\/en\\\/author\\\/educates\\\/\"}]}<\/script>\n<!-- \/ Yoast SEO plugin. -->","yoast_head_json":{"title":"Grados de la organizaci\u00f3n de la educaci\u00f3n: la casa, la escuela y la uni\u00f3n libre de los adultos - EducatesPilar.com","robots":{"index":"index","follow":"follow","max-snippet":"max-snippet:-1","max-image-preview":"max-image-preview:large","max-video-preview":"max-video-preview:-1"},"canonical":"https:\/\/educatespilar.com\/en\/grados-de-la-organizacion-de-la-educacion-la-casa-la-escuela-y-la-union-libre-de-los-adultos\/","og_locale":"en_US","og_type":"article","og_title":"Grados de la organizaci\u00f3n de la educaci\u00f3n: la casa, la escuela y la uni\u00f3n libre de los adultos - EducatesPilar.com","og_description":"La idea pedag\u00f3gico-social del Estado, dirigida en sus rasgos fundamentales, aunque falt\u00e1ndole mucha tendencia\u00b7en su instauraci\u00f3n especial, fue comprendida claramente por Plat\u00f3n. De ella surge, para las actividades educadoras en especial, la exigencia de que se presente, todo lo m\u00e1s posible, independiente del influjo de los factores econ\u00f3micos y pol\u00edticos (autonom\u00eda de las actividades educadoras); [&hellip;]","og_url":"https:\/\/educatespilar.com\/en\/grados-de-la-organizacion-de-la-educacion-la-casa-la-escuela-y-la-union-libre-de-los-adultos\/","og_site_name":"EducatesPilar.com","article_published_time":"2026-01-20T07:01:56+00:00","article_modified_time":"2026-01-21T14:23:49+00:00","og_image":[{"width":2560,"height":1440,"url":"https:\/\/educatespilar.com\/wp-content\/uploads\/2026\/01\/crop-people-with-notebooks-1-scaled.jpg","type":"image\/jpeg"}],"author":"educates","twitter_card":"summary_large_image","twitter_misc":{"Written by":"educates","Est. reading time":"4 minutes"},"schema":{"@context":"https:\/\/schema.org","@graph":[{"@type":"Article","@id":"https:\/\/educatespilar.com\/grados-de-la-organizacion-de-la-educacion-la-casa-la-escuela-y-la-union-libre-de-los-adultos\/#article","isPartOf":{"@id":"https:\/\/educatespilar.com\/grados-de-la-organizacion-de-la-educacion-la-casa-la-escuela-y-la-union-libre-de-los-adultos\/"},"author":{"name":"educates","@id":"https:\/\/tzs.pgq.temporary.site\/website_c18d3ae6\/#\/schema\/person\/655446504db2a404e6921d90ab7c0a0f"},"headline":"Grados de la organizaci\u00f3n de la educaci\u00f3n: la casa, la escuela y la uni\u00f3n libre de los adultos","datePublished":"2026-01-20T07:01:56+00:00","dateModified":"2026-01-21T14:23:49+00:00","mainEntityOfPage":{"@id":"https:\/\/educatespilar.com\/grados-de-la-organizacion-de-la-educacion-la-casa-la-escuela-y-la-union-libre-de-los-adultos\/"},"wordCount":879,"image":{"@id":"https:\/\/educatespilar.com\/grados-de-la-organizacion-de-la-educacion-la-casa-la-escuela-y-la-union-libre-de-los-adultos\/#primaryimage"},"thumbnailUrl":"https:\/\/i0.wp.com\/educatespilar.com\/wp-content\/uploads\/2026\/01\/crop-people-with-notebooks-1-scaled.jpg?fit=2560%2C1440&ssl=1","keywords":["casa","educacion","escuela","organizacion"],"articleSection":["Educaci\u00f3n"],"inLanguage":"en-US"},{"@type":"WebPage","@id":"https:\/\/educatespilar.com\/grados-de-la-organizacion-de-la-educacion-la-casa-la-escuela-y-la-union-libre-de-los-adultos\/","url":"https:\/\/educatespilar.com\/grados-de-la-organizacion-de-la-educacion-la-casa-la-escuela-y-la-union-libre-de-los-adultos\/","name":"Grados de la organizaci\u00f3n de la educaci\u00f3n: la casa, la escuela y la uni\u00f3n libre de los adultos - EducatesPilar.com","isPartOf":{"@id":"https:\/\/tzs.pgq.temporary.site\/website_c18d3ae6\/#website"},"primaryImageOfPage":{"@id":"https:\/\/educatespilar.com\/grados-de-la-organizacion-de-la-educacion-la-casa-la-escuela-y-la-union-libre-de-los-adultos\/#primaryimage"},"image":{"@id":"https:\/\/educatespilar.com\/grados-de-la-organizacion-de-la-educacion-la-casa-la-escuela-y-la-union-libre-de-los-adultos\/#primaryimage"},"thumbnailUrl":"https:\/\/i0.wp.com\/educatespilar.com\/wp-content\/uploads\/2026\/01\/crop-people-with-notebooks-1-scaled.jpg?fit=2560%2C1440&ssl=1","datePublished":"2026-01-20T07:01:56+00:00","dateModified":"2026-01-21T14:23:49+00:00","author":{"@id":"https:\/\/tzs.pgq.temporary.site\/website_c18d3ae6\/#\/schema\/person\/655446504db2a404e6921d90ab7c0a0f"},"breadcrumb":{"@id":"https:\/\/educatespilar.com\/grados-de-la-organizacion-de-la-educacion-la-casa-la-escuela-y-la-union-libre-de-los-adultos\/#breadcrumb"},"inLanguage":"en-US","potentialAction":[{"@type":"ReadAction","target":["https:\/\/educatespilar.com\/grados-de-la-organizacion-de-la-educacion-la-casa-la-escuela-y-la-union-libre-de-los-adultos\/"]}]},{"@type":"ImageObject","inLanguage":"en-US","@id":"https:\/\/educatespilar.com\/grados-de-la-organizacion-de-la-educacion-la-casa-la-escuela-y-la-union-libre-de-los-adultos\/#primaryimage","url":"https:\/\/i0.wp.com\/educatespilar.com\/wp-content\/uploads\/2026\/01\/crop-people-with-notebooks-1-scaled.jpg?fit=2560%2C1440&ssl=1","contentUrl":"https:\/\/i0.wp.com\/educatespilar.com\/wp-content\/uploads\/2026\/01\/crop-people-with-notebooks-1-scaled.jpg?fit=2560%2C1440&ssl=1","width":2560,"height":1440},{"@type":"BreadcrumbList","@id":"https:\/\/educatespilar.com\/grados-de-la-organizacion-de-la-educacion-la-casa-la-escuela-y-la-union-libre-de-los-adultos\/#breadcrumb","itemListElement":[{"@type":"ListItem","position":1,"name":"Home","item":"https:\/\/educatespilar.com\/"},{"@type":"ListItem","position":2,"name":"Grados de la organizaci\u00f3n de la educaci\u00f3n: la casa, la escuela y la uni\u00f3n libre de los adultos"}]},{"@type":"WebSite","@id":"https:\/\/tzs.pgq.temporary.site\/website_c18d3ae6\/#website","url":"https:\/\/tzs.pgq.temporary.site\/website_c18d3ae6\/","name":"EducatesPilar.com","description":"","potentialAction":[{"@type":"SearchAction","target":{"@type":"EntryPoint","urlTemplate":"https:\/\/tzs.pgq.temporary.site\/website_c18d3ae6\/?s={search_term_string}"},"query-input":{"@type":"PropertyValueSpecification","valueRequired":true,"valueName":"search_term_string"}}],"inLanguage":"en-US"},{"@type":"Person","@id":"https:\/\/tzs.pgq.temporary.site\/website_c18d3ae6\/#\/schema\/person\/655446504db2a404e6921d90ab7c0a0f","name":"educates","image":{"@type":"ImageObject","inLanguage":"en-US","@id":"https:\/\/secure.gravatar.com\/avatar\/f1e844324149cf607705bdc3821ac52f5613382cc275e3a009bc73539c52a819?s=96&d=mm&r=g","url":"https:\/\/secure.gravatar.com\/avatar\/f1e844324149cf607705bdc3821ac52f5613382cc275e3a009bc73539c52a819?s=96&d=mm&r=g","contentUrl":"https:\/\/secure.gravatar.com\/avatar\/f1e844324149cf607705bdc3821ac52f5613382cc275e3a009bc73539c52a819?s=96&d=mm&r=g","caption":"educates"},"url":"https:\/\/educatespilar.com\/en\/author\/educates\/"}]}},"jetpack_featured_media_url":"https:\/\/i0.wp.com\/educatespilar.com\/wp-content\/uploads\/2026\/01\/crop-people-with-notebooks-1-scaled.jpg?fit=2560%2C1440&ssl=1","jetpack_sharing_enabled":true,"_links":{"self":[{"href":"https:\/\/educatespilar.com\/en\/wp-json\/wp\/v2\/posts\/327","targetHints":{"allow":["GET"]}}],"collection":[{"href":"https:\/\/educatespilar.com\/en\/wp-json\/wp\/v2\/posts"}],"about":[{"href":"https:\/\/educatespilar.com\/en\/wp-json\/wp\/v2\/types\/post"}],"author":[{"embeddable":true,"href":"https:\/\/educatespilar.com\/en\/wp-json\/wp\/v2\/users\/2"}],"replies":[{"embeddable":true,"href":"https:\/\/educatespilar.com\/en\/wp-json\/wp\/v2\/comments?post=327"}],"version-history":[{"count":1,"href":"https:\/\/educatespilar.com\/en\/wp-json\/wp\/v2\/posts\/327\/revisions"}],"predecessor-version":[{"id":329,"href":"https:\/\/educatespilar.com\/en\/wp-json\/wp\/v2\/posts\/327\/revisions\/329"}],"wp:featuredmedia":[{"embeddable":true,"href":"https:\/\/educatespilar.com\/en\/wp-json\/wp\/v2\/media\/328"}],"wp:attachment":[{"href":"https:\/\/educatespilar.com\/en\/wp-json\/wp\/v2\/media?parent=327"}],"wp:term":[{"taxonomy":"category","embeddable":true,"href":"https:\/\/educatespilar.com\/en\/wp-json\/wp\/v2\/categories?post=327"},{"taxonomy":"post_tag","embeddable":true,"href":"https:\/\/educatespilar.com\/en\/wp-json\/wp\/v2\/tags?post=327"}],"curies":[{"name":"wp","href":"https:\/\/api.w.org\/{rel}","templated":true}]}}