{"id":263,"date":"2025-12-09T07:30:32","date_gmt":"2025-12-09T07:30:32","guid":{"rendered":"https:\/\/educatespilar.com\/?p=263"},"modified":"2025-12-09T19:31:17","modified_gmt":"2025-12-09T19:31:17","slug":"el-concepto-de-educabilidad","status":"publish","type":"post","link":"https:\/\/educatespilar.com\/en\/el-concepto-de-educabilidad\/","title":{"rendered":"El concepto de educabilidad"},"content":{"rendered":"<p><img data-recalc-dims=\"1\" decoding=\"async\" loading=\"lazy\" class=\"alignnone size-medium wp-image-264\" src=\"https:\/\/i0.wp.com\/educatespilar.com\/wp-content\/uploads\/2025\/12\/libros-e-imaginacion-bodegon.jpg?resize=300%2C200&#038;ssl=1\" alt=\"\" width=\"300\" height=\"200\" srcset=\"https:\/\/i0.wp.com\/educatespilar.com\/wp-content\/uploads\/2025\/12\/libros-e-imaginacion-bodegon-scaled.jpg?resize=300%2C200&amp;ssl=1 300w, https:\/\/i0.wp.com\/educatespilar.com\/wp-content\/uploads\/2025\/12\/libros-e-imaginacion-bodegon-scaled.jpg?resize=1024%2C683&amp;ssl=1 1024w, https:\/\/i0.wp.com\/educatespilar.com\/wp-content\/uploads\/2025\/12\/libros-e-imaginacion-bodegon-scaled.jpg?resize=768%2C512&amp;ssl=1 768w, https:\/\/i0.wp.com\/educatespilar.com\/wp-content\/uploads\/2025\/12\/libros-e-imaginacion-bodegon-scaled.jpg?resize=1536%2C1024&amp;ssl=1 1536w, https:\/\/i0.wp.com\/educatespilar.com\/wp-content\/uploads\/2025\/12\/libros-e-imaginacion-bodegon-scaled.jpg?resize=2048%2C1365&amp;ssl=1 2048w, https:\/\/i0.wp.com\/educatespilar.com\/wp-content\/uploads\/2025\/12\/libros-e-imaginacion-bodegon-scaled.jpg?resize=18%2C12&amp;ssl=1 18w, https:\/\/i0.wp.com\/educatespilar.com\/wp-content\/uploads\/2025\/12\/libros-e-imaginacion-bodegon-scaled.jpg?resize=600%2C400&amp;ssl=1 600w\" sizes=\"auto, (max-width: 300px) 100vw, 300px\" \/><\/p>\n<p><span style=\"font-weight: 400;\">Su significado general interesa a todos los frenas t\u00e9cnicos, incluso a los m\u00e1s graves capaces solamente de una modesta mejor\u00eda est\u00e1 incluido el concepto m\u00e1s limitado de \u201crecuperabilidad&#8221; que con respecto al primero asume un inter\u00e9s social m\u00e1s preciso, y que inspira los criterios selectivos de los establecimientos m\u00e9dico de esta expresi\u00f3n es desde hace tiempo de cient\u00edfico y soporta criterios de valoraci\u00f3n sub un\u00edvocos de referencia; por lo com\u00fan se est\u00e1 generalmente de acuerdo en considerar la recuperabilidad como la capacidad de alcanzar una adaptaci\u00f3n social y un rendimiento de trabajo factible de permitir una vida individuaI completamente aut\u00f3noma, dentro de l\u00edmites variables de aptitud. Los instrumentos de la asistencia m\u00e9dico-pedag\u00f3gica son en lo esencial de naturaleza pedag\u00f3gica; desde las primeras contribuciones al estudio de los anormales surgi\u00f3 claramente que el ni\u00f1o anormal, en cuanto part\u00edcipe de un desarrollo psicol\u00f3gico alterado, necesitaba una pedagog\u00eda especial e individualizada en el m\u00e1s alto grado.<\/span><\/p>\n<p><span style=\"font-weight: 400;\">Los fundamentos de la misma, a la que Paul Boncour (1873) ha definido felizmente como &#8220;pedagog\u00eda ortofr\u00e9nica&#8221;, son educaci\u00f3n progresiva de la atenci\u00f3n, educaci\u00f3n de las actividades sensoriales y de la actividad motora, educaci\u00f3n moral y social, correcci\u00f3n de defectos del lenguaje, simplificaci\u00f3n de los programas escolares con empleo de material did\u00e1ctico especial, en una atm\u00f3sfera de continua aplicaci\u00f3n mental y pr\u00e1ctica (escuela, juego, trabajo manual, dibujo, canto coral, etc\u00e9tera).<\/span><\/p>\n<p><span style=\"font-weight: 400;\">En el \u00e1mbito de las exigencias pedag\u00f3gicas se destaca la pedagog\u00eda del trabajo. Aun prescindiendo de su significado como preparaci\u00f3n para una actividad \u00fatil, el trabajo constituye un importante medio educativo, pues ofrece al ni\u00f1o anormal la posibilidad de participar en una organizaci\u00f3n de esfuerzos y en una coordinaci\u00f3n progresiva de aplicaciones mentales, que, por el hecho de partir de intereses colectivos y pr\u00e1cticos, le ponen voluntariamente en una continuidad volitiva que no se logra con otro medio. Por otra parte, es tambi\u00e9n claro que la tarea de integraci\u00f3n en la vida social no ser\u00eda satisfactoria sin una adecuada instrucci\u00f3n para el trabajo.<\/span><\/p>\n<p><span style=\"font-weight: 400;\">En efecto, ser\u00eda peligrosamente incompleto un resultado de recuperaci\u00f3n intelectiva y moral si el individuo recuperado no poseyera los instrumentos para una construcci\u00f3n de la propia vida social y, por el contrario, todav\u00eda resultase necesitado de la asistencia p\u00fablica; se debe pensar adem\u00e1s que el joven que sale del internado m\u00e9dico pedag\u00f3gico no encuentra siempre un ambiente familiar y social favorable para ayudarle a ingresar en la vida de los individuos normales. En caso de que resulte improductivo desde un punto de vista econ\u00f3mico, no faltar\u00e1n factores negativos para arrojarlo de nuevo fuera de la sociedad (desinter\u00e9s y hostilidad de los dem\u00e1s, inercia, envilecimiento, miseria, etc.). Su capacidad de adaptarse a un trabajo provechoso le ofrece, por el contrario, la prueba de la normalizaci\u00f3n obtenida y de la propia utilidad social.<\/span><\/p>\n<p><span style=\"font-weight: 400;\">En el problema de la incorporaci\u00f3n a la vida social de los anormales recuperados interfieren otros problemas, capaces, incluso, de provocar dificultades en relaci\u00f3n con situaciones ambientales m\u00e1s o menos favorables. Entre \u00e9stos se encuentra el del exceso de mano de obra que pesa sobre algunos pa\u00edses, y que por reflejo vuelve dif\u00edcil la absorci\u00f3n de estos individuos en una actividad productiva, y en mayor grado en la m\u00e1s id\u00f3nea con respecto a las capacidades pose\u00eddas. Adem\u00e1s, est\u00e1 el problema de una correcta asistencia moral que sirva de ayuda y de gu\u00eda en las dificultades de diverso tipo que comportan la experiencia social y el comienzo de una vida aut\u00f3noma. Corresponde a los servicios de asistencia social la tarea de afrontar estos problemas que en cada caso ofrecen aspectos particulares y que individualmente exigen soluciones espec\u00edficas.<\/span><\/p>","protected":false},"excerpt":{"rendered":"<p>Su significado general interesa a todos los frenas t\u00e9cnicos, incluso a los m\u00e1s graves capaces solamente de una modesta mejor\u00eda est\u00e1 incluido el concepto m\u00e1s limitado de \u201crecuperabilidad&#8221; que con respecto al primero asume un inter\u00e9s social m\u00e1s preciso, y que inspira los criterios selectivos de los establecimientos m\u00e9dico de esta expresi\u00f3n es desde hace [&hellip;]<\/p>\n","protected":false},"author":2,"featured_media":264,"comment_status":"closed","ping_status":"closed","sticky":false,"template":"","format":"standard","meta":{"nf_dc_page":"","_jetpack_memberships_contains_paid_content":false,"footnotes":""},"categories":[9],"tags":[113],"class_list":["post-263","post","type-post","status-publish","format-standard","has-post-thumbnail","hentry","category-educacion","tag-educabilidad"],"yoast_head":"<!-- This site is optimized with the Yoast SEO plugin v27.4 - https:\/\/yoast.com\/product\/yoast-seo-wordpress\/ -->\n<title>El concepto de educabilidad - EducatesPilar.com<\/title>\n<meta name=\"robots\" content=\"index, follow, max-snippet:-1, max-image-preview:large, max-video-preview:-1\" \/>\n<link rel=\"canonical\" href=\"https:\/\/educatespilar.com\/en\/el-concepto-de-educabilidad\/\" \/>\n<meta property=\"og:locale\" content=\"en_US\" \/>\n<meta property=\"og:type\" content=\"article\" \/>\n<meta property=\"og:title\" content=\"El concepto de educabilidad - EducatesPilar.com\" \/>\n<meta property=\"og:description\" content=\"Su significado general interesa a todos los frenas t\u00e9cnicos, incluso a los m\u00e1s graves capaces solamente de una modesta mejor\u00eda est\u00e1 incluido el concepto m\u00e1s limitado de \u201crecuperabilidad&#8221; que con respecto al primero asume un inter\u00e9s social m\u00e1s preciso, y que inspira los criterios selectivos de los establecimientos m\u00e9dico de esta expresi\u00f3n es desde hace [&hellip;]\" \/>\n<meta property=\"og:url\" content=\"https:\/\/educatespilar.com\/en\/el-concepto-de-educabilidad\/\" \/>\n<meta property=\"og:site_name\" content=\"EducatesPilar.com\" \/>\n<meta property=\"article:published_time\" content=\"2025-12-09T07:30:32+00:00\" \/>\n<meta property=\"article:modified_time\" content=\"2025-12-09T19:31:17+00:00\" \/>\n<meta property=\"og:image\" content=\"https:\/\/educatespilar.com\/wp-content\/uploads\/2025\/12\/libros-e-imaginacion-bodegon-scaled.jpg\" \/>\n\t<meta property=\"og:image:width\" content=\"2560\" \/>\n\t<meta property=\"og:image:height\" content=\"1707\" \/>\n\t<meta property=\"og:image:type\" content=\"image\/jpeg\" \/>\n<meta name=\"author\" content=\"educates\" \/>\n<meta name=\"twitter:card\" content=\"summary_large_image\" \/>\n<meta name=\"twitter:label1\" content=\"Written by\" \/>\n\t<meta name=\"twitter:data1\" content=\"educates\" \/>\n\t<meta name=\"twitter:label2\" content=\"Est. reading time\" \/>\n\t<meta name=\"twitter:data2\" content=\"4 minutes\" \/>\n<script type=\"application\/ld+json\" class=\"yoast-schema-graph\">{\"@context\":\"https:\\\/\\\/schema.org\",\"@graph\":[{\"@type\":\"Article\",\"@id\":\"https:\\\/\\\/educatespilar.com\\\/el-concepto-de-educabilidad\\\/#article\",\"isPartOf\":{\"@id\":\"https:\\\/\\\/educatespilar.com\\\/el-concepto-de-educabilidad\\\/\"},\"author\":{\"name\":\"educates\",\"@id\":\"https:\\\/\\\/tzs.pgq.temporary.site\\\/website_c18d3ae6\\\/#\\\/schema\\\/person\\\/655446504db2a404e6921d90ab7c0a0f\"},\"headline\":\"El concepto de educabilidad\",\"datePublished\":\"2025-12-09T07:30:32+00:00\",\"dateModified\":\"2025-12-09T19:31:17+00:00\",\"mainEntityOfPage\":{\"@id\":\"https:\\\/\\\/educatespilar.com\\\/el-concepto-de-educabilidad\\\/\"},\"wordCount\":669,\"image\":{\"@id\":\"https:\\\/\\\/educatespilar.com\\\/el-concepto-de-educabilidad\\\/#primaryimage\"},\"thumbnailUrl\":\"https:\\\/\\\/i0.wp.com\\\/educatespilar.com\\\/wp-content\\\/uploads\\\/2025\\\/12\\\/libros-e-imaginacion-bodegon-scaled.jpg?fit=2560%2C1707&ssl=1\",\"keywords\":[\"educabilidad\"],\"articleSection\":[\"Educaci\u00f3n\"],\"inLanguage\":\"en-US\"},{\"@type\":\"WebPage\",\"@id\":\"https:\\\/\\\/educatespilar.com\\\/el-concepto-de-educabilidad\\\/\",\"url\":\"https:\\\/\\\/educatespilar.com\\\/el-concepto-de-educabilidad\\\/\",\"name\":\"El concepto de educabilidad - EducatesPilar.com\",\"isPartOf\":{\"@id\":\"https:\\\/\\\/tzs.pgq.temporary.site\\\/website_c18d3ae6\\\/#website\"},\"primaryImageOfPage\":{\"@id\":\"https:\\\/\\\/educatespilar.com\\\/el-concepto-de-educabilidad\\\/#primaryimage\"},\"image\":{\"@id\":\"https:\\\/\\\/educatespilar.com\\\/el-concepto-de-educabilidad\\\/#primaryimage\"},\"thumbnailUrl\":\"https:\\\/\\\/i0.wp.com\\\/educatespilar.com\\\/wp-content\\\/uploads\\\/2025\\\/12\\\/libros-e-imaginacion-bodegon-scaled.jpg?fit=2560%2C1707&ssl=1\",\"datePublished\":\"2025-12-09T07:30:32+00:00\",\"dateModified\":\"2025-12-09T19:31:17+00:00\",\"author\":{\"@id\":\"https:\\\/\\\/tzs.pgq.temporary.site\\\/website_c18d3ae6\\\/#\\\/schema\\\/person\\\/655446504db2a404e6921d90ab7c0a0f\"},\"breadcrumb\":{\"@id\":\"https:\\\/\\\/educatespilar.com\\\/el-concepto-de-educabilidad\\\/#breadcrumb\"},\"inLanguage\":\"en-US\",\"potentialAction\":[{\"@type\":\"ReadAction\",\"target\":[\"https:\\\/\\\/educatespilar.com\\\/el-concepto-de-educabilidad\\\/\"]}]},{\"@type\":\"ImageObject\",\"inLanguage\":\"en-US\",\"@id\":\"https:\\\/\\\/educatespilar.com\\\/el-concepto-de-educabilidad\\\/#primaryimage\",\"url\":\"https:\\\/\\\/i0.wp.com\\\/educatespilar.com\\\/wp-content\\\/uploads\\\/2025\\\/12\\\/libros-e-imaginacion-bodegon-scaled.jpg?fit=2560%2C1707&ssl=1\",\"contentUrl\":\"https:\\\/\\\/i0.wp.com\\\/educatespilar.com\\\/wp-content\\\/uploads\\\/2025\\\/12\\\/libros-e-imaginacion-bodegon-scaled.jpg?fit=2560%2C1707&ssl=1\",\"width\":2560,\"height\":1707},{\"@type\":\"BreadcrumbList\",\"@id\":\"https:\\\/\\\/educatespilar.com\\\/el-concepto-de-educabilidad\\\/#breadcrumb\",\"itemListElement\":[{\"@type\":\"ListItem\",\"position\":1,\"name\":\"Home\",\"item\":\"https:\\\/\\\/educatespilar.com\\\/\"},{\"@type\":\"ListItem\",\"position\":2,\"name\":\"El concepto de educabilidad\"}]},{\"@type\":\"WebSite\",\"@id\":\"https:\\\/\\\/tzs.pgq.temporary.site\\\/website_c18d3ae6\\\/#website\",\"url\":\"https:\\\/\\\/tzs.pgq.temporary.site\\\/website_c18d3ae6\\\/\",\"name\":\"EducatesPilar.com\",\"description\":\"\",\"potentialAction\":[{\"@type\":\"SearchAction\",\"target\":{\"@type\":\"EntryPoint\",\"urlTemplate\":\"https:\\\/\\\/tzs.pgq.temporary.site\\\/website_c18d3ae6\\\/?s={search_term_string}\"},\"query-input\":{\"@type\":\"PropertyValueSpecification\",\"valueRequired\":true,\"valueName\":\"search_term_string\"}}],\"inLanguage\":\"en-US\"},{\"@type\":\"Person\",\"@id\":\"https:\\\/\\\/tzs.pgq.temporary.site\\\/website_c18d3ae6\\\/#\\\/schema\\\/person\\\/655446504db2a404e6921d90ab7c0a0f\",\"name\":\"educates\",\"image\":{\"@type\":\"ImageObject\",\"inLanguage\":\"en-US\",\"@id\":\"https:\\\/\\\/secure.gravatar.com\\\/avatar\\\/f1e844324149cf607705bdc3821ac52f5613382cc275e3a009bc73539c52a819?s=96&d=mm&r=g\",\"url\":\"https:\\\/\\\/secure.gravatar.com\\\/avatar\\\/f1e844324149cf607705bdc3821ac52f5613382cc275e3a009bc73539c52a819?s=96&d=mm&r=g\",\"contentUrl\":\"https:\\\/\\\/secure.gravatar.com\\\/avatar\\\/f1e844324149cf607705bdc3821ac52f5613382cc275e3a009bc73539c52a819?s=96&d=mm&r=g\",\"caption\":\"educates\"},\"url\":\"https:\\\/\\\/educatespilar.com\\\/en\\\/author\\\/educates\\\/\"}]}<\/script>\n<!-- \/ Yoast SEO plugin. -->","yoast_head_json":{"title":"El concepto de educabilidad - EducatesPilar.com","robots":{"index":"index","follow":"follow","max-snippet":"max-snippet:-1","max-image-preview":"max-image-preview:large","max-video-preview":"max-video-preview:-1"},"canonical":"https:\/\/educatespilar.com\/en\/el-concepto-de-educabilidad\/","og_locale":"en_US","og_type":"article","og_title":"El concepto de educabilidad - EducatesPilar.com","og_description":"Su significado general interesa a todos los frenas t\u00e9cnicos, incluso a los m\u00e1s graves capaces solamente de una modesta mejor\u00eda est\u00e1 incluido el concepto m\u00e1s limitado de \u201crecuperabilidad&#8221; que con respecto al primero asume un inter\u00e9s social m\u00e1s preciso, y que inspira los criterios selectivos de los establecimientos m\u00e9dico de esta expresi\u00f3n es desde hace [&hellip;]","og_url":"https:\/\/educatespilar.com\/en\/el-concepto-de-educabilidad\/","og_site_name":"EducatesPilar.com","article_published_time":"2025-12-09T07:30:32+00:00","article_modified_time":"2025-12-09T19:31:17+00:00","og_image":[{"width":2560,"height":1707,"url":"https:\/\/educatespilar.com\/wp-content\/uploads\/2025\/12\/libros-e-imaginacion-bodegon-scaled.jpg","type":"image\/jpeg"}],"author":"educates","twitter_card":"summary_large_image","twitter_misc":{"Written by":"educates","Est. reading time":"4 minutes"},"schema":{"@context":"https:\/\/schema.org","@graph":[{"@type":"Article","@id":"https:\/\/educatespilar.com\/el-concepto-de-educabilidad\/#article","isPartOf":{"@id":"https:\/\/educatespilar.com\/el-concepto-de-educabilidad\/"},"author":{"name":"educates","@id":"https:\/\/tzs.pgq.temporary.site\/website_c18d3ae6\/#\/schema\/person\/655446504db2a404e6921d90ab7c0a0f"},"headline":"El concepto de educabilidad","datePublished":"2025-12-09T07:30:32+00:00","dateModified":"2025-12-09T19:31:17+00:00","mainEntityOfPage":{"@id":"https:\/\/educatespilar.com\/el-concepto-de-educabilidad\/"},"wordCount":669,"image":{"@id":"https:\/\/educatespilar.com\/el-concepto-de-educabilidad\/#primaryimage"},"thumbnailUrl":"https:\/\/i0.wp.com\/educatespilar.com\/wp-content\/uploads\/2025\/12\/libros-e-imaginacion-bodegon-scaled.jpg?fit=2560%2C1707&ssl=1","keywords":["educabilidad"],"articleSection":["Educaci\u00f3n"],"inLanguage":"en-US"},{"@type":"WebPage","@id":"https:\/\/educatespilar.com\/el-concepto-de-educabilidad\/","url":"https:\/\/educatespilar.com\/el-concepto-de-educabilidad\/","name":"El concepto de educabilidad - EducatesPilar.com","isPartOf":{"@id":"https:\/\/tzs.pgq.temporary.site\/website_c18d3ae6\/#website"},"primaryImageOfPage":{"@id":"https:\/\/educatespilar.com\/el-concepto-de-educabilidad\/#primaryimage"},"image":{"@id":"https:\/\/educatespilar.com\/el-concepto-de-educabilidad\/#primaryimage"},"thumbnailUrl":"https:\/\/i0.wp.com\/educatespilar.com\/wp-content\/uploads\/2025\/12\/libros-e-imaginacion-bodegon-scaled.jpg?fit=2560%2C1707&ssl=1","datePublished":"2025-12-09T07:30:32+00:00","dateModified":"2025-12-09T19:31:17+00:00","author":{"@id":"https:\/\/tzs.pgq.temporary.site\/website_c18d3ae6\/#\/schema\/person\/655446504db2a404e6921d90ab7c0a0f"},"breadcrumb":{"@id":"https:\/\/educatespilar.com\/el-concepto-de-educabilidad\/#breadcrumb"},"inLanguage":"en-US","potentialAction":[{"@type":"ReadAction","target":["https:\/\/educatespilar.com\/el-concepto-de-educabilidad\/"]}]},{"@type":"ImageObject","inLanguage":"en-US","@id":"https:\/\/educatespilar.com\/el-concepto-de-educabilidad\/#primaryimage","url":"https:\/\/i0.wp.com\/educatespilar.com\/wp-content\/uploads\/2025\/12\/libros-e-imaginacion-bodegon-scaled.jpg?fit=2560%2C1707&ssl=1","contentUrl":"https:\/\/i0.wp.com\/educatespilar.com\/wp-content\/uploads\/2025\/12\/libros-e-imaginacion-bodegon-scaled.jpg?fit=2560%2C1707&ssl=1","width":2560,"height":1707},{"@type":"BreadcrumbList","@id":"https:\/\/educatespilar.com\/el-concepto-de-educabilidad\/#breadcrumb","itemListElement":[{"@type":"ListItem","position":1,"name":"Home","item":"https:\/\/educatespilar.com\/"},{"@type":"ListItem","position":2,"name":"El concepto de educabilidad"}]},{"@type":"WebSite","@id":"https:\/\/tzs.pgq.temporary.site\/website_c18d3ae6\/#website","url":"https:\/\/tzs.pgq.temporary.site\/website_c18d3ae6\/","name":"EducatesPilar.com","description":"","potentialAction":[{"@type":"SearchAction","target":{"@type":"EntryPoint","urlTemplate":"https:\/\/tzs.pgq.temporary.site\/website_c18d3ae6\/?s={search_term_string}"},"query-input":{"@type":"PropertyValueSpecification","valueRequired":true,"valueName":"search_term_string"}}],"inLanguage":"en-US"},{"@type":"Person","@id":"https:\/\/tzs.pgq.temporary.site\/website_c18d3ae6\/#\/schema\/person\/655446504db2a404e6921d90ab7c0a0f","name":"educates","image":{"@type":"ImageObject","inLanguage":"en-US","@id":"https:\/\/secure.gravatar.com\/avatar\/f1e844324149cf607705bdc3821ac52f5613382cc275e3a009bc73539c52a819?s=96&d=mm&r=g","url":"https:\/\/secure.gravatar.com\/avatar\/f1e844324149cf607705bdc3821ac52f5613382cc275e3a009bc73539c52a819?s=96&d=mm&r=g","contentUrl":"https:\/\/secure.gravatar.com\/avatar\/f1e844324149cf607705bdc3821ac52f5613382cc275e3a009bc73539c52a819?s=96&d=mm&r=g","caption":"educates"},"url":"https:\/\/educatespilar.com\/en\/author\/educates\/"}]}},"jetpack_featured_media_url":"https:\/\/i0.wp.com\/educatespilar.com\/wp-content\/uploads\/2025\/12\/libros-e-imaginacion-bodegon-scaled.jpg?fit=2560%2C1707&ssl=1","jetpack_sharing_enabled":true,"_links":{"self":[{"href":"https:\/\/educatespilar.com\/en\/wp-json\/wp\/v2\/posts\/263","targetHints":{"allow":["GET"]}}],"collection":[{"href":"https:\/\/educatespilar.com\/en\/wp-json\/wp\/v2\/posts"}],"about":[{"href":"https:\/\/educatespilar.com\/en\/wp-json\/wp\/v2\/types\/post"}],"author":[{"embeddable":true,"href":"https:\/\/educatespilar.com\/en\/wp-json\/wp\/v2\/users\/2"}],"replies":[{"embeddable":true,"href":"https:\/\/educatespilar.com\/en\/wp-json\/wp\/v2\/comments?post=263"}],"version-history":[{"count":1,"href":"https:\/\/educatespilar.com\/en\/wp-json\/wp\/v2\/posts\/263\/revisions"}],"predecessor-version":[{"id":265,"href":"https:\/\/educatespilar.com\/en\/wp-json\/wp\/v2\/posts\/263\/revisions\/265"}],"wp:featuredmedia":[{"embeddable":true,"href":"https:\/\/educatespilar.com\/en\/wp-json\/wp\/v2\/media\/264"}],"wp:attachment":[{"href":"https:\/\/educatespilar.com\/en\/wp-json\/wp\/v2\/media?parent=263"}],"wp:term":[{"taxonomy":"category","embeddable":true,"href":"https:\/\/educatespilar.com\/en\/wp-json\/wp\/v2\/categories?post=263"},{"taxonomy":"post_tag","embeddable":true,"href":"https:\/\/educatespilar.com\/en\/wp-json\/wp\/v2\/tags?post=263"}],"curies":[{"name":"wp","href":"https:\/\/api.w.org\/{rel}","templated":true}]}}