{"id":253,"date":"2025-12-03T07:09:22","date_gmt":"2025-12-03T07:09:22","guid":{"rendered":"https:\/\/educatespilar.com\/?p=253"},"modified":"2025-12-01T17:10:04","modified_gmt":"2025-12-01T17:10:04","slug":"educacion-social-y-local","status":"publish","type":"post","link":"https:\/\/educatespilar.com\/en\/educacion-social-y-local\/","title":{"rendered":"Educaci\u00f3n Social y Local"},"content":{"rendered":"<p><img data-recalc-dims=\"1\" decoding=\"async\" loading=\"lazy\" class=\"alignnone size-medium wp-image-254\" src=\"https:\/\/i0.wp.com\/educatespilar.com\/wp-content\/uploads\/2025\/12\/family-garden-with-books.jpg?resize=300%2C200&#038;ssl=1\" alt=\"\" width=\"300\" height=\"200\" srcset=\"https:\/\/i0.wp.com\/educatespilar.com\/wp-content\/uploads\/2025\/12\/family-garden-with-books-scaled.jpg?resize=300%2C200&amp;ssl=1 300w, https:\/\/i0.wp.com\/educatespilar.com\/wp-content\/uploads\/2025\/12\/family-garden-with-books-scaled.jpg?resize=1024%2C683&amp;ssl=1 1024w, https:\/\/i0.wp.com\/educatespilar.com\/wp-content\/uploads\/2025\/12\/family-garden-with-books-scaled.jpg?resize=768%2C512&amp;ssl=1 768w, https:\/\/i0.wp.com\/educatespilar.com\/wp-content\/uploads\/2025\/12\/family-garden-with-books-scaled.jpg?resize=1536%2C1024&amp;ssl=1 1536w, https:\/\/i0.wp.com\/educatespilar.com\/wp-content\/uploads\/2025\/12\/family-garden-with-books-scaled.jpg?resize=2048%2C1365&amp;ssl=1 2048w, https:\/\/i0.wp.com\/educatespilar.com\/wp-content\/uploads\/2025\/12\/family-garden-with-books-scaled.jpg?resize=18%2C12&amp;ssl=1 18w, https:\/\/i0.wp.com\/educatespilar.com\/wp-content\/uploads\/2025\/12\/family-garden-with-books-scaled.jpg?resize=600%2C400&amp;ssl=1 600w\" sizes=\"auto, (max-width: 300px) 100vw, 300px\" \/><\/p>\n<p><span style=\"font-weight: 400;\">Las instituciones escolares ordinarias no agotan toda la acci\u00f3n educativa. M\u00e1s all\u00e1 de ellas y junto a ellas est\u00e1 la educaci\u00f3n social y cultural de los adultos que no han recibido ni reciben una educaci\u00f3n regular, pero que quieren y deben recibirla. Esto plantea el problema de la educaci\u00f3n de adultos, que no hay que confundir con la meramente destinada a desterrar el analfabetismo.<\/span><\/p>\n<p><span style=\"font-weight: 400;\">Esa educaci\u00f3n de adultos comprende varios problemas:<\/span><\/p>\n<ol>\n<li><span style=\"font-weight: 400;\"> La educaci\u00f3n superior de aquellos que, sin haber seguido una ense\u00f1anza secundaria, tienen aspiraciones y condiciones para recibir la ense\u00f1anza universitaria y t\u00e9cnica superior. Es decir, el acceso a estas ense\u00f1anzas de obreros y empleados capacitados. Esto supone ciertas medidas para realizar una selecci\u00f3n acertada de los aspirantes que re\u00fanan las condiciones necesarias para ella.\u00a0<\/span><\/li>\n<li><span style=\"font-weight: 400;\"> La educaci\u00f3n de adultos mediante la organizaci\u00f3n de cursos monogr\u00e1ficos de car\u00e1cter cultural y t\u00e9cnico, a cargo de profesores universitarios y con la colaboraci\u00f3n de las organizaciones profesionales y sindicales, a cuyos miembros se dirige. Estos cursos son realmente de car\u00e1cter universitario y de ampliaci\u00f3n e investigaci\u00f3n y pueden comprender dos o tres a\u00f1os de estudio sobre temas concretos de la realidad social, t\u00e9cnica, econ\u00f3mica, etc\u00e9tera.<\/span><\/li>\n<li><span style=\"font-weight: 400;\"> La educaci\u00f3n social popular, llamada ex-tensi\u00f3n universitaria, tal como se viene practicando hace a\u00f1os en todos los pa\u00edses, y que se dirige a la divulgaci\u00f3n y popularizaci\u00f3n de la cultura. En esta labor, intervienen los estudiantes y los dem\u00e1s miembros del personal docente que no son universitarios.<\/span><\/li>\n<li><span style=\"font-weight: 400;\"> La educaci\u00f3n social propiamente dicha, que comprende organizaciones del tipo de la llamada educaci\u00f3n fundamental, las misiones pedag\u00f3gicas y culturales, los settlements o fundaciones sociales, todas las cuales se dirigen a elevar el nivel de vida y de cultura de los grupos humanos, urbanos y rurales, y que por tanto se refieren a la vida econ\u00f3mica, sanitaria, t\u00e9cnica, agr\u00edcola, etc., incluyendo tambi\u00e9n las manifestaciones culturales: m\u00fasica, teatro, bibliotecas, radio, cine, etc.\u00a0<\/span><\/li>\n<\/ol>\n<p><span style=\"font-weight: 400;\">Todo con cierto car\u00e1cter misional, de entrega a un trabajo duro y penoso, como un deber hacia la sociedad.5. Las comunidades de vida y educaci\u00f3n centradas en torno de las instituciones escolares, haciendo de ellas aut\u00e9nticas unidades de cultura, con la participaci\u00f3n de las familias y profesionales pr\u00f3ximos, con reuniones, conferencias, asistencia m\u00e9dica, etc.; todo ello en forma espont\u00e1nea y dirigida por los miembros del personal docente respectivo.<\/span><\/p>\n<p><span style=\"font-weight: 400;\">Esto nos lleva al problema de la relaci\u00f3n de la escuela con la sociedad, con los organismos locales y provinciales, y al problema de su relaci\u00f3n con las autoridades estatales. La escuela en todos sus grados debe ser, en efecto, un \u00f3rgano aut\u00f3nomo, con vida propia, y eludir que sea s\u00f3lo una pieza de la m\u00e1quina administrativa. Para ello se necesitan ciertas condiciones, a fin de evitar la intromisi\u00f3n de la pol\u00edtica en sus diversas manifestaciones. Pero no debe impedirse la libertad de acci\u00f3n de elementos sociales y profesionales para organizar la asistencia a la ense\u00f1anza. La escuela, todas las escuelas, han de tener autonom\u00eda, por medio de asociaciones de padres y maestros, de clubes sociales, etc., dentro del r\u00e9gimen general escolar.<\/span><\/p>","protected":false},"excerpt":{"rendered":"<p>Las instituciones escolares ordinarias no agotan toda la acci\u00f3n educativa. M\u00e1s all\u00e1 de ellas y junto a ellas est\u00e1 la educaci\u00f3n social y cultural de los adultos que no han recibido ni reciben una educaci\u00f3n regular, pero que quieren y deben recibirla. Esto plantea el problema de la educaci\u00f3n de adultos, que no hay que [&hellip;]<\/p>\n","protected":false},"author":2,"featured_media":254,"comment_status":"closed","ping_status":"closed","sticky":false,"template":"","format":"standard","meta":{"nf_dc_page":"","_jetpack_memberships_contains_paid_content":false,"footnotes":""},"categories":[9],"tags":[111,110],"class_list":["post-253","post","type-post","status-publish","format-standard","has-post-thumbnail","hentry","category-educacion","tag-educacion-local","tag-educacion-social"],"yoast_head":"<!-- This site is optimized with the Yoast SEO plugin v27.4 - https:\/\/yoast.com\/product\/yoast-seo-wordpress\/ -->\n<title>Educaci\u00f3n Social y Local - EducatesPilar.com<\/title>\n<meta name=\"robots\" content=\"index, follow, max-snippet:-1, max-image-preview:large, max-video-preview:-1\" \/>\n<link rel=\"canonical\" href=\"https:\/\/educatespilar.com\/en\/educacion-social-y-local\/\" \/>\n<meta property=\"og:locale\" content=\"en_US\" \/>\n<meta property=\"og:type\" content=\"article\" \/>\n<meta property=\"og:title\" content=\"Educaci\u00f3n Social y Local - EducatesPilar.com\" \/>\n<meta property=\"og:description\" content=\"Las instituciones escolares ordinarias no agotan toda la acci\u00f3n educativa. M\u00e1s all\u00e1 de ellas y junto a ellas est\u00e1 la educaci\u00f3n social y cultural de los adultos que no han recibido ni reciben una educaci\u00f3n regular, pero que quieren y deben recibirla. Esto plantea el problema de la educaci\u00f3n de adultos, que no hay que [&hellip;]\" \/>\n<meta property=\"og:url\" content=\"https:\/\/educatespilar.com\/en\/educacion-social-y-local\/\" \/>\n<meta property=\"og:site_name\" content=\"EducatesPilar.com\" \/>\n<meta property=\"article:published_time\" content=\"2025-12-03T07:09:22+00:00\" \/>\n<meta property=\"og:image\" content=\"https:\/\/i0.wp.com\/educatespilar.com\/wp-content\/uploads\/2025\/12\/family-garden-with-books-scaled.jpg?fit=2560%2C1707&ssl=1\" \/>\n\t<meta property=\"og:image:width\" content=\"2560\" \/>\n\t<meta property=\"og:image:height\" content=\"1707\" \/>\n\t<meta property=\"og:image:type\" content=\"image\/jpeg\" \/>\n<meta name=\"author\" content=\"educates\" \/>\n<meta name=\"twitter:card\" content=\"summary_large_image\" \/>\n<meta name=\"twitter:label1\" content=\"Written by\" \/>\n\t<meta name=\"twitter:data1\" content=\"educates\" \/>\n\t<meta name=\"twitter:label2\" content=\"Est. reading time\" \/>\n\t<meta name=\"twitter:data2\" content=\"3 minutes\" \/>\n<script type=\"application\/ld+json\" class=\"yoast-schema-graph\">{\"@context\":\"https:\\\/\\\/schema.org\",\"@graph\":[{\"@type\":\"Article\",\"@id\":\"https:\\\/\\\/educatespilar.com\\\/educacion-social-y-local\\\/#article\",\"isPartOf\":{\"@id\":\"https:\\\/\\\/educatespilar.com\\\/educacion-social-y-local\\\/\"},\"author\":{\"name\":\"educates\",\"@id\":\"https:\\\/\\\/tzs.pgq.temporary.site\\\/website_c18d3ae6\\\/#\\\/schema\\\/person\\\/655446504db2a404e6921d90ab7c0a0f\"},\"headline\":\"Educaci\u00f3n Social y Local\",\"datePublished\":\"2025-12-03T07:09:22+00:00\",\"mainEntityOfPage\":{\"@id\":\"https:\\\/\\\/educatespilar.com\\\/educacion-social-y-local\\\/\"},\"wordCount\":564,\"image\":{\"@id\":\"https:\\\/\\\/educatespilar.com\\\/educacion-social-y-local\\\/#primaryimage\"},\"thumbnailUrl\":\"https:\\\/\\\/i0.wp.com\\\/educatespilar.com\\\/wp-content\\\/uploads\\\/2025\\\/12\\\/family-garden-with-books-scaled.jpg?fit=2560%2C1707&ssl=1\",\"keywords\":[\"educaci\u00f3n local\",\"educaci\u00f3n social\"],\"articleSection\":[\"Educaci\u00f3n\"],\"inLanguage\":\"en-US\"},{\"@type\":\"WebPage\",\"@id\":\"https:\\\/\\\/educatespilar.com\\\/educacion-social-y-local\\\/\",\"url\":\"https:\\\/\\\/educatespilar.com\\\/educacion-social-y-local\\\/\",\"name\":\"Educaci\u00f3n Social y Local - EducatesPilar.com\",\"isPartOf\":{\"@id\":\"https:\\\/\\\/tzs.pgq.temporary.site\\\/website_c18d3ae6\\\/#website\"},\"primaryImageOfPage\":{\"@id\":\"https:\\\/\\\/educatespilar.com\\\/educacion-social-y-local\\\/#primaryimage\"},\"image\":{\"@id\":\"https:\\\/\\\/educatespilar.com\\\/educacion-social-y-local\\\/#primaryimage\"},\"thumbnailUrl\":\"https:\\\/\\\/i0.wp.com\\\/educatespilar.com\\\/wp-content\\\/uploads\\\/2025\\\/12\\\/family-garden-with-books-scaled.jpg?fit=2560%2C1707&ssl=1\",\"datePublished\":\"2025-12-03T07:09:22+00:00\",\"author\":{\"@id\":\"https:\\\/\\\/tzs.pgq.temporary.site\\\/website_c18d3ae6\\\/#\\\/schema\\\/person\\\/655446504db2a404e6921d90ab7c0a0f\"},\"breadcrumb\":{\"@id\":\"https:\\\/\\\/educatespilar.com\\\/educacion-social-y-local\\\/#breadcrumb\"},\"inLanguage\":\"en-US\",\"potentialAction\":[{\"@type\":\"ReadAction\",\"target\":[\"https:\\\/\\\/educatespilar.com\\\/educacion-social-y-local\\\/\"]}]},{\"@type\":\"ImageObject\",\"inLanguage\":\"en-US\",\"@id\":\"https:\\\/\\\/educatespilar.com\\\/educacion-social-y-local\\\/#primaryimage\",\"url\":\"https:\\\/\\\/i0.wp.com\\\/educatespilar.com\\\/wp-content\\\/uploads\\\/2025\\\/12\\\/family-garden-with-books-scaled.jpg?fit=2560%2C1707&ssl=1\",\"contentUrl\":\"https:\\\/\\\/i0.wp.com\\\/educatespilar.com\\\/wp-content\\\/uploads\\\/2025\\\/12\\\/family-garden-with-books-scaled.jpg?fit=2560%2C1707&ssl=1\",\"width\":2560,\"height\":1707},{\"@type\":\"BreadcrumbList\",\"@id\":\"https:\\\/\\\/educatespilar.com\\\/educacion-social-y-local\\\/#breadcrumb\",\"itemListElement\":[{\"@type\":\"ListItem\",\"position\":1,\"name\":\"Home\",\"item\":\"https:\\\/\\\/educatespilar.com\\\/\"},{\"@type\":\"ListItem\",\"position\":2,\"name\":\"Educaci\u00f3n Social y Local\"}]},{\"@type\":\"WebSite\",\"@id\":\"https:\\\/\\\/tzs.pgq.temporary.site\\\/website_c18d3ae6\\\/#website\",\"url\":\"https:\\\/\\\/tzs.pgq.temporary.site\\\/website_c18d3ae6\\\/\",\"name\":\"EducatesPilar.com\",\"description\":\"\",\"potentialAction\":[{\"@type\":\"SearchAction\",\"target\":{\"@type\":\"EntryPoint\",\"urlTemplate\":\"https:\\\/\\\/tzs.pgq.temporary.site\\\/website_c18d3ae6\\\/?s={search_term_string}\"},\"query-input\":{\"@type\":\"PropertyValueSpecification\",\"valueRequired\":true,\"valueName\":\"search_term_string\"}}],\"inLanguage\":\"en-US\"},{\"@type\":\"Person\",\"@id\":\"https:\\\/\\\/tzs.pgq.temporary.site\\\/website_c18d3ae6\\\/#\\\/schema\\\/person\\\/655446504db2a404e6921d90ab7c0a0f\",\"name\":\"educates\",\"image\":{\"@type\":\"ImageObject\",\"inLanguage\":\"en-US\",\"@id\":\"https:\\\/\\\/secure.gravatar.com\\\/avatar\\\/f1e844324149cf607705bdc3821ac52f5613382cc275e3a009bc73539c52a819?s=96&d=mm&r=g\",\"url\":\"https:\\\/\\\/secure.gravatar.com\\\/avatar\\\/f1e844324149cf607705bdc3821ac52f5613382cc275e3a009bc73539c52a819?s=96&d=mm&r=g\",\"contentUrl\":\"https:\\\/\\\/secure.gravatar.com\\\/avatar\\\/f1e844324149cf607705bdc3821ac52f5613382cc275e3a009bc73539c52a819?s=96&d=mm&r=g\",\"caption\":\"educates\"},\"url\":\"https:\\\/\\\/educatespilar.com\\\/en\\\/author\\\/educates\\\/\"}]}<\/script>\n<!-- \/ Yoast SEO plugin. -->","yoast_head_json":{"title":"Educaci\u00f3n Social y Local - EducatesPilar.com","robots":{"index":"index","follow":"follow","max-snippet":"max-snippet:-1","max-image-preview":"max-image-preview:large","max-video-preview":"max-video-preview:-1"},"canonical":"https:\/\/educatespilar.com\/en\/educacion-social-y-local\/","og_locale":"en_US","og_type":"article","og_title":"Educaci\u00f3n Social y Local - EducatesPilar.com","og_description":"Las instituciones escolares ordinarias no agotan toda la acci\u00f3n educativa. M\u00e1s all\u00e1 de ellas y junto a ellas est\u00e1 la educaci\u00f3n social y cultural de los adultos que no han recibido ni reciben una educaci\u00f3n regular, pero que quieren y deben recibirla. Esto plantea el problema de la educaci\u00f3n de adultos, que no hay que [&hellip;]","og_url":"https:\/\/educatespilar.com\/en\/educacion-social-y-local\/","og_site_name":"EducatesPilar.com","article_published_time":"2025-12-03T07:09:22+00:00","og_image":[{"width":2560,"height":1707,"url":"https:\/\/i0.wp.com\/educatespilar.com\/wp-content\/uploads\/2025\/12\/family-garden-with-books-scaled.jpg?fit=2560%2C1707&ssl=1","type":"image\/jpeg"}],"author":"educates","twitter_card":"summary_large_image","twitter_misc":{"Written by":"educates","Est. reading time":"3 minutes"},"schema":{"@context":"https:\/\/schema.org","@graph":[{"@type":"Article","@id":"https:\/\/educatespilar.com\/educacion-social-y-local\/#article","isPartOf":{"@id":"https:\/\/educatespilar.com\/educacion-social-y-local\/"},"author":{"name":"educates","@id":"https:\/\/tzs.pgq.temporary.site\/website_c18d3ae6\/#\/schema\/person\/655446504db2a404e6921d90ab7c0a0f"},"headline":"Educaci\u00f3n Social y Local","datePublished":"2025-12-03T07:09:22+00:00","mainEntityOfPage":{"@id":"https:\/\/educatespilar.com\/educacion-social-y-local\/"},"wordCount":564,"image":{"@id":"https:\/\/educatespilar.com\/educacion-social-y-local\/#primaryimage"},"thumbnailUrl":"https:\/\/i0.wp.com\/educatespilar.com\/wp-content\/uploads\/2025\/12\/family-garden-with-books-scaled.jpg?fit=2560%2C1707&ssl=1","keywords":["educaci\u00f3n local","educaci\u00f3n social"],"articleSection":["Educaci\u00f3n"],"inLanguage":"en-US"},{"@type":"WebPage","@id":"https:\/\/educatespilar.com\/educacion-social-y-local\/","url":"https:\/\/educatespilar.com\/educacion-social-y-local\/","name":"Educaci\u00f3n Social y Local - EducatesPilar.com","isPartOf":{"@id":"https:\/\/tzs.pgq.temporary.site\/website_c18d3ae6\/#website"},"primaryImageOfPage":{"@id":"https:\/\/educatespilar.com\/educacion-social-y-local\/#primaryimage"},"image":{"@id":"https:\/\/educatespilar.com\/educacion-social-y-local\/#primaryimage"},"thumbnailUrl":"https:\/\/i0.wp.com\/educatespilar.com\/wp-content\/uploads\/2025\/12\/family-garden-with-books-scaled.jpg?fit=2560%2C1707&ssl=1","datePublished":"2025-12-03T07:09:22+00:00","author":{"@id":"https:\/\/tzs.pgq.temporary.site\/website_c18d3ae6\/#\/schema\/person\/655446504db2a404e6921d90ab7c0a0f"},"breadcrumb":{"@id":"https:\/\/educatespilar.com\/educacion-social-y-local\/#breadcrumb"},"inLanguage":"en-US","potentialAction":[{"@type":"ReadAction","target":["https:\/\/educatespilar.com\/educacion-social-y-local\/"]}]},{"@type":"ImageObject","inLanguage":"en-US","@id":"https:\/\/educatespilar.com\/educacion-social-y-local\/#primaryimage","url":"https:\/\/i0.wp.com\/educatespilar.com\/wp-content\/uploads\/2025\/12\/family-garden-with-books-scaled.jpg?fit=2560%2C1707&ssl=1","contentUrl":"https:\/\/i0.wp.com\/educatespilar.com\/wp-content\/uploads\/2025\/12\/family-garden-with-books-scaled.jpg?fit=2560%2C1707&ssl=1","width":2560,"height":1707},{"@type":"BreadcrumbList","@id":"https:\/\/educatespilar.com\/educacion-social-y-local\/#breadcrumb","itemListElement":[{"@type":"ListItem","position":1,"name":"Home","item":"https:\/\/educatespilar.com\/"},{"@type":"ListItem","position":2,"name":"Educaci\u00f3n Social y Local"}]},{"@type":"WebSite","@id":"https:\/\/tzs.pgq.temporary.site\/website_c18d3ae6\/#website","url":"https:\/\/tzs.pgq.temporary.site\/website_c18d3ae6\/","name":"EducatesPilar.com","description":"","potentialAction":[{"@type":"SearchAction","target":{"@type":"EntryPoint","urlTemplate":"https:\/\/tzs.pgq.temporary.site\/website_c18d3ae6\/?s={search_term_string}"},"query-input":{"@type":"PropertyValueSpecification","valueRequired":true,"valueName":"search_term_string"}}],"inLanguage":"en-US"},{"@type":"Person","@id":"https:\/\/tzs.pgq.temporary.site\/website_c18d3ae6\/#\/schema\/person\/655446504db2a404e6921d90ab7c0a0f","name":"educates","image":{"@type":"ImageObject","inLanguage":"en-US","@id":"https:\/\/secure.gravatar.com\/avatar\/f1e844324149cf607705bdc3821ac52f5613382cc275e3a009bc73539c52a819?s=96&d=mm&r=g","url":"https:\/\/secure.gravatar.com\/avatar\/f1e844324149cf607705bdc3821ac52f5613382cc275e3a009bc73539c52a819?s=96&d=mm&r=g","contentUrl":"https:\/\/secure.gravatar.com\/avatar\/f1e844324149cf607705bdc3821ac52f5613382cc275e3a009bc73539c52a819?s=96&d=mm&r=g","caption":"educates"},"url":"https:\/\/educatespilar.com\/en\/author\/educates\/"}]}},"jetpack_featured_media_url":"https:\/\/i0.wp.com\/educatespilar.com\/wp-content\/uploads\/2025\/12\/family-garden-with-books-scaled.jpg?fit=2560%2C1707&ssl=1","jetpack_sharing_enabled":true,"_links":{"self":[{"href":"https:\/\/educatespilar.com\/en\/wp-json\/wp\/v2\/posts\/253","targetHints":{"allow":["GET"]}}],"collection":[{"href":"https:\/\/educatespilar.com\/en\/wp-json\/wp\/v2\/posts"}],"about":[{"href":"https:\/\/educatespilar.com\/en\/wp-json\/wp\/v2\/types\/post"}],"author":[{"embeddable":true,"href":"https:\/\/educatespilar.com\/en\/wp-json\/wp\/v2\/users\/2"}],"replies":[{"embeddable":true,"href":"https:\/\/educatespilar.com\/en\/wp-json\/wp\/v2\/comments?post=253"}],"version-history":[{"count":1,"href":"https:\/\/educatespilar.com\/en\/wp-json\/wp\/v2\/posts\/253\/revisions"}],"predecessor-version":[{"id":255,"href":"https:\/\/educatespilar.com\/en\/wp-json\/wp\/v2\/posts\/253\/revisions\/255"}],"wp:featuredmedia":[{"embeddable":true,"href":"https:\/\/educatespilar.com\/en\/wp-json\/wp\/v2\/media\/254"}],"wp:attachment":[{"href":"https:\/\/educatespilar.com\/en\/wp-json\/wp\/v2\/media?parent=253"}],"wp:term":[{"taxonomy":"category","embeddable":true,"href":"https:\/\/educatespilar.com\/en\/wp-json\/wp\/v2\/categories?post=253"},{"taxonomy":"post_tag","embeddable":true,"href":"https:\/\/educatespilar.com\/en\/wp-json\/wp\/v2\/tags?post=253"}],"curies":[{"name":"wp","href":"https:\/\/api.w.org\/{rel}","templated":true}]}}