{"id":230,"date":"2025-11-26T07:58:16","date_gmt":"2025-11-26T07:58:16","guid":{"rendered":"https:\/\/educatespilar.com\/?p=230"},"modified":"2025-11-25T20:58:54","modified_gmt":"2025-11-25T20:58:54","slug":"teoria-y-practica-de-la-educacion","status":"publish","type":"post","link":"https:\/\/educatespilar.com\/en\/teoria-y-practica-de-la-educacion\/","title":{"rendered":"Teor\u00eda y pr\u00e1ctica de la educaci\u00f3n"},"content":{"rendered":"<p><img data-recalc-dims=\"1\" decoding=\"async\" loading=\"lazy\" class=\"alignnone size-medium wp-image-231\" src=\"https:\/\/i0.wp.com\/educatespilar.com\/wp-content\/uploads\/2025\/11\/analysis-campus-friends-bonding-university-notes.jpg?resize=300%2C200&#038;ssl=1\" alt=\"\" width=\"300\" height=\"200\" srcset=\"https:\/\/i0.wp.com\/educatespilar.com\/wp-content\/uploads\/2025\/11\/analysis-campus-friends-bonding-university-notes-scaled.jpg?resize=300%2C200&amp;ssl=1 300w, https:\/\/i0.wp.com\/educatespilar.com\/wp-content\/uploads\/2025\/11\/analysis-campus-friends-bonding-university-notes-scaled.jpg?resize=1024%2C683&amp;ssl=1 1024w, https:\/\/i0.wp.com\/educatespilar.com\/wp-content\/uploads\/2025\/11\/analysis-campus-friends-bonding-university-notes-scaled.jpg?resize=768%2C512&amp;ssl=1 768w, https:\/\/i0.wp.com\/educatespilar.com\/wp-content\/uploads\/2025\/11\/analysis-campus-friends-bonding-university-notes-scaled.jpg?resize=1536%2C1024&amp;ssl=1 1536w, https:\/\/i0.wp.com\/educatespilar.com\/wp-content\/uploads\/2025\/11\/analysis-campus-friends-bonding-university-notes-scaled.jpg?resize=2048%2C1365&amp;ssl=1 2048w, https:\/\/i0.wp.com\/educatespilar.com\/wp-content\/uploads\/2025\/11\/analysis-campus-friends-bonding-university-notes-scaled.jpg?resize=18%2C12&amp;ssl=1 18w\" sizes=\"auto, (max-width: 300px) 100vw, 300px\" \/><\/p>\n<p><span style=\"font-weight: 400;\">Hemos dicho que, hacia fines del siglo XIX y comienzos del siglo XX, surgi\u00f3 en el horizonte de la cultura occidental la cuesti\u00f3n de la cientificidad de la educaci\u00f3n. Se\u00f1alamos tambi\u00e9n que, a nuestro modo de ver, la sociolog\u00eda positivista represent\u00f3 en la \u00e9poca el planteo m\u00e1s riguroso de la cuesti\u00f3n. No olvide el lector que, hasta fines del siglo XIX, la reflexi\u00f3n acerca de la educaci\u00f3n hab\u00eda sido patrimonio exclusivo de fil\u00f3sofos y pedagogos. Siguiendo una disciplinada divisi\u00f3n del trabajo intelectual, los fil\u00f3sofos sol\u00edan preocuparse por definir la naturaleza de la educaci\u00f3n, as\u00ed como sus fines, de acuerdo con la direcci\u00f3n que imprim\u00edan a la sociedad las clases dominantes, y, en ese sentido, afirmaban o negaban, seg\u00fan los casos, el poder de la educaci\u00f3n como instrumento para transformar la sociedad.\u00a0<\/span><\/p>\n<p><span style=\"font-weight: 400;\">Por su parte, los pedagogos aplicaban algunas nociones generales de la filosof\u00eda de su \u00e9poca a la elaboraci\u00f3n de normas para la educaci\u00f3n de los ni\u00f1os; con ello daban a sus reflexiones un tinte m\u00e1s pr\u00e1ctico, pero no se basaban en una concepci\u00f3n cient\u00edfica de la sociedad y de su funcionamiento. Antes bien, las doctrinas pedag\u00f3gicas anteriores al surgimiento de las ciencias del hombre tuvieron por lo general un car\u00e1cter marcadamente ut\u00f3pico. Pero, as\u00ed como en el curso de las grandes transformaciones econ\u00f3micas, sociales y pol\u00edticas que produjo el nacimiento y desarrollo del capitalismo en Europa occidental y en los Estados Unidos de Norteam\u00e9rica, los sistemas educativos sufrieron modificaciones que afectaron profunda-mente su naturaleza, tambi\u00e9n las doctrinas pedag\u00f3gicas experimentaron cambios significativos, a medida que -con el surgimiento de un enfoque cient\u00edfico de los fen\u00f3menos sociales- comenzaron a contar con una base de sustentaci\u00f3n te\u00f3rica m\u00e1s s\u00f3lida que en las \u00e9pocas precedentes. Sin embargo, la ciencia social s\u00f3lo empez\u00f3 a ocuparse sistem\u00e1ticamente de definir la naturaleza y funciones de la educaci\u00f3n en las primeras d\u00e9cadas del siglo XX.\u00a0<\/span><\/p>\n<p><span style=\"font-weight: 400;\">Como indicamos m\u00e1s arriba, los argumentos m\u00e1s rigurosos del positivismo acerca de la educaci\u00f3n se resumen en la obra de Emile Durkheim. Si bien el positivismo no es historicista, el car\u00e1cter hist\u00f3rico de la educaci\u00f3n se reventa en el an\u00e1lisis de Durkheim, quien critica a las definiciones corrientes de la educaci\u00f3n porque &#8220;Ellas parten des siguiente postulado: que hay una educaci\u00f3n ideal, perfecta, que vale indistintamente para todos los nombres; y es esa educaci\u00f3n universal y \u00fanica la que el te\u00f3rico trata de definir. Pero, para empezar, si se considera la historia, no se encuentra en ella nada que confirme semejante hip\u00f3tesis.\u00a0<\/span><\/p>\n<p><span style=\"font-weight: 400;\">La educaci\u00f3n ha variado infinitamente seg\u00fan las \u00e9pocas y seg\u00fan los pa\u00edses. Se\u00f1ala Durkheim que el examen comparativo de las diversas realidades hist\u00f3ricas a las que se aplic\u00f3 el concepto de educaci\u00f3n permite extraer los elementos comunes a los procesos educativos en cualquier sociedad hist\u00f3rica. As\u00ed, el \u00e1mbito de la ciencia de la educaci\u00f3n al menos desde el punto de vista de la sociolog\u00eda positivista de comienzos de siglo, es decir, describir y explicar la g\u00e9nesis y el funcionamiento de los sistemas educativos, queda claramente diferenciado del de la pedagog\u00eda. \u00c9sta no serla sino una teor\u00eda pr\u00e1ctica, que al igual que las teor\u00edas m\u00e9dicas, pol\u00edticas o estrat\u00e9gicas, utiliza los descubrimientos de la ciencia para dirigir la acci\u00f3n. En consecuencia, las dificultades con las que tropieza una teor\u00eda pr\u00e1ctica como la pedagog\u00eda surgen del car\u00e1cter embrionario de las ciencias sobre las que se funda: la sociolog\u00eda, para la determinaci\u00f3n de los or\u00edgenes y la orientaci\u00f3n general de los m\u00e9todos, y la psicolog\u00eda, para la selecci\u00f3n, en detalle de los procedimientos pedag\u00f3gicos.<\/span><\/p>\n<p><span style=\"font-weight: 400;\">El an\u00e1lisis de Durkheim pone en evidencia el car\u00e1cter social de los procesos y los sistemas educativos; m\u00e1s a\u00fan, al desarrollar las nociones de la funci\u00f3n homogeneizadora y la funci\u00f3n heterogeneizadora de la educaci\u00f3n, esta \u00faltima vinculada a la necesidad de perpetuar la divisi\u00f3n social y t\u00e9cnica del trabajo alude a la diferenciaci\u00f3n en castas, estratos o clases seg\u00fan la sociedad de que se trate, con lo cual se ve profundizado el concepto de la funci\u00f3n social de la educaci\u00f3n.\u00a0<\/span><\/p>\n<p><span style=\"font-weight: 400;\">Sin embargo, al pasar al plano del an\u00e1lisis de la regulaci\u00f3n de la sociedad, es decir, a la dimensi\u00f3n del ejercicio del poder, el car\u00e1cter social de \u00e9ste se disuelve, queda naturalizado, y por lo tanto, el poder constituido que regula entre otras cosas al sistema educativo-&#8220;natural&#8221; y autom\u00e1ticamente legitimado. &#8220;No cabe duda dice Durkheim-de que hacemos de la coacci\u00f3n la caracter\u00edstica de todo hecho social. S\u00f3lo que esta coacci\u00f3n no resulta de una maquinaci\u00f3n m\u00e1s o menos inteligente destinada a ocultar a los hombres las redes en las que ellos mismos se han apresado. Se debe simplemente a que el individuo se encuentra en presencia de una fuerza que lo domina, y ante la cual se inclina; pero esta fuerza es natural. No deriva de un arreglo convencional que la voluntad humana ha sobre agregado completamente a lo real. Surge de las entra\u00f1as de la realidad, es el producto necesario de causas dadas&#8221;.<\/span><\/p>","protected":false},"excerpt":{"rendered":"<p>Hemos dicho que, hacia fines del siglo XIX y comienzos del siglo XX, surgi\u00f3 en el horizonte de la cultura occidental la cuesti\u00f3n de la cientificidad de la educaci\u00f3n. Se\u00f1alamos tambi\u00e9n que, a nuestro modo de ver, la sociolog\u00eda positivista represent\u00f3 en la \u00e9poca el planteo m\u00e1s riguroso de la cuesti\u00f3n. No olvide el lector [&hellip;]<\/p>\n","protected":false},"author":2,"featured_media":231,"comment_status":"closed","ping_status":"closed","sticky":false,"template":"","format":"standard","meta":{"nf_dc_page":"","_jetpack_memberships_contains_paid_content":false,"footnotes":""},"categories":[9],"tags":[90],"class_list":["post-230","post","type-post","status-publish","format-standard","has-post-thumbnail","hentry","category-educacion","tag-practicas-de-educacion"],"yoast_head":"<!-- This site is optimized with the Yoast SEO plugin v27.4 - https:\/\/yoast.com\/product\/yoast-seo-wordpress\/ -->\n<title>Teor\u00eda y pr\u00e1ctica de la educaci\u00f3n - EducatesPilar.com<\/title>\n<meta name=\"robots\" content=\"index, follow, max-snippet:-1, max-image-preview:large, max-video-preview:-1\" \/>\n<link rel=\"canonical\" href=\"https:\/\/educatespilar.com\/en\/teoria-y-practica-de-la-educacion\/\" \/>\n<meta property=\"og:locale\" content=\"en_US\" \/>\n<meta property=\"og:type\" content=\"article\" \/>\n<meta property=\"og:title\" content=\"Teor\u00eda y pr\u00e1ctica de la educaci\u00f3n - EducatesPilar.com\" \/>\n<meta property=\"og:description\" content=\"Hemos dicho que, hacia fines del siglo XIX y comienzos del siglo XX, surgi\u00f3 en el horizonte de la cultura occidental la cuesti\u00f3n de la cientificidad de la educaci\u00f3n. Se\u00f1alamos tambi\u00e9n que, a nuestro modo de ver, la sociolog\u00eda positivista represent\u00f3 en la \u00e9poca el planteo m\u00e1s riguroso de la cuesti\u00f3n. No olvide el lector [&hellip;]\" \/>\n<meta property=\"og:url\" content=\"https:\/\/educatespilar.com\/en\/teoria-y-practica-de-la-educacion\/\" \/>\n<meta property=\"og:site_name\" content=\"EducatesPilar.com\" \/>\n<meta property=\"article:published_time\" content=\"2025-11-26T07:58:16+00:00\" \/>\n<meta property=\"og:image\" content=\"https:\/\/i0.wp.com\/educatespilar.com\/wp-content\/uploads\/2025\/11\/analysis-campus-friends-bonding-university-notes-scaled.jpg?fit=2560%2C1707&ssl=1\" \/>\n\t<meta property=\"og:image:width\" content=\"2560\" \/>\n\t<meta property=\"og:image:height\" content=\"1707\" \/>\n\t<meta property=\"og:image:type\" content=\"image\/jpeg\" \/>\n<meta name=\"author\" content=\"educates\" \/>\n<meta name=\"twitter:card\" content=\"summary_large_image\" \/>\n<meta name=\"twitter:label1\" content=\"Written by\" \/>\n\t<meta name=\"twitter:data1\" content=\"educates\" \/>\n\t<meta name=\"twitter:label2\" content=\"Est. reading time\" \/>\n\t<meta name=\"twitter:data2\" content=\"4 minutes\" \/>\n<script type=\"application\/ld+json\" class=\"yoast-schema-graph\">{\"@context\":\"https:\\\/\\\/schema.org\",\"@graph\":[{\"@type\":\"Article\",\"@id\":\"https:\\\/\\\/educatespilar.com\\\/teoria-y-practica-de-la-educacion\\\/#article\",\"isPartOf\":{\"@id\":\"https:\\\/\\\/educatespilar.com\\\/teoria-y-practica-de-la-educacion\\\/\"},\"author\":{\"name\":\"educates\",\"@id\":\"https:\\\/\\\/tzs.pgq.temporary.site\\\/website_c18d3ae6\\\/#\\\/schema\\\/person\\\/655446504db2a404e6921d90ab7c0a0f\"},\"headline\":\"Teor\u00eda y pr\u00e1ctica de la educaci\u00f3n\",\"datePublished\":\"2025-11-26T07:58:16+00:00\",\"mainEntityOfPage\":{\"@id\":\"https:\\\/\\\/educatespilar.com\\\/teoria-y-practica-de-la-educacion\\\/\"},\"wordCount\":937,\"image\":{\"@id\":\"https:\\\/\\\/educatespilar.com\\\/teoria-y-practica-de-la-educacion\\\/#primaryimage\"},\"thumbnailUrl\":\"https:\\\/\\\/i0.wp.com\\\/educatespilar.com\\\/wp-content\\\/uploads\\\/2025\\\/11\\\/analysis-campus-friends-bonding-university-notes-scaled.jpg?fit=2560%2C1707&ssl=1\",\"keywords\":[\"practicas de educacion\"],\"articleSection\":[\"Educaci\u00f3n\"],\"inLanguage\":\"en-US\"},{\"@type\":\"WebPage\",\"@id\":\"https:\\\/\\\/educatespilar.com\\\/teoria-y-practica-de-la-educacion\\\/\",\"url\":\"https:\\\/\\\/educatespilar.com\\\/teoria-y-practica-de-la-educacion\\\/\",\"name\":\"Teor\u00eda y pr\u00e1ctica de la educaci\u00f3n - EducatesPilar.com\",\"isPartOf\":{\"@id\":\"https:\\\/\\\/tzs.pgq.temporary.site\\\/website_c18d3ae6\\\/#website\"},\"primaryImageOfPage\":{\"@id\":\"https:\\\/\\\/educatespilar.com\\\/teoria-y-practica-de-la-educacion\\\/#primaryimage\"},\"image\":{\"@id\":\"https:\\\/\\\/educatespilar.com\\\/teoria-y-practica-de-la-educacion\\\/#primaryimage\"},\"thumbnailUrl\":\"https:\\\/\\\/i0.wp.com\\\/educatespilar.com\\\/wp-content\\\/uploads\\\/2025\\\/11\\\/analysis-campus-friends-bonding-university-notes-scaled.jpg?fit=2560%2C1707&ssl=1\",\"datePublished\":\"2025-11-26T07:58:16+00:00\",\"author\":{\"@id\":\"https:\\\/\\\/tzs.pgq.temporary.site\\\/website_c18d3ae6\\\/#\\\/schema\\\/person\\\/655446504db2a404e6921d90ab7c0a0f\"},\"breadcrumb\":{\"@id\":\"https:\\\/\\\/educatespilar.com\\\/teoria-y-practica-de-la-educacion\\\/#breadcrumb\"},\"inLanguage\":\"en-US\",\"potentialAction\":[{\"@type\":\"ReadAction\",\"target\":[\"https:\\\/\\\/educatespilar.com\\\/teoria-y-practica-de-la-educacion\\\/\"]}]},{\"@type\":\"ImageObject\",\"inLanguage\":\"en-US\",\"@id\":\"https:\\\/\\\/educatespilar.com\\\/teoria-y-practica-de-la-educacion\\\/#primaryimage\",\"url\":\"https:\\\/\\\/i0.wp.com\\\/educatespilar.com\\\/wp-content\\\/uploads\\\/2025\\\/11\\\/analysis-campus-friends-bonding-university-notes-scaled.jpg?fit=2560%2C1707&ssl=1\",\"contentUrl\":\"https:\\\/\\\/i0.wp.com\\\/educatespilar.com\\\/wp-content\\\/uploads\\\/2025\\\/11\\\/analysis-campus-friends-bonding-university-notes-scaled.jpg?fit=2560%2C1707&ssl=1\",\"width\":2560,\"height\":1707},{\"@type\":\"BreadcrumbList\",\"@id\":\"https:\\\/\\\/educatespilar.com\\\/teoria-y-practica-de-la-educacion\\\/#breadcrumb\",\"itemListElement\":[{\"@type\":\"ListItem\",\"position\":1,\"name\":\"Home\",\"item\":\"https:\\\/\\\/educatespilar.com\\\/\"},{\"@type\":\"ListItem\",\"position\":2,\"name\":\"Teor\u00eda y pr\u00e1ctica de la educaci\u00f3n\"}]},{\"@type\":\"WebSite\",\"@id\":\"https:\\\/\\\/tzs.pgq.temporary.site\\\/website_c18d3ae6\\\/#website\",\"url\":\"https:\\\/\\\/tzs.pgq.temporary.site\\\/website_c18d3ae6\\\/\",\"name\":\"EducatesPilar.com\",\"description\":\"\",\"potentialAction\":[{\"@type\":\"SearchAction\",\"target\":{\"@type\":\"EntryPoint\",\"urlTemplate\":\"https:\\\/\\\/tzs.pgq.temporary.site\\\/website_c18d3ae6\\\/?s={search_term_string}\"},\"query-input\":{\"@type\":\"PropertyValueSpecification\",\"valueRequired\":true,\"valueName\":\"search_term_string\"}}],\"inLanguage\":\"en-US\"},{\"@type\":\"Person\",\"@id\":\"https:\\\/\\\/tzs.pgq.temporary.site\\\/website_c18d3ae6\\\/#\\\/schema\\\/person\\\/655446504db2a404e6921d90ab7c0a0f\",\"name\":\"educates\",\"image\":{\"@type\":\"ImageObject\",\"inLanguage\":\"en-US\",\"@id\":\"https:\\\/\\\/secure.gravatar.com\\\/avatar\\\/f1e844324149cf607705bdc3821ac52f5613382cc275e3a009bc73539c52a819?s=96&d=mm&r=g\",\"url\":\"https:\\\/\\\/secure.gravatar.com\\\/avatar\\\/f1e844324149cf607705bdc3821ac52f5613382cc275e3a009bc73539c52a819?s=96&d=mm&r=g\",\"contentUrl\":\"https:\\\/\\\/secure.gravatar.com\\\/avatar\\\/f1e844324149cf607705bdc3821ac52f5613382cc275e3a009bc73539c52a819?s=96&d=mm&r=g\",\"caption\":\"educates\"},\"url\":\"https:\\\/\\\/educatespilar.com\\\/en\\\/author\\\/educates\\\/\"}]}<\/script>\n<!-- \/ Yoast SEO plugin. -->","yoast_head_json":{"title":"Teor\u00eda y pr\u00e1ctica de la educaci\u00f3n - EducatesPilar.com","robots":{"index":"index","follow":"follow","max-snippet":"max-snippet:-1","max-image-preview":"max-image-preview:large","max-video-preview":"max-video-preview:-1"},"canonical":"https:\/\/educatespilar.com\/en\/teoria-y-practica-de-la-educacion\/","og_locale":"en_US","og_type":"article","og_title":"Teor\u00eda y pr\u00e1ctica de la educaci\u00f3n - EducatesPilar.com","og_description":"Hemos dicho que, hacia fines del siglo XIX y comienzos del siglo XX, surgi\u00f3 en el horizonte de la cultura occidental la cuesti\u00f3n de la cientificidad de la educaci\u00f3n. Se\u00f1alamos tambi\u00e9n que, a nuestro modo de ver, la sociolog\u00eda positivista represent\u00f3 en la \u00e9poca el planteo m\u00e1s riguroso de la cuesti\u00f3n. No olvide el lector [&hellip;]","og_url":"https:\/\/educatespilar.com\/en\/teoria-y-practica-de-la-educacion\/","og_site_name":"EducatesPilar.com","article_published_time":"2025-11-26T07:58:16+00:00","og_image":[{"width":2560,"height":1707,"url":"https:\/\/i0.wp.com\/educatespilar.com\/wp-content\/uploads\/2025\/11\/analysis-campus-friends-bonding-university-notes-scaled.jpg?fit=2560%2C1707&ssl=1","type":"image\/jpeg"}],"author":"educates","twitter_card":"summary_large_image","twitter_misc":{"Written by":"educates","Est. reading time":"4 minutes"},"schema":{"@context":"https:\/\/schema.org","@graph":[{"@type":"Article","@id":"https:\/\/educatespilar.com\/teoria-y-practica-de-la-educacion\/#article","isPartOf":{"@id":"https:\/\/educatespilar.com\/teoria-y-practica-de-la-educacion\/"},"author":{"name":"educates","@id":"https:\/\/tzs.pgq.temporary.site\/website_c18d3ae6\/#\/schema\/person\/655446504db2a404e6921d90ab7c0a0f"},"headline":"Teor\u00eda y pr\u00e1ctica de la educaci\u00f3n","datePublished":"2025-11-26T07:58:16+00:00","mainEntityOfPage":{"@id":"https:\/\/educatespilar.com\/teoria-y-practica-de-la-educacion\/"},"wordCount":937,"image":{"@id":"https:\/\/educatespilar.com\/teoria-y-practica-de-la-educacion\/#primaryimage"},"thumbnailUrl":"https:\/\/i0.wp.com\/educatespilar.com\/wp-content\/uploads\/2025\/11\/analysis-campus-friends-bonding-university-notes-scaled.jpg?fit=2560%2C1707&ssl=1","keywords":["practicas de educacion"],"articleSection":["Educaci\u00f3n"],"inLanguage":"en-US"},{"@type":"WebPage","@id":"https:\/\/educatespilar.com\/teoria-y-practica-de-la-educacion\/","url":"https:\/\/educatespilar.com\/teoria-y-practica-de-la-educacion\/","name":"Teor\u00eda y pr\u00e1ctica de la educaci\u00f3n - EducatesPilar.com","isPartOf":{"@id":"https:\/\/tzs.pgq.temporary.site\/website_c18d3ae6\/#website"},"primaryImageOfPage":{"@id":"https:\/\/educatespilar.com\/teoria-y-practica-de-la-educacion\/#primaryimage"},"image":{"@id":"https:\/\/educatespilar.com\/teoria-y-practica-de-la-educacion\/#primaryimage"},"thumbnailUrl":"https:\/\/i0.wp.com\/educatespilar.com\/wp-content\/uploads\/2025\/11\/analysis-campus-friends-bonding-university-notes-scaled.jpg?fit=2560%2C1707&ssl=1","datePublished":"2025-11-26T07:58:16+00:00","author":{"@id":"https:\/\/tzs.pgq.temporary.site\/website_c18d3ae6\/#\/schema\/person\/655446504db2a404e6921d90ab7c0a0f"},"breadcrumb":{"@id":"https:\/\/educatespilar.com\/teoria-y-practica-de-la-educacion\/#breadcrumb"},"inLanguage":"en-US","potentialAction":[{"@type":"ReadAction","target":["https:\/\/educatespilar.com\/teoria-y-practica-de-la-educacion\/"]}]},{"@type":"ImageObject","inLanguage":"en-US","@id":"https:\/\/educatespilar.com\/teoria-y-practica-de-la-educacion\/#primaryimage","url":"https:\/\/i0.wp.com\/educatespilar.com\/wp-content\/uploads\/2025\/11\/analysis-campus-friends-bonding-university-notes-scaled.jpg?fit=2560%2C1707&ssl=1","contentUrl":"https:\/\/i0.wp.com\/educatespilar.com\/wp-content\/uploads\/2025\/11\/analysis-campus-friends-bonding-university-notes-scaled.jpg?fit=2560%2C1707&ssl=1","width":2560,"height":1707},{"@type":"BreadcrumbList","@id":"https:\/\/educatespilar.com\/teoria-y-practica-de-la-educacion\/#breadcrumb","itemListElement":[{"@type":"ListItem","position":1,"name":"Home","item":"https:\/\/educatespilar.com\/"},{"@type":"ListItem","position":2,"name":"Teor\u00eda y pr\u00e1ctica de la educaci\u00f3n"}]},{"@type":"WebSite","@id":"https:\/\/tzs.pgq.temporary.site\/website_c18d3ae6\/#website","url":"https:\/\/tzs.pgq.temporary.site\/website_c18d3ae6\/","name":"EducatesPilar.com","description":"","potentialAction":[{"@type":"SearchAction","target":{"@type":"EntryPoint","urlTemplate":"https:\/\/tzs.pgq.temporary.site\/website_c18d3ae6\/?s={search_term_string}"},"query-input":{"@type":"PropertyValueSpecification","valueRequired":true,"valueName":"search_term_string"}}],"inLanguage":"en-US"},{"@type":"Person","@id":"https:\/\/tzs.pgq.temporary.site\/website_c18d3ae6\/#\/schema\/person\/655446504db2a404e6921d90ab7c0a0f","name":"educates","image":{"@type":"ImageObject","inLanguage":"en-US","@id":"https:\/\/secure.gravatar.com\/avatar\/f1e844324149cf607705bdc3821ac52f5613382cc275e3a009bc73539c52a819?s=96&d=mm&r=g","url":"https:\/\/secure.gravatar.com\/avatar\/f1e844324149cf607705bdc3821ac52f5613382cc275e3a009bc73539c52a819?s=96&d=mm&r=g","contentUrl":"https:\/\/secure.gravatar.com\/avatar\/f1e844324149cf607705bdc3821ac52f5613382cc275e3a009bc73539c52a819?s=96&d=mm&r=g","caption":"educates"},"url":"https:\/\/educatespilar.com\/en\/author\/educates\/"}]}},"jetpack_featured_media_url":"https:\/\/i0.wp.com\/educatespilar.com\/wp-content\/uploads\/2025\/11\/analysis-campus-friends-bonding-university-notes-scaled.jpg?fit=2560%2C1707&ssl=1","jetpack_sharing_enabled":true,"_links":{"self":[{"href":"https:\/\/educatespilar.com\/en\/wp-json\/wp\/v2\/posts\/230","targetHints":{"allow":["GET"]}}],"collection":[{"href":"https:\/\/educatespilar.com\/en\/wp-json\/wp\/v2\/posts"}],"about":[{"href":"https:\/\/educatespilar.com\/en\/wp-json\/wp\/v2\/types\/post"}],"author":[{"embeddable":true,"href":"https:\/\/educatespilar.com\/en\/wp-json\/wp\/v2\/users\/2"}],"replies":[{"embeddable":true,"href":"https:\/\/educatespilar.com\/en\/wp-json\/wp\/v2\/comments?post=230"}],"version-history":[{"count":1,"href":"https:\/\/educatespilar.com\/en\/wp-json\/wp\/v2\/posts\/230\/revisions"}],"predecessor-version":[{"id":232,"href":"https:\/\/educatespilar.com\/en\/wp-json\/wp\/v2\/posts\/230\/revisions\/232"}],"wp:featuredmedia":[{"embeddable":true,"href":"https:\/\/educatespilar.com\/en\/wp-json\/wp\/v2\/media\/231"}],"wp:attachment":[{"href":"https:\/\/educatespilar.com\/en\/wp-json\/wp\/v2\/media?parent=230"}],"wp:term":[{"taxonomy":"category","embeddable":true,"href":"https:\/\/educatespilar.com\/en\/wp-json\/wp\/v2\/categories?post=230"},{"taxonomy":"post_tag","embeddable":true,"href":"https:\/\/educatespilar.com\/en\/wp-json\/wp\/v2\/tags?post=230"}],"curies":[{"name":"wp","href":"https:\/\/api.w.org\/{rel}","templated":true}]}}